{"id":93795,"date":"2022-11-11T08:53:36","date_gmt":"2022-11-11T11:53:36","guid":{"rendered":"https:\/\/www.informelitoral.com.ar\/?p=93795"},"modified":"2022-11-11T08:57:28","modified_gmt":"2022-11-11T11:57:28","slug":"llevaba-un-cuchillo-en-la-cintura-golpeo-a-un-policia-y-lo-detuvieron","status":"publish","type":"post","link":"https:\/\/informelitoral.com.ar\/llevaba-un-cuchillo-en-la-cintura-golpeo-a-un-policia-y-lo-detuvieron\/","title":{"rendered":"Paran\u00e1: Llevaba un cuchillo en la cintura, golpe\u00f3 a un polic\u00eda y lo detuvieron"},"content":{"rendered":"<p>Un joven fue detenido este viernes a la madrugada tras golpear a un polic\u00eda en Paran\u00e1. Desde la Fuerza de Seguridad informaron que \u201ca las 4:45, personal de Comisar\u00eda Segunda se encontraba de recorrida por calle Victoria, entre San Luis y La Rioja, cuando visualizaron a un ciudadano en forma peatonal, venir de atr\u00e1s de un \u00e1rbol, donde hab\u00eda poca iluminaci\u00f3n\u201d.<\/p>\n<p>Ante ello, lo identificaron y \u201cal realizarle el palpado de rigor por sobre sus prendas, localizaron en la zona de la cintura, m\u00e1s precisamente debajo de la pretina del pantal\u00f3n que vest\u00eda, un cuchillo, de acero inoxidable, empu\u00f1adura envuelta con un material tipo goma de color azul\u201d.<\/p>\n<p>Seg\u00fan el parte de la Departamental de Polic\u00eda de Paran\u00e1, \u201cen ese momento dicho sujeto de 26 a\u00f1os de edad, se torn\u00f3 violento hacia los funcionarios, con quienes comenz\u00f3 a forcejear. Ante la negativa de ser demorado golpe\u00f3 en el p\u00f3mulo derecho a una oficial, provoc\u00e1ndole lesiones leves\u201d.<\/p>\n<p>La Fiscal\u00eda en turno dispuso que sea detenido y trasladado a Alcaid\u00eda de Tribunales, por el delito de \u201cResistencia a la Autoridad\u201d. El arma blanca fue secuestrada.<\/p>\n","protected":false},"excerpt":{"rendered":"<p>\u201cSe torn\u00f3 violento hacia los funcionarios, con quienes comenz\u00f3 a forcejear. Ante la negativa de ser demorado golpe\u00f3 en el p\u00f3mulo derecho a una oficial, provoc\u00e1ndole lesiones leves\u201d, informaron desde la Polic\u00eda.<\/p>\n","protected":false},"author":8,"featured_media":24888,"comment_status":"open","ping_status":"open","sticky":false,"template":"","format":"standard","meta":{"fifu_image_url":"","fifu_image_alt":"","footnotes":""},"categories":[14],"tags":[307],"class_list":{"0":"post-93795","1":"post","2":"type-post","3":"status-publish","4":"format-standard","5":"has-post-thumbnail","7":"category-policiales","8":"tag-detenido"},"yoast_head":"<title>Paran\u00e1: Llevaba un cuchillo en la cintura, golpe\u00f3 a un polic\u00eda y lo detuvieron - Informe Litoral<\/title>\n<meta name=\"robots\" content=\"index, follow, max-snippet:-1, max-image-preview:large, max-video-preview:-1\" \/>\n<link rel=\"canonical\" href=\"https:\/\/informelitoral.com.ar\/llevaba-un-cuchillo-en-la-cintura-golpeo-a-un-policia-y-lo-detuvieron\/\" \/>\n<meta property=\"og:locale\" content=\"es_ES\" \/>\n<meta property=\"og:type\" content=\"article\" \/>\n<meta property=\"og:title\" content=\"Paran\u00e1: Llevaba un cuchillo en la cintura, golpe\u00f3 a un polic\u00eda y lo detuvieron - Informe Litoral\" \/>\n<meta property=\"og:description\" content=\"\u201cSe torn\u00f3 violento hacia los funcionarios, con quienes comenz\u00f3 a forcejear. Ante la negativa de ser demorado golpe\u00f3 en el p\u00f3mulo derecho a una oficial, provoc\u00e1ndole lesiones leves\u201d, informaron desde la Polic\u00eda.\" \/>\n<meta property=\"og:url\" content=\"https:\/\/informelitoral.com.ar\/llevaba-un-cuchillo-en-la-cintura-golpeo-a-un-policia-y-lo-detuvieron\/\" \/>\n<meta property=\"og:site_name\" content=\"Informe Litoral\" \/>\n<meta property=\"article:publisher\" content=\"https:\/\/www.facebook.com\/informelitoral\/\" \/>\n<meta property=\"article:published_time\" content=\"2022-11-11T11:53:36+00:00\" \/>\n<meta property=\"article:modified_time\" content=\"2022-11-11T11:57:28+00:00\" \/>\n<meta property=\"og:image\" content=\"https:\/\/informelitoral.com.ar\/%77%70%2d%63%6f%6e%74%65%6e%74\/uploads\/2018\/02\/policia-patrullero-768x506.jpg\" \/>\n\t<meta property=\"og:image:width\" content=\"768\" \/>\n\t<meta property=\"og:image:height\" content=\"506\" \/>\n\t<meta property=\"og:image:type\" content=\"image\/jpeg\" \/>\n<meta name=\"author\" content=\"Sebastian\" \/>\n<meta name=\"twitter:card\" content=\"summary_large_image\" \/>\n<meta name=\"twitter:creator\" content=\"@InformeLitoral\" \/>\n<meta name=\"twitter:site\" content=\"@InformeLitoral\" \/>\n<meta name=\"twitter:label1\" content=\"Escrito por\" \/>\n\t<meta name=\"twitter:data1\" content=\"Sebastian\" \/>\n\t<meta name=\"twitter:label2\" content=\"Tiempo de lectura\" \/>\n\t<meta name=\"twitter:data2\" content=\"1 minuto\" \/>\n<script type=\"application\/ld+json\" class=\"yoast-schema-graph\">{\"@context\":\"https:\\\/\\\/schema.org\",\"@graph\":[{\"@type\":\"Article\",\"@id\":\"https:\\\/\\\/informelitoral.com.ar\\\/llevaba-un-cuchillo-en-la-cintura-golpeo-a-un-policia-y-lo-detuvieron\\\/#article\",\"isPartOf\":{\"@id\":\"https:\\\/\\\/informelitoral.com.ar\\\/llevaba-un-cuchillo-en-la-cintura-golpeo-a-un-policia-y-lo-detuvieron\\\/\"},\"author\":{\"name\":\"Sebastian\",\"@id\":\"https:\\\/\\\/informelitoral.com.ar\\\/#\\\/schema\\\/person\\\/f05f9f461677119578717524b127d6d5\"},\"headline\":\"Paran\u00e1: Llevaba un cuchillo en la cintura, golpe\u00f3 a un polic\u00eda y lo detuvieron\",\"datePublished\":\"2022-11-11T11:53:36+00:00\",\"dateModified\":\"2022-11-11T11:57:28+00:00\",\"mainEntityOfPage\":{\"@id\":\"https:\\\/\\\/informelitoral.com.ar\\\/llevaba-un-cuchillo-en-la-cintura-golpeo-a-un-policia-y-lo-detuvieron\\\/\"},\"wordCount\":212,\"commentCount\":0,\"publisher\":{\"@id\":\"https:\\\/\\\/informelitoral.com.ar\\\/#organization\"},\"image\":{\"@id\":\"https:\\\/\\\/informelitoral.com.ar\\\/llevaba-un-cuchillo-en-la-cintura-golpeo-a-un-policia-y-lo-detuvieron\\\/#primaryimage\"},\"thumbnailUrl\":\"https:\\\/\\\/informelitoral.com.ar\\\/%77%70%2d%63%6f%6e%74%65%6e%74\\\/uploads\\\/2018\\\/02\\\/policia-patrullero-768x506.jpg\",\"keywords\":[\"Detenido\"],\"articleSection\":[\"Policiales\"],\"inLanguage\":\"es\",\"potentialAction\":[{\"@type\":\"CommentAction\",\"name\":\"Comment\",\"target\":[\"https:\\\/\\\/informelitoral.com.ar\\\/llevaba-un-cuchillo-en-la-cintura-golpeo-a-un-policia-y-lo-detuvieron\\\/#respond\"]}]},{\"@type\":\"WebPage\",\"@id\":\"https:\\\/\\\/informelitoral.com.ar\\\/llevaba-un-cuchillo-en-la-cintura-golpeo-a-un-policia-y-lo-detuvieron\\\/\",\"url\":\"https:\\\/\\\/informelitoral.com.ar\\\/llevaba-un-cuchillo-en-la-cintura-golpeo-a-un-policia-y-lo-detuvieron\\\/\",\"name\":\"Paran\u00e1: Llevaba un cuchillo en la cintura, golpe\u00f3 a un polic\u00eda y lo detuvieron - Informe Litoral\",\"isPartOf\":{\"@id\":\"https:\\\/\\\/informelitoral.com.ar\\\/#website\"},\"primaryImageOfPage\":{\"@id\":\"https:\\\/\\\/informelitoral.com.ar\\\/llevaba-un-cuchillo-en-la-cintura-golpeo-a-un-policia-y-lo-detuvieron\\\/#primaryimage\"},\"image\":{\"@id\":\"https:\\\/\\\/informelitoral.com.ar\\\/llevaba-un-cuchillo-en-la-cintura-golpeo-a-un-policia-y-lo-detuvieron\\\/#primaryimage\"},\"thumbnailUrl\":\"https:\\\/\\\/informelitoral.com.ar\\\/%77%70%2d%63%6f%6e%74%65%6e%74\\\/uploads\\\/2018\\\/02\\\/policia-patrullero-768x506.jpg\",\"datePublished\":\"2022-11-11T11:53:36+00:00\",\"dateModified\":\"2022-11-11T11:57:28+00:00\",\"breadcrumb\":{\"@id\":\"https:\\\/\\\/informelitoral.com.ar\\\/llevaba-un-cuchillo-en-la-cintura-golpeo-a-un-policia-y-lo-detuvieron\\\/#breadcrumb\"},\"inLanguage\":\"es\",\"potentialAction\":[{\"@type\":\"ReadAction\",\"target\":[\"https:\\\/\\\/informelitoral.com.ar\\\/llevaba-un-cuchillo-en-la-cintura-golpeo-a-un-policia-y-lo-detuvieron\\\/\"]}]},{\"@type\":\"ImageObject\",\"inLanguage\":\"es\",\"@id\":\"https:\\\/\\\/informelitoral.com.ar\\\/llevaba-un-cuchillo-en-la-cintura-golpeo-a-un-policia-y-lo-detuvieron\\\/#primaryimage\",\"url\":\"https:\\\/\\\/informelitoral.com.ar\\\/%77%70%2d%63%6f%6e%74%65%6e%74\\\/uploads\\\/2018\\\/02\\\/policia-patrullero-768x506.jpg\",\"contentUrl\":\"https:\\\/\\\/informelitoral.com.ar\\\/%77%70%2d%63%6f%6e%74%65%6e%74\\\/uploads\\\/2018\\\/02\\\/policia-patrullero-768x506.jpg\",\"width\":768,\"height\":506},{\"@type\":\"BreadcrumbList\",\"@id\":\"https:\\\/\\\/informelitoral.com.ar\\\/llevaba-un-cuchillo-en-la-cintura-golpeo-a-un-policia-y-lo-detuvieron\\\/#breadcrumb\",\"itemListElement\":[{\"@type\":\"ListItem\",\"position\":1,\"name\":\"Portada\",\"item\":\"https:\\\/\\\/informelitoral.com.ar\\\/\"},{\"@type\":\"ListItem\",\"position\":2,\"name\":\"Paran\u00e1: Llevaba un cuchillo en la cintura, golpe\u00f3 a un polic\u00eda y lo detuvieron\"}]},{\"@type\":\"WebSite\",\"@id\":\"https:\\\/\\\/informelitoral.com.ar\\\/#website\",\"url\":\"https:\\\/\\\/informelitoral.com.ar\\\/\",\"name\":\"Informe Litoral\",\"description\":\"&quot;Nos informamos&quot; \",\"publisher\":{\"@id\":\"https:\\\/\\\/informelitoral.com.ar\\\/#organization\"},\"potentialAction\":[{\"@type\":\"SearchAction\",\"target\":{\"@type\":\"EntryPoint\",\"urlTemplate\":\"https:\\\/\\\/informelitoral.com.ar\\\/?s={search_term_string}\"},\"query-input\":{\"@type\":\"PropertyValueSpecification\",\"valueRequired\":true,\"valueName\":\"search_term_string\"}}],\"inLanguage\":\"es\"},{\"@type\":\"Organization\",\"@id\":\"https:\\\/\\\/informelitoral.com.ar\\\/#organization\",\"name\":\"Informe Litoral\",\"url\":\"https:\\\/\\\/informelitoral.com.ar\\\/\",\"logo\":{\"@type\":\"ImageObject\",\"inLanguage\":\"es\",\"@id\":\"https:\\\/\\\/informelitoral.com.ar\\\/#\\\/schema\\\/logo\\\/image\\\/\",\"url\":\"https:\\\/\\\/informelitoral.com.ar\\\/%77%70%2d%63%6f%6e%74%65%6e%74\\\/uploads\\\/2021\\\/01\\\/circulo.png\",\"contentUrl\":\"https:\\\/\\\/informelitoral.com.ar\\\/%77%70%2d%63%6f%6e%74%65%6e%74\\\/uploads\\\/2021\\\/01\\\/circulo.png\",\"width\":723,\"height\":731,\"caption\":\"Informe Litoral\"},\"image\":{\"@id\":\"https:\\\/\\\/informelitoral.com.ar\\\/#\\\/schema\\\/logo\\\/image\\\/\"},\"sameAs\":[\"https:\\\/\\\/www.facebook.com\\\/informelitoral\\\/\",\"https:\\\/\\\/x.com\\\/InformeLitoral\",\"https:\\\/\\\/www.instagram.com\\\/informelitoral\\\/\",\"https:\\\/\\\/www.youtube.com\\\/channel\\\/UCua4Qvz8Icb6MYqhoq9xLXw\"]},{\"@type\":\"Person\",\"@id\":\"https:\\\/\\\/informelitoral.com.ar\\\/#\\\/schema\\\/person\\\/f05f9f461677119578717524b127d6d5\",\"name\":\"Sebastian\",\"image\":{\"@type\":\"ImageObject\",\"inLanguage\":\"es\",\"@id\":\"https:\\\/\\\/secure.gravatar.com\\\/avatar\\\/b71bf7481d447dfb9583c7f2798e7cc64de6efb9067b74633ed8c31059a3bd82?s=96&d=mm&r=g\",\"url\":\"https:\\\/\\\/secure.gravatar.com\\\/avatar\\\/b71bf7481d447dfb9583c7f2798e7cc64de6efb9067b74633ed8c31059a3bd82?s=96&d=mm&r=g\",\"contentUrl\":\"https:\\\/\\\/secure.gravatar.com\\\/avatar\\\/b71bf7481d447dfb9583c7f2798e7cc64de6efb9067b74633ed8c31059a3bd82?s=96&d=mm&r=g\",\"caption\":\"Sebastian\"},\"url\":\"https:\\\/\\\/informelitoral.com.ar\\\/author\\\/sebastian\\\/\"}]}<\/script>","yoast_head_json":{"title":"Paran\u00e1: Llevaba un cuchillo en la cintura, golpe\u00f3 a un polic\u00eda y lo detuvieron - Informe Litoral","robots":{"index":"index","follow":"follow","max-snippet":"max-snippet:-1","max-image-preview":"max-image-preview:large","max-video-preview":"max-video-preview:-1"},"canonical":"https:\/\/informelitoral.com.ar\/llevaba-un-cuchillo-en-la-cintura-golpeo-a-un-policia-y-lo-detuvieron\/","og_locale":"es_ES","og_type":"article","og_title":"Paran\u00e1: Llevaba un cuchillo en la cintura, golpe\u00f3 a un polic\u00eda y lo detuvieron - Informe Litoral","og_description":"\u201cSe torn\u00f3 violento hacia los funcionarios, con quienes comenz\u00f3 a forcejear. Ante la negativa de ser demorado golpe\u00f3 en el p\u00f3mulo derecho a una oficial, provoc\u00e1ndole lesiones leves\u201d, informaron desde la Polic\u00eda.","og_url":"https:\/\/informelitoral.com.ar\/llevaba-un-cuchillo-en-la-cintura-golpeo-a-un-policia-y-lo-detuvieron\/","og_site_name":"Informe Litoral","article_publisher":"https:\/\/www.facebook.com\/informelitoral\/","article_published_time":"2022-11-11T11:53:36+00:00","article_modified_time":"2022-11-11T11:57:28+00:00","og_image":[{"width":768,"height":506,"url":"https:\/\/informelitoral.com.ar\/%77%70%2d%63%6f%6e%74%65%6e%74\/uploads\/2018\/02\/policia-patrullero-768x506.jpg","type":"image\/jpeg"}],"author":"Sebastian","twitter_card":"summary_large_image","twitter_creator":"@InformeLitoral","twitter_site":"@InformeLitoral","twitter_misc":{"Escrito por":"Sebastian","Tiempo de lectura":"1 minuto"},"schema":{"@context":"https:\/\/schema.org","@graph":[{"@type":"Article","@id":"https:\/\/informelitoral.com.ar\/llevaba-un-cuchillo-en-la-cintura-golpeo-a-un-policia-y-lo-detuvieron\/#article","isPartOf":{"@id":"https:\/\/informelitoral.com.ar\/llevaba-un-cuchillo-en-la-cintura-golpeo-a-un-policia-y-lo-detuvieron\/"},"author":{"name":"Sebastian","@id":"https:\/\/informelitoral.com.ar\/#\/schema\/person\/f05f9f461677119578717524b127d6d5"},"headline":"Paran\u00e1: Llevaba un cuchillo en la cintura, golpe\u00f3 a un polic\u00eda y lo detuvieron","datePublished":"2022-11-11T11:53:36+00:00","dateModified":"2022-11-11T11:57:28+00:00","mainEntityOfPage":{"@id":"https:\/\/informelitoral.com.ar\/llevaba-un-cuchillo-en-la-cintura-golpeo-a-un-policia-y-lo-detuvieron\/"},"wordCount":212,"commentCount":0,"publisher":{"@id":"https:\/\/informelitoral.com.ar\/#organization"},"image":{"@id":"https:\/\/informelitoral.com.ar\/llevaba-un-cuchillo-en-la-cintura-golpeo-a-un-policia-y-lo-detuvieron\/#primaryimage"},"thumbnailUrl":"https:\/\/informelitoral.com.ar\/%77%70%2d%63%6f%6e%74%65%6e%74\/uploads\/2018\/02\/policia-patrullero-768x506.jpg","keywords":["Detenido"],"articleSection":["Policiales"],"inLanguage":"es","potentialAction":[{"@type":"CommentAction","name":"Comment","target":["https:\/\/informelitoral.com.ar\/llevaba-un-cuchillo-en-la-cintura-golpeo-a-un-policia-y-lo-detuvieron\/#respond"]}]},{"@type":"WebPage","@id":"https:\/\/informelitoral.com.ar\/llevaba-un-cuchillo-en-la-cintura-golpeo-a-un-policia-y-lo-detuvieron\/","url":"https:\/\/informelitoral.com.ar\/llevaba-un-cuchillo-en-la-cintura-golpeo-a-un-policia-y-lo-detuvieron\/","name":"Paran\u00e1: Llevaba un cuchillo en la cintura, golpe\u00f3 a un polic\u00eda y lo detuvieron - Informe Litoral","isPartOf":{"@id":"https:\/\/informelitoral.com.ar\/#website"},"primaryImageOfPage":{"@id":"https:\/\/informelitoral.com.ar\/llevaba-un-cuchillo-en-la-cintura-golpeo-a-un-policia-y-lo-detuvieron\/#primaryimage"},"image":{"@id":"https:\/\/informelitoral.com.ar\/llevaba-un-cuchillo-en-la-cintura-golpeo-a-un-policia-y-lo-detuvieron\/#primaryimage"},"thumbnailUrl":"https:\/\/informelitoral.com.ar\/%77%70%2d%63%6f%6e%74%65%6e%74\/uploads\/2018\/02\/policia-patrullero-768x506.jpg","datePublished":"2022-11-11T11:53:36+00:00","dateModified":"2022-11-11T11:57:28+00:00","breadcrumb":{"@id":"https:\/\/informelitoral.com.ar\/llevaba-un-cuchillo-en-la-cintura-golpeo-a-un-policia-y-lo-detuvieron\/#breadcrumb"},"inLanguage":"es","potentialAction":[{"@type":"ReadAction","target":["https:\/\/informelitoral.com.ar\/llevaba-un-cuchillo-en-la-cintura-golpeo-a-un-policia-y-lo-detuvieron\/"]}]},{"@type":"ImageObject","inLanguage":"es","@id":"https:\/\/informelitoral.com.ar\/llevaba-un-cuchillo-en-la-cintura-golpeo-a-un-policia-y-lo-detuvieron\/#primaryimage","url":"https:\/\/informelitoral.com.ar\/%77%70%2d%63%6f%6e%74%65%6e%74\/uploads\/2018\/02\/policia-patrullero-768x506.jpg","contentUrl":"https:\/\/informelitoral.com.ar\/%77%70%2d%63%6f%6e%74%65%6e%74\/uploads\/2018\/02\/policia-patrullero-768x506.jpg","width":768,"height":506},{"@type":"BreadcrumbList","@id":"https:\/\/informelitoral.com.ar\/llevaba-un-cuchillo-en-la-cintura-golpeo-a-un-policia-y-lo-detuvieron\/#breadcrumb","itemListElement":[{"@type":"ListItem","position":1,"name":"Portada","item":"https:\/\/informelitoral.com.ar\/"},{"@type":"ListItem","position":2,"name":"Paran\u00e1: Llevaba un cuchillo en la cintura, golpe\u00f3 a un polic\u00eda y lo detuvieron"}]},{"@type":"WebSite","@id":"https:\/\/informelitoral.com.ar\/#website","url":"https:\/\/informelitoral.com.ar\/","name":"Informe Litoral","description":"&quot;Nos informamos&quot; ","publisher":{"@id":"https:\/\/informelitoral.com.ar\/#organization"},"potentialAction":[{"@type":"SearchAction","target":{"@type":"EntryPoint","urlTemplate":"https:\/\/informelitoral.com.ar\/?s={search_term_string}"},"query-input":{"@type":"PropertyValueSpecification","valueRequired":true,"valueName":"search_term_string"}}],"inLanguage":"es"},{"@type":"Organization","@id":"https:\/\/informelitoral.com.ar\/#organization","name":"Informe Litoral","url":"https:\/\/informelitoral.com.ar\/","logo":{"@type":"ImageObject","inLanguage":"es","@id":"https:\/\/informelitoral.com.ar\/#\/schema\/logo\/image\/","url":"https:\/\/informelitoral.com.ar\/%77%70%2d%63%6f%6e%74%65%6e%74\/uploads\/2021\/01\/circulo.png","contentUrl":"https:\/\/informelitoral.com.ar\/%77%70%2d%63%6f%6e%74%65%6e%74\/uploads\/2021\/01\/circulo.png","width":723,"height":731,"caption":"Informe Litoral"},"image":{"@id":"https:\/\/informelitoral.com.ar\/#\/schema\/logo\/image\/"},"sameAs":["https:\/\/www.facebook.com\/informelitoral\/","https:\/\/x.com\/InformeLitoral","https:\/\/www.instagram.com\/informelitoral\/","https:\/\/www.youtube.com\/channel\/UCua4Qvz8Icb6MYqhoq9xLXw"]},{"@type":"Person","@id":"https:\/\/informelitoral.com.ar\/#\/schema\/person\/f05f9f461677119578717524b127d6d5","name":"Sebastian","image":{"@type":"ImageObject","inLanguage":"es","@id":"https:\/\/secure.gravatar.com\/avatar\/b71bf7481d447dfb9583c7f2798e7cc64de6efb9067b74633ed8c31059a3bd82?s=96&d=mm&r=g","url":"https:\/\/secure.gravatar.com\/avatar\/b71bf7481d447dfb9583c7f2798e7cc64de6efb9067b74633ed8c31059a3bd82?s=96&d=mm&r=g","contentUrl":"https:\/\/secure.gravatar.com\/avatar\/b71bf7481d447dfb9583c7f2798e7cc64de6efb9067b74633ed8c31059a3bd82?s=96&d=mm&r=g","caption":"Sebastian"},"url":"https:\/\/informelitoral.com.ar\/author\/sebastian\/"}]}},"_links":{"self":[{"href":"https:\/\/informelitoral.com.ar\/%77%70%2d%6a%73%6f%6e\/wp\/v2\/posts\/93795","targetHints":{"allow":["GET"]}}],"collection":[{"href":"https:\/\/informelitoral.com.ar\/%77%70%2d%6a%73%6f%6e\/wp\/v2\/posts"}],"about":[{"href":"https:\/\/informelitoral.com.ar\/%77%70%2d%6a%73%6f%6e\/wp\/v2\/types\/post"}],"author":[{"embeddable":true,"href":"https:\/\/informelitoral.com.ar\/%77%70%2d%6a%73%6f%6e\/wp\/v2\/users\/8"}],"replies":[{"embeddable":true,"href":"https:\/\/informelitoral.com.ar\/%77%70%2d%6a%73%6f%6e\/wp\/v2\/comments?post=93795"}],"version-history":[{"count":0,"href":"https:\/\/informelitoral.com.ar\/%77%70%2d%6a%73%6f%6e\/wp\/v2\/posts\/93795\/revisions"}],"wp:featuredmedia":[{"embeddable":true,"href":"https:\/\/informelitoral.com.ar\/%77%70%2d%6a%73%6f%6e\/wp\/v2\/media\/24888"}],"wp:attachment":[{"href":"https:\/\/informelitoral.com.ar\/%77%70%2d%6a%73%6f%6e\/wp\/v2\/media?parent=93795"}],"wp:term":[{"taxonomy":"category","embeddable":true,"href":"https:\/\/informelitoral.com.ar\/%77%70%2d%6a%73%6f%6e\/wp\/v2\/categories?post=93795"},{"taxonomy":"post_tag","embeddable":true,"href":"https:\/\/informelitoral.com.ar\/%77%70%2d%6a%73%6f%6e\/wp\/v2\/tags?post=93795"}],"curies":[{"name":"wp","href":"https:\/\/api.w.org\/{rel}","templated":true}]}}