{"id":93785,"date":"2022-11-11T07:50:41","date_gmt":"2022-11-11T10:50:41","guid":{"rendered":"https:\/\/www.informelitoral.com.ar\/?p=93785"},"modified":"2022-11-11T08:38:41","modified_gmt":"2022-11-11T11:38:41","slug":"en-la-provincia-el-gobierno-fortalece-las-politicas-de-economia-social","status":"publish","type":"post","link":"https:\/\/informelitoral.com.ar\/en-la-provincia-el-gobierno-fortalece-las-politicas-de-economia-social\/","title":{"rendered":"En la provincia el gobierno fortalece las pol\u00edticas de econom\u00eda social"},"content":{"rendered":"<p>Con la aprobaci\u00f3n por unanimidad de la C\u00e1mara de Diputados a ambas propuestas presentadas por el gobernador Gustavo Bordet, la provincia avanz\u00f3 en materia de econom\u00eda social. De esta manera se crea el R\u00e9gimen Provincial de Microcr\u00e9ditos, que tiene como punto central dejar de considerar al sujeto de la econom\u00eda social con una mirada de vulnerabilidad, para pasar a contemplar a todas las personas y grupos asociativos que buscan en su accionar la generaci\u00f3n de oportunidades y fomento de las relaciones de econom\u00eda, con perspectiva de derechos humanos, priorizando la dignidad ante cualquier fin de lucro.<\/p>\n<p>Tambi\u00e9n se incorpora la perspectiva del cuidado del ambiente, la econom\u00eda del cuidado y la equidad de g\u00e9nero como un eje constitutivo de las intervenciones. Del proceso participaron numerosas organizaciones y acompa\u00f1aron los equipos del Ministerio de Desarrollo Social.<\/p>\n<p>En ese sentido, el secretario de Econom\u00eda Social, Luis Precerutti, resalt\u00f3: \u201cEstos avances son muy importantes para el desarrollo de la econom\u00eda social en la provincia, fundamentalmente porque le van a dar un empuje a las pol\u00edticas p\u00fablicas que actualmente se est\u00e1n implementando. Con las modificaciones de la ley se sac\u00f3 al sujeto del lugar de vulnerabilidad social y se ubica a la persona por sobre el lucro y la perspectiva de los derechos humanos y la justicia social con respecto a la visi\u00f3n que tiene la econom\u00eda social. Esto incluye a todos los actores, emprendedores, cooperativas, grupos asociativos, clubes, ambientalistas, centros de salud y econom\u00eda del cuidado, que qued\u00f3 plasmada en la actualizaci\u00f3n\u201d.<\/p>\n<p>Asimismo, sobre las nuevas incorporaciones a la norma, el funcionario precis\u00f3: \u201cSe agrega la planificaci\u00f3n estrat\u00e9gica participativa en base al modelo productivo de Entre R\u00edos, como as\u00ed tambi\u00e9n la econom\u00eda del conocimiento e innovaci\u00f3n tecnol\u00f3gica. Adem\u00e1s, se plantea un proceso progresivo de que el 10 por ciento de las compras del Estado provengan de este sector\u201d.<\/p>\n<p><b>Sobre el R\u00e9gimen Provincial de Microcr\u00e9ditos<\/b><\/p>\n<p>La creaci\u00f3n del R\u00e9gimen Provincial de Microcr\u00e9ditos para el desarrollo de la Econom\u00eda Social tiene como objeto la promoci\u00f3n y regulaci\u00f3n del microcr\u00e9dito, a fin de estimular el desarrollo integral de los emprendimientos de la Econom\u00eda Social de la provincia. Adem\u00e1s, busca establecer mecanismos que agilicen las operatorias de microcr\u00e9ditos para dar respuestas eficaces a los tomadores de cr\u00e9dito, y su aplicaci\u00f3n estar\u00e1 a cargo de la Secretar\u00eda de la Econom\u00eda Social, dependiente de la cartera social.<\/p>\n<p>En ese sentido, Precerutti redonde\u00f3: \u201cPodr\u00e1 replicarse en todo el territorio este sistema de pr\u00e9stamos solidarios, que tiene un desarrollo muy rico en nuestra provincia\u201d.<\/p>\n","protected":false},"excerpt":{"rendered":"<p>Con la modificaci\u00f3n de la Ley de Econom\u00eda Social y la sanci\u00f3n del R\u00e9gimen de Microcr\u00e9ditos, la provincia contin\u00faa institucionalizando herramientas para acompa\u00f1ar e impulsar el emprendedurismo y las econom\u00edas solidarias en el territorio.<\/p>\n","protected":false},"author":8,"featured_media":93792,"comment_status":"open","ping_status":"open","sticky":false,"template":"","format":"standard","meta":{"fifu_image_url":"","fifu_image_alt":"","footnotes":""},"categories":[6],"tags":[],"class_list":{"0":"post-93785","1":"post","2":"type-post","3":"status-publish","4":"format-standard","5":"has-post-thumbnail","7":"category-entre-rios"},"yoast_head":"<title>En la provincia el gobierno fortalece las pol\u00edticas de econom\u00eda social - Informe Litoral<\/title>\n<meta name=\"robots\" content=\"index, follow, max-snippet:-1, max-image-preview:large, max-video-preview:-1\" \/>\n<link rel=\"canonical\" href=\"https:\/\/informelitoral.com.ar\/en-la-provincia-el-gobierno-fortalece-las-politicas-de-economia-social\/\" \/>\n<meta property=\"og:locale\" content=\"es_ES\" \/>\n<meta property=\"og:type\" content=\"article\" \/>\n<meta property=\"og:title\" content=\"En la provincia el gobierno fortalece las pol\u00edticas de econom\u00eda social - Informe Litoral\" \/>\n<meta property=\"og:description\" content=\"Con la modificaci\u00f3n de la Ley de Econom\u00eda Social y la sanci\u00f3n del R\u00e9gimen de Microcr\u00e9ditos, la provincia contin\u00faa institucionalizando herramientas para acompa\u00f1ar e impulsar el emprendedurismo y las econom\u00edas solidarias en el territorio.\" \/>\n<meta property=\"og:url\" content=\"https:\/\/informelitoral.com.ar\/en-la-provincia-el-gobierno-fortalece-las-politicas-de-economia-social\/\" \/>\n<meta property=\"og:site_name\" content=\"Informe Litoral\" \/>\n<meta property=\"article:publisher\" content=\"https:\/\/www.facebook.com\/informelitoral\/\" \/>\n<meta property=\"article:published_time\" content=\"2022-11-11T10:50:41+00:00\" \/>\n<meta property=\"article:modified_time\" content=\"2022-11-11T11:38:41+00:00\" \/>\n<meta property=\"og:image\" content=\"https:\/\/informelitoral.com.ar\/%77%70%2d%63%6f%6e%74%65%6e%74\/uploads\/2022\/11\/p_1668103068.jpg\" \/>\n\t<meta property=\"og:image:width\" content=\"1920\" \/>\n\t<meta property=\"og:image:height\" content=\"800\" \/>\n\t<meta property=\"og:image:type\" content=\"image\/jpeg\" \/>\n<meta name=\"author\" content=\"Sebastian\" \/>\n<meta name=\"twitter:card\" content=\"summary_large_image\" \/>\n<meta name=\"twitter:creator\" content=\"@InformeLitoral\" \/>\n<meta name=\"twitter:site\" content=\"@InformeLitoral\" \/>\n<meta name=\"twitter:label1\" content=\"Escrito por\" \/>\n\t<meta name=\"twitter:data1\" content=\"Sebastian\" \/>\n\t<meta name=\"twitter:label2\" content=\"Tiempo de lectura\" \/>\n\t<meta name=\"twitter:data2\" content=\"2 minutos\" \/>\n<script type=\"application\/ld+json\" class=\"yoast-schema-graph\">{\"@context\":\"https:\\\/\\\/schema.org\",\"@graph\":[{\"@type\":\"Article\",\"@id\":\"https:\\\/\\\/informelitoral.com.ar\\\/en-la-provincia-el-gobierno-fortalece-las-politicas-de-economia-social\\\/#article\",\"isPartOf\":{\"@id\":\"https:\\\/\\\/informelitoral.com.ar\\\/en-la-provincia-el-gobierno-fortalece-las-politicas-de-economia-social\\\/\"},\"author\":{\"name\":\"Sebastian\",\"@id\":\"https:\\\/\\\/informelitoral.com.ar\\\/#\\\/schema\\\/person\\\/f05f9f461677119578717524b127d6d5\"},\"headline\":\"En la provincia el gobierno fortalece las pol\u00edticas de econom\u00eda social\",\"datePublished\":\"2022-11-11T10:50:41+00:00\",\"dateModified\":\"2022-11-11T11:38:41+00:00\",\"mainEntityOfPage\":{\"@id\":\"https:\\\/\\\/informelitoral.com.ar\\\/en-la-provincia-el-gobierno-fortalece-las-politicas-de-economia-social\\\/\"},\"wordCount\":471,\"commentCount\":0,\"publisher\":{\"@id\":\"https:\\\/\\\/informelitoral.com.ar\\\/#organization\"},\"image\":{\"@id\":\"https:\\\/\\\/informelitoral.com.ar\\\/en-la-provincia-el-gobierno-fortalece-las-politicas-de-economia-social\\\/#primaryimage\"},\"thumbnailUrl\":\"https:\\\/\\\/informelitoral.com.ar\\\/%77%70%2d%63%6f%6e%74%65%6e%74\\\/uploads\\\/2022\\\/11\\\/p_1668103068.jpg\",\"articleSection\":[\"Entre R\u00edos\"],\"inLanguage\":\"es\",\"potentialAction\":[{\"@type\":\"CommentAction\",\"name\":\"Comment\",\"target\":[\"https:\\\/\\\/informelitoral.com.ar\\\/en-la-provincia-el-gobierno-fortalece-las-politicas-de-economia-social\\\/#respond\"]}]},{\"@type\":\"WebPage\",\"@id\":\"https:\\\/\\\/informelitoral.com.ar\\\/en-la-provincia-el-gobierno-fortalece-las-politicas-de-economia-social\\\/\",\"url\":\"https:\\\/\\\/informelitoral.com.ar\\\/en-la-provincia-el-gobierno-fortalece-las-politicas-de-economia-social\\\/\",\"name\":\"En la provincia el gobierno fortalece las pol\u00edticas de econom\u00eda social - Informe Litoral\",\"isPartOf\":{\"@id\":\"https:\\\/\\\/informelitoral.com.ar\\\/#website\"},\"primaryImageOfPage\":{\"@id\":\"https:\\\/\\\/informelitoral.com.ar\\\/en-la-provincia-el-gobierno-fortalece-las-politicas-de-economia-social\\\/#primaryimage\"},\"image\":{\"@id\":\"https:\\\/\\\/informelitoral.com.ar\\\/en-la-provincia-el-gobierno-fortalece-las-politicas-de-economia-social\\\/#primaryimage\"},\"thumbnailUrl\":\"https:\\\/\\\/informelitoral.com.ar\\\/%77%70%2d%63%6f%6e%74%65%6e%74\\\/uploads\\\/2022\\\/11\\\/p_1668103068.jpg\",\"datePublished\":\"2022-11-11T10:50:41+00:00\",\"dateModified\":\"2022-11-11T11:38:41+00:00\",\"breadcrumb\":{\"@id\":\"https:\\\/\\\/informelitoral.com.ar\\\/en-la-provincia-el-gobierno-fortalece-las-politicas-de-economia-social\\\/#breadcrumb\"},\"inLanguage\":\"es\",\"potentialAction\":[{\"@type\":\"ReadAction\",\"target\":[\"https:\\\/\\\/informelitoral.com.ar\\\/en-la-provincia-el-gobierno-fortalece-las-politicas-de-economia-social\\\/\"]}]},{\"@type\":\"ImageObject\",\"inLanguage\":\"es\",\"@id\":\"https:\\\/\\\/informelitoral.com.ar\\\/en-la-provincia-el-gobierno-fortalece-las-politicas-de-economia-social\\\/#primaryimage\",\"url\":\"https:\\\/\\\/informelitoral.com.ar\\\/%77%70%2d%63%6f%6e%74%65%6e%74\\\/uploads\\\/2022\\\/11\\\/p_1668103068.jpg\",\"contentUrl\":\"https:\\\/\\\/informelitoral.com.ar\\\/%77%70%2d%63%6f%6e%74%65%6e%74\\\/uploads\\\/2022\\\/11\\\/p_1668103068.jpg\",\"width\":1920,\"height\":800},{\"@type\":\"BreadcrumbList\",\"@id\":\"https:\\\/\\\/informelitoral.com.ar\\\/en-la-provincia-el-gobierno-fortalece-las-politicas-de-economia-social\\\/#breadcrumb\",\"itemListElement\":[{\"@type\":\"ListItem\",\"position\":1,\"name\":\"Portada\",\"item\":\"https:\\\/\\\/informelitoral.com.ar\\\/\"},{\"@type\":\"ListItem\",\"position\":2,\"name\":\"En la provincia el gobierno fortalece las pol\u00edticas de econom\u00eda social\"}]},{\"@type\":\"WebSite\",\"@id\":\"https:\\\/\\\/informelitoral.com.ar\\\/#website\",\"url\":\"https:\\\/\\\/informelitoral.com.ar\\\/\",\"name\":\"Informe Litoral\",\"description\":\"&quot;Nos informamos&quot; \",\"publisher\":{\"@id\":\"https:\\\/\\\/informelitoral.com.ar\\\/#organization\"},\"potentialAction\":[{\"@type\":\"SearchAction\",\"target\":{\"@type\":\"EntryPoint\",\"urlTemplate\":\"https:\\\/\\\/informelitoral.com.ar\\\/?s={search_term_string}\"},\"query-input\":{\"@type\":\"PropertyValueSpecification\",\"valueRequired\":true,\"valueName\":\"search_term_string\"}}],\"inLanguage\":\"es\"},{\"@type\":\"Organization\",\"@id\":\"https:\\\/\\\/informelitoral.com.ar\\\/#organization\",\"name\":\"Informe Litoral\",\"url\":\"https:\\\/\\\/informelitoral.com.ar\\\/\",\"logo\":{\"@type\":\"ImageObject\",\"inLanguage\":\"es\",\"@id\":\"https:\\\/\\\/informelitoral.com.ar\\\/#\\\/schema\\\/logo\\\/image\\\/\",\"url\":\"https:\\\/\\\/informelitoral.com.ar\\\/%77%70%2d%63%6f%6e%74%65%6e%74\\\/uploads\\\/2021\\\/01\\\/circulo.png\",\"contentUrl\":\"https:\\\/\\\/informelitoral.com.ar\\\/%77%70%2d%63%6f%6e%74%65%6e%74\\\/uploads\\\/2021\\\/01\\\/circulo.png\",\"width\":723,\"height\":731,\"caption\":\"Informe Litoral\"},\"image\":{\"@id\":\"https:\\\/\\\/informelitoral.com.ar\\\/#\\\/schema\\\/logo\\\/image\\\/\"},\"sameAs\":[\"https:\\\/\\\/www.facebook.com\\\/informelitoral\\\/\",\"https:\\\/\\\/x.com\\\/InformeLitoral\",\"https:\\\/\\\/www.instagram.com\\\/informelitoral\\\/\",\"https:\\\/\\\/www.youtube.com\\\/channel\\\/UCua4Qvz8Icb6MYqhoq9xLXw\"]},{\"@type\":\"Person\",\"@id\":\"https:\\\/\\\/informelitoral.com.ar\\\/#\\\/schema\\\/person\\\/f05f9f461677119578717524b127d6d5\",\"name\":\"Sebastian\",\"image\":{\"@type\":\"ImageObject\",\"inLanguage\":\"es\",\"@id\":\"https:\\\/\\\/secure.gravatar.com\\\/avatar\\\/b71bf7481d447dfb9583c7f2798e7cc64de6efb9067b74633ed8c31059a3bd82?s=96&d=mm&r=g\",\"url\":\"https:\\\/\\\/secure.gravatar.com\\\/avatar\\\/b71bf7481d447dfb9583c7f2798e7cc64de6efb9067b74633ed8c31059a3bd82?s=96&d=mm&r=g\",\"contentUrl\":\"https:\\\/\\\/secure.gravatar.com\\\/avatar\\\/b71bf7481d447dfb9583c7f2798e7cc64de6efb9067b74633ed8c31059a3bd82?s=96&d=mm&r=g\",\"caption\":\"Sebastian\"},\"url\":\"https:\\\/\\\/informelitoral.com.ar\\\/author\\\/sebastian\\\/\"}]}<\/script>","yoast_head_json":{"title":"En la provincia el gobierno fortalece las pol\u00edticas de econom\u00eda social - Informe Litoral","robots":{"index":"index","follow":"follow","max-snippet":"max-snippet:-1","max-image-preview":"max-image-preview:large","max-video-preview":"max-video-preview:-1"},"canonical":"https:\/\/informelitoral.com.ar\/en-la-provincia-el-gobierno-fortalece-las-politicas-de-economia-social\/","og_locale":"es_ES","og_type":"article","og_title":"En la provincia el gobierno fortalece las pol\u00edticas de econom\u00eda social - Informe Litoral","og_description":"Con la modificaci\u00f3n de la Ley de Econom\u00eda Social y la sanci\u00f3n del R\u00e9gimen de Microcr\u00e9ditos, la provincia contin\u00faa institucionalizando herramientas para acompa\u00f1ar e impulsar el emprendedurismo y las econom\u00edas solidarias en el territorio.","og_url":"https:\/\/informelitoral.com.ar\/en-la-provincia-el-gobierno-fortalece-las-politicas-de-economia-social\/","og_site_name":"Informe Litoral","article_publisher":"https:\/\/www.facebook.com\/informelitoral\/","article_published_time":"2022-11-11T10:50:41+00:00","article_modified_time":"2022-11-11T11:38:41+00:00","og_image":[{"width":1920,"height":800,"url":"https:\/\/informelitoral.com.ar\/%77%70%2d%63%6f%6e%74%65%6e%74\/uploads\/2022\/11\/p_1668103068.jpg","type":"image\/jpeg"}],"author":"Sebastian","twitter_card":"summary_large_image","twitter_creator":"@InformeLitoral","twitter_site":"@InformeLitoral","twitter_misc":{"Escrito por":"Sebastian","Tiempo de lectura":"2 minutos"},"schema":{"@context":"https:\/\/schema.org","@graph":[{"@type":"Article","@id":"https:\/\/informelitoral.com.ar\/en-la-provincia-el-gobierno-fortalece-las-politicas-de-economia-social\/#article","isPartOf":{"@id":"https:\/\/informelitoral.com.ar\/en-la-provincia-el-gobierno-fortalece-las-politicas-de-economia-social\/"},"author":{"name":"Sebastian","@id":"https:\/\/informelitoral.com.ar\/#\/schema\/person\/f05f9f461677119578717524b127d6d5"},"headline":"En la provincia el gobierno fortalece las pol\u00edticas de econom\u00eda social","datePublished":"2022-11-11T10:50:41+00:00","dateModified":"2022-11-11T11:38:41+00:00","mainEntityOfPage":{"@id":"https:\/\/informelitoral.com.ar\/en-la-provincia-el-gobierno-fortalece-las-politicas-de-economia-social\/"},"wordCount":471,"commentCount":0,"publisher":{"@id":"https:\/\/informelitoral.com.ar\/#organization"},"image":{"@id":"https:\/\/informelitoral.com.ar\/en-la-provincia-el-gobierno-fortalece-las-politicas-de-economia-social\/#primaryimage"},"thumbnailUrl":"https:\/\/informelitoral.com.ar\/%77%70%2d%63%6f%6e%74%65%6e%74\/uploads\/2022\/11\/p_1668103068.jpg","articleSection":["Entre R\u00edos"],"inLanguage":"es","potentialAction":[{"@type":"CommentAction","name":"Comment","target":["https:\/\/informelitoral.com.ar\/en-la-provincia-el-gobierno-fortalece-las-politicas-de-economia-social\/#respond"]}]},{"@type":"WebPage","@id":"https:\/\/informelitoral.com.ar\/en-la-provincia-el-gobierno-fortalece-las-politicas-de-economia-social\/","url":"https:\/\/informelitoral.com.ar\/en-la-provincia-el-gobierno-fortalece-las-politicas-de-economia-social\/","name":"En la provincia el gobierno fortalece las pol\u00edticas de econom\u00eda social - Informe Litoral","isPartOf":{"@id":"https:\/\/informelitoral.com.ar\/#website"},"primaryImageOfPage":{"@id":"https:\/\/informelitoral.com.ar\/en-la-provincia-el-gobierno-fortalece-las-politicas-de-economia-social\/#primaryimage"},"image":{"@id":"https:\/\/informelitoral.com.ar\/en-la-provincia-el-gobierno-fortalece-las-politicas-de-economia-social\/#primaryimage"},"thumbnailUrl":"https:\/\/informelitoral.com.ar\/%77%70%2d%63%6f%6e%74%65%6e%74\/uploads\/2022\/11\/p_1668103068.jpg","datePublished":"2022-11-11T10:50:41+00:00","dateModified":"2022-11-11T11:38:41+00:00","breadcrumb":{"@id":"https:\/\/informelitoral.com.ar\/en-la-provincia-el-gobierno-fortalece-las-politicas-de-economia-social\/#breadcrumb"},"inLanguage":"es","potentialAction":[{"@type":"ReadAction","target":["https:\/\/informelitoral.com.ar\/en-la-provincia-el-gobierno-fortalece-las-politicas-de-economia-social\/"]}]},{"@type":"ImageObject","inLanguage":"es","@id":"https:\/\/informelitoral.com.ar\/en-la-provincia-el-gobierno-fortalece-las-politicas-de-economia-social\/#primaryimage","url":"https:\/\/informelitoral.com.ar\/%77%70%2d%63%6f%6e%74%65%6e%74\/uploads\/2022\/11\/p_1668103068.jpg","contentUrl":"https:\/\/informelitoral.com.ar\/%77%70%2d%63%6f%6e%74%65%6e%74\/uploads\/2022\/11\/p_1668103068.jpg","width":1920,"height":800},{"@type":"BreadcrumbList","@id":"https:\/\/informelitoral.com.ar\/en-la-provincia-el-gobierno-fortalece-las-politicas-de-economia-social\/#breadcrumb","itemListElement":[{"@type":"ListItem","position":1,"name":"Portada","item":"https:\/\/informelitoral.com.ar\/"},{"@type":"ListItem","position":2,"name":"En la provincia el gobierno fortalece las pol\u00edticas de econom\u00eda social"}]},{"@type":"WebSite","@id":"https:\/\/informelitoral.com.ar\/#website","url":"https:\/\/informelitoral.com.ar\/","name":"Informe Litoral","description":"&quot;Nos informamos&quot; ","publisher":{"@id":"https:\/\/informelitoral.com.ar\/#organization"},"potentialAction":[{"@type":"SearchAction","target":{"@type":"EntryPoint","urlTemplate":"https:\/\/informelitoral.com.ar\/?s={search_term_string}"},"query-input":{"@type":"PropertyValueSpecification","valueRequired":true,"valueName":"search_term_string"}}],"inLanguage":"es"},{"@type":"Organization","@id":"https:\/\/informelitoral.com.ar\/#organization","name":"Informe Litoral","url":"https:\/\/informelitoral.com.ar\/","logo":{"@type":"ImageObject","inLanguage":"es","@id":"https:\/\/informelitoral.com.ar\/#\/schema\/logo\/image\/","url":"https:\/\/informelitoral.com.ar\/%77%70%2d%63%6f%6e%74%65%6e%74\/uploads\/2021\/01\/circulo.png","contentUrl":"https:\/\/informelitoral.com.ar\/%77%70%2d%63%6f%6e%74%65%6e%74\/uploads\/2021\/01\/circulo.png","width":723,"height":731,"caption":"Informe Litoral"},"image":{"@id":"https:\/\/informelitoral.com.ar\/#\/schema\/logo\/image\/"},"sameAs":["https:\/\/www.facebook.com\/informelitoral\/","https:\/\/x.com\/InformeLitoral","https:\/\/www.instagram.com\/informelitoral\/","https:\/\/www.youtube.com\/channel\/UCua4Qvz8Icb6MYqhoq9xLXw"]},{"@type":"Person","@id":"https:\/\/informelitoral.com.ar\/#\/schema\/person\/f05f9f461677119578717524b127d6d5","name":"Sebastian","image":{"@type":"ImageObject","inLanguage":"es","@id":"https:\/\/secure.gravatar.com\/avatar\/b71bf7481d447dfb9583c7f2798e7cc64de6efb9067b74633ed8c31059a3bd82?s=96&d=mm&r=g","url":"https:\/\/secure.gravatar.com\/avatar\/b71bf7481d447dfb9583c7f2798e7cc64de6efb9067b74633ed8c31059a3bd82?s=96&d=mm&r=g","contentUrl":"https:\/\/secure.gravatar.com\/avatar\/b71bf7481d447dfb9583c7f2798e7cc64de6efb9067b74633ed8c31059a3bd82?s=96&d=mm&r=g","caption":"Sebastian"},"url":"https:\/\/informelitoral.com.ar\/author\/sebastian\/"}]}},"_links":{"self":[{"href":"https:\/\/informelitoral.com.ar\/%77%70%2d%6a%73%6f%6e\/wp\/v2\/posts\/93785","targetHints":{"allow":["GET"]}}],"collection":[{"href":"https:\/\/informelitoral.com.ar\/%77%70%2d%6a%73%6f%6e\/wp\/v2\/posts"}],"about":[{"href":"https:\/\/informelitoral.com.ar\/%77%70%2d%6a%73%6f%6e\/wp\/v2\/types\/post"}],"author":[{"embeddable":true,"href":"https:\/\/informelitoral.com.ar\/%77%70%2d%6a%73%6f%6e\/wp\/v2\/users\/8"}],"replies":[{"embeddable":true,"href":"https:\/\/informelitoral.com.ar\/%77%70%2d%6a%73%6f%6e\/wp\/v2\/comments?post=93785"}],"version-history":[{"count":0,"href":"https:\/\/informelitoral.com.ar\/%77%70%2d%6a%73%6f%6e\/wp\/v2\/posts\/93785\/revisions"}],"wp:featuredmedia":[{"embeddable":true,"href":"https:\/\/informelitoral.com.ar\/%77%70%2d%6a%73%6f%6e\/wp\/v2\/media\/93792"}],"wp:attachment":[{"href":"https:\/\/informelitoral.com.ar\/%77%70%2d%6a%73%6f%6e\/wp\/v2\/media?parent=93785"}],"wp:term":[{"taxonomy":"category","embeddable":true,"href":"https:\/\/informelitoral.com.ar\/%77%70%2d%6a%73%6f%6e\/wp\/v2\/categories?post=93785"},{"taxonomy":"post_tag","embeddable":true,"href":"https:\/\/informelitoral.com.ar\/%77%70%2d%6a%73%6f%6e\/wp\/v2\/tags?post=93785"}],"curies":[{"name":"wp","href":"https:\/\/api.w.org\/{rel}","templated":true}]}}