{"id":93707,"date":"2022-11-10T11:36:11","date_gmt":"2022-11-10T14:36:11","guid":{"rendered":"https:\/\/www.informelitoral.com.ar\/?p=93707"},"modified":"2022-11-10T11:42:50","modified_gmt":"2022-11-10T14:42:50","slug":"el-gobierno-suspendera-a-beneficiarios-del-potenciar-trabajo-que-hayan-comprado-dolares-o-tengan-bienes-personales","status":"publish","type":"post","link":"https:\/\/informelitoral.com.ar\/el-gobierno-suspendera-a-beneficiarios-del-potenciar-trabajo-que-hayan-comprado-dolares-o-tengan-bienes-personales\/","title":{"rendered":"El Gobierno suspender\u00e1 a beneficiarios del Potenciar Trabajo que hayan comprado d\u00f3lares o tengan Bienes Personales"},"content":{"rendered":"<p>Las declaraciones de la cartera tuvieron lugar despu\u00e9s de que se diera a conocer que unos 250.000 beneficiarios habr\u00edan comprado la divisa norteamericana o declarado Bienes Personales. El dato surgi\u00f3 de la Administraci\u00f3n Federal de Ingresos P\u00fablicos (AFIP), tras un informe solicitado el 30 de junio por el entonces ministro, Juan Zabaleta.<br \/>\nEsto surgi\u00f3 mientras el Gobierno de Alberto Fern\u00e1ndez anunciaba una fuerte revisi\u00f3n de los planes sociales, para controlar mejor los gastos del Estado. El pedido de informes se contest\u00f3 el 24 de octubre, y ahora el Ministerio espera poder identificar a todos los ciudadanos incluidos en este cuestionado universo de beneficiarios irregulares.<br \/>\nEn concreto, de los 1,3 millones de inscriptos, 253.184 -el 18,30%- hicieron declaraciones juradas de Bienes Personales, mientras que 35.398 -2,56%-, habr\u00edan adquirido d\u00f3lares en los \u00faltimos seis meses. As\u00ed, todos ellos podr\u00eda ser expulsados a la brevedad.<br \/>\nEl Ministerio de Desarrollo Social gasta casi la mitad de su presupuesto anual en el Potenciar Trabajo<br \/>\n\u00abLa informaci\u00f3n es todav\u00eda estad\u00edstica, no permite encontrar la nominalidad de esos datos\u00bb, detall\u00f3 Desarrollo Social. Con ese marco, anticiparon que se pondr\u00e1 mayor atenci\u00f3n en trabajar de modo articulado con el Ministerio de Trabajo, la AFIP y el Sistema de Identificaci\u00f3n Nacional Tributario y Social (SINTyS), para entrecruzar datos.<br \/>\n\u00abEl Potenciar Trabajo es una pol\u00edtica muy importante, conlleva una erogaci\u00f3n presupuestaria de casi el 50% del presupuesto nacional anual de este Ministerio\u00bb, a\u00f1adieron en una conferencia de prensa. Ahora, se est\u00e1n entrecruzando los datos de la \u00faltima liquidaci\u00f3n del programa para identificar las inconsistencias entre los receptores.<br \/>\n\u00abEs parte del trabajo que estamos haciendo a la hora de tener certezas del universo que hoy recibe el Potenciar Trabajo\u00bb, agregaron. \u00abLa gran mayor\u00eda son hombres y mujeres que no tienen ingresos, que no tienen recursos. Hay un reconocimiento a la actividad popular, pero si uno, dos, o 100, est\u00e1n incumpliendo con parte del acceso a la ventanilla del Ministerio de Desarrollo Social, por supuesto que no lo vamos a permitir\u00bb, ratificaron.<br \/>\nPor otro lado, este mi\u00e9rcoles dirigentes de agrupaciones sociales piqueteras acudieron al Ministerio, tras anunciar una gran protesta autodenominada \u00abpiquetazo\u00bb, para este jueves. El anuncio de la movilizaci\u00f3n se dio mientras el Gobierno avanza en su pol\u00edtica de limitar los nuevos accesos a los planes sociales.<br \/>\nDe todos modos, desde el Ejecutivo ya aclararon que pese a las intenciones de cortar las calles por parte de los movimientos sociales, la decisi\u00f3n de restringir las inscripciones seguir\u00e1 firme.<br \/>\nActualmente, la remuneraci\u00f3n para los beneficiarios del plan es de 27.275 pesos. El programa est\u00e1 pensado para personas vulnerables, sin empleo formal o ingresos registrados considerables<\/p>\n","protected":false},"excerpt":{"rendered":"<p>El Ministerio de Desarrollo Social asegur\u00f3 este mi\u00e9rcoles que va a identificar a los beneficiarios del plan Potenciar Trabajo que hayan adquirido d\u00f3lares o que tengan un contexto impositivo incompatible con el programa, para suspenderlos \u00abinmediatamente\u00bb<\/p>\n","protected":false},"author":8,"featured_media":49380,"comment_status":"open","ping_status":"open","sticky":false,"template":"","format":"standard","meta":{"fifu_image_url":"","fifu_image_alt":"","footnotes":""},"categories":[1594],"tags":[],"class_list":{"0":"post-93707","1":"post","2":"type-post","3":"status-publish","4":"format-standard","5":"has-post-thumbnail","7":"category-economia"},"yoast_head":"<title>El Gobierno suspender\u00e1 a beneficiarios del Potenciar Trabajo que hayan comprado d\u00f3lares o tengan Bienes Personales - Informe Litoral<\/title>\n<meta name=\"robots\" content=\"index, follow, max-snippet:-1, max-image-preview:large, max-video-preview:-1\" \/>\n<link rel=\"canonical\" href=\"https:\/\/informelitoral.com.ar\/el-gobierno-suspendera-a-beneficiarios-del-potenciar-trabajo-que-hayan-comprado-dolares-o-tengan-bienes-personales\/\" \/>\n<meta property=\"og:locale\" content=\"es_ES\" \/>\n<meta property=\"og:type\" content=\"article\" \/>\n<meta property=\"og:title\" content=\"El Gobierno suspender\u00e1 a beneficiarios del Potenciar Trabajo que hayan comprado d\u00f3lares o tengan Bienes Personales - Informe Litoral\" \/>\n<meta property=\"og:description\" content=\"El Ministerio de Desarrollo Social asegur\u00f3 este mi\u00e9rcoles que va a identificar a los beneficiarios del plan Potenciar Trabajo que hayan adquirido d\u00f3lares o que tengan un contexto impositivo incompatible con el programa, para suspenderlos &quot;inmediatamente&quot;\" \/>\n<meta property=\"og:url\" content=\"https:\/\/informelitoral.com.ar\/el-gobierno-suspendera-a-beneficiarios-del-potenciar-trabajo-que-hayan-comprado-dolares-o-tengan-bienes-personales\/\" \/>\n<meta property=\"og:site_name\" content=\"Informe Litoral\" \/>\n<meta property=\"article:publisher\" content=\"https:\/\/www.facebook.com\/informelitoral\/\" \/>\n<meta property=\"article:published_time\" content=\"2022-11-10T14:36:11+00:00\" \/>\n<meta property=\"article:modified_time\" content=\"2022-11-10T14:42:50+00:00\" \/>\n<meta property=\"og:image\" content=\"https:\/\/informelitoral.com.ar\/%77%70%2d%63%6f%6e%74%65%6e%74\/uploads\/2020\/09\/Afip.jpg\" \/>\n\t<meta property=\"og:image:width\" content=\"1330\" \/>\n\t<meta property=\"og:image:height\" content=\"880\" \/>\n\t<meta property=\"og:image:type\" content=\"image\/jpeg\" \/>\n<meta name=\"author\" content=\"Sebastian\" \/>\n<meta name=\"twitter:card\" content=\"summary_large_image\" \/>\n<meta name=\"twitter:creator\" content=\"@InformeLitoral\" \/>\n<meta name=\"twitter:site\" content=\"@InformeLitoral\" \/>\n<meta name=\"twitter:label1\" content=\"Escrito por\" \/>\n\t<meta name=\"twitter:data1\" content=\"Sebastian\" \/>\n\t<meta name=\"twitter:label2\" content=\"Tiempo de lectura\" \/>\n\t<meta name=\"twitter:data2\" content=\"2 minutos\" \/>\n<script type=\"application\/ld+json\" class=\"yoast-schema-graph\">{\"@context\":\"https:\\\/\\\/schema.org\",\"@graph\":[{\"@type\":\"Article\",\"@id\":\"https:\\\/\\\/informelitoral.com.ar\\\/el-gobierno-suspendera-a-beneficiarios-del-potenciar-trabajo-que-hayan-comprado-dolares-o-tengan-bienes-personales\\\/#article\",\"isPartOf\":{\"@id\":\"https:\\\/\\\/informelitoral.com.ar\\\/el-gobierno-suspendera-a-beneficiarios-del-potenciar-trabajo-que-hayan-comprado-dolares-o-tengan-bienes-personales\\\/\"},\"author\":{\"name\":\"Sebastian\",\"@id\":\"https:\\\/\\\/informelitoral.com.ar\\\/#\\\/schema\\\/person\\\/f05f9f461677119578717524b127d6d5\"},\"headline\":\"El Gobierno suspender\u00e1 a beneficiarios del Potenciar Trabajo que hayan comprado d\u00f3lares o tengan Bienes Personales\",\"datePublished\":\"2022-11-10T14:36:11+00:00\",\"dateModified\":\"2022-11-10T14:42:50+00:00\",\"mainEntityOfPage\":{\"@id\":\"https:\\\/\\\/informelitoral.com.ar\\\/el-gobierno-suspendera-a-beneficiarios-del-potenciar-trabajo-que-hayan-comprado-dolares-o-tengan-bienes-personales\\\/\"},\"wordCount\":468,\"commentCount\":0,\"publisher\":{\"@id\":\"https:\\\/\\\/informelitoral.com.ar\\\/#organization\"},\"image\":{\"@id\":\"https:\\\/\\\/informelitoral.com.ar\\\/el-gobierno-suspendera-a-beneficiarios-del-potenciar-trabajo-que-hayan-comprado-dolares-o-tengan-bienes-personales\\\/#primaryimage\"},\"thumbnailUrl\":\"https:\\\/\\\/informelitoral.com.ar\\\/%77%70%2d%63%6f%6e%74%65%6e%74\\\/uploads\\\/2020\\\/09\\\/Afip.jpg\",\"articleSection\":[\"Econom\u00eda\"],\"inLanguage\":\"es\",\"potentialAction\":[{\"@type\":\"CommentAction\",\"name\":\"Comment\",\"target\":[\"https:\\\/\\\/informelitoral.com.ar\\\/el-gobierno-suspendera-a-beneficiarios-del-potenciar-trabajo-que-hayan-comprado-dolares-o-tengan-bienes-personales\\\/#respond\"]}]},{\"@type\":\"WebPage\",\"@id\":\"https:\\\/\\\/informelitoral.com.ar\\\/el-gobierno-suspendera-a-beneficiarios-del-potenciar-trabajo-que-hayan-comprado-dolares-o-tengan-bienes-personales\\\/\",\"url\":\"https:\\\/\\\/informelitoral.com.ar\\\/el-gobierno-suspendera-a-beneficiarios-del-potenciar-trabajo-que-hayan-comprado-dolares-o-tengan-bienes-personales\\\/\",\"name\":\"El Gobierno suspender\u00e1 a beneficiarios del Potenciar Trabajo que hayan comprado d\u00f3lares o tengan Bienes Personales - Informe Litoral\",\"isPartOf\":{\"@id\":\"https:\\\/\\\/informelitoral.com.ar\\\/#website\"},\"primaryImageOfPage\":{\"@id\":\"https:\\\/\\\/informelitoral.com.ar\\\/el-gobierno-suspendera-a-beneficiarios-del-potenciar-trabajo-que-hayan-comprado-dolares-o-tengan-bienes-personales\\\/#primaryimage\"},\"image\":{\"@id\":\"https:\\\/\\\/informelitoral.com.ar\\\/el-gobierno-suspendera-a-beneficiarios-del-potenciar-trabajo-que-hayan-comprado-dolares-o-tengan-bienes-personales\\\/#primaryimage\"},\"thumbnailUrl\":\"https:\\\/\\\/informelitoral.com.ar\\\/%77%70%2d%63%6f%6e%74%65%6e%74\\\/uploads\\\/2020\\\/09\\\/Afip.jpg\",\"datePublished\":\"2022-11-10T14:36:11+00:00\",\"dateModified\":\"2022-11-10T14:42:50+00:00\",\"breadcrumb\":{\"@id\":\"https:\\\/\\\/informelitoral.com.ar\\\/el-gobierno-suspendera-a-beneficiarios-del-potenciar-trabajo-que-hayan-comprado-dolares-o-tengan-bienes-personales\\\/#breadcrumb\"},\"inLanguage\":\"es\",\"potentialAction\":[{\"@type\":\"ReadAction\",\"target\":[\"https:\\\/\\\/informelitoral.com.ar\\\/el-gobierno-suspendera-a-beneficiarios-del-potenciar-trabajo-que-hayan-comprado-dolares-o-tengan-bienes-personales\\\/\"]}]},{\"@type\":\"ImageObject\",\"inLanguage\":\"es\",\"@id\":\"https:\\\/\\\/informelitoral.com.ar\\\/el-gobierno-suspendera-a-beneficiarios-del-potenciar-trabajo-que-hayan-comprado-dolares-o-tengan-bienes-personales\\\/#primaryimage\",\"url\":\"https:\\\/\\\/informelitoral.com.ar\\\/%77%70%2d%63%6f%6e%74%65%6e%74\\\/uploads\\\/2020\\\/09\\\/Afip.jpg\",\"contentUrl\":\"https:\\\/\\\/informelitoral.com.ar\\\/%77%70%2d%63%6f%6e%74%65%6e%74\\\/uploads\\\/2020\\\/09\\\/Afip.jpg\",\"width\":1330,\"height\":880},{\"@type\":\"BreadcrumbList\",\"@id\":\"https:\\\/\\\/informelitoral.com.ar\\\/el-gobierno-suspendera-a-beneficiarios-del-potenciar-trabajo-que-hayan-comprado-dolares-o-tengan-bienes-personales\\\/#breadcrumb\",\"itemListElement\":[{\"@type\":\"ListItem\",\"position\":1,\"name\":\"Portada\",\"item\":\"https:\\\/\\\/informelitoral.com.ar\\\/\"},{\"@type\":\"ListItem\",\"position\":2,\"name\":\"El Gobierno suspender\u00e1 a beneficiarios del Potenciar Trabajo que hayan comprado d\u00f3lares o tengan Bienes Personales\"}]},{\"@type\":\"WebSite\",\"@id\":\"https:\\\/\\\/informelitoral.com.ar\\\/#website\",\"url\":\"https:\\\/\\\/informelitoral.com.ar\\\/\",\"name\":\"Informe Litoral\",\"description\":\"&quot;Nos informamos&quot; \",\"publisher\":{\"@id\":\"https:\\\/\\\/informelitoral.com.ar\\\/#organization\"},\"potentialAction\":[{\"@type\":\"SearchAction\",\"target\":{\"@type\":\"EntryPoint\",\"urlTemplate\":\"https:\\\/\\\/informelitoral.com.ar\\\/?s={search_term_string}\"},\"query-input\":{\"@type\":\"PropertyValueSpecification\",\"valueRequired\":true,\"valueName\":\"search_term_string\"}}],\"inLanguage\":\"es\"},{\"@type\":\"Organization\",\"@id\":\"https:\\\/\\\/informelitoral.com.ar\\\/#organization\",\"name\":\"Informe Litoral\",\"url\":\"https:\\\/\\\/informelitoral.com.ar\\\/\",\"logo\":{\"@type\":\"ImageObject\",\"inLanguage\":\"es\",\"@id\":\"https:\\\/\\\/informelitoral.com.ar\\\/#\\\/schema\\\/logo\\\/image\\\/\",\"url\":\"https:\\\/\\\/informelitoral.com.ar\\\/%77%70%2d%63%6f%6e%74%65%6e%74\\\/uploads\\\/2021\\\/01\\\/circulo.png\",\"contentUrl\":\"https:\\\/\\\/informelitoral.com.ar\\\/%77%70%2d%63%6f%6e%74%65%6e%74\\\/uploads\\\/2021\\\/01\\\/circulo.png\",\"width\":723,\"height\":731,\"caption\":\"Informe Litoral\"},\"image\":{\"@id\":\"https:\\\/\\\/informelitoral.com.ar\\\/#\\\/schema\\\/logo\\\/image\\\/\"},\"sameAs\":[\"https:\\\/\\\/www.facebook.com\\\/informelitoral\\\/\",\"https:\\\/\\\/x.com\\\/InformeLitoral\",\"https:\\\/\\\/www.instagram.com\\\/informelitoral\\\/\",\"https:\\\/\\\/www.youtube.com\\\/channel\\\/UCua4Qvz8Icb6MYqhoq9xLXw\"]},{\"@type\":\"Person\",\"@id\":\"https:\\\/\\\/informelitoral.com.ar\\\/#\\\/schema\\\/person\\\/f05f9f461677119578717524b127d6d5\",\"name\":\"Sebastian\",\"image\":{\"@type\":\"ImageObject\",\"inLanguage\":\"es\",\"@id\":\"https:\\\/\\\/secure.gravatar.com\\\/avatar\\\/b71bf7481d447dfb9583c7f2798e7cc64de6efb9067b74633ed8c31059a3bd82?s=96&d=mm&r=g\",\"url\":\"https:\\\/\\\/secure.gravatar.com\\\/avatar\\\/b71bf7481d447dfb9583c7f2798e7cc64de6efb9067b74633ed8c31059a3bd82?s=96&d=mm&r=g\",\"contentUrl\":\"https:\\\/\\\/secure.gravatar.com\\\/avatar\\\/b71bf7481d447dfb9583c7f2798e7cc64de6efb9067b74633ed8c31059a3bd82?s=96&d=mm&r=g\",\"caption\":\"Sebastian\"},\"url\":\"https:\\\/\\\/informelitoral.com.ar\\\/author\\\/sebastian\\\/\"}]}<\/script>","yoast_head_json":{"title":"El Gobierno suspender\u00e1 a beneficiarios del Potenciar Trabajo que hayan comprado d\u00f3lares o tengan Bienes Personales - Informe Litoral","robots":{"index":"index","follow":"follow","max-snippet":"max-snippet:-1","max-image-preview":"max-image-preview:large","max-video-preview":"max-video-preview:-1"},"canonical":"https:\/\/informelitoral.com.ar\/el-gobierno-suspendera-a-beneficiarios-del-potenciar-trabajo-que-hayan-comprado-dolares-o-tengan-bienes-personales\/","og_locale":"es_ES","og_type":"article","og_title":"El Gobierno suspender\u00e1 a beneficiarios del Potenciar Trabajo que hayan comprado d\u00f3lares o tengan Bienes Personales - Informe Litoral","og_description":"El Ministerio de Desarrollo Social asegur\u00f3 este mi\u00e9rcoles que va a identificar a los beneficiarios del plan Potenciar Trabajo que hayan adquirido d\u00f3lares o que tengan un contexto impositivo incompatible con el programa, para suspenderlos \"inmediatamente\"","og_url":"https:\/\/informelitoral.com.ar\/el-gobierno-suspendera-a-beneficiarios-del-potenciar-trabajo-que-hayan-comprado-dolares-o-tengan-bienes-personales\/","og_site_name":"Informe Litoral","article_publisher":"https:\/\/www.facebook.com\/informelitoral\/","article_published_time":"2022-11-10T14:36:11+00:00","article_modified_time":"2022-11-10T14:42:50+00:00","og_image":[{"width":1330,"height":880,"url":"https:\/\/informelitoral.com.ar\/%77%70%2d%63%6f%6e%74%65%6e%74\/uploads\/2020\/09\/Afip.jpg","type":"image\/jpeg"}],"author":"Sebastian","twitter_card":"summary_large_image","twitter_creator":"@InformeLitoral","twitter_site":"@InformeLitoral","twitter_misc":{"Escrito por":"Sebastian","Tiempo de lectura":"2 minutos"},"schema":{"@context":"https:\/\/schema.org","@graph":[{"@type":"Article","@id":"https:\/\/informelitoral.com.ar\/el-gobierno-suspendera-a-beneficiarios-del-potenciar-trabajo-que-hayan-comprado-dolares-o-tengan-bienes-personales\/#article","isPartOf":{"@id":"https:\/\/informelitoral.com.ar\/el-gobierno-suspendera-a-beneficiarios-del-potenciar-trabajo-que-hayan-comprado-dolares-o-tengan-bienes-personales\/"},"author":{"name":"Sebastian","@id":"https:\/\/informelitoral.com.ar\/#\/schema\/person\/f05f9f461677119578717524b127d6d5"},"headline":"El Gobierno suspender\u00e1 a beneficiarios del Potenciar Trabajo que hayan comprado d\u00f3lares o tengan Bienes Personales","datePublished":"2022-11-10T14:36:11+00:00","dateModified":"2022-11-10T14:42:50+00:00","mainEntityOfPage":{"@id":"https:\/\/informelitoral.com.ar\/el-gobierno-suspendera-a-beneficiarios-del-potenciar-trabajo-que-hayan-comprado-dolares-o-tengan-bienes-personales\/"},"wordCount":468,"commentCount":0,"publisher":{"@id":"https:\/\/informelitoral.com.ar\/#organization"},"image":{"@id":"https:\/\/informelitoral.com.ar\/el-gobierno-suspendera-a-beneficiarios-del-potenciar-trabajo-que-hayan-comprado-dolares-o-tengan-bienes-personales\/#primaryimage"},"thumbnailUrl":"https:\/\/informelitoral.com.ar\/%77%70%2d%63%6f%6e%74%65%6e%74\/uploads\/2020\/09\/Afip.jpg","articleSection":["Econom\u00eda"],"inLanguage":"es","potentialAction":[{"@type":"CommentAction","name":"Comment","target":["https:\/\/informelitoral.com.ar\/el-gobierno-suspendera-a-beneficiarios-del-potenciar-trabajo-que-hayan-comprado-dolares-o-tengan-bienes-personales\/#respond"]}]},{"@type":"WebPage","@id":"https:\/\/informelitoral.com.ar\/el-gobierno-suspendera-a-beneficiarios-del-potenciar-trabajo-que-hayan-comprado-dolares-o-tengan-bienes-personales\/","url":"https:\/\/informelitoral.com.ar\/el-gobierno-suspendera-a-beneficiarios-del-potenciar-trabajo-que-hayan-comprado-dolares-o-tengan-bienes-personales\/","name":"El Gobierno suspender\u00e1 a beneficiarios del Potenciar Trabajo que hayan comprado d\u00f3lares o tengan Bienes Personales - Informe Litoral","isPartOf":{"@id":"https:\/\/informelitoral.com.ar\/#website"},"primaryImageOfPage":{"@id":"https:\/\/informelitoral.com.ar\/el-gobierno-suspendera-a-beneficiarios-del-potenciar-trabajo-que-hayan-comprado-dolares-o-tengan-bienes-personales\/#primaryimage"},"image":{"@id":"https:\/\/informelitoral.com.ar\/el-gobierno-suspendera-a-beneficiarios-del-potenciar-trabajo-que-hayan-comprado-dolares-o-tengan-bienes-personales\/#primaryimage"},"thumbnailUrl":"https:\/\/informelitoral.com.ar\/%77%70%2d%63%6f%6e%74%65%6e%74\/uploads\/2020\/09\/Afip.jpg","datePublished":"2022-11-10T14:36:11+00:00","dateModified":"2022-11-10T14:42:50+00:00","breadcrumb":{"@id":"https:\/\/informelitoral.com.ar\/el-gobierno-suspendera-a-beneficiarios-del-potenciar-trabajo-que-hayan-comprado-dolares-o-tengan-bienes-personales\/#breadcrumb"},"inLanguage":"es","potentialAction":[{"@type":"ReadAction","target":["https:\/\/informelitoral.com.ar\/el-gobierno-suspendera-a-beneficiarios-del-potenciar-trabajo-que-hayan-comprado-dolares-o-tengan-bienes-personales\/"]}]},{"@type":"ImageObject","inLanguage":"es","@id":"https:\/\/informelitoral.com.ar\/el-gobierno-suspendera-a-beneficiarios-del-potenciar-trabajo-que-hayan-comprado-dolares-o-tengan-bienes-personales\/#primaryimage","url":"https:\/\/informelitoral.com.ar\/%77%70%2d%63%6f%6e%74%65%6e%74\/uploads\/2020\/09\/Afip.jpg","contentUrl":"https:\/\/informelitoral.com.ar\/%77%70%2d%63%6f%6e%74%65%6e%74\/uploads\/2020\/09\/Afip.jpg","width":1330,"height":880},{"@type":"BreadcrumbList","@id":"https:\/\/informelitoral.com.ar\/el-gobierno-suspendera-a-beneficiarios-del-potenciar-trabajo-que-hayan-comprado-dolares-o-tengan-bienes-personales\/#breadcrumb","itemListElement":[{"@type":"ListItem","position":1,"name":"Portada","item":"https:\/\/informelitoral.com.ar\/"},{"@type":"ListItem","position":2,"name":"El Gobierno suspender\u00e1 a beneficiarios del Potenciar Trabajo que hayan comprado d\u00f3lares o tengan Bienes Personales"}]},{"@type":"WebSite","@id":"https:\/\/informelitoral.com.ar\/#website","url":"https:\/\/informelitoral.com.ar\/","name":"Informe Litoral","description":"&quot;Nos informamos&quot; ","publisher":{"@id":"https:\/\/informelitoral.com.ar\/#organization"},"potentialAction":[{"@type":"SearchAction","target":{"@type":"EntryPoint","urlTemplate":"https:\/\/informelitoral.com.ar\/?s={search_term_string}"},"query-input":{"@type":"PropertyValueSpecification","valueRequired":true,"valueName":"search_term_string"}}],"inLanguage":"es"},{"@type":"Organization","@id":"https:\/\/informelitoral.com.ar\/#organization","name":"Informe Litoral","url":"https:\/\/informelitoral.com.ar\/","logo":{"@type":"ImageObject","inLanguage":"es","@id":"https:\/\/informelitoral.com.ar\/#\/schema\/logo\/image\/","url":"https:\/\/informelitoral.com.ar\/%77%70%2d%63%6f%6e%74%65%6e%74\/uploads\/2021\/01\/circulo.png","contentUrl":"https:\/\/informelitoral.com.ar\/%77%70%2d%63%6f%6e%74%65%6e%74\/uploads\/2021\/01\/circulo.png","width":723,"height":731,"caption":"Informe Litoral"},"image":{"@id":"https:\/\/informelitoral.com.ar\/#\/schema\/logo\/image\/"},"sameAs":["https:\/\/www.facebook.com\/informelitoral\/","https:\/\/x.com\/InformeLitoral","https:\/\/www.instagram.com\/informelitoral\/","https:\/\/www.youtube.com\/channel\/UCua4Qvz8Icb6MYqhoq9xLXw"]},{"@type":"Person","@id":"https:\/\/informelitoral.com.ar\/#\/schema\/person\/f05f9f461677119578717524b127d6d5","name":"Sebastian","image":{"@type":"ImageObject","inLanguage":"es","@id":"https:\/\/secure.gravatar.com\/avatar\/b71bf7481d447dfb9583c7f2798e7cc64de6efb9067b74633ed8c31059a3bd82?s=96&d=mm&r=g","url":"https:\/\/secure.gravatar.com\/avatar\/b71bf7481d447dfb9583c7f2798e7cc64de6efb9067b74633ed8c31059a3bd82?s=96&d=mm&r=g","contentUrl":"https:\/\/secure.gravatar.com\/avatar\/b71bf7481d447dfb9583c7f2798e7cc64de6efb9067b74633ed8c31059a3bd82?s=96&d=mm&r=g","caption":"Sebastian"},"url":"https:\/\/informelitoral.com.ar\/author\/sebastian\/"}]}},"_links":{"self":[{"href":"https:\/\/informelitoral.com.ar\/%77%70%2d%6a%73%6f%6e\/wp\/v2\/posts\/93707","targetHints":{"allow":["GET"]}}],"collection":[{"href":"https:\/\/informelitoral.com.ar\/%77%70%2d%6a%73%6f%6e\/wp\/v2\/posts"}],"about":[{"href":"https:\/\/informelitoral.com.ar\/%77%70%2d%6a%73%6f%6e\/wp\/v2\/types\/post"}],"author":[{"embeddable":true,"href":"https:\/\/informelitoral.com.ar\/%77%70%2d%6a%73%6f%6e\/wp\/v2\/users\/8"}],"replies":[{"embeddable":true,"href":"https:\/\/informelitoral.com.ar\/%77%70%2d%6a%73%6f%6e\/wp\/v2\/comments?post=93707"}],"version-history":[{"count":0,"href":"https:\/\/informelitoral.com.ar\/%77%70%2d%6a%73%6f%6e\/wp\/v2\/posts\/93707\/revisions"}],"wp:featuredmedia":[{"embeddable":true,"href":"https:\/\/informelitoral.com.ar\/%77%70%2d%6a%73%6f%6e\/wp\/v2\/media\/49380"}],"wp:attachment":[{"href":"https:\/\/informelitoral.com.ar\/%77%70%2d%6a%73%6f%6e\/wp\/v2\/media?parent=93707"}],"wp:term":[{"taxonomy":"category","embeddable":true,"href":"https:\/\/informelitoral.com.ar\/%77%70%2d%6a%73%6f%6e\/wp\/v2\/categories?post=93707"},{"taxonomy":"post_tag","embeddable":true,"href":"https:\/\/informelitoral.com.ar\/%77%70%2d%6a%73%6f%6e\/wp\/v2\/tags?post=93707"}],"curies":[{"name":"wp","href":"https:\/\/api.w.org\/{rel}","templated":true}]}}