{"id":9370,"date":"2014-12-23T08:00:36","date_gmt":"2014-12-23T11:00:36","guid":{"rendered":"http:\/\/www.isletasnoticias.com.ar\/?p=9370"},"modified":"2014-12-23T08:00:36","modified_gmt":"2014-12-23T11:00:36","slug":"cuestionan-al-gobierno-entrerriano-por-un-nuevo-recorte-presupuestario-en-educacion","status":"publish","type":"post","link":"https:\/\/informelitoral.com.ar\/cuestionan-al-gobierno-entrerriano-por-un-nuevo-recorte-presupuestario-en-educacion\/","title":{"rendered":"Cuestionan al gobierno entrerriano por un \u201cnuevo recorte presupuestario en educaci\u00f3n\u201d"},"content":{"rendered":"<p><strong>En 2015, el Gobierno provincial destinar\u00e1 menos presupuesto para Educaci\u00f3n, seg\u00fan dirigentes de la Agrupaci\u00f3n Rojo y Negro de Agmer. Advierten que el recorte equivale casi a un mes de salarios liquidados por el CGE.<a href=\"http:\/\/www.isletasnoticias.com.ar\/%77%70%2d%63%6f%6e%74%65%6e%74\/uploads\/2014\/12\/Imagen0457.jpg\"><img loading=\"lazy\" decoding=\"async\" class=\"aligncenter size-medium wp-image-9371\" src=\"http:\/\/www.isletasnoticias.com.ar\/%77%70%2d%63%6f%6e%74%65%6e%74\/uploads\/2014\/12\/Imagen0457-300x225.jpg\" alt=\"Imagen0457\" width=\"300\" height=\"225\" srcset=\"https:\/\/informelitoral.com.ar\/%77%70%2d%63%6f%6e%74%65%6e%74\/uploads\/2014\/12\/Imagen0457-300x225.jpg 300w, https:\/\/informelitoral.com.ar\/%77%70%2d%63%6f%6e%74%65%6e%74\/uploads\/2014\/12\/Imagen0457-1024x768.jpg 1024w, https:\/\/informelitoral.com.ar\/%77%70%2d%63%6f%6e%74%65%6e%74\/uploads\/2014\/12\/Imagen0457.jpg 1600w\" sizes=\"auto, (max-width: 300px) 100vw, 300px\" \/><\/a><\/strong><\/p>\n<p>\u201cEl gobierno provincial ha resuelto precarizar a\u00fan m\u00e1s las condiciones en que ense\u00f1an y aprenden los entrerrianos\u201d, dice a modo de resumen un escrito que lleva la firma de dirigentes de la agrupaci\u00f3n Rojo y Negro de AGMER, donde se denuncia que el gobierno provincial aplic\u00f3 un recorte de 458 millones de pesos.<\/p>\n<p>\u201cA la insuficiencia presupuestaria que vivimos este a\u00f1o \u2013evidenciada en los edificios, la limpieza, el mobiliario, el transporte, los salarios, los comedores, entre muchos rubros\u2013 debemos sumar este nuevo recorte. Un punto menos que no es poca cosa: equivale casi a un mes de salarios liquidados por el CGE ($ 458 millones), y a casi diez meses de presupuesto de la Universidad Aut\u00f3noma de Entre R\u00edos (Uader)\u201d, dice el escrito que lleva la firma de miembros de AGMER electos por la minor\u00eda \u201cRojo y Negro. Primero de Mayo\u201d para el per\u00edodo 2015-2017. Son ellos Adriana Dechat, C\u00e9sar Pibernus, Alejandra Gervasoni y \u00c1lvaro Escobar.<\/p>\n<p>Al respecto, precisa que \u201cmientras que en 2014 destin\u00f3 un 18 % del presupuesto para el Consejo General de Educaci\u00f3n, en 2015 reduce esta participaci\u00f3n a un 17%. A la insuficiencia presupuestaria que vivimos este a\u00f1o -evidenciada en los edificios, la limpieza, el mobiliario, el transporte, los salarios, los comedores, entre muchos rubros- debemos sumar este nuevo recorte. Un punto menos que no es poca cosa: equivale casi a un mes de salarios liquidados por el CGE y a casi diez meses de presupuesto de la UADER\u201d, reprodujo Elonce.com.<\/p>\n<p>\u201cM\u00e1s alarmante \u2013dicen los dirigentes gremiales\u2013 es la tendencia hist\u00f3rica que ha asumido esta decisi\u00f3n pol\u00edtica, si tenemos en cuenta que en 2008 el presupuesto provincial destinaba casi un 20 % de sus fondos para financiar el CGE. Entre el primer presupuesto que el gobernador Urribarri ejecut\u00f3 en 2008 y el \u00faltimo que ejecutar\u00e1 el a\u00f1o pr\u00f3ximo, fue recortada en un 3 % la participaci\u00f3n del CGE en el presupuesto provincial\u201d.<\/p>\n<p>\u201cSi en 2014 las escuelas funcionaron porque padres y trabajadores de la educaci\u00f3n pusimos el hombro, debemos decir que esta situaci\u00f3n se profundizar\u00e1 a\u00fan m\u00e1s en 2015. Y los motivos son claros. Mientras que el Presupuesto Provincial aument\u00f3 en un 46%, el presupuesto del CGE s\u00f3lo lo hizo en un 37 % -al igual que el de la UADER y el nov\u00edsimo Ministerio de Educaci\u00f3n no sale mejor parado-, los fondos destinados para \u201cReparaci\u00f3n y Mantenimiento de Edificios Escolares\u201d lo hizo en un 20% y los destinados para Bienes y Servicios -vergonzoso- lo hizo apenas en un 8 %. Estos datos se suman dr\u00e1sticamente a los irrisorios fondos que malnutren a los gurises entrerrianos en los comedores escolares\u201d, contin\u00faan.<\/p>\n<p>Finalmente indican que \u201cante este nuevo recorte presupuestario en educaci\u00f3n, los trabajadores llamamos a seguir luchando por la construcci\u00f3n de una sociedad m\u00e1s justa, democr\u00e1tica y equitativa en la que los entrerrianos ense\u00f1emos y aprendamos en condiciones cada vez m\u00e1s dignas\u201d.<\/p>\n","protected":false},"excerpt":{"rendered":"<p>En 2015, el Gobierno provincial destinar&aacute; menos presupuesto para Educaci&oacute;n, seg&uacute;n dirigentes de la Agrupaci&oacute;n Rojo y Negro de Agmer. Advierten que el recorte equivale casi a un mes de salarios liquidados por el CGE. &ldquo;El gobierno provincial ha resuelto precarizar a&uacute;n m&aacute;s las condiciones en que ense&ntilde;an y aprenden los entrerrianos&rdquo;, dice a modo [&hellip;]<\/p>\n","protected":false},"author":2,"featured_media":0,"comment_status":"open","ping_status":"open","sticky":false,"template":"","format":"standard","meta":{"fifu_image_url":"","fifu_image_alt":"","footnotes":""},"categories":[6,16],"tags":[],"class_list":{"0":"post-9370","1":"post","2":"type-post","3":"status-publish","4":"format-standard","6":"category-entre-rios","7":"category-politi"},"yoast_head":"<title>Cuestionan al gobierno entrerriano por un \u201cnuevo recorte presupuestario en educaci\u00f3n\u201d - Informe Litoral<\/title>\n<meta name=\"robots\" content=\"index, follow, max-snippet:-1, max-image-preview:large, max-video-preview:-1\" \/>\n<link rel=\"canonical\" href=\"https:\/\/informelitoral.com.ar\/cuestionan-al-gobierno-entrerriano-por-un-nuevo-recorte-presupuestario-en-educacion\/\" \/>\n<meta property=\"og:locale\" content=\"es_ES\" \/>\n<meta property=\"og:type\" content=\"article\" \/>\n<meta property=\"og:title\" content=\"Cuestionan al gobierno entrerriano por un \u201cnuevo recorte presupuestario en educaci\u00f3n\u201d - Informe Litoral\" \/>\n<meta property=\"og:description\" content=\"En 2015, el Gobierno provincial destinar&aacute; menos presupuesto para Educaci&oacute;n, seg&uacute;n dirigentes de la Agrupaci&oacute;n Rojo y Negro de Agmer. Advierten que el recorte equivale casi a un mes de salarios liquidados por el CGE. &ldquo;El gobierno provincial ha resuelto precarizar a&uacute;n m&aacute;s las condiciones en que ense&ntilde;an y aprenden los entrerrianos&rdquo;, dice a modo [&hellip;]\" \/>\n<meta property=\"og:url\" content=\"https:\/\/informelitoral.com.ar\/cuestionan-al-gobierno-entrerriano-por-un-nuevo-recorte-presupuestario-en-educacion\/\" \/>\n<meta property=\"og:site_name\" content=\"Informe Litoral\" \/>\n<meta property=\"article:publisher\" content=\"https:\/\/www.facebook.com\/informelitoral\/\" \/>\n<meta property=\"article:published_time\" content=\"2014-12-23T11:00:36+00:00\" \/>\n<meta property=\"og:image\" content=\"https:\/\/informelitoral.com.ar\/%77%70%2d%63%6f%6e%74%65%6e%74\/uploads\/2014\/12\/Imagen0457.jpg\" \/>\n\t<meta property=\"og:image:width\" content=\"1600\" \/>\n\t<meta property=\"og:image:height\" content=\"1200\" \/>\n\t<meta property=\"og:image:type\" content=\"image\/jpeg\" \/>\n<meta name=\"author\" content=\"Gonzalo Schmidt\" \/>\n<meta name=\"twitter:card\" content=\"summary_large_image\" \/>\n<meta name=\"twitter:creator\" content=\"@InformeLitoral\" \/>\n<meta name=\"twitter:site\" content=\"@InformeLitoral\" \/>\n<meta name=\"twitter:label1\" content=\"Escrito por\" \/>\n\t<meta name=\"twitter:data1\" content=\"Gonzalo Schmidt\" \/>\n\t<meta name=\"twitter:label2\" content=\"Tiempo de lectura\" \/>\n\t<meta name=\"twitter:data2\" content=\"3 minutos\" \/>\n<script type=\"application\/ld+json\" class=\"yoast-schema-graph\">{\"@context\":\"https:\\\/\\\/schema.org\",\"@graph\":[{\"@type\":\"Article\",\"@id\":\"https:\\\/\\\/informelitoral.com.ar\\\/cuestionan-al-gobierno-entrerriano-por-un-nuevo-recorte-presupuestario-en-educacion\\\/#article\",\"isPartOf\":{\"@id\":\"https:\\\/\\\/informelitoral.com.ar\\\/cuestionan-al-gobierno-entrerriano-por-un-nuevo-recorte-presupuestario-en-educacion\\\/\"},\"author\":{\"name\":\"Gonzalo Schmidt\",\"@id\":\"https:\\\/\\\/informelitoral.com.ar\\\/#\\\/schema\\\/person\\\/b9d00407c836482871ef1d57bf8e3180\"},\"headline\":\"Cuestionan al gobierno entrerriano por un \u201cnuevo recorte presupuestario en educaci\u00f3n\u201d\",\"datePublished\":\"2014-12-23T11:00:36+00:00\",\"mainEntityOfPage\":{\"@id\":\"https:\\\/\\\/informelitoral.com.ar\\\/cuestionan-al-gobierno-entrerriano-por-un-nuevo-recorte-presupuestario-en-educacion\\\/\"},\"wordCount\":540,\"commentCount\":0,\"publisher\":{\"@id\":\"https:\\\/\\\/informelitoral.com.ar\\\/#organization\"},\"image\":{\"@id\":\"https:\\\/\\\/informelitoral.com.ar\\\/cuestionan-al-gobierno-entrerriano-por-un-nuevo-recorte-presupuestario-en-educacion\\\/#primaryimage\"},\"thumbnailUrl\":\"http:\\\/\\\/www.isletasnoticias.com.ar\\\/%77%70%2d%63%6f%6e%74%65%6e%74\\\/uploads\\\/2014\\\/12\\\/Imagen0457-300x225.jpg\",\"articleSection\":[\"Entre R\u00edos\",\"Politica\"],\"inLanguage\":\"es\",\"potentialAction\":[{\"@type\":\"CommentAction\",\"name\":\"Comment\",\"target\":[\"https:\\\/\\\/informelitoral.com.ar\\\/cuestionan-al-gobierno-entrerriano-por-un-nuevo-recorte-presupuestario-en-educacion\\\/#respond\"]}]},{\"@type\":\"WebPage\",\"@id\":\"https:\\\/\\\/informelitoral.com.ar\\\/cuestionan-al-gobierno-entrerriano-por-un-nuevo-recorte-presupuestario-en-educacion\\\/\",\"url\":\"https:\\\/\\\/informelitoral.com.ar\\\/cuestionan-al-gobierno-entrerriano-por-un-nuevo-recorte-presupuestario-en-educacion\\\/\",\"name\":\"Cuestionan al gobierno entrerriano por un \u201cnuevo recorte presupuestario en educaci\u00f3n\u201d - Informe Litoral\",\"isPartOf\":{\"@id\":\"https:\\\/\\\/informelitoral.com.ar\\\/#website\"},\"primaryImageOfPage\":{\"@id\":\"https:\\\/\\\/informelitoral.com.ar\\\/cuestionan-al-gobierno-entrerriano-por-un-nuevo-recorte-presupuestario-en-educacion\\\/#primaryimage\"},\"image\":{\"@id\":\"https:\\\/\\\/informelitoral.com.ar\\\/cuestionan-al-gobierno-entrerriano-por-un-nuevo-recorte-presupuestario-en-educacion\\\/#primaryimage\"},\"thumbnailUrl\":\"http:\\\/\\\/www.isletasnoticias.com.ar\\\/%77%70%2d%63%6f%6e%74%65%6e%74\\\/uploads\\\/2014\\\/12\\\/Imagen0457-300x225.jpg\",\"datePublished\":\"2014-12-23T11:00:36+00:00\",\"breadcrumb\":{\"@id\":\"https:\\\/\\\/informelitoral.com.ar\\\/cuestionan-al-gobierno-entrerriano-por-un-nuevo-recorte-presupuestario-en-educacion\\\/#breadcrumb\"},\"inLanguage\":\"es\",\"potentialAction\":[{\"@type\":\"ReadAction\",\"target\":[\"https:\\\/\\\/informelitoral.com.ar\\\/cuestionan-al-gobierno-entrerriano-por-un-nuevo-recorte-presupuestario-en-educacion\\\/\"]}]},{\"@type\":\"ImageObject\",\"inLanguage\":\"es\",\"@id\":\"https:\\\/\\\/informelitoral.com.ar\\\/cuestionan-al-gobierno-entrerriano-por-un-nuevo-recorte-presupuestario-en-educacion\\\/#primaryimage\",\"url\":\"http:\\\/\\\/www.isletasnoticias.com.ar\\\/%77%70%2d%63%6f%6e%74%65%6e%74\\\/uploads\\\/2014\\\/12\\\/Imagen0457-300x225.jpg\",\"contentUrl\":\"http:\\\/\\\/www.isletasnoticias.com.ar\\\/%77%70%2d%63%6f%6e%74%65%6e%74\\\/uploads\\\/2014\\\/12\\\/Imagen0457-300x225.jpg\"},{\"@type\":\"BreadcrumbList\",\"@id\":\"https:\\\/\\\/informelitoral.com.ar\\\/cuestionan-al-gobierno-entrerriano-por-un-nuevo-recorte-presupuestario-en-educacion\\\/#breadcrumb\",\"itemListElement\":[{\"@type\":\"ListItem\",\"position\":1,\"name\":\"Portada\",\"item\":\"https:\\\/\\\/informelitoral.com.ar\\\/\"},{\"@type\":\"ListItem\",\"position\":2,\"name\":\"Cuestionan al gobierno entrerriano por un \u201cnuevo recorte presupuestario en educaci\u00f3n\u201d\"}]},{\"@type\":\"WebSite\",\"@id\":\"https:\\\/\\\/informelitoral.com.ar\\\/#website\",\"url\":\"https:\\\/\\\/informelitoral.com.ar\\\/\",\"name\":\"Informe Litoral\",\"description\":\"&quot;Nos informamos&quot; \",\"publisher\":{\"@id\":\"https:\\\/\\\/informelitoral.com.ar\\\/#organization\"},\"potentialAction\":[{\"@type\":\"SearchAction\",\"target\":{\"@type\":\"EntryPoint\",\"urlTemplate\":\"https:\\\/\\\/informelitoral.com.ar\\\/?s={search_term_string}\"},\"query-input\":{\"@type\":\"PropertyValueSpecification\",\"valueRequired\":true,\"valueName\":\"search_term_string\"}}],\"inLanguage\":\"es\"},{\"@type\":\"Organization\",\"@id\":\"https:\\\/\\\/informelitoral.com.ar\\\/#organization\",\"name\":\"Informe Litoral\",\"url\":\"https:\\\/\\\/informelitoral.com.ar\\\/\",\"logo\":{\"@type\":\"ImageObject\",\"inLanguage\":\"es\",\"@id\":\"https:\\\/\\\/informelitoral.com.ar\\\/#\\\/schema\\\/logo\\\/image\\\/\",\"url\":\"https:\\\/\\\/informelitoral.com.ar\\\/%77%70%2d%63%6f%6e%74%65%6e%74\\\/uploads\\\/2021\\\/01\\\/circulo.png\",\"contentUrl\":\"https:\\\/\\\/informelitoral.com.ar\\\/%77%70%2d%63%6f%6e%74%65%6e%74\\\/uploads\\\/2021\\\/01\\\/circulo.png\",\"width\":723,\"height\":731,\"caption\":\"Informe Litoral\"},\"image\":{\"@id\":\"https:\\\/\\\/informelitoral.com.ar\\\/#\\\/schema\\\/logo\\\/image\\\/\"},\"sameAs\":[\"https:\\\/\\\/www.facebook.com\\\/informelitoral\\\/\",\"https:\\\/\\\/x.com\\\/InformeLitoral\",\"https:\\\/\\\/www.instagram.com\\\/informelitoral\\\/\",\"https:\\\/\\\/www.youtube.com\\\/channel\\\/UCua4Qvz8Icb6MYqhoq9xLXw\"]},{\"@type\":\"Person\",\"@id\":\"https:\\\/\\\/informelitoral.com.ar\\\/#\\\/schema\\\/person\\\/b9d00407c836482871ef1d57bf8e3180\",\"name\":\"Gonzalo Schmidt\",\"image\":{\"@type\":\"ImageObject\",\"inLanguage\":\"es\",\"@id\":\"https:\\\/\\\/secure.gravatar.com\\\/avatar\\\/31a1a7b66ff2de83bd0e9fd79d026630d2d99e55e8bfe501287647b4fd9743de?s=96&d=mm&r=g\",\"url\":\"https:\\\/\\\/secure.gravatar.com\\\/avatar\\\/31a1a7b66ff2de83bd0e9fd79d026630d2d99e55e8bfe501287647b4fd9743de?s=96&d=mm&r=g\",\"contentUrl\":\"https:\\\/\\\/secure.gravatar.com\\\/avatar\\\/31a1a7b66ff2de83bd0e9fd79d026630d2d99e55e8bfe501287647b4fd9743de?s=96&d=mm&r=g\",\"caption\":\"Gonzalo Schmidt\"},\"description\":\"Sitio web de noticias de la provincia de Entre R\u00edos, Argentina. Informaci\u00f3n y entretenimiento. Informe Litoral, nos informamos.\",\"sameAs\":[\"http:\\\/\\\/www.isletasnoticias.com.ar\"],\"url\":\"https:\\\/\\\/informelitoral.com.ar\\\/author\\\/gonzalo\\\/\"}]}<\/script>","yoast_head_json":{"title":"Cuestionan al gobierno entrerriano por un \u201cnuevo recorte presupuestario en educaci\u00f3n\u201d - Informe Litoral","robots":{"index":"index","follow":"follow","max-snippet":"max-snippet:-1","max-image-preview":"max-image-preview:large","max-video-preview":"max-video-preview:-1"},"canonical":"https:\/\/informelitoral.com.ar\/cuestionan-al-gobierno-entrerriano-por-un-nuevo-recorte-presupuestario-en-educacion\/","og_locale":"es_ES","og_type":"article","og_title":"Cuestionan al gobierno entrerriano por un \u201cnuevo recorte presupuestario en educaci\u00f3n\u201d - Informe Litoral","og_description":"En 2015, el Gobierno provincial destinar&aacute; menos presupuesto para Educaci&oacute;n, seg&uacute;n dirigentes de la Agrupaci&oacute;n Rojo y Negro de Agmer. Advierten que el recorte equivale casi a un mes de salarios liquidados por el CGE. &ldquo;El gobierno provincial ha resuelto precarizar a&uacute;n m&aacute;s las condiciones en que ense&ntilde;an y aprenden los entrerrianos&rdquo;, dice a modo [&hellip;]","og_url":"https:\/\/informelitoral.com.ar\/cuestionan-al-gobierno-entrerriano-por-un-nuevo-recorte-presupuestario-en-educacion\/","og_site_name":"Informe Litoral","article_publisher":"https:\/\/www.facebook.com\/informelitoral\/","article_published_time":"2014-12-23T11:00:36+00:00","og_image":[{"width":1600,"height":1200,"url":"https:\/\/informelitoral.com.ar\/%77%70%2d%63%6f%6e%74%65%6e%74\/uploads\/2014\/12\/Imagen0457.jpg","type":"image\/jpeg"}],"author":"Gonzalo Schmidt","twitter_card":"summary_large_image","twitter_creator":"@InformeLitoral","twitter_site":"@InformeLitoral","twitter_misc":{"Escrito por":"Gonzalo Schmidt","Tiempo de lectura":"3 minutos"},"schema":{"@context":"https:\/\/schema.org","@graph":[{"@type":"Article","@id":"https:\/\/informelitoral.com.ar\/cuestionan-al-gobierno-entrerriano-por-un-nuevo-recorte-presupuestario-en-educacion\/#article","isPartOf":{"@id":"https:\/\/informelitoral.com.ar\/cuestionan-al-gobierno-entrerriano-por-un-nuevo-recorte-presupuestario-en-educacion\/"},"author":{"name":"Gonzalo Schmidt","@id":"https:\/\/informelitoral.com.ar\/#\/schema\/person\/b9d00407c836482871ef1d57bf8e3180"},"headline":"Cuestionan al gobierno entrerriano por un \u201cnuevo recorte presupuestario en educaci\u00f3n\u201d","datePublished":"2014-12-23T11:00:36+00:00","mainEntityOfPage":{"@id":"https:\/\/informelitoral.com.ar\/cuestionan-al-gobierno-entrerriano-por-un-nuevo-recorte-presupuestario-en-educacion\/"},"wordCount":540,"commentCount":0,"publisher":{"@id":"https:\/\/informelitoral.com.ar\/#organization"},"image":{"@id":"https:\/\/informelitoral.com.ar\/cuestionan-al-gobierno-entrerriano-por-un-nuevo-recorte-presupuestario-en-educacion\/#primaryimage"},"thumbnailUrl":"http:\/\/www.isletasnoticias.com.ar\/%77%70%2d%63%6f%6e%74%65%6e%74\/uploads\/2014\/12\/Imagen0457-300x225.jpg","articleSection":["Entre R\u00edos","Politica"],"inLanguage":"es","potentialAction":[{"@type":"CommentAction","name":"Comment","target":["https:\/\/informelitoral.com.ar\/cuestionan-al-gobierno-entrerriano-por-un-nuevo-recorte-presupuestario-en-educacion\/#respond"]}]},{"@type":"WebPage","@id":"https:\/\/informelitoral.com.ar\/cuestionan-al-gobierno-entrerriano-por-un-nuevo-recorte-presupuestario-en-educacion\/","url":"https:\/\/informelitoral.com.ar\/cuestionan-al-gobierno-entrerriano-por-un-nuevo-recorte-presupuestario-en-educacion\/","name":"Cuestionan al gobierno entrerriano por un \u201cnuevo recorte presupuestario en educaci\u00f3n\u201d - Informe Litoral","isPartOf":{"@id":"https:\/\/informelitoral.com.ar\/#website"},"primaryImageOfPage":{"@id":"https:\/\/informelitoral.com.ar\/cuestionan-al-gobierno-entrerriano-por-un-nuevo-recorte-presupuestario-en-educacion\/#primaryimage"},"image":{"@id":"https:\/\/informelitoral.com.ar\/cuestionan-al-gobierno-entrerriano-por-un-nuevo-recorte-presupuestario-en-educacion\/#primaryimage"},"thumbnailUrl":"http:\/\/www.isletasnoticias.com.ar\/%77%70%2d%63%6f%6e%74%65%6e%74\/uploads\/2014\/12\/Imagen0457-300x225.jpg","datePublished":"2014-12-23T11:00:36+00:00","breadcrumb":{"@id":"https:\/\/informelitoral.com.ar\/cuestionan-al-gobierno-entrerriano-por-un-nuevo-recorte-presupuestario-en-educacion\/#breadcrumb"},"inLanguage":"es","potentialAction":[{"@type":"ReadAction","target":["https:\/\/informelitoral.com.ar\/cuestionan-al-gobierno-entrerriano-por-un-nuevo-recorte-presupuestario-en-educacion\/"]}]},{"@type":"ImageObject","inLanguage":"es","@id":"https:\/\/informelitoral.com.ar\/cuestionan-al-gobierno-entrerriano-por-un-nuevo-recorte-presupuestario-en-educacion\/#primaryimage","url":"http:\/\/www.isletasnoticias.com.ar\/%77%70%2d%63%6f%6e%74%65%6e%74\/uploads\/2014\/12\/Imagen0457-300x225.jpg","contentUrl":"http:\/\/www.isletasnoticias.com.ar\/%77%70%2d%63%6f%6e%74%65%6e%74\/uploads\/2014\/12\/Imagen0457-300x225.jpg"},{"@type":"BreadcrumbList","@id":"https:\/\/informelitoral.com.ar\/cuestionan-al-gobierno-entrerriano-por-un-nuevo-recorte-presupuestario-en-educacion\/#breadcrumb","itemListElement":[{"@type":"ListItem","position":1,"name":"Portada","item":"https:\/\/informelitoral.com.ar\/"},{"@type":"ListItem","position":2,"name":"Cuestionan al gobierno entrerriano por un \u201cnuevo recorte presupuestario en educaci\u00f3n\u201d"}]},{"@type":"WebSite","@id":"https:\/\/informelitoral.com.ar\/#website","url":"https:\/\/informelitoral.com.ar\/","name":"Informe Litoral","description":"&quot;Nos informamos&quot; ","publisher":{"@id":"https:\/\/informelitoral.com.ar\/#organization"},"potentialAction":[{"@type":"SearchAction","target":{"@type":"EntryPoint","urlTemplate":"https:\/\/informelitoral.com.ar\/?s={search_term_string}"},"query-input":{"@type":"PropertyValueSpecification","valueRequired":true,"valueName":"search_term_string"}}],"inLanguage":"es"},{"@type":"Organization","@id":"https:\/\/informelitoral.com.ar\/#organization","name":"Informe Litoral","url":"https:\/\/informelitoral.com.ar\/","logo":{"@type":"ImageObject","inLanguage":"es","@id":"https:\/\/informelitoral.com.ar\/#\/schema\/logo\/image\/","url":"https:\/\/informelitoral.com.ar\/%77%70%2d%63%6f%6e%74%65%6e%74\/uploads\/2021\/01\/circulo.png","contentUrl":"https:\/\/informelitoral.com.ar\/%77%70%2d%63%6f%6e%74%65%6e%74\/uploads\/2021\/01\/circulo.png","width":723,"height":731,"caption":"Informe Litoral"},"image":{"@id":"https:\/\/informelitoral.com.ar\/#\/schema\/logo\/image\/"},"sameAs":["https:\/\/www.facebook.com\/informelitoral\/","https:\/\/x.com\/InformeLitoral","https:\/\/www.instagram.com\/informelitoral\/","https:\/\/www.youtube.com\/channel\/UCua4Qvz8Icb6MYqhoq9xLXw"]},{"@type":"Person","@id":"https:\/\/informelitoral.com.ar\/#\/schema\/person\/b9d00407c836482871ef1d57bf8e3180","name":"Gonzalo Schmidt","image":{"@type":"ImageObject","inLanguage":"es","@id":"https:\/\/secure.gravatar.com\/avatar\/31a1a7b66ff2de83bd0e9fd79d026630d2d99e55e8bfe501287647b4fd9743de?s=96&d=mm&r=g","url":"https:\/\/secure.gravatar.com\/avatar\/31a1a7b66ff2de83bd0e9fd79d026630d2d99e55e8bfe501287647b4fd9743de?s=96&d=mm&r=g","contentUrl":"https:\/\/secure.gravatar.com\/avatar\/31a1a7b66ff2de83bd0e9fd79d026630d2d99e55e8bfe501287647b4fd9743de?s=96&d=mm&r=g","caption":"Gonzalo Schmidt"},"description":"Sitio web de noticias de la provincia de Entre R\u00edos, Argentina. Informaci\u00f3n y entretenimiento. Informe Litoral, nos informamos.","sameAs":["http:\/\/www.isletasnoticias.com.ar"],"url":"https:\/\/informelitoral.com.ar\/author\/gonzalo\/"}]}},"_links":{"self":[{"href":"https:\/\/informelitoral.com.ar\/%77%70%2d%6a%73%6f%6e\/wp\/v2\/posts\/9370","targetHints":{"allow":["GET"]}}],"collection":[{"href":"https:\/\/informelitoral.com.ar\/%77%70%2d%6a%73%6f%6e\/wp\/v2\/posts"}],"about":[{"href":"https:\/\/informelitoral.com.ar\/%77%70%2d%6a%73%6f%6e\/wp\/v2\/types\/post"}],"author":[{"embeddable":true,"href":"https:\/\/informelitoral.com.ar\/%77%70%2d%6a%73%6f%6e\/wp\/v2\/users\/2"}],"replies":[{"embeddable":true,"href":"https:\/\/informelitoral.com.ar\/%77%70%2d%6a%73%6f%6e\/wp\/v2\/comments?post=9370"}],"version-history":[{"count":0,"href":"https:\/\/informelitoral.com.ar\/%77%70%2d%6a%73%6f%6e\/wp\/v2\/posts\/9370\/revisions"}],"wp:attachment":[{"href":"https:\/\/informelitoral.com.ar\/%77%70%2d%6a%73%6f%6e\/wp\/v2\/media?parent=9370"}],"wp:term":[{"taxonomy":"category","embeddable":true,"href":"https:\/\/informelitoral.com.ar\/%77%70%2d%6a%73%6f%6e\/wp\/v2\/categories?post=9370"},{"taxonomy":"post_tag","embeddable":true,"href":"https:\/\/informelitoral.com.ar\/%77%70%2d%6a%73%6f%6e\/wp\/v2\/tags?post=9370"}],"curies":[{"name":"wp","href":"https:\/\/api.w.org\/{rel}","templated":true}]}}