{"id":9361,"date":"2014-12-22T21:58:49","date_gmt":"2014-12-23T00:58:49","guid":{"rendered":"http:\/\/www.isletasnoticias.com.ar\/?p=9361"},"modified":"2014-12-22T21:58:49","modified_gmt":"2014-12-23T00:58:49","slug":"el-gobierno-acordo-con-provincias-y-petroleras-una-rebaja-del-5-para-las-naftas","status":"publish","type":"post","link":"https:\/\/informelitoral.com.ar\/el-gobierno-acordo-con-provincias-y-petroleras-una-rebaja-del-5-para-las-naftas\/","title":{"rendered":"El Gobierno acord\u00f3 con provincias y petroleras una rebaja del 5% para las naftas"},"content":{"rendered":"<p><strong>El ministro <em><span class=\"agrupador\">Julio De Vido<\/span><\/em> y el CEO de YPF, <em>Miguel Galuccio,<\/em> fueron los encargados de negociar los puntos finales del convenio con los gobernadores de las provincias productoras de hidrocarburos para una baja en el precio al p\u00fablico de los combustibles.<a href=\"http:\/\/www.isletasnoticias.com.ar\/%77%70%2d%63%6f%6e%74%65%6e%74\/uploads\/2014\/12\/0011486341.jpg\"><img loading=\"lazy\" decoding=\"async\" class=\"aligncenter size-medium wp-image-9362\" src=\"http:\/\/www.isletasnoticias.com.ar\/%77%70%2d%63%6f%6e%74%65%6e%74\/uploads\/2014\/12\/0011486341-300x168.jpg\" alt=\"0011486341\" width=\"300\" height=\"168\" srcset=\"https:\/\/informelitoral.com.ar\/%77%70%2d%63%6f%6e%74%65%6e%74\/uploads\/2014\/12\/0011486341-300x168.jpg 300w, https:\/\/informelitoral.com.ar\/%77%70%2d%63%6f%6e%74%65%6e%74\/uploads\/2014\/12\/0011486341.jpg 770w\" sizes=\"auto, (max-width: 300px) 100vw, 300px\" \/><\/a><\/strong><\/p>\n<p>Luego de reunirse con los diez gobernadores integrantes de la Organizaci\u00f3n Federal de los Estados Productores de Hidrocarburos (OFEPHI) y empresas petroleras el Gobierno acord\u00f3 una reducci\u00f3n del 5% para los precios al p\u00fablico de las naftas, en el marco de la reducci\u00f3n de los precios internacionales del crudo. As\u00ed lo confirmaron fuentes de la negociaci\u00f3n a <em>Infobae.<\/em><\/p>\n<p>El ministro de Planificaci\u00f3n Federal, Julio De Vido, y el CEO de YPF, Miguel Galuccio, fueron los encargados de trazar esta noche los lineamientos finales del convenio para una baja en el precio al p\u00fablico de los combustibles.<\/p>\n<p>Este fin de semana los gobernadores provinciales que forman parte de la OFEPHI estuvieron en comunicaci\u00f3n permanente con la secretaria de Energ\u00eda Mariana Matranga, a fin de delinear una estrategia conjunta, y a esas conversaciones se sumaron funcionarios de YPF, liderados por Galuccio.<\/p>\n<p>La reuni\u00f3n se realiz\u00f3 este lunes en el Ministerio de Econom\u00eda y estuvo presidida por Kicillof, De Vido y Matranga.<\/p>\n<p>Lo que est\u00e1 claro, es que hubo un cambio de rumbo en la posici\u00f3n oficial y quien tom\u00f3 la decisi\u00f3n fue el ministro de Econom\u00eda \u00c1xel Kicillof, frente a la negativa que prevalec\u00eda en YPF hasta la semana pasada de no modificar la pol\u00edtica de precios en las estaciones de servicio, a pesar del brusco descenso de la cotizaci\u00f3n internacional del crudo, que se derrumb\u00f3 casi un 50% desde julio a la fecha.<\/p>\n<p>En la reuni\u00f3n en la que participaron gobernadores y ministros de Energ\u00eda provinciales, los mandatarios de las provincias petroleras sostuvieron su posici\u00f3n de mantener una precio del crudo de alrededor de 60 d\u00f3lares frente a los 83 d\u00f3lares que los comercian las empresas petroleras productoras. Uno de los objetivos ser\u00e1, de acuerdo a lo que anticip\u00f3 Mart\u00edn Buzzi, llegar a un acuerdo para sostener la actividad en la Cuenca del Golfo San Jorge frente a un panorama donde actualmente el precio interno del petr\u00f3leo Escalante es de 67 d\u00f3lares mientras que los tipo de crudo que son referencias internacionales cotizan en 55 d\u00f3lares en el caso del WTI y de 61 d\u00f3lares el Brent.<br \/>\nLas negociaciones se reanudaron el domingo para retocar el precio del combustible, acorde a la baja del precio internacional. Esas charlas fueron con YPF y con PAE y al parecer todos los actores de la cadena petrolera se habr\u00edan comprometido a poner esfuerzo de su parte.<\/p>\n<p>En el caso puntual de las provincias, las petroleras, y Naci\u00f3n ser\u00eda con la baja del impuesto a la transferencia de combustibles.<\/p>\n","protected":false},"excerpt":{"rendered":"<p>El ministro Julio De Vido y el CEO de YPF, Miguel Galuccio, fueron los encargados de negociar los puntos finales del convenio con los gobernadores de las provincias productoras de hidrocarburos para una baja en el precio al p&uacute;blico de los combustibles. Luego de reunirse con los diez gobernadores integrantes de la Organizaci&oacute;n Federal de [&hellip;]<\/p>\n","protected":false},"author":2,"featured_media":0,"comment_status":"open","ping_status":"open","sticky":false,"template":"","format":"standard","meta":{"fifu_image_url":"","fifu_image_alt":"","footnotes":""},"categories":[7],"tags":[],"class_list":{"0":"post-9361","1":"post","2":"type-post","3":"status-publish","4":"format-standard","6":"category-nacionales"},"yoast_head":"<title>El Gobierno acord\u00f3 con provincias y petroleras una rebaja del 5% para las naftas - Informe Litoral<\/title>\n<meta name=\"robots\" content=\"index, follow, max-snippet:-1, max-image-preview:large, max-video-preview:-1\" \/>\n<link rel=\"canonical\" href=\"https:\/\/informelitoral.com.ar\/el-gobierno-acordo-con-provincias-y-petroleras-una-rebaja-del-5-para-las-naftas\/\" \/>\n<meta property=\"og:locale\" content=\"es_ES\" \/>\n<meta property=\"og:type\" content=\"article\" \/>\n<meta property=\"og:title\" content=\"El Gobierno acord\u00f3 con provincias y petroleras una rebaja del 5% para las naftas - Informe Litoral\" \/>\n<meta property=\"og:description\" content=\"El ministro Julio De Vido y el CEO de YPF, Miguel Galuccio, fueron los encargados de negociar los puntos finales del convenio con los gobernadores de las provincias productoras de hidrocarburos para una baja en el precio al p&uacute;blico de los combustibles. Luego de reunirse con los diez gobernadores integrantes de la Organizaci&oacute;n Federal de [&hellip;]\" \/>\n<meta property=\"og:url\" content=\"https:\/\/informelitoral.com.ar\/el-gobierno-acordo-con-provincias-y-petroleras-una-rebaja-del-5-para-las-naftas\/\" \/>\n<meta property=\"og:site_name\" content=\"Informe Litoral\" \/>\n<meta property=\"article:publisher\" content=\"https:\/\/www.facebook.com\/informelitoral\/\" \/>\n<meta property=\"article:published_time\" content=\"2014-12-23T00:58:49+00:00\" \/>\n<meta property=\"og:image\" content=\"https:\/\/informelitoral.com.ar\/%77%70%2d%63%6f%6e%74%65%6e%74\/uploads\/2014\/12\/0011486341.jpg\" \/>\n\t<meta property=\"og:image:width\" content=\"770\" \/>\n\t<meta property=\"og:image:height\" content=\"433\" \/>\n\t<meta property=\"og:image:type\" content=\"image\/jpeg\" \/>\n<meta name=\"author\" content=\"Gonzalo Schmidt\" \/>\n<meta name=\"twitter:card\" content=\"summary_large_image\" \/>\n<meta name=\"twitter:creator\" content=\"@InformeLitoral\" \/>\n<meta name=\"twitter:site\" content=\"@InformeLitoral\" \/>\n<meta name=\"twitter:label1\" content=\"Escrito por\" \/>\n\t<meta name=\"twitter:data1\" content=\"Gonzalo Schmidt\" \/>\n\t<meta name=\"twitter:label2\" content=\"Tiempo de lectura\" \/>\n\t<meta name=\"twitter:data2\" content=\"2 minutos\" \/>\n<script type=\"application\/ld+json\" class=\"yoast-schema-graph\">{\"@context\":\"https:\\\/\\\/schema.org\",\"@graph\":[{\"@type\":\"Article\",\"@id\":\"https:\\\/\\\/informelitoral.com.ar\\\/el-gobierno-acordo-con-provincias-y-petroleras-una-rebaja-del-5-para-las-naftas\\\/#article\",\"isPartOf\":{\"@id\":\"https:\\\/\\\/informelitoral.com.ar\\\/el-gobierno-acordo-con-provincias-y-petroleras-una-rebaja-del-5-para-las-naftas\\\/\"},\"author\":{\"name\":\"Gonzalo Schmidt\",\"@id\":\"https:\\\/\\\/informelitoral.com.ar\\\/#\\\/schema\\\/person\\\/b9d00407c836482871ef1d57bf8e3180\"},\"headline\":\"El Gobierno acord\u00f3 con provincias y petroleras una rebaja del 5% para las naftas\",\"datePublished\":\"2014-12-23T00:58:49+00:00\",\"mainEntityOfPage\":{\"@id\":\"https:\\\/\\\/informelitoral.com.ar\\\/el-gobierno-acordo-con-provincias-y-petroleras-una-rebaja-del-5-para-las-naftas\\\/\"},\"wordCount\":493,\"commentCount\":0,\"publisher\":{\"@id\":\"https:\\\/\\\/informelitoral.com.ar\\\/#organization\"},\"image\":{\"@id\":\"https:\\\/\\\/informelitoral.com.ar\\\/el-gobierno-acordo-con-provincias-y-petroleras-una-rebaja-del-5-para-las-naftas\\\/#primaryimage\"},\"thumbnailUrl\":\"http:\\\/\\\/www.isletasnoticias.com.ar\\\/%77%70%2d%63%6f%6e%74%65%6e%74\\\/uploads\\\/2014\\\/12\\\/0011486341-300x168.jpg\",\"articleSection\":[\"Nacionales\"],\"inLanguage\":\"es\",\"potentialAction\":[{\"@type\":\"CommentAction\",\"name\":\"Comment\",\"target\":[\"https:\\\/\\\/informelitoral.com.ar\\\/el-gobierno-acordo-con-provincias-y-petroleras-una-rebaja-del-5-para-las-naftas\\\/#respond\"]}]},{\"@type\":\"WebPage\",\"@id\":\"https:\\\/\\\/informelitoral.com.ar\\\/el-gobierno-acordo-con-provincias-y-petroleras-una-rebaja-del-5-para-las-naftas\\\/\",\"url\":\"https:\\\/\\\/informelitoral.com.ar\\\/el-gobierno-acordo-con-provincias-y-petroleras-una-rebaja-del-5-para-las-naftas\\\/\",\"name\":\"El Gobierno acord\u00f3 con provincias y petroleras una rebaja del 5% para las naftas - Informe Litoral\",\"isPartOf\":{\"@id\":\"https:\\\/\\\/informelitoral.com.ar\\\/#website\"},\"primaryImageOfPage\":{\"@id\":\"https:\\\/\\\/informelitoral.com.ar\\\/el-gobierno-acordo-con-provincias-y-petroleras-una-rebaja-del-5-para-las-naftas\\\/#primaryimage\"},\"image\":{\"@id\":\"https:\\\/\\\/informelitoral.com.ar\\\/el-gobierno-acordo-con-provincias-y-petroleras-una-rebaja-del-5-para-las-naftas\\\/#primaryimage\"},\"thumbnailUrl\":\"http:\\\/\\\/www.isletasnoticias.com.ar\\\/%77%70%2d%63%6f%6e%74%65%6e%74\\\/uploads\\\/2014\\\/12\\\/0011486341-300x168.jpg\",\"datePublished\":\"2014-12-23T00:58:49+00:00\",\"breadcrumb\":{\"@id\":\"https:\\\/\\\/informelitoral.com.ar\\\/el-gobierno-acordo-con-provincias-y-petroleras-una-rebaja-del-5-para-las-naftas\\\/#breadcrumb\"},\"inLanguage\":\"es\",\"potentialAction\":[{\"@type\":\"ReadAction\",\"target\":[\"https:\\\/\\\/informelitoral.com.ar\\\/el-gobierno-acordo-con-provincias-y-petroleras-una-rebaja-del-5-para-las-naftas\\\/\"]}]},{\"@type\":\"ImageObject\",\"inLanguage\":\"es\",\"@id\":\"https:\\\/\\\/informelitoral.com.ar\\\/el-gobierno-acordo-con-provincias-y-petroleras-una-rebaja-del-5-para-las-naftas\\\/#primaryimage\",\"url\":\"http:\\\/\\\/www.isletasnoticias.com.ar\\\/%77%70%2d%63%6f%6e%74%65%6e%74\\\/uploads\\\/2014\\\/12\\\/0011486341-300x168.jpg\",\"contentUrl\":\"http:\\\/\\\/www.isletasnoticias.com.ar\\\/%77%70%2d%63%6f%6e%74%65%6e%74\\\/uploads\\\/2014\\\/12\\\/0011486341-300x168.jpg\"},{\"@type\":\"BreadcrumbList\",\"@id\":\"https:\\\/\\\/informelitoral.com.ar\\\/el-gobierno-acordo-con-provincias-y-petroleras-una-rebaja-del-5-para-las-naftas\\\/#breadcrumb\",\"itemListElement\":[{\"@type\":\"ListItem\",\"position\":1,\"name\":\"Portada\",\"item\":\"https:\\\/\\\/informelitoral.com.ar\\\/\"},{\"@type\":\"ListItem\",\"position\":2,\"name\":\"El Gobierno acord\u00f3 con provincias y petroleras una rebaja del 5% para las naftas\"}]},{\"@type\":\"WebSite\",\"@id\":\"https:\\\/\\\/informelitoral.com.ar\\\/#website\",\"url\":\"https:\\\/\\\/informelitoral.com.ar\\\/\",\"name\":\"Informe Litoral\",\"description\":\"&quot;Nos informamos&quot; \",\"publisher\":{\"@id\":\"https:\\\/\\\/informelitoral.com.ar\\\/#organization\"},\"potentialAction\":[{\"@type\":\"SearchAction\",\"target\":{\"@type\":\"EntryPoint\",\"urlTemplate\":\"https:\\\/\\\/informelitoral.com.ar\\\/?s={search_term_string}\"},\"query-input\":{\"@type\":\"PropertyValueSpecification\",\"valueRequired\":true,\"valueName\":\"search_term_string\"}}],\"inLanguage\":\"es\"},{\"@type\":\"Organization\",\"@id\":\"https:\\\/\\\/informelitoral.com.ar\\\/#organization\",\"name\":\"Informe Litoral\",\"url\":\"https:\\\/\\\/informelitoral.com.ar\\\/\",\"logo\":{\"@type\":\"ImageObject\",\"inLanguage\":\"es\",\"@id\":\"https:\\\/\\\/informelitoral.com.ar\\\/#\\\/schema\\\/logo\\\/image\\\/\",\"url\":\"https:\\\/\\\/informelitoral.com.ar\\\/%77%70%2d%63%6f%6e%74%65%6e%74\\\/uploads\\\/2021\\\/01\\\/circulo.png\",\"contentUrl\":\"https:\\\/\\\/informelitoral.com.ar\\\/%77%70%2d%63%6f%6e%74%65%6e%74\\\/uploads\\\/2021\\\/01\\\/circulo.png\",\"width\":723,\"height\":731,\"caption\":\"Informe Litoral\"},\"image\":{\"@id\":\"https:\\\/\\\/informelitoral.com.ar\\\/#\\\/schema\\\/logo\\\/image\\\/\"},\"sameAs\":[\"https:\\\/\\\/www.facebook.com\\\/informelitoral\\\/\",\"https:\\\/\\\/x.com\\\/InformeLitoral\",\"https:\\\/\\\/www.instagram.com\\\/informelitoral\\\/\",\"https:\\\/\\\/www.youtube.com\\\/channel\\\/UCua4Qvz8Icb6MYqhoq9xLXw\"]},{\"@type\":\"Person\",\"@id\":\"https:\\\/\\\/informelitoral.com.ar\\\/#\\\/schema\\\/person\\\/b9d00407c836482871ef1d57bf8e3180\",\"name\":\"Gonzalo Schmidt\",\"image\":{\"@type\":\"ImageObject\",\"inLanguage\":\"es\",\"@id\":\"https:\\\/\\\/secure.gravatar.com\\\/avatar\\\/31a1a7b66ff2de83bd0e9fd79d026630d2d99e55e8bfe501287647b4fd9743de?s=96&d=mm&r=g\",\"url\":\"https:\\\/\\\/secure.gravatar.com\\\/avatar\\\/31a1a7b66ff2de83bd0e9fd79d026630d2d99e55e8bfe501287647b4fd9743de?s=96&d=mm&r=g\",\"contentUrl\":\"https:\\\/\\\/secure.gravatar.com\\\/avatar\\\/31a1a7b66ff2de83bd0e9fd79d026630d2d99e55e8bfe501287647b4fd9743de?s=96&d=mm&r=g\",\"caption\":\"Gonzalo Schmidt\"},\"description\":\"Sitio web de noticias de la provincia de Entre R\u00edos, Argentina. Informaci\u00f3n y entretenimiento. Informe Litoral, nos informamos.\",\"sameAs\":[\"http:\\\/\\\/www.isletasnoticias.com.ar\"],\"url\":\"https:\\\/\\\/informelitoral.com.ar\\\/author\\\/gonzalo\\\/\"}]}<\/script>","yoast_head_json":{"title":"El Gobierno acord\u00f3 con provincias y petroleras una rebaja del 5% para las naftas - Informe Litoral","robots":{"index":"index","follow":"follow","max-snippet":"max-snippet:-1","max-image-preview":"max-image-preview:large","max-video-preview":"max-video-preview:-1"},"canonical":"https:\/\/informelitoral.com.ar\/el-gobierno-acordo-con-provincias-y-petroleras-una-rebaja-del-5-para-las-naftas\/","og_locale":"es_ES","og_type":"article","og_title":"El Gobierno acord\u00f3 con provincias y petroleras una rebaja del 5% para las naftas - Informe Litoral","og_description":"El ministro Julio De Vido y el CEO de YPF, Miguel Galuccio, fueron los encargados de negociar los puntos finales del convenio con los gobernadores de las provincias productoras de hidrocarburos para una baja en el precio al p&uacute;blico de los combustibles. Luego de reunirse con los diez gobernadores integrantes de la Organizaci&oacute;n Federal de [&hellip;]","og_url":"https:\/\/informelitoral.com.ar\/el-gobierno-acordo-con-provincias-y-petroleras-una-rebaja-del-5-para-las-naftas\/","og_site_name":"Informe Litoral","article_publisher":"https:\/\/www.facebook.com\/informelitoral\/","article_published_time":"2014-12-23T00:58:49+00:00","og_image":[{"width":770,"height":433,"url":"https:\/\/informelitoral.com.ar\/%77%70%2d%63%6f%6e%74%65%6e%74\/uploads\/2014\/12\/0011486341.jpg","type":"image\/jpeg"}],"author":"Gonzalo Schmidt","twitter_card":"summary_large_image","twitter_creator":"@InformeLitoral","twitter_site":"@InformeLitoral","twitter_misc":{"Escrito por":"Gonzalo Schmidt","Tiempo de lectura":"2 minutos"},"schema":{"@context":"https:\/\/schema.org","@graph":[{"@type":"Article","@id":"https:\/\/informelitoral.com.ar\/el-gobierno-acordo-con-provincias-y-petroleras-una-rebaja-del-5-para-las-naftas\/#article","isPartOf":{"@id":"https:\/\/informelitoral.com.ar\/el-gobierno-acordo-con-provincias-y-petroleras-una-rebaja-del-5-para-las-naftas\/"},"author":{"name":"Gonzalo Schmidt","@id":"https:\/\/informelitoral.com.ar\/#\/schema\/person\/b9d00407c836482871ef1d57bf8e3180"},"headline":"El Gobierno acord\u00f3 con provincias y petroleras una rebaja del 5% para las naftas","datePublished":"2014-12-23T00:58:49+00:00","mainEntityOfPage":{"@id":"https:\/\/informelitoral.com.ar\/el-gobierno-acordo-con-provincias-y-petroleras-una-rebaja-del-5-para-las-naftas\/"},"wordCount":493,"commentCount":0,"publisher":{"@id":"https:\/\/informelitoral.com.ar\/#organization"},"image":{"@id":"https:\/\/informelitoral.com.ar\/el-gobierno-acordo-con-provincias-y-petroleras-una-rebaja-del-5-para-las-naftas\/#primaryimage"},"thumbnailUrl":"http:\/\/www.isletasnoticias.com.ar\/%77%70%2d%63%6f%6e%74%65%6e%74\/uploads\/2014\/12\/0011486341-300x168.jpg","articleSection":["Nacionales"],"inLanguage":"es","potentialAction":[{"@type":"CommentAction","name":"Comment","target":["https:\/\/informelitoral.com.ar\/el-gobierno-acordo-con-provincias-y-petroleras-una-rebaja-del-5-para-las-naftas\/#respond"]}]},{"@type":"WebPage","@id":"https:\/\/informelitoral.com.ar\/el-gobierno-acordo-con-provincias-y-petroleras-una-rebaja-del-5-para-las-naftas\/","url":"https:\/\/informelitoral.com.ar\/el-gobierno-acordo-con-provincias-y-petroleras-una-rebaja-del-5-para-las-naftas\/","name":"El Gobierno acord\u00f3 con provincias y petroleras una rebaja del 5% para las naftas - Informe Litoral","isPartOf":{"@id":"https:\/\/informelitoral.com.ar\/#website"},"primaryImageOfPage":{"@id":"https:\/\/informelitoral.com.ar\/el-gobierno-acordo-con-provincias-y-petroleras-una-rebaja-del-5-para-las-naftas\/#primaryimage"},"image":{"@id":"https:\/\/informelitoral.com.ar\/el-gobierno-acordo-con-provincias-y-petroleras-una-rebaja-del-5-para-las-naftas\/#primaryimage"},"thumbnailUrl":"http:\/\/www.isletasnoticias.com.ar\/%77%70%2d%63%6f%6e%74%65%6e%74\/uploads\/2014\/12\/0011486341-300x168.jpg","datePublished":"2014-12-23T00:58:49+00:00","breadcrumb":{"@id":"https:\/\/informelitoral.com.ar\/el-gobierno-acordo-con-provincias-y-petroleras-una-rebaja-del-5-para-las-naftas\/#breadcrumb"},"inLanguage":"es","potentialAction":[{"@type":"ReadAction","target":["https:\/\/informelitoral.com.ar\/el-gobierno-acordo-con-provincias-y-petroleras-una-rebaja-del-5-para-las-naftas\/"]}]},{"@type":"ImageObject","inLanguage":"es","@id":"https:\/\/informelitoral.com.ar\/el-gobierno-acordo-con-provincias-y-petroleras-una-rebaja-del-5-para-las-naftas\/#primaryimage","url":"http:\/\/www.isletasnoticias.com.ar\/%77%70%2d%63%6f%6e%74%65%6e%74\/uploads\/2014\/12\/0011486341-300x168.jpg","contentUrl":"http:\/\/www.isletasnoticias.com.ar\/%77%70%2d%63%6f%6e%74%65%6e%74\/uploads\/2014\/12\/0011486341-300x168.jpg"},{"@type":"BreadcrumbList","@id":"https:\/\/informelitoral.com.ar\/el-gobierno-acordo-con-provincias-y-petroleras-una-rebaja-del-5-para-las-naftas\/#breadcrumb","itemListElement":[{"@type":"ListItem","position":1,"name":"Portada","item":"https:\/\/informelitoral.com.ar\/"},{"@type":"ListItem","position":2,"name":"El Gobierno acord\u00f3 con provincias y petroleras una rebaja del 5% para las naftas"}]},{"@type":"WebSite","@id":"https:\/\/informelitoral.com.ar\/#website","url":"https:\/\/informelitoral.com.ar\/","name":"Informe Litoral","description":"&quot;Nos informamos&quot; ","publisher":{"@id":"https:\/\/informelitoral.com.ar\/#organization"},"potentialAction":[{"@type":"SearchAction","target":{"@type":"EntryPoint","urlTemplate":"https:\/\/informelitoral.com.ar\/?s={search_term_string}"},"query-input":{"@type":"PropertyValueSpecification","valueRequired":true,"valueName":"search_term_string"}}],"inLanguage":"es"},{"@type":"Organization","@id":"https:\/\/informelitoral.com.ar\/#organization","name":"Informe Litoral","url":"https:\/\/informelitoral.com.ar\/","logo":{"@type":"ImageObject","inLanguage":"es","@id":"https:\/\/informelitoral.com.ar\/#\/schema\/logo\/image\/","url":"https:\/\/informelitoral.com.ar\/%77%70%2d%63%6f%6e%74%65%6e%74\/uploads\/2021\/01\/circulo.png","contentUrl":"https:\/\/informelitoral.com.ar\/%77%70%2d%63%6f%6e%74%65%6e%74\/uploads\/2021\/01\/circulo.png","width":723,"height":731,"caption":"Informe Litoral"},"image":{"@id":"https:\/\/informelitoral.com.ar\/#\/schema\/logo\/image\/"},"sameAs":["https:\/\/www.facebook.com\/informelitoral\/","https:\/\/x.com\/InformeLitoral","https:\/\/www.instagram.com\/informelitoral\/","https:\/\/www.youtube.com\/channel\/UCua4Qvz8Icb6MYqhoq9xLXw"]},{"@type":"Person","@id":"https:\/\/informelitoral.com.ar\/#\/schema\/person\/b9d00407c836482871ef1d57bf8e3180","name":"Gonzalo Schmidt","image":{"@type":"ImageObject","inLanguage":"es","@id":"https:\/\/secure.gravatar.com\/avatar\/31a1a7b66ff2de83bd0e9fd79d026630d2d99e55e8bfe501287647b4fd9743de?s=96&d=mm&r=g","url":"https:\/\/secure.gravatar.com\/avatar\/31a1a7b66ff2de83bd0e9fd79d026630d2d99e55e8bfe501287647b4fd9743de?s=96&d=mm&r=g","contentUrl":"https:\/\/secure.gravatar.com\/avatar\/31a1a7b66ff2de83bd0e9fd79d026630d2d99e55e8bfe501287647b4fd9743de?s=96&d=mm&r=g","caption":"Gonzalo Schmidt"},"description":"Sitio web de noticias de la provincia de Entre R\u00edos, Argentina. Informaci\u00f3n y entretenimiento. Informe Litoral, nos informamos.","sameAs":["http:\/\/www.isletasnoticias.com.ar"],"url":"https:\/\/informelitoral.com.ar\/author\/gonzalo\/"}]}},"_links":{"self":[{"href":"https:\/\/informelitoral.com.ar\/%77%70%2d%6a%73%6f%6e\/wp\/v2\/posts\/9361","targetHints":{"allow":["GET"]}}],"collection":[{"href":"https:\/\/informelitoral.com.ar\/%77%70%2d%6a%73%6f%6e\/wp\/v2\/posts"}],"about":[{"href":"https:\/\/informelitoral.com.ar\/%77%70%2d%6a%73%6f%6e\/wp\/v2\/types\/post"}],"author":[{"embeddable":true,"href":"https:\/\/informelitoral.com.ar\/%77%70%2d%6a%73%6f%6e\/wp\/v2\/users\/2"}],"replies":[{"embeddable":true,"href":"https:\/\/informelitoral.com.ar\/%77%70%2d%6a%73%6f%6e\/wp\/v2\/comments?post=9361"}],"version-history":[{"count":0,"href":"https:\/\/informelitoral.com.ar\/%77%70%2d%6a%73%6f%6e\/wp\/v2\/posts\/9361\/revisions"}],"wp:attachment":[{"href":"https:\/\/informelitoral.com.ar\/%77%70%2d%6a%73%6f%6e\/wp\/v2\/media?parent=9361"}],"wp:term":[{"taxonomy":"category","embeddable":true,"href":"https:\/\/informelitoral.com.ar\/%77%70%2d%6a%73%6f%6e\/wp\/v2\/categories?post=9361"},{"taxonomy":"post_tag","embeddable":true,"href":"https:\/\/informelitoral.com.ar\/%77%70%2d%6a%73%6f%6e\/wp\/v2\/tags?post=9361"}],"curies":[{"name":"wp","href":"https:\/\/api.w.org\/{rel}","templated":true}]}}