{"id":9357,"date":"2014-12-22T20:25:40","date_gmt":"2014-12-22T23:25:40","guid":{"rendered":"http:\/\/www.isletasnoticias.com.ar\/?p=9357"},"modified":"2014-12-22T20:25:40","modified_gmt":"2014-12-22T23:25:40","slug":"congreso-de-agmer-oficializara-el-no-inicio-de-clases-en-2015","status":"publish","type":"post","link":"https:\/\/informelitoral.com.ar\/congreso-de-agmer-oficializara-el-no-inicio-de-clases-en-2015\/","title":{"rendered":"Congreso de Agmer oficializar\u00e1 el no inicio de clases en 2015"},"content":{"rendered":"<p><strong>Los docentes sesionan este lunes en Congreso en Gualeguay. D\u00edas atr\u00e1s hab\u00edan anunciado que no se iniciar\u00e1 el ciclo lectivo 2015, ante la falta de convocatoria por parte de las autoridades para la negociaci\u00f3n paritaria. Clima de malestar.<a href=\"http:\/\/www.isletasnoticias.com.ar\/%77%70%2d%63%6f%6e%74%65%6e%74\/uploads\/2014\/12\/o_1397160725.jpg\"><img loading=\"lazy\" decoding=\"async\" class=\"aligncenter size-medium wp-image-9358\" src=\"http:\/\/www.isletasnoticias.com.ar\/%77%70%2d%63%6f%6e%74%65%6e%74\/uploads\/2014\/12\/o_1397160725-300x168.jpg\" alt=\"o_1397160725\" width=\"300\" height=\"168\" srcset=\"https:\/\/informelitoral.com.ar\/%77%70%2d%63%6f%6e%74%65%6e%74\/uploads\/2014\/12\/o_1397160725-300x168.jpg 300w, https:\/\/informelitoral.com.ar\/%77%70%2d%63%6f%6e%74%65%6e%74\/uploads\/2014\/12\/o_1397160725.jpg 640w\" sizes=\"auto, (max-width: 300px) 100vw, 300px\" \/><\/a><\/strong><\/p>\n<p>Este lunes a partir de las 9 sesionar\u00e1 el congreso ordinario y a las 12 arrancar\u00e1 el extraordinario de la Asociaci\u00f3n Gremial del Magisterio de Entre R\u00edos (AGMER) en la ciudad de Gualeguay. Cabe recordar que el gremio que nuclea a los docentes ya anunci\u00f3 que no iniciar\u00e1 el ciclo lectivo 2015.<\/p>\n<p>\u201cNuestro sindicato ha dado sobradas muestras de su voluntad de canalizar y resolver el conflicto a trav\u00e9s del di\u00e1logo, pero las autoridades de Gobierno persisten en hacer o\u00eddos sordos a los planteos y reclamos que hemos sostenido y que, prioritariamente, demandan una inmediata recomposici\u00f3n salarial para el conjunto de los trabajadores\u201d, destacaron en un comunicado, seg\u00fan consign\u00f3 Apf.<\/p>\n<p>\u201cDesde mediados de este a\u00f1o nuestra organizaci\u00f3n ha llevado adelante un plan de lucha de masiva adhesi\u00f3n, que se ha expresado con paros y movilizaciones, reclamando un \u00e1mbito de negociaci\u00f3n que supere la discusi\u00f3n t\u00e9cnica que habilit\u00f3 el Gobierno en la comisi\u00f3n de seguimiento de los recursos provinciales. En vez de responder a esta demanda leg\u00edtima, el Ejecutivo provincial se mantuvo en silencio y, recrudeciendo el conflicto, aplic\u00f3 descuentos desmedidos sobre los salarios de los docentes que adhirieron a las medidas de fuerza convocadas con total legalidad y legitimidad por nuestro sindicato\u201d, remarcaron.<\/p>\n<p>\u201cComo ya lo advertimos, los tiempos se han agotado. El ciclo lectivo 2014 llega a su fin con un conflicto irresuelto y un gran malestar entre los docentes por la falta de respuesta a una demanda que hoy es impostergable: recomponer el salario para paliar su deterioro producto del proceso inflacionario en curso\u201d, advirti\u00f3 AGMER en un documento firmado por el secretario General Fabi\u00e1n Pecc\u00edn y el adjunto Alejandro Bernasconi.<\/p>\n<p>En este contexto, \u201csin convocatoria del Gobierno y ninguna noticia sobre el inicio de una nueva negociaci\u00f3n paritaria para los pr\u00f3ximos meses\u201d, la conducci\u00f3n provincial de Agmer anunci\u00f3 d\u00edas atr\u00e1s que no iniciar\u00e1 el ciclo lectivo 2015 en la provincia de Entre R\u00edos e hizo \u201cresponsable de este conflicto al Gobierno de la provincia\u201d.<\/p>\n<p>Esta situaci\u00f3n ser\u00e1 abordada en el congreso de este lunes, donde se definir\u00e1 \u201cel plan de lucha que contenga y exprese el profundo malestar de la docencia entrerriana\u201d.<\/p>\n<div class=\"nota-tw\"><\/div>\n","protected":false},"excerpt":{"rendered":"<p>Los docentes sesionan este lunes en Congreso en Gualeguay. D&iacute;as atr&aacute;s hab&iacute;an anunciado que no se iniciar&aacute; el ciclo lectivo 2015, ante la falta de convocatoria por parte de las autoridades para la negociaci&oacute;n paritaria. Clima de malestar. Este lunes a partir de las 9 sesionar&aacute; el congreso ordinario y a las 12 arrancar&aacute; el [&hellip;]<\/p>\n","protected":false},"author":2,"featured_media":0,"comment_status":"open","ping_status":"open","sticky":false,"template":"","format":"standard","meta":{"fifu_image_url":"","fifu_image_alt":"","footnotes":""},"categories":[6],"tags":[],"class_list":{"0":"post-9357","1":"post","2":"type-post","3":"status-publish","4":"format-standard","6":"category-entre-rios"},"yoast_head":"<title>Congreso de Agmer oficializar\u00e1 el no inicio de clases en 2015 - Informe Litoral<\/title>\n<meta name=\"robots\" content=\"index, follow, max-snippet:-1, max-image-preview:large, max-video-preview:-1\" \/>\n<link rel=\"canonical\" href=\"https:\/\/informelitoral.com.ar\/congreso-de-agmer-oficializara-el-no-inicio-de-clases-en-2015\/\" \/>\n<meta property=\"og:locale\" content=\"es_ES\" \/>\n<meta property=\"og:type\" content=\"article\" \/>\n<meta property=\"og:title\" content=\"Congreso de Agmer oficializar\u00e1 el no inicio de clases en 2015 - Informe Litoral\" \/>\n<meta property=\"og:description\" content=\"Los docentes sesionan este lunes en Congreso en Gualeguay. D&iacute;as atr&aacute;s hab&iacute;an anunciado que no se iniciar&aacute; el ciclo lectivo 2015, ante la falta de convocatoria por parte de las autoridades para la negociaci&oacute;n paritaria. Clima de malestar. Este lunes a partir de las 9 sesionar&aacute; el congreso ordinario y a las 12 arrancar&aacute; el [&hellip;]\" \/>\n<meta property=\"og:url\" content=\"https:\/\/informelitoral.com.ar\/congreso-de-agmer-oficializara-el-no-inicio-de-clases-en-2015\/\" \/>\n<meta property=\"og:site_name\" content=\"Informe Litoral\" \/>\n<meta property=\"article:publisher\" content=\"https:\/\/www.facebook.com\/informelitoral\/\" \/>\n<meta property=\"article:published_time\" content=\"2014-12-22T23:25:40+00:00\" \/>\n<meta property=\"og:image\" content=\"https:\/\/informelitoral.com.ar\/%77%70%2d%63%6f%6e%74%65%6e%74\/uploads\/2014\/12\/o_1397160725.jpg\" \/>\n\t<meta property=\"og:image:width\" content=\"640\" \/>\n\t<meta property=\"og:image:height\" content=\"360\" \/>\n\t<meta property=\"og:image:type\" content=\"image\/jpeg\" \/>\n<meta name=\"author\" content=\"Gonzalo Schmidt\" \/>\n<meta name=\"twitter:card\" content=\"summary_large_image\" \/>\n<meta name=\"twitter:creator\" content=\"@InformeLitoral\" \/>\n<meta name=\"twitter:site\" content=\"@InformeLitoral\" \/>\n<meta name=\"twitter:label1\" content=\"Escrito por\" \/>\n\t<meta name=\"twitter:data1\" content=\"Gonzalo Schmidt\" \/>\n\t<meta name=\"twitter:label2\" content=\"Tiempo de lectura\" \/>\n\t<meta name=\"twitter:data2\" content=\"2 minutos\" \/>\n<script type=\"application\/ld+json\" class=\"yoast-schema-graph\">{\"@context\":\"https:\\\/\\\/schema.org\",\"@graph\":[{\"@type\":\"Article\",\"@id\":\"https:\\\/\\\/informelitoral.com.ar\\\/congreso-de-agmer-oficializara-el-no-inicio-de-clases-en-2015\\\/#article\",\"isPartOf\":{\"@id\":\"https:\\\/\\\/informelitoral.com.ar\\\/congreso-de-agmer-oficializara-el-no-inicio-de-clases-en-2015\\\/\"},\"author\":{\"name\":\"Gonzalo Schmidt\",\"@id\":\"https:\\\/\\\/informelitoral.com.ar\\\/#\\\/schema\\\/person\\\/b9d00407c836482871ef1d57bf8e3180\"},\"headline\":\"Congreso de Agmer oficializar\u00e1 el no inicio de clases en 2015\",\"datePublished\":\"2014-12-22T23:25:40+00:00\",\"mainEntityOfPage\":{\"@id\":\"https:\\\/\\\/informelitoral.com.ar\\\/congreso-de-agmer-oficializara-el-no-inicio-de-clases-en-2015\\\/\"},\"wordCount\":425,\"commentCount\":0,\"publisher\":{\"@id\":\"https:\\\/\\\/informelitoral.com.ar\\\/#organization\"},\"image\":{\"@id\":\"https:\\\/\\\/informelitoral.com.ar\\\/congreso-de-agmer-oficializara-el-no-inicio-de-clases-en-2015\\\/#primaryimage\"},\"thumbnailUrl\":\"http:\\\/\\\/www.isletasnoticias.com.ar\\\/%77%70%2d%63%6f%6e%74%65%6e%74\\\/uploads\\\/2014\\\/12\\\/o_1397160725-300x168.jpg\",\"articleSection\":[\"Entre R\u00edos\"],\"inLanguage\":\"es\",\"potentialAction\":[{\"@type\":\"CommentAction\",\"name\":\"Comment\",\"target\":[\"https:\\\/\\\/informelitoral.com.ar\\\/congreso-de-agmer-oficializara-el-no-inicio-de-clases-en-2015\\\/#respond\"]}]},{\"@type\":\"WebPage\",\"@id\":\"https:\\\/\\\/informelitoral.com.ar\\\/congreso-de-agmer-oficializara-el-no-inicio-de-clases-en-2015\\\/\",\"url\":\"https:\\\/\\\/informelitoral.com.ar\\\/congreso-de-agmer-oficializara-el-no-inicio-de-clases-en-2015\\\/\",\"name\":\"Congreso de Agmer oficializar\u00e1 el no inicio de clases en 2015 - Informe Litoral\",\"isPartOf\":{\"@id\":\"https:\\\/\\\/informelitoral.com.ar\\\/#website\"},\"primaryImageOfPage\":{\"@id\":\"https:\\\/\\\/informelitoral.com.ar\\\/congreso-de-agmer-oficializara-el-no-inicio-de-clases-en-2015\\\/#primaryimage\"},\"image\":{\"@id\":\"https:\\\/\\\/informelitoral.com.ar\\\/congreso-de-agmer-oficializara-el-no-inicio-de-clases-en-2015\\\/#primaryimage\"},\"thumbnailUrl\":\"http:\\\/\\\/www.isletasnoticias.com.ar\\\/%77%70%2d%63%6f%6e%74%65%6e%74\\\/uploads\\\/2014\\\/12\\\/o_1397160725-300x168.jpg\",\"datePublished\":\"2014-12-22T23:25:40+00:00\",\"breadcrumb\":{\"@id\":\"https:\\\/\\\/informelitoral.com.ar\\\/congreso-de-agmer-oficializara-el-no-inicio-de-clases-en-2015\\\/#breadcrumb\"},\"inLanguage\":\"es\",\"potentialAction\":[{\"@type\":\"ReadAction\",\"target\":[\"https:\\\/\\\/informelitoral.com.ar\\\/congreso-de-agmer-oficializara-el-no-inicio-de-clases-en-2015\\\/\"]}]},{\"@type\":\"ImageObject\",\"inLanguage\":\"es\",\"@id\":\"https:\\\/\\\/informelitoral.com.ar\\\/congreso-de-agmer-oficializara-el-no-inicio-de-clases-en-2015\\\/#primaryimage\",\"url\":\"http:\\\/\\\/www.isletasnoticias.com.ar\\\/%77%70%2d%63%6f%6e%74%65%6e%74\\\/uploads\\\/2014\\\/12\\\/o_1397160725-300x168.jpg\",\"contentUrl\":\"http:\\\/\\\/www.isletasnoticias.com.ar\\\/%77%70%2d%63%6f%6e%74%65%6e%74\\\/uploads\\\/2014\\\/12\\\/o_1397160725-300x168.jpg\"},{\"@type\":\"BreadcrumbList\",\"@id\":\"https:\\\/\\\/informelitoral.com.ar\\\/congreso-de-agmer-oficializara-el-no-inicio-de-clases-en-2015\\\/#breadcrumb\",\"itemListElement\":[{\"@type\":\"ListItem\",\"position\":1,\"name\":\"Portada\",\"item\":\"https:\\\/\\\/informelitoral.com.ar\\\/\"},{\"@type\":\"ListItem\",\"position\":2,\"name\":\"Congreso de Agmer oficializar\u00e1 el no inicio de clases en 2015\"}]},{\"@type\":\"WebSite\",\"@id\":\"https:\\\/\\\/informelitoral.com.ar\\\/#website\",\"url\":\"https:\\\/\\\/informelitoral.com.ar\\\/\",\"name\":\"Informe Litoral\",\"description\":\"&quot;Nos informamos&quot; \",\"publisher\":{\"@id\":\"https:\\\/\\\/informelitoral.com.ar\\\/#organization\"},\"potentialAction\":[{\"@type\":\"SearchAction\",\"target\":{\"@type\":\"EntryPoint\",\"urlTemplate\":\"https:\\\/\\\/informelitoral.com.ar\\\/?s={search_term_string}\"},\"query-input\":{\"@type\":\"PropertyValueSpecification\",\"valueRequired\":true,\"valueName\":\"search_term_string\"}}],\"inLanguage\":\"es\"},{\"@type\":\"Organization\",\"@id\":\"https:\\\/\\\/informelitoral.com.ar\\\/#organization\",\"name\":\"Informe Litoral\",\"url\":\"https:\\\/\\\/informelitoral.com.ar\\\/\",\"logo\":{\"@type\":\"ImageObject\",\"inLanguage\":\"es\",\"@id\":\"https:\\\/\\\/informelitoral.com.ar\\\/#\\\/schema\\\/logo\\\/image\\\/\",\"url\":\"https:\\\/\\\/informelitoral.com.ar\\\/%77%70%2d%63%6f%6e%74%65%6e%74\\\/uploads\\\/2021\\\/01\\\/circulo.png\",\"contentUrl\":\"https:\\\/\\\/informelitoral.com.ar\\\/%77%70%2d%63%6f%6e%74%65%6e%74\\\/uploads\\\/2021\\\/01\\\/circulo.png\",\"width\":723,\"height\":731,\"caption\":\"Informe Litoral\"},\"image\":{\"@id\":\"https:\\\/\\\/informelitoral.com.ar\\\/#\\\/schema\\\/logo\\\/image\\\/\"},\"sameAs\":[\"https:\\\/\\\/www.facebook.com\\\/informelitoral\\\/\",\"https:\\\/\\\/x.com\\\/InformeLitoral\",\"https:\\\/\\\/www.instagram.com\\\/informelitoral\\\/\",\"https:\\\/\\\/www.youtube.com\\\/channel\\\/UCua4Qvz8Icb6MYqhoq9xLXw\"]},{\"@type\":\"Person\",\"@id\":\"https:\\\/\\\/informelitoral.com.ar\\\/#\\\/schema\\\/person\\\/b9d00407c836482871ef1d57bf8e3180\",\"name\":\"Gonzalo Schmidt\",\"image\":{\"@type\":\"ImageObject\",\"inLanguage\":\"es\",\"@id\":\"https:\\\/\\\/secure.gravatar.com\\\/avatar\\\/31a1a7b66ff2de83bd0e9fd79d026630d2d99e55e8bfe501287647b4fd9743de?s=96&d=mm&r=g\",\"url\":\"https:\\\/\\\/secure.gravatar.com\\\/avatar\\\/31a1a7b66ff2de83bd0e9fd79d026630d2d99e55e8bfe501287647b4fd9743de?s=96&d=mm&r=g\",\"contentUrl\":\"https:\\\/\\\/secure.gravatar.com\\\/avatar\\\/31a1a7b66ff2de83bd0e9fd79d026630d2d99e55e8bfe501287647b4fd9743de?s=96&d=mm&r=g\",\"caption\":\"Gonzalo Schmidt\"},\"description\":\"Sitio web de noticias de la provincia de Entre R\u00edos, Argentina. Informaci\u00f3n y entretenimiento. Informe Litoral, nos informamos.\",\"sameAs\":[\"http:\\\/\\\/www.isletasnoticias.com.ar\"],\"url\":\"https:\\\/\\\/informelitoral.com.ar\\\/author\\\/gonzalo\\\/\"}]}<\/script>","yoast_head_json":{"title":"Congreso de Agmer oficializar\u00e1 el no inicio de clases en 2015 - Informe Litoral","robots":{"index":"index","follow":"follow","max-snippet":"max-snippet:-1","max-image-preview":"max-image-preview:large","max-video-preview":"max-video-preview:-1"},"canonical":"https:\/\/informelitoral.com.ar\/congreso-de-agmer-oficializara-el-no-inicio-de-clases-en-2015\/","og_locale":"es_ES","og_type":"article","og_title":"Congreso de Agmer oficializar\u00e1 el no inicio de clases en 2015 - Informe Litoral","og_description":"Los docentes sesionan este lunes en Congreso en Gualeguay. D&iacute;as atr&aacute;s hab&iacute;an anunciado que no se iniciar&aacute; el ciclo lectivo 2015, ante la falta de convocatoria por parte de las autoridades para la negociaci&oacute;n paritaria. Clima de malestar. Este lunes a partir de las 9 sesionar&aacute; el congreso ordinario y a las 12 arrancar&aacute; el [&hellip;]","og_url":"https:\/\/informelitoral.com.ar\/congreso-de-agmer-oficializara-el-no-inicio-de-clases-en-2015\/","og_site_name":"Informe Litoral","article_publisher":"https:\/\/www.facebook.com\/informelitoral\/","article_published_time":"2014-12-22T23:25:40+00:00","og_image":[{"width":640,"height":360,"url":"https:\/\/informelitoral.com.ar\/%77%70%2d%63%6f%6e%74%65%6e%74\/uploads\/2014\/12\/o_1397160725.jpg","type":"image\/jpeg"}],"author":"Gonzalo Schmidt","twitter_card":"summary_large_image","twitter_creator":"@InformeLitoral","twitter_site":"@InformeLitoral","twitter_misc":{"Escrito por":"Gonzalo Schmidt","Tiempo de lectura":"2 minutos"},"schema":{"@context":"https:\/\/schema.org","@graph":[{"@type":"Article","@id":"https:\/\/informelitoral.com.ar\/congreso-de-agmer-oficializara-el-no-inicio-de-clases-en-2015\/#article","isPartOf":{"@id":"https:\/\/informelitoral.com.ar\/congreso-de-agmer-oficializara-el-no-inicio-de-clases-en-2015\/"},"author":{"name":"Gonzalo Schmidt","@id":"https:\/\/informelitoral.com.ar\/#\/schema\/person\/b9d00407c836482871ef1d57bf8e3180"},"headline":"Congreso de Agmer oficializar\u00e1 el no inicio de clases en 2015","datePublished":"2014-12-22T23:25:40+00:00","mainEntityOfPage":{"@id":"https:\/\/informelitoral.com.ar\/congreso-de-agmer-oficializara-el-no-inicio-de-clases-en-2015\/"},"wordCount":425,"commentCount":0,"publisher":{"@id":"https:\/\/informelitoral.com.ar\/#organization"},"image":{"@id":"https:\/\/informelitoral.com.ar\/congreso-de-agmer-oficializara-el-no-inicio-de-clases-en-2015\/#primaryimage"},"thumbnailUrl":"http:\/\/www.isletasnoticias.com.ar\/%77%70%2d%63%6f%6e%74%65%6e%74\/uploads\/2014\/12\/o_1397160725-300x168.jpg","articleSection":["Entre R\u00edos"],"inLanguage":"es","potentialAction":[{"@type":"CommentAction","name":"Comment","target":["https:\/\/informelitoral.com.ar\/congreso-de-agmer-oficializara-el-no-inicio-de-clases-en-2015\/#respond"]}]},{"@type":"WebPage","@id":"https:\/\/informelitoral.com.ar\/congreso-de-agmer-oficializara-el-no-inicio-de-clases-en-2015\/","url":"https:\/\/informelitoral.com.ar\/congreso-de-agmer-oficializara-el-no-inicio-de-clases-en-2015\/","name":"Congreso de Agmer oficializar\u00e1 el no inicio de clases en 2015 - Informe Litoral","isPartOf":{"@id":"https:\/\/informelitoral.com.ar\/#website"},"primaryImageOfPage":{"@id":"https:\/\/informelitoral.com.ar\/congreso-de-agmer-oficializara-el-no-inicio-de-clases-en-2015\/#primaryimage"},"image":{"@id":"https:\/\/informelitoral.com.ar\/congreso-de-agmer-oficializara-el-no-inicio-de-clases-en-2015\/#primaryimage"},"thumbnailUrl":"http:\/\/www.isletasnoticias.com.ar\/%77%70%2d%63%6f%6e%74%65%6e%74\/uploads\/2014\/12\/o_1397160725-300x168.jpg","datePublished":"2014-12-22T23:25:40+00:00","breadcrumb":{"@id":"https:\/\/informelitoral.com.ar\/congreso-de-agmer-oficializara-el-no-inicio-de-clases-en-2015\/#breadcrumb"},"inLanguage":"es","potentialAction":[{"@type":"ReadAction","target":["https:\/\/informelitoral.com.ar\/congreso-de-agmer-oficializara-el-no-inicio-de-clases-en-2015\/"]}]},{"@type":"ImageObject","inLanguage":"es","@id":"https:\/\/informelitoral.com.ar\/congreso-de-agmer-oficializara-el-no-inicio-de-clases-en-2015\/#primaryimage","url":"http:\/\/www.isletasnoticias.com.ar\/%77%70%2d%63%6f%6e%74%65%6e%74\/uploads\/2014\/12\/o_1397160725-300x168.jpg","contentUrl":"http:\/\/www.isletasnoticias.com.ar\/%77%70%2d%63%6f%6e%74%65%6e%74\/uploads\/2014\/12\/o_1397160725-300x168.jpg"},{"@type":"BreadcrumbList","@id":"https:\/\/informelitoral.com.ar\/congreso-de-agmer-oficializara-el-no-inicio-de-clases-en-2015\/#breadcrumb","itemListElement":[{"@type":"ListItem","position":1,"name":"Portada","item":"https:\/\/informelitoral.com.ar\/"},{"@type":"ListItem","position":2,"name":"Congreso de Agmer oficializar\u00e1 el no inicio de clases en 2015"}]},{"@type":"WebSite","@id":"https:\/\/informelitoral.com.ar\/#website","url":"https:\/\/informelitoral.com.ar\/","name":"Informe Litoral","description":"&quot;Nos informamos&quot; ","publisher":{"@id":"https:\/\/informelitoral.com.ar\/#organization"},"potentialAction":[{"@type":"SearchAction","target":{"@type":"EntryPoint","urlTemplate":"https:\/\/informelitoral.com.ar\/?s={search_term_string}"},"query-input":{"@type":"PropertyValueSpecification","valueRequired":true,"valueName":"search_term_string"}}],"inLanguage":"es"},{"@type":"Organization","@id":"https:\/\/informelitoral.com.ar\/#organization","name":"Informe Litoral","url":"https:\/\/informelitoral.com.ar\/","logo":{"@type":"ImageObject","inLanguage":"es","@id":"https:\/\/informelitoral.com.ar\/#\/schema\/logo\/image\/","url":"https:\/\/informelitoral.com.ar\/%77%70%2d%63%6f%6e%74%65%6e%74\/uploads\/2021\/01\/circulo.png","contentUrl":"https:\/\/informelitoral.com.ar\/%77%70%2d%63%6f%6e%74%65%6e%74\/uploads\/2021\/01\/circulo.png","width":723,"height":731,"caption":"Informe Litoral"},"image":{"@id":"https:\/\/informelitoral.com.ar\/#\/schema\/logo\/image\/"},"sameAs":["https:\/\/www.facebook.com\/informelitoral\/","https:\/\/x.com\/InformeLitoral","https:\/\/www.instagram.com\/informelitoral\/","https:\/\/www.youtube.com\/channel\/UCua4Qvz8Icb6MYqhoq9xLXw"]},{"@type":"Person","@id":"https:\/\/informelitoral.com.ar\/#\/schema\/person\/b9d00407c836482871ef1d57bf8e3180","name":"Gonzalo Schmidt","image":{"@type":"ImageObject","inLanguage":"es","@id":"https:\/\/secure.gravatar.com\/avatar\/31a1a7b66ff2de83bd0e9fd79d026630d2d99e55e8bfe501287647b4fd9743de?s=96&d=mm&r=g","url":"https:\/\/secure.gravatar.com\/avatar\/31a1a7b66ff2de83bd0e9fd79d026630d2d99e55e8bfe501287647b4fd9743de?s=96&d=mm&r=g","contentUrl":"https:\/\/secure.gravatar.com\/avatar\/31a1a7b66ff2de83bd0e9fd79d026630d2d99e55e8bfe501287647b4fd9743de?s=96&d=mm&r=g","caption":"Gonzalo Schmidt"},"description":"Sitio web de noticias de la provincia de Entre R\u00edos, Argentina. Informaci\u00f3n y entretenimiento. Informe Litoral, nos informamos.","sameAs":["http:\/\/www.isletasnoticias.com.ar"],"url":"https:\/\/informelitoral.com.ar\/author\/gonzalo\/"}]}},"_links":{"self":[{"href":"https:\/\/informelitoral.com.ar\/%77%70%2d%6a%73%6f%6e\/wp\/v2\/posts\/9357","targetHints":{"allow":["GET"]}}],"collection":[{"href":"https:\/\/informelitoral.com.ar\/%77%70%2d%6a%73%6f%6e\/wp\/v2\/posts"}],"about":[{"href":"https:\/\/informelitoral.com.ar\/%77%70%2d%6a%73%6f%6e\/wp\/v2\/types\/post"}],"author":[{"embeddable":true,"href":"https:\/\/informelitoral.com.ar\/%77%70%2d%6a%73%6f%6e\/wp\/v2\/users\/2"}],"replies":[{"embeddable":true,"href":"https:\/\/informelitoral.com.ar\/%77%70%2d%6a%73%6f%6e\/wp\/v2\/comments?post=9357"}],"version-history":[{"count":0,"href":"https:\/\/informelitoral.com.ar\/%77%70%2d%6a%73%6f%6e\/wp\/v2\/posts\/9357\/revisions"}],"wp:attachment":[{"href":"https:\/\/informelitoral.com.ar\/%77%70%2d%6a%73%6f%6e\/wp\/v2\/media?parent=9357"}],"wp:term":[{"taxonomy":"category","embeddable":true,"href":"https:\/\/informelitoral.com.ar\/%77%70%2d%6a%73%6f%6e\/wp\/v2\/categories?post=9357"},{"taxonomy":"post_tag","embeddable":true,"href":"https:\/\/informelitoral.com.ar\/%77%70%2d%6a%73%6f%6e\/wp\/v2\/tags?post=9357"}],"curies":[{"name":"wp","href":"https:\/\/api.w.org\/{rel}","templated":true}]}}