{"id":93397,"date":"2022-11-09T09:10:11","date_gmt":"2022-11-09T12:10:11","guid":{"rendered":"https:\/\/www.informelitoral.com.ar\/?p=93397"},"modified":"2022-11-09T09:19:32","modified_gmt":"2022-11-09T12:19:32","slug":"licitaran-la-construccion-de-10-viviendas-para-empleados-municipales-de-ramirez","status":"publish","type":"post","link":"https:\/\/informelitoral.com.ar\/licitaran-la-construccion-de-10-viviendas-para-empleados-municipales-de-ramirez\/","title":{"rendered":"Licitar\u00e1n la construcci\u00f3n de 10 viviendas para empleados municipales de Ram\u00edrez"},"content":{"rendered":"<p>El gobierno entrerriano, a trav\u00e9s del IAPV, licitar\u00e1 la ejecuci\u00f3n de 30 nuevas viviendas a ejecutar en las localidades de Urdinarrain y General Ram\u00edrez. Las mismas tienen financiamiento del programa provincial Primero Tu Casa.<\/p>\n<p>Se construir\u00e1n 20 viviendas pertenecientes a la Asociaci\u00f3n Gremial del Magisterio de Entre R\u00edos (Agmer) en Urdinarrain y\u00a0<strong>10 unidades habitacionales en General Ram\u00edrez<\/strong>, correspondientes a los empleados municipales, con un presupuesto oficial de m\u00e1s de 175,8 millones de pesos.\u00a0<strong>Las aperturas de las ofertas econ\u00f3micas se realizar\u00e1n el 7 de diciembre, en la sede del organismo provincial.<\/strong><\/p>\n<p>Al respecto, el titular del IAPV, Marcelo Bisogni, dijo que \u00abdesde el gobierno provincial estamos dando un nuevo paso para cumplir con el sue\u00f1o de las familias entrerrianas de acceder a una vivienda digna, en un trabajo conjunto con legisladores, municipios, comunas, juntas de gobierno y entidades intermedias a fin de avanzar en soluciones habitacionales para todos los habitantes\u00bb.<\/p>\n<p>El funcionario se\u00f1al\u00f3 que \u201cla construcci\u00f3n de viviendas es clave para promover la reactivaci\u00f3n econ\u00f3mica y social en la provincia, ya que act\u00faa como generador de oportunidades para los trabajadores y los ciudadanos que sue\u00f1an con tener su casa propia\u201d.<\/p>\n<p>Destac\u00f3 que \u00abla pol\u00edtica habitacional que lleva adelante el gobernador Gustavo Bordet, nos exige que continuemos trabajando, hasta el \u00faltimo d\u00eda de la gesti\u00f3n, en la instrumentaci\u00f3n de diferentes planes de viviendas para ayudar a m\u00e1s familias a cumplir el sue\u00f1o de tener la casa propia\u201d.<\/p>\n<p>El directivo puso de manifiesto \u201cla expectativa que la ejecuci\u00f3n de estas obras genera en la ciudadan\u00eda, a partir de las soluciones habitacionales que se le brinda a los habitantes en cada una de las localidades de la provincia\u201d.<\/p>\n<p><strong>Caracter\u00edsticas de las viviendas<\/strong><\/p>\n<p>Urdinarrain 20 viviendas (Agmer)<\/p>\n<p>Se construir\u00e1n 20 viviendas de 2 dormitorios, una de ellas equipada para situaciones especiales de discapacidad. Tienen un plazo de obra de 10 meses corridos.<\/p>\n<p><strong>General Ram\u00edrez 10 viviendas (Empleados Municipales)<\/strong><\/p>\n<p>Se ejecutar\u00e1n 10 viviendas de 2 dormitorios, una de ellas equipada para situaciones especiales de discapacidad. Plazo de obra 7 meses corridos.<\/p>\n","protected":false},"excerpt":{"rendered":"<p>Las aperturas de las ofertas econ\u00f3micas se realizar\u00e1n el 7 de diciembre, en la sede del organismo provincial.<\/p>\n","protected":false},"author":8,"featured_media":93410,"comment_status":"open","ping_status":"open","sticky":false,"template":"","format":"standard","meta":{"fifu_image_url":"","fifu_image_alt":"","footnotes":""},"categories":[5],"tags":[556,600,352],"class_list":{"0":"post-93397","1":"post","2":"type-post","3":"status-publish","4":"format-standard","5":"has-post-thumbnail","7":"category-zonales","8":"tag-general-ramirez","9":"tag-licitacion","10":"tag-viviendas"},"yoast_head":"<title>Licitar\u00e1n la construcci\u00f3n de 10 viviendas para empleados municipales de Ram\u00edrez - Informe Litoral<\/title>\n<meta name=\"robots\" content=\"index, follow, max-snippet:-1, max-image-preview:large, max-video-preview:-1\" \/>\n<link rel=\"canonical\" href=\"https:\/\/informelitoral.com.ar\/licitaran-la-construccion-de-10-viviendas-para-empleados-municipales-de-ramirez\/\" \/>\n<meta property=\"og:locale\" content=\"es_ES\" \/>\n<meta property=\"og:type\" content=\"article\" \/>\n<meta property=\"og:title\" content=\"Licitar\u00e1n la construcci\u00f3n de 10 viviendas para empleados municipales de Ram\u00edrez - Informe Litoral\" \/>\n<meta property=\"og:description\" content=\"Las aperturas de las ofertas econ\u00f3micas se realizar\u00e1n el 7 de diciembre, en la sede del organismo provincial.\" \/>\n<meta property=\"og:url\" content=\"https:\/\/informelitoral.com.ar\/licitaran-la-construccion-de-10-viviendas-para-empleados-municipales-de-ramirez\/\" \/>\n<meta property=\"og:site_name\" content=\"Informe Litoral\" \/>\n<meta property=\"article:publisher\" content=\"https:\/\/www.facebook.com\/informelitoral\/\" \/>\n<meta property=\"article:published_time\" content=\"2022-11-09T12:10:11+00:00\" \/>\n<meta property=\"article:modified_time\" content=\"2022-11-09T12:19:32+00:00\" \/>\n<meta property=\"og:image\" content=\"https:\/\/informelitoral.com.ar\/%77%70%2d%63%6f%6e%74%65%6e%74\/uploads\/2022\/11\/1667929740jpg-1024x683-1.jpg\" \/>\n\t<meta property=\"og:image:width\" content=\"1024\" \/>\n\t<meta property=\"og:image:height\" content=\"683\" \/>\n\t<meta property=\"og:image:type\" content=\"image\/jpeg\" \/>\n<meta name=\"author\" content=\"Sebastian\" \/>\n<meta name=\"twitter:card\" content=\"summary_large_image\" \/>\n<meta name=\"twitter:creator\" content=\"@InformeLitoral\" \/>\n<meta name=\"twitter:site\" content=\"@InformeLitoral\" \/>\n<meta name=\"twitter:label1\" content=\"Escrito por\" \/>\n\t<meta name=\"twitter:data1\" content=\"Sebastian\" \/>\n\t<meta name=\"twitter:label2\" content=\"Tiempo de lectura\" \/>\n\t<meta name=\"twitter:data2\" content=\"2 minutos\" \/>\n<script type=\"application\/ld+json\" class=\"yoast-schema-graph\">{\"@context\":\"https:\\\/\\\/schema.org\",\"@graph\":[{\"@type\":\"Article\",\"@id\":\"https:\\\/\\\/informelitoral.com.ar\\\/licitaran-la-construccion-de-10-viviendas-para-empleados-municipales-de-ramirez\\\/#article\",\"isPartOf\":{\"@id\":\"https:\\\/\\\/informelitoral.com.ar\\\/licitaran-la-construccion-de-10-viviendas-para-empleados-municipales-de-ramirez\\\/\"},\"author\":{\"name\":\"Sebastian\",\"@id\":\"https:\\\/\\\/informelitoral.com.ar\\\/#\\\/schema\\\/person\\\/f05f9f461677119578717524b127d6d5\"},\"headline\":\"Licitar\u00e1n la construcci\u00f3n de 10 viviendas para empleados municipales de Ram\u00edrez\",\"datePublished\":\"2022-11-09T12:10:11+00:00\",\"dateModified\":\"2022-11-09T12:19:32+00:00\",\"mainEntityOfPage\":{\"@id\":\"https:\\\/\\\/informelitoral.com.ar\\\/licitaran-la-construccion-de-10-viviendas-para-empleados-municipales-de-ramirez\\\/\"},\"wordCount\":366,\"commentCount\":0,\"publisher\":{\"@id\":\"https:\\\/\\\/informelitoral.com.ar\\\/#organization\"},\"image\":{\"@id\":\"https:\\\/\\\/informelitoral.com.ar\\\/licitaran-la-construccion-de-10-viviendas-para-empleados-municipales-de-ramirez\\\/#primaryimage\"},\"thumbnailUrl\":\"https:\\\/\\\/informelitoral.com.ar\\\/%77%70%2d%63%6f%6e%74%65%6e%74\\\/uploads\\\/2022\\\/11\\\/1667929740jpg-1024x683-1.jpg\",\"keywords\":[\"General Ram\u00edrez\",\"Licitaci\u00f3n\",\"Viviendas\"],\"articleSection\":[\"Departamento Diamante\"],\"inLanguage\":\"es\",\"potentialAction\":[{\"@type\":\"CommentAction\",\"name\":\"Comment\",\"target\":[\"https:\\\/\\\/informelitoral.com.ar\\\/licitaran-la-construccion-de-10-viviendas-para-empleados-municipales-de-ramirez\\\/#respond\"]}]},{\"@type\":\"WebPage\",\"@id\":\"https:\\\/\\\/informelitoral.com.ar\\\/licitaran-la-construccion-de-10-viviendas-para-empleados-municipales-de-ramirez\\\/\",\"url\":\"https:\\\/\\\/informelitoral.com.ar\\\/licitaran-la-construccion-de-10-viviendas-para-empleados-municipales-de-ramirez\\\/\",\"name\":\"Licitar\u00e1n la construcci\u00f3n de 10 viviendas para empleados municipales de Ram\u00edrez - Informe Litoral\",\"isPartOf\":{\"@id\":\"https:\\\/\\\/informelitoral.com.ar\\\/#website\"},\"primaryImageOfPage\":{\"@id\":\"https:\\\/\\\/informelitoral.com.ar\\\/licitaran-la-construccion-de-10-viviendas-para-empleados-municipales-de-ramirez\\\/#primaryimage\"},\"image\":{\"@id\":\"https:\\\/\\\/informelitoral.com.ar\\\/licitaran-la-construccion-de-10-viviendas-para-empleados-municipales-de-ramirez\\\/#primaryimage\"},\"thumbnailUrl\":\"https:\\\/\\\/informelitoral.com.ar\\\/%77%70%2d%63%6f%6e%74%65%6e%74\\\/uploads\\\/2022\\\/11\\\/1667929740jpg-1024x683-1.jpg\",\"datePublished\":\"2022-11-09T12:10:11+00:00\",\"dateModified\":\"2022-11-09T12:19:32+00:00\",\"breadcrumb\":{\"@id\":\"https:\\\/\\\/informelitoral.com.ar\\\/licitaran-la-construccion-de-10-viviendas-para-empleados-municipales-de-ramirez\\\/#breadcrumb\"},\"inLanguage\":\"es\",\"potentialAction\":[{\"@type\":\"ReadAction\",\"target\":[\"https:\\\/\\\/informelitoral.com.ar\\\/licitaran-la-construccion-de-10-viviendas-para-empleados-municipales-de-ramirez\\\/\"]}]},{\"@type\":\"ImageObject\",\"inLanguage\":\"es\",\"@id\":\"https:\\\/\\\/informelitoral.com.ar\\\/licitaran-la-construccion-de-10-viviendas-para-empleados-municipales-de-ramirez\\\/#primaryimage\",\"url\":\"https:\\\/\\\/informelitoral.com.ar\\\/%77%70%2d%63%6f%6e%74%65%6e%74\\\/uploads\\\/2022\\\/11\\\/1667929740jpg-1024x683-1.jpg\",\"contentUrl\":\"https:\\\/\\\/informelitoral.com.ar\\\/%77%70%2d%63%6f%6e%74%65%6e%74\\\/uploads\\\/2022\\\/11\\\/1667929740jpg-1024x683-1.jpg\",\"width\":1024,\"height\":683},{\"@type\":\"BreadcrumbList\",\"@id\":\"https:\\\/\\\/informelitoral.com.ar\\\/licitaran-la-construccion-de-10-viviendas-para-empleados-municipales-de-ramirez\\\/#breadcrumb\",\"itemListElement\":[{\"@type\":\"ListItem\",\"position\":1,\"name\":\"Portada\",\"item\":\"https:\\\/\\\/informelitoral.com.ar\\\/\"},{\"@type\":\"ListItem\",\"position\":2,\"name\":\"Licitar\u00e1n la construcci\u00f3n de 10 viviendas para empleados municipales de Ram\u00edrez\"}]},{\"@type\":\"WebSite\",\"@id\":\"https:\\\/\\\/informelitoral.com.ar\\\/#website\",\"url\":\"https:\\\/\\\/informelitoral.com.ar\\\/\",\"name\":\"Informe Litoral\",\"description\":\"&quot;Nos informamos&quot; \",\"publisher\":{\"@id\":\"https:\\\/\\\/informelitoral.com.ar\\\/#organization\"},\"potentialAction\":[{\"@type\":\"SearchAction\",\"target\":{\"@type\":\"EntryPoint\",\"urlTemplate\":\"https:\\\/\\\/informelitoral.com.ar\\\/?s={search_term_string}\"},\"query-input\":{\"@type\":\"PropertyValueSpecification\",\"valueRequired\":true,\"valueName\":\"search_term_string\"}}],\"inLanguage\":\"es\"},{\"@type\":\"Organization\",\"@id\":\"https:\\\/\\\/informelitoral.com.ar\\\/#organization\",\"name\":\"Informe Litoral\",\"url\":\"https:\\\/\\\/informelitoral.com.ar\\\/\",\"logo\":{\"@type\":\"ImageObject\",\"inLanguage\":\"es\",\"@id\":\"https:\\\/\\\/informelitoral.com.ar\\\/#\\\/schema\\\/logo\\\/image\\\/\",\"url\":\"https:\\\/\\\/informelitoral.com.ar\\\/%77%70%2d%63%6f%6e%74%65%6e%74\\\/uploads\\\/2021\\\/01\\\/circulo.png\",\"contentUrl\":\"https:\\\/\\\/informelitoral.com.ar\\\/%77%70%2d%63%6f%6e%74%65%6e%74\\\/uploads\\\/2021\\\/01\\\/circulo.png\",\"width\":723,\"height\":731,\"caption\":\"Informe Litoral\"},\"image\":{\"@id\":\"https:\\\/\\\/informelitoral.com.ar\\\/#\\\/schema\\\/logo\\\/image\\\/\"},\"sameAs\":[\"https:\\\/\\\/www.facebook.com\\\/informelitoral\\\/\",\"https:\\\/\\\/x.com\\\/InformeLitoral\",\"https:\\\/\\\/www.instagram.com\\\/informelitoral\\\/\",\"https:\\\/\\\/www.youtube.com\\\/channel\\\/UCua4Qvz8Icb6MYqhoq9xLXw\"]},{\"@type\":\"Person\",\"@id\":\"https:\\\/\\\/informelitoral.com.ar\\\/#\\\/schema\\\/person\\\/f05f9f461677119578717524b127d6d5\",\"name\":\"Sebastian\",\"image\":{\"@type\":\"ImageObject\",\"inLanguage\":\"es\",\"@id\":\"https:\\\/\\\/secure.gravatar.com\\\/avatar\\\/b71bf7481d447dfb9583c7f2798e7cc64de6efb9067b74633ed8c31059a3bd82?s=96&d=mm&r=g\",\"url\":\"https:\\\/\\\/secure.gravatar.com\\\/avatar\\\/b71bf7481d447dfb9583c7f2798e7cc64de6efb9067b74633ed8c31059a3bd82?s=96&d=mm&r=g\",\"contentUrl\":\"https:\\\/\\\/secure.gravatar.com\\\/avatar\\\/b71bf7481d447dfb9583c7f2798e7cc64de6efb9067b74633ed8c31059a3bd82?s=96&d=mm&r=g\",\"caption\":\"Sebastian\"},\"url\":\"https:\\\/\\\/informelitoral.com.ar\\\/author\\\/sebastian\\\/\"}]}<\/script>","yoast_head_json":{"title":"Licitar\u00e1n la construcci\u00f3n de 10 viviendas para empleados municipales de Ram\u00edrez - Informe Litoral","robots":{"index":"index","follow":"follow","max-snippet":"max-snippet:-1","max-image-preview":"max-image-preview:large","max-video-preview":"max-video-preview:-1"},"canonical":"https:\/\/informelitoral.com.ar\/licitaran-la-construccion-de-10-viviendas-para-empleados-municipales-de-ramirez\/","og_locale":"es_ES","og_type":"article","og_title":"Licitar\u00e1n la construcci\u00f3n de 10 viviendas para empleados municipales de Ram\u00edrez - Informe Litoral","og_description":"Las aperturas de las ofertas econ\u00f3micas se realizar\u00e1n el 7 de diciembre, en la sede del organismo provincial.","og_url":"https:\/\/informelitoral.com.ar\/licitaran-la-construccion-de-10-viviendas-para-empleados-municipales-de-ramirez\/","og_site_name":"Informe Litoral","article_publisher":"https:\/\/www.facebook.com\/informelitoral\/","article_published_time":"2022-11-09T12:10:11+00:00","article_modified_time":"2022-11-09T12:19:32+00:00","og_image":[{"width":1024,"height":683,"url":"https:\/\/informelitoral.com.ar\/%77%70%2d%63%6f%6e%74%65%6e%74\/uploads\/2022\/11\/1667929740jpg-1024x683-1.jpg","type":"image\/jpeg"}],"author":"Sebastian","twitter_card":"summary_large_image","twitter_creator":"@InformeLitoral","twitter_site":"@InformeLitoral","twitter_misc":{"Escrito por":"Sebastian","Tiempo de lectura":"2 minutos"},"schema":{"@context":"https:\/\/schema.org","@graph":[{"@type":"Article","@id":"https:\/\/informelitoral.com.ar\/licitaran-la-construccion-de-10-viviendas-para-empleados-municipales-de-ramirez\/#article","isPartOf":{"@id":"https:\/\/informelitoral.com.ar\/licitaran-la-construccion-de-10-viviendas-para-empleados-municipales-de-ramirez\/"},"author":{"name":"Sebastian","@id":"https:\/\/informelitoral.com.ar\/#\/schema\/person\/f05f9f461677119578717524b127d6d5"},"headline":"Licitar\u00e1n la construcci\u00f3n de 10 viviendas para empleados municipales de Ram\u00edrez","datePublished":"2022-11-09T12:10:11+00:00","dateModified":"2022-11-09T12:19:32+00:00","mainEntityOfPage":{"@id":"https:\/\/informelitoral.com.ar\/licitaran-la-construccion-de-10-viviendas-para-empleados-municipales-de-ramirez\/"},"wordCount":366,"commentCount":0,"publisher":{"@id":"https:\/\/informelitoral.com.ar\/#organization"},"image":{"@id":"https:\/\/informelitoral.com.ar\/licitaran-la-construccion-de-10-viviendas-para-empleados-municipales-de-ramirez\/#primaryimage"},"thumbnailUrl":"https:\/\/informelitoral.com.ar\/%77%70%2d%63%6f%6e%74%65%6e%74\/uploads\/2022\/11\/1667929740jpg-1024x683-1.jpg","keywords":["General Ram\u00edrez","Licitaci\u00f3n","Viviendas"],"articleSection":["Departamento Diamante"],"inLanguage":"es","potentialAction":[{"@type":"CommentAction","name":"Comment","target":["https:\/\/informelitoral.com.ar\/licitaran-la-construccion-de-10-viviendas-para-empleados-municipales-de-ramirez\/#respond"]}]},{"@type":"WebPage","@id":"https:\/\/informelitoral.com.ar\/licitaran-la-construccion-de-10-viviendas-para-empleados-municipales-de-ramirez\/","url":"https:\/\/informelitoral.com.ar\/licitaran-la-construccion-de-10-viviendas-para-empleados-municipales-de-ramirez\/","name":"Licitar\u00e1n la construcci\u00f3n de 10 viviendas para empleados municipales de Ram\u00edrez - Informe Litoral","isPartOf":{"@id":"https:\/\/informelitoral.com.ar\/#website"},"primaryImageOfPage":{"@id":"https:\/\/informelitoral.com.ar\/licitaran-la-construccion-de-10-viviendas-para-empleados-municipales-de-ramirez\/#primaryimage"},"image":{"@id":"https:\/\/informelitoral.com.ar\/licitaran-la-construccion-de-10-viviendas-para-empleados-municipales-de-ramirez\/#primaryimage"},"thumbnailUrl":"https:\/\/informelitoral.com.ar\/%77%70%2d%63%6f%6e%74%65%6e%74\/uploads\/2022\/11\/1667929740jpg-1024x683-1.jpg","datePublished":"2022-11-09T12:10:11+00:00","dateModified":"2022-11-09T12:19:32+00:00","breadcrumb":{"@id":"https:\/\/informelitoral.com.ar\/licitaran-la-construccion-de-10-viviendas-para-empleados-municipales-de-ramirez\/#breadcrumb"},"inLanguage":"es","potentialAction":[{"@type":"ReadAction","target":["https:\/\/informelitoral.com.ar\/licitaran-la-construccion-de-10-viviendas-para-empleados-municipales-de-ramirez\/"]}]},{"@type":"ImageObject","inLanguage":"es","@id":"https:\/\/informelitoral.com.ar\/licitaran-la-construccion-de-10-viviendas-para-empleados-municipales-de-ramirez\/#primaryimage","url":"https:\/\/informelitoral.com.ar\/%77%70%2d%63%6f%6e%74%65%6e%74\/uploads\/2022\/11\/1667929740jpg-1024x683-1.jpg","contentUrl":"https:\/\/informelitoral.com.ar\/%77%70%2d%63%6f%6e%74%65%6e%74\/uploads\/2022\/11\/1667929740jpg-1024x683-1.jpg","width":1024,"height":683},{"@type":"BreadcrumbList","@id":"https:\/\/informelitoral.com.ar\/licitaran-la-construccion-de-10-viviendas-para-empleados-municipales-de-ramirez\/#breadcrumb","itemListElement":[{"@type":"ListItem","position":1,"name":"Portada","item":"https:\/\/informelitoral.com.ar\/"},{"@type":"ListItem","position":2,"name":"Licitar\u00e1n la construcci\u00f3n de 10 viviendas para empleados municipales de Ram\u00edrez"}]},{"@type":"WebSite","@id":"https:\/\/informelitoral.com.ar\/#website","url":"https:\/\/informelitoral.com.ar\/","name":"Informe Litoral","description":"&quot;Nos informamos&quot; ","publisher":{"@id":"https:\/\/informelitoral.com.ar\/#organization"},"potentialAction":[{"@type":"SearchAction","target":{"@type":"EntryPoint","urlTemplate":"https:\/\/informelitoral.com.ar\/?s={search_term_string}"},"query-input":{"@type":"PropertyValueSpecification","valueRequired":true,"valueName":"search_term_string"}}],"inLanguage":"es"},{"@type":"Organization","@id":"https:\/\/informelitoral.com.ar\/#organization","name":"Informe Litoral","url":"https:\/\/informelitoral.com.ar\/","logo":{"@type":"ImageObject","inLanguage":"es","@id":"https:\/\/informelitoral.com.ar\/#\/schema\/logo\/image\/","url":"https:\/\/informelitoral.com.ar\/%77%70%2d%63%6f%6e%74%65%6e%74\/uploads\/2021\/01\/circulo.png","contentUrl":"https:\/\/informelitoral.com.ar\/%77%70%2d%63%6f%6e%74%65%6e%74\/uploads\/2021\/01\/circulo.png","width":723,"height":731,"caption":"Informe Litoral"},"image":{"@id":"https:\/\/informelitoral.com.ar\/#\/schema\/logo\/image\/"},"sameAs":["https:\/\/www.facebook.com\/informelitoral\/","https:\/\/x.com\/InformeLitoral","https:\/\/www.instagram.com\/informelitoral\/","https:\/\/www.youtube.com\/channel\/UCua4Qvz8Icb6MYqhoq9xLXw"]},{"@type":"Person","@id":"https:\/\/informelitoral.com.ar\/#\/schema\/person\/f05f9f461677119578717524b127d6d5","name":"Sebastian","image":{"@type":"ImageObject","inLanguage":"es","@id":"https:\/\/secure.gravatar.com\/avatar\/b71bf7481d447dfb9583c7f2798e7cc64de6efb9067b74633ed8c31059a3bd82?s=96&d=mm&r=g","url":"https:\/\/secure.gravatar.com\/avatar\/b71bf7481d447dfb9583c7f2798e7cc64de6efb9067b74633ed8c31059a3bd82?s=96&d=mm&r=g","contentUrl":"https:\/\/secure.gravatar.com\/avatar\/b71bf7481d447dfb9583c7f2798e7cc64de6efb9067b74633ed8c31059a3bd82?s=96&d=mm&r=g","caption":"Sebastian"},"url":"https:\/\/informelitoral.com.ar\/author\/sebastian\/"}]}},"_links":{"self":[{"href":"https:\/\/informelitoral.com.ar\/%77%70%2d%6a%73%6f%6e\/wp\/v2\/posts\/93397","targetHints":{"allow":["GET"]}}],"collection":[{"href":"https:\/\/informelitoral.com.ar\/%77%70%2d%6a%73%6f%6e\/wp\/v2\/posts"}],"about":[{"href":"https:\/\/informelitoral.com.ar\/%77%70%2d%6a%73%6f%6e\/wp\/v2\/types\/post"}],"author":[{"embeddable":true,"href":"https:\/\/informelitoral.com.ar\/%77%70%2d%6a%73%6f%6e\/wp\/v2\/users\/8"}],"replies":[{"embeddable":true,"href":"https:\/\/informelitoral.com.ar\/%77%70%2d%6a%73%6f%6e\/wp\/v2\/comments?post=93397"}],"version-history":[{"count":0,"href":"https:\/\/informelitoral.com.ar\/%77%70%2d%6a%73%6f%6e\/wp\/v2\/posts\/93397\/revisions"}],"wp:featuredmedia":[{"embeddable":true,"href":"https:\/\/informelitoral.com.ar\/%77%70%2d%6a%73%6f%6e\/wp\/v2\/media\/93410"}],"wp:attachment":[{"href":"https:\/\/informelitoral.com.ar\/%77%70%2d%6a%73%6f%6e\/wp\/v2\/media?parent=93397"}],"wp:term":[{"taxonomy":"category","embeddable":true,"href":"https:\/\/informelitoral.com.ar\/%77%70%2d%6a%73%6f%6e\/wp\/v2\/categories?post=93397"},{"taxonomy":"post_tag","embeddable":true,"href":"https:\/\/informelitoral.com.ar\/%77%70%2d%6a%73%6f%6e\/wp\/v2\/tags?post=93397"}],"curies":[{"name":"wp","href":"https:\/\/api.w.org\/{rel}","templated":true}]}}