{"id":93226,"date":"2022-11-08T09:49:28","date_gmt":"2022-11-08T12:49:28","guid":{"rendered":"https:\/\/www.informelitoral.com.ar\/?p=93226"},"modified":"2022-11-08T09:52:31","modified_gmt":"2022-11-08T12:52:31","slug":"conocido-de-sabag-montiel-abono-la-teoria-del-ataque-por-plata","status":"publish","type":"post","link":"https:\/\/informelitoral.com.ar\/conocido-de-sabag-montiel-abono-la-teoria-del-ataque-por-plata\/","title":{"rendered":"Conocido de Sabag Montiel abon\u00f3 la teor\u00eda del ataque \u00abpor plata\u00bb"},"content":{"rendered":"<p>Un testigo que convivi\u00f3 con Fernando Sabag Montiel abon\u00f3 la hip\u00f3tesis de que el hombre que quiso asesinar a la vicepresidenta Cristina Fern\u00e1ndez de Kirchner lo habr\u00eda hecho \u00abpor plata\u00bb, ya que no quer\u00eda ser \u00abun h\u00e9roe, ni nada\u00bb, seg\u00fan surge de la declaraci\u00f3n a la que accedi\u00f3 T\u00e9lam.<\/p>\n<p>\u00abApenas me enter\u00e9 pens\u00e9 que fue por plata, no pod\u00eda creer que en cuatro a\u00f1os se radicalizara tanto su ideolog\u00eda pol\u00edtica, la cual ni tenia, me pareci\u00f3 muy extra\u00f1o\u00bb, sostuvo el testigo, de apellido Espa\u00f1ol, que comparti\u00f3 vivienda con Sabag Montiel hace 4 a\u00f1os.<\/p>\n<p>Su testimonial hab\u00eda sido requerida porque el 2 de septiembre escribi\u00f3 en su cuenta de Facebook: \u00abLos que lo conocimos bien al vago tenemos re claro que lo hizo por guita, le gustaba la plata c\u00f3moda, que le lleguen las cosas de arriba y moverse lo m\u00ednimo por conseguirlas\u00bb.<\/p>\n<p>Ante la jueza federal Mar\u00eda Eugenia Capuchetti y el fiscal Carlos R\u00edvolo, que investigan el atentado fallido contra la exmandataria, el testigo ratific\u00f3 el viernes \u00faltimo aquello que hab\u00eda publicado en redes sociales y defini\u00f3 a Sabag Montiel como alguien sin ninguna sensibilidad social.<\/p>\n<p>\u00abYo sigo pensando igual, yo siempre sostuve que fue por plata, de todas las versiones que circularon. Que le puede haber picado un bichito de justicia social es raro de Nando, que no tiene empat\u00eda por la gente que tiene alrededor. Para m\u00ed fue por plata es indiscutible, lo sostengo\u00bb, expres\u00f3.<\/p>\n<p>La fiscal\u00eda le pregunt\u00f3 si en alguna oportunidad hab\u00eda escuchado decir a Sabag Montiel que estaba dispuesto a matar por dinero para recuperar algo que le hubieran robado o por encargo, a lo que respondi\u00f3: \u00abEn cualquiera de las dos s\u00ed. Si era alguien que le deb\u00eda no le importara recibir menos dinero con tal de darle su merecido a esta persona. Respecto del ofrecimiento si lo hiciera, eso fue lo primero que se me cruz\u00f3 por la cabeza, no que quer\u00eda ser un h\u00e9roe ni nada\u00bb.<\/p>\n<p>\u00abNo lo escuch\u00e9 decir literalmente yo decir que matar\u00eda a alguien por dinero, pero yo lo deduje as\u00ed por su forma de manejarse con los dem\u00e1s (\u2026) De alguna forma siempre estaba relacionado con el dinero. La gente que le hizo perder dinero o le deb\u00eda. Por temas familiares nunca lo vi muy preocupado, por amistades tampoco, ahora cuando le tocabas algo\u2026\u00bb, complet\u00f3.<\/p>\n<p>A pesar de su convicci\u00f3n en relaci\u00f3n a la capacidad de hacer da\u00f1o que le atribuy\u00f3 a Sabag Montiel, el testigo asegur\u00f3 que mientras convivieron no hab\u00eda intentado agredir a nadie, aunque insisti\u00f3 con la idea de que \u00abera una persona que si pod\u00eda lo hac\u00eda\u00bb.<\/p>\n<p>La fiscal\u00eda le pregunt\u00f3 tambi\u00e9n a este hombre, cuyas iniciales son EME, si Sabag Montiel era una persona \u00abinfluenciable o manipulable\u00bb, a lo que respondi\u00f3: \u00abSolo por dinero, sino \u00e9l era el manipulador, ya que los ten\u00eda a todos bajo el ala de su guarida\u00bb.<\/p>\n<p>\u00abLa gente que pod\u00eda manipular eran las que pod\u00edan tener una necesidad, como mi amigo de Moreno que necesitaba un lugar en capital, entonces Fernando\u2026 \u00c9l tenia muy poca gente y de hecho \u00e9l iba cambiando sus grupos de amigos por etapas porque ten\u00eda conflictos. Yo fui el primero en irse, ya que no tenia necesidad y a mi amigo Sebasti\u00e1n se le hizo m\u00e1s dif\u00edcil\u00bb, relat\u00f3 sobre el tiempo que vivieron juntos.<\/p>\n<p>Tambi\u00e9n le preguntaron si Sabag Montiel hab\u00eda expresado alguna vez que se sent\u00eda representado por alguna ideolog\u00eda, a lo que el testigo respondi\u00f3: \u00abNo, la verdad que no. Por eso vuelvo a decir que apenas me enter\u00e9 pens\u00e9 que fue por plata, no pod\u00eda creer que en cuatro a\u00f1os se radicalizara tanto su ideolog\u00eda pol\u00edtica, la cual ni ten\u00eda, me pareci\u00f3 muy extra\u00f1o\u00bb.<\/p>\n","protected":false},"excerpt":{"rendered":"<p>Una nueva declaraci\u00f3n testimonial arroja datos reveladores sobre el intento de magnicidio contra la vicepresidenta. Se trata de un joven que vivi\u00f3 junto a Montiel hace cuatro a\u00f1os. \u00abNi ten\u00eda ideolog\u00eda pol\u00edtica\u00bb, afirm\u00f3 sobre el acusado.<\/p>\n","protected":false},"author":8,"featured_media":93236,"comment_status":"open","ping_status":"open","sticky":false,"template":"","format":"standard","meta":{"fifu_image_url":"","fifu_image_alt":"","footnotes":""},"categories":[16],"tags":[],"class_list":{"0":"post-93226","1":"post","2":"type-post","3":"status-publish","4":"format-standard","5":"has-post-thumbnail","7":"category-politi"},"yoast_head":"<title>Conocido de Sabag Montiel abon\u00f3 la teor\u00eda del ataque &quot;por plata&quot; - Informe Litoral<\/title>\n<meta name=\"robots\" content=\"index, follow, max-snippet:-1, max-image-preview:large, max-video-preview:-1\" \/>\n<link rel=\"canonical\" href=\"https:\/\/informelitoral.com.ar\/conocido-de-sabag-montiel-abono-la-teoria-del-ataque-por-plata\/\" \/>\n<meta property=\"og:locale\" content=\"es_ES\" \/>\n<meta property=\"og:type\" content=\"article\" \/>\n<meta property=\"og:title\" content=\"Conocido de Sabag Montiel abon\u00f3 la teor\u00eda del ataque &quot;por plata&quot; - Informe Litoral\" \/>\n<meta property=\"og:description\" content=\"Una nueva declaraci\u00f3n testimonial arroja datos reveladores sobre el intento de magnicidio contra la vicepresidenta. Se trata de un joven que vivi\u00f3 junto a Montiel hace cuatro a\u00f1os. &quot;Ni ten\u00eda ideolog\u00eda pol\u00edtica&quot;, afirm\u00f3 sobre el acusado.\" \/>\n<meta property=\"og:url\" content=\"https:\/\/informelitoral.com.ar\/conocido-de-sabag-montiel-abono-la-teoria-del-ataque-por-plata\/\" \/>\n<meta property=\"og:site_name\" content=\"Informe Litoral\" \/>\n<meta property=\"article:publisher\" content=\"https:\/\/www.facebook.com\/informelitoral\/\" \/>\n<meta property=\"article:published_time\" content=\"2022-11-08T12:49:28+00:00\" \/>\n<meta property=\"article:modified_time\" content=\"2022-11-08T12:52:31+00:00\" \/>\n<meta property=\"og:image\" content=\"https:\/\/informelitoral.com.ar\/%77%70%2d%63%6f%6e%74%65%6e%74\/uploads\/2022\/11\/o_1662166361.jpg\" \/>\n\t<meta property=\"og:image:width\" content=\"800\" \/>\n\t<meta property=\"og:image:height\" content=\"450\" \/>\n\t<meta property=\"og:image:type\" content=\"image\/jpeg\" \/>\n<meta name=\"author\" content=\"Sebastian\" \/>\n<meta name=\"twitter:card\" content=\"summary_large_image\" \/>\n<meta name=\"twitter:creator\" content=\"@InformeLitoral\" \/>\n<meta name=\"twitter:site\" content=\"@InformeLitoral\" \/>\n<meta name=\"twitter:label1\" content=\"Escrito por\" \/>\n\t<meta name=\"twitter:data1\" content=\"Sebastian\" \/>\n\t<meta name=\"twitter:label2\" content=\"Tiempo de lectura\" \/>\n\t<meta name=\"twitter:data2\" content=\"3 minutos\" \/>\n<script type=\"application\/ld+json\" class=\"yoast-schema-graph\">{\"@context\":\"https:\\\/\\\/schema.org\",\"@graph\":[{\"@type\":\"Article\",\"@id\":\"https:\\\/\\\/informelitoral.com.ar\\\/conocido-de-sabag-montiel-abono-la-teoria-del-ataque-por-plata\\\/#article\",\"isPartOf\":{\"@id\":\"https:\\\/\\\/informelitoral.com.ar\\\/conocido-de-sabag-montiel-abono-la-teoria-del-ataque-por-plata\\\/\"},\"author\":{\"name\":\"Sebastian\",\"@id\":\"https:\\\/\\\/informelitoral.com.ar\\\/#\\\/schema\\\/person\\\/f05f9f461677119578717524b127d6d5\"},\"headline\":\"Conocido de Sabag Montiel abon\u00f3 la teor\u00eda del ataque \u00abpor plata\u00bb\",\"datePublished\":\"2022-11-08T12:49:28+00:00\",\"dateModified\":\"2022-11-08T12:52:31+00:00\",\"mainEntityOfPage\":{\"@id\":\"https:\\\/\\\/informelitoral.com.ar\\\/conocido-de-sabag-montiel-abono-la-teoria-del-ataque-por-plata\\\/\"},\"wordCount\":678,\"commentCount\":0,\"publisher\":{\"@id\":\"https:\\\/\\\/informelitoral.com.ar\\\/#organization\"},\"image\":{\"@id\":\"https:\\\/\\\/informelitoral.com.ar\\\/conocido-de-sabag-montiel-abono-la-teoria-del-ataque-por-plata\\\/#primaryimage\"},\"thumbnailUrl\":\"https:\\\/\\\/informelitoral.com.ar\\\/%77%70%2d%63%6f%6e%74%65%6e%74\\\/uploads\\\/2022\\\/11\\\/o_1662166361.jpg\",\"articleSection\":[\"Politica\"],\"inLanguage\":\"es\",\"potentialAction\":[{\"@type\":\"CommentAction\",\"name\":\"Comment\",\"target\":[\"https:\\\/\\\/informelitoral.com.ar\\\/conocido-de-sabag-montiel-abono-la-teoria-del-ataque-por-plata\\\/#respond\"]}]},{\"@type\":\"WebPage\",\"@id\":\"https:\\\/\\\/informelitoral.com.ar\\\/conocido-de-sabag-montiel-abono-la-teoria-del-ataque-por-plata\\\/\",\"url\":\"https:\\\/\\\/informelitoral.com.ar\\\/conocido-de-sabag-montiel-abono-la-teoria-del-ataque-por-plata\\\/\",\"name\":\"Conocido de Sabag Montiel abon\u00f3 la teor\u00eda del ataque \\\"por plata\\\" - Informe Litoral\",\"isPartOf\":{\"@id\":\"https:\\\/\\\/informelitoral.com.ar\\\/#website\"},\"primaryImageOfPage\":{\"@id\":\"https:\\\/\\\/informelitoral.com.ar\\\/conocido-de-sabag-montiel-abono-la-teoria-del-ataque-por-plata\\\/#primaryimage\"},\"image\":{\"@id\":\"https:\\\/\\\/informelitoral.com.ar\\\/conocido-de-sabag-montiel-abono-la-teoria-del-ataque-por-plata\\\/#primaryimage\"},\"thumbnailUrl\":\"https:\\\/\\\/informelitoral.com.ar\\\/%77%70%2d%63%6f%6e%74%65%6e%74\\\/uploads\\\/2022\\\/11\\\/o_1662166361.jpg\",\"datePublished\":\"2022-11-08T12:49:28+00:00\",\"dateModified\":\"2022-11-08T12:52:31+00:00\",\"breadcrumb\":{\"@id\":\"https:\\\/\\\/informelitoral.com.ar\\\/conocido-de-sabag-montiel-abono-la-teoria-del-ataque-por-plata\\\/#breadcrumb\"},\"inLanguage\":\"es\",\"potentialAction\":[{\"@type\":\"ReadAction\",\"target\":[\"https:\\\/\\\/informelitoral.com.ar\\\/conocido-de-sabag-montiel-abono-la-teoria-del-ataque-por-plata\\\/\"]}]},{\"@type\":\"ImageObject\",\"inLanguage\":\"es\",\"@id\":\"https:\\\/\\\/informelitoral.com.ar\\\/conocido-de-sabag-montiel-abono-la-teoria-del-ataque-por-plata\\\/#primaryimage\",\"url\":\"https:\\\/\\\/informelitoral.com.ar\\\/%77%70%2d%63%6f%6e%74%65%6e%74\\\/uploads\\\/2022\\\/11\\\/o_1662166361.jpg\",\"contentUrl\":\"https:\\\/\\\/informelitoral.com.ar\\\/%77%70%2d%63%6f%6e%74%65%6e%74\\\/uploads\\\/2022\\\/11\\\/o_1662166361.jpg\",\"width\":800,\"height\":450},{\"@type\":\"BreadcrumbList\",\"@id\":\"https:\\\/\\\/informelitoral.com.ar\\\/conocido-de-sabag-montiel-abono-la-teoria-del-ataque-por-plata\\\/#breadcrumb\",\"itemListElement\":[{\"@type\":\"ListItem\",\"position\":1,\"name\":\"Portada\",\"item\":\"https:\\\/\\\/informelitoral.com.ar\\\/\"},{\"@type\":\"ListItem\",\"position\":2,\"name\":\"Conocido de Sabag Montiel abon\u00f3 la teor\u00eda del ataque \u00abpor plata\u00bb\"}]},{\"@type\":\"WebSite\",\"@id\":\"https:\\\/\\\/informelitoral.com.ar\\\/#website\",\"url\":\"https:\\\/\\\/informelitoral.com.ar\\\/\",\"name\":\"Informe Litoral\",\"description\":\"&quot;Nos informamos&quot; \",\"publisher\":{\"@id\":\"https:\\\/\\\/informelitoral.com.ar\\\/#organization\"},\"potentialAction\":[{\"@type\":\"SearchAction\",\"target\":{\"@type\":\"EntryPoint\",\"urlTemplate\":\"https:\\\/\\\/informelitoral.com.ar\\\/?s={search_term_string}\"},\"query-input\":{\"@type\":\"PropertyValueSpecification\",\"valueRequired\":true,\"valueName\":\"search_term_string\"}}],\"inLanguage\":\"es\"},{\"@type\":\"Organization\",\"@id\":\"https:\\\/\\\/informelitoral.com.ar\\\/#organization\",\"name\":\"Informe Litoral\",\"url\":\"https:\\\/\\\/informelitoral.com.ar\\\/\",\"logo\":{\"@type\":\"ImageObject\",\"inLanguage\":\"es\",\"@id\":\"https:\\\/\\\/informelitoral.com.ar\\\/#\\\/schema\\\/logo\\\/image\\\/\",\"url\":\"https:\\\/\\\/informelitoral.com.ar\\\/%77%70%2d%63%6f%6e%74%65%6e%74\\\/uploads\\\/2021\\\/01\\\/circulo.png\",\"contentUrl\":\"https:\\\/\\\/informelitoral.com.ar\\\/%77%70%2d%63%6f%6e%74%65%6e%74\\\/uploads\\\/2021\\\/01\\\/circulo.png\",\"width\":723,\"height\":731,\"caption\":\"Informe Litoral\"},\"image\":{\"@id\":\"https:\\\/\\\/informelitoral.com.ar\\\/#\\\/schema\\\/logo\\\/image\\\/\"},\"sameAs\":[\"https:\\\/\\\/www.facebook.com\\\/informelitoral\\\/\",\"https:\\\/\\\/x.com\\\/InformeLitoral\",\"https:\\\/\\\/www.instagram.com\\\/informelitoral\\\/\",\"https:\\\/\\\/www.youtube.com\\\/channel\\\/UCua4Qvz8Icb6MYqhoq9xLXw\"]},{\"@type\":\"Person\",\"@id\":\"https:\\\/\\\/informelitoral.com.ar\\\/#\\\/schema\\\/person\\\/f05f9f461677119578717524b127d6d5\",\"name\":\"Sebastian\",\"image\":{\"@type\":\"ImageObject\",\"inLanguage\":\"es\",\"@id\":\"https:\\\/\\\/secure.gravatar.com\\\/avatar\\\/b71bf7481d447dfb9583c7f2798e7cc64de6efb9067b74633ed8c31059a3bd82?s=96&d=mm&r=g\",\"url\":\"https:\\\/\\\/secure.gravatar.com\\\/avatar\\\/b71bf7481d447dfb9583c7f2798e7cc64de6efb9067b74633ed8c31059a3bd82?s=96&d=mm&r=g\",\"contentUrl\":\"https:\\\/\\\/secure.gravatar.com\\\/avatar\\\/b71bf7481d447dfb9583c7f2798e7cc64de6efb9067b74633ed8c31059a3bd82?s=96&d=mm&r=g\",\"caption\":\"Sebastian\"},\"url\":\"https:\\\/\\\/informelitoral.com.ar\\\/author\\\/sebastian\\\/\"}]}<\/script>","yoast_head_json":{"title":"Conocido de Sabag Montiel abon\u00f3 la teor\u00eda del ataque \"por plata\" - Informe Litoral","robots":{"index":"index","follow":"follow","max-snippet":"max-snippet:-1","max-image-preview":"max-image-preview:large","max-video-preview":"max-video-preview:-1"},"canonical":"https:\/\/informelitoral.com.ar\/conocido-de-sabag-montiel-abono-la-teoria-del-ataque-por-plata\/","og_locale":"es_ES","og_type":"article","og_title":"Conocido de Sabag Montiel abon\u00f3 la teor\u00eda del ataque \"por plata\" - Informe Litoral","og_description":"Una nueva declaraci\u00f3n testimonial arroja datos reveladores sobre el intento de magnicidio contra la vicepresidenta. Se trata de un joven que vivi\u00f3 junto a Montiel hace cuatro a\u00f1os. \"Ni ten\u00eda ideolog\u00eda pol\u00edtica\", afirm\u00f3 sobre el acusado.","og_url":"https:\/\/informelitoral.com.ar\/conocido-de-sabag-montiel-abono-la-teoria-del-ataque-por-plata\/","og_site_name":"Informe Litoral","article_publisher":"https:\/\/www.facebook.com\/informelitoral\/","article_published_time":"2022-11-08T12:49:28+00:00","article_modified_time":"2022-11-08T12:52:31+00:00","og_image":[{"width":800,"height":450,"url":"https:\/\/informelitoral.com.ar\/%77%70%2d%63%6f%6e%74%65%6e%74\/uploads\/2022\/11\/o_1662166361.jpg","type":"image\/jpeg"}],"author":"Sebastian","twitter_card":"summary_large_image","twitter_creator":"@InformeLitoral","twitter_site":"@InformeLitoral","twitter_misc":{"Escrito por":"Sebastian","Tiempo de lectura":"3 minutos"},"schema":{"@context":"https:\/\/schema.org","@graph":[{"@type":"Article","@id":"https:\/\/informelitoral.com.ar\/conocido-de-sabag-montiel-abono-la-teoria-del-ataque-por-plata\/#article","isPartOf":{"@id":"https:\/\/informelitoral.com.ar\/conocido-de-sabag-montiel-abono-la-teoria-del-ataque-por-plata\/"},"author":{"name":"Sebastian","@id":"https:\/\/informelitoral.com.ar\/#\/schema\/person\/f05f9f461677119578717524b127d6d5"},"headline":"Conocido de Sabag Montiel abon\u00f3 la teor\u00eda del ataque \u00abpor plata\u00bb","datePublished":"2022-11-08T12:49:28+00:00","dateModified":"2022-11-08T12:52:31+00:00","mainEntityOfPage":{"@id":"https:\/\/informelitoral.com.ar\/conocido-de-sabag-montiel-abono-la-teoria-del-ataque-por-plata\/"},"wordCount":678,"commentCount":0,"publisher":{"@id":"https:\/\/informelitoral.com.ar\/#organization"},"image":{"@id":"https:\/\/informelitoral.com.ar\/conocido-de-sabag-montiel-abono-la-teoria-del-ataque-por-plata\/#primaryimage"},"thumbnailUrl":"https:\/\/informelitoral.com.ar\/%77%70%2d%63%6f%6e%74%65%6e%74\/uploads\/2022\/11\/o_1662166361.jpg","articleSection":["Politica"],"inLanguage":"es","potentialAction":[{"@type":"CommentAction","name":"Comment","target":["https:\/\/informelitoral.com.ar\/conocido-de-sabag-montiel-abono-la-teoria-del-ataque-por-plata\/#respond"]}]},{"@type":"WebPage","@id":"https:\/\/informelitoral.com.ar\/conocido-de-sabag-montiel-abono-la-teoria-del-ataque-por-plata\/","url":"https:\/\/informelitoral.com.ar\/conocido-de-sabag-montiel-abono-la-teoria-del-ataque-por-plata\/","name":"Conocido de Sabag Montiel abon\u00f3 la teor\u00eda del ataque \"por plata\" - Informe Litoral","isPartOf":{"@id":"https:\/\/informelitoral.com.ar\/#website"},"primaryImageOfPage":{"@id":"https:\/\/informelitoral.com.ar\/conocido-de-sabag-montiel-abono-la-teoria-del-ataque-por-plata\/#primaryimage"},"image":{"@id":"https:\/\/informelitoral.com.ar\/conocido-de-sabag-montiel-abono-la-teoria-del-ataque-por-plata\/#primaryimage"},"thumbnailUrl":"https:\/\/informelitoral.com.ar\/%77%70%2d%63%6f%6e%74%65%6e%74\/uploads\/2022\/11\/o_1662166361.jpg","datePublished":"2022-11-08T12:49:28+00:00","dateModified":"2022-11-08T12:52:31+00:00","breadcrumb":{"@id":"https:\/\/informelitoral.com.ar\/conocido-de-sabag-montiel-abono-la-teoria-del-ataque-por-plata\/#breadcrumb"},"inLanguage":"es","potentialAction":[{"@type":"ReadAction","target":["https:\/\/informelitoral.com.ar\/conocido-de-sabag-montiel-abono-la-teoria-del-ataque-por-plata\/"]}]},{"@type":"ImageObject","inLanguage":"es","@id":"https:\/\/informelitoral.com.ar\/conocido-de-sabag-montiel-abono-la-teoria-del-ataque-por-plata\/#primaryimage","url":"https:\/\/informelitoral.com.ar\/%77%70%2d%63%6f%6e%74%65%6e%74\/uploads\/2022\/11\/o_1662166361.jpg","contentUrl":"https:\/\/informelitoral.com.ar\/%77%70%2d%63%6f%6e%74%65%6e%74\/uploads\/2022\/11\/o_1662166361.jpg","width":800,"height":450},{"@type":"BreadcrumbList","@id":"https:\/\/informelitoral.com.ar\/conocido-de-sabag-montiel-abono-la-teoria-del-ataque-por-plata\/#breadcrumb","itemListElement":[{"@type":"ListItem","position":1,"name":"Portada","item":"https:\/\/informelitoral.com.ar\/"},{"@type":"ListItem","position":2,"name":"Conocido de Sabag Montiel abon\u00f3 la teor\u00eda del ataque \u00abpor plata\u00bb"}]},{"@type":"WebSite","@id":"https:\/\/informelitoral.com.ar\/#website","url":"https:\/\/informelitoral.com.ar\/","name":"Informe Litoral","description":"&quot;Nos informamos&quot; ","publisher":{"@id":"https:\/\/informelitoral.com.ar\/#organization"},"potentialAction":[{"@type":"SearchAction","target":{"@type":"EntryPoint","urlTemplate":"https:\/\/informelitoral.com.ar\/?s={search_term_string}"},"query-input":{"@type":"PropertyValueSpecification","valueRequired":true,"valueName":"search_term_string"}}],"inLanguage":"es"},{"@type":"Organization","@id":"https:\/\/informelitoral.com.ar\/#organization","name":"Informe Litoral","url":"https:\/\/informelitoral.com.ar\/","logo":{"@type":"ImageObject","inLanguage":"es","@id":"https:\/\/informelitoral.com.ar\/#\/schema\/logo\/image\/","url":"https:\/\/informelitoral.com.ar\/%77%70%2d%63%6f%6e%74%65%6e%74\/uploads\/2021\/01\/circulo.png","contentUrl":"https:\/\/informelitoral.com.ar\/%77%70%2d%63%6f%6e%74%65%6e%74\/uploads\/2021\/01\/circulo.png","width":723,"height":731,"caption":"Informe Litoral"},"image":{"@id":"https:\/\/informelitoral.com.ar\/#\/schema\/logo\/image\/"},"sameAs":["https:\/\/www.facebook.com\/informelitoral\/","https:\/\/x.com\/InformeLitoral","https:\/\/www.instagram.com\/informelitoral\/","https:\/\/www.youtube.com\/channel\/UCua4Qvz8Icb6MYqhoq9xLXw"]},{"@type":"Person","@id":"https:\/\/informelitoral.com.ar\/#\/schema\/person\/f05f9f461677119578717524b127d6d5","name":"Sebastian","image":{"@type":"ImageObject","inLanguage":"es","@id":"https:\/\/secure.gravatar.com\/avatar\/b71bf7481d447dfb9583c7f2798e7cc64de6efb9067b74633ed8c31059a3bd82?s=96&d=mm&r=g","url":"https:\/\/secure.gravatar.com\/avatar\/b71bf7481d447dfb9583c7f2798e7cc64de6efb9067b74633ed8c31059a3bd82?s=96&d=mm&r=g","contentUrl":"https:\/\/secure.gravatar.com\/avatar\/b71bf7481d447dfb9583c7f2798e7cc64de6efb9067b74633ed8c31059a3bd82?s=96&d=mm&r=g","caption":"Sebastian"},"url":"https:\/\/informelitoral.com.ar\/author\/sebastian\/"}]}},"_links":{"self":[{"href":"https:\/\/informelitoral.com.ar\/%77%70%2d%6a%73%6f%6e\/wp\/v2\/posts\/93226","targetHints":{"allow":["GET"]}}],"collection":[{"href":"https:\/\/informelitoral.com.ar\/%77%70%2d%6a%73%6f%6e\/wp\/v2\/posts"}],"about":[{"href":"https:\/\/informelitoral.com.ar\/%77%70%2d%6a%73%6f%6e\/wp\/v2\/types\/post"}],"author":[{"embeddable":true,"href":"https:\/\/informelitoral.com.ar\/%77%70%2d%6a%73%6f%6e\/wp\/v2\/users\/8"}],"replies":[{"embeddable":true,"href":"https:\/\/informelitoral.com.ar\/%77%70%2d%6a%73%6f%6e\/wp\/v2\/comments?post=93226"}],"version-history":[{"count":0,"href":"https:\/\/informelitoral.com.ar\/%77%70%2d%6a%73%6f%6e\/wp\/v2\/posts\/93226\/revisions"}],"wp:featuredmedia":[{"embeddable":true,"href":"https:\/\/informelitoral.com.ar\/%77%70%2d%6a%73%6f%6e\/wp\/v2\/media\/93236"}],"wp:attachment":[{"href":"https:\/\/informelitoral.com.ar\/%77%70%2d%6a%73%6f%6e\/wp\/v2\/media?parent=93226"}],"wp:term":[{"taxonomy":"category","embeddable":true,"href":"https:\/\/informelitoral.com.ar\/%77%70%2d%6a%73%6f%6e\/wp\/v2\/categories?post=93226"},{"taxonomy":"post_tag","embeddable":true,"href":"https:\/\/informelitoral.com.ar\/%77%70%2d%6a%73%6f%6e\/wp\/v2\/tags?post=93226"}],"curies":[{"name":"wp","href":"https:\/\/api.w.org\/{rel}","templated":true}]}}