{"id":9322,"date":"2014-12-17T22:50:05","date_gmt":"2014-12-18T01:50:05","guid":{"rendered":"http:\/\/www.isletasnoticias.com.ar\/?p=9322"},"modified":"2014-12-17T22:50:05","modified_gmt":"2014-12-18T01:50:05","slug":"presidentes-del-mercosur-destacaron-en-parana-el-historico-acuerdo-entre-ee-uu-y-cuba","status":"publish","type":"post","link":"https:\/\/informelitoral.com.ar\/presidentes-del-mercosur-destacaron-en-parana-el-historico-acuerdo-entre-ee-uu-y-cuba\/","title":{"rendered":"Presidentes del Mercosur destacaron en Paran\u00e1 el hist\u00f3rico acuerdo entre EE.UU y Cuba"},"content":{"rendered":"<p><strong>La presidente <em>Cristina Kirchner<\/em> encabez\u00f3 en Paran\u00e1, la 47ma. Cumbre de Jefes y Jefas de Estado del Mercosur en Paran\u00e1. Representantes de siete pa\u00edses destacaron el hist\u00f3rico acuerdo de reanudaci\u00f3n del di\u00e1logo diplom\u00e1tico entre Cuba y EE.UU.<a href=\"http:\/\/www.isletasnoticias.com.ar\/%77%70%2d%63%6f%6e%74%65%6e%74\/uploads\/2014\/12\/e_1418839935.jpg\"><img loading=\"lazy\" decoding=\"async\" class=\"aligncenter size-medium wp-image-9323\" src=\"http:\/\/www.isletasnoticias.com.ar\/%77%70%2d%63%6f%6e%74%65%6e%74\/uploads\/2014\/12\/e_1418839935-300x225.jpg\" alt=\"e_1418839935\" width=\"300\" height=\"225\" srcset=\"https:\/\/informelitoral.com.ar\/%77%70%2d%63%6f%6e%74%65%6e%74\/uploads\/2014\/12\/e_1418839935-300x225.jpg 300w, https:\/\/informelitoral.com.ar\/%77%70%2d%63%6f%6e%74%65%6e%74\/uploads\/2014\/12\/e_1418839935.jpg 432w\" sizes=\"auto, (max-width: 300px) 100vw, 300px\" \/><\/a><\/strong><\/p>\n<p>Los pa\u00edses del Mercosur ratificaron hoy su respaldo a la Argentina sobre el reclamo por la soberan\u00eda de las Islas Malvinas y en torno al conflicto con los fondos buitre, a trav\u00e9s de un comunicado especial emitido durante la cumbre de jefes de Estado del bloque regional que se realiz\u00f3 en Paran\u00e1.<\/p>\n<p>\u00abLas Presidentas y Presidentes de los Estados Partes del Mercosur, frente a los planteos de un grupo minoritario de tenedores de t\u00edtulos no reestructurados de la deuda soberana de la Rep\u00fablica Argentina, reafirman su m\u00e1s absoluto rechazo a la actitud de dichos fondos especulativos (hold outs)\u00bb, sostuvieron los pa\u00edses del bloque en el comunicado.<\/p>\n<p>La Cumbre se realiz\u00f3 en el Centro Cultural y de Convenciones La Vieja Usina de Paran\u00e1, donde la presidente, que lleg\u00f3 al lugar acompa\u00f1ada por el gobernador de Entre R\u00edos, Sergio Urribarri, recibi\u00f3 el saludo formal de los mandatarios de los pa\u00edses de la regi\u00f3n.<\/p>\n<p>Participaron, adem\u00e1s de la presidente argentina, los mandatarios de Brasil, Dilma Rousseff, de Bolivia, Evo Morales; Venezuela Nicol\u00e1s Maduro; Uruguay Jos\u00e9 Mujica y Paraguay, Horacio Cartes. Tambi\u00e9n tomar parte, como Estado asociado, el canciller de Ecuador, Ricardo Pati\u00f1o.<\/p>\n<p>Previo al inicio de la deliberaci\u00f3n, Cristina recibi\u00f3 en audiencia privada a los presidentes. Fue luego de posar en una foto oficial para la prensa.<\/p>\n<p>Los temas que los primeros mandatarios y altos representantes de los pa\u00edses miembros del Mercosur trataron durante la cumbre comenzaron a ser delineados ayer por los cancilleres.<br \/>\nLa integraci\u00f3n social y econ\u00f3mica, el fortalecimiento productivo de la regi\u00f3n, la libre circulaci\u00f3n de ciudadanos y los acuerdos comerciales con Asia y la Uni\u00f3n Europea, fueron los principales temas que conformaron la agenda que trataron los jefes y jefas de Estado en la 47\u00b0 Cumbre del Mercosur.<\/p>\n<p>Tras una reuni\u00f3n privada de m\u00e1s de una hora que mantuvieron los jefes de Estado de los cinco pa\u00edses miembro del Mercosur, m\u00e1s el boliviano Evo Morales, cuyo pa\u00eds es estado asociado al bloque, los mandatarios se trasladaron al recinto principal para ofrecer sus discursos.<\/p>\n<p>En primer t\u00e9rmino habl\u00f3 el canciller H\u00e9ctor Timerman para dar un informe sobre los seis meses de la presidencia pro tempore del Mercosur que ejerci\u00f3 la argentina, y luego tom\u00f3 la palabra Cristina Kirchner. Timerman resumi\u00f3 lo actuado por Argentina a cargo de la presidencia pro t\u00e9mpore del bloque regional.<\/p>\n<p>Posteriormente, la presidente argentina realiz\u00f3 un discurso centrado en la integraci\u00f3n regional frente a los embates del sector externo. La presidente Cristina Fern\u00e1ndez de Kirchner afirm\u00f3 hoy que \u00abno puede haber desarrollo ni crecimiento si no es de car\u00e1cter inclusivo\u00bb, al sostener la necesidad de la integraci\u00f3n de los pa\u00edses, que es \u00abaltamente beneficiosa para los pueblos, fundamentalmente para los sectores m\u00e1s vulnerables y los que necesitan asistencia del Estado\u00bb, al encabezar la 47\u00b0Cumbre de Jefes y Jefas de Estado del Mercosur.<\/p>\n<p>La mandataria asegur\u00f3 que \u201ces imposible integrarse al mundo si no se est\u00e1 integrado regionalmente\u201d y destac\u00f3 el potencial del Mercosur en materia de recursos humanos y naturales que lo convierte en \u201cun lugar de privilegio en el mundo\u201d.<\/p>\n<p>Cristina afirm\u00f3 que \u00abel manejo del precio del petr\u00f3leo ejemplifica que el mercado es un maravilloso eufemismo que se hall\u00f3 para ocultar las razones geopol\u00edticas y los intereses de otros pa\u00edses\u00bb.<\/p>\n<p>La presidente sostuvo que hay \u00abgrandes empresarios\u00bb que \u00abcreen que son el mercado\u00bb pero que \u00abcuando les cambia alguna tasa de inter\u00e9s se dan cuenta de que no lo son\u00bb y defendi\u00f3 a \u00abla pol\u00edtica como un instrumento de cambio\u00bb para la sociedad.<\/p>\n<p>Cristina Kirchner agradeci\u00f3 esta tarde el respaldo de los pa\u00edses del Mercosur sobre el reclamo argentino sobre las Islas Malvinas y en torno al conflicto con los fondos buitre, durante la cumbre de Jefes de Estado del bloque regional que se realiza en Paran\u00e1.<\/p>\n<p>\u00abQuiero agredecer el apoyo constante a un vestigio del colonialismo del siglo diecinueve, uno de los \u00faltimos, que se ejerce sobre las Islas Malvinas. Tambi\u00e9n quiero agradecer el apoyo sobre lo que sucede con nuestro pa\u00eds, que tambi\u00e9n sucede en el resto del mundo, que es a defensa sdobre lo que hacen los especulados, los fondos buitres\u00bb, sostuvo la mandataria al tomar la palabra en la cumbre.<\/p>\n<p>Por otro lado se refiri\u00f3 a la baja del precio mundial del petr\u00f3leo y asegur\u00f3: \u00abEl manejo del precio del petr\u00f3leo ejemplifica el eufemismo que han hallado para esconder lo que mueve el mundo, que es la gepol\u00edtica y los intereses de los pa\u00edses\u00bb.<\/p>\n<p>Al respecto, consider\u00f3 que \u00abel mercado es un conjunto de pa\u00edses, o incluso de personas, que se re\u00fanen para tomar decisiones sobre los commodities, lo que termina impactando en la pol\u00edtica\u00bb.<\/p>\n<p>Por otro lado, dijo que \u00abel comercio no puede ser un obst\u00e1culo para integrarnos al mundo\u00bb y concluy\u00f3 que eso \u00abes una trampa que nos quieren poner para que volvamos a las r\u00e9moras del pasado cuando reinaba la desconfianza entre nuestros pa\u00edses, algo que hemos podido revertir pese a las diferencias que tenemos entre nosotros\u00bb.<\/p>\n<p><strong>Acuerdo de Cuba y EE.UU<\/strong><br \/>\nEl presidente de Venezuela, Nicol\u00e1s Maduro, catalog\u00f3 hoy como hist\u00f3rica y victoria de Fidel Castro y del pueblo cubano la liberaci\u00f3n de tres antiterroristas apresados hace m\u00e1s de 16 a\u00f1os en Estados Unidos.<\/p>\n<p>Al intervenir en la 47 Cumbre de los jefes de Estado del Mercado Com\u00fan del Sur (Mercosur) en la ciudad argentina de Paran\u00e1, el mandatario alab\u00f3 tambi\u00e9n la decisi\u00f3n de regularizar las relaciones entre Cuba y el norte\u00f1o pa\u00eds.<\/p>\n<p>Maduro coment\u00f3 as\u00ed la decisi\u00f3n anunciada por el presidente Ra\u00fal Castro en alocuci\u00f3n al pa\u00eds caribe\u00f1o en la que acordaron restablecer relaciones diplom\u00e1ticas, rotas desde hace 53 a\u00f1os.<br \/>\nLas negociaciones entre ambas partes incluyeron la liberaci\u00f3n de los h\u00e9roes cubanos Gerardo Hern\u00e1ndez, Ram\u00f3n Laba\u00f1ino y Antonio Guerrero, presos desde 1998; y del agente estadounidense Alan Gross, detenido en Cuba desde 2009.<\/p>\n<p>El mandatario reconoci\u00f3 la valent\u00eda de este gesto por parte del presidente Barack Obama, quiz\u00e1s el m\u00e1s importante durante su mandato, asever\u00f3.<\/p>\n<p>Tambi\u00e9n aplaudi\u00f3 el apoyo para esta decisi\u00f3n del papa Francisco, \u00abel papa latinoamericano, dijo, que este 17 de diciembre est\u00e1 de cumplea\u00f1os\u00bb.<\/p>\n<p>La presidente Cristina de Kirchner celebr\u00f3, durante la cumbre del Mercosur en Paran\u00e1, el inicio del proceso de \u00abnormalizaci\u00f3n de las relaciones\u00bb entre Estados Unidos y Cuba que pusieron en marcha los mandatarios Barack Obama y Ra\u00fal Castro, y destac\u00f3 el rol que jug\u00f3 para ello el papa Francisco.<\/p>\n<p>\u00abDilma (Rousseff), Pepe (Mujica), Nicol\u00e1s (Maduro)&#8230; pens\u00e9 que nunca \u00edbamos a ver el fin del bloqueo (estadounidense) a Cuba\u00bb, sostuvo la mandataria antes de cederle la palabra a su par de Paraguay, Horacio Cartes.<\/p>\n<p>Al respecto, Cristina Kirchner elogi\u00f3 a Cuba al se\u00f1alar que \u00abcuando los pueblos son conducidos por dirigentes que no los traicionan, llegan a sus objetivos\u00bb.<\/p>\n<p>\u00abEstamos felices como argentinos, como ciudadanos del mundo y como militantes pol\u00edticos. Sinceramente pensamos que nunca lo \u00edbamos a ver. Fue una decisi\u00f3n inteligente del Presidente de los Estados Unidos\u00bb, insisti\u00f3 al manifestar su alegr\u00eda por el acercamiento entre ese pa\u00eds y Cuba.<\/p>\n<p>Al respecto, destac\u00f3 el rol mediador del Papa sobre ese tema y resalt\u00f3 que esto se dio a conocer \u00aben el d\u00eda de su cumplea\u00f1os\u00bb.<\/p>\n<p>El anuncio de Obama impact\u00f3 fuertemente en el desarrollo de la cumbre del Mercosur y tambi\u00e9n se refiri\u00f3 a ello el presidente de Venezuela, Nicol\u00e1s Maduro, quien destac\u00f3 la \u00abayuda del Papa sudamericano\u00bb, Francisco, para la normalizaci\u00f3n de las relaciones entre los dos pa\u00edses.<\/p>\n","protected":false},"excerpt":{"rendered":"<p>La presidente Cristina Kirchner encabez&oacute; en Paran&aacute;, la 47ma. Cumbre de Jefes y Jefas de Estado del Mercosur en Paran&aacute;. Representantes de siete pa&iacute;ses destacaron el hist&oacute;rico acuerdo de reanudaci&oacute;n del di&aacute;logo diplom&aacute;tico entre Cuba y EE.UU. Los pa&iacute;ses del Mercosur ratificaron hoy su respaldo a la Argentina sobre el reclamo por la soberan&iacute;a de [&hellip;]<\/p>\n","protected":false},"author":2,"featured_media":0,"comment_status":"open","ping_status":"open","sticky":false,"template":"","format":"standard","meta":{"fifu_image_url":"","fifu_image_alt":"","footnotes":""},"categories":[6,7,16],"tags":[],"class_list":{"0":"post-9322","1":"post","2":"type-post","3":"status-publish","4":"format-standard","6":"category-entre-rios","7":"category-nacionales","8":"category-politi"},"yoast_head":"<title>Presidentes del Mercosur destacaron en Paran\u00e1 el hist\u00f3rico acuerdo entre EE.UU y Cuba  - Informe Litoral<\/title>\n<meta name=\"robots\" content=\"index, follow, max-snippet:-1, max-image-preview:large, max-video-preview:-1\" \/>\n<link rel=\"canonical\" href=\"https:\/\/informelitoral.com.ar\/presidentes-del-mercosur-destacaron-en-parana-el-historico-acuerdo-entre-ee-uu-y-cuba\/\" \/>\n<meta property=\"og:locale\" content=\"es_ES\" \/>\n<meta property=\"og:type\" content=\"article\" \/>\n<meta property=\"og:title\" content=\"Presidentes del Mercosur destacaron en Paran\u00e1 el hist\u00f3rico acuerdo entre EE.UU y Cuba  - Informe Litoral\" \/>\n<meta property=\"og:description\" content=\"La presidente Cristina Kirchner encabez&oacute; en Paran&aacute;, la 47ma. Cumbre de Jefes y Jefas de Estado del Mercosur en Paran&aacute;. Representantes de siete pa&iacute;ses destacaron el hist&oacute;rico acuerdo de reanudaci&oacute;n del di&aacute;logo diplom&aacute;tico entre Cuba y EE.UU. Los pa&iacute;ses del Mercosur ratificaron hoy su respaldo a la Argentina sobre el reclamo por la soberan&iacute;a de [&hellip;]\" \/>\n<meta property=\"og:url\" content=\"https:\/\/informelitoral.com.ar\/presidentes-del-mercosur-destacaron-en-parana-el-historico-acuerdo-entre-ee-uu-y-cuba\/\" \/>\n<meta property=\"og:site_name\" content=\"Informe Litoral\" \/>\n<meta property=\"article:publisher\" content=\"https:\/\/www.facebook.com\/informelitoral\/\" \/>\n<meta property=\"article:published_time\" content=\"2014-12-18T01:50:05+00:00\" \/>\n<meta property=\"og:image\" content=\"https:\/\/informelitoral.com.ar\/%77%70%2d%63%6f%6e%74%65%6e%74\/uploads\/2014\/12\/e_1418839935.jpg\" \/>\n\t<meta property=\"og:image:width\" content=\"432\" \/>\n\t<meta property=\"og:image:height\" content=\"324\" \/>\n\t<meta property=\"og:image:type\" content=\"image\/jpeg\" \/>\n<meta name=\"author\" content=\"Gonzalo Schmidt\" \/>\n<meta name=\"twitter:card\" content=\"summary_large_image\" \/>\n<meta name=\"twitter:creator\" content=\"@InformeLitoral\" \/>\n<meta name=\"twitter:site\" content=\"@InformeLitoral\" \/>\n<meta name=\"twitter:label1\" content=\"Escrito por\" \/>\n\t<meta name=\"twitter:data1\" content=\"Gonzalo Schmidt\" \/>\n\t<meta name=\"twitter:label2\" content=\"Tiempo de lectura\" \/>\n\t<meta name=\"twitter:data2\" content=\"7 minutos\" \/>\n<script type=\"application\/ld+json\" class=\"yoast-schema-graph\">{\"@context\":\"https:\\\/\\\/schema.org\",\"@graph\":[{\"@type\":\"Article\",\"@id\":\"https:\\\/\\\/informelitoral.com.ar\\\/presidentes-del-mercosur-destacaron-en-parana-el-historico-acuerdo-entre-ee-uu-y-cuba\\\/#article\",\"isPartOf\":{\"@id\":\"https:\\\/\\\/informelitoral.com.ar\\\/presidentes-del-mercosur-destacaron-en-parana-el-historico-acuerdo-entre-ee-uu-y-cuba\\\/\"},\"author\":{\"name\":\"Gonzalo Schmidt\",\"@id\":\"https:\\\/\\\/informelitoral.com.ar\\\/#\\\/schema\\\/person\\\/b9d00407c836482871ef1d57bf8e3180\"},\"headline\":\"Presidentes del Mercosur destacaron en Paran\u00e1 el hist\u00f3rico acuerdo entre EE.UU y Cuba\",\"datePublished\":\"2014-12-18T01:50:05+00:00\",\"mainEntityOfPage\":{\"@id\":\"https:\\\/\\\/informelitoral.com.ar\\\/presidentes-del-mercosur-destacaron-en-parana-el-historico-acuerdo-entre-ee-uu-y-cuba\\\/\"},\"wordCount\":1371,\"commentCount\":0,\"publisher\":{\"@id\":\"https:\\\/\\\/informelitoral.com.ar\\\/#organization\"},\"image\":{\"@id\":\"https:\\\/\\\/informelitoral.com.ar\\\/presidentes-del-mercosur-destacaron-en-parana-el-historico-acuerdo-entre-ee-uu-y-cuba\\\/#primaryimage\"},\"thumbnailUrl\":\"http:\\\/\\\/www.isletasnoticias.com.ar\\\/%77%70%2d%63%6f%6e%74%65%6e%74\\\/uploads\\\/2014\\\/12\\\/e_1418839935-300x225.jpg\",\"articleSection\":[\"Entre R\u00edos\",\"Nacionales\",\"Politica\"],\"inLanguage\":\"es\",\"potentialAction\":[{\"@type\":\"CommentAction\",\"name\":\"Comment\",\"target\":[\"https:\\\/\\\/informelitoral.com.ar\\\/presidentes-del-mercosur-destacaron-en-parana-el-historico-acuerdo-entre-ee-uu-y-cuba\\\/#respond\"]}]},{\"@type\":\"WebPage\",\"@id\":\"https:\\\/\\\/informelitoral.com.ar\\\/presidentes-del-mercosur-destacaron-en-parana-el-historico-acuerdo-entre-ee-uu-y-cuba\\\/\",\"url\":\"https:\\\/\\\/informelitoral.com.ar\\\/presidentes-del-mercosur-destacaron-en-parana-el-historico-acuerdo-entre-ee-uu-y-cuba\\\/\",\"name\":\"Presidentes del Mercosur destacaron en Paran\u00e1 el hist\u00f3rico acuerdo entre EE.UU y Cuba - Informe Litoral\",\"isPartOf\":{\"@id\":\"https:\\\/\\\/informelitoral.com.ar\\\/#website\"},\"primaryImageOfPage\":{\"@id\":\"https:\\\/\\\/informelitoral.com.ar\\\/presidentes-del-mercosur-destacaron-en-parana-el-historico-acuerdo-entre-ee-uu-y-cuba\\\/#primaryimage\"},\"image\":{\"@id\":\"https:\\\/\\\/informelitoral.com.ar\\\/presidentes-del-mercosur-destacaron-en-parana-el-historico-acuerdo-entre-ee-uu-y-cuba\\\/#primaryimage\"},\"thumbnailUrl\":\"http:\\\/\\\/www.isletasnoticias.com.ar\\\/%77%70%2d%63%6f%6e%74%65%6e%74\\\/uploads\\\/2014\\\/12\\\/e_1418839935-300x225.jpg\",\"datePublished\":\"2014-12-18T01:50:05+00:00\",\"breadcrumb\":{\"@id\":\"https:\\\/\\\/informelitoral.com.ar\\\/presidentes-del-mercosur-destacaron-en-parana-el-historico-acuerdo-entre-ee-uu-y-cuba\\\/#breadcrumb\"},\"inLanguage\":\"es\",\"potentialAction\":[{\"@type\":\"ReadAction\",\"target\":[\"https:\\\/\\\/informelitoral.com.ar\\\/presidentes-del-mercosur-destacaron-en-parana-el-historico-acuerdo-entre-ee-uu-y-cuba\\\/\"]}]},{\"@type\":\"ImageObject\",\"inLanguage\":\"es\",\"@id\":\"https:\\\/\\\/informelitoral.com.ar\\\/presidentes-del-mercosur-destacaron-en-parana-el-historico-acuerdo-entre-ee-uu-y-cuba\\\/#primaryimage\",\"url\":\"http:\\\/\\\/www.isletasnoticias.com.ar\\\/%77%70%2d%63%6f%6e%74%65%6e%74\\\/uploads\\\/2014\\\/12\\\/e_1418839935-300x225.jpg\",\"contentUrl\":\"http:\\\/\\\/www.isletasnoticias.com.ar\\\/%77%70%2d%63%6f%6e%74%65%6e%74\\\/uploads\\\/2014\\\/12\\\/e_1418839935-300x225.jpg\"},{\"@type\":\"BreadcrumbList\",\"@id\":\"https:\\\/\\\/informelitoral.com.ar\\\/presidentes-del-mercosur-destacaron-en-parana-el-historico-acuerdo-entre-ee-uu-y-cuba\\\/#breadcrumb\",\"itemListElement\":[{\"@type\":\"ListItem\",\"position\":1,\"name\":\"Portada\",\"item\":\"https:\\\/\\\/informelitoral.com.ar\\\/\"},{\"@type\":\"ListItem\",\"position\":2,\"name\":\"Presidentes del Mercosur destacaron en Paran\u00e1 el hist\u00f3rico acuerdo entre EE.UU y Cuba\"}]},{\"@type\":\"WebSite\",\"@id\":\"https:\\\/\\\/informelitoral.com.ar\\\/#website\",\"url\":\"https:\\\/\\\/informelitoral.com.ar\\\/\",\"name\":\"Informe Litoral\",\"description\":\"&quot;Nos informamos&quot; \",\"publisher\":{\"@id\":\"https:\\\/\\\/informelitoral.com.ar\\\/#organization\"},\"potentialAction\":[{\"@type\":\"SearchAction\",\"target\":{\"@type\":\"EntryPoint\",\"urlTemplate\":\"https:\\\/\\\/informelitoral.com.ar\\\/?s={search_term_string}\"},\"query-input\":{\"@type\":\"PropertyValueSpecification\",\"valueRequired\":true,\"valueName\":\"search_term_string\"}}],\"inLanguage\":\"es\"},{\"@type\":\"Organization\",\"@id\":\"https:\\\/\\\/informelitoral.com.ar\\\/#organization\",\"name\":\"Informe Litoral\",\"url\":\"https:\\\/\\\/informelitoral.com.ar\\\/\",\"logo\":{\"@type\":\"ImageObject\",\"inLanguage\":\"es\",\"@id\":\"https:\\\/\\\/informelitoral.com.ar\\\/#\\\/schema\\\/logo\\\/image\\\/\",\"url\":\"https:\\\/\\\/informelitoral.com.ar\\\/%77%70%2d%63%6f%6e%74%65%6e%74\\\/uploads\\\/2021\\\/01\\\/circulo.png\",\"contentUrl\":\"https:\\\/\\\/informelitoral.com.ar\\\/%77%70%2d%63%6f%6e%74%65%6e%74\\\/uploads\\\/2021\\\/01\\\/circulo.png\",\"width\":723,\"height\":731,\"caption\":\"Informe Litoral\"},\"image\":{\"@id\":\"https:\\\/\\\/informelitoral.com.ar\\\/#\\\/schema\\\/logo\\\/image\\\/\"},\"sameAs\":[\"https:\\\/\\\/www.facebook.com\\\/informelitoral\\\/\",\"https:\\\/\\\/x.com\\\/InformeLitoral\",\"https:\\\/\\\/www.instagram.com\\\/informelitoral\\\/\",\"https:\\\/\\\/www.youtube.com\\\/channel\\\/UCua4Qvz8Icb6MYqhoq9xLXw\"]},{\"@type\":\"Person\",\"@id\":\"https:\\\/\\\/informelitoral.com.ar\\\/#\\\/schema\\\/person\\\/b9d00407c836482871ef1d57bf8e3180\",\"name\":\"Gonzalo Schmidt\",\"image\":{\"@type\":\"ImageObject\",\"inLanguage\":\"es\",\"@id\":\"https:\\\/\\\/secure.gravatar.com\\\/avatar\\\/31a1a7b66ff2de83bd0e9fd79d026630d2d99e55e8bfe501287647b4fd9743de?s=96&d=mm&r=g\",\"url\":\"https:\\\/\\\/secure.gravatar.com\\\/avatar\\\/31a1a7b66ff2de83bd0e9fd79d026630d2d99e55e8bfe501287647b4fd9743de?s=96&d=mm&r=g\",\"contentUrl\":\"https:\\\/\\\/secure.gravatar.com\\\/avatar\\\/31a1a7b66ff2de83bd0e9fd79d026630d2d99e55e8bfe501287647b4fd9743de?s=96&d=mm&r=g\",\"caption\":\"Gonzalo Schmidt\"},\"description\":\"Sitio web de noticias de la provincia de Entre R\u00edos, Argentina. Informaci\u00f3n y entretenimiento. Informe Litoral, nos informamos.\",\"sameAs\":[\"http:\\\/\\\/www.isletasnoticias.com.ar\"],\"url\":\"https:\\\/\\\/informelitoral.com.ar\\\/author\\\/gonzalo\\\/\"}]}<\/script>","yoast_head_json":{"title":"Presidentes del Mercosur destacaron en Paran\u00e1 el hist\u00f3rico acuerdo entre EE.UU y Cuba  - Informe Litoral","robots":{"index":"index","follow":"follow","max-snippet":"max-snippet:-1","max-image-preview":"max-image-preview:large","max-video-preview":"max-video-preview:-1"},"canonical":"https:\/\/informelitoral.com.ar\/presidentes-del-mercosur-destacaron-en-parana-el-historico-acuerdo-entre-ee-uu-y-cuba\/","og_locale":"es_ES","og_type":"article","og_title":"Presidentes del Mercosur destacaron en Paran\u00e1 el hist\u00f3rico acuerdo entre EE.UU y Cuba  - Informe Litoral","og_description":"La presidente Cristina Kirchner encabez&oacute; en Paran&aacute;, la 47ma. Cumbre de Jefes y Jefas de Estado del Mercosur en Paran&aacute;. Representantes de siete pa&iacute;ses destacaron el hist&oacute;rico acuerdo de reanudaci&oacute;n del di&aacute;logo diplom&aacute;tico entre Cuba y EE.UU. Los pa&iacute;ses del Mercosur ratificaron hoy su respaldo a la Argentina sobre el reclamo por la soberan&iacute;a de [&hellip;]","og_url":"https:\/\/informelitoral.com.ar\/presidentes-del-mercosur-destacaron-en-parana-el-historico-acuerdo-entre-ee-uu-y-cuba\/","og_site_name":"Informe Litoral","article_publisher":"https:\/\/www.facebook.com\/informelitoral\/","article_published_time":"2014-12-18T01:50:05+00:00","og_image":[{"width":432,"height":324,"url":"https:\/\/informelitoral.com.ar\/%77%70%2d%63%6f%6e%74%65%6e%74\/uploads\/2014\/12\/e_1418839935.jpg","type":"image\/jpeg"}],"author":"Gonzalo Schmidt","twitter_card":"summary_large_image","twitter_creator":"@InformeLitoral","twitter_site":"@InformeLitoral","twitter_misc":{"Escrito por":"Gonzalo Schmidt","Tiempo de lectura":"7 minutos"},"schema":{"@context":"https:\/\/schema.org","@graph":[{"@type":"Article","@id":"https:\/\/informelitoral.com.ar\/presidentes-del-mercosur-destacaron-en-parana-el-historico-acuerdo-entre-ee-uu-y-cuba\/#article","isPartOf":{"@id":"https:\/\/informelitoral.com.ar\/presidentes-del-mercosur-destacaron-en-parana-el-historico-acuerdo-entre-ee-uu-y-cuba\/"},"author":{"name":"Gonzalo Schmidt","@id":"https:\/\/informelitoral.com.ar\/#\/schema\/person\/b9d00407c836482871ef1d57bf8e3180"},"headline":"Presidentes del Mercosur destacaron en Paran\u00e1 el hist\u00f3rico acuerdo entre EE.UU y Cuba","datePublished":"2014-12-18T01:50:05+00:00","mainEntityOfPage":{"@id":"https:\/\/informelitoral.com.ar\/presidentes-del-mercosur-destacaron-en-parana-el-historico-acuerdo-entre-ee-uu-y-cuba\/"},"wordCount":1371,"commentCount":0,"publisher":{"@id":"https:\/\/informelitoral.com.ar\/#organization"},"image":{"@id":"https:\/\/informelitoral.com.ar\/presidentes-del-mercosur-destacaron-en-parana-el-historico-acuerdo-entre-ee-uu-y-cuba\/#primaryimage"},"thumbnailUrl":"http:\/\/www.isletasnoticias.com.ar\/%77%70%2d%63%6f%6e%74%65%6e%74\/uploads\/2014\/12\/e_1418839935-300x225.jpg","articleSection":["Entre R\u00edos","Nacionales","Politica"],"inLanguage":"es","potentialAction":[{"@type":"CommentAction","name":"Comment","target":["https:\/\/informelitoral.com.ar\/presidentes-del-mercosur-destacaron-en-parana-el-historico-acuerdo-entre-ee-uu-y-cuba\/#respond"]}]},{"@type":"WebPage","@id":"https:\/\/informelitoral.com.ar\/presidentes-del-mercosur-destacaron-en-parana-el-historico-acuerdo-entre-ee-uu-y-cuba\/","url":"https:\/\/informelitoral.com.ar\/presidentes-del-mercosur-destacaron-en-parana-el-historico-acuerdo-entre-ee-uu-y-cuba\/","name":"Presidentes del Mercosur destacaron en Paran\u00e1 el hist\u00f3rico acuerdo entre EE.UU y Cuba - Informe Litoral","isPartOf":{"@id":"https:\/\/informelitoral.com.ar\/#website"},"primaryImageOfPage":{"@id":"https:\/\/informelitoral.com.ar\/presidentes-del-mercosur-destacaron-en-parana-el-historico-acuerdo-entre-ee-uu-y-cuba\/#primaryimage"},"image":{"@id":"https:\/\/informelitoral.com.ar\/presidentes-del-mercosur-destacaron-en-parana-el-historico-acuerdo-entre-ee-uu-y-cuba\/#primaryimage"},"thumbnailUrl":"http:\/\/www.isletasnoticias.com.ar\/%77%70%2d%63%6f%6e%74%65%6e%74\/uploads\/2014\/12\/e_1418839935-300x225.jpg","datePublished":"2014-12-18T01:50:05+00:00","breadcrumb":{"@id":"https:\/\/informelitoral.com.ar\/presidentes-del-mercosur-destacaron-en-parana-el-historico-acuerdo-entre-ee-uu-y-cuba\/#breadcrumb"},"inLanguage":"es","potentialAction":[{"@type":"ReadAction","target":["https:\/\/informelitoral.com.ar\/presidentes-del-mercosur-destacaron-en-parana-el-historico-acuerdo-entre-ee-uu-y-cuba\/"]}]},{"@type":"ImageObject","inLanguage":"es","@id":"https:\/\/informelitoral.com.ar\/presidentes-del-mercosur-destacaron-en-parana-el-historico-acuerdo-entre-ee-uu-y-cuba\/#primaryimage","url":"http:\/\/www.isletasnoticias.com.ar\/%77%70%2d%63%6f%6e%74%65%6e%74\/uploads\/2014\/12\/e_1418839935-300x225.jpg","contentUrl":"http:\/\/www.isletasnoticias.com.ar\/%77%70%2d%63%6f%6e%74%65%6e%74\/uploads\/2014\/12\/e_1418839935-300x225.jpg"},{"@type":"BreadcrumbList","@id":"https:\/\/informelitoral.com.ar\/presidentes-del-mercosur-destacaron-en-parana-el-historico-acuerdo-entre-ee-uu-y-cuba\/#breadcrumb","itemListElement":[{"@type":"ListItem","position":1,"name":"Portada","item":"https:\/\/informelitoral.com.ar\/"},{"@type":"ListItem","position":2,"name":"Presidentes del Mercosur destacaron en Paran\u00e1 el hist\u00f3rico acuerdo entre EE.UU y Cuba"}]},{"@type":"WebSite","@id":"https:\/\/informelitoral.com.ar\/#website","url":"https:\/\/informelitoral.com.ar\/","name":"Informe Litoral","description":"&quot;Nos informamos&quot; ","publisher":{"@id":"https:\/\/informelitoral.com.ar\/#organization"},"potentialAction":[{"@type":"SearchAction","target":{"@type":"EntryPoint","urlTemplate":"https:\/\/informelitoral.com.ar\/?s={search_term_string}"},"query-input":{"@type":"PropertyValueSpecification","valueRequired":true,"valueName":"search_term_string"}}],"inLanguage":"es"},{"@type":"Organization","@id":"https:\/\/informelitoral.com.ar\/#organization","name":"Informe Litoral","url":"https:\/\/informelitoral.com.ar\/","logo":{"@type":"ImageObject","inLanguage":"es","@id":"https:\/\/informelitoral.com.ar\/#\/schema\/logo\/image\/","url":"https:\/\/informelitoral.com.ar\/%77%70%2d%63%6f%6e%74%65%6e%74\/uploads\/2021\/01\/circulo.png","contentUrl":"https:\/\/informelitoral.com.ar\/%77%70%2d%63%6f%6e%74%65%6e%74\/uploads\/2021\/01\/circulo.png","width":723,"height":731,"caption":"Informe Litoral"},"image":{"@id":"https:\/\/informelitoral.com.ar\/#\/schema\/logo\/image\/"},"sameAs":["https:\/\/www.facebook.com\/informelitoral\/","https:\/\/x.com\/InformeLitoral","https:\/\/www.instagram.com\/informelitoral\/","https:\/\/www.youtube.com\/channel\/UCua4Qvz8Icb6MYqhoq9xLXw"]},{"@type":"Person","@id":"https:\/\/informelitoral.com.ar\/#\/schema\/person\/b9d00407c836482871ef1d57bf8e3180","name":"Gonzalo Schmidt","image":{"@type":"ImageObject","inLanguage":"es","@id":"https:\/\/secure.gravatar.com\/avatar\/31a1a7b66ff2de83bd0e9fd79d026630d2d99e55e8bfe501287647b4fd9743de?s=96&d=mm&r=g","url":"https:\/\/secure.gravatar.com\/avatar\/31a1a7b66ff2de83bd0e9fd79d026630d2d99e55e8bfe501287647b4fd9743de?s=96&d=mm&r=g","contentUrl":"https:\/\/secure.gravatar.com\/avatar\/31a1a7b66ff2de83bd0e9fd79d026630d2d99e55e8bfe501287647b4fd9743de?s=96&d=mm&r=g","caption":"Gonzalo Schmidt"},"description":"Sitio web de noticias de la provincia de Entre R\u00edos, Argentina. Informaci\u00f3n y entretenimiento. Informe Litoral, nos informamos.","sameAs":["http:\/\/www.isletasnoticias.com.ar"],"url":"https:\/\/informelitoral.com.ar\/author\/gonzalo\/"}]}},"_links":{"self":[{"href":"https:\/\/informelitoral.com.ar\/%77%70%2d%6a%73%6f%6e\/wp\/v2\/posts\/9322","targetHints":{"allow":["GET"]}}],"collection":[{"href":"https:\/\/informelitoral.com.ar\/%77%70%2d%6a%73%6f%6e\/wp\/v2\/posts"}],"about":[{"href":"https:\/\/informelitoral.com.ar\/%77%70%2d%6a%73%6f%6e\/wp\/v2\/types\/post"}],"author":[{"embeddable":true,"href":"https:\/\/informelitoral.com.ar\/%77%70%2d%6a%73%6f%6e\/wp\/v2\/users\/2"}],"replies":[{"embeddable":true,"href":"https:\/\/informelitoral.com.ar\/%77%70%2d%6a%73%6f%6e\/wp\/v2\/comments?post=9322"}],"version-history":[{"count":0,"href":"https:\/\/informelitoral.com.ar\/%77%70%2d%6a%73%6f%6e\/wp\/v2\/posts\/9322\/revisions"}],"wp:attachment":[{"href":"https:\/\/informelitoral.com.ar\/%77%70%2d%6a%73%6f%6e\/wp\/v2\/media?parent=9322"}],"wp:term":[{"taxonomy":"category","embeddable":true,"href":"https:\/\/informelitoral.com.ar\/%77%70%2d%6a%73%6f%6e\/wp\/v2\/categories?post=9322"},{"taxonomy":"post_tag","embeddable":true,"href":"https:\/\/informelitoral.com.ar\/%77%70%2d%6a%73%6f%6e\/wp\/v2\/tags?post=9322"}],"curies":[{"name":"wp","href":"https:\/\/api.w.org\/{rel}","templated":true}]}}