{"id":93204,"date":"2022-11-08T09:06:00","date_gmt":"2022-11-08T12:06:00","guid":{"rendered":"https:\/\/www.informelitoral.com.ar\/?p=93204"},"modified":"2022-11-08T10:22:30","modified_gmt":"2022-11-08T13:22:30","slug":"entre-rios-participo-de-la-160a-asamblea-del-consejo-federal-de-turismo","status":"publish","type":"post","link":"https:\/\/informelitoral.com.ar\/entre-rios-participo-de-la-160a-asamblea-del-consejo-federal-de-turismo\/","title":{"rendered":"Entre R\u00edos particip\u00f3 de la 160\u00aa asamblea del Consejo Federal de Turismo"},"content":{"rendered":"<p>En Potrero de los Funes, San Luis, tuvo lugar la 160\u00aa Asamblea del Consejo Federal de Turismo. El encuentro estuvo encabezado por el gobernador de la provincia, Alberto Rodr\u00edguez Sa\u00e1, y el ministro de Turismo y Deportes de la Naci\u00f3n, Mat\u00edas Lammens. Adem\u00e1s, participaron autoridades y representantes del turismo de todo el pa\u00eds.<\/p>\n<p>Por Entre R\u00edos, form\u00f3 parte la secretaria de Turismo, Mar\u00eda Laura Saad, quien declar\u00f3: \u201cConsideramos que es muy importante la participaci\u00f3n y la presencia de nuestra provincia en esta y en cada una de las jornadas que se den en el Consejo Federal de Turismo para llevar las voces de todos los entrerrianos y entrerrianas\u201d.<\/p>\n<p>El encuentro tambi\u00e9n cont\u00f3 con la participaci\u00f3n del Ministerio de Transporte de la Naci\u00f3n, con quienes se viene trabajando el crecimiento de la conectividad de las provincias, un punto important\u00edsimo para el turismo nacional. Tambi\u00e9n estuvieron presentes referentes de la Direcci\u00f3n de Parques Nacionales quienes, a trav\u00e9s de un programa fuerte de inversiones, incentivan la expansi\u00f3n y desarrollo de m\u00e1s actividades en los distintos parques. En tal sentido, Entre R\u00edos ha sido beneficiaria de programas como \u201cLa Ruta Natural\u201d y la creaci\u00f3n del nuevo parque nacional en la localidad de Federal.<\/p>\n<p>En la oportunidad, el presidente de la Federaci\u00f3n Empresaria Hotelera Gastron\u00f3mica de la Rep\u00fablica Argentina (FEHGRA), Fernando Desbots, present\u00f3 el portal ReservAR Alojamiento. Se trata de una plataforma online donde la Secretar\u00eda de Turismo Entre R\u00edos ser\u00e1 intermediaria para postular y potenciar los alojamientos registrados y homologados en nuestros destinos tur\u00edsticos.<\/p>\n<p>Adem\u00e1s, la secretaria de Promoci\u00f3n Tur\u00edstica de la Naci\u00f3n, Yanina Mart\u00ednez, y el ministro de Turismo y Deportes de Salta, Mario Pe\u00f1a, presentaron las II Jornadas Nacionales de Enoturismo, que se realizar\u00e1n en dicha provincia el 24 y 25 de noviembre, donde tambi\u00e9n estar\u00e1n presentes nuestros vinos entrerrianos.<\/p>\n<p>Al finalizar, Saad destac\u00f3 la importancia de participar de esta jornada en la cual confluyen todas las provincias argentinas de manera simult\u00e1nea. En esta l\u00ednea, mencion\u00f3: \u201cTeniendo en cuenta que en cada regi\u00f3n rigen las propias caracter\u00edsticas, es muy importante participar como Litoral, considerando el intercambio de experiencias y formas de trabajo que se dan con las diferentes provincias, y entre los diferentes secretarios y ministros\u201d.<\/p>\n","protected":false},"excerpt":{"rendered":"<p>La pen\u00faltima reuni\u00f3n del a\u00f1o se realiz\u00f3 en la provincia de San Luis y cont\u00f3 con la presencia de autoridades nacionales y representantes del sector de todo el pa\u00eds.<\/p>\n","protected":false},"author":8,"featured_media":93207,"comment_status":"open","ping_status":"open","sticky":false,"template":"","format":"standard","meta":{"fifu_image_url":"","fifu_image_alt":"","footnotes":""},"categories":[6],"tags":[104],"class_list":{"0":"post-93204","1":"post","2":"type-post","3":"status-publish","4":"format-standard","5":"has-post-thumbnail","7":"category-entre-rios","8":"tag-turismo"},"yoast_head":"<title>Entre R\u00edos particip\u00f3 de la 160\u00aa asamblea del Consejo Federal de Turismo - Informe Litoral<\/title>\n<meta name=\"robots\" content=\"index, follow, max-snippet:-1, max-image-preview:large, max-video-preview:-1\" \/>\n<link rel=\"canonical\" href=\"https:\/\/informelitoral.com.ar\/entre-rios-participo-de-la-160a-asamblea-del-consejo-federal-de-turismo\/\" \/>\n<meta property=\"og:locale\" content=\"es_ES\" \/>\n<meta property=\"og:type\" content=\"article\" \/>\n<meta property=\"og:title\" content=\"Entre R\u00edos particip\u00f3 de la 160\u00aa asamblea del Consejo Federal de Turismo - Informe Litoral\" \/>\n<meta property=\"og:description\" content=\"La pen\u00faltima reuni\u00f3n del a\u00f1o se realiz\u00f3 en la provincia de San Luis y cont\u00f3 con la presencia de autoridades nacionales y representantes del sector de todo el pa\u00eds.\" \/>\n<meta property=\"og:url\" content=\"https:\/\/informelitoral.com.ar\/entre-rios-participo-de-la-160a-asamblea-del-consejo-federal-de-turismo\/\" \/>\n<meta property=\"og:site_name\" content=\"Informe Litoral\" \/>\n<meta property=\"article:publisher\" content=\"https:\/\/www.facebook.com\/informelitoral\/\" \/>\n<meta property=\"article:published_time\" content=\"2022-11-08T12:06:00+00:00\" \/>\n<meta property=\"article:modified_time\" content=\"2022-11-08T13:22:30+00:00\" \/>\n<meta property=\"og:image\" content=\"https:\/\/informelitoral.com.ar\/%77%70%2d%63%6f%6e%74%65%6e%74\/uploads\/2022\/11\/p_1667855797.jpg\" \/>\n\t<meta property=\"og:image:width\" content=\"1920\" \/>\n\t<meta property=\"og:image:height\" content=\"800\" \/>\n\t<meta property=\"og:image:type\" content=\"image\/jpeg\" \/>\n<meta name=\"author\" content=\"Sebastian\" \/>\n<meta name=\"twitter:card\" content=\"summary_large_image\" \/>\n<meta name=\"twitter:creator\" content=\"@InformeLitoral\" \/>\n<meta name=\"twitter:site\" content=\"@InformeLitoral\" \/>\n<meta name=\"twitter:label1\" content=\"Escrito por\" \/>\n\t<meta name=\"twitter:data1\" content=\"Sebastian\" \/>\n\t<meta name=\"twitter:label2\" content=\"Tiempo de lectura\" \/>\n\t<meta name=\"twitter:data2\" content=\"2 minutos\" \/>\n<script type=\"application\/ld+json\" class=\"yoast-schema-graph\">{\"@context\":\"https:\\\/\\\/schema.org\",\"@graph\":[{\"@type\":\"Article\",\"@id\":\"https:\\\/\\\/informelitoral.com.ar\\\/entre-rios-participo-de-la-160a-asamblea-del-consejo-federal-de-turismo\\\/#article\",\"isPartOf\":{\"@id\":\"https:\\\/\\\/informelitoral.com.ar\\\/entre-rios-participo-de-la-160a-asamblea-del-consejo-federal-de-turismo\\\/\"},\"author\":{\"name\":\"Sebastian\",\"@id\":\"https:\\\/\\\/informelitoral.com.ar\\\/#\\\/schema\\\/person\\\/f05f9f461677119578717524b127d6d5\"},\"headline\":\"Entre R\u00edos particip\u00f3 de la 160\u00aa asamblea del Consejo Federal de Turismo\",\"datePublished\":\"2022-11-08T12:06:00+00:00\",\"dateModified\":\"2022-11-08T13:22:30+00:00\",\"mainEntityOfPage\":{\"@id\":\"https:\\\/\\\/informelitoral.com.ar\\\/entre-rios-participo-de-la-160a-asamblea-del-consejo-federal-de-turismo\\\/\"},\"wordCount\":411,\"commentCount\":0,\"publisher\":{\"@id\":\"https:\\\/\\\/informelitoral.com.ar\\\/#organization\"},\"image\":{\"@id\":\"https:\\\/\\\/informelitoral.com.ar\\\/entre-rios-participo-de-la-160a-asamblea-del-consejo-federal-de-turismo\\\/#primaryimage\"},\"thumbnailUrl\":\"https:\\\/\\\/informelitoral.com.ar\\\/%77%70%2d%63%6f%6e%74%65%6e%74\\\/uploads\\\/2022\\\/11\\\/p_1667855797.jpg\",\"keywords\":[\"Turismo\"],\"articleSection\":[\"Entre R\u00edos\"],\"inLanguage\":\"es\",\"potentialAction\":[{\"@type\":\"CommentAction\",\"name\":\"Comment\",\"target\":[\"https:\\\/\\\/informelitoral.com.ar\\\/entre-rios-participo-de-la-160a-asamblea-del-consejo-federal-de-turismo\\\/#respond\"]}]},{\"@type\":\"WebPage\",\"@id\":\"https:\\\/\\\/informelitoral.com.ar\\\/entre-rios-participo-de-la-160a-asamblea-del-consejo-federal-de-turismo\\\/\",\"url\":\"https:\\\/\\\/informelitoral.com.ar\\\/entre-rios-participo-de-la-160a-asamblea-del-consejo-federal-de-turismo\\\/\",\"name\":\"Entre R\u00edos particip\u00f3 de la 160\u00aa asamblea del Consejo Federal de Turismo - Informe Litoral\",\"isPartOf\":{\"@id\":\"https:\\\/\\\/informelitoral.com.ar\\\/#website\"},\"primaryImageOfPage\":{\"@id\":\"https:\\\/\\\/informelitoral.com.ar\\\/entre-rios-participo-de-la-160a-asamblea-del-consejo-federal-de-turismo\\\/#primaryimage\"},\"image\":{\"@id\":\"https:\\\/\\\/informelitoral.com.ar\\\/entre-rios-participo-de-la-160a-asamblea-del-consejo-federal-de-turismo\\\/#primaryimage\"},\"thumbnailUrl\":\"https:\\\/\\\/informelitoral.com.ar\\\/%77%70%2d%63%6f%6e%74%65%6e%74\\\/uploads\\\/2022\\\/11\\\/p_1667855797.jpg\",\"datePublished\":\"2022-11-08T12:06:00+00:00\",\"dateModified\":\"2022-11-08T13:22:30+00:00\",\"breadcrumb\":{\"@id\":\"https:\\\/\\\/informelitoral.com.ar\\\/entre-rios-participo-de-la-160a-asamblea-del-consejo-federal-de-turismo\\\/#breadcrumb\"},\"inLanguage\":\"es\",\"potentialAction\":[{\"@type\":\"ReadAction\",\"target\":[\"https:\\\/\\\/informelitoral.com.ar\\\/entre-rios-participo-de-la-160a-asamblea-del-consejo-federal-de-turismo\\\/\"]}]},{\"@type\":\"ImageObject\",\"inLanguage\":\"es\",\"@id\":\"https:\\\/\\\/informelitoral.com.ar\\\/entre-rios-participo-de-la-160a-asamblea-del-consejo-federal-de-turismo\\\/#primaryimage\",\"url\":\"https:\\\/\\\/informelitoral.com.ar\\\/%77%70%2d%63%6f%6e%74%65%6e%74\\\/uploads\\\/2022\\\/11\\\/p_1667855797.jpg\",\"contentUrl\":\"https:\\\/\\\/informelitoral.com.ar\\\/%77%70%2d%63%6f%6e%74%65%6e%74\\\/uploads\\\/2022\\\/11\\\/p_1667855797.jpg\",\"width\":1920,\"height\":800},{\"@type\":\"BreadcrumbList\",\"@id\":\"https:\\\/\\\/informelitoral.com.ar\\\/entre-rios-participo-de-la-160a-asamblea-del-consejo-federal-de-turismo\\\/#breadcrumb\",\"itemListElement\":[{\"@type\":\"ListItem\",\"position\":1,\"name\":\"Portada\",\"item\":\"https:\\\/\\\/informelitoral.com.ar\\\/\"},{\"@type\":\"ListItem\",\"position\":2,\"name\":\"Entre R\u00edos particip\u00f3 de la 160\u00aa asamblea del Consejo Federal de Turismo\"}]},{\"@type\":\"WebSite\",\"@id\":\"https:\\\/\\\/informelitoral.com.ar\\\/#website\",\"url\":\"https:\\\/\\\/informelitoral.com.ar\\\/\",\"name\":\"Informe Litoral\",\"description\":\"&quot;Nos informamos&quot; \",\"publisher\":{\"@id\":\"https:\\\/\\\/informelitoral.com.ar\\\/#organization\"},\"potentialAction\":[{\"@type\":\"SearchAction\",\"target\":{\"@type\":\"EntryPoint\",\"urlTemplate\":\"https:\\\/\\\/informelitoral.com.ar\\\/?s={search_term_string}\"},\"query-input\":{\"@type\":\"PropertyValueSpecification\",\"valueRequired\":true,\"valueName\":\"search_term_string\"}}],\"inLanguage\":\"es\"},{\"@type\":\"Organization\",\"@id\":\"https:\\\/\\\/informelitoral.com.ar\\\/#organization\",\"name\":\"Informe Litoral\",\"url\":\"https:\\\/\\\/informelitoral.com.ar\\\/\",\"logo\":{\"@type\":\"ImageObject\",\"inLanguage\":\"es\",\"@id\":\"https:\\\/\\\/informelitoral.com.ar\\\/#\\\/schema\\\/logo\\\/image\\\/\",\"url\":\"https:\\\/\\\/informelitoral.com.ar\\\/%77%70%2d%63%6f%6e%74%65%6e%74\\\/uploads\\\/2021\\\/01\\\/circulo.png\",\"contentUrl\":\"https:\\\/\\\/informelitoral.com.ar\\\/%77%70%2d%63%6f%6e%74%65%6e%74\\\/uploads\\\/2021\\\/01\\\/circulo.png\",\"width\":723,\"height\":731,\"caption\":\"Informe Litoral\"},\"image\":{\"@id\":\"https:\\\/\\\/informelitoral.com.ar\\\/#\\\/schema\\\/logo\\\/image\\\/\"},\"sameAs\":[\"https:\\\/\\\/www.facebook.com\\\/informelitoral\\\/\",\"https:\\\/\\\/x.com\\\/InformeLitoral\",\"https:\\\/\\\/www.instagram.com\\\/informelitoral\\\/\",\"https:\\\/\\\/www.youtube.com\\\/channel\\\/UCua4Qvz8Icb6MYqhoq9xLXw\"]},{\"@type\":\"Person\",\"@id\":\"https:\\\/\\\/informelitoral.com.ar\\\/#\\\/schema\\\/person\\\/f05f9f461677119578717524b127d6d5\",\"name\":\"Sebastian\",\"image\":{\"@type\":\"ImageObject\",\"inLanguage\":\"es\",\"@id\":\"https:\\\/\\\/secure.gravatar.com\\\/avatar\\\/b71bf7481d447dfb9583c7f2798e7cc64de6efb9067b74633ed8c31059a3bd82?s=96&d=mm&r=g\",\"url\":\"https:\\\/\\\/secure.gravatar.com\\\/avatar\\\/b71bf7481d447dfb9583c7f2798e7cc64de6efb9067b74633ed8c31059a3bd82?s=96&d=mm&r=g\",\"contentUrl\":\"https:\\\/\\\/secure.gravatar.com\\\/avatar\\\/b71bf7481d447dfb9583c7f2798e7cc64de6efb9067b74633ed8c31059a3bd82?s=96&d=mm&r=g\",\"caption\":\"Sebastian\"},\"url\":\"https:\\\/\\\/informelitoral.com.ar\\\/author\\\/sebastian\\\/\"}]}<\/script>","yoast_head_json":{"title":"Entre R\u00edos particip\u00f3 de la 160\u00aa asamblea del Consejo Federal de Turismo - Informe Litoral","robots":{"index":"index","follow":"follow","max-snippet":"max-snippet:-1","max-image-preview":"max-image-preview:large","max-video-preview":"max-video-preview:-1"},"canonical":"https:\/\/informelitoral.com.ar\/entre-rios-participo-de-la-160a-asamblea-del-consejo-federal-de-turismo\/","og_locale":"es_ES","og_type":"article","og_title":"Entre R\u00edos particip\u00f3 de la 160\u00aa asamblea del Consejo Federal de Turismo - Informe Litoral","og_description":"La pen\u00faltima reuni\u00f3n del a\u00f1o se realiz\u00f3 en la provincia de San Luis y cont\u00f3 con la presencia de autoridades nacionales y representantes del sector de todo el pa\u00eds.","og_url":"https:\/\/informelitoral.com.ar\/entre-rios-participo-de-la-160a-asamblea-del-consejo-federal-de-turismo\/","og_site_name":"Informe Litoral","article_publisher":"https:\/\/www.facebook.com\/informelitoral\/","article_published_time":"2022-11-08T12:06:00+00:00","article_modified_time":"2022-11-08T13:22:30+00:00","og_image":[{"width":1920,"height":800,"url":"https:\/\/informelitoral.com.ar\/%77%70%2d%63%6f%6e%74%65%6e%74\/uploads\/2022\/11\/p_1667855797.jpg","type":"image\/jpeg"}],"author":"Sebastian","twitter_card":"summary_large_image","twitter_creator":"@InformeLitoral","twitter_site":"@InformeLitoral","twitter_misc":{"Escrito por":"Sebastian","Tiempo de lectura":"2 minutos"},"schema":{"@context":"https:\/\/schema.org","@graph":[{"@type":"Article","@id":"https:\/\/informelitoral.com.ar\/entre-rios-participo-de-la-160a-asamblea-del-consejo-federal-de-turismo\/#article","isPartOf":{"@id":"https:\/\/informelitoral.com.ar\/entre-rios-participo-de-la-160a-asamblea-del-consejo-federal-de-turismo\/"},"author":{"name":"Sebastian","@id":"https:\/\/informelitoral.com.ar\/#\/schema\/person\/f05f9f461677119578717524b127d6d5"},"headline":"Entre R\u00edos particip\u00f3 de la 160\u00aa asamblea del Consejo Federal de Turismo","datePublished":"2022-11-08T12:06:00+00:00","dateModified":"2022-11-08T13:22:30+00:00","mainEntityOfPage":{"@id":"https:\/\/informelitoral.com.ar\/entre-rios-participo-de-la-160a-asamblea-del-consejo-federal-de-turismo\/"},"wordCount":411,"commentCount":0,"publisher":{"@id":"https:\/\/informelitoral.com.ar\/#organization"},"image":{"@id":"https:\/\/informelitoral.com.ar\/entre-rios-participo-de-la-160a-asamblea-del-consejo-federal-de-turismo\/#primaryimage"},"thumbnailUrl":"https:\/\/informelitoral.com.ar\/%77%70%2d%63%6f%6e%74%65%6e%74\/uploads\/2022\/11\/p_1667855797.jpg","keywords":["Turismo"],"articleSection":["Entre R\u00edos"],"inLanguage":"es","potentialAction":[{"@type":"CommentAction","name":"Comment","target":["https:\/\/informelitoral.com.ar\/entre-rios-participo-de-la-160a-asamblea-del-consejo-federal-de-turismo\/#respond"]}]},{"@type":"WebPage","@id":"https:\/\/informelitoral.com.ar\/entre-rios-participo-de-la-160a-asamblea-del-consejo-federal-de-turismo\/","url":"https:\/\/informelitoral.com.ar\/entre-rios-participo-de-la-160a-asamblea-del-consejo-federal-de-turismo\/","name":"Entre R\u00edos particip\u00f3 de la 160\u00aa asamblea del Consejo Federal de Turismo - Informe Litoral","isPartOf":{"@id":"https:\/\/informelitoral.com.ar\/#website"},"primaryImageOfPage":{"@id":"https:\/\/informelitoral.com.ar\/entre-rios-participo-de-la-160a-asamblea-del-consejo-federal-de-turismo\/#primaryimage"},"image":{"@id":"https:\/\/informelitoral.com.ar\/entre-rios-participo-de-la-160a-asamblea-del-consejo-federal-de-turismo\/#primaryimage"},"thumbnailUrl":"https:\/\/informelitoral.com.ar\/%77%70%2d%63%6f%6e%74%65%6e%74\/uploads\/2022\/11\/p_1667855797.jpg","datePublished":"2022-11-08T12:06:00+00:00","dateModified":"2022-11-08T13:22:30+00:00","breadcrumb":{"@id":"https:\/\/informelitoral.com.ar\/entre-rios-participo-de-la-160a-asamblea-del-consejo-federal-de-turismo\/#breadcrumb"},"inLanguage":"es","potentialAction":[{"@type":"ReadAction","target":["https:\/\/informelitoral.com.ar\/entre-rios-participo-de-la-160a-asamblea-del-consejo-federal-de-turismo\/"]}]},{"@type":"ImageObject","inLanguage":"es","@id":"https:\/\/informelitoral.com.ar\/entre-rios-participo-de-la-160a-asamblea-del-consejo-federal-de-turismo\/#primaryimage","url":"https:\/\/informelitoral.com.ar\/%77%70%2d%63%6f%6e%74%65%6e%74\/uploads\/2022\/11\/p_1667855797.jpg","contentUrl":"https:\/\/informelitoral.com.ar\/%77%70%2d%63%6f%6e%74%65%6e%74\/uploads\/2022\/11\/p_1667855797.jpg","width":1920,"height":800},{"@type":"BreadcrumbList","@id":"https:\/\/informelitoral.com.ar\/entre-rios-participo-de-la-160a-asamblea-del-consejo-federal-de-turismo\/#breadcrumb","itemListElement":[{"@type":"ListItem","position":1,"name":"Portada","item":"https:\/\/informelitoral.com.ar\/"},{"@type":"ListItem","position":2,"name":"Entre R\u00edos particip\u00f3 de la 160\u00aa asamblea del Consejo Federal de Turismo"}]},{"@type":"WebSite","@id":"https:\/\/informelitoral.com.ar\/#website","url":"https:\/\/informelitoral.com.ar\/","name":"Informe Litoral","description":"&quot;Nos informamos&quot; ","publisher":{"@id":"https:\/\/informelitoral.com.ar\/#organization"},"potentialAction":[{"@type":"SearchAction","target":{"@type":"EntryPoint","urlTemplate":"https:\/\/informelitoral.com.ar\/?s={search_term_string}"},"query-input":{"@type":"PropertyValueSpecification","valueRequired":true,"valueName":"search_term_string"}}],"inLanguage":"es"},{"@type":"Organization","@id":"https:\/\/informelitoral.com.ar\/#organization","name":"Informe Litoral","url":"https:\/\/informelitoral.com.ar\/","logo":{"@type":"ImageObject","inLanguage":"es","@id":"https:\/\/informelitoral.com.ar\/#\/schema\/logo\/image\/","url":"https:\/\/informelitoral.com.ar\/%77%70%2d%63%6f%6e%74%65%6e%74\/uploads\/2021\/01\/circulo.png","contentUrl":"https:\/\/informelitoral.com.ar\/%77%70%2d%63%6f%6e%74%65%6e%74\/uploads\/2021\/01\/circulo.png","width":723,"height":731,"caption":"Informe Litoral"},"image":{"@id":"https:\/\/informelitoral.com.ar\/#\/schema\/logo\/image\/"},"sameAs":["https:\/\/www.facebook.com\/informelitoral\/","https:\/\/x.com\/InformeLitoral","https:\/\/www.instagram.com\/informelitoral\/","https:\/\/www.youtube.com\/channel\/UCua4Qvz8Icb6MYqhoq9xLXw"]},{"@type":"Person","@id":"https:\/\/informelitoral.com.ar\/#\/schema\/person\/f05f9f461677119578717524b127d6d5","name":"Sebastian","image":{"@type":"ImageObject","inLanguage":"es","@id":"https:\/\/secure.gravatar.com\/avatar\/b71bf7481d447dfb9583c7f2798e7cc64de6efb9067b74633ed8c31059a3bd82?s=96&d=mm&r=g","url":"https:\/\/secure.gravatar.com\/avatar\/b71bf7481d447dfb9583c7f2798e7cc64de6efb9067b74633ed8c31059a3bd82?s=96&d=mm&r=g","contentUrl":"https:\/\/secure.gravatar.com\/avatar\/b71bf7481d447dfb9583c7f2798e7cc64de6efb9067b74633ed8c31059a3bd82?s=96&d=mm&r=g","caption":"Sebastian"},"url":"https:\/\/informelitoral.com.ar\/author\/sebastian\/"}]}},"_links":{"self":[{"href":"https:\/\/informelitoral.com.ar\/%77%70%2d%6a%73%6f%6e\/wp\/v2\/posts\/93204","targetHints":{"allow":["GET"]}}],"collection":[{"href":"https:\/\/informelitoral.com.ar\/%77%70%2d%6a%73%6f%6e\/wp\/v2\/posts"}],"about":[{"href":"https:\/\/informelitoral.com.ar\/%77%70%2d%6a%73%6f%6e\/wp\/v2\/types\/post"}],"author":[{"embeddable":true,"href":"https:\/\/informelitoral.com.ar\/%77%70%2d%6a%73%6f%6e\/wp\/v2\/users\/8"}],"replies":[{"embeddable":true,"href":"https:\/\/informelitoral.com.ar\/%77%70%2d%6a%73%6f%6e\/wp\/v2\/comments?post=93204"}],"version-history":[{"count":0,"href":"https:\/\/informelitoral.com.ar\/%77%70%2d%6a%73%6f%6e\/wp\/v2\/posts\/93204\/revisions"}],"wp:featuredmedia":[{"embeddable":true,"href":"https:\/\/informelitoral.com.ar\/%77%70%2d%6a%73%6f%6e\/wp\/v2\/media\/93207"}],"wp:attachment":[{"href":"https:\/\/informelitoral.com.ar\/%77%70%2d%6a%73%6f%6e\/wp\/v2\/media?parent=93204"}],"wp:term":[{"taxonomy":"category","embeddable":true,"href":"https:\/\/informelitoral.com.ar\/%77%70%2d%6a%73%6f%6e\/wp\/v2\/categories?post=93204"},{"taxonomy":"post_tag","embeddable":true,"href":"https:\/\/informelitoral.com.ar\/%77%70%2d%6a%73%6f%6e\/wp\/v2\/tags?post=93204"}],"curies":[{"name":"wp","href":"https:\/\/api.w.org\/{rel}","templated":true}]}}