{"id":93181,"date":"2022-11-08T07:50:19","date_gmt":"2022-11-08T10:50:19","guid":{"rendered":"https:\/\/www.informelitoral.com.ar\/?p=93181"},"modified":"2022-11-08T09:22:54","modified_gmt":"2022-11-08T12:22:54","slug":"habra-dolar-preferencial-y-creditos-para-sector-productivo-afectado-por-el-clima","status":"publish","type":"post","link":"https:\/\/informelitoral.com.ar\/habra-dolar-preferencial-y-creditos-para-sector-productivo-afectado-por-el-clima\/","title":{"rendered":"Habr\u00e1 d\u00f3lar preferencial y cr\u00e9ditos para sector productivo afectado por el clima"},"content":{"rendered":"<section class=\"texto\">El ministro de Econom\u00eda, Sergio Massa, anunci\u00f3 este lunes una bater\u00eda de medidas fiscales y crediticias, entre las que se destacan la implementaci\u00f3n temporal de un d\u00f3lar preferencial, l\u00edneas de cr\u00e9dito a tasa cero y acceso al programa de Recuperaci\u00f3n y Sostenimiento Productivo (Repro) destinadas a proteger a las econom\u00edas de diversas provincias cordilleranas que en los \u00faltimos d\u00edas resultaron afectadas por heladas tard\u00edas.Las inclemencias clim\u00e1ticas destruyeron gran parte de la producci\u00f3n de uvas, cerezas, peras, manzanas, zapallos y nogales en las provincias de Mendoza, San Juan, R\u00edo Negro, Neuqu\u00e9n y Catamarca, entre otras.\u00bbTodas las econom\u00edas regionales que entren al programa de Precios Justos y adhieran a un programa de protecci\u00f3n de los productores locales van a acceder a un tipo de cambio diferenciado\u00bb, se\u00f1al\u00f3 Massa durante su visita a Mendoza.El jefe del Palacio de Hacienda lanz\u00f3 el plan de protecci\u00f3n para econom\u00edas regionales en un acto que comparti\u00f3, entre otros, con el gobernador de Mendoza, Rodolfo Suarez; la senadora nacional, Anabel Fern\u00e1ndez Sagasti; el secretario de Coordinaci\u00f3n Federal y Operativa Agropecuaria, Jorge Solmi; y el presidente del Instituto Nacional de Tecnolog\u00eda Agropecuaria (INTA), Mariano Garmendia.En cuanto al acceso a un d\u00f3lar diferenciado para las exportaciones, precis\u00f3 que estar\u00e1 vigente \u00abentre el 20 de noviembre y el 30 de diciembre, en un esquema similar al adoptado en septiembre pasado para la cadena de la soja\u00bbDetall\u00f3 que, como condici\u00f3n para acceder al beneficio del tipo de cambio diferenciado, los interesados deber\u00e1n \u00abentrar al programa de Precios Justos\u00bb y de \u00abprotecci\u00f3n de los productores\u00bb.El ministro aclar\u00f3 que este programa de fomento para las econom\u00edas regionales deber\u00e1 avalarse con un \u00abacuerdo entre productores y exportadores, para evitar que los incentivos no queden como rentabilidad de los exportadores\u00bb.La bater\u00eda de anuncios del ministro incluye el otorgamiento de dos sistemas de cr\u00e9ditos: uno a tasa cero por 18 meses y otro m\u00e1s extenso con per\u00edodo de gracia.\u00bbPonemos en marcha dos sistemas de cr\u00e9ditos. Uno de ellos ser\u00e1 a tasa cero con plazo a 18 meses, que es el ciclo productivo de estas econom\u00edas regionales, y ser\u00e1n otorgados por el Banco Naci\u00f3n y el Banco de Inversi\u00f3n y Comercio Exterior (BICE)\u00bb, indic\u00f3 Massa.La otra l\u00ednea de cr\u00e9ditos prev\u00e9 una tasa \u00abdel 48%, con 18 meses de gracia, es decir que se empieza a pagar a partir de la cuota 19, con lo cual lo estar\u00e1n devolviendo cuando finaliza el proceso de producci\u00f3n\u00bb.<\/p>\n<p>El ministro se\u00f1al\u00f3 adem\u00e1s que se realizar\u00e1n transferencias de Aportes No Reintegrables (ARN) por $ 1.500 millones a cada una de las provincias cordlilleranas afectadas por las heladas.<\/p>\n<p>Por otro lado, le solicit\u00f3 el gobernador Su\u00e1rez que reduzca \u00abentre el 40% y el 50% la tarifa de electricidad para los pr\u00f3ximos 18 meses\u00bb, en el marco de los beneficios que otorga la \u00abtarifa social\u00bb.<\/p>\n<p>\u00abCuando el esfuerzo lo hacemos todos lo disfrutamos m\u00e1s como sociedad. Veo ac\u00e1 representantes de distintas l\u00edneas pol\u00edticas, hasta alg\u00fan libertario, lo que demuestra que cuando la situaci\u00f3n es cr\u00edtica nos podemos juntar\u00bb, enfatiz\u00f3 el ministro.<\/p>\n<p>Al respecto, tras admitir los temores que genera la emergencia clim\u00e1tica, asegur\u00f3 que los productores \u00abvan a tener acceso al Programa Repro para sostener el empleo\u00bb.<\/p>\n<p>El conjunto de medidas fiscales y crediticias anunciadas por Massa se implementar\u00e1 tras la decisi\u00f3n del gobierno mendocino de decretar el estado de emergencia y desastre agropecuario.<\/p>\n<p>Seg\u00fan estimaciones de funcionarios locales la producci\u00f3n afectada ser\u00edan 10.000 hect\u00e1reas de vi\u00f1edos y 10.000 de frutales, aunque el relevamiento terminar\u00e1 con la recepci\u00f3n de denuncias y con las auditor\u00edas que hace Contingencias Clim\u00e1ticas.<\/p>\n<p>Las bajas temperaturas generaron consecuencias irreparables en muchos cultivos de los oasis Norte, Este, Centro y Sur.<\/p>\n<p>\u201cNo es s\u00f3lo el fruto lo que se da\u00f1\u00f3, tambi\u00e9n el resto de las c\u00e9lulas de las plantas pueden sufrir secuelas a largo plazo\u201d, se\u00f1alaron en el gobierno provincial.<\/p>\n<p>Desde la cartera econ\u00f3mica provincial informaron que la medida alcanzar\u00e1 a 135 distritos, distribuidos en 15 departamentos de la provincia.<\/p>\n<p>\u00abCuando tenemos entre el 50% y el 79% de p\u00e9rdidas se llama emergencia agropecuaria; y cuando van del 80% al 100% ya hablamos de desastre. En este momento, en Mendoza, tenemos varias zonas con desastre\u00bb, admitieron funcionarios provinciales.<\/p>\n<\/section>\n<div class=\"publi-top publi-listado\">\n<div class=\"publi-728\">\n<div id=\"banner-interior-b\" class=\"banner-zone-found banner-step-1 banner-loop-1 banner-is-dfp banner-step-4\" data-google-query-id=\"CMfck8LAnvsCFYEmuQYdISUPpA\"><\/div>\n<\/div>\n<\/div>\n","protected":false},"excerpt":{"rendered":"<p>El ministro de Econom\u00eda, Sergio Massa, anunci\u00f3 medidas para proteger y fortalecer las econom\u00edas regionales. La letra chica para acceder a los cr\u00e9ditos y el antecedente del tipo de cambio diferenciado que se aplic\u00f3 para la cadena de la soja.<\/p>\n","protected":false},"author":8,"featured_media":93189,"comment_status":"open","ping_status":"open","sticky":false,"template":"","format":"standard","meta":{"fifu_image_url":"","fifu_image_alt":"","footnotes":""},"categories":[1594],"tags":[],"class_list":{"0":"post-93181","1":"post","2":"type-post","3":"status-publish","4":"format-standard","5":"has-post-thumbnail","7":"category-economia"},"yoast_head":"<title>Habr\u00e1 d\u00f3lar preferencial y cr\u00e9ditos para sector productivo afectado por el clima - Informe Litoral<\/title>\n<meta name=\"robots\" content=\"index, follow, max-snippet:-1, max-image-preview:large, max-video-preview:-1\" \/>\n<link rel=\"canonical\" href=\"https:\/\/informelitoral.com.ar\/habra-dolar-preferencial-y-creditos-para-sector-productivo-afectado-por-el-clima\/\" \/>\n<meta property=\"og:locale\" content=\"es_ES\" \/>\n<meta property=\"og:type\" content=\"article\" \/>\n<meta property=\"og:title\" content=\"Habr\u00e1 d\u00f3lar preferencial y cr\u00e9ditos para sector productivo afectado por el clima - Informe Litoral\" \/>\n<meta property=\"og:description\" content=\"El ministro de Econom\u00eda, Sergio Massa, anunci\u00f3 medidas para proteger y fortalecer las econom\u00edas regionales. La letra chica para acceder a los cr\u00e9ditos y el antecedente del tipo de cambio diferenciado que se aplic\u00f3 para la cadena de la soja.\" \/>\n<meta property=\"og:url\" content=\"https:\/\/informelitoral.com.ar\/habra-dolar-preferencial-y-creditos-para-sector-productivo-afectado-por-el-clima\/\" \/>\n<meta property=\"og:site_name\" content=\"Informe Litoral\" \/>\n<meta property=\"article:publisher\" content=\"https:\/\/www.facebook.com\/informelitoral\/\" \/>\n<meta property=\"article:published_time\" content=\"2022-11-08T10:50:19+00:00\" \/>\n<meta property=\"article:modified_time\" content=\"2022-11-08T12:22:54+00:00\" \/>\n<meta property=\"og:image\" content=\"https:\/\/informelitoral.com.ar\/%77%70%2d%63%6f%6e%74%65%6e%74\/uploads\/2022\/11\/o_1667863426.jpg\" \/>\n\t<meta property=\"og:image:width\" content=\"800\" \/>\n\t<meta property=\"og:image:height\" content=\"450\" \/>\n\t<meta property=\"og:image:type\" content=\"image\/jpeg\" \/>\n<meta name=\"author\" content=\"Sebastian\" \/>\n<meta name=\"twitter:card\" content=\"summary_large_image\" \/>\n<meta name=\"twitter:creator\" content=\"@InformeLitoral\" \/>\n<meta name=\"twitter:site\" content=\"@InformeLitoral\" \/>\n<meta name=\"twitter:label1\" content=\"Escrito por\" \/>\n\t<meta name=\"twitter:data1\" content=\"Sebastian\" \/>\n\t<meta name=\"twitter:label2\" content=\"Tiempo de lectura\" \/>\n\t<meta name=\"twitter:data2\" content=\"4 minutos\" \/>\n<script type=\"application\/ld+json\" class=\"yoast-schema-graph\">{\"@context\":\"https:\\\/\\\/schema.org\",\"@graph\":[{\"@type\":\"Article\",\"@id\":\"https:\\\/\\\/informelitoral.com.ar\\\/habra-dolar-preferencial-y-creditos-para-sector-productivo-afectado-por-el-clima\\\/#article\",\"isPartOf\":{\"@id\":\"https:\\\/\\\/informelitoral.com.ar\\\/habra-dolar-preferencial-y-creditos-para-sector-productivo-afectado-por-el-clima\\\/\"},\"author\":{\"name\":\"Sebastian\",\"@id\":\"https:\\\/\\\/informelitoral.com.ar\\\/#\\\/schema\\\/person\\\/f05f9f461677119578717524b127d6d5\"},\"headline\":\"Habr\u00e1 d\u00f3lar preferencial y cr\u00e9ditos para sector productivo afectado por el clima\",\"datePublished\":\"2022-11-08T10:50:19+00:00\",\"dateModified\":\"2022-11-08T12:22:54+00:00\",\"mainEntityOfPage\":{\"@id\":\"https:\\\/\\\/informelitoral.com.ar\\\/habra-dolar-preferencial-y-creditos-para-sector-productivo-afectado-por-el-clima\\\/\"},\"wordCount\":757,\"commentCount\":0,\"publisher\":{\"@id\":\"https:\\\/\\\/informelitoral.com.ar\\\/#organization\"},\"image\":{\"@id\":\"https:\\\/\\\/informelitoral.com.ar\\\/habra-dolar-preferencial-y-creditos-para-sector-productivo-afectado-por-el-clima\\\/#primaryimage\"},\"thumbnailUrl\":\"https:\\\/\\\/informelitoral.com.ar\\\/%77%70%2d%63%6f%6e%74%65%6e%74\\\/uploads\\\/2022\\\/11\\\/o_1667863426.jpg\",\"articleSection\":[\"Econom\u00eda\"],\"inLanguage\":\"es\",\"potentialAction\":[{\"@type\":\"CommentAction\",\"name\":\"Comment\",\"target\":[\"https:\\\/\\\/informelitoral.com.ar\\\/habra-dolar-preferencial-y-creditos-para-sector-productivo-afectado-por-el-clima\\\/#respond\"]}]},{\"@type\":\"WebPage\",\"@id\":\"https:\\\/\\\/informelitoral.com.ar\\\/habra-dolar-preferencial-y-creditos-para-sector-productivo-afectado-por-el-clima\\\/\",\"url\":\"https:\\\/\\\/informelitoral.com.ar\\\/habra-dolar-preferencial-y-creditos-para-sector-productivo-afectado-por-el-clima\\\/\",\"name\":\"Habr\u00e1 d\u00f3lar preferencial y cr\u00e9ditos para sector productivo afectado por el clima - Informe Litoral\",\"isPartOf\":{\"@id\":\"https:\\\/\\\/informelitoral.com.ar\\\/#website\"},\"primaryImageOfPage\":{\"@id\":\"https:\\\/\\\/informelitoral.com.ar\\\/habra-dolar-preferencial-y-creditos-para-sector-productivo-afectado-por-el-clima\\\/#primaryimage\"},\"image\":{\"@id\":\"https:\\\/\\\/informelitoral.com.ar\\\/habra-dolar-preferencial-y-creditos-para-sector-productivo-afectado-por-el-clima\\\/#primaryimage\"},\"thumbnailUrl\":\"https:\\\/\\\/informelitoral.com.ar\\\/%77%70%2d%63%6f%6e%74%65%6e%74\\\/uploads\\\/2022\\\/11\\\/o_1667863426.jpg\",\"datePublished\":\"2022-11-08T10:50:19+00:00\",\"dateModified\":\"2022-11-08T12:22:54+00:00\",\"breadcrumb\":{\"@id\":\"https:\\\/\\\/informelitoral.com.ar\\\/habra-dolar-preferencial-y-creditos-para-sector-productivo-afectado-por-el-clima\\\/#breadcrumb\"},\"inLanguage\":\"es\",\"potentialAction\":[{\"@type\":\"ReadAction\",\"target\":[\"https:\\\/\\\/informelitoral.com.ar\\\/habra-dolar-preferencial-y-creditos-para-sector-productivo-afectado-por-el-clima\\\/\"]}]},{\"@type\":\"ImageObject\",\"inLanguage\":\"es\",\"@id\":\"https:\\\/\\\/informelitoral.com.ar\\\/habra-dolar-preferencial-y-creditos-para-sector-productivo-afectado-por-el-clima\\\/#primaryimage\",\"url\":\"https:\\\/\\\/informelitoral.com.ar\\\/%77%70%2d%63%6f%6e%74%65%6e%74\\\/uploads\\\/2022\\\/11\\\/o_1667863426.jpg\",\"contentUrl\":\"https:\\\/\\\/informelitoral.com.ar\\\/%77%70%2d%63%6f%6e%74%65%6e%74\\\/uploads\\\/2022\\\/11\\\/o_1667863426.jpg\",\"width\":800,\"height\":450},{\"@type\":\"BreadcrumbList\",\"@id\":\"https:\\\/\\\/informelitoral.com.ar\\\/habra-dolar-preferencial-y-creditos-para-sector-productivo-afectado-por-el-clima\\\/#breadcrumb\",\"itemListElement\":[{\"@type\":\"ListItem\",\"position\":1,\"name\":\"Portada\",\"item\":\"https:\\\/\\\/informelitoral.com.ar\\\/\"},{\"@type\":\"ListItem\",\"position\":2,\"name\":\"Habr\u00e1 d\u00f3lar preferencial y cr\u00e9ditos para sector productivo afectado por el clima\"}]},{\"@type\":\"WebSite\",\"@id\":\"https:\\\/\\\/informelitoral.com.ar\\\/#website\",\"url\":\"https:\\\/\\\/informelitoral.com.ar\\\/\",\"name\":\"Informe Litoral\",\"description\":\"&quot;Nos informamos&quot; \",\"publisher\":{\"@id\":\"https:\\\/\\\/informelitoral.com.ar\\\/#organization\"},\"potentialAction\":[{\"@type\":\"SearchAction\",\"target\":{\"@type\":\"EntryPoint\",\"urlTemplate\":\"https:\\\/\\\/informelitoral.com.ar\\\/?s={search_term_string}\"},\"query-input\":{\"@type\":\"PropertyValueSpecification\",\"valueRequired\":true,\"valueName\":\"search_term_string\"}}],\"inLanguage\":\"es\"},{\"@type\":\"Organization\",\"@id\":\"https:\\\/\\\/informelitoral.com.ar\\\/#organization\",\"name\":\"Informe Litoral\",\"url\":\"https:\\\/\\\/informelitoral.com.ar\\\/\",\"logo\":{\"@type\":\"ImageObject\",\"inLanguage\":\"es\",\"@id\":\"https:\\\/\\\/informelitoral.com.ar\\\/#\\\/schema\\\/logo\\\/image\\\/\",\"url\":\"https:\\\/\\\/informelitoral.com.ar\\\/%77%70%2d%63%6f%6e%74%65%6e%74\\\/uploads\\\/2021\\\/01\\\/circulo.png\",\"contentUrl\":\"https:\\\/\\\/informelitoral.com.ar\\\/%77%70%2d%63%6f%6e%74%65%6e%74\\\/uploads\\\/2021\\\/01\\\/circulo.png\",\"width\":723,\"height\":731,\"caption\":\"Informe Litoral\"},\"image\":{\"@id\":\"https:\\\/\\\/informelitoral.com.ar\\\/#\\\/schema\\\/logo\\\/image\\\/\"},\"sameAs\":[\"https:\\\/\\\/www.facebook.com\\\/informelitoral\\\/\",\"https:\\\/\\\/x.com\\\/InformeLitoral\",\"https:\\\/\\\/www.instagram.com\\\/informelitoral\\\/\",\"https:\\\/\\\/www.youtube.com\\\/channel\\\/UCua4Qvz8Icb6MYqhoq9xLXw\"]},{\"@type\":\"Person\",\"@id\":\"https:\\\/\\\/informelitoral.com.ar\\\/#\\\/schema\\\/person\\\/f05f9f461677119578717524b127d6d5\",\"name\":\"Sebastian\",\"image\":{\"@type\":\"ImageObject\",\"inLanguage\":\"es\",\"@id\":\"https:\\\/\\\/secure.gravatar.com\\\/avatar\\\/b71bf7481d447dfb9583c7f2798e7cc64de6efb9067b74633ed8c31059a3bd82?s=96&d=mm&r=g\",\"url\":\"https:\\\/\\\/secure.gravatar.com\\\/avatar\\\/b71bf7481d447dfb9583c7f2798e7cc64de6efb9067b74633ed8c31059a3bd82?s=96&d=mm&r=g\",\"contentUrl\":\"https:\\\/\\\/secure.gravatar.com\\\/avatar\\\/b71bf7481d447dfb9583c7f2798e7cc64de6efb9067b74633ed8c31059a3bd82?s=96&d=mm&r=g\",\"caption\":\"Sebastian\"},\"url\":\"https:\\\/\\\/informelitoral.com.ar\\\/author\\\/sebastian\\\/\"}]}<\/script>","yoast_head_json":{"title":"Habr\u00e1 d\u00f3lar preferencial y cr\u00e9ditos para sector productivo afectado por el clima - Informe Litoral","robots":{"index":"index","follow":"follow","max-snippet":"max-snippet:-1","max-image-preview":"max-image-preview:large","max-video-preview":"max-video-preview:-1"},"canonical":"https:\/\/informelitoral.com.ar\/habra-dolar-preferencial-y-creditos-para-sector-productivo-afectado-por-el-clima\/","og_locale":"es_ES","og_type":"article","og_title":"Habr\u00e1 d\u00f3lar preferencial y cr\u00e9ditos para sector productivo afectado por el clima - Informe Litoral","og_description":"El ministro de Econom\u00eda, Sergio Massa, anunci\u00f3 medidas para proteger y fortalecer las econom\u00edas regionales. La letra chica para acceder a los cr\u00e9ditos y el antecedente del tipo de cambio diferenciado que se aplic\u00f3 para la cadena de la soja.","og_url":"https:\/\/informelitoral.com.ar\/habra-dolar-preferencial-y-creditos-para-sector-productivo-afectado-por-el-clima\/","og_site_name":"Informe Litoral","article_publisher":"https:\/\/www.facebook.com\/informelitoral\/","article_published_time":"2022-11-08T10:50:19+00:00","article_modified_time":"2022-11-08T12:22:54+00:00","og_image":[{"width":800,"height":450,"url":"https:\/\/informelitoral.com.ar\/%77%70%2d%63%6f%6e%74%65%6e%74\/uploads\/2022\/11\/o_1667863426.jpg","type":"image\/jpeg"}],"author":"Sebastian","twitter_card":"summary_large_image","twitter_creator":"@InformeLitoral","twitter_site":"@InformeLitoral","twitter_misc":{"Escrito por":"Sebastian","Tiempo de lectura":"4 minutos"},"schema":{"@context":"https:\/\/schema.org","@graph":[{"@type":"Article","@id":"https:\/\/informelitoral.com.ar\/habra-dolar-preferencial-y-creditos-para-sector-productivo-afectado-por-el-clima\/#article","isPartOf":{"@id":"https:\/\/informelitoral.com.ar\/habra-dolar-preferencial-y-creditos-para-sector-productivo-afectado-por-el-clima\/"},"author":{"name":"Sebastian","@id":"https:\/\/informelitoral.com.ar\/#\/schema\/person\/f05f9f461677119578717524b127d6d5"},"headline":"Habr\u00e1 d\u00f3lar preferencial y cr\u00e9ditos para sector productivo afectado por el clima","datePublished":"2022-11-08T10:50:19+00:00","dateModified":"2022-11-08T12:22:54+00:00","mainEntityOfPage":{"@id":"https:\/\/informelitoral.com.ar\/habra-dolar-preferencial-y-creditos-para-sector-productivo-afectado-por-el-clima\/"},"wordCount":757,"commentCount":0,"publisher":{"@id":"https:\/\/informelitoral.com.ar\/#organization"},"image":{"@id":"https:\/\/informelitoral.com.ar\/habra-dolar-preferencial-y-creditos-para-sector-productivo-afectado-por-el-clima\/#primaryimage"},"thumbnailUrl":"https:\/\/informelitoral.com.ar\/%77%70%2d%63%6f%6e%74%65%6e%74\/uploads\/2022\/11\/o_1667863426.jpg","articleSection":["Econom\u00eda"],"inLanguage":"es","potentialAction":[{"@type":"CommentAction","name":"Comment","target":["https:\/\/informelitoral.com.ar\/habra-dolar-preferencial-y-creditos-para-sector-productivo-afectado-por-el-clima\/#respond"]}]},{"@type":"WebPage","@id":"https:\/\/informelitoral.com.ar\/habra-dolar-preferencial-y-creditos-para-sector-productivo-afectado-por-el-clima\/","url":"https:\/\/informelitoral.com.ar\/habra-dolar-preferencial-y-creditos-para-sector-productivo-afectado-por-el-clima\/","name":"Habr\u00e1 d\u00f3lar preferencial y cr\u00e9ditos para sector productivo afectado por el clima - Informe Litoral","isPartOf":{"@id":"https:\/\/informelitoral.com.ar\/#website"},"primaryImageOfPage":{"@id":"https:\/\/informelitoral.com.ar\/habra-dolar-preferencial-y-creditos-para-sector-productivo-afectado-por-el-clima\/#primaryimage"},"image":{"@id":"https:\/\/informelitoral.com.ar\/habra-dolar-preferencial-y-creditos-para-sector-productivo-afectado-por-el-clima\/#primaryimage"},"thumbnailUrl":"https:\/\/informelitoral.com.ar\/%77%70%2d%63%6f%6e%74%65%6e%74\/uploads\/2022\/11\/o_1667863426.jpg","datePublished":"2022-11-08T10:50:19+00:00","dateModified":"2022-11-08T12:22:54+00:00","breadcrumb":{"@id":"https:\/\/informelitoral.com.ar\/habra-dolar-preferencial-y-creditos-para-sector-productivo-afectado-por-el-clima\/#breadcrumb"},"inLanguage":"es","potentialAction":[{"@type":"ReadAction","target":["https:\/\/informelitoral.com.ar\/habra-dolar-preferencial-y-creditos-para-sector-productivo-afectado-por-el-clima\/"]}]},{"@type":"ImageObject","inLanguage":"es","@id":"https:\/\/informelitoral.com.ar\/habra-dolar-preferencial-y-creditos-para-sector-productivo-afectado-por-el-clima\/#primaryimage","url":"https:\/\/informelitoral.com.ar\/%77%70%2d%63%6f%6e%74%65%6e%74\/uploads\/2022\/11\/o_1667863426.jpg","contentUrl":"https:\/\/informelitoral.com.ar\/%77%70%2d%63%6f%6e%74%65%6e%74\/uploads\/2022\/11\/o_1667863426.jpg","width":800,"height":450},{"@type":"BreadcrumbList","@id":"https:\/\/informelitoral.com.ar\/habra-dolar-preferencial-y-creditos-para-sector-productivo-afectado-por-el-clima\/#breadcrumb","itemListElement":[{"@type":"ListItem","position":1,"name":"Portada","item":"https:\/\/informelitoral.com.ar\/"},{"@type":"ListItem","position":2,"name":"Habr\u00e1 d\u00f3lar preferencial y cr\u00e9ditos para sector productivo afectado por el clima"}]},{"@type":"WebSite","@id":"https:\/\/informelitoral.com.ar\/#website","url":"https:\/\/informelitoral.com.ar\/","name":"Informe Litoral","description":"&quot;Nos informamos&quot; ","publisher":{"@id":"https:\/\/informelitoral.com.ar\/#organization"},"potentialAction":[{"@type":"SearchAction","target":{"@type":"EntryPoint","urlTemplate":"https:\/\/informelitoral.com.ar\/?s={search_term_string}"},"query-input":{"@type":"PropertyValueSpecification","valueRequired":true,"valueName":"search_term_string"}}],"inLanguage":"es"},{"@type":"Organization","@id":"https:\/\/informelitoral.com.ar\/#organization","name":"Informe Litoral","url":"https:\/\/informelitoral.com.ar\/","logo":{"@type":"ImageObject","inLanguage":"es","@id":"https:\/\/informelitoral.com.ar\/#\/schema\/logo\/image\/","url":"https:\/\/informelitoral.com.ar\/%77%70%2d%63%6f%6e%74%65%6e%74\/uploads\/2021\/01\/circulo.png","contentUrl":"https:\/\/informelitoral.com.ar\/%77%70%2d%63%6f%6e%74%65%6e%74\/uploads\/2021\/01\/circulo.png","width":723,"height":731,"caption":"Informe Litoral"},"image":{"@id":"https:\/\/informelitoral.com.ar\/#\/schema\/logo\/image\/"},"sameAs":["https:\/\/www.facebook.com\/informelitoral\/","https:\/\/x.com\/InformeLitoral","https:\/\/www.instagram.com\/informelitoral\/","https:\/\/www.youtube.com\/channel\/UCua4Qvz8Icb6MYqhoq9xLXw"]},{"@type":"Person","@id":"https:\/\/informelitoral.com.ar\/#\/schema\/person\/f05f9f461677119578717524b127d6d5","name":"Sebastian","image":{"@type":"ImageObject","inLanguage":"es","@id":"https:\/\/secure.gravatar.com\/avatar\/b71bf7481d447dfb9583c7f2798e7cc64de6efb9067b74633ed8c31059a3bd82?s=96&d=mm&r=g","url":"https:\/\/secure.gravatar.com\/avatar\/b71bf7481d447dfb9583c7f2798e7cc64de6efb9067b74633ed8c31059a3bd82?s=96&d=mm&r=g","contentUrl":"https:\/\/secure.gravatar.com\/avatar\/b71bf7481d447dfb9583c7f2798e7cc64de6efb9067b74633ed8c31059a3bd82?s=96&d=mm&r=g","caption":"Sebastian"},"url":"https:\/\/informelitoral.com.ar\/author\/sebastian\/"}]}},"_links":{"self":[{"href":"https:\/\/informelitoral.com.ar\/%77%70%2d%6a%73%6f%6e\/wp\/v2\/posts\/93181","targetHints":{"allow":["GET"]}}],"collection":[{"href":"https:\/\/informelitoral.com.ar\/%77%70%2d%6a%73%6f%6e\/wp\/v2\/posts"}],"about":[{"href":"https:\/\/informelitoral.com.ar\/%77%70%2d%6a%73%6f%6e\/wp\/v2\/types\/post"}],"author":[{"embeddable":true,"href":"https:\/\/informelitoral.com.ar\/%77%70%2d%6a%73%6f%6e\/wp\/v2\/users\/8"}],"replies":[{"embeddable":true,"href":"https:\/\/informelitoral.com.ar\/%77%70%2d%6a%73%6f%6e\/wp\/v2\/comments?post=93181"}],"version-history":[{"count":0,"href":"https:\/\/informelitoral.com.ar\/%77%70%2d%6a%73%6f%6e\/wp\/v2\/posts\/93181\/revisions"}],"wp:featuredmedia":[{"embeddable":true,"href":"https:\/\/informelitoral.com.ar\/%77%70%2d%6a%73%6f%6e\/wp\/v2\/media\/93189"}],"wp:attachment":[{"href":"https:\/\/informelitoral.com.ar\/%77%70%2d%6a%73%6f%6e\/wp\/v2\/media?parent=93181"}],"wp:term":[{"taxonomy":"category","embeddable":true,"href":"https:\/\/informelitoral.com.ar\/%77%70%2d%6a%73%6f%6e\/wp\/v2\/categories?post=93181"},{"taxonomy":"post_tag","embeddable":true,"href":"https:\/\/informelitoral.com.ar\/%77%70%2d%6a%73%6f%6e\/wp\/v2\/tags?post=93181"}],"curies":[{"name":"wp","href":"https:\/\/api.w.org\/{rel}","templated":true}]}}