{"id":93173,"date":"2022-11-08T08:25:29","date_gmt":"2022-11-08T11:25:29","guid":{"rendered":"https:\/\/www.informelitoral.com.ar\/?p=93173"},"modified":"2022-11-08T08:32:11","modified_gmt":"2022-11-08T11:32:11","slug":"semana-calida-para-cuando-preven-ciclogenesis-que-podria-provocar-lluvias","status":"publish","type":"post","link":"https:\/\/informelitoral.com.ar\/semana-calida-para-cuando-preven-ciclogenesis-que-podria-provocar-lluvias\/","title":{"rendered":"Semana c\u00e1lida: para cu\u00e1ndo prev\u00e9n \u201cciclog\u00e9nesis\u201d que podr\u00eda provocar lluvias"},"content":{"rendered":"<p>El persistente viento del noreste y este aportar\u00e1 humedad en el centro y norte del pa\u00eds, lo que generar\u00e1 tardes con sensaciones t\u00e9rmicas m\u00e1s elevadas, con r\u00e1fagas que en Entre R\u00edos podr\u00edan alcanzar los 40 kil\u00f3metros por hora.<\/p>\n<p>Tras el seco inicio de semana \u201cmuy progresivamente\u201d habr\u00e1 \u201ccondiciones m\u00e1s h\u00famedas e inestables, una situaci\u00f3n que ser\u00e1 m\u00e1s propensa para que regresen, al menos en forma aislada, las precipitaciones al pa\u00eds\u201d, adelant\u00f3 el meteor\u00f3logo Christian Garavaglia.<\/p>\n<p>Pronostic\u00f3 que \u201centre mi\u00e9rcoles y jueves, el cruce de distintas perturbaciones en altura ser\u00e1 clave para aumentar y generalizar la inestabilidad, especialmente sobre Mendoza, San Luis, La Pampa Neuqu\u00e9n y R\u00edo Negro, en donde las tormentas podr\u00e1n ser m\u00e1s generalizadas y fuertes, con mayores mil\u00edmetros de lluvia\u201d.<\/p>\n<p>En el caso de\u00a0<b>Entre R\u00edos, se prev\u00e9 alguna inestabilidad y un leve descenso de las temperaturas el jueves<\/b>, aunque, por el momento, las estimaciones de lluvias son muy exiguas.<\/p>\n<p>El tramo final de esta semana \u201cestar\u00e1 caracterizado por abundante nubosidad en el pa\u00eds, y frecuentes eventos de lluvias y tormentas aunque present\u00e1ndose de forma sectorizada y err\u00e1tica\u201d, advirti\u00f3 el especialista en\u00a0<i>Meteored<\/i>al trazar un panorama general en el pa\u00eds sobre las jornadas venideras.<\/p>\n<p>Finalmente, estim\u00f3 que \u201c<b>reci\u00e9n para el domingo es posible esperar un ciclog\u00e9nesis (es decir, la conformaci\u00f3n de un sistema de baja presi\u00f3n) con mayor organizaci\u00f3n sobre el centro de Argentina que podr\u00eda dejar valores de lluvia m\u00e1s interesantes en las provincias centrales<\/b>.<\/p>\n","protected":false},"excerpt":{"rendered":"<p>Anuncian un aumento de la humedad, por lo cual las sensaciones t\u00e9rmicas ser\u00edan m\u00e1s elevadas. Son probables condiciones de inestabilidad el jueves, aunque habr\u00e1 que esperar algunos d\u00edas m\u00e1s para que aumente la probabilidad de lluvias.<\/p>\n","protected":false},"author":8,"featured_media":90971,"comment_status":"open","ping_status":"open","sticky":false,"template":"","format":"standard","meta":{"fifu_image_url":"","fifu_image_alt":"","footnotes":""},"categories":[6],"tags":[113],"class_list":{"0":"post-93173","1":"post","2":"type-post","3":"status-publish","4":"format-standard","5":"has-post-thumbnail","7":"category-entre-rios","8":"tag-smn"},"yoast_head":"<title>Semana c\u00e1lida: para cu\u00e1ndo prev\u00e9n \u201cciclog\u00e9nesis\u201d que podr\u00eda provocar lluvias - Informe Litoral<\/title>\n<meta name=\"robots\" content=\"index, follow, max-snippet:-1, max-image-preview:large, max-video-preview:-1\" \/>\n<link rel=\"canonical\" href=\"https:\/\/informelitoral.com.ar\/semana-calida-para-cuando-preven-ciclogenesis-que-podria-provocar-lluvias\/\" \/>\n<meta property=\"og:locale\" content=\"es_ES\" \/>\n<meta property=\"og:type\" content=\"article\" \/>\n<meta property=\"og:title\" content=\"Semana c\u00e1lida: para cu\u00e1ndo prev\u00e9n \u201cciclog\u00e9nesis\u201d que podr\u00eda provocar lluvias - Informe Litoral\" \/>\n<meta property=\"og:description\" content=\"Anuncian un aumento de la humedad, por lo cual las sensaciones t\u00e9rmicas ser\u00edan m\u00e1s elevadas. Son probables condiciones de inestabilidad el jueves, aunque habr\u00e1 que esperar algunos d\u00edas m\u00e1s para que aumente la probabilidad de lluvias.\" \/>\n<meta property=\"og:url\" content=\"https:\/\/informelitoral.com.ar\/semana-calida-para-cuando-preven-ciclogenesis-que-podria-provocar-lluvias\/\" \/>\n<meta property=\"og:site_name\" content=\"Informe Litoral\" \/>\n<meta property=\"article:publisher\" content=\"https:\/\/www.facebook.com\/informelitoral\/\" \/>\n<meta property=\"article:published_time\" content=\"2022-11-08T11:25:29+00:00\" \/>\n<meta property=\"article:modified_time\" content=\"2022-11-08T11:32:11+00:00\" \/>\n<meta property=\"og:image\" content=\"https:\/\/informelitoral.com.ar\/%77%70%2d%63%6f%6e%74%65%6e%74\/uploads\/2022\/10\/lluvia-Periodico-CR.jpg\" \/>\n\t<meta property=\"og:image:width\" content=\"700\" \/>\n\t<meta property=\"og:image:height\" content=\"500\" \/>\n\t<meta property=\"og:image:type\" content=\"image\/jpeg\" \/>\n<meta name=\"author\" content=\"Sebastian\" \/>\n<meta name=\"twitter:card\" content=\"summary_large_image\" \/>\n<meta name=\"twitter:creator\" content=\"@InformeLitoral\" \/>\n<meta name=\"twitter:site\" content=\"@InformeLitoral\" \/>\n<meta name=\"twitter:label1\" content=\"Escrito por\" \/>\n\t<meta name=\"twitter:data1\" content=\"Sebastian\" \/>\n\t<meta name=\"twitter:label2\" content=\"Tiempo de lectura\" \/>\n\t<meta name=\"twitter:data2\" content=\"1 minuto\" \/>\n<script type=\"application\/ld+json\" class=\"yoast-schema-graph\">{\"@context\":\"https:\\\/\\\/schema.org\",\"@graph\":[{\"@type\":\"Article\",\"@id\":\"https:\\\/\\\/informelitoral.com.ar\\\/semana-calida-para-cuando-preven-ciclogenesis-que-podria-provocar-lluvias\\\/#article\",\"isPartOf\":{\"@id\":\"https:\\\/\\\/informelitoral.com.ar\\\/semana-calida-para-cuando-preven-ciclogenesis-que-podria-provocar-lluvias\\\/\"},\"author\":{\"name\":\"Sebastian\",\"@id\":\"https:\\\/\\\/informelitoral.com.ar\\\/#\\\/schema\\\/person\\\/f05f9f461677119578717524b127d6d5\"},\"headline\":\"Semana c\u00e1lida: para cu\u00e1ndo prev\u00e9n \u201cciclog\u00e9nesis\u201d que podr\u00eda provocar lluvias\",\"datePublished\":\"2022-11-08T11:25:29+00:00\",\"dateModified\":\"2022-11-08T11:32:11+00:00\",\"mainEntityOfPage\":{\"@id\":\"https:\\\/\\\/informelitoral.com.ar\\\/semana-calida-para-cuando-preven-ciclogenesis-que-podria-provocar-lluvias\\\/\"},\"wordCount\":283,\"commentCount\":0,\"publisher\":{\"@id\":\"https:\\\/\\\/informelitoral.com.ar\\\/#organization\"},\"image\":{\"@id\":\"https:\\\/\\\/informelitoral.com.ar\\\/semana-calida-para-cuando-preven-ciclogenesis-que-podria-provocar-lluvias\\\/#primaryimage\"},\"thumbnailUrl\":\"https:\\\/\\\/informelitoral.com.ar\\\/%77%70%2d%63%6f%6e%74%65%6e%74\\\/uploads\\\/2022\\\/10\\\/lluvia-Periodico-CR.jpg\",\"keywords\":[\"SMN\"],\"articleSection\":[\"Entre R\u00edos\"],\"inLanguage\":\"es\",\"potentialAction\":[{\"@type\":\"CommentAction\",\"name\":\"Comment\",\"target\":[\"https:\\\/\\\/informelitoral.com.ar\\\/semana-calida-para-cuando-preven-ciclogenesis-que-podria-provocar-lluvias\\\/#respond\"]}]},{\"@type\":\"WebPage\",\"@id\":\"https:\\\/\\\/informelitoral.com.ar\\\/semana-calida-para-cuando-preven-ciclogenesis-que-podria-provocar-lluvias\\\/\",\"url\":\"https:\\\/\\\/informelitoral.com.ar\\\/semana-calida-para-cuando-preven-ciclogenesis-que-podria-provocar-lluvias\\\/\",\"name\":\"Semana c\u00e1lida: para cu\u00e1ndo prev\u00e9n \u201cciclog\u00e9nesis\u201d que podr\u00eda provocar lluvias - Informe Litoral\",\"isPartOf\":{\"@id\":\"https:\\\/\\\/informelitoral.com.ar\\\/#website\"},\"primaryImageOfPage\":{\"@id\":\"https:\\\/\\\/informelitoral.com.ar\\\/semana-calida-para-cuando-preven-ciclogenesis-que-podria-provocar-lluvias\\\/#primaryimage\"},\"image\":{\"@id\":\"https:\\\/\\\/informelitoral.com.ar\\\/semana-calida-para-cuando-preven-ciclogenesis-que-podria-provocar-lluvias\\\/#primaryimage\"},\"thumbnailUrl\":\"https:\\\/\\\/informelitoral.com.ar\\\/%77%70%2d%63%6f%6e%74%65%6e%74\\\/uploads\\\/2022\\\/10\\\/lluvia-Periodico-CR.jpg\",\"datePublished\":\"2022-11-08T11:25:29+00:00\",\"dateModified\":\"2022-11-08T11:32:11+00:00\",\"breadcrumb\":{\"@id\":\"https:\\\/\\\/informelitoral.com.ar\\\/semana-calida-para-cuando-preven-ciclogenesis-que-podria-provocar-lluvias\\\/#breadcrumb\"},\"inLanguage\":\"es\",\"potentialAction\":[{\"@type\":\"ReadAction\",\"target\":[\"https:\\\/\\\/informelitoral.com.ar\\\/semana-calida-para-cuando-preven-ciclogenesis-que-podria-provocar-lluvias\\\/\"]}]},{\"@type\":\"ImageObject\",\"inLanguage\":\"es\",\"@id\":\"https:\\\/\\\/informelitoral.com.ar\\\/semana-calida-para-cuando-preven-ciclogenesis-que-podria-provocar-lluvias\\\/#primaryimage\",\"url\":\"https:\\\/\\\/informelitoral.com.ar\\\/%77%70%2d%63%6f%6e%74%65%6e%74\\\/uploads\\\/2022\\\/10\\\/lluvia-Periodico-CR.jpg\",\"contentUrl\":\"https:\\\/\\\/informelitoral.com.ar\\\/%77%70%2d%63%6f%6e%74%65%6e%74\\\/uploads\\\/2022\\\/10\\\/lluvia-Periodico-CR.jpg\",\"width\":700,\"height\":500},{\"@type\":\"BreadcrumbList\",\"@id\":\"https:\\\/\\\/informelitoral.com.ar\\\/semana-calida-para-cuando-preven-ciclogenesis-que-podria-provocar-lluvias\\\/#breadcrumb\",\"itemListElement\":[{\"@type\":\"ListItem\",\"position\":1,\"name\":\"Portada\",\"item\":\"https:\\\/\\\/informelitoral.com.ar\\\/\"},{\"@type\":\"ListItem\",\"position\":2,\"name\":\"Semana c\u00e1lida: para cu\u00e1ndo prev\u00e9n \u201cciclog\u00e9nesis\u201d que podr\u00eda provocar lluvias\"}]},{\"@type\":\"WebSite\",\"@id\":\"https:\\\/\\\/informelitoral.com.ar\\\/#website\",\"url\":\"https:\\\/\\\/informelitoral.com.ar\\\/\",\"name\":\"Informe Litoral\",\"description\":\"&quot;Nos informamos&quot; \",\"publisher\":{\"@id\":\"https:\\\/\\\/informelitoral.com.ar\\\/#organization\"},\"potentialAction\":[{\"@type\":\"SearchAction\",\"target\":{\"@type\":\"EntryPoint\",\"urlTemplate\":\"https:\\\/\\\/informelitoral.com.ar\\\/?s={search_term_string}\"},\"query-input\":{\"@type\":\"PropertyValueSpecification\",\"valueRequired\":true,\"valueName\":\"search_term_string\"}}],\"inLanguage\":\"es\"},{\"@type\":\"Organization\",\"@id\":\"https:\\\/\\\/informelitoral.com.ar\\\/#organization\",\"name\":\"Informe Litoral\",\"url\":\"https:\\\/\\\/informelitoral.com.ar\\\/\",\"logo\":{\"@type\":\"ImageObject\",\"inLanguage\":\"es\",\"@id\":\"https:\\\/\\\/informelitoral.com.ar\\\/#\\\/schema\\\/logo\\\/image\\\/\",\"url\":\"https:\\\/\\\/informelitoral.com.ar\\\/%77%70%2d%63%6f%6e%74%65%6e%74\\\/uploads\\\/2021\\\/01\\\/circulo.png\",\"contentUrl\":\"https:\\\/\\\/informelitoral.com.ar\\\/%77%70%2d%63%6f%6e%74%65%6e%74\\\/uploads\\\/2021\\\/01\\\/circulo.png\",\"width\":723,\"height\":731,\"caption\":\"Informe Litoral\"},\"image\":{\"@id\":\"https:\\\/\\\/informelitoral.com.ar\\\/#\\\/schema\\\/logo\\\/image\\\/\"},\"sameAs\":[\"https:\\\/\\\/www.facebook.com\\\/informelitoral\\\/\",\"https:\\\/\\\/x.com\\\/InformeLitoral\",\"https:\\\/\\\/www.instagram.com\\\/informelitoral\\\/\",\"https:\\\/\\\/www.youtube.com\\\/channel\\\/UCua4Qvz8Icb6MYqhoq9xLXw\"]},{\"@type\":\"Person\",\"@id\":\"https:\\\/\\\/informelitoral.com.ar\\\/#\\\/schema\\\/person\\\/f05f9f461677119578717524b127d6d5\",\"name\":\"Sebastian\",\"image\":{\"@type\":\"ImageObject\",\"inLanguage\":\"es\",\"@id\":\"https:\\\/\\\/secure.gravatar.com\\\/avatar\\\/b71bf7481d447dfb9583c7f2798e7cc64de6efb9067b74633ed8c31059a3bd82?s=96&d=mm&r=g\",\"url\":\"https:\\\/\\\/secure.gravatar.com\\\/avatar\\\/b71bf7481d447dfb9583c7f2798e7cc64de6efb9067b74633ed8c31059a3bd82?s=96&d=mm&r=g\",\"contentUrl\":\"https:\\\/\\\/secure.gravatar.com\\\/avatar\\\/b71bf7481d447dfb9583c7f2798e7cc64de6efb9067b74633ed8c31059a3bd82?s=96&d=mm&r=g\",\"caption\":\"Sebastian\"},\"url\":\"https:\\\/\\\/informelitoral.com.ar\\\/author\\\/sebastian\\\/\"}]}<\/script>","yoast_head_json":{"title":"Semana c\u00e1lida: para cu\u00e1ndo prev\u00e9n \u201cciclog\u00e9nesis\u201d que podr\u00eda provocar lluvias - Informe Litoral","robots":{"index":"index","follow":"follow","max-snippet":"max-snippet:-1","max-image-preview":"max-image-preview:large","max-video-preview":"max-video-preview:-1"},"canonical":"https:\/\/informelitoral.com.ar\/semana-calida-para-cuando-preven-ciclogenesis-que-podria-provocar-lluvias\/","og_locale":"es_ES","og_type":"article","og_title":"Semana c\u00e1lida: para cu\u00e1ndo prev\u00e9n \u201cciclog\u00e9nesis\u201d que podr\u00eda provocar lluvias - Informe Litoral","og_description":"Anuncian un aumento de la humedad, por lo cual las sensaciones t\u00e9rmicas ser\u00edan m\u00e1s elevadas. Son probables condiciones de inestabilidad el jueves, aunque habr\u00e1 que esperar algunos d\u00edas m\u00e1s para que aumente la probabilidad de lluvias.","og_url":"https:\/\/informelitoral.com.ar\/semana-calida-para-cuando-preven-ciclogenesis-que-podria-provocar-lluvias\/","og_site_name":"Informe Litoral","article_publisher":"https:\/\/www.facebook.com\/informelitoral\/","article_published_time":"2022-11-08T11:25:29+00:00","article_modified_time":"2022-11-08T11:32:11+00:00","og_image":[{"width":700,"height":500,"url":"https:\/\/informelitoral.com.ar\/%77%70%2d%63%6f%6e%74%65%6e%74\/uploads\/2022\/10\/lluvia-Periodico-CR.jpg","type":"image\/jpeg"}],"author":"Sebastian","twitter_card":"summary_large_image","twitter_creator":"@InformeLitoral","twitter_site":"@InformeLitoral","twitter_misc":{"Escrito por":"Sebastian","Tiempo de lectura":"1 minuto"},"schema":{"@context":"https:\/\/schema.org","@graph":[{"@type":"Article","@id":"https:\/\/informelitoral.com.ar\/semana-calida-para-cuando-preven-ciclogenesis-que-podria-provocar-lluvias\/#article","isPartOf":{"@id":"https:\/\/informelitoral.com.ar\/semana-calida-para-cuando-preven-ciclogenesis-que-podria-provocar-lluvias\/"},"author":{"name":"Sebastian","@id":"https:\/\/informelitoral.com.ar\/#\/schema\/person\/f05f9f461677119578717524b127d6d5"},"headline":"Semana c\u00e1lida: para cu\u00e1ndo prev\u00e9n \u201cciclog\u00e9nesis\u201d que podr\u00eda provocar lluvias","datePublished":"2022-11-08T11:25:29+00:00","dateModified":"2022-11-08T11:32:11+00:00","mainEntityOfPage":{"@id":"https:\/\/informelitoral.com.ar\/semana-calida-para-cuando-preven-ciclogenesis-que-podria-provocar-lluvias\/"},"wordCount":283,"commentCount":0,"publisher":{"@id":"https:\/\/informelitoral.com.ar\/#organization"},"image":{"@id":"https:\/\/informelitoral.com.ar\/semana-calida-para-cuando-preven-ciclogenesis-que-podria-provocar-lluvias\/#primaryimage"},"thumbnailUrl":"https:\/\/informelitoral.com.ar\/%77%70%2d%63%6f%6e%74%65%6e%74\/uploads\/2022\/10\/lluvia-Periodico-CR.jpg","keywords":["SMN"],"articleSection":["Entre R\u00edos"],"inLanguage":"es","potentialAction":[{"@type":"CommentAction","name":"Comment","target":["https:\/\/informelitoral.com.ar\/semana-calida-para-cuando-preven-ciclogenesis-que-podria-provocar-lluvias\/#respond"]}]},{"@type":"WebPage","@id":"https:\/\/informelitoral.com.ar\/semana-calida-para-cuando-preven-ciclogenesis-que-podria-provocar-lluvias\/","url":"https:\/\/informelitoral.com.ar\/semana-calida-para-cuando-preven-ciclogenesis-que-podria-provocar-lluvias\/","name":"Semana c\u00e1lida: para cu\u00e1ndo prev\u00e9n \u201cciclog\u00e9nesis\u201d que podr\u00eda provocar lluvias - Informe Litoral","isPartOf":{"@id":"https:\/\/informelitoral.com.ar\/#website"},"primaryImageOfPage":{"@id":"https:\/\/informelitoral.com.ar\/semana-calida-para-cuando-preven-ciclogenesis-que-podria-provocar-lluvias\/#primaryimage"},"image":{"@id":"https:\/\/informelitoral.com.ar\/semana-calida-para-cuando-preven-ciclogenesis-que-podria-provocar-lluvias\/#primaryimage"},"thumbnailUrl":"https:\/\/informelitoral.com.ar\/%77%70%2d%63%6f%6e%74%65%6e%74\/uploads\/2022\/10\/lluvia-Periodico-CR.jpg","datePublished":"2022-11-08T11:25:29+00:00","dateModified":"2022-11-08T11:32:11+00:00","breadcrumb":{"@id":"https:\/\/informelitoral.com.ar\/semana-calida-para-cuando-preven-ciclogenesis-que-podria-provocar-lluvias\/#breadcrumb"},"inLanguage":"es","potentialAction":[{"@type":"ReadAction","target":["https:\/\/informelitoral.com.ar\/semana-calida-para-cuando-preven-ciclogenesis-que-podria-provocar-lluvias\/"]}]},{"@type":"ImageObject","inLanguage":"es","@id":"https:\/\/informelitoral.com.ar\/semana-calida-para-cuando-preven-ciclogenesis-que-podria-provocar-lluvias\/#primaryimage","url":"https:\/\/informelitoral.com.ar\/%77%70%2d%63%6f%6e%74%65%6e%74\/uploads\/2022\/10\/lluvia-Periodico-CR.jpg","contentUrl":"https:\/\/informelitoral.com.ar\/%77%70%2d%63%6f%6e%74%65%6e%74\/uploads\/2022\/10\/lluvia-Periodico-CR.jpg","width":700,"height":500},{"@type":"BreadcrumbList","@id":"https:\/\/informelitoral.com.ar\/semana-calida-para-cuando-preven-ciclogenesis-que-podria-provocar-lluvias\/#breadcrumb","itemListElement":[{"@type":"ListItem","position":1,"name":"Portada","item":"https:\/\/informelitoral.com.ar\/"},{"@type":"ListItem","position":2,"name":"Semana c\u00e1lida: para cu\u00e1ndo prev\u00e9n \u201cciclog\u00e9nesis\u201d que podr\u00eda provocar lluvias"}]},{"@type":"WebSite","@id":"https:\/\/informelitoral.com.ar\/#website","url":"https:\/\/informelitoral.com.ar\/","name":"Informe Litoral","description":"&quot;Nos informamos&quot; ","publisher":{"@id":"https:\/\/informelitoral.com.ar\/#organization"},"potentialAction":[{"@type":"SearchAction","target":{"@type":"EntryPoint","urlTemplate":"https:\/\/informelitoral.com.ar\/?s={search_term_string}"},"query-input":{"@type":"PropertyValueSpecification","valueRequired":true,"valueName":"search_term_string"}}],"inLanguage":"es"},{"@type":"Organization","@id":"https:\/\/informelitoral.com.ar\/#organization","name":"Informe Litoral","url":"https:\/\/informelitoral.com.ar\/","logo":{"@type":"ImageObject","inLanguage":"es","@id":"https:\/\/informelitoral.com.ar\/#\/schema\/logo\/image\/","url":"https:\/\/informelitoral.com.ar\/%77%70%2d%63%6f%6e%74%65%6e%74\/uploads\/2021\/01\/circulo.png","contentUrl":"https:\/\/informelitoral.com.ar\/%77%70%2d%63%6f%6e%74%65%6e%74\/uploads\/2021\/01\/circulo.png","width":723,"height":731,"caption":"Informe Litoral"},"image":{"@id":"https:\/\/informelitoral.com.ar\/#\/schema\/logo\/image\/"},"sameAs":["https:\/\/www.facebook.com\/informelitoral\/","https:\/\/x.com\/InformeLitoral","https:\/\/www.instagram.com\/informelitoral\/","https:\/\/www.youtube.com\/channel\/UCua4Qvz8Icb6MYqhoq9xLXw"]},{"@type":"Person","@id":"https:\/\/informelitoral.com.ar\/#\/schema\/person\/f05f9f461677119578717524b127d6d5","name":"Sebastian","image":{"@type":"ImageObject","inLanguage":"es","@id":"https:\/\/secure.gravatar.com\/avatar\/b71bf7481d447dfb9583c7f2798e7cc64de6efb9067b74633ed8c31059a3bd82?s=96&d=mm&r=g","url":"https:\/\/secure.gravatar.com\/avatar\/b71bf7481d447dfb9583c7f2798e7cc64de6efb9067b74633ed8c31059a3bd82?s=96&d=mm&r=g","contentUrl":"https:\/\/secure.gravatar.com\/avatar\/b71bf7481d447dfb9583c7f2798e7cc64de6efb9067b74633ed8c31059a3bd82?s=96&d=mm&r=g","caption":"Sebastian"},"url":"https:\/\/informelitoral.com.ar\/author\/sebastian\/"}]}},"_links":{"self":[{"href":"https:\/\/informelitoral.com.ar\/%77%70%2d%6a%73%6f%6e\/wp\/v2\/posts\/93173","targetHints":{"allow":["GET"]}}],"collection":[{"href":"https:\/\/informelitoral.com.ar\/%77%70%2d%6a%73%6f%6e\/wp\/v2\/posts"}],"about":[{"href":"https:\/\/informelitoral.com.ar\/%77%70%2d%6a%73%6f%6e\/wp\/v2\/types\/post"}],"author":[{"embeddable":true,"href":"https:\/\/informelitoral.com.ar\/%77%70%2d%6a%73%6f%6e\/wp\/v2\/users\/8"}],"replies":[{"embeddable":true,"href":"https:\/\/informelitoral.com.ar\/%77%70%2d%6a%73%6f%6e\/wp\/v2\/comments?post=93173"}],"version-history":[{"count":0,"href":"https:\/\/informelitoral.com.ar\/%77%70%2d%6a%73%6f%6e\/wp\/v2\/posts\/93173\/revisions"}],"wp:featuredmedia":[{"embeddable":true,"href":"https:\/\/informelitoral.com.ar\/%77%70%2d%6a%73%6f%6e\/wp\/v2\/media\/90971"}],"wp:attachment":[{"href":"https:\/\/informelitoral.com.ar\/%77%70%2d%6a%73%6f%6e\/wp\/v2\/media?parent=93173"}],"wp:term":[{"taxonomy":"category","embeddable":true,"href":"https:\/\/informelitoral.com.ar\/%77%70%2d%6a%73%6f%6e\/wp\/v2\/categories?post=93173"},{"taxonomy":"post_tag","embeddable":true,"href":"https:\/\/informelitoral.com.ar\/%77%70%2d%6a%73%6f%6e\/wp\/v2\/tags?post=93173"}],"curies":[{"name":"wp","href":"https:\/\/api.w.org\/{rel}","templated":true}]}}