{"id":93150,"date":"2022-11-07T17:31:16","date_gmt":"2022-11-07T20:31:16","guid":{"rendered":"https:\/\/www.informelitoral.com.ar\/?p=93150"},"modified":"2022-11-07T17:34:00","modified_gmt":"2022-11-07T20:34:00","slug":"protagonismo-colombiano-negativo-en-el-trofeo-de-campeones-villa-fabra-y-carbonero-fueron-expulsados","status":"publish","type":"post","link":"https:\/\/informelitoral.com.ar\/protagonismo-colombiano-negativo-en-el-trofeo-de-campeones-villa-fabra-y-carbonero-fueron-expulsados\/","title":{"rendered":"Protagonismo colombiano negativo en el Trofeo de Campeones: Villa, Fabra y Carbonero fueron expulsados"},"content":{"rendered":"<p class=\"paragraph\">La actualidad deportiva del\u00a0<b>Club Atl\u00e9tico Boca Juniors\u00a0<\/b>comenz\u00f3 a tomar mejor forma, con la consecuci\u00f3n del t\u00edtulo de la Liga Profesional Argentina en la \u00faltima fecha de competencia, el club logr\u00f3 por fin cerrar su mala racha en el m\u00e1ximo torneo local, no obstante, con la derrota que sufrieron ante Patronato en las semifinales de copa, reflejaron que todav\u00eda tienen algunas cosas por mejorar.<\/p>\n<p class=\"paragraph\">Justamente estos aspectos a mejorar fueron en los que se enfocaron los dirigidos por\u00a0<b>Hugo Ibarra,\u00a0<\/b>para enfrentar a Racing en lo que ser\u00eda el \u00faltimo competitivo del a\u00f1o en el cual se jugaban un t\u00edtulo m\u00e1s. Fueron los\u00a0<i>Xeneizes\u00a0<\/i>ante la\u00a0<i>Academia\u00a0<\/i>quienes disputaron el\u00a0<b>Trofeo de Campeones,\u00a0<\/b>mismo que enfrenta usualmente al campe\u00f3n de la Liga y Copa Argentina, pero como Boca lo fue en ambos, Racing tuvo la chance al ser subcampe\u00f3n.<\/p>\n<div class=\"inline ad-wrapper\">\n<div class=\"dfpAd display_inline_block ad_margin_wrapper\"><\/div>\n<\/div>\n<p class=\"paragraph\">Antes de que se diera el pitido inicial, los aires ya se sent\u00edan \u2018caldeados\u2019 entre ambas escuadras. Cabe recordar que el t\u00edtulo de liga conseguido por Boca en la \u00faltima fecha le fue arrebatado a Racing y desde ese punto en adelante fueron varios los comentarios que le colocaron a este encuentro el \u2018picante\u2019. Para terminar de empeorar la situaci\u00f3n,\u00a0<b>los\u00a0<\/b><i><b>Azul y Oro\u00a0<\/b><\/i><b>salieron al terreno de juego alzando los trofeos conseguidos este a\u00f1o, demostr\u00e1ndole al rival quien era el verdadero campe\u00f3n.<\/b><\/p>\n<p class=\"paragraph\">Con la pelota en ruedo y el contacto f\u00edsico constantemente aumentando, la historia ten\u00eda delimitado un final amargo y bastante sucio. En cuanto a goles se refiere fueron\u00a0<b>Norberto Briasco<\/b>\u00a0y\u00a0<b>Mat\u00edas Rojas\u00a0<\/b>quienes colocaron el 1-1 en el marcador y aumentaron la tensi\u00f3n en el encuentro, el cual termin\u00f3 nada m\u00e1s y nada menos que con\u00a0<b>11 expulsados.<\/b><\/p>\n<p class=\"paragraph\">Los primeros en ser expulsados curiosamente fueron los connacionales,\u00a0<b>Sebasti\u00e1n Villa\u00a0<\/b>y\u00a0<b>Johan Carbonero<\/b>, quien en un encontronazo no lograron pensar con cabeza fr\u00eda y se agredieron mutuamente. El juez central\u00a0<b>Facundo Tello\u00a0<\/b>no tuvo m\u00e1s opci\u00f3n que mostrarles la tarjeta roja y enviarlos a las duchas, con el objetivo de mantener el partido bajo control.<\/p>\n<p class=\"paragraph\">No obstante, todo termin\u00f3 convirti\u00e9ndose en un infierno viviente para el colegiado al minuto 118 del tiempo extra, en este Carlos Jonas Alcaraz envi\u00f3 la pelota a guardar a favor de Racing y en medio de su celebraci\u00f3n se form\u00f3 la famosa \u2018tangana\u2019, esto por haber celebrado en frente de la afici\u00f3n\u00a0<i>Xeneize.<\/i><\/p>\n<p class=\"paragraph\">Con agresividad, Luis Adv\u00edncula, Zambrano y Diego Gonz\u00e1lez fueron a recriminarle al jugador, la pelea se arm\u00f3 y Tello sin miedo alguno comenz\u00f3 a mostrar la roja a diestra y siniestra, vi\u00e9ndose el colombiano\u00a0<b>Frank Fabra<\/b>, que hasta hace un par de d\u00edas hab\u00eda anunciado su renovaci\u00f3n con Boca,\u00a0<b>tambi\u00e9n expulsado.<\/b><\/p>\n<p class=\"paragraph\">En resumen los colombianos cumplieron con su cometido de tener protagonismo en la re\u00f1ida final, aunque no de la manera en la que quisieron y de esta manera finaliz\u00f3 por completo su juego en lo que resta del 2022, ya que las competencias se detendr\u00e1n por la Copa Mundial de Catar 2022 y se reanudar\u00e1n hasta inicios de 2023.<\/p>\n<p class=\"paragraph\">Hasta el momento la Liga Profesional Argentina todav\u00eda no se ha pronunciado sobre la situaci\u00f3n y sus posibles actos disciplinarios para los jugadores involucrados.<\/p>\n","protected":false},"excerpt":{"rendered":"<p>El encuentro que defini\u00f3 a Racing como campe\u00f3n dej\u00f3 mucho m\u00e1s que un resultado. En el campo el colegiado Facundo Tello termin\u00f3 expulsando a 11 futbolistas<\/p>\n","protected":false},"author":8,"featured_media":93156,"comment_status":"open","ping_status":"open","sticky":false,"template":"","format":"standard","meta":{"fifu_image_url":"","fifu_image_alt":"","footnotes":""},"categories":[13],"tags":[384],"class_list":{"0":"post-93150","1":"post","2":"type-post","3":"status-publish","4":"format-standard","5":"has-post-thumbnail","7":"category-deportes","8":"tag-boca-juniors"},"yoast_head":"<title>Protagonismo colombiano negativo en el Trofeo de Campeones: Villa, Fabra y Carbonero fueron expulsados - Informe Litoral<\/title>\n<meta name=\"robots\" content=\"index, follow, max-snippet:-1, max-image-preview:large, max-video-preview:-1\" \/>\n<link rel=\"canonical\" href=\"https:\/\/informelitoral.com.ar\/protagonismo-colombiano-negativo-en-el-trofeo-de-campeones-villa-fabra-y-carbonero-fueron-expulsados\/\" \/>\n<meta property=\"og:locale\" content=\"es_ES\" \/>\n<meta property=\"og:type\" content=\"article\" \/>\n<meta property=\"og:title\" content=\"Protagonismo colombiano negativo en el Trofeo de Campeones: Villa, Fabra y Carbonero fueron expulsados - Informe Litoral\" \/>\n<meta property=\"og:description\" content=\"El encuentro que defini\u00f3 a Racing como campe\u00f3n dej\u00f3 mucho m\u00e1s que un resultado. En el campo el colegiado Facundo Tello termin\u00f3 expulsando a 11 futbolistas\" \/>\n<meta property=\"og:url\" content=\"https:\/\/informelitoral.com.ar\/protagonismo-colombiano-negativo-en-el-trofeo-de-campeones-villa-fabra-y-carbonero-fueron-expulsados\/\" \/>\n<meta property=\"og:site_name\" content=\"Informe Litoral\" \/>\n<meta property=\"article:publisher\" content=\"https:\/\/www.facebook.com\/informelitoral\/\" \/>\n<meta property=\"article:published_time\" content=\"2022-11-07T20:31:16+00:00\" \/>\n<meta property=\"article:modified_time\" content=\"2022-11-07T20:34:00+00:00\" \/>\n<meta property=\"og:image\" content=\"https:\/\/informelitoral.com.ar\/%77%70%2d%63%6f%6e%74%65%6e%74\/uploads\/2022\/11\/4FZRVSNCXZFCXNGWS5S2FBS63U.webp\" \/>\n\t<meta property=\"og:image:width\" content=\"992\" \/>\n\t<meta property=\"og:image:height\" content=\"558\" \/>\n\t<meta property=\"og:image:type\" content=\"image\/webp\" \/>\n<meta name=\"author\" content=\"Sebastian\" \/>\n<meta name=\"twitter:card\" content=\"summary_large_image\" \/>\n<meta name=\"twitter:creator\" content=\"@InformeLitoral\" \/>\n<meta name=\"twitter:site\" content=\"@InformeLitoral\" \/>\n<meta name=\"twitter:label1\" content=\"Escrito por\" \/>\n\t<meta name=\"twitter:data1\" content=\"Sebastian\" \/>\n\t<meta name=\"twitter:label2\" content=\"Tiempo de lectura\" \/>\n\t<meta name=\"twitter:data2\" content=\"3 minutos\" \/>\n<script type=\"application\/ld+json\" class=\"yoast-schema-graph\">{\"@context\":\"https:\\\/\\\/schema.org\",\"@graph\":[{\"@type\":\"Article\",\"@id\":\"https:\\\/\\\/informelitoral.com.ar\\\/protagonismo-colombiano-negativo-en-el-trofeo-de-campeones-villa-fabra-y-carbonero-fueron-expulsados\\\/#article\",\"isPartOf\":{\"@id\":\"https:\\\/\\\/informelitoral.com.ar\\\/protagonismo-colombiano-negativo-en-el-trofeo-de-campeones-villa-fabra-y-carbonero-fueron-expulsados\\\/\"},\"author\":{\"name\":\"Sebastian\",\"@id\":\"https:\\\/\\\/informelitoral.com.ar\\\/#\\\/schema\\\/person\\\/f05f9f461677119578717524b127d6d5\"},\"headline\":\"Protagonismo colombiano negativo en el Trofeo de Campeones: Villa, Fabra y Carbonero fueron expulsados\",\"datePublished\":\"2022-11-07T20:31:16+00:00\",\"dateModified\":\"2022-11-07T20:34:00+00:00\",\"mainEntityOfPage\":{\"@id\":\"https:\\\/\\\/informelitoral.com.ar\\\/protagonismo-colombiano-negativo-en-el-trofeo-de-campeones-villa-fabra-y-carbonero-fueron-expulsados\\\/\"},\"wordCount\":575,\"commentCount\":0,\"publisher\":{\"@id\":\"https:\\\/\\\/informelitoral.com.ar\\\/#organization\"},\"image\":{\"@id\":\"https:\\\/\\\/informelitoral.com.ar\\\/protagonismo-colombiano-negativo-en-el-trofeo-de-campeones-villa-fabra-y-carbonero-fueron-expulsados\\\/#primaryimage\"},\"thumbnailUrl\":\"https:\\\/\\\/informelitoral.com.ar\\\/%77%70%2d%63%6f%6e%74%65%6e%74\\\/uploads\\\/2022\\\/11\\\/4FZRVSNCXZFCXNGWS5S2FBS63U.webp\",\"keywords\":[\"Boca Juniors\"],\"articleSection\":[\"Deportes\"],\"inLanguage\":\"es\",\"potentialAction\":[{\"@type\":\"CommentAction\",\"name\":\"Comment\",\"target\":[\"https:\\\/\\\/informelitoral.com.ar\\\/protagonismo-colombiano-negativo-en-el-trofeo-de-campeones-villa-fabra-y-carbonero-fueron-expulsados\\\/#respond\"]}]},{\"@type\":\"WebPage\",\"@id\":\"https:\\\/\\\/informelitoral.com.ar\\\/protagonismo-colombiano-negativo-en-el-trofeo-de-campeones-villa-fabra-y-carbonero-fueron-expulsados\\\/\",\"url\":\"https:\\\/\\\/informelitoral.com.ar\\\/protagonismo-colombiano-negativo-en-el-trofeo-de-campeones-villa-fabra-y-carbonero-fueron-expulsados\\\/\",\"name\":\"Protagonismo colombiano negativo en el Trofeo de Campeones: Villa, Fabra y Carbonero fueron expulsados - Informe Litoral\",\"isPartOf\":{\"@id\":\"https:\\\/\\\/informelitoral.com.ar\\\/#website\"},\"primaryImageOfPage\":{\"@id\":\"https:\\\/\\\/informelitoral.com.ar\\\/protagonismo-colombiano-negativo-en-el-trofeo-de-campeones-villa-fabra-y-carbonero-fueron-expulsados\\\/#primaryimage\"},\"image\":{\"@id\":\"https:\\\/\\\/informelitoral.com.ar\\\/protagonismo-colombiano-negativo-en-el-trofeo-de-campeones-villa-fabra-y-carbonero-fueron-expulsados\\\/#primaryimage\"},\"thumbnailUrl\":\"https:\\\/\\\/informelitoral.com.ar\\\/%77%70%2d%63%6f%6e%74%65%6e%74\\\/uploads\\\/2022\\\/11\\\/4FZRVSNCXZFCXNGWS5S2FBS63U.webp\",\"datePublished\":\"2022-11-07T20:31:16+00:00\",\"dateModified\":\"2022-11-07T20:34:00+00:00\",\"breadcrumb\":{\"@id\":\"https:\\\/\\\/informelitoral.com.ar\\\/protagonismo-colombiano-negativo-en-el-trofeo-de-campeones-villa-fabra-y-carbonero-fueron-expulsados\\\/#breadcrumb\"},\"inLanguage\":\"es\",\"potentialAction\":[{\"@type\":\"ReadAction\",\"target\":[\"https:\\\/\\\/informelitoral.com.ar\\\/protagonismo-colombiano-negativo-en-el-trofeo-de-campeones-villa-fabra-y-carbonero-fueron-expulsados\\\/\"]}]},{\"@type\":\"ImageObject\",\"inLanguage\":\"es\",\"@id\":\"https:\\\/\\\/informelitoral.com.ar\\\/protagonismo-colombiano-negativo-en-el-trofeo-de-campeones-villa-fabra-y-carbonero-fueron-expulsados\\\/#primaryimage\",\"url\":\"https:\\\/\\\/informelitoral.com.ar\\\/%77%70%2d%63%6f%6e%74%65%6e%74\\\/uploads\\\/2022\\\/11\\\/4FZRVSNCXZFCXNGWS5S2FBS63U.webp\",\"contentUrl\":\"https:\\\/\\\/informelitoral.com.ar\\\/%77%70%2d%63%6f%6e%74%65%6e%74\\\/uploads\\\/2022\\\/11\\\/4FZRVSNCXZFCXNGWS5S2FBS63U.webp\",\"width\":992,\"height\":558},{\"@type\":\"BreadcrumbList\",\"@id\":\"https:\\\/\\\/informelitoral.com.ar\\\/protagonismo-colombiano-negativo-en-el-trofeo-de-campeones-villa-fabra-y-carbonero-fueron-expulsados\\\/#breadcrumb\",\"itemListElement\":[{\"@type\":\"ListItem\",\"position\":1,\"name\":\"Portada\",\"item\":\"https:\\\/\\\/informelitoral.com.ar\\\/\"},{\"@type\":\"ListItem\",\"position\":2,\"name\":\"Protagonismo colombiano negativo en el Trofeo de Campeones: Villa, Fabra y Carbonero fueron expulsados\"}]},{\"@type\":\"WebSite\",\"@id\":\"https:\\\/\\\/informelitoral.com.ar\\\/#website\",\"url\":\"https:\\\/\\\/informelitoral.com.ar\\\/\",\"name\":\"Informe Litoral\",\"description\":\"&quot;Nos informamos&quot; \",\"publisher\":{\"@id\":\"https:\\\/\\\/informelitoral.com.ar\\\/#organization\"},\"potentialAction\":[{\"@type\":\"SearchAction\",\"target\":{\"@type\":\"EntryPoint\",\"urlTemplate\":\"https:\\\/\\\/informelitoral.com.ar\\\/?s={search_term_string}\"},\"query-input\":{\"@type\":\"PropertyValueSpecification\",\"valueRequired\":true,\"valueName\":\"search_term_string\"}}],\"inLanguage\":\"es\"},{\"@type\":\"Organization\",\"@id\":\"https:\\\/\\\/informelitoral.com.ar\\\/#organization\",\"name\":\"Informe Litoral\",\"url\":\"https:\\\/\\\/informelitoral.com.ar\\\/\",\"logo\":{\"@type\":\"ImageObject\",\"inLanguage\":\"es\",\"@id\":\"https:\\\/\\\/informelitoral.com.ar\\\/#\\\/schema\\\/logo\\\/image\\\/\",\"url\":\"https:\\\/\\\/informelitoral.com.ar\\\/%77%70%2d%63%6f%6e%74%65%6e%74\\\/uploads\\\/2021\\\/01\\\/circulo.png\",\"contentUrl\":\"https:\\\/\\\/informelitoral.com.ar\\\/%77%70%2d%63%6f%6e%74%65%6e%74\\\/uploads\\\/2021\\\/01\\\/circulo.png\",\"width\":723,\"height\":731,\"caption\":\"Informe Litoral\"},\"image\":{\"@id\":\"https:\\\/\\\/informelitoral.com.ar\\\/#\\\/schema\\\/logo\\\/image\\\/\"},\"sameAs\":[\"https:\\\/\\\/www.facebook.com\\\/informelitoral\\\/\",\"https:\\\/\\\/x.com\\\/InformeLitoral\",\"https:\\\/\\\/www.instagram.com\\\/informelitoral\\\/\",\"https:\\\/\\\/www.youtube.com\\\/channel\\\/UCua4Qvz8Icb6MYqhoq9xLXw\"]},{\"@type\":\"Person\",\"@id\":\"https:\\\/\\\/informelitoral.com.ar\\\/#\\\/schema\\\/person\\\/f05f9f461677119578717524b127d6d5\",\"name\":\"Sebastian\",\"image\":{\"@type\":\"ImageObject\",\"inLanguage\":\"es\",\"@id\":\"https:\\\/\\\/secure.gravatar.com\\\/avatar\\\/b71bf7481d447dfb9583c7f2798e7cc64de6efb9067b74633ed8c31059a3bd82?s=96&d=mm&r=g\",\"url\":\"https:\\\/\\\/secure.gravatar.com\\\/avatar\\\/b71bf7481d447dfb9583c7f2798e7cc64de6efb9067b74633ed8c31059a3bd82?s=96&d=mm&r=g\",\"contentUrl\":\"https:\\\/\\\/secure.gravatar.com\\\/avatar\\\/b71bf7481d447dfb9583c7f2798e7cc64de6efb9067b74633ed8c31059a3bd82?s=96&d=mm&r=g\",\"caption\":\"Sebastian\"},\"url\":\"https:\\\/\\\/informelitoral.com.ar\\\/author\\\/sebastian\\\/\"}]}<\/script>","yoast_head_json":{"title":"Protagonismo colombiano negativo en el Trofeo de Campeones: Villa, Fabra y Carbonero fueron expulsados - Informe Litoral","robots":{"index":"index","follow":"follow","max-snippet":"max-snippet:-1","max-image-preview":"max-image-preview:large","max-video-preview":"max-video-preview:-1"},"canonical":"https:\/\/informelitoral.com.ar\/protagonismo-colombiano-negativo-en-el-trofeo-de-campeones-villa-fabra-y-carbonero-fueron-expulsados\/","og_locale":"es_ES","og_type":"article","og_title":"Protagonismo colombiano negativo en el Trofeo de Campeones: Villa, Fabra y Carbonero fueron expulsados - Informe Litoral","og_description":"El encuentro que defini\u00f3 a Racing como campe\u00f3n dej\u00f3 mucho m\u00e1s que un resultado. En el campo el colegiado Facundo Tello termin\u00f3 expulsando a 11 futbolistas","og_url":"https:\/\/informelitoral.com.ar\/protagonismo-colombiano-negativo-en-el-trofeo-de-campeones-villa-fabra-y-carbonero-fueron-expulsados\/","og_site_name":"Informe Litoral","article_publisher":"https:\/\/www.facebook.com\/informelitoral\/","article_published_time":"2022-11-07T20:31:16+00:00","article_modified_time":"2022-11-07T20:34:00+00:00","og_image":[{"width":992,"height":558,"url":"https:\/\/informelitoral.com.ar\/%77%70%2d%63%6f%6e%74%65%6e%74\/uploads\/2022\/11\/4FZRVSNCXZFCXNGWS5S2FBS63U.webp","type":"image\/webp"}],"author":"Sebastian","twitter_card":"summary_large_image","twitter_creator":"@InformeLitoral","twitter_site":"@InformeLitoral","twitter_misc":{"Escrito por":"Sebastian","Tiempo de lectura":"3 minutos"},"schema":{"@context":"https:\/\/schema.org","@graph":[{"@type":"Article","@id":"https:\/\/informelitoral.com.ar\/protagonismo-colombiano-negativo-en-el-trofeo-de-campeones-villa-fabra-y-carbonero-fueron-expulsados\/#article","isPartOf":{"@id":"https:\/\/informelitoral.com.ar\/protagonismo-colombiano-negativo-en-el-trofeo-de-campeones-villa-fabra-y-carbonero-fueron-expulsados\/"},"author":{"name":"Sebastian","@id":"https:\/\/informelitoral.com.ar\/#\/schema\/person\/f05f9f461677119578717524b127d6d5"},"headline":"Protagonismo colombiano negativo en el Trofeo de Campeones: Villa, Fabra y Carbonero fueron expulsados","datePublished":"2022-11-07T20:31:16+00:00","dateModified":"2022-11-07T20:34:00+00:00","mainEntityOfPage":{"@id":"https:\/\/informelitoral.com.ar\/protagonismo-colombiano-negativo-en-el-trofeo-de-campeones-villa-fabra-y-carbonero-fueron-expulsados\/"},"wordCount":575,"commentCount":0,"publisher":{"@id":"https:\/\/informelitoral.com.ar\/#organization"},"image":{"@id":"https:\/\/informelitoral.com.ar\/protagonismo-colombiano-negativo-en-el-trofeo-de-campeones-villa-fabra-y-carbonero-fueron-expulsados\/#primaryimage"},"thumbnailUrl":"https:\/\/informelitoral.com.ar\/%77%70%2d%63%6f%6e%74%65%6e%74\/uploads\/2022\/11\/4FZRVSNCXZFCXNGWS5S2FBS63U.webp","keywords":["Boca Juniors"],"articleSection":["Deportes"],"inLanguage":"es","potentialAction":[{"@type":"CommentAction","name":"Comment","target":["https:\/\/informelitoral.com.ar\/protagonismo-colombiano-negativo-en-el-trofeo-de-campeones-villa-fabra-y-carbonero-fueron-expulsados\/#respond"]}]},{"@type":"WebPage","@id":"https:\/\/informelitoral.com.ar\/protagonismo-colombiano-negativo-en-el-trofeo-de-campeones-villa-fabra-y-carbonero-fueron-expulsados\/","url":"https:\/\/informelitoral.com.ar\/protagonismo-colombiano-negativo-en-el-trofeo-de-campeones-villa-fabra-y-carbonero-fueron-expulsados\/","name":"Protagonismo colombiano negativo en el Trofeo de Campeones: Villa, Fabra y Carbonero fueron expulsados - Informe Litoral","isPartOf":{"@id":"https:\/\/informelitoral.com.ar\/#website"},"primaryImageOfPage":{"@id":"https:\/\/informelitoral.com.ar\/protagonismo-colombiano-negativo-en-el-trofeo-de-campeones-villa-fabra-y-carbonero-fueron-expulsados\/#primaryimage"},"image":{"@id":"https:\/\/informelitoral.com.ar\/protagonismo-colombiano-negativo-en-el-trofeo-de-campeones-villa-fabra-y-carbonero-fueron-expulsados\/#primaryimage"},"thumbnailUrl":"https:\/\/informelitoral.com.ar\/%77%70%2d%63%6f%6e%74%65%6e%74\/uploads\/2022\/11\/4FZRVSNCXZFCXNGWS5S2FBS63U.webp","datePublished":"2022-11-07T20:31:16+00:00","dateModified":"2022-11-07T20:34:00+00:00","breadcrumb":{"@id":"https:\/\/informelitoral.com.ar\/protagonismo-colombiano-negativo-en-el-trofeo-de-campeones-villa-fabra-y-carbonero-fueron-expulsados\/#breadcrumb"},"inLanguage":"es","potentialAction":[{"@type":"ReadAction","target":["https:\/\/informelitoral.com.ar\/protagonismo-colombiano-negativo-en-el-trofeo-de-campeones-villa-fabra-y-carbonero-fueron-expulsados\/"]}]},{"@type":"ImageObject","inLanguage":"es","@id":"https:\/\/informelitoral.com.ar\/protagonismo-colombiano-negativo-en-el-trofeo-de-campeones-villa-fabra-y-carbonero-fueron-expulsados\/#primaryimage","url":"https:\/\/informelitoral.com.ar\/%77%70%2d%63%6f%6e%74%65%6e%74\/uploads\/2022\/11\/4FZRVSNCXZFCXNGWS5S2FBS63U.webp","contentUrl":"https:\/\/informelitoral.com.ar\/%77%70%2d%63%6f%6e%74%65%6e%74\/uploads\/2022\/11\/4FZRVSNCXZFCXNGWS5S2FBS63U.webp","width":992,"height":558},{"@type":"BreadcrumbList","@id":"https:\/\/informelitoral.com.ar\/protagonismo-colombiano-negativo-en-el-trofeo-de-campeones-villa-fabra-y-carbonero-fueron-expulsados\/#breadcrumb","itemListElement":[{"@type":"ListItem","position":1,"name":"Portada","item":"https:\/\/informelitoral.com.ar\/"},{"@type":"ListItem","position":2,"name":"Protagonismo colombiano negativo en el Trofeo de Campeones: Villa, Fabra y Carbonero fueron expulsados"}]},{"@type":"WebSite","@id":"https:\/\/informelitoral.com.ar\/#website","url":"https:\/\/informelitoral.com.ar\/","name":"Informe Litoral","description":"&quot;Nos informamos&quot; ","publisher":{"@id":"https:\/\/informelitoral.com.ar\/#organization"},"potentialAction":[{"@type":"SearchAction","target":{"@type":"EntryPoint","urlTemplate":"https:\/\/informelitoral.com.ar\/?s={search_term_string}"},"query-input":{"@type":"PropertyValueSpecification","valueRequired":true,"valueName":"search_term_string"}}],"inLanguage":"es"},{"@type":"Organization","@id":"https:\/\/informelitoral.com.ar\/#organization","name":"Informe Litoral","url":"https:\/\/informelitoral.com.ar\/","logo":{"@type":"ImageObject","inLanguage":"es","@id":"https:\/\/informelitoral.com.ar\/#\/schema\/logo\/image\/","url":"https:\/\/informelitoral.com.ar\/%77%70%2d%63%6f%6e%74%65%6e%74\/uploads\/2021\/01\/circulo.png","contentUrl":"https:\/\/informelitoral.com.ar\/%77%70%2d%63%6f%6e%74%65%6e%74\/uploads\/2021\/01\/circulo.png","width":723,"height":731,"caption":"Informe Litoral"},"image":{"@id":"https:\/\/informelitoral.com.ar\/#\/schema\/logo\/image\/"},"sameAs":["https:\/\/www.facebook.com\/informelitoral\/","https:\/\/x.com\/InformeLitoral","https:\/\/www.instagram.com\/informelitoral\/","https:\/\/www.youtube.com\/channel\/UCua4Qvz8Icb6MYqhoq9xLXw"]},{"@type":"Person","@id":"https:\/\/informelitoral.com.ar\/#\/schema\/person\/f05f9f461677119578717524b127d6d5","name":"Sebastian","image":{"@type":"ImageObject","inLanguage":"es","@id":"https:\/\/secure.gravatar.com\/avatar\/b71bf7481d447dfb9583c7f2798e7cc64de6efb9067b74633ed8c31059a3bd82?s=96&d=mm&r=g","url":"https:\/\/secure.gravatar.com\/avatar\/b71bf7481d447dfb9583c7f2798e7cc64de6efb9067b74633ed8c31059a3bd82?s=96&d=mm&r=g","contentUrl":"https:\/\/secure.gravatar.com\/avatar\/b71bf7481d447dfb9583c7f2798e7cc64de6efb9067b74633ed8c31059a3bd82?s=96&d=mm&r=g","caption":"Sebastian"},"url":"https:\/\/informelitoral.com.ar\/author\/sebastian\/"}]}},"_links":{"self":[{"href":"https:\/\/informelitoral.com.ar\/%77%70%2d%6a%73%6f%6e\/wp\/v2\/posts\/93150","targetHints":{"allow":["GET"]}}],"collection":[{"href":"https:\/\/informelitoral.com.ar\/%77%70%2d%6a%73%6f%6e\/wp\/v2\/posts"}],"about":[{"href":"https:\/\/informelitoral.com.ar\/%77%70%2d%6a%73%6f%6e\/wp\/v2\/types\/post"}],"author":[{"embeddable":true,"href":"https:\/\/informelitoral.com.ar\/%77%70%2d%6a%73%6f%6e\/wp\/v2\/users\/8"}],"replies":[{"embeddable":true,"href":"https:\/\/informelitoral.com.ar\/%77%70%2d%6a%73%6f%6e\/wp\/v2\/comments?post=93150"}],"version-history":[{"count":0,"href":"https:\/\/informelitoral.com.ar\/%77%70%2d%6a%73%6f%6e\/wp\/v2\/posts\/93150\/revisions"}],"wp:featuredmedia":[{"embeddable":true,"href":"https:\/\/informelitoral.com.ar\/%77%70%2d%6a%73%6f%6e\/wp\/v2\/media\/93156"}],"wp:attachment":[{"href":"https:\/\/informelitoral.com.ar\/%77%70%2d%6a%73%6f%6e\/wp\/v2\/media?parent=93150"}],"wp:term":[{"taxonomy":"category","embeddable":true,"href":"https:\/\/informelitoral.com.ar\/%77%70%2d%6a%73%6f%6e\/wp\/v2\/categories?post=93150"},{"taxonomy":"post_tag","embeddable":true,"href":"https:\/\/informelitoral.com.ar\/%77%70%2d%6a%73%6f%6e\/wp\/v2\/tags?post=93150"}],"curies":[{"name":"wp","href":"https:\/\/api.w.org\/{rel}","templated":true}]}}