{"id":93104,"date":"2022-11-07T12:28:17","date_gmt":"2022-11-07T15:28:17","guid":{"rendered":"https:\/\/www.informelitoral.com.ar\/?p=93104"},"modified":"2022-11-07T12:35:33","modified_gmt":"2022-11-07T15:35:33","slug":"empresas-entrerrianas-avanzan-en-el-mercado-chileno","status":"publish","type":"post","link":"https:\/\/informelitoral.com.ar\/empresas-entrerrianas-avanzan-en-el-mercado-chileno\/","title":{"rendered":"Empresas entrerrianas avanzan en el mercado chileno"},"content":{"rendered":"<p>Molinos Flor, Majo SA, es una empresa familiar de la zona de Villa Clara, en la provincia de Entre R\u00edos, que ofrece productos reconocidos tanto por su calidad como por su rendimiento, siendo una excelente opci\u00f3n para clientes y consumidores.<\/p>\n<p>Jos\u00e9 Galv\u00e1n, titular de la firma, quien form\u00f3 parte de la misi\u00f3n mencion\u00f3: \u201cNosotros estamos muy conformes con nuestra participaci\u00f3n, ya que avanzamos con importantes exportaciones de nuestro producto a empresas envasadoras del mismo, siendo estas, cadenas de supermercados muy importantes en Latinoam\u00e9rica\u201d.<br \/>\n\u201cSi bien en otras oportunidades hemos exportado a Chile, hay tiempos en los que quiz\u00e1s las condiciones del mercado en cuanto a precios no han sido propicias como las de ahora, por lo que hemos avanzado en la comercializaci\u00f3n a un plazo muy corto\u201d, afirm\u00f3.<\/p>\n<p>Respecto de la presencialidad de los encuentros coment\u00f3: \u201cAdem\u00e1s, debemos destacar que con este tipo de reuniones o participaciones, por m\u00e1s que la tecnolog\u00eda haya avanzado y uno pueda resolver v\u00eda telef\u00f3nica o digital muchas de estas cuestiones, es muy necesario que el productor, el empresario, vaya y muestre lo que tiene, lo ofrezca, conozca e investigue el mercado, y despu\u00e9s contin\u00fae con la negociaci\u00f3n\u201d.<\/p>\n<p>El empresario tambi\u00e9n destac\u00f3 la importancia del acompa\u00f1amiento del Estado provincial, no s\u00f3lo por el acompa\u00f1amiento sino tambi\u00e9n por la posibilidad de trabajar coordinadamente, d\u00e1ndonos la oportunidad de explorar otros mercados como Uruguay, Bolivia y Per\u00fa.<\/p>\n<h5>Una empresa en franco crecimiento hacia los mercados externos<\/h5>\n<p>Hern\u00e1n Ar\u00e9valo, licenciado en Comercio Internacional, representante de la firma Deriplast SA, se mostr\u00f3 m\u00e1s que satisfecho con la participaci\u00f3n en la Misi\u00f3n Comercial a Chile, destacando fundamentalmente que \u201chay negocios que pueden avanzar de manera positiva y a corto plazo, d\u00e1ndonos la posibilidad de conocer el mercado chileno, explorando su necesidad, siendo este un nicho a continuar explorando. Adem\u00e1s mantuvimos una reuni\u00f3n muy especial con una empresa que trabaja los productos que nosotros realizamos, por lo cual aprendimos y pudimos ver la necesidad real del mercado, siendo esto de mucha importancia para nosotros\u201d.<\/p>\n<p>Por otra parte, Ar\u00e9valo detall\u00f3 que las contrapartes o potenciales clientes con los que se enfrentaron son de los rubros alimentaci\u00f3n, como envasado de aceite de oliva, limpieza y sanitizantes, siendo esta una oportunidad muy apropiada para colocar sus productos.<\/p>\n<p>\u201cEl acompa\u00f1amiento realizado desde la provincia debemos destacarlo. Somos una empresa que trabajamos a diario para innovar, mejorar y llevarle al cliente lo que este necesita. Es por ello que todas estas experiencias son muy \u00fatiles\u201d destac\u00f3, al tiempo que mencion\u00f3 que \u201cla empresa est\u00e1 enfrentando un cambio generacional, por lo que, sumando al mercado interno donde cubrimos la Mesopotamia, Santa Fe y Buenos Aires, es muy importante avanzar sobre las exportaciones a Chile, interes\u00e1ndonos adem\u00e1s en mercados como Uruguay, Paraguay y Bolivia\u201d.<\/p>\n<p>Por \u00faltimo, el empresario coment\u00f3 que: \u201ccomo empresa nos sentimos muy conformes y apoyados por el gobierno de la provincia, sobre todo por las agendas organizadas las cuales fueron muy fruct\u00edferas, quedando reuniones a futuro para poder continuar y tambi\u00e9n cerrar pr\u00f3ximas negociaciones\u201d.<\/p>\n<h5>Legumbres en conserva, dulces y dem\u00e1s productos hacia el mercado chileno<\/h5>\n<p>La empresa Nordeste SRL tiene sus comienzos hace m\u00e1s de 20 a\u00f1os en la provincia de Entre R\u00edos. Elaboran legumbres en conserva, dulces y dem\u00e1s productos que completan su l\u00ednea. As\u00ed, con la m\u00e1s alta tecnolog\u00eda en maquinaria y un gran capital lo cual suma a la calidad que se puede comparar con las mejores del mercado.<\/p>\n<p>Gonzalo Rodr\u00edguez, titular de la empresa, destac\u00f3 la Misi\u00f3n Comercial a Chile en la cual su empresa tuvo una importante participaci\u00f3n: \u201cEn Chile nos encontramos con que hay una marca muy impuesta en la variedad de nuestros productos, y otra m\u00e1s, importada de Espa\u00f1a, encontrando una oportunidad muy grande en el mercado ya que el p\u00fablico chileno est\u00e1 muy acostumbrado al consumo de productos como los que nosotros elaboramos, y hoy en d\u00eda no tiene competencia, siendo muy fruct\u00edferos los encuentros y reuniones muy proliferas, no solo con hipermercados sino distribuidores que comercializar\u00edan nuestra marca, demostrando un alto inter\u00e9s en una compra no muy lejana y consecuencia de esta oportunidad de negocios\u201d.<\/p>\n<p>\u201cNuestro producto tiene un precio muy favorable para poder competir con la empresa local que fabrica productos similares, destacando que hemos ofrecido precios a\u00fan m\u00e1s bajos, los cuales nos posicionan en mejores condiciones de comercializaci\u00f3n\u201d, remarc\u00f3 el empresario, al tiempo que explic\u00f3: \u201cEn legumbres y otros envasados en Tetra Recart, tenemos 18 referencias, siendo en Argentina los que m\u00e1s variedad poseemos, por lo que a trav\u00e9s de las reuniones hemos avanzando con dos empresarios que ya estar\u00edamos cerrando una pr\u00f3xima exportaci\u00f3n\u201d.<\/p>\n<p>Seguidamente, Rodr\u00edguez mencion\u00f3 que la empresa est\u00e1 exportando actualmente y muy bien a Paraguay y Uruguay, a Colombia con un cambio de rumbo y a Bolivia con buen mercado.<\/p>\n<p>\u201cLa idea es seguir creciendo en el exterior, y ser la primera opci\u00f3n en el envase de distribuci\u00f3n por lo que seguiremos promocionando nuestros productos, agradeciendo desde ya el apoyo que nos ha otorgado la provincia, destacando que el contenido de las reuniones organizadas ha sido positivo, y es por ello que seguiremos participando donde nos convoquen\u201d.<\/p>\n<p>Respecto de su marca comercial y caracter\u00edsticas coment\u00f3: \u201cDo\u00f1a Pupa fue una marca pensada por nuestro fundador, y su visi\u00f3n siempre estuvo en brindar un excelente producto que pueda llegar a todos. Dedicaci\u00f3n, cuidado y constancia en nuestra labor son tambi\u00e9n una manera de envasar, comercializar y promocionar lo mejor de nosotros, que es lo que realizamos d\u00eda a d\u00eda. Hoy podemos decir que Do\u00f1a Pupa es el fruto de a\u00f1os de compromiso y permanencia en la provincia y es por ello que nos satisface poder verlo e ir incursionando en el mundo\u201d finaliz\u00f3 Rodr\u00edguez.<\/p>\n","protected":false},"excerpt":{"rendered":"<p>Como resultado de la Misi\u00f3n Comercial e Institucional de Entre R\u00edos a la Rep\u00fablica de Chile realizada d\u00edas pasados, firmas de la provincia avanzaron en concreci\u00f3n de exportaciones al pa\u00eds transandino.<\/p>\n","protected":false},"author":8,"featured_media":93116,"comment_status":"open","ping_status":"open","sticky":false,"template":"","format":"standard","meta":{"fifu_image_url":"","fifu_image_alt":"","footnotes":""},"categories":[16],"tags":[486],"class_list":{"0":"post-93104","1":"post","2":"type-post","3":"status-publish","4":"format-standard","5":"has-post-thumbnail","7":"category-politi","8":"tag-empresas"},"yoast_head":"<title>Empresas entrerrianas avanzan en el mercado chileno - Informe Litoral<\/title>\n<meta name=\"robots\" content=\"index, follow, max-snippet:-1, max-image-preview:large, max-video-preview:-1\" \/>\n<link rel=\"canonical\" href=\"https:\/\/informelitoral.com.ar\/empresas-entrerrianas-avanzan-en-el-mercado-chileno\/\" \/>\n<meta property=\"og:locale\" content=\"es_ES\" \/>\n<meta property=\"og:type\" content=\"article\" \/>\n<meta property=\"og:title\" content=\"Empresas entrerrianas avanzan en el mercado chileno - Informe Litoral\" \/>\n<meta property=\"og:description\" content=\"Como resultado de la Misi\u00f3n Comercial e Institucional de Entre R\u00edos a la Rep\u00fablica de Chile realizada d\u00edas pasados, firmas de la provincia avanzaron en concreci\u00f3n de exportaciones al pa\u00eds transandino.\" \/>\n<meta property=\"og:url\" content=\"https:\/\/informelitoral.com.ar\/empresas-entrerrianas-avanzan-en-el-mercado-chileno\/\" \/>\n<meta property=\"og:site_name\" content=\"Informe Litoral\" \/>\n<meta property=\"article:publisher\" content=\"https:\/\/www.facebook.com\/informelitoral\/\" \/>\n<meta property=\"article:published_time\" content=\"2022-11-07T15:28:17+00:00\" \/>\n<meta property=\"article:modified_time\" content=\"2022-11-07T15:35:33+00:00\" \/>\n<meta property=\"og:image\" content=\"https:\/\/informelitoral.com.ar\/%77%70%2d%63%6f%6e%74%65%6e%74\/uploads\/2022\/11\/o_1667604491.jpg\" \/>\n\t<meta property=\"og:image:width\" content=\"800\" \/>\n\t<meta property=\"og:image:height\" content=\"450\" \/>\n\t<meta property=\"og:image:type\" content=\"image\/jpeg\" \/>\n<meta name=\"author\" content=\"Sebastian\" \/>\n<meta name=\"twitter:card\" content=\"summary_large_image\" \/>\n<meta name=\"twitter:creator\" content=\"@InformeLitoral\" \/>\n<meta name=\"twitter:site\" content=\"@InformeLitoral\" \/>\n<meta name=\"twitter:label1\" content=\"Escrito por\" \/>\n\t<meta name=\"twitter:data1\" content=\"Sebastian\" \/>\n\t<meta name=\"twitter:label2\" content=\"Tiempo de lectura\" \/>\n\t<meta name=\"twitter:data2\" content=\"5 minutos\" \/>\n<script type=\"application\/ld+json\" class=\"yoast-schema-graph\">{\"@context\":\"https:\\\/\\\/schema.org\",\"@graph\":[{\"@type\":\"Article\",\"@id\":\"https:\\\/\\\/informelitoral.com.ar\\\/empresas-entrerrianas-avanzan-en-el-mercado-chileno\\\/#article\",\"isPartOf\":{\"@id\":\"https:\\\/\\\/informelitoral.com.ar\\\/empresas-entrerrianas-avanzan-en-el-mercado-chileno\\\/\"},\"author\":{\"name\":\"Sebastian\",\"@id\":\"https:\\\/\\\/informelitoral.com.ar\\\/#\\\/schema\\\/person\\\/f05f9f461677119578717524b127d6d5\"},\"headline\":\"Empresas entrerrianas avanzan en el mercado chileno\",\"datePublished\":\"2022-11-07T15:28:17+00:00\",\"dateModified\":\"2022-11-07T15:35:33+00:00\",\"mainEntityOfPage\":{\"@id\":\"https:\\\/\\\/informelitoral.com.ar\\\/empresas-entrerrianas-avanzan-en-el-mercado-chileno\\\/\"},\"wordCount\":1022,\"commentCount\":0,\"publisher\":{\"@id\":\"https:\\\/\\\/informelitoral.com.ar\\\/#organization\"},\"image\":{\"@id\":\"https:\\\/\\\/informelitoral.com.ar\\\/empresas-entrerrianas-avanzan-en-el-mercado-chileno\\\/#primaryimage\"},\"thumbnailUrl\":\"https:\\\/\\\/informelitoral.com.ar\\\/%77%70%2d%63%6f%6e%74%65%6e%74\\\/uploads\\\/2022\\\/11\\\/o_1667604491.jpg\",\"keywords\":[\"Empresas\"],\"articleSection\":[\"Politica\"],\"inLanguage\":\"es\",\"potentialAction\":[{\"@type\":\"CommentAction\",\"name\":\"Comment\",\"target\":[\"https:\\\/\\\/informelitoral.com.ar\\\/empresas-entrerrianas-avanzan-en-el-mercado-chileno\\\/#respond\"]}]},{\"@type\":\"WebPage\",\"@id\":\"https:\\\/\\\/informelitoral.com.ar\\\/empresas-entrerrianas-avanzan-en-el-mercado-chileno\\\/\",\"url\":\"https:\\\/\\\/informelitoral.com.ar\\\/empresas-entrerrianas-avanzan-en-el-mercado-chileno\\\/\",\"name\":\"Empresas entrerrianas avanzan en el mercado chileno - Informe Litoral\",\"isPartOf\":{\"@id\":\"https:\\\/\\\/informelitoral.com.ar\\\/#website\"},\"primaryImageOfPage\":{\"@id\":\"https:\\\/\\\/informelitoral.com.ar\\\/empresas-entrerrianas-avanzan-en-el-mercado-chileno\\\/#primaryimage\"},\"image\":{\"@id\":\"https:\\\/\\\/informelitoral.com.ar\\\/empresas-entrerrianas-avanzan-en-el-mercado-chileno\\\/#primaryimage\"},\"thumbnailUrl\":\"https:\\\/\\\/informelitoral.com.ar\\\/%77%70%2d%63%6f%6e%74%65%6e%74\\\/uploads\\\/2022\\\/11\\\/o_1667604491.jpg\",\"datePublished\":\"2022-11-07T15:28:17+00:00\",\"dateModified\":\"2022-11-07T15:35:33+00:00\",\"breadcrumb\":{\"@id\":\"https:\\\/\\\/informelitoral.com.ar\\\/empresas-entrerrianas-avanzan-en-el-mercado-chileno\\\/#breadcrumb\"},\"inLanguage\":\"es\",\"potentialAction\":[{\"@type\":\"ReadAction\",\"target\":[\"https:\\\/\\\/informelitoral.com.ar\\\/empresas-entrerrianas-avanzan-en-el-mercado-chileno\\\/\"]}]},{\"@type\":\"ImageObject\",\"inLanguage\":\"es\",\"@id\":\"https:\\\/\\\/informelitoral.com.ar\\\/empresas-entrerrianas-avanzan-en-el-mercado-chileno\\\/#primaryimage\",\"url\":\"https:\\\/\\\/informelitoral.com.ar\\\/%77%70%2d%63%6f%6e%74%65%6e%74\\\/uploads\\\/2022\\\/11\\\/o_1667604491.jpg\",\"contentUrl\":\"https:\\\/\\\/informelitoral.com.ar\\\/%77%70%2d%63%6f%6e%74%65%6e%74\\\/uploads\\\/2022\\\/11\\\/o_1667604491.jpg\",\"width\":800,\"height\":450},{\"@type\":\"BreadcrumbList\",\"@id\":\"https:\\\/\\\/informelitoral.com.ar\\\/empresas-entrerrianas-avanzan-en-el-mercado-chileno\\\/#breadcrumb\",\"itemListElement\":[{\"@type\":\"ListItem\",\"position\":1,\"name\":\"Portada\",\"item\":\"https:\\\/\\\/informelitoral.com.ar\\\/\"},{\"@type\":\"ListItem\",\"position\":2,\"name\":\"Empresas entrerrianas avanzan en el mercado chileno\"}]},{\"@type\":\"WebSite\",\"@id\":\"https:\\\/\\\/informelitoral.com.ar\\\/#website\",\"url\":\"https:\\\/\\\/informelitoral.com.ar\\\/\",\"name\":\"Informe Litoral\",\"description\":\"&quot;Nos informamos&quot; \",\"publisher\":{\"@id\":\"https:\\\/\\\/informelitoral.com.ar\\\/#organization\"},\"potentialAction\":[{\"@type\":\"SearchAction\",\"target\":{\"@type\":\"EntryPoint\",\"urlTemplate\":\"https:\\\/\\\/informelitoral.com.ar\\\/?s={search_term_string}\"},\"query-input\":{\"@type\":\"PropertyValueSpecification\",\"valueRequired\":true,\"valueName\":\"search_term_string\"}}],\"inLanguage\":\"es\"},{\"@type\":\"Organization\",\"@id\":\"https:\\\/\\\/informelitoral.com.ar\\\/#organization\",\"name\":\"Informe Litoral\",\"url\":\"https:\\\/\\\/informelitoral.com.ar\\\/\",\"logo\":{\"@type\":\"ImageObject\",\"inLanguage\":\"es\",\"@id\":\"https:\\\/\\\/informelitoral.com.ar\\\/#\\\/schema\\\/logo\\\/image\\\/\",\"url\":\"https:\\\/\\\/informelitoral.com.ar\\\/%77%70%2d%63%6f%6e%74%65%6e%74\\\/uploads\\\/2021\\\/01\\\/circulo.png\",\"contentUrl\":\"https:\\\/\\\/informelitoral.com.ar\\\/%77%70%2d%63%6f%6e%74%65%6e%74\\\/uploads\\\/2021\\\/01\\\/circulo.png\",\"width\":723,\"height\":731,\"caption\":\"Informe Litoral\"},\"image\":{\"@id\":\"https:\\\/\\\/informelitoral.com.ar\\\/#\\\/schema\\\/logo\\\/image\\\/\"},\"sameAs\":[\"https:\\\/\\\/www.facebook.com\\\/informelitoral\\\/\",\"https:\\\/\\\/x.com\\\/InformeLitoral\",\"https:\\\/\\\/www.instagram.com\\\/informelitoral\\\/\",\"https:\\\/\\\/www.youtube.com\\\/channel\\\/UCua4Qvz8Icb6MYqhoq9xLXw\"]},{\"@type\":\"Person\",\"@id\":\"https:\\\/\\\/informelitoral.com.ar\\\/#\\\/schema\\\/person\\\/f05f9f461677119578717524b127d6d5\",\"name\":\"Sebastian\",\"image\":{\"@type\":\"ImageObject\",\"inLanguage\":\"es\",\"@id\":\"https:\\\/\\\/secure.gravatar.com\\\/avatar\\\/b71bf7481d447dfb9583c7f2798e7cc64de6efb9067b74633ed8c31059a3bd82?s=96&d=mm&r=g\",\"url\":\"https:\\\/\\\/secure.gravatar.com\\\/avatar\\\/b71bf7481d447dfb9583c7f2798e7cc64de6efb9067b74633ed8c31059a3bd82?s=96&d=mm&r=g\",\"contentUrl\":\"https:\\\/\\\/secure.gravatar.com\\\/avatar\\\/b71bf7481d447dfb9583c7f2798e7cc64de6efb9067b74633ed8c31059a3bd82?s=96&d=mm&r=g\",\"caption\":\"Sebastian\"},\"url\":\"https:\\\/\\\/informelitoral.com.ar\\\/author\\\/sebastian\\\/\"}]}<\/script>","yoast_head_json":{"title":"Empresas entrerrianas avanzan en el mercado chileno - Informe Litoral","robots":{"index":"index","follow":"follow","max-snippet":"max-snippet:-1","max-image-preview":"max-image-preview:large","max-video-preview":"max-video-preview:-1"},"canonical":"https:\/\/informelitoral.com.ar\/empresas-entrerrianas-avanzan-en-el-mercado-chileno\/","og_locale":"es_ES","og_type":"article","og_title":"Empresas entrerrianas avanzan en el mercado chileno - Informe Litoral","og_description":"Como resultado de la Misi\u00f3n Comercial e Institucional de Entre R\u00edos a la Rep\u00fablica de Chile realizada d\u00edas pasados, firmas de la provincia avanzaron en concreci\u00f3n de exportaciones al pa\u00eds transandino.","og_url":"https:\/\/informelitoral.com.ar\/empresas-entrerrianas-avanzan-en-el-mercado-chileno\/","og_site_name":"Informe Litoral","article_publisher":"https:\/\/www.facebook.com\/informelitoral\/","article_published_time":"2022-11-07T15:28:17+00:00","article_modified_time":"2022-11-07T15:35:33+00:00","og_image":[{"width":800,"height":450,"url":"https:\/\/informelitoral.com.ar\/%77%70%2d%63%6f%6e%74%65%6e%74\/uploads\/2022\/11\/o_1667604491.jpg","type":"image\/jpeg"}],"author":"Sebastian","twitter_card":"summary_large_image","twitter_creator":"@InformeLitoral","twitter_site":"@InformeLitoral","twitter_misc":{"Escrito por":"Sebastian","Tiempo de lectura":"5 minutos"},"schema":{"@context":"https:\/\/schema.org","@graph":[{"@type":"Article","@id":"https:\/\/informelitoral.com.ar\/empresas-entrerrianas-avanzan-en-el-mercado-chileno\/#article","isPartOf":{"@id":"https:\/\/informelitoral.com.ar\/empresas-entrerrianas-avanzan-en-el-mercado-chileno\/"},"author":{"name":"Sebastian","@id":"https:\/\/informelitoral.com.ar\/#\/schema\/person\/f05f9f461677119578717524b127d6d5"},"headline":"Empresas entrerrianas avanzan en el mercado chileno","datePublished":"2022-11-07T15:28:17+00:00","dateModified":"2022-11-07T15:35:33+00:00","mainEntityOfPage":{"@id":"https:\/\/informelitoral.com.ar\/empresas-entrerrianas-avanzan-en-el-mercado-chileno\/"},"wordCount":1022,"commentCount":0,"publisher":{"@id":"https:\/\/informelitoral.com.ar\/#organization"},"image":{"@id":"https:\/\/informelitoral.com.ar\/empresas-entrerrianas-avanzan-en-el-mercado-chileno\/#primaryimage"},"thumbnailUrl":"https:\/\/informelitoral.com.ar\/%77%70%2d%63%6f%6e%74%65%6e%74\/uploads\/2022\/11\/o_1667604491.jpg","keywords":["Empresas"],"articleSection":["Politica"],"inLanguage":"es","potentialAction":[{"@type":"CommentAction","name":"Comment","target":["https:\/\/informelitoral.com.ar\/empresas-entrerrianas-avanzan-en-el-mercado-chileno\/#respond"]}]},{"@type":"WebPage","@id":"https:\/\/informelitoral.com.ar\/empresas-entrerrianas-avanzan-en-el-mercado-chileno\/","url":"https:\/\/informelitoral.com.ar\/empresas-entrerrianas-avanzan-en-el-mercado-chileno\/","name":"Empresas entrerrianas avanzan en el mercado chileno - Informe Litoral","isPartOf":{"@id":"https:\/\/informelitoral.com.ar\/#website"},"primaryImageOfPage":{"@id":"https:\/\/informelitoral.com.ar\/empresas-entrerrianas-avanzan-en-el-mercado-chileno\/#primaryimage"},"image":{"@id":"https:\/\/informelitoral.com.ar\/empresas-entrerrianas-avanzan-en-el-mercado-chileno\/#primaryimage"},"thumbnailUrl":"https:\/\/informelitoral.com.ar\/%77%70%2d%63%6f%6e%74%65%6e%74\/uploads\/2022\/11\/o_1667604491.jpg","datePublished":"2022-11-07T15:28:17+00:00","dateModified":"2022-11-07T15:35:33+00:00","breadcrumb":{"@id":"https:\/\/informelitoral.com.ar\/empresas-entrerrianas-avanzan-en-el-mercado-chileno\/#breadcrumb"},"inLanguage":"es","potentialAction":[{"@type":"ReadAction","target":["https:\/\/informelitoral.com.ar\/empresas-entrerrianas-avanzan-en-el-mercado-chileno\/"]}]},{"@type":"ImageObject","inLanguage":"es","@id":"https:\/\/informelitoral.com.ar\/empresas-entrerrianas-avanzan-en-el-mercado-chileno\/#primaryimage","url":"https:\/\/informelitoral.com.ar\/%77%70%2d%63%6f%6e%74%65%6e%74\/uploads\/2022\/11\/o_1667604491.jpg","contentUrl":"https:\/\/informelitoral.com.ar\/%77%70%2d%63%6f%6e%74%65%6e%74\/uploads\/2022\/11\/o_1667604491.jpg","width":800,"height":450},{"@type":"BreadcrumbList","@id":"https:\/\/informelitoral.com.ar\/empresas-entrerrianas-avanzan-en-el-mercado-chileno\/#breadcrumb","itemListElement":[{"@type":"ListItem","position":1,"name":"Portada","item":"https:\/\/informelitoral.com.ar\/"},{"@type":"ListItem","position":2,"name":"Empresas entrerrianas avanzan en el mercado chileno"}]},{"@type":"WebSite","@id":"https:\/\/informelitoral.com.ar\/#website","url":"https:\/\/informelitoral.com.ar\/","name":"Informe Litoral","description":"&quot;Nos informamos&quot; ","publisher":{"@id":"https:\/\/informelitoral.com.ar\/#organization"},"potentialAction":[{"@type":"SearchAction","target":{"@type":"EntryPoint","urlTemplate":"https:\/\/informelitoral.com.ar\/?s={search_term_string}"},"query-input":{"@type":"PropertyValueSpecification","valueRequired":true,"valueName":"search_term_string"}}],"inLanguage":"es"},{"@type":"Organization","@id":"https:\/\/informelitoral.com.ar\/#organization","name":"Informe Litoral","url":"https:\/\/informelitoral.com.ar\/","logo":{"@type":"ImageObject","inLanguage":"es","@id":"https:\/\/informelitoral.com.ar\/#\/schema\/logo\/image\/","url":"https:\/\/informelitoral.com.ar\/%77%70%2d%63%6f%6e%74%65%6e%74\/uploads\/2021\/01\/circulo.png","contentUrl":"https:\/\/informelitoral.com.ar\/%77%70%2d%63%6f%6e%74%65%6e%74\/uploads\/2021\/01\/circulo.png","width":723,"height":731,"caption":"Informe Litoral"},"image":{"@id":"https:\/\/informelitoral.com.ar\/#\/schema\/logo\/image\/"},"sameAs":["https:\/\/www.facebook.com\/informelitoral\/","https:\/\/x.com\/InformeLitoral","https:\/\/www.instagram.com\/informelitoral\/","https:\/\/www.youtube.com\/channel\/UCua4Qvz8Icb6MYqhoq9xLXw"]},{"@type":"Person","@id":"https:\/\/informelitoral.com.ar\/#\/schema\/person\/f05f9f461677119578717524b127d6d5","name":"Sebastian","image":{"@type":"ImageObject","inLanguage":"es","@id":"https:\/\/secure.gravatar.com\/avatar\/b71bf7481d447dfb9583c7f2798e7cc64de6efb9067b74633ed8c31059a3bd82?s=96&d=mm&r=g","url":"https:\/\/secure.gravatar.com\/avatar\/b71bf7481d447dfb9583c7f2798e7cc64de6efb9067b74633ed8c31059a3bd82?s=96&d=mm&r=g","contentUrl":"https:\/\/secure.gravatar.com\/avatar\/b71bf7481d447dfb9583c7f2798e7cc64de6efb9067b74633ed8c31059a3bd82?s=96&d=mm&r=g","caption":"Sebastian"},"url":"https:\/\/informelitoral.com.ar\/author\/sebastian\/"}]}},"_links":{"self":[{"href":"https:\/\/informelitoral.com.ar\/%77%70%2d%6a%73%6f%6e\/wp\/v2\/posts\/93104","targetHints":{"allow":["GET"]}}],"collection":[{"href":"https:\/\/informelitoral.com.ar\/%77%70%2d%6a%73%6f%6e\/wp\/v2\/posts"}],"about":[{"href":"https:\/\/informelitoral.com.ar\/%77%70%2d%6a%73%6f%6e\/wp\/v2\/types\/post"}],"author":[{"embeddable":true,"href":"https:\/\/informelitoral.com.ar\/%77%70%2d%6a%73%6f%6e\/wp\/v2\/users\/8"}],"replies":[{"embeddable":true,"href":"https:\/\/informelitoral.com.ar\/%77%70%2d%6a%73%6f%6e\/wp\/v2\/comments?post=93104"}],"version-history":[{"count":0,"href":"https:\/\/informelitoral.com.ar\/%77%70%2d%6a%73%6f%6e\/wp\/v2\/posts\/93104\/revisions"}],"wp:featuredmedia":[{"embeddable":true,"href":"https:\/\/informelitoral.com.ar\/%77%70%2d%6a%73%6f%6e\/wp\/v2\/media\/93116"}],"wp:attachment":[{"href":"https:\/\/informelitoral.com.ar\/%77%70%2d%6a%73%6f%6e\/wp\/v2\/media?parent=93104"}],"wp:term":[{"taxonomy":"category","embeddable":true,"href":"https:\/\/informelitoral.com.ar\/%77%70%2d%6a%73%6f%6e\/wp\/v2\/categories?post=93104"},{"taxonomy":"post_tag","embeddable":true,"href":"https:\/\/informelitoral.com.ar\/%77%70%2d%6a%73%6f%6e\/wp\/v2\/tags?post=93104"}],"curies":[{"name":"wp","href":"https:\/\/api.w.org\/{rel}","templated":true}]}}