{"id":93056,"date":"2022-11-07T10:13:39","date_gmt":"2022-11-07T13:13:39","guid":{"rendered":"https:\/\/www.informelitoral.com.ar\/?p=93056"},"modified":"2022-11-07T10:21:16","modified_gmt":"2022-11-07T13:21:16","slug":"camino-al-mundial-de-qatar-lionel-scaloni-y-el-resto-de-la-delegacion-argentina-partio-rumbo-a-doha","status":"publish","type":"post","link":"https:\/\/informelitoral.com.ar\/camino-al-mundial-de-qatar-lionel-scaloni-y-el-resto-de-la-delegacion-argentina-partio-rumbo-a-doha\/","title":{"rendered":"Camino al Mundial de Qatar: Lionel Scaloni y el resto de la delegaci\u00f3n argentina parti\u00f3 rumbo a Doha"},"content":{"rendered":"<p>La ilusi\u00f3n argentina est\u00e1 en marcha. Este lunes en horas de la madrugada parti\u00f3 el vuelo que encabez\u00f3 el presidente de la AFA\u00a0<b>Claudio Tapia\u00a0<\/b>y en el que viaj\u00f3 el cuerpo t\u00e9cnico y el resto de los colaboradores de la casa madre del f\u00fatbol argentino. En una imagen que subi\u00f3 el titular de la Asociaci\u00f3n del F\u00fatbol Argentino, se lo puede ver al entrenador\u00a0<b>Lionel Scaloni<\/b>.<\/p>\n<p class=\"paragraph\">Ya entrada la madrugada, el titular subi\u00f3 una foto en las redes sociales ya en el avi\u00f3n por partir a Qatar junto al entrenador del seleccionado, Lionel Scaloni. \u201cDespu\u00e9s de una espera eterna, nos vamos para Qatar. Llevamos la ilusi\u00f3n de 45 millones de argentinos. Arranca el sue\u00f1o mundialista. M\u00e1s unidos que nunca, vamos Selecci\u00f3n!!\u201d, escribi\u00f3 el l\u00edder de la delegaci\u00f3n nacional.<\/p>\n<div class=\"inline ad-wrapper\">\n<div class=\"dfpAd display_inline_block ad_margin_wrapper\"><\/div>\n<\/div>\n<p class=\"paragraph\">El grupo que parti\u00f3 del predio de Ezeiza estaba compuesto de alrededor de\u00a0<b>60 personas<\/b>\u00a0entre los integrantes del<b>\u00a0cuerpo t\u00e9cnico, cuerpo m\u00e9dico, empleados administrativos, seguridad, utiler\u00eda, cocineros y dos futbolistas<\/b>. La delegaci\u00f3n tendr\u00e1 una parada en Madrid y luego de eso partir\u00e1 de forma directa con destino a Doha.<\/p>\n<p class=\"paragraph\">Una vez la delegaci\u00f3n argentina pise la ciudad qatar\u00ed sede del Mundial, todos se trasladar\u00e1n hasta la\u00a0<b>Universidad de Qatar<\/b>, donde har\u00e1 base tras las grandes reformas que se encararon para que est\u00e9 en condiciones de recibir a Argentina, sobre todo desde el punto de vista de las comodidades.<\/p>\n","protected":false},"excerpt":{"rendered":"<p>El entrenador del seleccionado junto al staff t\u00e9cnico y empleados de la AFA est\u00e1n en vuelo rumbo al pa\u00eds donde se jugar\u00e1 la pr\u00f3xima Copa del Mundo<\/p>\n","protected":false},"author":8,"featured_media":93065,"comment_status":"open","ping_status":"open","sticky":false,"template":"","format":"standard","meta":{"fifu_image_url":"","fifu_image_alt":"","footnotes":""},"categories":[13],"tags":[116],"class_list":{"0":"post-93056","1":"post","2":"type-post","3":"status-publish","4":"format-standard","5":"has-post-thumbnail","7":"category-deportes","8":"tag-seleccion-argentina"},"yoast_head":"<title>Camino al Mundial de Qatar: Lionel Scaloni y el resto de la delegaci\u00f3n argentina parti\u00f3 rumbo a Doha - Informe Litoral<\/title>\n<meta name=\"robots\" content=\"index, follow, max-snippet:-1, max-image-preview:large, max-video-preview:-1\" \/>\n<link rel=\"canonical\" href=\"https:\/\/informelitoral.com.ar\/camino-al-mundial-de-qatar-lionel-scaloni-y-el-resto-de-la-delegacion-argentina-partio-rumbo-a-doha\/\" \/>\n<meta property=\"og:locale\" content=\"es_ES\" \/>\n<meta property=\"og:type\" content=\"article\" \/>\n<meta property=\"og:title\" content=\"Camino al Mundial de Qatar: Lionel Scaloni y el resto de la delegaci\u00f3n argentina parti\u00f3 rumbo a Doha - Informe Litoral\" \/>\n<meta property=\"og:description\" content=\"El entrenador del seleccionado junto al staff t\u00e9cnico y empleados de la AFA est\u00e1n en vuelo rumbo al pa\u00eds donde se jugar\u00e1 la pr\u00f3xima Copa del Mundo\" \/>\n<meta property=\"og:url\" content=\"https:\/\/informelitoral.com.ar\/camino-al-mundial-de-qatar-lionel-scaloni-y-el-resto-de-la-delegacion-argentina-partio-rumbo-a-doha\/\" \/>\n<meta property=\"og:site_name\" content=\"Informe Litoral\" \/>\n<meta property=\"article:publisher\" content=\"https:\/\/www.facebook.com\/informelitoral\/\" \/>\n<meta property=\"article:published_time\" content=\"2022-11-07T13:13:39+00:00\" \/>\n<meta property=\"article:modified_time\" content=\"2022-11-07T13:21:16+00:00\" \/>\n<meta property=\"og:image\" content=\"https:\/\/informelitoral.com.ar\/%77%70%2d%63%6f%6e%74%65%6e%74\/uploads\/2022\/11\/XJJ2ZYXGBFHZVMJZXUSEPDUL7I.webp\" \/>\n\t<meta property=\"og:image:width\" content=\"992\" \/>\n\t<meta property=\"og:image:height\" content=\"558\" \/>\n\t<meta property=\"og:image:type\" content=\"image\/webp\" \/>\n<meta name=\"author\" content=\"Sebastian\" \/>\n<meta name=\"twitter:card\" content=\"summary_large_image\" \/>\n<meta name=\"twitter:creator\" content=\"@InformeLitoral\" \/>\n<meta name=\"twitter:site\" content=\"@InformeLitoral\" \/>\n<meta name=\"twitter:label1\" content=\"Escrito por\" \/>\n\t<meta name=\"twitter:data1\" content=\"Sebastian\" \/>\n\t<meta name=\"twitter:label2\" content=\"Tiempo de lectura\" \/>\n\t<meta name=\"twitter:data2\" content=\"1 minuto\" \/>\n<script type=\"application\/ld+json\" class=\"yoast-schema-graph\">{\"@context\":\"https:\\\/\\\/schema.org\",\"@graph\":[{\"@type\":\"Article\",\"@id\":\"https:\\\/\\\/informelitoral.com.ar\\\/camino-al-mundial-de-qatar-lionel-scaloni-y-el-resto-de-la-delegacion-argentina-partio-rumbo-a-doha\\\/#article\",\"isPartOf\":{\"@id\":\"https:\\\/\\\/informelitoral.com.ar\\\/camino-al-mundial-de-qatar-lionel-scaloni-y-el-resto-de-la-delegacion-argentina-partio-rumbo-a-doha\\\/\"},\"author\":{\"name\":\"Sebastian\",\"@id\":\"https:\\\/\\\/informelitoral.com.ar\\\/#\\\/schema\\\/person\\\/f05f9f461677119578717524b127d6d5\"},\"headline\":\"Camino al Mundial de Qatar: Lionel Scaloni y el resto de la delegaci\u00f3n argentina parti\u00f3 rumbo a Doha\",\"datePublished\":\"2022-11-07T13:13:39+00:00\",\"dateModified\":\"2022-11-07T13:21:16+00:00\",\"mainEntityOfPage\":{\"@id\":\"https:\\\/\\\/informelitoral.com.ar\\\/camino-al-mundial-de-qatar-lionel-scaloni-y-el-resto-de-la-delegacion-argentina-partio-rumbo-a-doha\\\/\"},\"wordCount\":264,\"commentCount\":0,\"publisher\":{\"@id\":\"https:\\\/\\\/informelitoral.com.ar\\\/#organization\"},\"image\":{\"@id\":\"https:\\\/\\\/informelitoral.com.ar\\\/camino-al-mundial-de-qatar-lionel-scaloni-y-el-resto-de-la-delegacion-argentina-partio-rumbo-a-doha\\\/#primaryimage\"},\"thumbnailUrl\":\"https:\\\/\\\/informelitoral.com.ar\\\/%77%70%2d%63%6f%6e%74%65%6e%74\\\/uploads\\\/2022\\\/11\\\/XJJ2ZYXGBFHZVMJZXUSEPDUL7I.webp\",\"keywords\":[\"Selecci\u00f3n argentina\"],\"articleSection\":[\"Deportes\"],\"inLanguage\":\"es\",\"potentialAction\":[{\"@type\":\"CommentAction\",\"name\":\"Comment\",\"target\":[\"https:\\\/\\\/informelitoral.com.ar\\\/camino-al-mundial-de-qatar-lionel-scaloni-y-el-resto-de-la-delegacion-argentina-partio-rumbo-a-doha\\\/#respond\"]}]},{\"@type\":\"WebPage\",\"@id\":\"https:\\\/\\\/informelitoral.com.ar\\\/camino-al-mundial-de-qatar-lionel-scaloni-y-el-resto-de-la-delegacion-argentina-partio-rumbo-a-doha\\\/\",\"url\":\"https:\\\/\\\/informelitoral.com.ar\\\/camino-al-mundial-de-qatar-lionel-scaloni-y-el-resto-de-la-delegacion-argentina-partio-rumbo-a-doha\\\/\",\"name\":\"Camino al Mundial de Qatar: Lionel Scaloni y el resto de la delegaci\u00f3n argentina parti\u00f3 rumbo a Doha - Informe Litoral\",\"isPartOf\":{\"@id\":\"https:\\\/\\\/informelitoral.com.ar\\\/#website\"},\"primaryImageOfPage\":{\"@id\":\"https:\\\/\\\/informelitoral.com.ar\\\/camino-al-mundial-de-qatar-lionel-scaloni-y-el-resto-de-la-delegacion-argentina-partio-rumbo-a-doha\\\/#primaryimage\"},\"image\":{\"@id\":\"https:\\\/\\\/informelitoral.com.ar\\\/camino-al-mundial-de-qatar-lionel-scaloni-y-el-resto-de-la-delegacion-argentina-partio-rumbo-a-doha\\\/#primaryimage\"},\"thumbnailUrl\":\"https:\\\/\\\/informelitoral.com.ar\\\/%77%70%2d%63%6f%6e%74%65%6e%74\\\/uploads\\\/2022\\\/11\\\/XJJ2ZYXGBFHZVMJZXUSEPDUL7I.webp\",\"datePublished\":\"2022-11-07T13:13:39+00:00\",\"dateModified\":\"2022-11-07T13:21:16+00:00\",\"breadcrumb\":{\"@id\":\"https:\\\/\\\/informelitoral.com.ar\\\/camino-al-mundial-de-qatar-lionel-scaloni-y-el-resto-de-la-delegacion-argentina-partio-rumbo-a-doha\\\/#breadcrumb\"},\"inLanguage\":\"es\",\"potentialAction\":[{\"@type\":\"ReadAction\",\"target\":[\"https:\\\/\\\/informelitoral.com.ar\\\/camino-al-mundial-de-qatar-lionel-scaloni-y-el-resto-de-la-delegacion-argentina-partio-rumbo-a-doha\\\/\"]}]},{\"@type\":\"ImageObject\",\"inLanguage\":\"es\",\"@id\":\"https:\\\/\\\/informelitoral.com.ar\\\/camino-al-mundial-de-qatar-lionel-scaloni-y-el-resto-de-la-delegacion-argentina-partio-rumbo-a-doha\\\/#primaryimage\",\"url\":\"https:\\\/\\\/informelitoral.com.ar\\\/%77%70%2d%63%6f%6e%74%65%6e%74\\\/uploads\\\/2022\\\/11\\\/XJJ2ZYXGBFHZVMJZXUSEPDUL7I.webp\",\"contentUrl\":\"https:\\\/\\\/informelitoral.com.ar\\\/%77%70%2d%63%6f%6e%74%65%6e%74\\\/uploads\\\/2022\\\/11\\\/XJJ2ZYXGBFHZVMJZXUSEPDUL7I.webp\",\"width\":992,\"height\":558},{\"@type\":\"BreadcrumbList\",\"@id\":\"https:\\\/\\\/informelitoral.com.ar\\\/camino-al-mundial-de-qatar-lionel-scaloni-y-el-resto-de-la-delegacion-argentina-partio-rumbo-a-doha\\\/#breadcrumb\",\"itemListElement\":[{\"@type\":\"ListItem\",\"position\":1,\"name\":\"Portada\",\"item\":\"https:\\\/\\\/informelitoral.com.ar\\\/\"},{\"@type\":\"ListItem\",\"position\":2,\"name\":\"Camino al Mundial de Qatar: Lionel Scaloni y el resto de la delegaci\u00f3n argentina parti\u00f3 rumbo a Doha\"}]},{\"@type\":\"WebSite\",\"@id\":\"https:\\\/\\\/informelitoral.com.ar\\\/#website\",\"url\":\"https:\\\/\\\/informelitoral.com.ar\\\/\",\"name\":\"Informe Litoral\",\"description\":\"&quot;Nos informamos&quot; \",\"publisher\":{\"@id\":\"https:\\\/\\\/informelitoral.com.ar\\\/#organization\"},\"potentialAction\":[{\"@type\":\"SearchAction\",\"target\":{\"@type\":\"EntryPoint\",\"urlTemplate\":\"https:\\\/\\\/informelitoral.com.ar\\\/?s={search_term_string}\"},\"query-input\":{\"@type\":\"PropertyValueSpecification\",\"valueRequired\":true,\"valueName\":\"search_term_string\"}}],\"inLanguage\":\"es\"},{\"@type\":\"Organization\",\"@id\":\"https:\\\/\\\/informelitoral.com.ar\\\/#organization\",\"name\":\"Informe Litoral\",\"url\":\"https:\\\/\\\/informelitoral.com.ar\\\/\",\"logo\":{\"@type\":\"ImageObject\",\"inLanguage\":\"es\",\"@id\":\"https:\\\/\\\/informelitoral.com.ar\\\/#\\\/schema\\\/logo\\\/image\\\/\",\"url\":\"https:\\\/\\\/informelitoral.com.ar\\\/%77%70%2d%63%6f%6e%74%65%6e%74\\\/uploads\\\/2021\\\/01\\\/circulo.png\",\"contentUrl\":\"https:\\\/\\\/informelitoral.com.ar\\\/%77%70%2d%63%6f%6e%74%65%6e%74\\\/uploads\\\/2021\\\/01\\\/circulo.png\",\"width\":723,\"height\":731,\"caption\":\"Informe Litoral\"},\"image\":{\"@id\":\"https:\\\/\\\/informelitoral.com.ar\\\/#\\\/schema\\\/logo\\\/image\\\/\"},\"sameAs\":[\"https:\\\/\\\/www.facebook.com\\\/informelitoral\\\/\",\"https:\\\/\\\/x.com\\\/InformeLitoral\",\"https:\\\/\\\/www.instagram.com\\\/informelitoral\\\/\",\"https:\\\/\\\/www.youtube.com\\\/channel\\\/UCua4Qvz8Icb6MYqhoq9xLXw\"]},{\"@type\":\"Person\",\"@id\":\"https:\\\/\\\/informelitoral.com.ar\\\/#\\\/schema\\\/person\\\/f05f9f461677119578717524b127d6d5\",\"name\":\"Sebastian\",\"image\":{\"@type\":\"ImageObject\",\"inLanguage\":\"es\",\"@id\":\"https:\\\/\\\/secure.gravatar.com\\\/avatar\\\/b71bf7481d447dfb9583c7f2798e7cc64de6efb9067b74633ed8c31059a3bd82?s=96&d=mm&r=g\",\"url\":\"https:\\\/\\\/secure.gravatar.com\\\/avatar\\\/b71bf7481d447dfb9583c7f2798e7cc64de6efb9067b74633ed8c31059a3bd82?s=96&d=mm&r=g\",\"contentUrl\":\"https:\\\/\\\/secure.gravatar.com\\\/avatar\\\/b71bf7481d447dfb9583c7f2798e7cc64de6efb9067b74633ed8c31059a3bd82?s=96&d=mm&r=g\",\"caption\":\"Sebastian\"},\"url\":\"https:\\\/\\\/informelitoral.com.ar\\\/author\\\/sebastian\\\/\"}]}<\/script>","yoast_head_json":{"title":"Camino al Mundial de Qatar: Lionel Scaloni y el resto de la delegaci\u00f3n argentina parti\u00f3 rumbo a Doha - Informe Litoral","robots":{"index":"index","follow":"follow","max-snippet":"max-snippet:-1","max-image-preview":"max-image-preview:large","max-video-preview":"max-video-preview:-1"},"canonical":"https:\/\/informelitoral.com.ar\/camino-al-mundial-de-qatar-lionel-scaloni-y-el-resto-de-la-delegacion-argentina-partio-rumbo-a-doha\/","og_locale":"es_ES","og_type":"article","og_title":"Camino al Mundial de Qatar: Lionel Scaloni y el resto de la delegaci\u00f3n argentina parti\u00f3 rumbo a Doha - Informe Litoral","og_description":"El entrenador del seleccionado junto al staff t\u00e9cnico y empleados de la AFA est\u00e1n en vuelo rumbo al pa\u00eds donde se jugar\u00e1 la pr\u00f3xima Copa del Mundo","og_url":"https:\/\/informelitoral.com.ar\/camino-al-mundial-de-qatar-lionel-scaloni-y-el-resto-de-la-delegacion-argentina-partio-rumbo-a-doha\/","og_site_name":"Informe Litoral","article_publisher":"https:\/\/www.facebook.com\/informelitoral\/","article_published_time":"2022-11-07T13:13:39+00:00","article_modified_time":"2022-11-07T13:21:16+00:00","og_image":[{"width":992,"height":558,"url":"https:\/\/informelitoral.com.ar\/%77%70%2d%63%6f%6e%74%65%6e%74\/uploads\/2022\/11\/XJJ2ZYXGBFHZVMJZXUSEPDUL7I.webp","type":"image\/webp"}],"author":"Sebastian","twitter_card":"summary_large_image","twitter_creator":"@InformeLitoral","twitter_site":"@InformeLitoral","twitter_misc":{"Escrito por":"Sebastian","Tiempo de lectura":"1 minuto"},"schema":{"@context":"https:\/\/schema.org","@graph":[{"@type":"Article","@id":"https:\/\/informelitoral.com.ar\/camino-al-mundial-de-qatar-lionel-scaloni-y-el-resto-de-la-delegacion-argentina-partio-rumbo-a-doha\/#article","isPartOf":{"@id":"https:\/\/informelitoral.com.ar\/camino-al-mundial-de-qatar-lionel-scaloni-y-el-resto-de-la-delegacion-argentina-partio-rumbo-a-doha\/"},"author":{"name":"Sebastian","@id":"https:\/\/informelitoral.com.ar\/#\/schema\/person\/f05f9f461677119578717524b127d6d5"},"headline":"Camino al Mundial de Qatar: Lionel Scaloni y el resto de la delegaci\u00f3n argentina parti\u00f3 rumbo a Doha","datePublished":"2022-11-07T13:13:39+00:00","dateModified":"2022-11-07T13:21:16+00:00","mainEntityOfPage":{"@id":"https:\/\/informelitoral.com.ar\/camino-al-mundial-de-qatar-lionel-scaloni-y-el-resto-de-la-delegacion-argentina-partio-rumbo-a-doha\/"},"wordCount":264,"commentCount":0,"publisher":{"@id":"https:\/\/informelitoral.com.ar\/#organization"},"image":{"@id":"https:\/\/informelitoral.com.ar\/camino-al-mundial-de-qatar-lionel-scaloni-y-el-resto-de-la-delegacion-argentina-partio-rumbo-a-doha\/#primaryimage"},"thumbnailUrl":"https:\/\/informelitoral.com.ar\/%77%70%2d%63%6f%6e%74%65%6e%74\/uploads\/2022\/11\/XJJ2ZYXGBFHZVMJZXUSEPDUL7I.webp","keywords":["Selecci\u00f3n argentina"],"articleSection":["Deportes"],"inLanguage":"es","potentialAction":[{"@type":"CommentAction","name":"Comment","target":["https:\/\/informelitoral.com.ar\/camino-al-mundial-de-qatar-lionel-scaloni-y-el-resto-de-la-delegacion-argentina-partio-rumbo-a-doha\/#respond"]}]},{"@type":"WebPage","@id":"https:\/\/informelitoral.com.ar\/camino-al-mundial-de-qatar-lionel-scaloni-y-el-resto-de-la-delegacion-argentina-partio-rumbo-a-doha\/","url":"https:\/\/informelitoral.com.ar\/camino-al-mundial-de-qatar-lionel-scaloni-y-el-resto-de-la-delegacion-argentina-partio-rumbo-a-doha\/","name":"Camino al Mundial de Qatar: Lionel Scaloni y el resto de la delegaci\u00f3n argentina parti\u00f3 rumbo a Doha - Informe Litoral","isPartOf":{"@id":"https:\/\/informelitoral.com.ar\/#website"},"primaryImageOfPage":{"@id":"https:\/\/informelitoral.com.ar\/camino-al-mundial-de-qatar-lionel-scaloni-y-el-resto-de-la-delegacion-argentina-partio-rumbo-a-doha\/#primaryimage"},"image":{"@id":"https:\/\/informelitoral.com.ar\/camino-al-mundial-de-qatar-lionel-scaloni-y-el-resto-de-la-delegacion-argentina-partio-rumbo-a-doha\/#primaryimage"},"thumbnailUrl":"https:\/\/informelitoral.com.ar\/%77%70%2d%63%6f%6e%74%65%6e%74\/uploads\/2022\/11\/XJJ2ZYXGBFHZVMJZXUSEPDUL7I.webp","datePublished":"2022-11-07T13:13:39+00:00","dateModified":"2022-11-07T13:21:16+00:00","breadcrumb":{"@id":"https:\/\/informelitoral.com.ar\/camino-al-mundial-de-qatar-lionel-scaloni-y-el-resto-de-la-delegacion-argentina-partio-rumbo-a-doha\/#breadcrumb"},"inLanguage":"es","potentialAction":[{"@type":"ReadAction","target":["https:\/\/informelitoral.com.ar\/camino-al-mundial-de-qatar-lionel-scaloni-y-el-resto-de-la-delegacion-argentina-partio-rumbo-a-doha\/"]}]},{"@type":"ImageObject","inLanguage":"es","@id":"https:\/\/informelitoral.com.ar\/camino-al-mundial-de-qatar-lionel-scaloni-y-el-resto-de-la-delegacion-argentina-partio-rumbo-a-doha\/#primaryimage","url":"https:\/\/informelitoral.com.ar\/%77%70%2d%63%6f%6e%74%65%6e%74\/uploads\/2022\/11\/XJJ2ZYXGBFHZVMJZXUSEPDUL7I.webp","contentUrl":"https:\/\/informelitoral.com.ar\/%77%70%2d%63%6f%6e%74%65%6e%74\/uploads\/2022\/11\/XJJ2ZYXGBFHZVMJZXUSEPDUL7I.webp","width":992,"height":558},{"@type":"BreadcrumbList","@id":"https:\/\/informelitoral.com.ar\/camino-al-mundial-de-qatar-lionel-scaloni-y-el-resto-de-la-delegacion-argentina-partio-rumbo-a-doha\/#breadcrumb","itemListElement":[{"@type":"ListItem","position":1,"name":"Portada","item":"https:\/\/informelitoral.com.ar\/"},{"@type":"ListItem","position":2,"name":"Camino al Mundial de Qatar: Lionel Scaloni y el resto de la delegaci\u00f3n argentina parti\u00f3 rumbo a Doha"}]},{"@type":"WebSite","@id":"https:\/\/informelitoral.com.ar\/#website","url":"https:\/\/informelitoral.com.ar\/","name":"Informe Litoral","description":"&quot;Nos informamos&quot; ","publisher":{"@id":"https:\/\/informelitoral.com.ar\/#organization"},"potentialAction":[{"@type":"SearchAction","target":{"@type":"EntryPoint","urlTemplate":"https:\/\/informelitoral.com.ar\/?s={search_term_string}"},"query-input":{"@type":"PropertyValueSpecification","valueRequired":true,"valueName":"search_term_string"}}],"inLanguage":"es"},{"@type":"Organization","@id":"https:\/\/informelitoral.com.ar\/#organization","name":"Informe Litoral","url":"https:\/\/informelitoral.com.ar\/","logo":{"@type":"ImageObject","inLanguage":"es","@id":"https:\/\/informelitoral.com.ar\/#\/schema\/logo\/image\/","url":"https:\/\/informelitoral.com.ar\/%77%70%2d%63%6f%6e%74%65%6e%74\/uploads\/2021\/01\/circulo.png","contentUrl":"https:\/\/informelitoral.com.ar\/%77%70%2d%63%6f%6e%74%65%6e%74\/uploads\/2021\/01\/circulo.png","width":723,"height":731,"caption":"Informe Litoral"},"image":{"@id":"https:\/\/informelitoral.com.ar\/#\/schema\/logo\/image\/"},"sameAs":["https:\/\/www.facebook.com\/informelitoral\/","https:\/\/x.com\/InformeLitoral","https:\/\/www.instagram.com\/informelitoral\/","https:\/\/www.youtube.com\/channel\/UCua4Qvz8Icb6MYqhoq9xLXw"]},{"@type":"Person","@id":"https:\/\/informelitoral.com.ar\/#\/schema\/person\/f05f9f461677119578717524b127d6d5","name":"Sebastian","image":{"@type":"ImageObject","inLanguage":"es","@id":"https:\/\/secure.gravatar.com\/avatar\/b71bf7481d447dfb9583c7f2798e7cc64de6efb9067b74633ed8c31059a3bd82?s=96&d=mm&r=g","url":"https:\/\/secure.gravatar.com\/avatar\/b71bf7481d447dfb9583c7f2798e7cc64de6efb9067b74633ed8c31059a3bd82?s=96&d=mm&r=g","contentUrl":"https:\/\/secure.gravatar.com\/avatar\/b71bf7481d447dfb9583c7f2798e7cc64de6efb9067b74633ed8c31059a3bd82?s=96&d=mm&r=g","caption":"Sebastian"},"url":"https:\/\/informelitoral.com.ar\/author\/sebastian\/"}]}},"_links":{"self":[{"href":"https:\/\/informelitoral.com.ar\/%77%70%2d%6a%73%6f%6e\/wp\/v2\/posts\/93056","targetHints":{"allow":["GET"]}}],"collection":[{"href":"https:\/\/informelitoral.com.ar\/%77%70%2d%6a%73%6f%6e\/wp\/v2\/posts"}],"about":[{"href":"https:\/\/informelitoral.com.ar\/%77%70%2d%6a%73%6f%6e\/wp\/v2\/types\/post"}],"author":[{"embeddable":true,"href":"https:\/\/informelitoral.com.ar\/%77%70%2d%6a%73%6f%6e\/wp\/v2\/users\/8"}],"replies":[{"embeddable":true,"href":"https:\/\/informelitoral.com.ar\/%77%70%2d%6a%73%6f%6e\/wp\/v2\/comments?post=93056"}],"version-history":[{"count":0,"href":"https:\/\/informelitoral.com.ar\/%77%70%2d%6a%73%6f%6e\/wp\/v2\/posts\/93056\/revisions"}],"wp:featuredmedia":[{"embeddable":true,"href":"https:\/\/informelitoral.com.ar\/%77%70%2d%6a%73%6f%6e\/wp\/v2\/media\/93065"}],"wp:attachment":[{"href":"https:\/\/informelitoral.com.ar\/%77%70%2d%6a%73%6f%6e\/wp\/v2\/media?parent=93056"}],"wp:term":[{"taxonomy":"category","embeddable":true,"href":"https:\/\/informelitoral.com.ar\/%77%70%2d%6a%73%6f%6e\/wp\/v2\/categories?post=93056"},{"taxonomy":"post_tag","embeddable":true,"href":"https:\/\/informelitoral.com.ar\/%77%70%2d%6a%73%6f%6e\/wp\/v2\/tags?post=93056"}],"curies":[{"name":"wp","href":"https:\/\/api.w.org\/{rel}","templated":true}]}}