{"id":9304,"date":"2014-12-17T11:36:06","date_gmt":"2014-12-17T14:36:06","guid":{"rendered":"http:\/\/www.isletasnoticias.com.ar\/?p=9304"},"modified":"2014-12-17T11:49:25","modified_gmt":"2014-12-17T14:49:25","slug":"piden-politicas-para-el-campo-y-citan-ejemplos-de-otros-paises-del-mercosur","status":"publish","type":"post","link":"https:\/\/informelitoral.com.ar\/piden-politicas-para-el-campo-y-citan-ejemplos-de-otros-paises-del-mercosur\/","title":{"rendered":"Piden pol\u00edticas para el campo y citan ejemplos de otros pa\u00edses del Mercosur"},"content":{"rendered":"<div class=\"bajada\"><strong>Productores entrerrianos se manifestaron en la Casa de Gobierno en el marco de la Cumbre de Presidentes. Pidieron ser escuchados por <em>CFK<\/em> y <em>Urribarri<\/em>. En materia de pol\u00edticas hacia el campo pusieron como ejemplo a Uruguay, Brasil y Bolivia.<a href=\"http:\/\/www.isletasnoticias.com.ar\/%77%70%2d%63%6f%6e%74%65%6e%74\/uploads\/2014\/12\/o_1418818517.jpg\"><img loading=\"lazy\" decoding=\"async\" class=\"aligncenter size-medium wp-image-9305\" src=\"http:\/\/www.isletasnoticias.com.ar\/%77%70%2d%63%6f%6e%74%65%6e%74\/uploads\/2014\/12\/o_1418818517-300x168.jpg\" alt=\"o_1418818517\" width=\"300\" height=\"168\" srcset=\"https:\/\/informelitoral.com.ar\/%77%70%2d%63%6f%6e%74%65%6e%74\/uploads\/2014\/12\/o_1418818517-300x168.jpg 300w, https:\/\/informelitoral.com.ar\/%77%70%2d%63%6f%6e%74%65%6e%74\/uploads\/2014\/12\/o_1418818517.jpg 640w\" sizes=\"auto, (max-width: 300px) 100vw, 300px\" \/><\/a><\/strong><\/div>\n<div class=\"bajada\">Productores entrerrianos se manifestaron en la Casa de Gobierno en el marco de la Cumbre del Mercosur que se realiza en Paran\u00e1. Llegaron manifestantes de distintos puntos de la provincia. Las Federaci\u00f3n Agraria Argentina (FAA) y la Sociedad Rural Argentina (SRA), entre otras entidades del campo, encabezaron la protesta.<\/div>\n<div class=\"bajada\">Los productores llegaron cerca de las 9 de la ma\u00f1ana a la Casa Gris, portendo banderas de Argentina, de Entre R\u00edos y carteles con mensajes para el Gobernador Sergio Urribarri. Un helic\u00f3ptero, dispuesto para la seguridad de los presidentes, tom\u00f3 fotograf\u00edas y film\u00f3 desde las alturas durante varios minutos.La presencia de la aeronave exalt\u00f3 a los productores que mostraron las pancartas y se agruparon frente a la puerta de la Casa Gris. Ante la presencia de una buena cantidad de medios, los productores pidieron \u201cser escuchados por el gobernador Urribarri y Cristina Kirchner\u201d.<\/p>\n<p>El campo eligi\u00f3 este mi\u00e9rcoles para protestar para visibilizar en los medios nacionales, presentes por la Cumbre, su reclamo al Gobierno provincial y central.<\/p>\n<p><strong>Elvio Guia,<\/strong> director del Tercer Distrito de la FAA, coment\u00f3 que \u201cla situaci\u00f3n del campo no dista del de a nivel nacional. El reclamo es que tenemos una asfixia financiera y tributaria fruto de las retenciones. No podemos exportar el trigo. Hay una transferencia enorme a grupos concentrados que hace que los productores se recientan y que cada vez sea m\u00e1s dif\u00edcil producir\u201d.<\/p>\n<p>\u201cTiene que haber pol\u00edticas diferenciadas y serias para sacar adelante al campo argentino\u201d, dijo Guia.<\/p>\n<p>En ese marco el dirigente ruralista explic\u00f3 por qu\u00e9 la protesta durante la Cumbre y cit\u00f3 ejemplos de otros pa\u00edses del Mercosur en materia de pol\u00edticas hacia el campo: \u201cLo hacemos en el marco de la Cumbre del Mercosur para que la presidenta y el gobernador aprendan de lo que est\u00e1 pasando en los dem\u00e1s pa\u00edses: Brasil tiene 100 mil productores m\u00e1s; Uruguay y Paraguay nos han pasado en producci\u00f3n de carne y est\u00e1n exportando m\u00e1s que nosotros aprendiendo de nuestros errores; que aprendan de Evo Morales que en su momento se junt\u00f3 con lo que ser\u00eda la Sociedad Rural -de Bolivia- para sacar adelante a Santa Cruz de la Sierra y ganar las elecciones, pero con un programa serio a futuro. Para que entiendan el gobernador Sergio Urribarri y la presidenta Cristina Kirchner que somos parte de la soluci\u00f3n y no del problema\u201d. <em>(InformeDigital)<\/em><\/p>\n<\/div>\n","protected":false},"excerpt":{"rendered":"<p>Productores entrerrianos se manifestaron en la Casa de Gobierno en el marco de la Cumbre de Presidentes. Pidieron ser escuchados por CFK y Urribarri. En materia de pol&iacute;ticas hacia el campo pusieron como ejemplo a Uruguay, Brasil y Bolivia. Productores entrerrianos se manifestaron en la Casa de Gobierno en el marco de la Cumbre del [&hellip;]<\/p>\n","protected":false},"author":2,"featured_media":0,"comment_status":"open","ping_status":"open","sticky":false,"template":"","format":"standard","meta":{"fifu_image_url":"","fifu_image_alt":"","footnotes":""},"categories":[10,6,16],"tags":[],"class_list":{"0":"post-9304","1":"post","2":"type-post","3":"status-publish","4":"format-standard","6":"category-campo","7":"category-entre-rios","8":"category-politi"},"yoast_head":"<title>Piden pol\u00edticas para el campo y citan ejemplos de otros pa\u00edses del Mercosur - Informe Litoral<\/title>\n<meta name=\"robots\" content=\"index, follow, max-snippet:-1, max-image-preview:large, max-video-preview:-1\" \/>\n<link rel=\"canonical\" href=\"https:\/\/informelitoral.com.ar\/piden-politicas-para-el-campo-y-citan-ejemplos-de-otros-paises-del-mercosur\/\" \/>\n<meta property=\"og:locale\" content=\"es_ES\" \/>\n<meta property=\"og:type\" content=\"article\" \/>\n<meta property=\"og:title\" content=\"Piden pol\u00edticas para el campo y citan ejemplos de otros pa\u00edses del Mercosur - Informe Litoral\" \/>\n<meta property=\"og:description\" content=\"Productores entrerrianos se manifestaron en la Casa de Gobierno en el marco de la Cumbre de Presidentes. Pidieron ser escuchados por CFK y Urribarri. En materia de pol&iacute;ticas hacia el campo pusieron como ejemplo a Uruguay, Brasil y Bolivia. Productores entrerrianos se manifestaron en la Casa de Gobierno en el marco de la Cumbre del [&hellip;]\" \/>\n<meta property=\"og:url\" content=\"https:\/\/informelitoral.com.ar\/piden-politicas-para-el-campo-y-citan-ejemplos-de-otros-paises-del-mercosur\/\" \/>\n<meta property=\"og:site_name\" content=\"Informe Litoral\" \/>\n<meta property=\"article:publisher\" content=\"https:\/\/www.facebook.com\/informelitoral\/\" \/>\n<meta property=\"article:published_time\" content=\"2014-12-17T14:36:06+00:00\" \/>\n<meta property=\"article:modified_time\" content=\"2014-12-17T14:49:25+00:00\" \/>\n<meta property=\"og:image\" content=\"https:\/\/informelitoral.com.ar\/%77%70%2d%63%6f%6e%74%65%6e%74\/uploads\/2014\/12\/o_1418818517.jpg\" \/>\n\t<meta property=\"og:image:width\" content=\"640\" \/>\n\t<meta property=\"og:image:height\" content=\"360\" \/>\n\t<meta property=\"og:image:type\" content=\"image\/jpeg\" \/>\n<meta name=\"author\" content=\"Gonzalo Schmidt\" \/>\n<meta name=\"twitter:card\" content=\"summary_large_image\" \/>\n<meta name=\"twitter:creator\" content=\"@InformeLitoral\" \/>\n<meta name=\"twitter:site\" content=\"@InformeLitoral\" \/>\n<meta name=\"twitter:label1\" content=\"Escrito por\" \/>\n\t<meta name=\"twitter:data1\" content=\"Gonzalo Schmidt\" \/>\n\t<meta name=\"twitter:label2\" content=\"Tiempo de lectura\" \/>\n\t<meta name=\"twitter:data2\" content=\"2 minutos\" \/>\n<script type=\"application\/ld+json\" class=\"yoast-schema-graph\">{\"@context\":\"https:\\\/\\\/schema.org\",\"@graph\":[{\"@type\":\"Article\",\"@id\":\"https:\\\/\\\/informelitoral.com.ar\\\/piden-politicas-para-el-campo-y-citan-ejemplos-de-otros-paises-del-mercosur\\\/#article\",\"isPartOf\":{\"@id\":\"https:\\\/\\\/informelitoral.com.ar\\\/piden-politicas-para-el-campo-y-citan-ejemplos-de-otros-paises-del-mercosur\\\/\"},\"author\":{\"name\":\"Gonzalo Schmidt\",\"@id\":\"https:\\\/\\\/informelitoral.com.ar\\\/#\\\/schema\\\/person\\\/b9d00407c836482871ef1d57bf8e3180\"},\"headline\":\"Piden pol\u00edticas para el campo y citan ejemplos de otros pa\u00edses del Mercosur\",\"datePublished\":\"2014-12-17T14:36:06+00:00\",\"dateModified\":\"2014-12-17T14:49:25+00:00\",\"mainEntityOfPage\":{\"@id\":\"https:\\\/\\\/informelitoral.com.ar\\\/piden-politicas-para-el-campo-y-citan-ejemplos-de-otros-paises-del-mercosur\\\/\"},\"wordCount\":463,\"commentCount\":0,\"publisher\":{\"@id\":\"https:\\\/\\\/informelitoral.com.ar\\\/#organization\"},\"image\":{\"@id\":\"https:\\\/\\\/informelitoral.com.ar\\\/piden-politicas-para-el-campo-y-citan-ejemplos-de-otros-paises-del-mercosur\\\/#primaryimage\"},\"thumbnailUrl\":\"http:\\\/\\\/www.isletasnoticias.com.ar\\\/%77%70%2d%63%6f%6e%74%65%6e%74\\\/uploads\\\/2014\\\/12\\\/o_1418818517-300x168.jpg\",\"articleSection\":[\"Campo\",\"Entre R\u00edos\",\"Politica\"],\"inLanguage\":\"es\",\"potentialAction\":[{\"@type\":\"CommentAction\",\"name\":\"Comment\",\"target\":[\"https:\\\/\\\/informelitoral.com.ar\\\/piden-politicas-para-el-campo-y-citan-ejemplos-de-otros-paises-del-mercosur\\\/#respond\"]}]},{\"@type\":\"WebPage\",\"@id\":\"https:\\\/\\\/informelitoral.com.ar\\\/piden-politicas-para-el-campo-y-citan-ejemplos-de-otros-paises-del-mercosur\\\/\",\"url\":\"https:\\\/\\\/informelitoral.com.ar\\\/piden-politicas-para-el-campo-y-citan-ejemplos-de-otros-paises-del-mercosur\\\/\",\"name\":\"Piden pol\u00edticas para el campo y citan ejemplos de otros pa\u00edses del Mercosur - Informe Litoral\",\"isPartOf\":{\"@id\":\"https:\\\/\\\/informelitoral.com.ar\\\/#website\"},\"primaryImageOfPage\":{\"@id\":\"https:\\\/\\\/informelitoral.com.ar\\\/piden-politicas-para-el-campo-y-citan-ejemplos-de-otros-paises-del-mercosur\\\/#primaryimage\"},\"image\":{\"@id\":\"https:\\\/\\\/informelitoral.com.ar\\\/piden-politicas-para-el-campo-y-citan-ejemplos-de-otros-paises-del-mercosur\\\/#primaryimage\"},\"thumbnailUrl\":\"http:\\\/\\\/www.isletasnoticias.com.ar\\\/%77%70%2d%63%6f%6e%74%65%6e%74\\\/uploads\\\/2014\\\/12\\\/o_1418818517-300x168.jpg\",\"datePublished\":\"2014-12-17T14:36:06+00:00\",\"dateModified\":\"2014-12-17T14:49:25+00:00\",\"breadcrumb\":{\"@id\":\"https:\\\/\\\/informelitoral.com.ar\\\/piden-politicas-para-el-campo-y-citan-ejemplos-de-otros-paises-del-mercosur\\\/#breadcrumb\"},\"inLanguage\":\"es\",\"potentialAction\":[{\"@type\":\"ReadAction\",\"target\":[\"https:\\\/\\\/informelitoral.com.ar\\\/piden-politicas-para-el-campo-y-citan-ejemplos-de-otros-paises-del-mercosur\\\/\"]}]},{\"@type\":\"ImageObject\",\"inLanguage\":\"es\",\"@id\":\"https:\\\/\\\/informelitoral.com.ar\\\/piden-politicas-para-el-campo-y-citan-ejemplos-de-otros-paises-del-mercosur\\\/#primaryimage\",\"url\":\"http:\\\/\\\/www.isletasnoticias.com.ar\\\/%77%70%2d%63%6f%6e%74%65%6e%74\\\/uploads\\\/2014\\\/12\\\/o_1418818517-300x168.jpg\",\"contentUrl\":\"http:\\\/\\\/www.isletasnoticias.com.ar\\\/%77%70%2d%63%6f%6e%74%65%6e%74\\\/uploads\\\/2014\\\/12\\\/o_1418818517-300x168.jpg\"},{\"@type\":\"BreadcrumbList\",\"@id\":\"https:\\\/\\\/informelitoral.com.ar\\\/piden-politicas-para-el-campo-y-citan-ejemplos-de-otros-paises-del-mercosur\\\/#breadcrumb\",\"itemListElement\":[{\"@type\":\"ListItem\",\"position\":1,\"name\":\"Portada\",\"item\":\"https:\\\/\\\/informelitoral.com.ar\\\/\"},{\"@type\":\"ListItem\",\"position\":2,\"name\":\"Piden pol\u00edticas para el campo y citan ejemplos de otros pa\u00edses del Mercosur\"}]},{\"@type\":\"WebSite\",\"@id\":\"https:\\\/\\\/informelitoral.com.ar\\\/#website\",\"url\":\"https:\\\/\\\/informelitoral.com.ar\\\/\",\"name\":\"Informe Litoral\",\"description\":\"&quot;Nos informamos&quot; \",\"publisher\":{\"@id\":\"https:\\\/\\\/informelitoral.com.ar\\\/#organization\"},\"potentialAction\":[{\"@type\":\"SearchAction\",\"target\":{\"@type\":\"EntryPoint\",\"urlTemplate\":\"https:\\\/\\\/informelitoral.com.ar\\\/?s={search_term_string}\"},\"query-input\":{\"@type\":\"PropertyValueSpecification\",\"valueRequired\":true,\"valueName\":\"search_term_string\"}}],\"inLanguage\":\"es\"},{\"@type\":\"Organization\",\"@id\":\"https:\\\/\\\/informelitoral.com.ar\\\/#organization\",\"name\":\"Informe Litoral\",\"url\":\"https:\\\/\\\/informelitoral.com.ar\\\/\",\"logo\":{\"@type\":\"ImageObject\",\"inLanguage\":\"es\",\"@id\":\"https:\\\/\\\/informelitoral.com.ar\\\/#\\\/schema\\\/logo\\\/image\\\/\",\"url\":\"https:\\\/\\\/informelitoral.com.ar\\\/%77%70%2d%63%6f%6e%74%65%6e%74\\\/uploads\\\/2021\\\/01\\\/circulo.png\",\"contentUrl\":\"https:\\\/\\\/informelitoral.com.ar\\\/%77%70%2d%63%6f%6e%74%65%6e%74\\\/uploads\\\/2021\\\/01\\\/circulo.png\",\"width\":723,\"height\":731,\"caption\":\"Informe Litoral\"},\"image\":{\"@id\":\"https:\\\/\\\/informelitoral.com.ar\\\/#\\\/schema\\\/logo\\\/image\\\/\"},\"sameAs\":[\"https:\\\/\\\/www.facebook.com\\\/informelitoral\\\/\",\"https:\\\/\\\/x.com\\\/InformeLitoral\",\"https:\\\/\\\/www.instagram.com\\\/informelitoral\\\/\",\"https:\\\/\\\/www.youtube.com\\\/channel\\\/UCua4Qvz8Icb6MYqhoq9xLXw\"]},{\"@type\":\"Person\",\"@id\":\"https:\\\/\\\/informelitoral.com.ar\\\/#\\\/schema\\\/person\\\/b9d00407c836482871ef1d57bf8e3180\",\"name\":\"Gonzalo Schmidt\",\"image\":{\"@type\":\"ImageObject\",\"inLanguage\":\"es\",\"@id\":\"https:\\\/\\\/secure.gravatar.com\\\/avatar\\\/31a1a7b66ff2de83bd0e9fd79d026630d2d99e55e8bfe501287647b4fd9743de?s=96&d=mm&r=g\",\"url\":\"https:\\\/\\\/secure.gravatar.com\\\/avatar\\\/31a1a7b66ff2de83bd0e9fd79d026630d2d99e55e8bfe501287647b4fd9743de?s=96&d=mm&r=g\",\"contentUrl\":\"https:\\\/\\\/secure.gravatar.com\\\/avatar\\\/31a1a7b66ff2de83bd0e9fd79d026630d2d99e55e8bfe501287647b4fd9743de?s=96&d=mm&r=g\",\"caption\":\"Gonzalo Schmidt\"},\"description\":\"Sitio web de noticias de la provincia de Entre R\u00edos, Argentina. Informaci\u00f3n y entretenimiento. Informe Litoral, nos informamos.\",\"sameAs\":[\"http:\\\/\\\/www.isletasnoticias.com.ar\"],\"url\":\"https:\\\/\\\/informelitoral.com.ar\\\/author\\\/gonzalo\\\/\"}]}<\/script>","yoast_head_json":{"title":"Piden pol\u00edticas para el campo y citan ejemplos de otros pa\u00edses del Mercosur - Informe Litoral","robots":{"index":"index","follow":"follow","max-snippet":"max-snippet:-1","max-image-preview":"max-image-preview:large","max-video-preview":"max-video-preview:-1"},"canonical":"https:\/\/informelitoral.com.ar\/piden-politicas-para-el-campo-y-citan-ejemplos-de-otros-paises-del-mercosur\/","og_locale":"es_ES","og_type":"article","og_title":"Piden pol\u00edticas para el campo y citan ejemplos de otros pa\u00edses del Mercosur - Informe Litoral","og_description":"Productores entrerrianos se manifestaron en la Casa de Gobierno en el marco de la Cumbre de Presidentes. Pidieron ser escuchados por CFK y Urribarri. En materia de pol&iacute;ticas hacia el campo pusieron como ejemplo a Uruguay, Brasil y Bolivia. Productores entrerrianos se manifestaron en la Casa de Gobierno en el marco de la Cumbre del [&hellip;]","og_url":"https:\/\/informelitoral.com.ar\/piden-politicas-para-el-campo-y-citan-ejemplos-de-otros-paises-del-mercosur\/","og_site_name":"Informe Litoral","article_publisher":"https:\/\/www.facebook.com\/informelitoral\/","article_published_time":"2014-12-17T14:36:06+00:00","article_modified_time":"2014-12-17T14:49:25+00:00","og_image":[{"width":640,"height":360,"url":"https:\/\/informelitoral.com.ar\/%77%70%2d%63%6f%6e%74%65%6e%74\/uploads\/2014\/12\/o_1418818517.jpg","type":"image\/jpeg"}],"author":"Gonzalo Schmidt","twitter_card":"summary_large_image","twitter_creator":"@InformeLitoral","twitter_site":"@InformeLitoral","twitter_misc":{"Escrito por":"Gonzalo Schmidt","Tiempo de lectura":"2 minutos"},"schema":{"@context":"https:\/\/schema.org","@graph":[{"@type":"Article","@id":"https:\/\/informelitoral.com.ar\/piden-politicas-para-el-campo-y-citan-ejemplos-de-otros-paises-del-mercosur\/#article","isPartOf":{"@id":"https:\/\/informelitoral.com.ar\/piden-politicas-para-el-campo-y-citan-ejemplos-de-otros-paises-del-mercosur\/"},"author":{"name":"Gonzalo Schmidt","@id":"https:\/\/informelitoral.com.ar\/#\/schema\/person\/b9d00407c836482871ef1d57bf8e3180"},"headline":"Piden pol\u00edticas para el campo y citan ejemplos de otros pa\u00edses del Mercosur","datePublished":"2014-12-17T14:36:06+00:00","dateModified":"2014-12-17T14:49:25+00:00","mainEntityOfPage":{"@id":"https:\/\/informelitoral.com.ar\/piden-politicas-para-el-campo-y-citan-ejemplos-de-otros-paises-del-mercosur\/"},"wordCount":463,"commentCount":0,"publisher":{"@id":"https:\/\/informelitoral.com.ar\/#organization"},"image":{"@id":"https:\/\/informelitoral.com.ar\/piden-politicas-para-el-campo-y-citan-ejemplos-de-otros-paises-del-mercosur\/#primaryimage"},"thumbnailUrl":"http:\/\/www.isletasnoticias.com.ar\/%77%70%2d%63%6f%6e%74%65%6e%74\/uploads\/2014\/12\/o_1418818517-300x168.jpg","articleSection":["Campo","Entre R\u00edos","Politica"],"inLanguage":"es","potentialAction":[{"@type":"CommentAction","name":"Comment","target":["https:\/\/informelitoral.com.ar\/piden-politicas-para-el-campo-y-citan-ejemplos-de-otros-paises-del-mercosur\/#respond"]}]},{"@type":"WebPage","@id":"https:\/\/informelitoral.com.ar\/piden-politicas-para-el-campo-y-citan-ejemplos-de-otros-paises-del-mercosur\/","url":"https:\/\/informelitoral.com.ar\/piden-politicas-para-el-campo-y-citan-ejemplos-de-otros-paises-del-mercosur\/","name":"Piden pol\u00edticas para el campo y citan ejemplos de otros pa\u00edses del Mercosur - Informe Litoral","isPartOf":{"@id":"https:\/\/informelitoral.com.ar\/#website"},"primaryImageOfPage":{"@id":"https:\/\/informelitoral.com.ar\/piden-politicas-para-el-campo-y-citan-ejemplos-de-otros-paises-del-mercosur\/#primaryimage"},"image":{"@id":"https:\/\/informelitoral.com.ar\/piden-politicas-para-el-campo-y-citan-ejemplos-de-otros-paises-del-mercosur\/#primaryimage"},"thumbnailUrl":"http:\/\/www.isletasnoticias.com.ar\/%77%70%2d%63%6f%6e%74%65%6e%74\/uploads\/2014\/12\/o_1418818517-300x168.jpg","datePublished":"2014-12-17T14:36:06+00:00","dateModified":"2014-12-17T14:49:25+00:00","breadcrumb":{"@id":"https:\/\/informelitoral.com.ar\/piden-politicas-para-el-campo-y-citan-ejemplos-de-otros-paises-del-mercosur\/#breadcrumb"},"inLanguage":"es","potentialAction":[{"@type":"ReadAction","target":["https:\/\/informelitoral.com.ar\/piden-politicas-para-el-campo-y-citan-ejemplos-de-otros-paises-del-mercosur\/"]}]},{"@type":"ImageObject","inLanguage":"es","@id":"https:\/\/informelitoral.com.ar\/piden-politicas-para-el-campo-y-citan-ejemplos-de-otros-paises-del-mercosur\/#primaryimage","url":"http:\/\/www.isletasnoticias.com.ar\/%77%70%2d%63%6f%6e%74%65%6e%74\/uploads\/2014\/12\/o_1418818517-300x168.jpg","contentUrl":"http:\/\/www.isletasnoticias.com.ar\/%77%70%2d%63%6f%6e%74%65%6e%74\/uploads\/2014\/12\/o_1418818517-300x168.jpg"},{"@type":"BreadcrumbList","@id":"https:\/\/informelitoral.com.ar\/piden-politicas-para-el-campo-y-citan-ejemplos-de-otros-paises-del-mercosur\/#breadcrumb","itemListElement":[{"@type":"ListItem","position":1,"name":"Portada","item":"https:\/\/informelitoral.com.ar\/"},{"@type":"ListItem","position":2,"name":"Piden pol\u00edticas para el campo y citan ejemplos de otros pa\u00edses del Mercosur"}]},{"@type":"WebSite","@id":"https:\/\/informelitoral.com.ar\/#website","url":"https:\/\/informelitoral.com.ar\/","name":"Informe Litoral","description":"&quot;Nos informamos&quot; ","publisher":{"@id":"https:\/\/informelitoral.com.ar\/#organization"},"potentialAction":[{"@type":"SearchAction","target":{"@type":"EntryPoint","urlTemplate":"https:\/\/informelitoral.com.ar\/?s={search_term_string}"},"query-input":{"@type":"PropertyValueSpecification","valueRequired":true,"valueName":"search_term_string"}}],"inLanguage":"es"},{"@type":"Organization","@id":"https:\/\/informelitoral.com.ar\/#organization","name":"Informe Litoral","url":"https:\/\/informelitoral.com.ar\/","logo":{"@type":"ImageObject","inLanguage":"es","@id":"https:\/\/informelitoral.com.ar\/#\/schema\/logo\/image\/","url":"https:\/\/informelitoral.com.ar\/%77%70%2d%63%6f%6e%74%65%6e%74\/uploads\/2021\/01\/circulo.png","contentUrl":"https:\/\/informelitoral.com.ar\/%77%70%2d%63%6f%6e%74%65%6e%74\/uploads\/2021\/01\/circulo.png","width":723,"height":731,"caption":"Informe Litoral"},"image":{"@id":"https:\/\/informelitoral.com.ar\/#\/schema\/logo\/image\/"},"sameAs":["https:\/\/www.facebook.com\/informelitoral\/","https:\/\/x.com\/InformeLitoral","https:\/\/www.instagram.com\/informelitoral\/","https:\/\/www.youtube.com\/channel\/UCua4Qvz8Icb6MYqhoq9xLXw"]},{"@type":"Person","@id":"https:\/\/informelitoral.com.ar\/#\/schema\/person\/b9d00407c836482871ef1d57bf8e3180","name":"Gonzalo Schmidt","image":{"@type":"ImageObject","inLanguage":"es","@id":"https:\/\/secure.gravatar.com\/avatar\/31a1a7b66ff2de83bd0e9fd79d026630d2d99e55e8bfe501287647b4fd9743de?s=96&d=mm&r=g","url":"https:\/\/secure.gravatar.com\/avatar\/31a1a7b66ff2de83bd0e9fd79d026630d2d99e55e8bfe501287647b4fd9743de?s=96&d=mm&r=g","contentUrl":"https:\/\/secure.gravatar.com\/avatar\/31a1a7b66ff2de83bd0e9fd79d026630d2d99e55e8bfe501287647b4fd9743de?s=96&d=mm&r=g","caption":"Gonzalo Schmidt"},"description":"Sitio web de noticias de la provincia de Entre R\u00edos, Argentina. Informaci\u00f3n y entretenimiento. Informe Litoral, nos informamos.","sameAs":["http:\/\/www.isletasnoticias.com.ar"],"url":"https:\/\/informelitoral.com.ar\/author\/gonzalo\/"}]}},"_links":{"self":[{"href":"https:\/\/informelitoral.com.ar\/%77%70%2d%6a%73%6f%6e\/wp\/v2\/posts\/9304","targetHints":{"allow":["GET"]}}],"collection":[{"href":"https:\/\/informelitoral.com.ar\/%77%70%2d%6a%73%6f%6e\/wp\/v2\/posts"}],"about":[{"href":"https:\/\/informelitoral.com.ar\/%77%70%2d%6a%73%6f%6e\/wp\/v2\/types\/post"}],"author":[{"embeddable":true,"href":"https:\/\/informelitoral.com.ar\/%77%70%2d%6a%73%6f%6e\/wp\/v2\/users\/2"}],"replies":[{"embeddable":true,"href":"https:\/\/informelitoral.com.ar\/%77%70%2d%6a%73%6f%6e\/wp\/v2\/comments?post=9304"}],"version-history":[{"count":0,"href":"https:\/\/informelitoral.com.ar\/%77%70%2d%6a%73%6f%6e\/wp\/v2\/posts\/9304\/revisions"}],"wp:attachment":[{"href":"https:\/\/informelitoral.com.ar\/%77%70%2d%6a%73%6f%6e\/wp\/v2\/media?parent=9304"}],"wp:term":[{"taxonomy":"category","embeddable":true,"href":"https:\/\/informelitoral.com.ar\/%77%70%2d%6a%73%6f%6e\/wp\/v2\/categories?post=9304"},{"taxonomy":"post_tag","embeddable":true,"href":"https:\/\/informelitoral.com.ar\/%77%70%2d%6a%73%6f%6e\/wp\/v2\/tags?post=9304"}],"curies":[{"name":"wp","href":"https:\/\/api.w.org\/{rel}","templated":true}]}}