{"id":9301,"date":"2014-12-17T11:29:00","date_gmt":"2014-12-17T14:29:00","guid":{"rendered":"http:\/\/www.isletasnoticias.com.ar\/?p=9301"},"modified":"2014-12-17T11:29:00","modified_gmt":"2014-12-17T14:29:00","slug":"seis-presidentes-estan-en-parana-en-una-jornada-historica-para-entre-rios","status":"publish","type":"post","link":"https:\/\/informelitoral.com.ar\/seis-presidentes-estan-en-parana-en-una-jornada-historica-para-entre-rios\/","title":{"rendered":"Seis presidentes est\u00e1n en Paran\u00e1, en una jornada hist\u00f3rica para Entre R\u00edos"},"content":{"rendered":"<p><strong>El mandatario de Bolivia, Evo Morales fue el primero en llegar y revolucion\u00f3 los sectores de la capital entrerriana que recorri\u00f3. Cristina y Maduro arribaron el martes por la noche. A primera llegaron otros tres mandatarios.<a href=\"http:\/\/www.isletasnoticias.com.ar\/%77%70%2d%63%6f%6e%74%65%6e%74\/uploads\/2014\/12\/e_1418825222.jpg\"><img loading=\"lazy\" decoding=\"async\" class=\"aligncenter size-medium wp-image-9302\" src=\"http:\/\/www.isletasnoticias.com.ar\/%77%70%2d%63%6f%6e%74%65%6e%74\/uploads\/2014\/12\/e_1418825222-300x225.jpg\" alt=\"e_1418825222\" width=\"300\" height=\"225\" srcset=\"https:\/\/informelitoral.com.ar\/%77%70%2d%63%6f%6e%74%65%6e%74\/uploads\/2014\/12\/e_1418825222-300x225.jpg 300w, https:\/\/informelitoral.com.ar\/%77%70%2d%63%6f%6e%74%65%6e%74\/uploads\/2014\/12\/e_1418825222.jpg 432w\" sizes=\"auto, (max-width: 300px) 100vw, 300px\" \/><\/a><\/strong><\/p>\n<p>La capital entrerriana vive hoy una jornada hist\u00f3rica con la presencia de seis presidentes latinoamericanos, en el marco de la cumbre del Mercosur.<\/p>\n<p>El primero en arribar a Paran\u00e1 fue el presidente de Bolivia, Evo Morales, en horas de la madrugada de la v\u00edspera. Tuvo luego una cargada agenda que incluy\u00f3 una visita a la Plaza 1\u00b0 de Mayo, donde brind\u00f3 una entrevista a la cadena Telesur y se fotografi\u00f3 con gran cantidad de gente, causando una verdadera revoluci\u00f3n. Por la tarde fue momento del \u201cpicadito\u201d de f\u00fatbol con el gobernador Urribarri y, posteriormente, recibi\u00f3 el Honoris Causa de la Uner.<\/p>\n<p>En di\u00e1logo con Elonce TV, Morales dijo sentir \u201cuna enorme alegr\u00eda\u201d, al recibir \u201ctanto cari\u00f1o del pueblo de Paran\u00e1. Estoy sorprendido, me siento como en la zona del tr\u00f3pico de Cochabamba. Paran\u00e1 es un centro de integraci\u00f3n\u201d.<\/p>\n<p>Consultado sobre las expectativas de la cumbre afirm\u00f3 que, si bien Bolivia no integra el bloque, \u201capostamos por la integraci\u00f3n econ\u00f3mica, pol\u00edtica\u201d de toda la regi\u00f3n y expres\u00f3 su \u201cgran deseo\u201d de que su pa\u00eds pueda pr\u00f3ximamente ser parte del Mercado Com\u00fan del Sur.<\/p>\n<p>Por su parte, Cristina Fern\u00e1ndez de Kirchner arrib\u00f3 pasadas las 22.45 acompa\u00f1ada por el secretario de Comunicaci\u00f3n P\u00fablica, Alfredo Scoccimarro, y una comitiva integrada entre otros por el Jefe de Gabinete, Jorge Capitanich, el titular del Banco Central, Jorge Vanoli, y el dirigente radical Leopoldo Moreau.<\/p>\n<p>Manifest\u00f3 estar \u201cmuy contenta\u201d de estar en Paran\u00e1 para participar la cumbre del Mercosur, que este mi\u00e9rcoles \u201cva a culminar en su momento m\u00e1s importante con el encuentro entre los presidentes y con la entrega de la presidencia pro tempore a la presidenta compa\u00f1era y amiga, Dilma Rouseff\u201d, record\u00f3.<\/p>\n<p>Cristina Kirchner, luego de descender del avi\u00f3n, salud\u00f3 a las autoridades, se sac\u00f3 fotos con los presentes y subi\u00f3 al helic\u00f3ptero presidencial que la llev\u00f3 a su alojamiento.<\/p>\n<p>Minutos m\u00e1s tarde, lleg\u00f3 el mandatario venezolano, Nicol\u00e1s Maduro. \u201cHace tres d\u00edas estuvimos conmemorando los diez a\u00f1os del ALBA, con dos nuevas incorporaciones, un bloque integral que ha puesto lo social adelante, adem\u00e1s de la salud, la educaci\u00f3n, la vida, la vista de los pobres de la tierra, los trabajadores. Ha surgido la propuesta ya aprobada de una gran zona econ\u00f3mica de desarrollo com\u00fan compartido entre Petrocaribe, Mercosur, Alba. Se trata de 22 Estados\u201d, record\u00f3.<\/p>\n<p>Y al referirse a la visita a nuestro pa\u00eds, afirm\u00f3: \u201cEl Mercosur es nuestro espacio vital. No podemos fallar a los pueblos del Mercosur, Unasur y el Alba, debemos poner toda la voluntad. O lo hacemos ahora y nosotros, o no lo hace nadie\u201d.<\/p>\n<p>\u201cTenemos que hacer el esfuerzo supremo porque es el espacio estrat\u00e9gico vital, con lo que se puede hacer de verdad la nueva historia del nuevo mundo. Con la experiencia que se tiene de 20 a\u00f1os en el proceso de integraci\u00f3n econ\u00f3mica y asumiendo las tareas de hoy, constituir una gran zona econ\u00f3mica para enfrentar los problemas financieros que tenemos los pa\u00edses, para enfrentar la integraci\u00f3n de las cadenas productivas y procesos de reindustrializaci\u00f3n, de adecuaci\u00f3n tecnol\u00f3gica, de construcci\u00f3n de un mercado verdadero, justo, equilibrado, amplio, diverso. Estamos en nuestra \u00e1rea vital\u201d, afirm\u00f3 luego el Presidente de Venezuela a su arribo a Paran\u00e1.<\/p>\n<p>El Presidente de Venezuela, luego de pronunciar su discurso, se subi\u00f3 a un veh\u00edculo y lo condujo, integrando una caravana desde el Aeropuerto local por las calles de Paran\u00e1.<br \/>\nEsta ma\u00f1ana llegaron a Paran\u00e1 el presidente de Uruguay, Jos\u00e9 Mujica; el mandatario de Paraguay, Horacio Cart\u00e9s; y la presidenta de Brasil, Dilma Rouseff. (<i>Elonce.com)<\/i><\/p>\n","protected":false},"excerpt":{"rendered":"<p>El mandatario de Bolivia, Evo Morales fue el primero en llegar y revolucion&oacute; los sectores de la capital entrerriana que recorri&oacute;. Cristina y Maduro arribaron el martes por la noche. A primera llegaron otros tres mandatarios. La capital entrerriana vive hoy una jornada hist&oacute;rica con la presencia de seis presidentes latinoamericanos, en el marco de [&hellip;]<\/p>\n","protected":false},"author":2,"featured_media":0,"comment_status":"open","ping_status":"open","sticky":false,"template":"","format":"standard","meta":{"fifu_image_url":"","fifu_image_alt":"","footnotes":""},"categories":[6,7,16],"tags":[],"class_list":{"0":"post-9301","1":"post","2":"type-post","3":"status-publish","4":"format-standard","6":"category-entre-rios","7":"category-nacionales","8":"category-politi"},"yoast_head":"<title>Seis presidentes est\u00e1n en Paran\u00e1, en una jornada hist\u00f3rica para Entre R\u00edos  - Informe Litoral<\/title>\n<meta name=\"robots\" content=\"index, follow, max-snippet:-1, max-image-preview:large, max-video-preview:-1\" \/>\n<link rel=\"canonical\" href=\"https:\/\/informelitoral.com.ar\/seis-presidentes-estan-en-parana-en-una-jornada-historica-para-entre-rios\/\" \/>\n<meta property=\"og:locale\" content=\"es_ES\" \/>\n<meta property=\"og:type\" content=\"article\" \/>\n<meta property=\"og:title\" content=\"Seis presidentes est\u00e1n en Paran\u00e1, en una jornada hist\u00f3rica para Entre R\u00edos  - Informe Litoral\" \/>\n<meta property=\"og:description\" content=\"El mandatario de Bolivia, Evo Morales fue el primero en llegar y revolucion&oacute; los sectores de la capital entrerriana que recorri&oacute;. Cristina y Maduro arribaron el martes por la noche. A primera llegaron otros tres mandatarios. La capital entrerriana vive hoy una jornada hist&oacute;rica con la presencia de seis presidentes latinoamericanos, en el marco de [&hellip;]\" \/>\n<meta property=\"og:url\" content=\"https:\/\/informelitoral.com.ar\/seis-presidentes-estan-en-parana-en-una-jornada-historica-para-entre-rios\/\" \/>\n<meta property=\"og:site_name\" content=\"Informe Litoral\" \/>\n<meta property=\"article:publisher\" content=\"https:\/\/www.facebook.com\/informelitoral\/\" \/>\n<meta property=\"article:published_time\" content=\"2014-12-17T14:29:00+00:00\" \/>\n<meta property=\"og:image\" content=\"https:\/\/informelitoral.com.ar\/%77%70%2d%63%6f%6e%74%65%6e%74\/uploads\/2014\/12\/e_1418825222.jpg\" \/>\n\t<meta property=\"og:image:width\" content=\"432\" \/>\n\t<meta property=\"og:image:height\" content=\"324\" \/>\n\t<meta property=\"og:image:type\" content=\"image\/jpeg\" \/>\n<meta name=\"author\" content=\"Gonzalo Schmidt\" \/>\n<meta name=\"twitter:card\" content=\"summary_large_image\" \/>\n<meta name=\"twitter:creator\" content=\"@InformeLitoral\" \/>\n<meta name=\"twitter:site\" content=\"@InformeLitoral\" \/>\n<meta name=\"twitter:label1\" content=\"Escrito por\" \/>\n\t<meta name=\"twitter:data1\" content=\"Gonzalo Schmidt\" \/>\n\t<meta name=\"twitter:label2\" content=\"Tiempo de lectura\" \/>\n\t<meta name=\"twitter:data2\" content=\"3 minutos\" \/>\n<script type=\"application\/ld+json\" class=\"yoast-schema-graph\">{\"@context\":\"https:\\\/\\\/schema.org\",\"@graph\":[{\"@type\":\"Article\",\"@id\":\"https:\\\/\\\/informelitoral.com.ar\\\/seis-presidentes-estan-en-parana-en-una-jornada-historica-para-entre-rios\\\/#article\",\"isPartOf\":{\"@id\":\"https:\\\/\\\/informelitoral.com.ar\\\/seis-presidentes-estan-en-parana-en-una-jornada-historica-para-entre-rios\\\/\"},\"author\":{\"name\":\"Gonzalo Schmidt\",\"@id\":\"https:\\\/\\\/informelitoral.com.ar\\\/#\\\/schema\\\/person\\\/b9d00407c836482871ef1d57bf8e3180\"},\"headline\":\"Seis presidentes est\u00e1n en Paran\u00e1, en una jornada hist\u00f3rica para Entre R\u00edos\",\"datePublished\":\"2014-12-17T14:29:00+00:00\",\"mainEntityOfPage\":{\"@id\":\"https:\\\/\\\/informelitoral.com.ar\\\/seis-presidentes-estan-en-parana-en-una-jornada-historica-para-entre-rios\\\/\"},\"wordCount\":676,\"commentCount\":0,\"publisher\":{\"@id\":\"https:\\\/\\\/informelitoral.com.ar\\\/#organization\"},\"image\":{\"@id\":\"https:\\\/\\\/informelitoral.com.ar\\\/seis-presidentes-estan-en-parana-en-una-jornada-historica-para-entre-rios\\\/#primaryimage\"},\"thumbnailUrl\":\"http:\\\/\\\/www.isletasnoticias.com.ar\\\/%77%70%2d%63%6f%6e%74%65%6e%74\\\/uploads\\\/2014\\\/12\\\/e_1418825222-300x225.jpg\",\"articleSection\":[\"Entre R\u00edos\",\"Nacionales\",\"Politica\"],\"inLanguage\":\"es\",\"potentialAction\":[{\"@type\":\"CommentAction\",\"name\":\"Comment\",\"target\":[\"https:\\\/\\\/informelitoral.com.ar\\\/seis-presidentes-estan-en-parana-en-una-jornada-historica-para-entre-rios\\\/#respond\"]}]},{\"@type\":\"WebPage\",\"@id\":\"https:\\\/\\\/informelitoral.com.ar\\\/seis-presidentes-estan-en-parana-en-una-jornada-historica-para-entre-rios\\\/\",\"url\":\"https:\\\/\\\/informelitoral.com.ar\\\/seis-presidentes-estan-en-parana-en-una-jornada-historica-para-entre-rios\\\/\",\"name\":\"Seis presidentes est\u00e1n en Paran\u00e1, en una jornada hist\u00f3rica para Entre R\u00edos - Informe Litoral\",\"isPartOf\":{\"@id\":\"https:\\\/\\\/informelitoral.com.ar\\\/#website\"},\"primaryImageOfPage\":{\"@id\":\"https:\\\/\\\/informelitoral.com.ar\\\/seis-presidentes-estan-en-parana-en-una-jornada-historica-para-entre-rios\\\/#primaryimage\"},\"image\":{\"@id\":\"https:\\\/\\\/informelitoral.com.ar\\\/seis-presidentes-estan-en-parana-en-una-jornada-historica-para-entre-rios\\\/#primaryimage\"},\"thumbnailUrl\":\"http:\\\/\\\/www.isletasnoticias.com.ar\\\/%77%70%2d%63%6f%6e%74%65%6e%74\\\/uploads\\\/2014\\\/12\\\/e_1418825222-300x225.jpg\",\"datePublished\":\"2014-12-17T14:29:00+00:00\",\"breadcrumb\":{\"@id\":\"https:\\\/\\\/informelitoral.com.ar\\\/seis-presidentes-estan-en-parana-en-una-jornada-historica-para-entre-rios\\\/#breadcrumb\"},\"inLanguage\":\"es\",\"potentialAction\":[{\"@type\":\"ReadAction\",\"target\":[\"https:\\\/\\\/informelitoral.com.ar\\\/seis-presidentes-estan-en-parana-en-una-jornada-historica-para-entre-rios\\\/\"]}]},{\"@type\":\"ImageObject\",\"inLanguage\":\"es\",\"@id\":\"https:\\\/\\\/informelitoral.com.ar\\\/seis-presidentes-estan-en-parana-en-una-jornada-historica-para-entre-rios\\\/#primaryimage\",\"url\":\"http:\\\/\\\/www.isletasnoticias.com.ar\\\/%77%70%2d%63%6f%6e%74%65%6e%74\\\/uploads\\\/2014\\\/12\\\/e_1418825222-300x225.jpg\",\"contentUrl\":\"http:\\\/\\\/www.isletasnoticias.com.ar\\\/%77%70%2d%63%6f%6e%74%65%6e%74\\\/uploads\\\/2014\\\/12\\\/e_1418825222-300x225.jpg\"},{\"@type\":\"BreadcrumbList\",\"@id\":\"https:\\\/\\\/informelitoral.com.ar\\\/seis-presidentes-estan-en-parana-en-una-jornada-historica-para-entre-rios\\\/#breadcrumb\",\"itemListElement\":[{\"@type\":\"ListItem\",\"position\":1,\"name\":\"Portada\",\"item\":\"https:\\\/\\\/informelitoral.com.ar\\\/\"},{\"@type\":\"ListItem\",\"position\":2,\"name\":\"Seis presidentes est\u00e1n en Paran\u00e1, en una jornada hist\u00f3rica para Entre R\u00edos\"}]},{\"@type\":\"WebSite\",\"@id\":\"https:\\\/\\\/informelitoral.com.ar\\\/#website\",\"url\":\"https:\\\/\\\/informelitoral.com.ar\\\/\",\"name\":\"Informe Litoral\",\"description\":\"&quot;Nos informamos&quot; \",\"publisher\":{\"@id\":\"https:\\\/\\\/informelitoral.com.ar\\\/#organization\"},\"potentialAction\":[{\"@type\":\"SearchAction\",\"target\":{\"@type\":\"EntryPoint\",\"urlTemplate\":\"https:\\\/\\\/informelitoral.com.ar\\\/?s={search_term_string}\"},\"query-input\":{\"@type\":\"PropertyValueSpecification\",\"valueRequired\":true,\"valueName\":\"search_term_string\"}}],\"inLanguage\":\"es\"},{\"@type\":\"Organization\",\"@id\":\"https:\\\/\\\/informelitoral.com.ar\\\/#organization\",\"name\":\"Informe Litoral\",\"url\":\"https:\\\/\\\/informelitoral.com.ar\\\/\",\"logo\":{\"@type\":\"ImageObject\",\"inLanguage\":\"es\",\"@id\":\"https:\\\/\\\/informelitoral.com.ar\\\/#\\\/schema\\\/logo\\\/image\\\/\",\"url\":\"https:\\\/\\\/informelitoral.com.ar\\\/%77%70%2d%63%6f%6e%74%65%6e%74\\\/uploads\\\/2021\\\/01\\\/circulo.png\",\"contentUrl\":\"https:\\\/\\\/informelitoral.com.ar\\\/%77%70%2d%63%6f%6e%74%65%6e%74\\\/uploads\\\/2021\\\/01\\\/circulo.png\",\"width\":723,\"height\":731,\"caption\":\"Informe Litoral\"},\"image\":{\"@id\":\"https:\\\/\\\/informelitoral.com.ar\\\/#\\\/schema\\\/logo\\\/image\\\/\"},\"sameAs\":[\"https:\\\/\\\/www.facebook.com\\\/informelitoral\\\/\",\"https:\\\/\\\/x.com\\\/InformeLitoral\",\"https:\\\/\\\/www.instagram.com\\\/informelitoral\\\/\",\"https:\\\/\\\/www.youtube.com\\\/channel\\\/UCua4Qvz8Icb6MYqhoq9xLXw\"]},{\"@type\":\"Person\",\"@id\":\"https:\\\/\\\/informelitoral.com.ar\\\/#\\\/schema\\\/person\\\/b9d00407c836482871ef1d57bf8e3180\",\"name\":\"Gonzalo Schmidt\",\"image\":{\"@type\":\"ImageObject\",\"inLanguage\":\"es\",\"@id\":\"https:\\\/\\\/secure.gravatar.com\\\/avatar\\\/31a1a7b66ff2de83bd0e9fd79d026630d2d99e55e8bfe501287647b4fd9743de?s=96&d=mm&r=g\",\"url\":\"https:\\\/\\\/secure.gravatar.com\\\/avatar\\\/31a1a7b66ff2de83bd0e9fd79d026630d2d99e55e8bfe501287647b4fd9743de?s=96&d=mm&r=g\",\"contentUrl\":\"https:\\\/\\\/secure.gravatar.com\\\/avatar\\\/31a1a7b66ff2de83bd0e9fd79d026630d2d99e55e8bfe501287647b4fd9743de?s=96&d=mm&r=g\",\"caption\":\"Gonzalo Schmidt\"},\"description\":\"Sitio web de noticias de la provincia de Entre R\u00edos, Argentina. Informaci\u00f3n y entretenimiento. Informe Litoral, nos informamos.\",\"sameAs\":[\"http:\\\/\\\/www.isletasnoticias.com.ar\"],\"url\":\"https:\\\/\\\/informelitoral.com.ar\\\/author\\\/gonzalo\\\/\"}]}<\/script>","yoast_head_json":{"title":"Seis presidentes est\u00e1n en Paran\u00e1, en una jornada hist\u00f3rica para Entre R\u00edos  - Informe Litoral","robots":{"index":"index","follow":"follow","max-snippet":"max-snippet:-1","max-image-preview":"max-image-preview:large","max-video-preview":"max-video-preview:-1"},"canonical":"https:\/\/informelitoral.com.ar\/seis-presidentes-estan-en-parana-en-una-jornada-historica-para-entre-rios\/","og_locale":"es_ES","og_type":"article","og_title":"Seis presidentes est\u00e1n en Paran\u00e1, en una jornada hist\u00f3rica para Entre R\u00edos  - Informe Litoral","og_description":"El mandatario de Bolivia, Evo Morales fue el primero en llegar y revolucion&oacute; los sectores de la capital entrerriana que recorri&oacute;. Cristina y Maduro arribaron el martes por la noche. A primera llegaron otros tres mandatarios. La capital entrerriana vive hoy una jornada hist&oacute;rica con la presencia de seis presidentes latinoamericanos, en el marco de [&hellip;]","og_url":"https:\/\/informelitoral.com.ar\/seis-presidentes-estan-en-parana-en-una-jornada-historica-para-entre-rios\/","og_site_name":"Informe Litoral","article_publisher":"https:\/\/www.facebook.com\/informelitoral\/","article_published_time":"2014-12-17T14:29:00+00:00","og_image":[{"width":432,"height":324,"url":"https:\/\/informelitoral.com.ar\/%77%70%2d%63%6f%6e%74%65%6e%74\/uploads\/2014\/12\/e_1418825222.jpg","type":"image\/jpeg"}],"author":"Gonzalo Schmidt","twitter_card":"summary_large_image","twitter_creator":"@InformeLitoral","twitter_site":"@InformeLitoral","twitter_misc":{"Escrito por":"Gonzalo Schmidt","Tiempo de lectura":"3 minutos"},"schema":{"@context":"https:\/\/schema.org","@graph":[{"@type":"Article","@id":"https:\/\/informelitoral.com.ar\/seis-presidentes-estan-en-parana-en-una-jornada-historica-para-entre-rios\/#article","isPartOf":{"@id":"https:\/\/informelitoral.com.ar\/seis-presidentes-estan-en-parana-en-una-jornada-historica-para-entre-rios\/"},"author":{"name":"Gonzalo Schmidt","@id":"https:\/\/informelitoral.com.ar\/#\/schema\/person\/b9d00407c836482871ef1d57bf8e3180"},"headline":"Seis presidentes est\u00e1n en Paran\u00e1, en una jornada hist\u00f3rica para Entre R\u00edos","datePublished":"2014-12-17T14:29:00+00:00","mainEntityOfPage":{"@id":"https:\/\/informelitoral.com.ar\/seis-presidentes-estan-en-parana-en-una-jornada-historica-para-entre-rios\/"},"wordCount":676,"commentCount":0,"publisher":{"@id":"https:\/\/informelitoral.com.ar\/#organization"},"image":{"@id":"https:\/\/informelitoral.com.ar\/seis-presidentes-estan-en-parana-en-una-jornada-historica-para-entre-rios\/#primaryimage"},"thumbnailUrl":"http:\/\/www.isletasnoticias.com.ar\/%77%70%2d%63%6f%6e%74%65%6e%74\/uploads\/2014\/12\/e_1418825222-300x225.jpg","articleSection":["Entre R\u00edos","Nacionales","Politica"],"inLanguage":"es","potentialAction":[{"@type":"CommentAction","name":"Comment","target":["https:\/\/informelitoral.com.ar\/seis-presidentes-estan-en-parana-en-una-jornada-historica-para-entre-rios\/#respond"]}]},{"@type":"WebPage","@id":"https:\/\/informelitoral.com.ar\/seis-presidentes-estan-en-parana-en-una-jornada-historica-para-entre-rios\/","url":"https:\/\/informelitoral.com.ar\/seis-presidentes-estan-en-parana-en-una-jornada-historica-para-entre-rios\/","name":"Seis presidentes est\u00e1n en Paran\u00e1, en una jornada hist\u00f3rica para Entre R\u00edos - Informe Litoral","isPartOf":{"@id":"https:\/\/informelitoral.com.ar\/#website"},"primaryImageOfPage":{"@id":"https:\/\/informelitoral.com.ar\/seis-presidentes-estan-en-parana-en-una-jornada-historica-para-entre-rios\/#primaryimage"},"image":{"@id":"https:\/\/informelitoral.com.ar\/seis-presidentes-estan-en-parana-en-una-jornada-historica-para-entre-rios\/#primaryimage"},"thumbnailUrl":"http:\/\/www.isletasnoticias.com.ar\/%77%70%2d%63%6f%6e%74%65%6e%74\/uploads\/2014\/12\/e_1418825222-300x225.jpg","datePublished":"2014-12-17T14:29:00+00:00","breadcrumb":{"@id":"https:\/\/informelitoral.com.ar\/seis-presidentes-estan-en-parana-en-una-jornada-historica-para-entre-rios\/#breadcrumb"},"inLanguage":"es","potentialAction":[{"@type":"ReadAction","target":["https:\/\/informelitoral.com.ar\/seis-presidentes-estan-en-parana-en-una-jornada-historica-para-entre-rios\/"]}]},{"@type":"ImageObject","inLanguage":"es","@id":"https:\/\/informelitoral.com.ar\/seis-presidentes-estan-en-parana-en-una-jornada-historica-para-entre-rios\/#primaryimage","url":"http:\/\/www.isletasnoticias.com.ar\/%77%70%2d%63%6f%6e%74%65%6e%74\/uploads\/2014\/12\/e_1418825222-300x225.jpg","contentUrl":"http:\/\/www.isletasnoticias.com.ar\/%77%70%2d%63%6f%6e%74%65%6e%74\/uploads\/2014\/12\/e_1418825222-300x225.jpg"},{"@type":"BreadcrumbList","@id":"https:\/\/informelitoral.com.ar\/seis-presidentes-estan-en-parana-en-una-jornada-historica-para-entre-rios\/#breadcrumb","itemListElement":[{"@type":"ListItem","position":1,"name":"Portada","item":"https:\/\/informelitoral.com.ar\/"},{"@type":"ListItem","position":2,"name":"Seis presidentes est\u00e1n en Paran\u00e1, en una jornada hist\u00f3rica para Entre R\u00edos"}]},{"@type":"WebSite","@id":"https:\/\/informelitoral.com.ar\/#website","url":"https:\/\/informelitoral.com.ar\/","name":"Informe Litoral","description":"&quot;Nos informamos&quot; ","publisher":{"@id":"https:\/\/informelitoral.com.ar\/#organization"},"potentialAction":[{"@type":"SearchAction","target":{"@type":"EntryPoint","urlTemplate":"https:\/\/informelitoral.com.ar\/?s={search_term_string}"},"query-input":{"@type":"PropertyValueSpecification","valueRequired":true,"valueName":"search_term_string"}}],"inLanguage":"es"},{"@type":"Organization","@id":"https:\/\/informelitoral.com.ar\/#organization","name":"Informe Litoral","url":"https:\/\/informelitoral.com.ar\/","logo":{"@type":"ImageObject","inLanguage":"es","@id":"https:\/\/informelitoral.com.ar\/#\/schema\/logo\/image\/","url":"https:\/\/informelitoral.com.ar\/%77%70%2d%63%6f%6e%74%65%6e%74\/uploads\/2021\/01\/circulo.png","contentUrl":"https:\/\/informelitoral.com.ar\/%77%70%2d%63%6f%6e%74%65%6e%74\/uploads\/2021\/01\/circulo.png","width":723,"height":731,"caption":"Informe Litoral"},"image":{"@id":"https:\/\/informelitoral.com.ar\/#\/schema\/logo\/image\/"},"sameAs":["https:\/\/www.facebook.com\/informelitoral\/","https:\/\/x.com\/InformeLitoral","https:\/\/www.instagram.com\/informelitoral\/","https:\/\/www.youtube.com\/channel\/UCua4Qvz8Icb6MYqhoq9xLXw"]},{"@type":"Person","@id":"https:\/\/informelitoral.com.ar\/#\/schema\/person\/b9d00407c836482871ef1d57bf8e3180","name":"Gonzalo Schmidt","image":{"@type":"ImageObject","inLanguage":"es","@id":"https:\/\/secure.gravatar.com\/avatar\/31a1a7b66ff2de83bd0e9fd79d026630d2d99e55e8bfe501287647b4fd9743de?s=96&d=mm&r=g","url":"https:\/\/secure.gravatar.com\/avatar\/31a1a7b66ff2de83bd0e9fd79d026630d2d99e55e8bfe501287647b4fd9743de?s=96&d=mm&r=g","contentUrl":"https:\/\/secure.gravatar.com\/avatar\/31a1a7b66ff2de83bd0e9fd79d026630d2d99e55e8bfe501287647b4fd9743de?s=96&d=mm&r=g","caption":"Gonzalo Schmidt"},"description":"Sitio web de noticias de la provincia de Entre R\u00edos, Argentina. Informaci\u00f3n y entretenimiento. Informe Litoral, nos informamos.","sameAs":["http:\/\/www.isletasnoticias.com.ar"],"url":"https:\/\/informelitoral.com.ar\/author\/gonzalo\/"}]}},"_links":{"self":[{"href":"https:\/\/informelitoral.com.ar\/%77%70%2d%6a%73%6f%6e\/wp\/v2\/posts\/9301","targetHints":{"allow":["GET"]}}],"collection":[{"href":"https:\/\/informelitoral.com.ar\/%77%70%2d%6a%73%6f%6e\/wp\/v2\/posts"}],"about":[{"href":"https:\/\/informelitoral.com.ar\/%77%70%2d%6a%73%6f%6e\/wp\/v2\/types\/post"}],"author":[{"embeddable":true,"href":"https:\/\/informelitoral.com.ar\/%77%70%2d%6a%73%6f%6e\/wp\/v2\/users\/2"}],"replies":[{"embeddable":true,"href":"https:\/\/informelitoral.com.ar\/%77%70%2d%6a%73%6f%6e\/wp\/v2\/comments?post=9301"}],"version-history":[{"count":0,"href":"https:\/\/informelitoral.com.ar\/%77%70%2d%6a%73%6f%6e\/wp\/v2\/posts\/9301\/revisions"}],"wp:attachment":[{"href":"https:\/\/informelitoral.com.ar\/%77%70%2d%6a%73%6f%6e\/wp\/v2\/media?parent=9301"}],"wp:term":[{"taxonomy":"category","embeddable":true,"href":"https:\/\/informelitoral.com.ar\/%77%70%2d%6a%73%6f%6e\/wp\/v2\/categories?post=9301"},{"taxonomy":"post_tag","embeddable":true,"href":"https:\/\/informelitoral.com.ar\/%77%70%2d%6a%73%6f%6e\/wp\/v2\/tags?post=9301"}],"curies":[{"name":"wp","href":"https:\/\/api.w.org\/{rel}","templated":true}]}}