{"id":93004,"date":"2022-11-07T09:11:15","date_gmt":"2022-11-07T12:11:15","guid":{"rendered":"https:\/\/www.informelitoral.com.ar\/?p=93004"},"modified":"2022-11-07T09:16:24","modified_gmt":"2022-11-07T12:16:24","slug":"entre-rios-participo-del-plenario-del-consejo-federal-de-la-energia-electrica","status":"publish","type":"post","link":"https:\/\/informelitoral.com.ar\/entre-rios-participo-del-plenario-del-consejo-federal-de-la-energia-electrica\/","title":{"rendered":"Entre R\u00edos particip\u00f3 del Plenario del Consejo Federal de la Energ\u00eda El\u00e9ctrica"},"content":{"rendered":"<p>Representada por la secretaria de Energ\u00eda, Silvina Guerra, Entre R\u00edos asisti\u00f3 a la Reuni\u00f3n Plenaria N\u00b0 162 del Consejo Federal de la Energ\u00eda El\u00e9ctrica (CFEE). En este tipo de encuentros prevalece el federalismo, se unen y refuerzan lazos entre todas las provincias. Asimismo, se resuelven por consenso y equitativamente las necesidades de las jurisdicciones respecto a lo t\u00e9cnico, legal, y econ\u00f3mico\/financiero relacionadas con la infraestructura de energ\u00eda el\u00e9ctrica de todo el pa\u00eds.<\/p>\n<p>Salta fue sede de este nuevo encuentro y el acto de apertura estuvo encabezado por la secretaria de Energ\u00eda de la Naci\u00f3n, Flavia Royon, el gobernador, Gustavo Sa\u00e9nz, el subsecretario de Energ\u00eda El\u00e9ctrica, Santiago Yanotti, y el presidente del Comit\u00e9 Ejecutivo del CFEE, Miguel Angel Cortez.<\/p>\n<p>Respecto al trabajo con las provincias, Royon, consider\u00f3 que el CFEE es \u201cun \u00e1mbito acorde para desplegar una tarea coordinada, donde resulta fundamental la planificaci\u00f3n en materia energ\u00e9tica y una de las l\u00edneas de trabajo que tambi\u00e9n nos preocupa y nos aboca es tener una mirada de planificaci\u00f3n donde este Consejo tiene un rol protag\u00f3nico\u201d.<\/p>\n<p>En el mismo sentido, la secretaria de Energ\u00eda de la provincia, Silvina Guerra, destac\u00f3: \u00abEstamos orgullosos de la posici\u00f3n destacable que tiene Entre R\u00edos en este tipo de encuentros. Gracias a las cuentas ordenadas y estando al d\u00eda con la Compa\u00f1\u00eda Administradora del Mercado Mayorista El\u00e9ctrico S. A (CAMMESA) cumplimos un papel preponderante y de escucha atenta para las dem\u00e1s jurisdicciones. Es un claro ejemplo de que nuestras cuentas claras nos permiten previsibilidad, eficiencia energ\u00e9tica, realizaci\u00f3n de obras y sostener los subsidios para sectores vulnerables y tambi\u00e9n productivos\u00bb.<\/p>\n","protected":false},"excerpt":{"rendered":"<p>Entre R\u00edos, representada por la Secretar\u00eda Ministerial de Energ\u00eda, asisti\u00f3 a un nuevo encuentro federal para debatir y proyectar el desarrollo energ\u00e9tico del pa\u00eds. El acto de apertura estuvo encabezado por la secretaria de Energ\u00eda de Naci\u00f3n<\/p>\n","protected":false},"author":8,"featured_media":93015,"comment_status":"open","ping_status":"open","sticky":false,"template":"","format":"standard","meta":{"fifu_image_url":"","fifu_image_alt":"","footnotes":""},"categories":[6],"tags":[627],"class_list":{"0":"post-93004","1":"post","2":"type-post","3":"status-publish","4":"format-standard","5":"has-post-thumbnail","7":"category-entre-rios","8":"tag-energia-electrica"},"yoast_head":"<title>Entre R\u00edos particip\u00f3 del Plenario del Consejo Federal de la Energ\u00eda El\u00e9ctrica - Informe Litoral<\/title>\n<meta name=\"robots\" content=\"index, follow, max-snippet:-1, max-image-preview:large, max-video-preview:-1\" \/>\n<link rel=\"canonical\" href=\"https:\/\/informelitoral.com.ar\/entre-rios-participo-del-plenario-del-consejo-federal-de-la-energia-electrica\/\" \/>\n<meta property=\"og:locale\" content=\"es_ES\" \/>\n<meta property=\"og:type\" content=\"article\" \/>\n<meta property=\"og:title\" content=\"Entre R\u00edos particip\u00f3 del Plenario del Consejo Federal de la Energ\u00eda El\u00e9ctrica - Informe Litoral\" \/>\n<meta property=\"og:description\" content=\"Entre R\u00edos, representada por la Secretar\u00eda Ministerial de Energ\u00eda, asisti\u00f3 a un nuevo encuentro federal para debatir y proyectar el desarrollo energ\u00e9tico del pa\u00eds. El acto de apertura estuvo encabezado por la secretaria de Energ\u00eda de Naci\u00f3n\" \/>\n<meta property=\"og:url\" content=\"https:\/\/informelitoral.com.ar\/entre-rios-participo-del-plenario-del-consejo-federal-de-la-energia-electrica\/\" \/>\n<meta property=\"og:site_name\" content=\"Informe Litoral\" \/>\n<meta property=\"article:publisher\" content=\"https:\/\/www.facebook.com\/informelitoral\/\" \/>\n<meta property=\"article:published_time\" content=\"2022-11-07T12:11:15+00:00\" \/>\n<meta property=\"article:modified_time\" content=\"2022-11-07T12:16:24+00:00\" \/>\n<meta property=\"og:image\" content=\"https:\/\/informelitoral.com.ar\/%77%70%2d%63%6f%6e%74%65%6e%74\/uploads\/2022\/11\/o_1667820047.jpg\" \/>\n\t<meta property=\"og:image:width\" content=\"800\" \/>\n\t<meta property=\"og:image:height\" content=\"450\" \/>\n\t<meta property=\"og:image:type\" content=\"image\/jpeg\" \/>\n<meta name=\"author\" content=\"Sebastian\" \/>\n<meta name=\"twitter:card\" content=\"summary_large_image\" \/>\n<meta name=\"twitter:creator\" content=\"@InformeLitoral\" \/>\n<meta name=\"twitter:site\" content=\"@InformeLitoral\" \/>\n<meta name=\"twitter:label1\" content=\"Escrito por\" \/>\n\t<meta name=\"twitter:data1\" content=\"Sebastian\" \/>\n\t<meta name=\"twitter:label2\" content=\"Tiempo de lectura\" \/>\n\t<meta name=\"twitter:data2\" content=\"1 minuto\" \/>\n<script type=\"application\/ld+json\" class=\"yoast-schema-graph\">{\"@context\":\"https:\\\/\\\/schema.org\",\"@graph\":[{\"@type\":\"Article\",\"@id\":\"https:\\\/\\\/informelitoral.com.ar\\\/entre-rios-participo-del-plenario-del-consejo-federal-de-la-energia-electrica\\\/#article\",\"isPartOf\":{\"@id\":\"https:\\\/\\\/informelitoral.com.ar\\\/entre-rios-participo-del-plenario-del-consejo-federal-de-la-energia-electrica\\\/\"},\"author\":{\"name\":\"Sebastian\",\"@id\":\"https:\\\/\\\/informelitoral.com.ar\\\/#\\\/schema\\\/person\\\/f05f9f461677119578717524b127d6d5\"},\"headline\":\"Entre R\u00edos particip\u00f3 del Plenario del Consejo Federal de la Energ\u00eda El\u00e9ctrica\",\"datePublished\":\"2022-11-07T12:11:15+00:00\",\"dateModified\":\"2022-11-07T12:16:24+00:00\",\"mainEntityOfPage\":{\"@id\":\"https:\\\/\\\/informelitoral.com.ar\\\/entre-rios-participo-del-plenario-del-consejo-federal-de-la-energia-electrica\\\/\"},\"wordCount\":307,\"commentCount\":0,\"publisher\":{\"@id\":\"https:\\\/\\\/informelitoral.com.ar\\\/#organization\"},\"image\":{\"@id\":\"https:\\\/\\\/informelitoral.com.ar\\\/entre-rios-participo-del-plenario-del-consejo-federal-de-la-energia-electrica\\\/#primaryimage\"},\"thumbnailUrl\":\"https:\\\/\\\/informelitoral.com.ar\\\/%77%70%2d%63%6f%6e%74%65%6e%74\\\/uploads\\\/2022\\\/11\\\/o_1667820047.jpg\",\"keywords\":[\"Energ\u00eda el\u00e9ctrica\"],\"articleSection\":[\"Entre R\u00edos\"],\"inLanguage\":\"es\",\"potentialAction\":[{\"@type\":\"CommentAction\",\"name\":\"Comment\",\"target\":[\"https:\\\/\\\/informelitoral.com.ar\\\/entre-rios-participo-del-plenario-del-consejo-federal-de-la-energia-electrica\\\/#respond\"]}]},{\"@type\":\"WebPage\",\"@id\":\"https:\\\/\\\/informelitoral.com.ar\\\/entre-rios-participo-del-plenario-del-consejo-federal-de-la-energia-electrica\\\/\",\"url\":\"https:\\\/\\\/informelitoral.com.ar\\\/entre-rios-participo-del-plenario-del-consejo-federal-de-la-energia-electrica\\\/\",\"name\":\"Entre R\u00edos particip\u00f3 del Plenario del Consejo Federal de la Energ\u00eda El\u00e9ctrica - Informe Litoral\",\"isPartOf\":{\"@id\":\"https:\\\/\\\/informelitoral.com.ar\\\/#website\"},\"primaryImageOfPage\":{\"@id\":\"https:\\\/\\\/informelitoral.com.ar\\\/entre-rios-participo-del-plenario-del-consejo-federal-de-la-energia-electrica\\\/#primaryimage\"},\"image\":{\"@id\":\"https:\\\/\\\/informelitoral.com.ar\\\/entre-rios-participo-del-plenario-del-consejo-federal-de-la-energia-electrica\\\/#primaryimage\"},\"thumbnailUrl\":\"https:\\\/\\\/informelitoral.com.ar\\\/%77%70%2d%63%6f%6e%74%65%6e%74\\\/uploads\\\/2022\\\/11\\\/o_1667820047.jpg\",\"datePublished\":\"2022-11-07T12:11:15+00:00\",\"dateModified\":\"2022-11-07T12:16:24+00:00\",\"breadcrumb\":{\"@id\":\"https:\\\/\\\/informelitoral.com.ar\\\/entre-rios-participo-del-plenario-del-consejo-federal-de-la-energia-electrica\\\/#breadcrumb\"},\"inLanguage\":\"es\",\"potentialAction\":[{\"@type\":\"ReadAction\",\"target\":[\"https:\\\/\\\/informelitoral.com.ar\\\/entre-rios-participo-del-plenario-del-consejo-federal-de-la-energia-electrica\\\/\"]}]},{\"@type\":\"ImageObject\",\"inLanguage\":\"es\",\"@id\":\"https:\\\/\\\/informelitoral.com.ar\\\/entre-rios-participo-del-plenario-del-consejo-federal-de-la-energia-electrica\\\/#primaryimage\",\"url\":\"https:\\\/\\\/informelitoral.com.ar\\\/%77%70%2d%63%6f%6e%74%65%6e%74\\\/uploads\\\/2022\\\/11\\\/o_1667820047.jpg\",\"contentUrl\":\"https:\\\/\\\/informelitoral.com.ar\\\/%77%70%2d%63%6f%6e%74%65%6e%74\\\/uploads\\\/2022\\\/11\\\/o_1667820047.jpg\",\"width\":800,\"height\":450},{\"@type\":\"BreadcrumbList\",\"@id\":\"https:\\\/\\\/informelitoral.com.ar\\\/entre-rios-participo-del-plenario-del-consejo-federal-de-la-energia-electrica\\\/#breadcrumb\",\"itemListElement\":[{\"@type\":\"ListItem\",\"position\":1,\"name\":\"Portada\",\"item\":\"https:\\\/\\\/informelitoral.com.ar\\\/\"},{\"@type\":\"ListItem\",\"position\":2,\"name\":\"Entre R\u00edos particip\u00f3 del Plenario del Consejo Federal de la Energ\u00eda El\u00e9ctrica\"}]},{\"@type\":\"WebSite\",\"@id\":\"https:\\\/\\\/informelitoral.com.ar\\\/#website\",\"url\":\"https:\\\/\\\/informelitoral.com.ar\\\/\",\"name\":\"Informe Litoral\",\"description\":\"&quot;Nos informamos&quot; \",\"publisher\":{\"@id\":\"https:\\\/\\\/informelitoral.com.ar\\\/#organization\"},\"potentialAction\":[{\"@type\":\"SearchAction\",\"target\":{\"@type\":\"EntryPoint\",\"urlTemplate\":\"https:\\\/\\\/informelitoral.com.ar\\\/?s={search_term_string}\"},\"query-input\":{\"@type\":\"PropertyValueSpecification\",\"valueRequired\":true,\"valueName\":\"search_term_string\"}}],\"inLanguage\":\"es\"},{\"@type\":\"Organization\",\"@id\":\"https:\\\/\\\/informelitoral.com.ar\\\/#organization\",\"name\":\"Informe Litoral\",\"url\":\"https:\\\/\\\/informelitoral.com.ar\\\/\",\"logo\":{\"@type\":\"ImageObject\",\"inLanguage\":\"es\",\"@id\":\"https:\\\/\\\/informelitoral.com.ar\\\/#\\\/schema\\\/logo\\\/image\\\/\",\"url\":\"https:\\\/\\\/informelitoral.com.ar\\\/%77%70%2d%63%6f%6e%74%65%6e%74\\\/uploads\\\/2021\\\/01\\\/circulo.png\",\"contentUrl\":\"https:\\\/\\\/informelitoral.com.ar\\\/%77%70%2d%63%6f%6e%74%65%6e%74\\\/uploads\\\/2021\\\/01\\\/circulo.png\",\"width\":723,\"height\":731,\"caption\":\"Informe Litoral\"},\"image\":{\"@id\":\"https:\\\/\\\/informelitoral.com.ar\\\/#\\\/schema\\\/logo\\\/image\\\/\"},\"sameAs\":[\"https:\\\/\\\/www.facebook.com\\\/informelitoral\\\/\",\"https:\\\/\\\/x.com\\\/InformeLitoral\",\"https:\\\/\\\/www.instagram.com\\\/informelitoral\\\/\",\"https:\\\/\\\/www.youtube.com\\\/channel\\\/UCua4Qvz8Icb6MYqhoq9xLXw\"]},{\"@type\":\"Person\",\"@id\":\"https:\\\/\\\/informelitoral.com.ar\\\/#\\\/schema\\\/person\\\/f05f9f461677119578717524b127d6d5\",\"name\":\"Sebastian\",\"image\":{\"@type\":\"ImageObject\",\"inLanguage\":\"es\",\"@id\":\"https:\\\/\\\/secure.gravatar.com\\\/avatar\\\/b71bf7481d447dfb9583c7f2798e7cc64de6efb9067b74633ed8c31059a3bd82?s=96&d=mm&r=g\",\"url\":\"https:\\\/\\\/secure.gravatar.com\\\/avatar\\\/b71bf7481d447dfb9583c7f2798e7cc64de6efb9067b74633ed8c31059a3bd82?s=96&d=mm&r=g\",\"contentUrl\":\"https:\\\/\\\/secure.gravatar.com\\\/avatar\\\/b71bf7481d447dfb9583c7f2798e7cc64de6efb9067b74633ed8c31059a3bd82?s=96&d=mm&r=g\",\"caption\":\"Sebastian\"},\"url\":\"https:\\\/\\\/informelitoral.com.ar\\\/author\\\/sebastian\\\/\"}]}<\/script>","yoast_head_json":{"title":"Entre R\u00edos particip\u00f3 del Plenario del Consejo Federal de la Energ\u00eda El\u00e9ctrica - Informe Litoral","robots":{"index":"index","follow":"follow","max-snippet":"max-snippet:-1","max-image-preview":"max-image-preview:large","max-video-preview":"max-video-preview:-1"},"canonical":"https:\/\/informelitoral.com.ar\/entre-rios-participo-del-plenario-del-consejo-federal-de-la-energia-electrica\/","og_locale":"es_ES","og_type":"article","og_title":"Entre R\u00edos particip\u00f3 del Plenario del Consejo Federal de la Energ\u00eda El\u00e9ctrica - Informe Litoral","og_description":"Entre R\u00edos, representada por la Secretar\u00eda Ministerial de Energ\u00eda, asisti\u00f3 a un nuevo encuentro federal para debatir y proyectar el desarrollo energ\u00e9tico del pa\u00eds. El acto de apertura estuvo encabezado por la secretaria de Energ\u00eda de Naci\u00f3n","og_url":"https:\/\/informelitoral.com.ar\/entre-rios-participo-del-plenario-del-consejo-federal-de-la-energia-electrica\/","og_site_name":"Informe Litoral","article_publisher":"https:\/\/www.facebook.com\/informelitoral\/","article_published_time":"2022-11-07T12:11:15+00:00","article_modified_time":"2022-11-07T12:16:24+00:00","og_image":[{"width":800,"height":450,"url":"https:\/\/informelitoral.com.ar\/%77%70%2d%63%6f%6e%74%65%6e%74\/uploads\/2022\/11\/o_1667820047.jpg","type":"image\/jpeg"}],"author":"Sebastian","twitter_card":"summary_large_image","twitter_creator":"@InformeLitoral","twitter_site":"@InformeLitoral","twitter_misc":{"Escrito por":"Sebastian","Tiempo de lectura":"1 minuto"},"schema":{"@context":"https:\/\/schema.org","@graph":[{"@type":"Article","@id":"https:\/\/informelitoral.com.ar\/entre-rios-participo-del-plenario-del-consejo-federal-de-la-energia-electrica\/#article","isPartOf":{"@id":"https:\/\/informelitoral.com.ar\/entre-rios-participo-del-plenario-del-consejo-federal-de-la-energia-electrica\/"},"author":{"name":"Sebastian","@id":"https:\/\/informelitoral.com.ar\/#\/schema\/person\/f05f9f461677119578717524b127d6d5"},"headline":"Entre R\u00edos particip\u00f3 del Plenario del Consejo Federal de la Energ\u00eda El\u00e9ctrica","datePublished":"2022-11-07T12:11:15+00:00","dateModified":"2022-11-07T12:16:24+00:00","mainEntityOfPage":{"@id":"https:\/\/informelitoral.com.ar\/entre-rios-participo-del-plenario-del-consejo-federal-de-la-energia-electrica\/"},"wordCount":307,"commentCount":0,"publisher":{"@id":"https:\/\/informelitoral.com.ar\/#organization"},"image":{"@id":"https:\/\/informelitoral.com.ar\/entre-rios-participo-del-plenario-del-consejo-federal-de-la-energia-electrica\/#primaryimage"},"thumbnailUrl":"https:\/\/informelitoral.com.ar\/%77%70%2d%63%6f%6e%74%65%6e%74\/uploads\/2022\/11\/o_1667820047.jpg","keywords":["Energ\u00eda el\u00e9ctrica"],"articleSection":["Entre R\u00edos"],"inLanguage":"es","potentialAction":[{"@type":"CommentAction","name":"Comment","target":["https:\/\/informelitoral.com.ar\/entre-rios-participo-del-plenario-del-consejo-federal-de-la-energia-electrica\/#respond"]}]},{"@type":"WebPage","@id":"https:\/\/informelitoral.com.ar\/entre-rios-participo-del-plenario-del-consejo-federal-de-la-energia-electrica\/","url":"https:\/\/informelitoral.com.ar\/entre-rios-participo-del-plenario-del-consejo-federal-de-la-energia-electrica\/","name":"Entre R\u00edos particip\u00f3 del Plenario del Consejo Federal de la Energ\u00eda El\u00e9ctrica - Informe Litoral","isPartOf":{"@id":"https:\/\/informelitoral.com.ar\/#website"},"primaryImageOfPage":{"@id":"https:\/\/informelitoral.com.ar\/entre-rios-participo-del-plenario-del-consejo-federal-de-la-energia-electrica\/#primaryimage"},"image":{"@id":"https:\/\/informelitoral.com.ar\/entre-rios-participo-del-plenario-del-consejo-federal-de-la-energia-electrica\/#primaryimage"},"thumbnailUrl":"https:\/\/informelitoral.com.ar\/%77%70%2d%63%6f%6e%74%65%6e%74\/uploads\/2022\/11\/o_1667820047.jpg","datePublished":"2022-11-07T12:11:15+00:00","dateModified":"2022-11-07T12:16:24+00:00","breadcrumb":{"@id":"https:\/\/informelitoral.com.ar\/entre-rios-participo-del-plenario-del-consejo-federal-de-la-energia-electrica\/#breadcrumb"},"inLanguage":"es","potentialAction":[{"@type":"ReadAction","target":["https:\/\/informelitoral.com.ar\/entre-rios-participo-del-plenario-del-consejo-federal-de-la-energia-electrica\/"]}]},{"@type":"ImageObject","inLanguage":"es","@id":"https:\/\/informelitoral.com.ar\/entre-rios-participo-del-plenario-del-consejo-federal-de-la-energia-electrica\/#primaryimage","url":"https:\/\/informelitoral.com.ar\/%77%70%2d%63%6f%6e%74%65%6e%74\/uploads\/2022\/11\/o_1667820047.jpg","contentUrl":"https:\/\/informelitoral.com.ar\/%77%70%2d%63%6f%6e%74%65%6e%74\/uploads\/2022\/11\/o_1667820047.jpg","width":800,"height":450},{"@type":"BreadcrumbList","@id":"https:\/\/informelitoral.com.ar\/entre-rios-participo-del-plenario-del-consejo-federal-de-la-energia-electrica\/#breadcrumb","itemListElement":[{"@type":"ListItem","position":1,"name":"Portada","item":"https:\/\/informelitoral.com.ar\/"},{"@type":"ListItem","position":2,"name":"Entre R\u00edos particip\u00f3 del Plenario del Consejo Federal de la Energ\u00eda El\u00e9ctrica"}]},{"@type":"WebSite","@id":"https:\/\/informelitoral.com.ar\/#website","url":"https:\/\/informelitoral.com.ar\/","name":"Informe Litoral","description":"&quot;Nos informamos&quot; ","publisher":{"@id":"https:\/\/informelitoral.com.ar\/#organization"},"potentialAction":[{"@type":"SearchAction","target":{"@type":"EntryPoint","urlTemplate":"https:\/\/informelitoral.com.ar\/?s={search_term_string}"},"query-input":{"@type":"PropertyValueSpecification","valueRequired":true,"valueName":"search_term_string"}}],"inLanguage":"es"},{"@type":"Organization","@id":"https:\/\/informelitoral.com.ar\/#organization","name":"Informe Litoral","url":"https:\/\/informelitoral.com.ar\/","logo":{"@type":"ImageObject","inLanguage":"es","@id":"https:\/\/informelitoral.com.ar\/#\/schema\/logo\/image\/","url":"https:\/\/informelitoral.com.ar\/%77%70%2d%63%6f%6e%74%65%6e%74\/uploads\/2021\/01\/circulo.png","contentUrl":"https:\/\/informelitoral.com.ar\/%77%70%2d%63%6f%6e%74%65%6e%74\/uploads\/2021\/01\/circulo.png","width":723,"height":731,"caption":"Informe Litoral"},"image":{"@id":"https:\/\/informelitoral.com.ar\/#\/schema\/logo\/image\/"},"sameAs":["https:\/\/www.facebook.com\/informelitoral\/","https:\/\/x.com\/InformeLitoral","https:\/\/www.instagram.com\/informelitoral\/","https:\/\/www.youtube.com\/channel\/UCua4Qvz8Icb6MYqhoq9xLXw"]},{"@type":"Person","@id":"https:\/\/informelitoral.com.ar\/#\/schema\/person\/f05f9f461677119578717524b127d6d5","name":"Sebastian","image":{"@type":"ImageObject","inLanguage":"es","@id":"https:\/\/secure.gravatar.com\/avatar\/b71bf7481d447dfb9583c7f2798e7cc64de6efb9067b74633ed8c31059a3bd82?s=96&d=mm&r=g","url":"https:\/\/secure.gravatar.com\/avatar\/b71bf7481d447dfb9583c7f2798e7cc64de6efb9067b74633ed8c31059a3bd82?s=96&d=mm&r=g","contentUrl":"https:\/\/secure.gravatar.com\/avatar\/b71bf7481d447dfb9583c7f2798e7cc64de6efb9067b74633ed8c31059a3bd82?s=96&d=mm&r=g","caption":"Sebastian"},"url":"https:\/\/informelitoral.com.ar\/author\/sebastian\/"}]}},"_links":{"self":[{"href":"https:\/\/informelitoral.com.ar\/%77%70%2d%6a%73%6f%6e\/wp\/v2\/posts\/93004","targetHints":{"allow":["GET"]}}],"collection":[{"href":"https:\/\/informelitoral.com.ar\/%77%70%2d%6a%73%6f%6e\/wp\/v2\/posts"}],"about":[{"href":"https:\/\/informelitoral.com.ar\/%77%70%2d%6a%73%6f%6e\/wp\/v2\/types\/post"}],"author":[{"embeddable":true,"href":"https:\/\/informelitoral.com.ar\/%77%70%2d%6a%73%6f%6e\/wp\/v2\/users\/8"}],"replies":[{"embeddable":true,"href":"https:\/\/informelitoral.com.ar\/%77%70%2d%6a%73%6f%6e\/wp\/v2\/comments?post=93004"}],"version-history":[{"count":0,"href":"https:\/\/informelitoral.com.ar\/%77%70%2d%6a%73%6f%6e\/wp\/v2\/posts\/93004\/revisions"}],"wp:featuredmedia":[{"embeddable":true,"href":"https:\/\/informelitoral.com.ar\/%77%70%2d%6a%73%6f%6e\/wp\/v2\/media\/93015"}],"wp:attachment":[{"href":"https:\/\/informelitoral.com.ar\/%77%70%2d%6a%73%6f%6e\/wp\/v2\/media?parent=93004"}],"wp:term":[{"taxonomy":"category","embeddable":true,"href":"https:\/\/informelitoral.com.ar\/%77%70%2d%6a%73%6f%6e\/wp\/v2\/categories?post=93004"},{"taxonomy":"post_tag","embeddable":true,"href":"https:\/\/informelitoral.com.ar\/%77%70%2d%6a%73%6f%6e\/wp\/v2\/tags?post=93004"}],"curies":[{"name":"wp","href":"https:\/\/api.w.org\/{rel}","templated":true}]}}