{"id":9298,"date":"2014-12-17T11:20:45","date_gmt":"2014-12-17T14:20:45","guid":{"rendered":"http:\/\/www.isletasnoticias.com.ar\/?p=9298"},"modified":"2014-12-17T11:20:45","modified_gmt":"2014-12-17T14:20:45","slug":"en-medio-de-gran-operativo-maduro-condujo-en-parana","status":"publish","type":"post","link":"https:\/\/informelitoral.com.ar\/en-medio-de-gran-operativo-maduro-condujo-en-parana\/","title":{"rendered":"En medio de gran operativo, Maduro condujo en Paran\u00e1"},"content":{"rendered":"<p><strong>El presidente de Venezuela arrib\u00f3 este martes por la noche a la capital. Luego de saludar a la prensa y a funcionarios entrerrianos, sorprendi\u00f3 al conducir un coche escoltado por custodia. No es la primera vez que lo realiza.<a href=\"http:\/\/www.isletasnoticias.com.ar\/%77%70%2d%63%6f%6e%74%65%6e%74\/uploads\/2014\/12\/o_1418810726.jpg\"><img loading=\"lazy\" decoding=\"async\" class=\"aligncenter size-medium wp-image-9299\" src=\"http:\/\/www.isletasnoticias.com.ar\/%77%70%2d%63%6f%6e%74%65%6e%74\/uploads\/2014\/12\/o_1418810726-300x168.jpg\" alt=\"o_1418810726\" width=\"300\" height=\"168\" srcset=\"https:\/\/informelitoral.com.ar\/%77%70%2d%63%6f%6e%74%65%6e%74\/uploads\/2014\/12\/o_1418810726-300x168.jpg 300w, https:\/\/informelitoral.com.ar\/%77%70%2d%63%6f%6e%74%65%6e%74\/uploads\/2014\/12\/o_1418810726.jpg 640w\" sizes=\"auto, (max-width: 300px) 100vw, 300px\" \/><\/a><\/strong><\/p>\n<p>El presidente de Venezuela <strong>Nicol\u00e1s Maduro<\/strong> lleg\u00f3 este martes pasadas las 22:30 a Paran\u00e1. El mandatario venezolano baj\u00f3 del avi\u00f3n luciendo una gorra distintiva y fue recibido por el gobernador de Entre R\u00edos Sergio Urribarri, el vicegobernador Jos\u00e9 C\u00e1ceres, la intendenta Blanca Osuna y legisladores. El venezolano dirigi\u00f3 unas palabras a los presentes.<\/p>\n<p>\u201cHace tres d\u00edas estuvimos conmemorando los diez a\u00f1os del ALBA, con dos nuevas incorporaciones, un bloque integral que ha puesto lo social adelante, adem\u00e1s de la salud, la educaci\u00f3n, la vida, la vista de los pobres de la tierra, los trabajadores. Ha surgido la propuesta ya aprobada de una gran zona econ\u00f3mica de desarrollo com\u00fan compartido entre Petrocaribe, Mercosur, Alba. Se trata de 22 Estados\u201d, record\u00f3 Maduro.<\/p>\n<p>Durante el discurso se pudo ver el ajetreo de la custodia personal de Maduro y las fuerzas de seguridad. Un autom\u00f3vil para trasladar al presidente fue dispuesto a pocos metros, acompa\u00f1ado por veh\u00edculos con agentes.<\/p>\n<p>Mientras, al referirse a la visita a nuestro pa\u00eds, Maduro afirm\u00f3: \u201cEl Mercosur es nuestro espacio vital. No podemos fallar a los pueblos del Mercosur, Unasur y el Alba, debemos poner toda la voluntad. O lo hacemos ahora y nosotros, o no lo hace nadie\u201d.<\/p>\n<p>\u201cTenemos que hacer el esfuerzo supremo porque es el espacio estrat\u00e9gico vital, con lo que se puede hacer de verdad la nueva historia del nuevo mundo. Con la experiencia que se tiene de 20 a\u00f1os en el proceso de integraci\u00f3n econ\u00f3mica y asumiendo las tareas de hoy, constituir una gran zona econ\u00f3mica para enfrentar los problemas financieros que tenemos los pa\u00edses, para enfrentar la integraci\u00f3n de las cadenas productivas y procesos de reindustrializaci\u00f3n, de adecuaci\u00f3n tecnol\u00f3gica, de construcci\u00f3n de un mercado verdadero, justo, equilibrado, amplio, diverso. Estamos en nuestra \u00e1rea vital\u201d, afirm\u00f3 luego el Presidente de Venezuela a su arribo a Paran\u00e1.<\/p>\n<p><b>Fuerte seguridad para conducir por Paran\u00e1<\/b><br \/>\nTras pronunciar su discurso, Maduro se subi\u00f3 al veh\u00edculo oficial y lo condujo, integrando una caravana desde el Aeropuerto local por las calles de Paran\u00e1. No es la primera vez que el venezolano sorprende en sus visitas con tomar el volante de su autom\u00f3vil. El mandatario suele hacerlo encasi todas las visitas como un acto para recordar sus comienzos como chofer. Y es que a sus 51 a\u00f1os, fue ch\u00f3fer de autob\u00fas del sistema del transporte p\u00fablico estatal del Metro de Caracas, en el cual fund\u00f3 un sindicato en los a\u00f1os 90, antes de asumir una d\u00e9cada despu\u00e9s diversos cargos en el Legislativo y despu\u00e9s en el gobierno del presidente Hugo Ch\u00e1vez.<\/p>\n<p>El autom\u00f3vil conducido por Maduro fue escoltado por agentes de la guardia personal y custodiado por las fuerzas de seguridad de la Cumbre. En los \u00faltimos d\u00edas se conoci\u00f3 que semanas atr\u00e1s llegaron miembros de la seguridad de Maduro a la capital provincial para trabajar la log\u00edstica de seguridad. Tambi\u00e9n trascendi\u00f3 que entre invitados y funcionarios, la comitiva del venezolano tambi\u00e9n estar\u00eda integrada por oficiales de inteligencia militar y m\u00e9dicos civiles. Incluso se habl\u00f3 que la unidad m\u00e9dica presidencial que acompa\u00f1ar\u00eda a Maduro est\u00e1 integrada por cirujanos y anestesistas. Y es que suele ser un temor en el entorno del venezolano de que \u00e9ste sufra un atentado, y para ello extreman medidas al punto tal de contar con especialistas propios, capaces de intervenir en una cruj\u00eda. <em>(InformeDigital)<\/em><\/p>\n","protected":false},"excerpt":{"rendered":"<p>El presidente de Venezuela arrib&oacute; este martes por la noche a la capital. Luego de saludar a la prensa y a funcionarios entrerrianos, sorprendi&oacute; al conducir un coche escoltado por custodia. No es la primera vez que lo realiza. El presidente de Venezuela Nicol&aacute;s Maduro lleg&oacute; este martes pasadas las 22:30 a Paran&aacute;. El mandatario [&hellip;]<\/p>\n","protected":false},"author":2,"featured_media":0,"comment_status":"open","ping_status":"open","sticky":false,"template":"","format":"standard","meta":{"fifu_image_url":"","fifu_image_alt":"","footnotes":""},"categories":[6,7,16],"tags":[],"class_list":{"0":"post-9298","1":"post","2":"type-post","3":"status-publish","4":"format-standard","6":"category-entre-rios","7":"category-nacionales","8":"category-politi"},"yoast_head":"<title>En medio de gran operativo, Maduro condujo en Paran\u00e1 - Informe Litoral<\/title>\n<meta name=\"robots\" content=\"index, follow, max-snippet:-1, max-image-preview:large, max-video-preview:-1\" \/>\n<link rel=\"canonical\" href=\"https:\/\/informelitoral.com.ar\/en-medio-de-gran-operativo-maduro-condujo-en-parana\/\" \/>\n<meta property=\"og:locale\" content=\"es_ES\" \/>\n<meta property=\"og:type\" content=\"article\" \/>\n<meta property=\"og:title\" content=\"En medio de gran operativo, Maduro condujo en Paran\u00e1 - Informe Litoral\" \/>\n<meta property=\"og:description\" content=\"El presidente de Venezuela arrib&oacute; este martes por la noche a la capital. Luego de saludar a la prensa y a funcionarios entrerrianos, sorprendi&oacute; al conducir un coche escoltado por custodia. No es la primera vez que lo realiza. El presidente de Venezuela Nicol&aacute;s Maduro lleg&oacute; este martes pasadas las 22:30 a Paran&aacute;. El mandatario [&hellip;]\" \/>\n<meta property=\"og:url\" content=\"https:\/\/informelitoral.com.ar\/en-medio-de-gran-operativo-maduro-condujo-en-parana\/\" \/>\n<meta property=\"og:site_name\" content=\"Informe Litoral\" \/>\n<meta property=\"article:publisher\" content=\"https:\/\/www.facebook.com\/informelitoral\/\" \/>\n<meta property=\"article:published_time\" content=\"2014-12-17T14:20:45+00:00\" \/>\n<meta property=\"og:image\" content=\"https:\/\/informelitoral.com.ar\/%77%70%2d%63%6f%6e%74%65%6e%74\/uploads\/2014\/12\/o_1418810726.jpg\" \/>\n\t<meta property=\"og:image:width\" content=\"640\" \/>\n\t<meta property=\"og:image:height\" content=\"360\" \/>\n\t<meta property=\"og:image:type\" content=\"image\/jpeg\" \/>\n<meta name=\"author\" content=\"Gonzalo Schmidt\" \/>\n<meta name=\"twitter:card\" content=\"summary_large_image\" \/>\n<meta name=\"twitter:creator\" content=\"@InformeLitoral\" \/>\n<meta name=\"twitter:site\" content=\"@InformeLitoral\" \/>\n<meta name=\"twitter:label1\" content=\"Escrito por\" \/>\n\t<meta name=\"twitter:data1\" content=\"Gonzalo Schmidt\" \/>\n\t<meta name=\"twitter:label2\" content=\"Tiempo de lectura\" \/>\n\t<meta name=\"twitter:data2\" content=\"3 minutos\" \/>\n<script type=\"application\/ld+json\" class=\"yoast-schema-graph\">{\"@context\":\"https:\\\/\\\/schema.org\",\"@graph\":[{\"@type\":\"Article\",\"@id\":\"https:\\\/\\\/informelitoral.com.ar\\\/en-medio-de-gran-operativo-maduro-condujo-en-parana\\\/#article\",\"isPartOf\":{\"@id\":\"https:\\\/\\\/informelitoral.com.ar\\\/en-medio-de-gran-operativo-maduro-condujo-en-parana\\\/\"},\"author\":{\"name\":\"Gonzalo Schmidt\",\"@id\":\"https:\\\/\\\/informelitoral.com.ar\\\/#\\\/schema\\\/person\\\/b9d00407c836482871ef1d57bf8e3180\"},\"headline\":\"En medio de gran operativo, Maduro condujo en Paran\u00e1\",\"datePublished\":\"2014-12-17T14:20:45+00:00\",\"mainEntityOfPage\":{\"@id\":\"https:\\\/\\\/informelitoral.com.ar\\\/en-medio-de-gran-operativo-maduro-condujo-en-parana\\\/\"},\"wordCount\":638,\"commentCount\":0,\"publisher\":{\"@id\":\"https:\\\/\\\/informelitoral.com.ar\\\/#organization\"},\"image\":{\"@id\":\"https:\\\/\\\/informelitoral.com.ar\\\/en-medio-de-gran-operativo-maduro-condujo-en-parana\\\/#primaryimage\"},\"thumbnailUrl\":\"http:\\\/\\\/www.isletasnoticias.com.ar\\\/%77%70%2d%63%6f%6e%74%65%6e%74\\\/uploads\\\/2014\\\/12\\\/o_1418810726-300x168.jpg\",\"articleSection\":[\"Entre R\u00edos\",\"Nacionales\",\"Politica\"],\"inLanguage\":\"es\",\"potentialAction\":[{\"@type\":\"CommentAction\",\"name\":\"Comment\",\"target\":[\"https:\\\/\\\/informelitoral.com.ar\\\/en-medio-de-gran-operativo-maduro-condujo-en-parana\\\/#respond\"]}]},{\"@type\":\"WebPage\",\"@id\":\"https:\\\/\\\/informelitoral.com.ar\\\/en-medio-de-gran-operativo-maduro-condujo-en-parana\\\/\",\"url\":\"https:\\\/\\\/informelitoral.com.ar\\\/en-medio-de-gran-operativo-maduro-condujo-en-parana\\\/\",\"name\":\"En medio de gran operativo, Maduro condujo en Paran\u00e1 - Informe Litoral\",\"isPartOf\":{\"@id\":\"https:\\\/\\\/informelitoral.com.ar\\\/#website\"},\"primaryImageOfPage\":{\"@id\":\"https:\\\/\\\/informelitoral.com.ar\\\/en-medio-de-gran-operativo-maduro-condujo-en-parana\\\/#primaryimage\"},\"image\":{\"@id\":\"https:\\\/\\\/informelitoral.com.ar\\\/en-medio-de-gran-operativo-maduro-condujo-en-parana\\\/#primaryimage\"},\"thumbnailUrl\":\"http:\\\/\\\/www.isletasnoticias.com.ar\\\/%77%70%2d%63%6f%6e%74%65%6e%74\\\/uploads\\\/2014\\\/12\\\/o_1418810726-300x168.jpg\",\"datePublished\":\"2014-12-17T14:20:45+00:00\",\"breadcrumb\":{\"@id\":\"https:\\\/\\\/informelitoral.com.ar\\\/en-medio-de-gran-operativo-maduro-condujo-en-parana\\\/#breadcrumb\"},\"inLanguage\":\"es\",\"potentialAction\":[{\"@type\":\"ReadAction\",\"target\":[\"https:\\\/\\\/informelitoral.com.ar\\\/en-medio-de-gran-operativo-maduro-condujo-en-parana\\\/\"]}]},{\"@type\":\"ImageObject\",\"inLanguage\":\"es\",\"@id\":\"https:\\\/\\\/informelitoral.com.ar\\\/en-medio-de-gran-operativo-maduro-condujo-en-parana\\\/#primaryimage\",\"url\":\"http:\\\/\\\/www.isletasnoticias.com.ar\\\/%77%70%2d%63%6f%6e%74%65%6e%74\\\/uploads\\\/2014\\\/12\\\/o_1418810726-300x168.jpg\",\"contentUrl\":\"http:\\\/\\\/www.isletasnoticias.com.ar\\\/%77%70%2d%63%6f%6e%74%65%6e%74\\\/uploads\\\/2014\\\/12\\\/o_1418810726-300x168.jpg\"},{\"@type\":\"BreadcrumbList\",\"@id\":\"https:\\\/\\\/informelitoral.com.ar\\\/en-medio-de-gran-operativo-maduro-condujo-en-parana\\\/#breadcrumb\",\"itemListElement\":[{\"@type\":\"ListItem\",\"position\":1,\"name\":\"Portada\",\"item\":\"https:\\\/\\\/informelitoral.com.ar\\\/\"},{\"@type\":\"ListItem\",\"position\":2,\"name\":\"En medio de gran operativo, Maduro condujo en Paran\u00e1\"}]},{\"@type\":\"WebSite\",\"@id\":\"https:\\\/\\\/informelitoral.com.ar\\\/#website\",\"url\":\"https:\\\/\\\/informelitoral.com.ar\\\/\",\"name\":\"Informe Litoral\",\"description\":\"&quot;Nos informamos&quot; \",\"publisher\":{\"@id\":\"https:\\\/\\\/informelitoral.com.ar\\\/#organization\"},\"potentialAction\":[{\"@type\":\"SearchAction\",\"target\":{\"@type\":\"EntryPoint\",\"urlTemplate\":\"https:\\\/\\\/informelitoral.com.ar\\\/?s={search_term_string}\"},\"query-input\":{\"@type\":\"PropertyValueSpecification\",\"valueRequired\":true,\"valueName\":\"search_term_string\"}}],\"inLanguage\":\"es\"},{\"@type\":\"Organization\",\"@id\":\"https:\\\/\\\/informelitoral.com.ar\\\/#organization\",\"name\":\"Informe Litoral\",\"url\":\"https:\\\/\\\/informelitoral.com.ar\\\/\",\"logo\":{\"@type\":\"ImageObject\",\"inLanguage\":\"es\",\"@id\":\"https:\\\/\\\/informelitoral.com.ar\\\/#\\\/schema\\\/logo\\\/image\\\/\",\"url\":\"https:\\\/\\\/informelitoral.com.ar\\\/%77%70%2d%63%6f%6e%74%65%6e%74\\\/uploads\\\/2021\\\/01\\\/circulo.png\",\"contentUrl\":\"https:\\\/\\\/informelitoral.com.ar\\\/%77%70%2d%63%6f%6e%74%65%6e%74\\\/uploads\\\/2021\\\/01\\\/circulo.png\",\"width\":723,\"height\":731,\"caption\":\"Informe Litoral\"},\"image\":{\"@id\":\"https:\\\/\\\/informelitoral.com.ar\\\/#\\\/schema\\\/logo\\\/image\\\/\"},\"sameAs\":[\"https:\\\/\\\/www.facebook.com\\\/informelitoral\\\/\",\"https:\\\/\\\/x.com\\\/InformeLitoral\",\"https:\\\/\\\/www.instagram.com\\\/informelitoral\\\/\",\"https:\\\/\\\/www.youtube.com\\\/channel\\\/UCua4Qvz8Icb6MYqhoq9xLXw\"]},{\"@type\":\"Person\",\"@id\":\"https:\\\/\\\/informelitoral.com.ar\\\/#\\\/schema\\\/person\\\/b9d00407c836482871ef1d57bf8e3180\",\"name\":\"Gonzalo Schmidt\",\"image\":{\"@type\":\"ImageObject\",\"inLanguage\":\"es\",\"@id\":\"https:\\\/\\\/secure.gravatar.com\\\/avatar\\\/31a1a7b66ff2de83bd0e9fd79d026630d2d99e55e8bfe501287647b4fd9743de?s=96&d=mm&r=g\",\"url\":\"https:\\\/\\\/secure.gravatar.com\\\/avatar\\\/31a1a7b66ff2de83bd0e9fd79d026630d2d99e55e8bfe501287647b4fd9743de?s=96&d=mm&r=g\",\"contentUrl\":\"https:\\\/\\\/secure.gravatar.com\\\/avatar\\\/31a1a7b66ff2de83bd0e9fd79d026630d2d99e55e8bfe501287647b4fd9743de?s=96&d=mm&r=g\",\"caption\":\"Gonzalo Schmidt\"},\"description\":\"Sitio web de noticias de la provincia de Entre R\u00edos, Argentina. Informaci\u00f3n y entretenimiento. Informe Litoral, nos informamos.\",\"sameAs\":[\"http:\\\/\\\/www.isletasnoticias.com.ar\"],\"url\":\"https:\\\/\\\/informelitoral.com.ar\\\/author\\\/gonzalo\\\/\"}]}<\/script>","yoast_head_json":{"title":"En medio de gran operativo, Maduro condujo en Paran\u00e1 - Informe Litoral","robots":{"index":"index","follow":"follow","max-snippet":"max-snippet:-1","max-image-preview":"max-image-preview:large","max-video-preview":"max-video-preview:-1"},"canonical":"https:\/\/informelitoral.com.ar\/en-medio-de-gran-operativo-maduro-condujo-en-parana\/","og_locale":"es_ES","og_type":"article","og_title":"En medio de gran operativo, Maduro condujo en Paran\u00e1 - Informe Litoral","og_description":"El presidente de Venezuela arrib&oacute; este martes por la noche a la capital. Luego de saludar a la prensa y a funcionarios entrerrianos, sorprendi&oacute; al conducir un coche escoltado por custodia. No es la primera vez que lo realiza. El presidente de Venezuela Nicol&aacute;s Maduro lleg&oacute; este martes pasadas las 22:30 a Paran&aacute;. El mandatario [&hellip;]","og_url":"https:\/\/informelitoral.com.ar\/en-medio-de-gran-operativo-maduro-condujo-en-parana\/","og_site_name":"Informe Litoral","article_publisher":"https:\/\/www.facebook.com\/informelitoral\/","article_published_time":"2014-12-17T14:20:45+00:00","og_image":[{"width":640,"height":360,"url":"https:\/\/informelitoral.com.ar\/%77%70%2d%63%6f%6e%74%65%6e%74\/uploads\/2014\/12\/o_1418810726.jpg","type":"image\/jpeg"}],"author":"Gonzalo Schmidt","twitter_card":"summary_large_image","twitter_creator":"@InformeLitoral","twitter_site":"@InformeLitoral","twitter_misc":{"Escrito por":"Gonzalo Schmidt","Tiempo de lectura":"3 minutos"},"schema":{"@context":"https:\/\/schema.org","@graph":[{"@type":"Article","@id":"https:\/\/informelitoral.com.ar\/en-medio-de-gran-operativo-maduro-condujo-en-parana\/#article","isPartOf":{"@id":"https:\/\/informelitoral.com.ar\/en-medio-de-gran-operativo-maduro-condujo-en-parana\/"},"author":{"name":"Gonzalo Schmidt","@id":"https:\/\/informelitoral.com.ar\/#\/schema\/person\/b9d00407c836482871ef1d57bf8e3180"},"headline":"En medio de gran operativo, Maduro condujo en Paran\u00e1","datePublished":"2014-12-17T14:20:45+00:00","mainEntityOfPage":{"@id":"https:\/\/informelitoral.com.ar\/en-medio-de-gran-operativo-maduro-condujo-en-parana\/"},"wordCount":638,"commentCount":0,"publisher":{"@id":"https:\/\/informelitoral.com.ar\/#organization"},"image":{"@id":"https:\/\/informelitoral.com.ar\/en-medio-de-gran-operativo-maduro-condujo-en-parana\/#primaryimage"},"thumbnailUrl":"http:\/\/www.isletasnoticias.com.ar\/%77%70%2d%63%6f%6e%74%65%6e%74\/uploads\/2014\/12\/o_1418810726-300x168.jpg","articleSection":["Entre R\u00edos","Nacionales","Politica"],"inLanguage":"es","potentialAction":[{"@type":"CommentAction","name":"Comment","target":["https:\/\/informelitoral.com.ar\/en-medio-de-gran-operativo-maduro-condujo-en-parana\/#respond"]}]},{"@type":"WebPage","@id":"https:\/\/informelitoral.com.ar\/en-medio-de-gran-operativo-maduro-condujo-en-parana\/","url":"https:\/\/informelitoral.com.ar\/en-medio-de-gran-operativo-maduro-condujo-en-parana\/","name":"En medio de gran operativo, Maduro condujo en Paran\u00e1 - Informe Litoral","isPartOf":{"@id":"https:\/\/informelitoral.com.ar\/#website"},"primaryImageOfPage":{"@id":"https:\/\/informelitoral.com.ar\/en-medio-de-gran-operativo-maduro-condujo-en-parana\/#primaryimage"},"image":{"@id":"https:\/\/informelitoral.com.ar\/en-medio-de-gran-operativo-maduro-condujo-en-parana\/#primaryimage"},"thumbnailUrl":"http:\/\/www.isletasnoticias.com.ar\/%77%70%2d%63%6f%6e%74%65%6e%74\/uploads\/2014\/12\/o_1418810726-300x168.jpg","datePublished":"2014-12-17T14:20:45+00:00","breadcrumb":{"@id":"https:\/\/informelitoral.com.ar\/en-medio-de-gran-operativo-maduro-condujo-en-parana\/#breadcrumb"},"inLanguage":"es","potentialAction":[{"@type":"ReadAction","target":["https:\/\/informelitoral.com.ar\/en-medio-de-gran-operativo-maduro-condujo-en-parana\/"]}]},{"@type":"ImageObject","inLanguage":"es","@id":"https:\/\/informelitoral.com.ar\/en-medio-de-gran-operativo-maduro-condujo-en-parana\/#primaryimage","url":"http:\/\/www.isletasnoticias.com.ar\/%77%70%2d%63%6f%6e%74%65%6e%74\/uploads\/2014\/12\/o_1418810726-300x168.jpg","contentUrl":"http:\/\/www.isletasnoticias.com.ar\/%77%70%2d%63%6f%6e%74%65%6e%74\/uploads\/2014\/12\/o_1418810726-300x168.jpg"},{"@type":"BreadcrumbList","@id":"https:\/\/informelitoral.com.ar\/en-medio-de-gran-operativo-maduro-condujo-en-parana\/#breadcrumb","itemListElement":[{"@type":"ListItem","position":1,"name":"Portada","item":"https:\/\/informelitoral.com.ar\/"},{"@type":"ListItem","position":2,"name":"En medio de gran operativo, Maduro condujo en Paran\u00e1"}]},{"@type":"WebSite","@id":"https:\/\/informelitoral.com.ar\/#website","url":"https:\/\/informelitoral.com.ar\/","name":"Informe Litoral","description":"&quot;Nos informamos&quot; ","publisher":{"@id":"https:\/\/informelitoral.com.ar\/#organization"},"potentialAction":[{"@type":"SearchAction","target":{"@type":"EntryPoint","urlTemplate":"https:\/\/informelitoral.com.ar\/?s={search_term_string}"},"query-input":{"@type":"PropertyValueSpecification","valueRequired":true,"valueName":"search_term_string"}}],"inLanguage":"es"},{"@type":"Organization","@id":"https:\/\/informelitoral.com.ar\/#organization","name":"Informe Litoral","url":"https:\/\/informelitoral.com.ar\/","logo":{"@type":"ImageObject","inLanguage":"es","@id":"https:\/\/informelitoral.com.ar\/#\/schema\/logo\/image\/","url":"https:\/\/informelitoral.com.ar\/%77%70%2d%63%6f%6e%74%65%6e%74\/uploads\/2021\/01\/circulo.png","contentUrl":"https:\/\/informelitoral.com.ar\/%77%70%2d%63%6f%6e%74%65%6e%74\/uploads\/2021\/01\/circulo.png","width":723,"height":731,"caption":"Informe Litoral"},"image":{"@id":"https:\/\/informelitoral.com.ar\/#\/schema\/logo\/image\/"},"sameAs":["https:\/\/www.facebook.com\/informelitoral\/","https:\/\/x.com\/InformeLitoral","https:\/\/www.instagram.com\/informelitoral\/","https:\/\/www.youtube.com\/channel\/UCua4Qvz8Icb6MYqhoq9xLXw"]},{"@type":"Person","@id":"https:\/\/informelitoral.com.ar\/#\/schema\/person\/b9d00407c836482871ef1d57bf8e3180","name":"Gonzalo Schmidt","image":{"@type":"ImageObject","inLanguage":"es","@id":"https:\/\/secure.gravatar.com\/avatar\/31a1a7b66ff2de83bd0e9fd79d026630d2d99e55e8bfe501287647b4fd9743de?s=96&d=mm&r=g","url":"https:\/\/secure.gravatar.com\/avatar\/31a1a7b66ff2de83bd0e9fd79d026630d2d99e55e8bfe501287647b4fd9743de?s=96&d=mm&r=g","contentUrl":"https:\/\/secure.gravatar.com\/avatar\/31a1a7b66ff2de83bd0e9fd79d026630d2d99e55e8bfe501287647b4fd9743de?s=96&d=mm&r=g","caption":"Gonzalo Schmidt"},"description":"Sitio web de noticias de la provincia de Entre R\u00edos, Argentina. Informaci\u00f3n y entretenimiento. Informe Litoral, nos informamos.","sameAs":["http:\/\/www.isletasnoticias.com.ar"],"url":"https:\/\/informelitoral.com.ar\/author\/gonzalo\/"}]}},"_links":{"self":[{"href":"https:\/\/informelitoral.com.ar\/%77%70%2d%6a%73%6f%6e\/wp\/v2\/posts\/9298","targetHints":{"allow":["GET"]}}],"collection":[{"href":"https:\/\/informelitoral.com.ar\/%77%70%2d%6a%73%6f%6e\/wp\/v2\/posts"}],"about":[{"href":"https:\/\/informelitoral.com.ar\/%77%70%2d%6a%73%6f%6e\/wp\/v2\/types\/post"}],"author":[{"embeddable":true,"href":"https:\/\/informelitoral.com.ar\/%77%70%2d%6a%73%6f%6e\/wp\/v2\/users\/2"}],"replies":[{"embeddable":true,"href":"https:\/\/informelitoral.com.ar\/%77%70%2d%6a%73%6f%6e\/wp\/v2\/comments?post=9298"}],"version-history":[{"count":0,"href":"https:\/\/informelitoral.com.ar\/%77%70%2d%6a%73%6f%6e\/wp\/v2\/posts\/9298\/revisions"}],"wp:attachment":[{"href":"https:\/\/informelitoral.com.ar\/%77%70%2d%6a%73%6f%6e\/wp\/v2\/media?parent=9298"}],"wp:term":[{"taxonomy":"category","embeddable":true,"href":"https:\/\/informelitoral.com.ar\/%77%70%2d%6a%73%6f%6e\/wp\/v2\/categories?post=9298"},{"taxonomy":"post_tag","embeddable":true,"href":"https:\/\/informelitoral.com.ar\/%77%70%2d%6a%73%6f%6e\/wp\/v2\/tags?post=9298"}],"curies":[{"name":"wp","href":"https:\/\/api.w.org\/{rel}","templated":true}]}}