{"id":9295,"date":"2014-12-17T11:16:10","date_gmt":"2014-12-17T14:16:10","guid":{"rendered":"http:\/\/www.isletasnoticias.com.ar\/?p=9295"},"modified":"2014-12-17T11:16:10","modified_gmt":"2014-12-17T14:16:10","slug":"el-papa-celebra-sus-78-anos-y-sera-homenajeado-en-el-vaticano","status":"publish","type":"post","link":"https:\/\/informelitoral.com.ar\/el-papa-celebra-sus-78-anos-y-sera-homenajeado-en-el-vaticano\/","title":{"rendered":"El Papa celebra sus 78 a\u00f1os y ser\u00e1 homenajeado en el Vaticano"},"content":{"rendered":"<p><strong>Durante la audiencia de hoy, los fieles prepararon pancartas con sus felicitaciones y llevaron sus regalos a la plaza de San Pedro con el deseo de poder entregarlos al pont\u00edfice cuando pase a su lado durante el habitual recorrido que realiza en el papam\u00f3vil.<a href=\"http:\/\/www.isletasnoticias.com.ar\/%77%70%2d%63%6f%6e%74%65%6e%74\/uploads\/2014\/12\/papa_0_0.jpg\"><img loading=\"lazy\" decoding=\"async\" class=\"aligncenter size-medium wp-image-9296\" src=\"http:\/\/www.isletasnoticias.com.ar\/%77%70%2d%63%6f%6e%74%65%6e%74\/uploads\/2014\/12\/papa_0_0-300x150.jpg\" alt=\"papa_0_0\" width=\"300\" height=\"150\" srcset=\"https:\/\/informelitoral.com.ar\/%77%70%2d%63%6f%6e%74%65%6e%74\/uploads\/2014\/12\/papa_0_0-300x150.jpg 300w, https:\/\/informelitoral.com.ar\/%77%70%2d%63%6f%6e%74%65%6e%74\/uploads\/2014\/12\/papa_0_0-1024x512.jpg 1024w, https:\/\/informelitoral.com.ar\/%77%70%2d%63%6f%6e%74%65%6e%74\/uploads\/2014\/12\/papa_0_0.jpg 1600w\" sizes=\"auto, (max-width: 300px) 100vw, 300px\" \/><\/a><\/strong><\/p>\n<p class=\"first\">Francisco cumple \u00e9ste mi\u00e9rcoles 78 a\u00f1os y aunque no hay festejos programados podr\u00e1 recibir personalmente las felicitaciones de los fieles al celebrarse la tradicional audiencia general en la Plaza de San Pedro.<\/p>\n<p>El Vaticano no program\u00f3 ning\u00fan acto oficial, porque no es costumbre del Vaticano festejar los cumplea\u00f1os de los pont\u00edfices, pero desde hace d\u00edas llegan al peque\u00f1o Estado mensajes de todo el mundo para felicitar al papa nacido en Buenos Aires.<\/p>\n<p>Durante la audiencia de hoy, los fieles prepararon pancartas con sus felicitaciones y llevaron sus regalos a la Plaza de San Pedro con el deseo de poder entregarlos al pont\u00edfice cuando pase a su lado durante el habitual recorrido que realiza en el papam\u00f3vil.<\/p>\n<p>Tras la audiencia, una italiana apasionada del tango, Cristina Camorani, organiz\u00f3 en la plaza de San Pedro una exhibici\u00f3n, a la que adhirieron unas 2.000 personas en las redes sociales.<\/p>\n<p>Ser\u00e1 \u00abel mayor evento de Milonga del mundo\u00bb en honor del papa argentino, aseguran en la p\u00e1gina de la red social Facebook que promueve el evento bajo el lema \u00abun tango para Francisco\u00bb, seg\u00fan reproduce la agencia EFE.<\/p>\n<p>Su primer cumplea\u00f1os como papa lo pas\u00f3 con cuatro sin techo que viven en los alrededores del Vaticano y con el personal que trabaja en Santa Marta, la residencia donde se aloja, con quienes comparti\u00f3 el desayuno.<\/p>\n","protected":false},"excerpt":{"rendered":"<p>Durante la audiencia de hoy, los fieles prepararon pancartas con sus felicitaciones y llevaron sus regalos a la plaza de San Pedro con el deseo de poder entregarlos al pont&iacute;fice cuando pase a su lado durante el habitual recorrido que realiza en el papam&oacute;vil. Francisco cumple &eacute;ste mi&eacute;rcoles 78 a&ntilde;os y aunque no hay festejos [&hellip;]<\/p>\n","protected":false},"author":2,"featured_media":0,"comment_status":"open","ping_status":"open","sticky":false,"template":"","format":"standard","meta":{"fifu_image_url":"","fifu_image_alt":"","footnotes":""},"categories":[6,7,16],"tags":[],"class_list":{"0":"post-9295","1":"post","2":"type-post","3":"status-publish","4":"format-standard","6":"category-entre-rios","7":"category-nacionales","8":"category-politi"},"yoast_head":"<title>El Papa celebra sus 78 a\u00f1os y ser\u00e1 homenajeado en el Vaticano - Informe Litoral<\/title>\n<meta name=\"robots\" content=\"index, follow, max-snippet:-1, max-image-preview:large, max-video-preview:-1\" \/>\n<link rel=\"canonical\" href=\"https:\/\/informelitoral.com.ar\/el-papa-celebra-sus-78-anos-y-sera-homenajeado-en-el-vaticano\/\" \/>\n<meta property=\"og:locale\" content=\"es_ES\" \/>\n<meta property=\"og:type\" content=\"article\" \/>\n<meta property=\"og:title\" content=\"El Papa celebra sus 78 a\u00f1os y ser\u00e1 homenajeado en el Vaticano - Informe Litoral\" \/>\n<meta property=\"og:description\" content=\"Durante la audiencia de hoy, los fieles prepararon pancartas con sus felicitaciones y llevaron sus regalos a la plaza de San Pedro con el deseo de poder entregarlos al pont&iacute;fice cuando pase a su lado durante el habitual recorrido que realiza en el papam&oacute;vil. Francisco cumple &eacute;ste mi&eacute;rcoles 78 a&ntilde;os y aunque no hay festejos [&hellip;]\" \/>\n<meta property=\"og:url\" content=\"https:\/\/informelitoral.com.ar\/el-papa-celebra-sus-78-anos-y-sera-homenajeado-en-el-vaticano\/\" \/>\n<meta property=\"og:site_name\" content=\"Informe Litoral\" \/>\n<meta property=\"article:publisher\" content=\"https:\/\/www.facebook.com\/informelitoral\/\" \/>\n<meta property=\"article:published_time\" content=\"2014-12-17T14:16:10+00:00\" \/>\n<meta property=\"og:image\" content=\"https:\/\/informelitoral.com.ar\/%77%70%2d%63%6f%6e%74%65%6e%74\/uploads\/2014\/12\/papa_0_0.jpg\" \/>\n\t<meta property=\"og:image:width\" content=\"1600\" \/>\n\t<meta property=\"og:image:height\" content=\"800\" \/>\n\t<meta property=\"og:image:type\" content=\"image\/jpeg\" \/>\n<meta name=\"author\" content=\"Gonzalo Schmidt\" \/>\n<meta name=\"twitter:card\" content=\"summary_large_image\" \/>\n<meta name=\"twitter:creator\" content=\"@InformeLitoral\" \/>\n<meta name=\"twitter:site\" content=\"@InformeLitoral\" \/>\n<meta name=\"twitter:label1\" content=\"Escrito por\" \/>\n\t<meta name=\"twitter:data1\" content=\"Gonzalo Schmidt\" \/>\n\t<meta name=\"twitter:label2\" content=\"Tiempo de lectura\" \/>\n\t<meta name=\"twitter:data2\" content=\"1 minuto\" \/>\n<script type=\"application\/ld+json\" class=\"yoast-schema-graph\">{\"@context\":\"https:\\\/\\\/schema.org\",\"@graph\":[{\"@type\":\"Article\",\"@id\":\"https:\\\/\\\/informelitoral.com.ar\\\/el-papa-celebra-sus-78-anos-y-sera-homenajeado-en-el-vaticano\\\/#article\",\"isPartOf\":{\"@id\":\"https:\\\/\\\/informelitoral.com.ar\\\/el-papa-celebra-sus-78-anos-y-sera-homenajeado-en-el-vaticano\\\/\"},\"author\":{\"name\":\"Gonzalo Schmidt\",\"@id\":\"https:\\\/\\\/informelitoral.com.ar\\\/#\\\/schema\\\/person\\\/b9d00407c836482871ef1d57bf8e3180\"},\"headline\":\"El Papa celebra sus 78 a\u00f1os y ser\u00e1 homenajeado en el Vaticano\",\"datePublished\":\"2014-12-17T14:16:10+00:00\",\"mainEntityOfPage\":{\"@id\":\"https:\\\/\\\/informelitoral.com.ar\\\/el-papa-celebra-sus-78-anos-y-sera-homenajeado-en-el-vaticano\\\/\"},\"wordCount\":290,\"commentCount\":0,\"publisher\":{\"@id\":\"https:\\\/\\\/informelitoral.com.ar\\\/#organization\"},\"image\":{\"@id\":\"https:\\\/\\\/informelitoral.com.ar\\\/el-papa-celebra-sus-78-anos-y-sera-homenajeado-en-el-vaticano\\\/#primaryimage\"},\"thumbnailUrl\":\"http:\\\/\\\/www.isletasnoticias.com.ar\\\/%77%70%2d%63%6f%6e%74%65%6e%74\\\/uploads\\\/2014\\\/12\\\/papa_0_0-300x150.jpg\",\"articleSection\":[\"Entre R\u00edos\",\"Nacionales\",\"Politica\"],\"inLanguage\":\"es\",\"potentialAction\":[{\"@type\":\"CommentAction\",\"name\":\"Comment\",\"target\":[\"https:\\\/\\\/informelitoral.com.ar\\\/el-papa-celebra-sus-78-anos-y-sera-homenajeado-en-el-vaticano\\\/#respond\"]}]},{\"@type\":\"WebPage\",\"@id\":\"https:\\\/\\\/informelitoral.com.ar\\\/el-papa-celebra-sus-78-anos-y-sera-homenajeado-en-el-vaticano\\\/\",\"url\":\"https:\\\/\\\/informelitoral.com.ar\\\/el-papa-celebra-sus-78-anos-y-sera-homenajeado-en-el-vaticano\\\/\",\"name\":\"El Papa celebra sus 78 a\u00f1os y ser\u00e1 homenajeado en el Vaticano - Informe Litoral\",\"isPartOf\":{\"@id\":\"https:\\\/\\\/informelitoral.com.ar\\\/#website\"},\"primaryImageOfPage\":{\"@id\":\"https:\\\/\\\/informelitoral.com.ar\\\/el-papa-celebra-sus-78-anos-y-sera-homenajeado-en-el-vaticano\\\/#primaryimage\"},\"image\":{\"@id\":\"https:\\\/\\\/informelitoral.com.ar\\\/el-papa-celebra-sus-78-anos-y-sera-homenajeado-en-el-vaticano\\\/#primaryimage\"},\"thumbnailUrl\":\"http:\\\/\\\/www.isletasnoticias.com.ar\\\/%77%70%2d%63%6f%6e%74%65%6e%74\\\/uploads\\\/2014\\\/12\\\/papa_0_0-300x150.jpg\",\"datePublished\":\"2014-12-17T14:16:10+00:00\",\"breadcrumb\":{\"@id\":\"https:\\\/\\\/informelitoral.com.ar\\\/el-papa-celebra-sus-78-anos-y-sera-homenajeado-en-el-vaticano\\\/#breadcrumb\"},\"inLanguage\":\"es\",\"potentialAction\":[{\"@type\":\"ReadAction\",\"target\":[\"https:\\\/\\\/informelitoral.com.ar\\\/el-papa-celebra-sus-78-anos-y-sera-homenajeado-en-el-vaticano\\\/\"]}]},{\"@type\":\"ImageObject\",\"inLanguage\":\"es\",\"@id\":\"https:\\\/\\\/informelitoral.com.ar\\\/el-papa-celebra-sus-78-anos-y-sera-homenajeado-en-el-vaticano\\\/#primaryimage\",\"url\":\"http:\\\/\\\/www.isletasnoticias.com.ar\\\/%77%70%2d%63%6f%6e%74%65%6e%74\\\/uploads\\\/2014\\\/12\\\/papa_0_0-300x150.jpg\",\"contentUrl\":\"http:\\\/\\\/www.isletasnoticias.com.ar\\\/%77%70%2d%63%6f%6e%74%65%6e%74\\\/uploads\\\/2014\\\/12\\\/papa_0_0-300x150.jpg\"},{\"@type\":\"BreadcrumbList\",\"@id\":\"https:\\\/\\\/informelitoral.com.ar\\\/el-papa-celebra-sus-78-anos-y-sera-homenajeado-en-el-vaticano\\\/#breadcrumb\",\"itemListElement\":[{\"@type\":\"ListItem\",\"position\":1,\"name\":\"Portada\",\"item\":\"https:\\\/\\\/informelitoral.com.ar\\\/\"},{\"@type\":\"ListItem\",\"position\":2,\"name\":\"El Papa celebra sus 78 a\u00f1os y ser\u00e1 homenajeado en el Vaticano\"}]},{\"@type\":\"WebSite\",\"@id\":\"https:\\\/\\\/informelitoral.com.ar\\\/#website\",\"url\":\"https:\\\/\\\/informelitoral.com.ar\\\/\",\"name\":\"Informe Litoral\",\"description\":\"&quot;Nos informamos&quot; \",\"publisher\":{\"@id\":\"https:\\\/\\\/informelitoral.com.ar\\\/#organization\"},\"potentialAction\":[{\"@type\":\"SearchAction\",\"target\":{\"@type\":\"EntryPoint\",\"urlTemplate\":\"https:\\\/\\\/informelitoral.com.ar\\\/?s={search_term_string}\"},\"query-input\":{\"@type\":\"PropertyValueSpecification\",\"valueRequired\":true,\"valueName\":\"search_term_string\"}}],\"inLanguage\":\"es\"},{\"@type\":\"Organization\",\"@id\":\"https:\\\/\\\/informelitoral.com.ar\\\/#organization\",\"name\":\"Informe Litoral\",\"url\":\"https:\\\/\\\/informelitoral.com.ar\\\/\",\"logo\":{\"@type\":\"ImageObject\",\"inLanguage\":\"es\",\"@id\":\"https:\\\/\\\/informelitoral.com.ar\\\/#\\\/schema\\\/logo\\\/image\\\/\",\"url\":\"https:\\\/\\\/informelitoral.com.ar\\\/%77%70%2d%63%6f%6e%74%65%6e%74\\\/uploads\\\/2021\\\/01\\\/circulo.png\",\"contentUrl\":\"https:\\\/\\\/informelitoral.com.ar\\\/%77%70%2d%63%6f%6e%74%65%6e%74\\\/uploads\\\/2021\\\/01\\\/circulo.png\",\"width\":723,\"height\":731,\"caption\":\"Informe Litoral\"},\"image\":{\"@id\":\"https:\\\/\\\/informelitoral.com.ar\\\/#\\\/schema\\\/logo\\\/image\\\/\"},\"sameAs\":[\"https:\\\/\\\/www.facebook.com\\\/informelitoral\\\/\",\"https:\\\/\\\/x.com\\\/InformeLitoral\",\"https:\\\/\\\/www.instagram.com\\\/informelitoral\\\/\",\"https:\\\/\\\/www.youtube.com\\\/channel\\\/UCua4Qvz8Icb6MYqhoq9xLXw\"]},{\"@type\":\"Person\",\"@id\":\"https:\\\/\\\/informelitoral.com.ar\\\/#\\\/schema\\\/person\\\/b9d00407c836482871ef1d57bf8e3180\",\"name\":\"Gonzalo Schmidt\",\"image\":{\"@type\":\"ImageObject\",\"inLanguage\":\"es\",\"@id\":\"https:\\\/\\\/secure.gravatar.com\\\/avatar\\\/31a1a7b66ff2de83bd0e9fd79d026630d2d99e55e8bfe501287647b4fd9743de?s=96&d=mm&r=g\",\"url\":\"https:\\\/\\\/secure.gravatar.com\\\/avatar\\\/31a1a7b66ff2de83bd0e9fd79d026630d2d99e55e8bfe501287647b4fd9743de?s=96&d=mm&r=g\",\"contentUrl\":\"https:\\\/\\\/secure.gravatar.com\\\/avatar\\\/31a1a7b66ff2de83bd0e9fd79d026630d2d99e55e8bfe501287647b4fd9743de?s=96&d=mm&r=g\",\"caption\":\"Gonzalo Schmidt\"},\"description\":\"Sitio web de noticias de la provincia de Entre R\u00edos, Argentina. Informaci\u00f3n y entretenimiento. Informe Litoral, nos informamos.\",\"sameAs\":[\"http:\\\/\\\/www.isletasnoticias.com.ar\"],\"url\":\"https:\\\/\\\/informelitoral.com.ar\\\/author\\\/gonzalo\\\/\"}]}<\/script>","yoast_head_json":{"title":"El Papa celebra sus 78 a\u00f1os y ser\u00e1 homenajeado en el Vaticano - Informe Litoral","robots":{"index":"index","follow":"follow","max-snippet":"max-snippet:-1","max-image-preview":"max-image-preview:large","max-video-preview":"max-video-preview:-1"},"canonical":"https:\/\/informelitoral.com.ar\/el-papa-celebra-sus-78-anos-y-sera-homenajeado-en-el-vaticano\/","og_locale":"es_ES","og_type":"article","og_title":"El Papa celebra sus 78 a\u00f1os y ser\u00e1 homenajeado en el Vaticano - Informe Litoral","og_description":"Durante la audiencia de hoy, los fieles prepararon pancartas con sus felicitaciones y llevaron sus regalos a la plaza de San Pedro con el deseo de poder entregarlos al pont&iacute;fice cuando pase a su lado durante el habitual recorrido que realiza en el papam&oacute;vil. Francisco cumple &eacute;ste mi&eacute;rcoles 78 a&ntilde;os y aunque no hay festejos [&hellip;]","og_url":"https:\/\/informelitoral.com.ar\/el-papa-celebra-sus-78-anos-y-sera-homenajeado-en-el-vaticano\/","og_site_name":"Informe Litoral","article_publisher":"https:\/\/www.facebook.com\/informelitoral\/","article_published_time":"2014-12-17T14:16:10+00:00","og_image":[{"width":1600,"height":800,"url":"https:\/\/informelitoral.com.ar\/%77%70%2d%63%6f%6e%74%65%6e%74\/uploads\/2014\/12\/papa_0_0.jpg","type":"image\/jpeg"}],"author":"Gonzalo Schmidt","twitter_card":"summary_large_image","twitter_creator":"@InformeLitoral","twitter_site":"@InformeLitoral","twitter_misc":{"Escrito por":"Gonzalo Schmidt","Tiempo de lectura":"1 minuto"},"schema":{"@context":"https:\/\/schema.org","@graph":[{"@type":"Article","@id":"https:\/\/informelitoral.com.ar\/el-papa-celebra-sus-78-anos-y-sera-homenajeado-en-el-vaticano\/#article","isPartOf":{"@id":"https:\/\/informelitoral.com.ar\/el-papa-celebra-sus-78-anos-y-sera-homenajeado-en-el-vaticano\/"},"author":{"name":"Gonzalo Schmidt","@id":"https:\/\/informelitoral.com.ar\/#\/schema\/person\/b9d00407c836482871ef1d57bf8e3180"},"headline":"El Papa celebra sus 78 a\u00f1os y ser\u00e1 homenajeado en el Vaticano","datePublished":"2014-12-17T14:16:10+00:00","mainEntityOfPage":{"@id":"https:\/\/informelitoral.com.ar\/el-papa-celebra-sus-78-anos-y-sera-homenajeado-en-el-vaticano\/"},"wordCount":290,"commentCount":0,"publisher":{"@id":"https:\/\/informelitoral.com.ar\/#organization"},"image":{"@id":"https:\/\/informelitoral.com.ar\/el-papa-celebra-sus-78-anos-y-sera-homenajeado-en-el-vaticano\/#primaryimage"},"thumbnailUrl":"http:\/\/www.isletasnoticias.com.ar\/%77%70%2d%63%6f%6e%74%65%6e%74\/uploads\/2014\/12\/papa_0_0-300x150.jpg","articleSection":["Entre R\u00edos","Nacionales","Politica"],"inLanguage":"es","potentialAction":[{"@type":"CommentAction","name":"Comment","target":["https:\/\/informelitoral.com.ar\/el-papa-celebra-sus-78-anos-y-sera-homenajeado-en-el-vaticano\/#respond"]}]},{"@type":"WebPage","@id":"https:\/\/informelitoral.com.ar\/el-papa-celebra-sus-78-anos-y-sera-homenajeado-en-el-vaticano\/","url":"https:\/\/informelitoral.com.ar\/el-papa-celebra-sus-78-anos-y-sera-homenajeado-en-el-vaticano\/","name":"El Papa celebra sus 78 a\u00f1os y ser\u00e1 homenajeado en el Vaticano - Informe Litoral","isPartOf":{"@id":"https:\/\/informelitoral.com.ar\/#website"},"primaryImageOfPage":{"@id":"https:\/\/informelitoral.com.ar\/el-papa-celebra-sus-78-anos-y-sera-homenajeado-en-el-vaticano\/#primaryimage"},"image":{"@id":"https:\/\/informelitoral.com.ar\/el-papa-celebra-sus-78-anos-y-sera-homenajeado-en-el-vaticano\/#primaryimage"},"thumbnailUrl":"http:\/\/www.isletasnoticias.com.ar\/%77%70%2d%63%6f%6e%74%65%6e%74\/uploads\/2014\/12\/papa_0_0-300x150.jpg","datePublished":"2014-12-17T14:16:10+00:00","breadcrumb":{"@id":"https:\/\/informelitoral.com.ar\/el-papa-celebra-sus-78-anos-y-sera-homenajeado-en-el-vaticano\/#breadcrumb"},"inLanguage":"es","potentialAction":[{"@type":"ReadAction","target":["https:\/\/informelitoral.com.ar\/el-papa-celebra-sus-78-anos-y-sera-homenajeado-en-el-vaticano\/"]}]},{"@type":"ImageObject","inLanguage":"es","@id":"https:\/\/informelitoral.com.ar\/el-papa-celebra-sus-78-anos-y-sera-homenajeado-en-el-vaticano\/#primaryimage","url":"http:\/\/www.isletasnoticias.com.ar\/%77%70%2d%63%6f%6e%74%65%6e%74\/uploads\/2014\/12\/papa_0_0-300x150.jpg","contentUrl":"http:\/\/www.isletasnoticias.com.ar\/%77%70%2d%63%6f%6e%74%65%6e%74\/uploads\/2014\/12\/papa_0_0-300x150.jpg"},{"@type":"BreadcrumbList","@id":"https:\/\/informelitoral.com.ar\/el-papa-celebra-sus-78-anos-y-sera-homenajeado-en-el-vaticano\/#breadcrumb","itemListElement":[{"@type":"ListItem","position":1,"name":"Portada","item":"https:\/\/informelitoral.com.ar\/"},{"@type":"ListItem","position":2,"name":"El Papa celebra sus 78 a\u00f1os y ser\u00e1 homenajeado en el Vaticano"}]},{"@type":"WebSite","@id":"https:\/\/informelitoral.com.ar\/#website","url":"https:\/\/informelitoral.com.ar\/","name":"Informe Litoral","description":"&quot;Nos informamos&quot; ","publisher":{"@id":"https:\/\/informelitoral.com.ar\/#organization"},"potentialAction":[{"@type":"SearchAction","target":{"@type":"EntryPoint","urlTemplate":"https:\/\/informelitoral.com.ar\/?s={search_term_string}"},"query-input":{"@type":"PropertyValueSpecification","valueRequired":true,"valueName":"search_term_string"}}],"inLanguage":"es"},{"@type":"Organization","@id":"https:\/\/informelitoral.com.ar\/#organization","name":"Informe Litoral","url":"https:\/\/informelitoral.com.ar\/","logo":{"@type":"ImageObject","inLanguage":"es","@id":"https:\/\/informelitoral.com.ar\/#\/schema\/logo\/image\/","url":"https:\/\/informelitoral.com.ar\/%77%70%2d%63%6f%6e%74%65%6e%74\/uploads\/2021\/01\/circulo.png","contentUrl":"https:\/\/informelitoral.com.ar\/%77%70%2d%63%6f%6e%74%65%6e%74\/uploads\/2021\/01\/circulo.png","width":723,"height":731,"caption":"Informe Litoral"},"image":{"@id":"https:\/\/informelitoral.com.ar\/#\/schema\/logo\/image\/"},"sameAs":["https:\/\/www.facebook.com\/informelitoral\/","https:\/\/x.com\/InformeLitoral","https:\/\/www.instagram.com\/informelitoral\/","https:\/\/www.youtube.com\/channel\/UCua4Qvz8Icb6MYqhoq9xLXw"]},{"@type":"Person","@id":"https:\/\/informelitoral.com.ar\/#\/schema\/person\/b9d00407c836482871ef1d57bf8e3180","name":"Gonzalo Schmidt","image":{"@type":"ImageObject","inLanguage":"es","@id":"https:\/\/secure.gravatar.com\/avatar\/31a1a7b66ff2de83bd0e9fd79d026630d2d99e55e8bfe501287647b4fd9743de?s=96&d=mm&r=g","url":"https:\/\/secure.gravatar.com\/avatar\/31a1a7b66ff2de83bd0e9fd79d026630d2d99e55e8bfe501287647b4fd9743de?s=96&d=mm&r=g","contentUrl":"https:\/\/secure.gravatar.com\/avatar\/31a1a7b66ff2de83bd0e9fd79d026630d2d99e55e8bfe501287647b4fd9743de?s=96&d=mm&r=g","caption":"Gonzalo Schmidt"},"description":"Sitio web de noticias de la provincia de Entre R\u00edos, Argentina. Informaci\u00f3n y entretenimiento. Informe Litoral, nos informamos.","sameAs":["http:\/\/www.isletasnoticias.com.ar"],"url":"https:\/\/informelitoral.com.ar\/author\/gonzalo\/"}]}},"_links":{"self":[{"href":"https:\/\/informelitoral.com.ar\/%77%70%2d%6a%73%6f%6e\/wp\/v2\/posts\/9295","targetHints":{"allow":["GET"]}}],"collection":[{"href":"https:\/\/informelitoral.com.ar\/%77%70%2d%6a%73%6f%6e\/wp\/v2\/posts"}],"about":[{"href":"https:\/\/informelitoral.com.ar\/%77%70%2d%6a%73%6f%6e\/wp\/v2\/types\/post"}],"author":[{"embeddable":true,"href":"https:\/\/informelitoral.com.ar\/%77%70%2d%6a%73%6f%6e\/wp\/v2\/users\/2"}],"replies":[{"embeddable":true,"href":"https:\/\/informelitoral.com.ar\/%77%70%2d%6a%73%6f%6e\/wp\/v2\/comments?post=9295"}],"version-history":[{"count":0,"href":"https:\/\/informelitoral.com.ar\/%77%70%2d%6a%73%6f%6e\/wp\/v2\/posts\/9295\/revisions"}],"wp:attachment":[{"href":"https:\/\/informelitoral.com.ar\/%77%70%2d%6a%73%6f%6e\/wp\/v2\/media?parent=9295"}],"wp:term":[{"taxonomy":"category","embeddable":true,"href":"https:\/\/informelitoral.com.ar\/%77%70%2d%6a%73%6f%6e\/wp\/v2\/categories?post=9295"},{"taxonomy":"post_tag","embeddable":true,"href":"https:\/\/informelitoral.com.ar\/%77%70%2d%6a%73%6f%6e\/wp\/v2\/tags?post=9295"}],"curies":[{"name":"wp","href":"https:\/\/api.w.org\/{rel}","templated":true}]}}