{"id":92811,"date":"2022-11-04T10:08:41","date_gmt":"2022-11-04T13:08:41","guid":{"rendered":"https:\/\/www.informelitoral.com.ar\/?p=92811"},"modified":"2022-11-04T10:15:55","modified_gmt":"2022-11-04T13:15:55","slug":"fabra-y-pol-fernandez-estan-habilitados-para-jugar-con-racing-y-hugo-ibarra-sorprendio-con-el-posible-11-de-boca-juniors-para-el-trofeo-de-campeones","status":"publish","type":"post","link":"https:\/\/informelitoral.com.ar\/fabra-y-pol-fernandez-estan-habilitados-para-jugar-con-racing-y-hugo-ibarra-sorprendio-con-el-posible-11-de-boca-juniors-para-el-trofeo-de-campeones\/","title":{"rendered":"Fabra y Pol Fern\u00e1ndez est\u00e1n habilitados para jugar con Racing y Hugo Ibarra sorprendi\u00f3 con el posible 11 de Boca Juniors para el Trofeo de Campeones"},"content":{"rendered":"<p><b>Hugo Ibarra<\/b>\u00a0sorprendi\u00f3 en la \u00faltima pr\u00e1ctica de\u00a0<b>Boca Juniors<\/b>\u00a0con un equipo conformado con\u00a0<b>cuatro volantes y una delantera<\/b>\u00a0integrada por\u00a0<b>Sebasti\u00e1n Villa y Norberto Briasco<\/b>\u00a0en reemplazo de Luca Langoni, quien no practic\u00f3 por precauci\u00f3n. El entrenador xeneize prepara el once inicial que jugar\u00e1 el pr\u00f3ximo domingo ante\u00a0<b>Racing\u00a0<\/b>por el\u00a0<b>Trofeo de Campeones<\/b>.<\/p>\n<p>Agust\u00edn Rossi; Luis Advincula, Carlos Zambrano, Nicol\u00e1s Figal, Frank Fabra; Guillermo Fern\u00e1ndez, Alan Varela, Oscar Romero, Juan Ram\u00edrez; Sebasti\u00e1n Villa y Norberto Briasco. Ese fue el elenco que dispuso el Negro, con el ingreso de Agust\u00edn Sandez en lugar del lateral colombiano. De esta manera, el cuerpo t\u00e9cnico ubic\u00f3 en cancha el\u00a0<b>esquema 4-4-2\u00a0<\/b>que utiliz\u00f3 este semestre con el ingreso de Ram\u00edrez.<\/p>\n<p class=\"paragraph\">En el mundo Boca\u00a0<b>sorprendi\u00f3 la presencia de Briasco<\/b>, ya que en los \u00faltimos partidos en esa posici\u00f3n estuvieron Luis V\u00e1zquez, Nicol\u00e1s Orsini y el\u00a0<i>Toro<\/i>\u00a0Gonzalo Morales.<b>\u00a0A<\/b>\u00a0<b>Langoni<\/b>, autor de cinco goles fundamentales en la conquista de la Liga Profesional,\u00a0<b>se lo preserv\u00f3 por tener una sobrecarga pero llegar\u00eda<\/b>\u00a0para jugar el fin de semana. En tanto,\u00a0<b>Benedetto\u00a0<\/b>volvi\u00f3 a trabajar aparte pero cada vez con m\u00e1s intensidad para evaluar si al menos puede ir al banco de suplentes en San Luis.<\/p>\n<p class=\"paragraph\"><i>Pipa<\/i>, que\u00a0<b>viene de un desgarro<\/b>\u00a0en el gemelo interno de su pierna derecha sufrido el 22 de octubre pasado en la victoria 2-1 ante Gimnasia,\u00a0<b>quiere estar presente<\/b>\u00a0en la final de este fin de semana. Se estima que este viernes el entrenador har\u00e1 una nueva pr\u00e1ctica de f\u00fatbol en la que probar\u00eda a los delanteros que hoy no entrenaron y analizar\u00e1 si sigue con el mismo dibujo t\u00e1ctico o pone tres puntas, esta vez con un jugador referente de \u00e1rea.<\/p>\n<p class=\"paragraph\">Al mismo tiempo, Boca accede al Trofeo de Campeones como vencedor de las dos competencias del a\u00f1o. Entre los argumentos de la presentaci\u00f3n del Xeneize est\u00e1 el hecho de que ya hab\u00eda accedido a esta final en abril, cuando se impuso en la Copa de la Liga. En consecuencia, si el pasaje a San Luis lo obtuvo ya en el primer certamen, \u00bfpor qu\u00e9 habr\u00eda de suspenderse a los citados jugadores por algo ocurrido en el segundo?.<\/p>\n<p class=\"paragraph\">Ante el gris, en caso de duda, la interpretaci\u00f3n del Tribunal est\u00e1 a favor del trabajador, en este caso, el futbolista. Al mismo tiempo, este tipo de torneos de uno o dos partidos (Trofeo de Campeones, Supercopa) siempre han sido considerados como \u201cindependientes\u201d. Por todo esto Fabra y Fern\u00e1ndez quedaron autorizados a jugar contra Racing.<\/p>\n","protected":false},"excerpt":{"rendered":"<p>El entrenador xeneize prob\u00f3 un once sin \u20189\u2032 y con una sorpresa para el duelo del domingo en San Luis<\/p>\n","protected":false},"author":8,"featured_media":92820,"comment_status":"open","ping_status":"open","sticky":false,"template":"","format":"standard","meta":{"fifu_image_url":"","fifu_image_alt":"","footnotes":""},"categories":[13],"tags":[384],"class_list":{"0":"post-92811","1":"post","2":"type-post","3":"status-publish","4":"format-standard","5":"has-post-thumbnail","7":"category-deportes","8":"tag-boca-juniors"},"yoast_head":"<title>Fabra y Pol Fern\u00e1ndez est\u00e1n habilitados para jugar con Racing y Hugo Ibarra sorprendi\u00f3 con el posible 11 de Boca Juniors para el Trofeo de Campeones - Informe Litoral<\/title>\n<meta name=\"robots\" content=\"index, follow, max-snippet:-1, max-image-preview:large, max-video-preview:-1\" \/>\n<link rel=\"canonical\" href=\"https:\/\/informelitoral.com.ar\/fabra-y-pol-fernandez-estan-habilitados-para-jugar-con-racing-y-hugo-ibarra-sorprendio-con-el-posible-11-de-boca-juniors-para-el-trofeo-de-campeones\/\" \/>\n<meta property=\"og:locale\" content=\"es_ES\" \/>\n<meta property=\"og:type\" content=\"article\" \/>\n<meta property=\"og:title\" content=\"Fabra y Pol Fern\u00e1ndez est\u00e1n habilitados para jugar con Racing y Hugo Ibarra sorprendi\u00f3 con el posible 11 de Boca Juniors para el Trofeo de Campeones - Informe Litoral\" \/>\n<meta property=\"og:description\" content=\"El entrenador xeneize prob\u00f3 un once sin \u20189\u2032 y con una sorpresa para el duelo del domingo en San Luis\" \/>\n<meta property=\"og:url\" content=\"https:\/\/informelitoral.com.ar\/fabra-y-pol-fernandez-estan-habilitados-para-jugar-con-racing-y-hugo-ibarra-sorprendio-con-el-posible-11-de-boca-juniors-para-el-trofeo-de-campeones\/\" \/>\n<meta property=\"og:site_name\" content=\"Informe Litoral\" \/>\n<meta property=\"article:publisher\" content=\"https:\/\/www.facebook.com\/informelitoral\/\" \/>\n<meta property=\"article:published_time\" content=\"2022-11-04T13:08:41+00:00\" \/>\n<meta property=\"article:modified_time\" content=\"2022-11-04T13:15:55+00:00\" \/>\n<meta property=\"og:image\" content=\"https:\/\/informelitoral.com.ar\/%77%70%2d%63%6f%6e%74%65%6e%74\/uploads\/2022\/11\/2YU5TZR7DBDXZGNEWAARUWCZP4.webp\" \/>\n\t<meta property=\"og:image:width\" content=\"992\" \/>\n\t<meta property=\"og:image:height\" content=\"558\" \/>\n\t<meta property=\"og:image:type\" content=\"image\/webp\" \/>\n<meta name=\"author\" content=\"Sebastian\" \/>\n<meta name=\"twitter:card\" content=\"summary_large_image\" \/>\n<meta name=\"twitter:creator\" content=\"@InformeLitoral\" \/>\n<meta name=\"twitter:site\" content=\"@InformeLitoral\" \/>\n<meta name=\"twitter:label1\" content=\"Escrito por\" \/>\n\t<meta name=\"twitter:data1\" content=\"Sebastian\" \/>\n\t<meta name=\"twitter:label2\" content=\"Tiempo de lectura\" \/>\n\t<meta name=\"twitter:data2\" content=\"2 minutos\" \/>\n<script type=\"application\/ld+json\" class=\"yoast-schema-graph\">{\"@context\":\"https:\\\/\\\/schema.org\",\"@graph\":[{\"@type\":\"Article\",\"@id\":\"https:\\\/\\\/informelitoral.com.ar\\\/fabra-y-pol-fernandez-estan-habilitados-para-jugar-con-racing-y-hugo-ibarra-sorprendio-con-el-posible-11-de-boca-juniors-para-el-trofeo-de-campeones\\\/#article\",\"isPartOf\":{\"@id\":\"https:\\\/\\\/informelitoral.com.ar\\\/fabra-y-pol-fernandez-estan-habilitados-para-jugar-con-racing-y-hugo-ibarra-sorprendio-con-el-posible-11-de-boca-juniors-para-el-trofeo-de-campeones\\\/\"},\"author\":{\"name\":\"Sebastian\",\"@id\":\"https:\\\/\\\/informelitoral.com.ar\\\/#\\\/schema\\\/person\\\/f05f9f461677119578717524b127d6d5\"},\"headline\":\"Fabra y Pol Fern\u00e1ndez est\u00e1n habilitados para jugar con Racing y Hugo Ibarra sorprendi\u00f3 con el posible 11 de Boca Juniors para el Trofeo de Campeones\",\"datePublished\":\"2022-11-04T13:08:41+00:00\",\"dateModified\":\"2022-11-04T13:15:55+00:00\",\"mainEntityOfPage\":{\"@id\":\"https:\\\/\\\/informelitoral.com.ar\\\/fabra-y-pol-fernandez-estan-habilitados-para-jugar-con-racing-y-hugo-ibarra-sorprendio-con-el-posible-11-de-boca-juniors-para-el-trofeo-de-campeones\\\/\"},\"wordCount\":471,\"commentCount\":0,\"publisher\":{\"@id\":\"https:\\\/\\\/informelitoral.com.ar\\\/#organization\"},\"image\":{\"@id\":\"https:\\\/\\\/informelitoral.com.ar\\\/fabra-y-pol-fernandez-estan-habilitados-para-jugar-con-racing-y-hugo-ibarra-sorprendio-con-el-posible-11-de-boca-juniors-para-el-trofeo-de-campeones\\\/#primaryimage\"},\"thumbnailUrl\":\"https:\\\/\\\/informelitoral.com.ar\\\/%77%70%2d%63%6f%6e%74%65%6e%74\\\/uploads\\\/2022\\\/11\\\/2YU5TZR7DBDXZGNEWAARUWCZP4.webp\",\"keywords\":[\"Boca Juniors\"],\"articleSection\":[\"Deportes\"],\"inLanguage\":\"es\",\"potentialAction\":[{\"@type\":\"CommentAction\",\"name\":\"Comment\",\"target\":[\"https:\\\/\\\/informelitoral.com.ar\\\/fabra-y-pol-fernandez-estan-habilitados-para-jugar-con-racing-y-hugo-ibarra-sorprendio-con-el-posible-11-de-boca-juniors-para-el-trofeo-de-campeones\\\/#respond\"]}]},{\"@type\":\"WebPage\",\"@id\":\"https:\\\/\\\/informelitoral.com.ar\\\/fabra-y-pol-fernandez-estan-habilitados-para-jugar-con-racing-y-hugo-ibarra-sorprendio-con-el-posible-11-de-boca-juniors-para-el-trofeo-de-campeones\\\/\",\"url\":\"https:\\\/\\\/informelitoral.com.ar\\\/fabra-y-pol-fernandez-estan-habilitados-para-jugar-con-racing-y-hugo-ibarra-sorprendio-con-el-posible-11-de-boca-juniors-para-el-trofeo-de-campeones\\\/\",\"name\":\"Fabra y Pol Fern\u00e1ndez est\u00e1n habilitados para jugar con Racing y Hugo Ibarra sorprendi\u00f3 con el posible 11 de Boca Juniors para el Trofeo de Campeones - Informe Litoral\",\"isPartOf\":{\"@id\":\"https:\\\/\\\/informelitoral.com.ar\\\/#website\"},\"primaryImageOfPage\":{\"@id\":\"https:\\\/\\\/informelitoral.com.ar\\\/fabra-y-pol-fernandez-estan-habilitados-para-jugar-con-racing-y-hugo-ibarra-sorprendio-con-el-posible-11-de-boca-juniors-para-el-trofeo-de-campeones\\\/#primaryimage\"},\"image\":{\"@id\":\"https:\\\/\\\/informelitoral.com.ar\\\/fabra-y-pol-fernandez-estan-habilitados-para-jugar-con-racing-y-hugo-ibarra-sorprendio-con-el-posible-11-de-boca-juniors-para-el-trofeo-de-campeones\\\/#primaryimage\"},\"thumbnailUrl\":\"https:\\\/\\\/informelitoral.com.ar\\\/%77%70%2d%63%6f%6e%74%65%6e%74\\\/uploads\\\/2022\\\/11\\\/2YU5TZR7DBDXZGNEWAARUWCZP4.webp\",\"datePublished\":\"2022-11-04T13:08:41+00:00\",\"dateModified\":\"2022-11-04T13:15:55+00:00\",\"breadcrumb\":{\"@id\":\"https:\\\/\\\/informelitoral.com.ar\\\/fabra-y-pol-fernandez-estan-habilitados-para-jugar-con-racing-y-hugo-ibarra-sorprendio-con-el-posible-11-de-boca-juniors-para-el-trofeo-de-campeones\\\/#breadcrumb\"},\"inLanguage\":\"es\",\"potentialAction\":[{\"@type\":\"ReadAction\",\"target\":[\"https:\\\/\\\/informelitoral.com.ar\\\/fabra-y-pol-fernandez-estan-habilitados-para-jugar-con-racing-y-hugo-ibarra-sorprendio-con-el-posible-11-de-boca-juniors-para-el-trofeo-de-campeones\\\/\"]}]},{\"@type\":\"ImageObject\",\"inLanguage\":\"es\",\"@id\":\"https:\\\/\\\/informelitoral.com.ar\\\/fabra-y-pol-fernandez-estan-habilitados-para-jugar-con-racing-y-hugo-ibarra-sorprendio-con-el-posible-11-de-boca-juniors-para-el-trofeo-de-campeones\\\/#primaryimage\",\"url\":\"https:\\\/\\\/informelitoral.com.ar\\\/%77%70%2d%63%6f%6e%74%65%6e%74\\\/uploads\\\/2022\\\/11\\\/2YU5TZR7DBDXZGNEWAARUWCZP4.webp\",\"contentUrl\":\"https:\\\/\\\/informelitoral.com.ar\\\/%77%70%2d%63%6f%6e%74%65%6e%74\\\/uploads\\\/2022\\\/11\\\/2YU5TZR7DBDXZGNEWAARUWCZP4.webp\",\"width\":992,\"height\":558},{\"@type\":\"BreadcrumbList\",\"@id\":\"https:\\\/\\\/informelitoral.com.ar\\\/fabra-y-pol-fernandez-estan-habilitados-para-jugar-con-racing-y-hugo-ibarra-sorprendio-con-el-posible-11-de-boca-juniors-para-el-trofeo-de-campeones\\\/#breadcrumb\",\"itemListElement\":[{\"@type\":\"ListItem\",\"position\":1,\"name\":\"Portada\",\"item\":\"https:\\\/\\\/informelitoral.com.ar\\\/\"},{\"@type\":\"ListItem\",\"position\":2,\"name\":\"Fabra y Pol Fern\u00e1ndez est\u00e1n habilitados para jugar con Racing y Hugo Ibarra sorprendi\u00f3 con el posible 11 de Boca Juniors para el Trofeo de Campeones\"}]},{\"@type\":\"WebSite\",\"@id\":\"https:\\\/\\\/informelitoral.com.ar\\\/#website\",\"url\":\"https:\\\/\\\/informelitoral.com.ar\\\/\",\"name\":\"Informe Litoral\",\"description\":\"&quot;Nos informamos&quot; \",\"publisher\":{\"@id\":\"https:\\\/\\\/informelitoral.com.ar\\\/#organization\"},\"potentialAction\":[{\"@type\":\"SearchAction\",\"target\":{\"@type\":\"EntryPoint\",\"urlTemplate\":\"https:\\\/\\\/informelitoral.com.ar\\\/?s={search_term_string}\"},\"query-input\":{\"@type\":\"PropertyValueSpecification\",\"valueRequired\":true,\"valueName\":\"search_term_string\"}}],\"inLanguage\":\"es\"},{\"@type\":\"Organization\",\"@id\":\"https:\\\/\\\/informelitoral.com.ar\\\/#organization\",\"name\":\"Informe Litoral\",\"url\":\"https:\\\/\\\/informelitoral.com.ar\\\/\",\"logo\":{\"@type\":\"ImageObject\",\"inLanguage\":\"es\",\"@id\":\"https:\\\/\\\/informelitoral.com.ar\\\/#\\\/schema\\\/logo\\\/image\\\/\",\"url\":\"https:\\\/\\\/informelitoral.com.ar\\\/%77%70%2d%63%6f%6e%74%65%6e%74\\\/uploads\\\/2021\\\/01\\\/circulo.png\",\"contentUrl\":\"https:\\\/\\\/informelitoral.com.ar\\\/%77%70%2d%63%6f%6e%74%65%6e%74\\\/uploads\\\/2021\\\/01\\\/circulo.png\",\"width\":723,\"height\":731,\"caption\":\"Informe Litoral\"},\"image\":{\"@id\":\"https:\\\/\\\/informelitoral.com.ar\\\/#\\\/schema\\\/logo\\\/image\\\/\"},\"sameAs\":[\"https:\\\/\\\/www.facebook.com\\\/informelitoral\\\/\",\"https:\\\/\\\/x.com\\\/InformeLitoral\",\"https:\\\/\\\/www.instagram.com\\\/informelitoral\\\/\",\"https:\\\/\\\/www.youtube.com\\\/channel\\\/UCua4Qvz8Icb6MYqhoq9xLXw\"]},{\"@type\":\"Person\",\"@id\":\"https:\\\/\\\/informelitoral.com.ar\\\/#\\\/schema\\\/person\\\/f05f9f461677119578717524b127d6d5\",\"name\":\"Sebastian\",\"image\":{\"@type\":\"ImageObject\",\"inLanguage\":\"es\",\"@id\":\"https:\\\/\\\/secure.gravatar.com\\\/avatar\\\/b71bf7481d447dfb9583c7f2798e7cc64de6efb9067b74633ed8c31059a3bd82?s=96&d=mm&r=g\",\"url\":\"https:\\\/\\\/secure.gravatar.com\\\/avatar\\\/b71bf7481d447dfb9583c7f2798e7cc64de6efb9067b74633ed8c31059a3bd82?s=96&d=mm&r=g\",\"contentUrl\":\"https:\\\/\\\/secure.gravatar.com\\\/avatar\\\/b71bf7481d447dfb9583c7f2798e7cc64de6efb9067b74633ed8c31059a3bd82?s=96&d=mm&r=g\",\"caption\":\"Sebastian\"},\"url\":\"https:\\\/\\\/informelitoral.com.ar\\\/author\\\/sebastian\\\/\"}]}<\/script>","yoast_head_json":{"title":"Fabra y Pol Fern\u00e1ndez est\u00e1n habilitados para jugar con Racing y Hugo Ibarra sorprendi\u00f3 con el posible 11 de Boca Juniors para el Trofeo de Campeones - Informe Litoral","robots":{"index":"index","follow":"follow","max-snippet":"max-snippet:-1","max-image-preview":"max-image-preview:large","max-video-preview":"max-video-preview:-1"},"canonical":"https:\/\/informelitoral.com.ar\/fabra-y-pol-fernandez-estan-habilitados-para-jugar-con-racing-y-hugo-ibarra-sorprendio-con-el-posible-11-de-boca-juniors-para-el-trofeo-de-campeones\/","og_locale":"es_ES","og_type":"article","og_title":"Fabra y Pol Fern\u00e1ndez est\u00e1n habilitados para jugar con Racing y Hugo Ibarra sorprendi\u00f3 con el posible 11 de Boca Juniors para el Trofeo de Campeones - Informe Litoral","og_description":"El entrenador xeneize prob\u00f3 un once sin \u20189\u2032 y con una sorpresa para el duelo del domingo en San Luis","og_url":"https:\/\/informelitoral.com.ar\/fabra-y-pol-fernandez-estan-habilitados-para-jugar-con-racing-y-hugo-ibarra-sorprendio-con-el-posible-11-de-boca-juniors-para-el-trofeo-de-campeones\/","og_site_name":"Informe Litoral","article_publisher":"https:\/\/www.facebook.com\/informelitoral\/","article_published_time":"2022-11-04T13:08:41+00:00","article_modified_time":"2022-11-04T13:15:55+00:00","og_image":[{"width":992,"height":558,"url":"https:\/\/informelitoral.com.ar\/%77%70%2d%63%6f%6e%74%65%6e%74\/uploads\/2022\/11\/2YU5TZR7DBDXZGNEWAARUWCZP4.webp","type":"image\/webp"}],"author":"Sebastian","twitter_card":"summary_large_image","twitter_creator":"@InformeLitoral","twitter_site":"@InformeLitoral","twitter_misc":{"Escrito por":"Sebastian","Tiempo de lectura":"2 minutos"},"schema":{"@context":"https:\/\/schema.org","@graph":[{"@type":"Article","@id":"https:\/\/informelitoral.com.ar\/fabra-y-pol-fernandez-estan-habilitados-para-jugar-con-racing-y-hugo-ibarra-sorprendio-con-el-posible-11-de-boca-juniors-para-el-trofeo-de-campeones\/#article","isPartOf":{"@id":"https:\/\/informelitoral.com.ar\/fabra-y-pol-fernandez-estan-habilitados-para-jugar-con-racing-y-hugo-ibarra-sorprendio-con-el-posible-11-de-boca-juniors-para-el-trofeo-de-campeones\/"},"author":{"name":"Sebastian","@id":"https:\/\/informelitoral.com.ar\/#\/schema\/person\/f05f9f461677119578717524b127d6d5"},"headline":"Fabra y Pol Fern\u00e1ndez est\u00e1n habilitados para jugar con Racing y Hugo Ibarra sorprendi\u00f3 con el posible 11 de Boca Juniors para el Trofeo de Campeones","datePublished":"2022-11-04T13:08:41+00:00","dateModified":"2022-11-04T13:15:55+00:00","mainEntityOfPage":{"@id":"https:\/\/informelitoral.com.ar\/fabra-y-pol-fernandez-estan-habilitados-para-jugar-con-racing-y-hugo-ibarra-sorprendio-con-el-posible-11-de-boca-juniors-para-el-trofeo-de-campeones\/"},"wordCount":471,"commentCount":0,"publisher":{"@id":"https:\/\/informelitoral.com.ar\/#organization"},"image":{"@id":"https:\/\/informelitoral.com.ar\/fabra-y-pol-fernandez-estan-habilitados-para-jugar-con-racing-y-hugo-ibarra-sorprendio-con-el-posible-11-de-boca-juniors-para-el-trofeo-de-campeones\/#primaryimage"},"thumbnailUrl":"https:\/\/informelitoral.com.ar\/%77%70%2d%63%6f%6e%74%65%6e%74\/uploads\/2022\/11\/2YU5TZR7DBDXZGNEWAARUWCZP4.webp","keywords":["Boca Juniors"],"articleSection":["Deportes"],"inLanguage":"es","potentialAction":[{"@type":"CommentAction","name":"Comment","target":["https:\/\/informelitoral.com.ar\/fabra-y-pol-fernandez-estan-habilitados-para-jugar-con-racing-y-hugo-ibarra-sorprendio-con-el-posible-11-de-boca-juniors-para-el-trofeo-de-campeones\/#respond"]}]},{"@type":"WebPage","@id":"https:\/\/informelitoral.com.ar\/fabra-y-pol-fernandez-estan-habilitados-para-jugar-con-racing-y-hugo-ibarra-sorprendio-con-el-posible-11-de-boca-juniors-para-el-trofeo-de-campeones\/","url":"https:\/\/informelitoral.com.ar\/fabra-y-pol-fernandez-estan-habilitados-para-jugar-con-racing-y-hugo-ibarra-sorprendio-con-el-posible-11-de-boca-juniors-para-el-trofeo-de-campeones\/","name":"Fabra y Pol Fern\u00e1ndez est\u00e1n habilitados para jugar con Racing y Hugo Ibarra sorprendi\u00f3 con el posible 11 de Boca Juniors para el Trofeo de Campeones - Informe Litoral","isPartOf":{"@id":"https:\/\/informelitoral.com.ar\/#website"},"primaryImageOfPage":{"@id":"https:\/\/informelitoral.com.ar\/fabra-y-pol-fernandez-estan-habilitados-para-jugar-con-racing-y-hugo-ibarra-sorprendio-con-el-posible-11-de-boca-juniors-para-el-trofeo-de-campeones\/#primaryimage"},"image":{"@id":"https:\/\/informelitoral.com.ar\/fabra-y-pol-fernandez-estan-habilitados-para-jugar-con-racing-y-hugo-ibarra-sorprendio-con-el-posible-11-de-boca-juniors-para-el-trofeo-de-campeones\/#primaryimage"},"thumbnailUrl":"https:\/\/informelitoral.com.ar\/%77%70%2d%63%6f%6e%74%65%6e%74\/uploads\/2022\/11\/2YU5TZR7DBDXZGNEWAARUWCZP4.webp","datePublished":"2022-11-04T13:08:41+00:00","dateModified":"2022-11-04T13:15:55+00:00","breadcrumb":{"@id":"https:\/\/informelitoral.com.ar\/fabra-y-pol-fernandez-estan-habilitados-para-jugar-con-racing-y-hugo-ibarra-sorprendio-con-el-posible-11-de-boca-juniors-para-el-trofeo-de-campeones\/#breadcrumb"},"inLanguage":"es","potentialAction":[{"@type":"ReadAction","target":["https:\/\/informelitoral.com.ar\/fabra-y-pol-fernandez-estan-habilitados-para-jugar-con-racing-y-hugo-ibarra-sorprendio-con-el-posible-11-de-boca-juniors-para-el-trofeo-de-campeones\/"]}]},{"@type":"ImageObject","inLanguage":"es","@id":"https:\/\/informelitoral.com.ar\/fabra-y-pol-fernandez-estan-habilitados-para-jugar-con-racing-y-hugo-ibarra-sorprendio-con-el-posible-11-de-boca-juniors-para-el-trofeo-de-campeones\/#primaryimage","url":"https:\/\/informelitoral.com.ar\/%77%70%2d%63%6f%6e%74%65%6e%74\/uploads\/2022\/11\/2YU5TZR7DBDXZGNEWAARUWCZP4.webp","contentUrl":"https:\/\/informelitoral.com.ar\/%77%70%2d%63%6f%6e%74%65%6e%74\/uploads\/2022\/11\/2YU5TZR7DBDXZGNEWAARUWCZP4.webp","width":992,"height":558},{"@type":"BreadcrumbList","@id":"https:\/\/informelitoral.com.ar\/fabra-y-pol-fernandez-estan-habilitados-para-jugar-con-racing-y-hugo-ibarra-sorprendio-con-el-posible-11-de-boca-juniors-para-el-trofeo-de-campeones\/#breadcrumb","itemListElement":[{"@type":"ListItem","position":1,"name":"Portada","item":"https:\/\/informelitoral.com.ar\/"},{"@type":"ListItem","position":2,"name":"Fabra y Pol Fern\u00e1ndez est\u00e1n habilitados para jugar con Racing y Hugo Ibarra sorprendi\u00f3 con el posible 11 de Boca Juniors para el Trofeo de Campeones"}]},{"@type":"WebSite","@id":"https:\/\/informelitoral.com.ar\/#website","url":"https:\/\/informelitoral.com.ar\/","name":"Informe Litoral","description":"&quot;Nos informamos&quot; ","publisher":{"@id":"https:\/\/informelitoral.com.ar\/#organization"},"potentialAction":[{"@type":"SearchAction","target":{"@type":"EntryPoint","urlTemplate":"https:\/\/informelitoral.com.ar\/?s={search_term_string}"},"query-input":{"@type":"PropertyValueSpecification","valueRequired":true,"valueName":"search_term_string"}}],"inLanguage":"es"},{"@type":"Organization","@id":"https:\/\/informelitoral.com.ar\/#organization","name":"Informe Litoral","url":"https:\/\/informelitoral.com.ar\/","logo":{"@type":"ImageObject","inLanguage":"es","@id":"https:\/\/informelitoral.com.ar\/#\/schema\/logo\/image\/","url":"https:\/\/informelitoral.com.ar\/%77%70%2d%63%6f%6e%74%65%6e%74\/uploads\/2021\/01\/circulo.png","contentUrl":"https:\/\/informelitoral.com.ar\/%77%70%2d%63%6f%6e%74%65%6e%74\/uploads\/2021\/01\/circulo.png","width":723,"height":731,"caption":"Informe Litoral"},"image":{"@id":"https:\/\/informelitoral.com.ar\/#\/schema\/logo\/image\/"},"sameAs":["https:\/\/www.facebook.com\/informelitoral\/","https:\/\/x.com\/InformeLitoral","https:\/\/www.instagram.com\/informelitoral\/","https:\/\/www.youtube.com\/channel\/UCua4Qvz8Icb6MYqhoq9xLXw"]},{"@type":"Person","@id":"https:\/\/informelitoral.com.ar\/#\/schema\/person\/f05f9f461677119578717524b127d6d5","name":"Sebastian","image":{"@type":"ImageObject","inLanguage":"es","@id":"https:\/\/secure.gravatar.com\/avatar\/b71bf7481d447dfb9583c7f2798e7cc64de6efb9067b74633ed8c31059a3bd82?s=96&d=mm&r=g","url":"https:\/\/secure.gravatar.com\/avatar\/b71bf7481d447dfb9583c7f2798e7cc64de6efb9067b74633ed8c31059a3bd82?s=96&d=mm&r=g","contentUrl":"https:\/\/secure.gravatar.com\/avatar\/b71bf7481d447dfb9583c7f2798e7cc64de6efb9067b74633ed8c31059a3bd82?s=96&d=mm&r=g","caption":"Sebastian"},"url":"https:\/\/informelitoral.com.ar\/author\/sebastian\/"}]}},"_links":{"self":[{"href":"https:\/\/informelitoral.com.ar\/%77%70%2d%6a%73%6f%6e\/wp\/v2\/posts\/92811","targetHints":{"allow":["GET"]}}],"collection":[{"href":"https:\/\/informelitoral.com.ar\/%77%70%2d%6a%73%6f%6e\/wp\/v2\/posts"}],"about":[{"href":"https:\/\/informelitoral.com.ar\/%77%70%2d%6a%73%6f%6e\/wp\/v2\/types\/post"}],"author":[{"embeddable":true,"href":"https:\/\/informelitoral.com.ar\/%77%70%2d%6a%73%6f%6e\/wp\/v2\/users\/8"}],"replies":[{"embeddable":true,"href":"https:\/\/informelitoral.com.ar\/%77%70%2d%6a%73%6f%6e\/wp\/v2\/comments?post=92811"}],"version-history":[{"count":0,"href":"https:\/\/informelitoral.com.ar\/%77%70%2d%6a%73%6f%6e\/wp\/v2\/posts\/92811\/revisions"}],"wp:featuredmedia":[{"embeddable":true,"href":"https:\/\/informelitoral.com.ar\/%77%70%2d%6a%73%6f%6e\/wp\/v2\/media\/92820"}],"wp:attachment":[{"href":"https:\/\/informelitoral.com.ar\/%77%70%2d%6a%73%6f%6e\/wp\/v2\/media?parent=92811"}],"wp:term":[{"taxonomy":"category","embeddable":true,"href":"https:\/\/informelitoral.com.ar\/%77%70%2d%6a%73%6f%6e\/wp\/v2\/categories?post=92811"},{"taxonomy":"post_tag","embeddable":true,"href":"https:\/\/informelitoral.com.ar\/%77%70%2d%6a%73%6f%6e\/wp\/v2\/tags?post=92811"}],"curies":[{"name":"wp","href":"https:\/\/api.w.org\/{rel}","templated":true}]}}