{"id":928,"date":"2013-04-10T15:13:07","date_gmt":"2013-04-10T18:13:07","guid":{"rendered":"http:\/\/www.isletasnoticias.com.ar\/?p=928"},"modified":"2013-04-10T15:13:07","modified_gmt":"2013-04-10T18:13:07","slug":"un-campamento-cientifico-reunira-en-ramirez-a-unos-600-estudiantes-de-la-provincia","status":"publish","type":"post","link":"https:\/\/informelitoral.com.ar\/un-campamento-cientifico-reunira-en-ramirez-a-unos-600-estudiantes-de-la-provincia\/","title":{"rendered":"Un campamento cient\u00edfico reunir\u00e1 en Ram\u00edrez a unos 600 estudiantes de la provincia"},"content":{"rendered":"<p><strong>Se trata del\u00a0 VI Campamento cient\u00edfico-recreativo y el 1\u00b0 Encuentro de J\u00f3venes Cient\u00edficos. organizado por el Club de Ciencias \u00abOlga Carlevaris de Vel\u00e1zquez\u00bb de la escuela secundaria N\u00ba 4 Francisco Ram\u00edrez. La actividad se realizar\u00e1 en el Polideportivo de esa ciudad del 16 al 19 de abril y fue declarada <em>\u201cde Inter\u00e9s Legislativo\u201d<\/em> por Senadores.<\/strong><\/p>\n<p><img loading=\"lazy\" decoding=\"async\" class=\"size-medium wp-image-929 aligncenter\" alt=\"campamento\" src=\"http:\/\/www.isletasnoticias.com.ar\/%77%70%2d%63%6f%6e%74%65%6e%74\/uploads\/2013\/04\/campamento-300x168.jpg\" width=\"300\" height=\"168\" srcset=\"https:\/\/informelitoral.com.ar\/%77%70%2d%63%6f%6e%74%65%6e%74\/uploads\/2013\/04\/campamento-300x168.jpg 300w, https:\/\/informelitoral.com.ar\/%77%70%2d%63%6f%6e%74%65%6e%74\/uploads\/2013\/04\/campamento.jpg 640w\" sizes=\"auto, (max-width: 300px) 100vw, 300px\" \/><\/p>\n<p>Unos 600 estudiantes secundarios de toda la provincia se reunir\u00e1n en General Ram\u00edrez entre el mi\u00e9rcoles 16 y el viernes 19 de este mes en el VI Campamento cient\u00edfico-recreativo y el 1\u00b0 Encuentro de J\u00f3venes Cient\u00edficos.<\/p>\n<p>La actividad, que se desarrollar\u00e1 en el polideportivo\u00a0local organizada por el Club de Ciencias Olga Carlevaris de Vel\u00e1zquez de la escuela secundaria N\u00ba 4 Francisco Ram\u00edrez, fue declarada anoche<em> \u201cde Inter\u00e9s Legislativo\u201d<\/em> por la C\u00e1mara de Senadores de Entre R\u00edos.<\/p>\n<p>La escuela secundaria N\u00b04 Francisco Ram\u00edrez de gesti\u00f3n p\u00fablica cuenta con este club de Ciencias escolar desde 1986. A partir de 1993, se lo registra como club de Ciencias \u201cOlga Carlevaris de Vel\u00e1squez\u201d y se lo inscribe con n\u00famero de registro 83 en la coordinaci\u00f3n de Actividades Cient\u00edficas y juveniles del CGE.<\/p>\n<p><em>\u00a0\u201cEl club desarrolla un papel muy importante a nivel provincial, nacional, e internacional obteniendo premios importantes, lo que demuestra el inter\u00e9s por las ciencias, puesto de manifiesto por los alumnos y docentes de esta instituci\u00f3n\u201d,<\/em> indica en los fundamentos el proyecto de declaraci\u00f3n de inter\u00e9s presentado por el senador Daniel Kramer.<\/p>\n<p>A partir del a\u00f1o 2008 gener\u00f3 una nueva actividad que es la de Campamento Cient\u00edfico, a partir de la propuesta y de los resultados obtenidos de los encuentros desarrollados durante los a\u00f1os 2008, 2009, 2010, 2011, 2012, se organiza el del presente a\u00f1o.<\/p>\n<p>Desde sus inicios sus actividades fueron avaladas e\u00a0incorporadas al calendario de la Coordinaci\u00f3n de Actividades Cient\u00edficas y Tecnol\u00f3gicas dependiente del Consejo General de Educaci\u00f3n (CGE) y fue seleccionada como propuesta pedag\u00f3gica innovadora en el Congreso de Educaci\u00f3n Secundaria \u201cConocimiento-Inclusi\u00f3n-Ciudadan\u00eda\u201d realizado en septiembre de 2011 en la provincia. Tambi\u00e9n particip\u00f3 en el \u201c1\u00b0 Encuentro Nacional de Clubes de Ciencia\u201d, realizado en la Universidad Nacional de Lan\u00fas en octubre 2012 organizado por el ministerio de Ciencia, Tecnolog\u00eda e Innovaci\u00f3n Productiva de la Naci\u00f3n, otorg\u00e1ndole el N\u00b0 de registro 498.<\/p>\n<p style=\"text-align: left;\">\u00a0<em>\u201cLa trayectoria de nuestro Club habla de la participaci\u00f3n en diversas instancias, Internacionales demostrativas y competitivas con destacadas participaciones en Santiago de Chile, Asunci\u00f3n y Encarnaci\u00f3n Paraguay, Brasil, Espa\u00f1a, M\u00e9xico Y E.E.U.U, las que nos han permitido generar v\u00ednculos con las instituciones organizadoras y participantes\u201d<\/em>, indicaron los organizadores.<\/p>\n<p style=\"text-align: left;\">Fuente: UNO.<\/p>\n","protected":false},"excerpt":{"rendered":"<p>Se trata del&nbsp; VI Campamento cient&iacute;fico-recreativo y el 1&deg; Encuentro de J&oacute;venes Cient&iacute;ficos. organizado por el Club de Ciencias &laquo;Olga Carlevaris de Vel&aacute;zquez&raquo; de la escuela secundaria N&ordm; 4 Francisco Ram&iacute;rez. La actividad se realizar&aacute; en el Polideportivo de esa ciudad del 16 al 19 de abril y fue declarada &ldquo;de Inter&eacute;s Legislativo&rdquo; por Senadores. [&hellip;]<\/p>\n","protected":false},"author":2,"featured_media":0,"comment_status":"open","ping_status":"open","sticky":false,"template":"","format":"standard","meta":{"fifu_image_url":"","fifu_image_alt":"","footnotes":""},"categories":[6],"tags":[],"class_list":{"0":"post-928","1":"post","2":"type-post","3":"status-publish","4":"format-standard","6":"category-entre-rios"},"yoast_head":"<title>Un campamento cient\u00edfico reunir\u00e1 en Ram\u00edrez a unos 600 estudiantes de la provincia - Informe Litoral<\/title>\n<meta name=\"robots\" content=\"index, follow, max-snippet:-1, max-image-preview:large, max-video-preview:-1\" \/>\n<link rel=\"canonical\" href=\"https:\/\/informelitoral.com.ar\/un-campamento-cientifico-reunira-en-ramirez-a-unos-600-estudiantes-de-la-provincia\/\" \/>\n<meta property=\"og:locale\" content=\"es_ES\" \/>\n<meta property=\"og:type\" content=\"article\" \/>\n<meta property=\"og:title\" content=\"Un campamento cient\u00edfico reunir\u00e1 en Ram\u00edrez a unos 600 estudiantes de la provincia - Informe Litoral\" \/>\n<meta property=\"og:description\" content=\"Se trata del&nbsp; VI Campamento cient&iacute;fico-recreativo y el 1&deg; Encuentro de J&oacute;venes Cient&iacute;ficos. organizado por el Club de Ciencias &laquo;Olga Carlevaris de Vel&aacute;zquez&raquo; de la escuela secundaria N&ordm; 4 Francisco Ram&iacute;rez. La actividad se realizar&aacute; en el Polideportivo de esa ciudad del 16 al 19 de abril y fue declarada &ldquo;de Inter&eacute;s Legislativo&rdquo; por Senadores. [&hellip;]\" \/>\n<meta property=\"og:url\" content=\"https:\/\/informelitoral.com.ar\/un-campamento-cientifico-reunira-en-ramirez-a-unos-600-estudiantes-de-la-provincia\/\" \/>\n<meta property=\"og:site_name\" content=\"Informe Litoral\" \/>\n<meta property=\"article:publisher\" content=\"https:\/\/www.facebook.com\/informelitoral\/\" \/>\n<meta property=\"article:published_time\" content=\"2013-04-10T18:13:07+00:00\" \/>\n<meta property=\"og:image\" content=\"https:\/\/informelitoral.com.ar\/%77%70%2d%63%6f%6e%74%65%6e%74\/uploads\/2013\/04\/campamento.jpg\" \/>\n\t<meta property=\"og:image:width\" content=\"640\" \/>\n\t<meta property=\"og:image:height\" content=\"360\" \/>\n\t<meta property=\"og:image:type\" content=\"image\/jpeg\" \/>\n<meta name=\"author\" content=\"Gonzalo Schmidt\" \/>\n<meta name=\"twitter:card\" content=\"summary_large_image\" \/>\n<meta name=\"twitter:creator\" content=\"@InformeLitoral\" \/>\n<meta name=\"twitter:site\" content=\"@InformeLitoral\" \/>\n<meta name=\"twitter:label1\" content=\"Escrito por\" \/>\n\t<meta name=\"twitter:data1\" content=\"Gonzalo Schmidt\" \/>\n\t<meta name=\"twitter:label2\" content=\"Tiempo de lectura\" \/>\n\t<meta name=\"twitter:data2\" content=\"2 minutos\" \/>\n<script type=\"application\/ld+json\" class=\"yoast-schema-graph\">{\"@context\":\"https:\\\/\\\/schema.org\",\"@graph\":[{\"@type\":\"Article\",\"@id\":\"https:\\\/\\\/informelitoral.com.ar\\\/un-campamento-cientifico-reunira-en-ramirez-a-unos-600-estudiantes-de-la-provincia\\\/#article\",\"isPartOf\":{\"@id\":\"https:\\\/\\\/informelitoral.com.ar\\\/un-campamento-cientifico-reunira-en-ramirez-a-unos-600-estudiantes-de-la-provincia\\\/\"},\"author\":{\"name\":\"Gonzalo Schmidt\",\"@id\":\"https:\\\/\\\/informelitoral.com.ar\\\/#\\\/schema\\\/person\\\/b9d00407c836482871ef1d57bf8e3180\"},\"headline\":\"Un campamento cient\u00edfico reunir\u00e1 en Ram\u00edrez a unos 600 estudiantes de la provincia\",\"datePublished\":\"2013-04-10T18:13:07+00:00\",\"mainEntityOfPage\":{\"@id\":\"https:\\\/\\\/informelitoral.com.ar\\\/un-campamento-cientifico-reunira-en-ramirez-a-unos-600-estudiantes-de-la-provincia\\\/\"},\"wordCount\":463,\"commentCount\":0,\"publisher\":{\"@id\":\"https:\\\/\\\/informelitoral.com.ar\\\/#organization\"},\"image\":{\"@id\":\"https:\\\/\\\/informelitoral.com.ar\\\/un-campamento-cientifico-reunira-en-ramirez-a-unos-600-estudiantes-de-la-provincia\\\/#primaryimage\"},\"thumbnailUrl\":\"http:\\\/\\\/www.isletasnoticias.com.ar\\\/%77%70%2d%63%6f%6e%74%65%6e%74\\\/uploads\\\/2013\\\/04\\\/campamento-300x168.jpg\",\"articleSection\":[\"Entre R\u00edos\"],\"inLanguage\":\"es\",\"potentialAction\":[{\"@type\":\"CommentAction\",\"name\":\"Comment\",\"target\":[\"https:\\\/\\\/informelitoral.com.ar\\\/un-campamento-cientifico-reunira-en-ramirez-a-unos-600-estudiantes-de-la-provincia\\\/#respond\"]}]},{\"@type\":\"WebPage\",\"@id\":\"https:\\\/\\\/informelitoral.com.ar\\\/un-campamento-cientifico-reunira-en-ramirez-a-unos-600-estudiantes-de-la-provincia\\\/\",\"url\":\"https:\\\/\\\/informelitoral.com.ar\\\/un-campamento-cientifico-reunira-en-ramirez-a-unos-600-estudiantes-de-la-provincia\\\/\",\"name\":\"Un campamento cient\u00edfico reunir\u00e1 en Ram\u00edrez a unos 600 estudiantes de la provincia - Informe Litoral\",\"isPartOf\":{\"@id\":\"https:\\\/\\\/informelitoral.com.ar\\\/#website\"},\"primaryImageOfPage\":{\"@id\":\"https:\\\/\\\/informelitoral.com.ar\\\/un-campamento-cientifico-reunira-en-ramirez-a-unos-600-estudiantes-de-la-provincia\\\/#primaryimage\"},\"image\":{\"@id\":\"https:\\\/\\\/informelitoral.com.ar\\\/un-campamento-cientifico-reunira-en-ramirez-a-unos-600-estudiantes-de-la-provincia\\\/#primaryimage\"},\"thumbnailUrl\":\"http:\\\/\\\/www.isletasnoticias.com.ar\\\/%77%70%2d%63%6f%6e%74%65%6e%74\\\/uploads\\\/2013\\\/04\\\/campamento-300x168.jpg\",\"datePublished\":\"2013-04-10T18:13:07+00:00\",\"breadcrumb\":{\"@id\":\"https:\\\/\\\/informelitoral.com.ar\\\/un-campamento-cientifico-reunira-en-ramirez-a-unos-600-estudiantes-de-la-provincia\\\/#breadcrumb\"},\"inLanguage\":\"es\",\"potentialAction\":[{\"@type\":\"ReadAction\",\"target\":[\"https:\\\/\\\/informelitoral.com.ar\\\/un-campamento-cientifico-reunira-en-ramirez-a-unos-600-estudiantes-de-la-provincia\\\/\"]}]},{\"@type\":\"ImageObject\",\"inLanguage\":\"es\",\"@id\":\"https:\\\/\\\/informelitoral.com.ar\\\/un-campamento-cientifico-reunira-en-ramirez-a-unos-600-estudiantes-de-la-provincia\\\/#primaryimage\",\"url\":\"http:\\\/\\\/www.isletasnoticias.com.ar\\\/%77%70%2d%63%6f%6e%74%65%6e%74\\\/uploads\\\/2013\\\/04\\\/campamento-300x168.jpg\",\"contentUrl\":\"http:\\\/\\\/www.isletasnoticias.com.ar\\\/%77%70%2d%63%6f%6e%74%65%6e%74\\\/uploads\\\/2013\\\/04\\\/campamento-300x168.jpg\"},{\"@type\":\"BreadcrumbList\",\"@id\":\"https:\\\/\\\/informelitoral.com.ar\\\/un-campamento-cientifico-reunira-en-ramirez-a-unos-600-estudiantes-de-la-provincia\\\/#breadcrumb\",\"itemListElement\":[{\"@type\":\"ListItem\",\"position\":1,\"name\":\"Portada\",\"item\":\"https:\\\/\\\/informelitoral.com.ar\\\/\"},{\"@type\":\"ListItem\",\"position\":2,\"name\":\"Un campamento cient\u00edfico reunir\u00e1 en Ram\u00edrez a unos 600 estudiantes de la provincia\"}]},{\"@type\":\"WebSite\",\"@id\":\"https:\\\/\\\/informelitoral.com.ar\\\/#website\",\"url\":\"https:\\\/\\\/informelitoral.com.ar\\\/\",\"name\":\"Informe Litoral\",\"description\":\"&quot;Nos informamos&quot; \",\"publisher\":{\"@id\":\"https:\\\/\\\/informelitoral.com.ar\\\/#organization\"},\"potentialAction\":[{\"@type\":\"SearchAction\",\"target\":{\"@type\":\"EntryPoint\",\"urlTemplate\":\"https:\\\/\\\/informelitoral.com.ar\\\/?s={search_term_string}\"},\"query-input\":{\"@type\":\"PropertyValueSpecification\",\"valueRequired\":true,\"valueName\":\"search_term_string\"}}],\"inLanguage\":\"es\"},{\"@type\":\"Organization\",\"@id\":\"https:\\\/\\\/informelitoral.com.ar\\\/#organization\",\"name\":\"Informe Litoral\",\"url\":\"https:\\\/\\\/informelitoral.com.ar\\\/\",\"logo\":{\"@type\":\"ImageObject\",\"inLanguage\":\"es\",\"@id\":\"https:\\\/\\\/informelitoral.com.ar\\\/#\\\/schema\\\/logo\\\/image\\\/\",\"url\":\"https:\\\/\\\/informelitoral.com.ar\\\/%77%70%2d%63%6f%6e%74%65%6e%74\\\/uploads\\\/2021\\\/01\\\/circulo.png\",\"contentUrl\":\"https:\\\/\\\/informelitoral.com.ar\\\/%77%70%2d%63%6f%6e%74%65%6e%74\\\/uploads\\\/2021\\\/01\\\/circulo.png\",\"width\":723,\"height\":731,\"caption\":\"Informe Litoral\"},\"image\":{\"@id\":\"https:\\\/\\\/informelitoral.com.ar\\\/#\\\/schema\\\/logo\\\/image\\\/\"},\"sameAs\":[\"https:\\\/\\\/www.facebook.com\\\/informelitoral\\\/\",\"https:\\\/\\\/x.com\\\/InformeLitoral\",\"https:\\\/\\\/www.instagram.com\\\/informelitoral\\\/\",\"https:\\\/\\\/www.youtube.com\\\/channel\\\/UCua4Qvz8Icb6MYqhoq9xLXw\"]},{\"@type\":\"Person\",\"@id\":\"https:\\\/\\\/informelitoral.com.ar\\\/#\\\/schema\\\/person\\\/b9d00407c836482871ef1d57bf8e3180\",\"name\":\"Gonzalo Schmidt\",\"image\":{\"@type\":\"ImageObject\",\"inLanguage\":\"es\",\"@id\":\"https:\\\/\\\/secure.gravatar.com\\\/avatar\\\/31a1a7b66ff2de83bd0e9fd79d026630d2d99e55e8bfe501287647b4fd9743de?s=96&d=mm&r=g\",\"url\":\"https:\\\/\\\/secure.gravatar.com\\\/avatar\\\/31a1a7b66ff2de83bd0e9fd79d026630d2d99e55e8bfe501287647b4fd9743de?s=96&d=mm&r=g\",\"contentUrl\":\"https:\\\/\\\/secure.gravatar.com\\\/avatar\\\/31a1a7b66ff2de83bd0e9fd79d026630d2d99e55e8bfe501287647b4fd9743de?s=96&d=mm&r=g\",\"caption\":\"Gonzalo Schmidt\"},\"description\":\"Sitio web de noticias de la provincia de Entre R\u00edos, Argentina. Informaci\u00f3n y entretenimiento. Informe Litoral, nos informamos.\",\"sameAs\":[\"http:\\\/\\\/www.isletasnoticias.com.ar\"],\"url\":\"https:\\\/\\\/informelitoral.com.ar\\\/author\\\/gonzalo\\\/\"}]}<\/script>","yoast_head_json":{"title":"Un campamento cient\u00edfico reunir\u00e1 en Ram\u00edrez a unos 600 estudiantes de la provincia - Informe Litoral","robots":{"index":"index","follow":"follow","max-snippet":"max-snippet:-1","max-image-preview":"max-image-preview:large","max-video-preview":"max-video-preview:-1"},"canonical":"https:\/\/informelitoral.com.ar\/un-campamento-cientifico-reunira-en-ramirez-a-unos-600-estudiantes-de-la-provincia\/","og_locale":"es_ES","og_type":"article","og_title":"Un campamento cient\u00edfico reunir\u00e1 en Ram\u00edrez a unos 600 estudiantes de la provincia - Informe Litoral","og_description":"Se trata del&nbsp; VI Campamento cient&iacute;fico-recreativo y el 1&deg; Encuentro de J&oacute;venes Cient&iacute;ficos. organizado por el Club de Ciencias &laquo;Olga Carlevaris de Vel&aacute;zquez&raquo; de la escuela secundaria N&ordm; 4 Francisco Ram&iacute;rez. La actividad se realizar&aacute; en el Polideportivo de esa ciudad del 16 al 19 de abril y fue declarada &ldquo;de Inter&eacute;s Legislativo&rdquo; por Senadores. [&hellip;]","og_url":"https:\/\/informelitoral.com.ar\/un-campamento-cientifico-reunira-en-ramirez-a-unos-600-estudiantes-de-la-provincia\/","og_site_name":"Informe Litoral","article_publisher":"https:\/\/www.facebook.com\/informelitoral\/","article_published_time":"2013-04-10T18:13:07+00:00","og_image":[{"width":640,"height":360,"url":"https:\/\/informelitoral.com.ar\/%77%70%2d%63%6f%6e%74%65%6e%74\/uploads\/2013\/04\/campamento.jpg","type":"image\/jpeg"}],"author":"Gonzalo Schmidt","twitter_card":"summary_large_image","twitter_creator":"@InformeLitoral","twitter_site":"@InformeLitoral","twitter_misc":{"Escrito por":"Gonzalo Schmidt","Tiempo de lectura":"2 minutos"},"schema":{"@context":"https:\/\/schema.org","@graph":[{"@type":"Article","@id":"https:\/\/informelitoral.com.ar\/un-campamento-cientifico-reunira-en-ramirez-a-unos-600-estudiantes-de-la-provincia\/#article","isPartOf":{"@id":"https:\/\/informelitoral.com.ar\/un-campamento-cientifico-reunira-en-ramirez-a-unos-600-estudiantes-de-la-provincia\/"},"author":{"name":"Gonzalo Schmidt","@id":"https:\/\/informelitoral.com.ar\/#\/schema\/person\/b9d00407c836482871ef1d57bf8e3180"},"headline":"Un campamento cient\u00edfico reunir\u00e1 en Ram\u00edrez a unos 600 estudiantes de la provincia","datePublished":"2013-04-10T18:13:07+00:00","mainEntityOfPage":{"@id":"https:\/\/informelitoral.com.ar\/un-campamento-cientifico-reunira-en-ramirez-a-unos-600-estudiantes-de-la-provincia\/"},"wordCount":463,"commentCount":0,"publisher":{"@id":"https:\/\/informelitoral.com.ar\/#organization"},"image":{"@id":"https:\/\/informelitoral.com.ar\/un-campamento-cientifico-reunira-en-ramirez-a-unos-600-estudiantes-de-la-provincia\/#primaryimage"},"thumbnailUrl":"http:\/\/www.isletasnoticias.com.ar\/%77%70%2d%63%6f%6e%74%65%6e%74\/uploads\/2013\/04\/campamento-300x168.jpg","articleSection":["Entre R\u00edos"],"inLanguage":"es","potentialAction":[{"@type":"CommentAction","name":"Comment","target":["https:\/\/informelitoral.com.ar\/un-campamento-cientifico-reunira-en-ramirez-a-unos-600-estudiantes-de-la-provincia\/#respond"]}]},{"@type":"WebPage","@id":"https:\/\/informelitoral.com.ar\/un-campamento-cientifico-reunira-en-ramirez-a-unos-600-estudiantes-de-la-provincia\/","url":"https:\/\/informelitoral.com.ar\/un-campamento-cientifico-reunira-en-ramirez-a-unos-600-estudiantes-de-la-provincia\/","name":"Un campamento cient\u00edfico reunir\u00e1 en Ram\u00edrez a unos 600 estudiantes de la provincia - Informe Litoral","isPartOf":{"@id":"https:\/\/informelitoral.com.ar\/#website"},"primaryImageOfPage":{"@id":"https:\/\/informelitoral.com.ar\/un-campamento-cientifico-reunira-en-ramirez-a-unos-600-estudiantes-de-la-provincia\/#primaryimage"},"image":{"@id":"https:\/\/informelitoral.com.ar\/un-campamento-cientifico-reunira-en-ramirez-a-unos-600-estudiantes-de-la-provincia\/#primaryimage"},"thumbnailUrl":"http:\/\/www.isletasnoticias.com.ar\/%77%70%2d%63%6f%6e%74%65%6e%74\/uploads\/2013\/04\/campamento-300x168.jpg","datePublished":"2013-04-10T18:13:07+00:00","breadcrumb":{"@id":"https:\/\/informelitoral.com.ar\/un-campamento-cientifico-reunira-en-ramirez-a-unos-600-estudiantes-de-la-provincia\/#breadcrumb"},"inLanguage":"es","potentialAction":[{"@type":"ReadAction","target":["https:\/\/informelitoral.com.ar\/un-campamento-cientifico-reunira-en-ramirez-a-unos-600-estudiantes-de-la-provincia\/"]}]},{"@type":"ImageObject","inLanguage":"es","@id":"https:\/\/informelitoral.com.ar\/un-campamento-cientifico-reunira-en-ramirez-a-unos-600-estudiantes-de-la-provincia\/#primaryimage","url":"http:\/\/www.isletasnoticias.com.ar\/%77%70%2d%63%6f%6e%74%65%6e%74\/uploads\/2013\/04\/campamento-300x168.jpg","contentUrl":"http:\/\/www.isletasnoticias.com.ar\/%77%70%2d%63%6f%6e%74%65%6e%74\/uploads\/2013\/04\/campamento-300x168.jpg"},{"@type":"BreadcrumbList","@id":"https:\/\/informelitoral.com.ar\/un-campamento-cientifico-reunira-en-ramirez-a-unos-600-estudiantes-de-la-provincia\/#breadcrumb","itemListElement":[{"@type":"ListItem","position":1,"name":"Portada","item":"https:\/\/informelitoral.com.ar\/"},{"@type":"ListItem","position":2,"name":"Un campamento cient\u00edfico reunir\u00e1 en Ram\u00edrez a unos 600 estudiantes de la provincia"}]},{"@type":"WebSite","@id":"https:\/\/informelitoral.com.ar\/#website","url":"https:\/\/informelitoral.com.ar\/","name":"Informe Litoral","description":"&quot;Nos informamos&quot; ","publisher":{"@id":"https:\/\/informelitoral.com.ar\/#organization"},"potentialAction":[{"@type":"SearchAction","target":{"@type":"EntryPoint","urlTemplate":"https:\/\/informelitoral.com.ar\/?s={search_term_string}"},"query-input":{"@type":"PropertyValueSpecification","valueRequired":true,"valueName":"search_term_string"}}],"inLanguage":"es"},{"@type":"Organization","@id":"https:\/\/informelitoral.com.ar\/#organization","name":"Informe Litoral","url":"https:\/\/informelitoral.com.ar\/","logo":{"@type":"ImageObject","inLanguage":"es","@id":"https:\/\/informelitoral.com.ar\/#\/schema\/logo\/image\/","url":"https:\/\/informelitoral.com.ar\/%77%70%2d%63%6f%6e%74%65%6e%74\/uploads\/2021\/01\/circulo.png","contentUrl":"https:\/\/informelitoral.com.ar\/%77%70%2d%63%6f%6e%74%65%6e%74\/uploads\/2021\/01\/circulo.png","width":723,"height":731,"caption":"Informe Litoral"},"image":{"@id":"https:\/\/informelitoral.com.ar\/#\/schema\/logo\/image\/"},"sameAs":["https:\/\/www.facebook.com\/informelitoral\/","https:\/\/x.com\/InformeLitoral","https:\/\/www.instagram.com\/informelitoral\/","https:\/\/www.youtube.com\/channel\/UCua4Qvz8Icb6MYqhoq9xLXw"]},{"@type":"Person","@id":"https:\/\/informelitoral.com.ar\/#\/schema\/person\/b9d00407c836482871ef1d57bf8e3180","name":"Gonzalo Schmidt","image":{"@type":"ImageObject","inLanguage":"es","@id":"https:\/\/secure.gravatar.com\/avatar\/31a1a7b66ff2de83bd0e9fd79d026630d2d99e55e8bfe501287647b4fd9743de?s=96&d=mm&r=g","url":"https:\/\/secure.gravatar.com\/avatar\/31a1a7b66ff2de83bd0e9fd79d026630d2d99e55e8bfe501287647b4fd9743de?s=96&d=mm&r=g","contentUrl":"https:\/\/secure.gravatar.com\/avatar\/31a1a7b66ff2de83bd0e9fd79d026630d2d99e55e8bfe501287647b4fd9743de?s=96&d=mm&r=g","caption":"Gonzalo Schmidt"},"description":"Sitio web de noticias de la provincia de Entre R\u00edos, Argentina. Informaci\u00f3n y entretenimiento. Informe Litoral, nos informamos.","sameAs":["http:\/\/www.isletasnoticias.com.ar"],"url":"https:\/\/informelitoral.com.ar\/author\/gonzalo\/"}]}},"_links":{"self":[{"href":"https:\/\/informelitoral.com.ar\/%77%70%2d%6a%73%6f%6e\/wp\/v2\/posts\/928","targetHints":{"allow":["GET"]}}],"collection":[{"href":"https:\/\/informelitoral.com.ar\/%77%70%2d%6a%73%6f%6e\/wp\/v2\/posts"}],"about":[{"href":"https:\/\/informelitoral.com.ar\/%77%70%2d%6a%73%6f%6e\/wp\/v2\/types\/post"}],"author":[{"embeddable":true,"href":"https:\/\/informelitoral.com.ar\/%77%70%2d%6a%73%6f%6e\/wp\/v2\/users\/2"}],"replies":[{"embeddable":true,"href":"https:\/\/informelitoral.com.ar\/%77%70%2d%6a%73%6f%6e\/wp\/v2\/comments?post=928"}],"version-history":[{"count":0,"href":"https:\/\/informelitoral.com.ar\/%77%70%2d%6a%73%6f%6e\/wp\/v2\/posts\/928\/revisions"}],"wp:attachment":[{"href":"https:\/\/informelitoral.com.ar\/%77%70%2d%6a%73%6f%6e\/wp\/v2\/media?parent=928"}],"wp:term":[{"taxonomy":"category","embeddable":true,"href":"https:\/\/informelitoral.com.ar\/%77%70%2d%6a%73%6f%6e\/wp\/v2\/categories?post=928"},{"taxonomy":"post_tag","embeddable":true,"href":"https:\/\/informelitoral.com.ar\/%77%70%2d%6a%73%6f%6e\/wp\/v2\/tags?post=928"}],"curies":[{"name":"wp","href":"https:\/\/api.w.org\/{rel}","templated":true}]}}