{"id":92772,"date":"2022-11-04T09:02:25","date_gmt":"2022-11-04T12:02:25","guid":{"rendered":"https:\/\/www.informelitoral.com.ar\/?p=92772"},"modified":"2022-11-04T09:07:38","modified_gmt":"2022-11-04T12:07:38","slug":"ley-de-humedales-convocaron-a-reunion-para-emitir-dictamen-el-proximo-jueves","status":"publish","type":"post","link":"https:\/\/informelitoral.com.ar\/ley-de-humedales-convocaron-a-reunion-para-emitir-dictamen-el-proximo-jueves\/","title":{"rendered":"Ley de Humedales: convocaron a reuni\u00f3n para emitir dictamen el pr\u00f3ximo jueves"},"content":{"rendered":"<p>La reuni\u00f3n fue residida por el presidente de la comisi\u00f3n de Recursos Naturales, Leonardo Grosso (Frente de Todos, FdT) y su par de Presupuesto, Carlos Heller (FdT), ya que el titular de Agricultura, el radical Ricardo Buryaile, no asisti\u00f3 al cuestionar la convocatoria.<\/p>\n<p>Al concluir el plenario, que se extendi\u00f3 por m\u00e1s de cuatro horas, Grosso volvi\u00f3 a insistir con que el proyecto busca establecer presupuestos m\u00ednimos para proteger los humedales, que \u00abno afectan las inversiones\u00bb y anunci\u00f3 que \u00abse convoca a un nuevo plenario para el jueves a las 13 para emitir dictamen\u00bb.<\/p>\n<p>El encuentro se efectu\u00f3 sin la presencia de la mayor\u00eda de los diputados de Juntos por el Cambio ya que s\u00f3lo concurrieron a la reuni\u00f3n los radicales Dayana Tavela, Soledad Carrizo y Dolores Mart\u00ednez.<\/p>\n<p>A lo largo del plenario expusieron la ministra de Ambiente de la provincia de Buenos Aires, Daniela Vilar, los intendentes de Villa Constituci\u00f3n (Santa Fe) Jorge Berti; de Brikmann, Gustavo Tevez (C\u00f3rdoba); de Marull; Jorge Gabriel Faletto; de La Para, Carlos Guzm\u00e1n (C\u00f3rdoba) y el presidente comunal de Fighiera (Santa Fe), Rodolfo Stangoni.<\/p>\n<p>Tambi\u00e9n, participaron en representaci\u00f3n de Santa Fe Alberto Ricci, intendente de Villa Gobernador G\u00e1lvez; Gabriel Oliv\u00e9, secretario de Obras P\u00fablicas de la municipalidad de Arroyo Seco; Juliana Conti, subsecretaria Legal y T\u00e9cnica de la Municipalidad de Rosario y Mart\u00edn Gherardi, intendente de Pueblo Esther.<\/p>\n<p>En cambio no lo hicieron los representantes de los gobiernos de Catamarca y de La Rioja, quienes fueron citados para exponer sobre este proyecto.<\/p>\n<p>La primera en hablar fue la ministra bonaerense de Ambiente, Daniela Vilar, quien se quej\u00f3 de la ausencia de JxC al afirmar que \u00ablo que hoy deber\u00eda ser un plenario de comisiones para discutir y avanzar con una pol\u00edtica de Estado para nuestro pa\u00eds de presupuestos m\u00ednimos y una Ley de Humedales tan necesaria, va a ser solo otra instancia de conversaci\u00f3n\u00bb.<\/p>\n<p>La funcionaria bonaerense volvi\u00f3 a reclamar que se sancione la Ley de Humedales y dijo que \u00abest\u00e1n claramente establecidas\u00bb las competencias \u00abrecurrentes\u00bb entre Naci\u00f3n y las provincias.<\/p>\n<p>Luego indic\u00f3 que le genera \u00abbastante decepci\u00f3n no poder hoy avanzar en la discusi\u00f3n y el dictamen de este proyecto, y que se est\u00e9 constituyendo otro a\u00f1o m\u00e1s en el que no se consiga la necesaria ley de humedales para todo el pa\u00eds\u00bb.<\/p>\n<p>\u00abPlanteamos la necesidad de tener esta herramienta para poder defender los bienes comunes naturales porque est\u00e1n en peligro\u00bb, especific\u00f3 e inst\u00f3 a que \u00abexista el Estado regulando esa explotaci\u00f3n, al menos con presupuestos m\u00ednimos desde Naci\u00f3n y que luego las provincias lo ejerzan de la manera que crean que a sus poblaciones les va a beneficiar, en conjunto con las comunidades\u00bb.<\/p>\n","protected":false},"excerpt":{"rendered":"<p>Un plenario de comisiones de la C\u00e1mara de Diputados debati\u00f3 el proyecto de ley de Humedales y fue convocado para el pr\u00f3ximo jueves a fin de tener dictamen favorable a esta iniciativa de resguardo del medio ambiente.<\/p>\n","protected":false},"author":8,"featured_media":92781,"comment_status":"open","ping_status":"open","sticky":false,"template":"","format":"standard","meta":{"fifu_image_url":"","fifu_image_alt":"","footnotes":""},"categories":[16],"tags":[1624],"class_list":{"0":"post-92772","1":"post","2":"type-post","3":"status-publish","4":"format-standard","5":"has-post-thumbnail","7":"category-politi","8":"tag-ley-de-humedales"},"yoast_head":"<title>Ley de Humedales: convocaron a reuni\u00f3n para emitir dictamen el pr\u00f3ximo jueves - Informe Litoral<\/title>\n<meta name=\"robots\" content=\"index, follow, max-snippet:-1, max-image-preview:large, max-video-preview:-1\" \/>\n<link rel=\"canonical\" href=\"https:\/\/informelitoral.com.ar\/ley-de-humedales-convocaron-a-reunion-para-emitir-dictamen-el-proximo-jueves\/\" \/>\n<meta property=\"og:locale\" content=\"es_ES\" \/>\n<meta property=\"og:type\" content=\"article\" \/>\n<meta property=\"og:title\" content=\"Ley de Humedales: convocaron a reuni\u00f3n para emitir dictamen el pr\u00f3ximo jueves - Informe Litoral\" \/>\n<meta property=\"og:description\" content=\"Un plenario de comisiones de la C\u00e1mara de Diputados debati\u00f3 el proyecto de ley de Humedales y fue convocado para el pr\u00f3ximo jueves a fin de tener dictamen favorable a esta iniciativa de resguardo del medio ambiente.\" \/>\n<meta property=\"og:url\" content=\"https:\/\/informelitoral.com.ar\/ley-de-humedales-convocaron-a-reunion-para-emitir-dictamen-el-proximo-jueves\/\" \/>\n<meta property=\"og:site_name\" content=\"Informe Litoral\" \/>\n<meta property=\"article:publisher\" content=\"https:\/\/www.facebook.com\/informelitoral\/\" \/>\n<meta property=\"article:published_time\" content=\"2022-11-04T12:02:25+00:00\" \/>\n<meta property=\"article:modified_time\" content=\"2022-11-04T12:07:38+00:00\" \/>\n<meta property=\"og:image\" content=\"https:\/\/informelitoral.com.ar\/%77%70%2d%63%6f%6e%74%65%6e%74\/uploads\/2022\/11\/o_1667508776.jpg\" \/>\n\t<meta property=\"og:image:width\" content=\"800\" \/>\n\t<meta property=\"og:image:height\" content=\"450\" \/>\n\t<meta property=\"og:image:type\" content=\"image\/jpeg\" \/>\n<meta name=\"author\" content=\"Sebastian\" \/>\n<meta name=\"twitter:card\" content=\"summary_large_image\" \/>\n<meta name=\"twitter:creator\" content=\"@InformeLitoral\" \/>\n<meta name=\"twitter:site\" content=\"@InformeLitoral\" \/>\n<meta name=\"twitter:label1\" content=\"Escrito por\" \/>\n\t<meta name=\"twitter:data1\" content=\"Sebastian\" \/>\n\t<meta name=\"twitter:label2\" content=\"Tiempo de lectura\" \/>\n\t<meta name=\"twitter:data2\" content=\"2 minutos\" \/>\n<script type=\"application\/ld+json\" class=\"yoast-schema-graph\">{\"@context\":\"https:\\\/\\\/schema.org\",\"@graph\":[{\"@type\":\"Article\",\"@id\":\"https:\\\/\\\/informelitoral.com.ar\\\/ley-de-humedales-convocaron-a-reunion-para-emitir-dictamen-el-proximo-jueves\\\/#article\",\"isPartOf\":{\"@id\":\"https:\\\/\\\/informelitoral.com.ar\\\/ley-de-humedales-convocaron-a-reunion-para-emitir-dictamen-el-proximo-jueves\\\/\"},\"author\":{\"name\":\"Sebastian\",\"@id\":\"https:\\\/\\\/informelitoral.com.ar\\\/#\\\/schema\\\/person\\\/f05f9f461677119578717524b127d6d5\"},\"headline\":\"Ley de Humedales: convocaron a reuni\u00f3n para emitir dictamen el pr\u00f3ximo jueves\",\"datePublished\":\"2022-11-04T12:02:25+00:00\",\"dateModified\":\"2022-11-04T12:07:38+00:00\",\"mainEntityOfPage\":{\"@id\":\"https:\\\/\\\/informelitoral.com.ar\\\/ley-de-humedales-convocaron-a-reunion-para-emitir-dictamen-el-proximo-jueves\\\/\"},\"wordCount\":489,\"commentCount\":0,\"publisher\":{\"@id\":\"https:\\\/\\\/informelitoral.com.ar\\\/#organization\"},\"image\":{\"@id\":\"https:\\\/\\\/informelitoral.com.ar\\\/ley-de-humedales-convocaron-a-reunion-para-emitir-dictamen-el-proximo-jueves\\\/#primaryimage\"},\"thumbnailUrl\":\"https:\\\/\\\/informelitoral.com.ar\\\/%77%70%2d%63%6f%6e%74%65%6e%74\\\/uploads\\\/2022\\\/11\\\/o_1667508776.jpg\",\"keywords\":[\"Ley de humedales\"],\"articleSection\":[\"Politica\"],\"inLanguage\":\"es\",\"potentialAction\":[{\"@type\":\"CommentAction\",\"name\":\"Comment\",\"target\":[\"https:\\\/\\\/informelitoral.com.ar\\\/ley-de-humedales-convocaron-a-reunion-para-emitir-dictamen-el-proximo-jueves\\\/#respond\"]}]},{\"@type\":\"WebPage\",\"@id\":\"https:\\\/\\\/informelitoral.com.ar\\\/ley-de-humedales-convocaron-a-reunion-para-emitir-dictamen-el-proximo-jueves\\\/\",\"url\":\"https:\\\/\\\/informelitoral.com.ar\\\/ley-de-humedales-convocaron-a-reunion-para-emitir-dictamen-el-proximo-jueves\\\/\",\"name\":\"Ley de Humedales: convocaron a reuni\u00f3n para emitir dictamen el pr\u00f3ximo jueves - Informe Litoral\",\"isPartOf\":{\"@id\":\"https:\\\/\\\/informelitoral.com.ar\\\/#website\"},\"primaryImageOfPage\":{\"@id\":\"https:\\\/\\\/informelitoral.com.ar\\\/ley-de-humedales-convocaron-a-reunion-para-emitir-dictamen-el-proximo-jueves\\\/#primaryimage\"},\"image\":{\"@id\":\"https:\\\/\\\/informelitoral.com.ar\\\/ley-de-humedales-convocaron-a-reunion-para-emitir-dictamen-el-proximo-jueves\\\/#primaryimage\"},\"thumbnailUrl\":\"https:\\\/\\\/informelitoral.com.ar\\\/%77%70%2d%63%6f%6e%74%65%6e%74\\\/uploads\\\/2022\\\/11\\\/o_1667508776.jpg\",\"datePublished\":\"2022-11-04T12:02:25+00:00\",\"dateModified\":\"2022-11-04T12:07:38+00:00\",\"breadcrumb\":{\"@id\":\"https:\\\/\\\/informelitoral.com.ar\\\/ley-de-humedales-convocaron-a-reunion-para-emitir-dictamen-el-proximo-jueves\\\/#breadcrumb\"},\"inLanguage\":\"es\",\"potentialAction\":[{\"@type\":\"ReadAction\",\"target\":[\"https:\\\/\\\/informelitoral.com.ar\\\/ley-de-humedales-convocaron-a-reunion-para-emitir-dictamen-el-proximo-jueves\\\/\"]}]},{\"@type\":\"ImageObject\",\"inLanguage\":\"es\",\"@id\":\"https:\\\/\\\/informelitoral.com.ar\\\/ley-de-humedales-convocaron-a-reunion-para-emitir-dictamen-el-proximo-jueves\\\/#primaryimage\",\"url\":\"https:\\\/\\\/informelitoral.com.ar\\\/%77%70%2d%63%6f%6e%74%65%6e%74\\\/uploads\\\/2022\\\/11\\\/o_1667508776.jpg\",\"contentUrl\":\"https:\\\/\\\/informelitoral.com.ar\\\/%77%70%2d%63%6f%6e%74%65%6e%74\\\/uploads\\\/2022\\\/11\\\/o_1667508776.jpg\",\"width\":800,\"height\":450},{\"@type\":\"BreadcrumbList\",\"@id\":\"https:\\\/\\\/informelitoral.com.ar\\\/ley-de-humedales-convocaron-a-reunion-para-emitir-dictamen-el-proximo-jueves\\\/#breadcrumb\",\"itemListElement\":[{\"@type\":\"ListItem\",\"position\":1,\"name\":\"Portada\",\"item\":\"https:\\\/\\\/informelitoral.com.ar\\\/\"},{\"@type\":\"ListItem\",\"position\":2,\"name\":\"Ley de Humedales: convocaron a reuni\u00f3n para emitir dictamen el pr\u00f3ximo jueves\"}]},{\"@type\":\"WebSite\",\"@id\":\"https:\\\/\\\/informelitoral.com.ar\\\/#website\",\"url\":\"https:\\\/\\\/informelitoral.com.ar\\\/\",\"name\":\"Informe Litoral\",\"description\":\"&quot;Nos informamos&quot; \",\"publisher\":{\"@id\":\"https:\\\/\\\/informelitoral.com.ar\\\/#organization\"},\"potentialAction\":[{\"@type\":\"SearchAction\",\"target\":{\"@type\":\"EntryPoint\",\"urlTemplate\":\"https:\\\/\\\/informelitoral.com.ar\\\/?s={search_term_string}\"},\"query-input\":{\"@type\":\"PropertyValueSpecification\",\"valueRequired\":true,\"valueName\":\"search_term_string\"}}],\"inLanguage\":\"es\"},{\"@type\":\"Organization\",\"@id\":\"https:\\\/\\\/informelitoral.com.ar\\\/#organization\",\"name\":\"Informe Litoral\",\"url\":\"https:\\\/\\\/informelitoral.com.ar\\\/\",\"logo\":{\"@type\":\"ImageObject\",\"inLanguage\":\"es\",\"@id\":\"https:\\\/\\\/informelitoral.com.ar\\\/#\\\/schema\\\/logo\\\/image\\\/\",\"url\":\"https:\\\/\\\/informelitoral.com.ar\\\/%77%70%2d%63%6f%6e%74%65%6e%74\\\/uploads\\\/2021\\\/01\\\/circulo.png\",\"contentUrl\":\"https:\\\/\\\/informelitoral.com.ar\\\/%77%70%2d%63%6f%6e%74%65%6e%74\\\/uploads\\\/2021\\\/01\\\/circulo.png\",\"width\":723,\"height\":731,\"caption\":\"Informe Litoral\"},\"image\":{\"@id\":\"https:\\\/\\\/informelitoral.com.ar\\\/#\\\/schema\\\/logo\\\/image\\\/\"},\"sameAs\":[\"https:\\\/\\\/www.facebook.com\\\/informelitoral\\\/\",\"https:\\\/\\\/x.com\\\/InformeLitoral\",\"https:\\\/\\\/www.instagram.com\\\/informelitoral\\\/\",\"https:\\\/\\\/www.youtube.com\\\/channel\\\/UCua4Qvz8Icb6MYqhoq9xLXw\"]},{\"@type\":\"Person\",\"@id\":\"https:\\\/\\\/informelitoral.com.ar\\\/#\\\/schema\\\/person\\\/f05f9f461677119578717524b127d6d5\",\"name\":\"Sebastian\",\"image\":{\"@type\":\"ImageObject\",\"inLanguage\":\"es\",\"@id\":\"https:\\\/\\\/secure.gravatar.com\\\/avatar\\\/b71bf7481d447dfb9583c7f2798e7cc64de6efb9067b74633ed8c31059a3bd82?s=96&d=mm&r=g\",\"url\":\"https:\\\/\\\/secure.gravatar.com\\\/avatar\\\/b71bf7481d447dfb9583c7f2798e7cc64de6efb9067b74633ed8c31059a3bd82?s=96&d=mm&r=g\",\"contentUrl\":\"https:\\\/\\\/secure.gravatar.com\\\/avatar\\\/b71bf7481d447dfb9583c7f2798e7cc64de6efb9067b74633ed8c31059a3bd82?s=96&d=mm&r=g\",\"caption\":\"Sebastian\"},\"url\":\"https:\\\/\\\/informelitoral.com.ar\\\/author\\\/sebastian\\\/\"}]}<\/script>","yoast_head_json":{"title":"Ley de Humedales: convocaron a reuni\u00f3n para emitir dictamen el pr\u00f3ximo jueves - Informe Litoral","robots":{"index":"index","follow":"follow","max-snippet":"max-snippet:-1","max-image-preview":"max-image-preview:large","max-video-preview":"max-video-preview:-1"},"canonical":"https:\/\/informelitoral.com.ar\/ley-de-humedales-convocaron-a-reunion-para-emitir-dictamen-el-proximo-jueves\/","og_locale":"es_ES","og_type":"article","og_title":"Ley de Humedales: convocaron a reuni\u00f3n para emitir dictamen el pr\u00f3ximo jueves - Informe Litoral","og_description":"Un plenario de comisiones de la C\u00e1mara de Diputados debati\u00f3 el proyecto de ley de Humedales y fue convocado para el pr\u00f3ximo jueves a fin de tener dictamen favorable a esta iniciativa de resguardo del medio ambiente.","og_url":"https:\/\/informelitoral.com.ar\/ley-de-humedales-convocaron-a-reunion-para-emitir-dictamen-el-proximo-jueves\/","og_site_name":"Informe Litoral","article_publisher":"https:\/\/www.facebook.com\/informelitoral\/","article_published_time":"2022-11-04T12:02:25+00:00","article_modified_time":"2022-11-04T12:07:38+00:00","og_image":[{"width":800,"height":450,"url":"https:\/\/informelitoral.com.ar\/%77%70%2d%63%6f%6e%74%65%6e%74\/uploads\/2022\/11\/o_1667508776.jpg","type":"image\/jpeg"}],"author":"Sebastian","twitter_card":"summary_large_image","twitter_creator":"@InformeLitoral","twitter_site":"@InformeLitoral","twitter_misc":{"Escrito por":"Sebastian","Tiempo de lectura":"2 minutos"},"schema":{"@context":"https:\/\/schema.org","@graph":[{"@type":"Article","@id":"https:\/\/informelitoral.com.ar\/ley-de-humedales-convocaron-a-reunion-para-emitir-dictamen-el-proximo-jueves\/#article","isPartOf":{"@id":"https:\/\/informelitoral.com.ar\/ley-de-humedales-convocaron-a-reunion-para-emitir-dictamen-el-proximo-jueves\/"},"author":{"name":"Sebastian","@id":"https:\/\/informelitoral.com.ar\/#\/schema\/person\/f05f9f461677119578717524b127d6d5"},"headline":"Ley de Humedales: convocaron a reuni\u00f3n para emitir dictamen el pr\u00f3ximo jueves","datePublished":"2022-11-04T12:02:25+00:00","dateModified":"2022-11-04T12:07:38+00:00","mainEntityOfPage":{"@id":"https:\/\/informelitoral.com.ar\/ley-de-humedales-convocaron-a-reunion-para-emitir-dictamen-el-proximo-jueves\/"},"wordCount":489,"commentCount":0,"publisher":{"@id":"https:\/\/informelitoral.com.ar\/#organization"},"image":{"@id":"https:\/\/informelitoral.com.ar\/ley-de-humedales-convocaron-a-reunion-para-emitir-dictamen-el-proximo-jueves\/#primaryimage"},"thumbnailUrl":"https:\/\/informelitoral.com.ar\/%77%70%2d%63%6f%6e%74%65%6e%74\/uploads\/2022\/11\/o_1667508776.jpg","keywords":["Ley de humedales"],"articleSection":["Politica"],"inLanguage":"es","potentialAction":[{"@type":"CommentAction","name":"Comment","target":["https:\/\/informelitoral.com.ar\/ley-de-humedales-convocaron-a-reunion-para-emitir-dictamen-el-proximo-jueves\/#respond"]}]},{"@type":"WebPage","@id":"https:\/\/informelitoral.com.ar\/ley-de-humedales-convocaron-a-reunion-para-emitir-dictamen-el-proximo-jueves\/","url":"https:\/\/informelitoral.com.ar\/ley-de-humedales-convocaron-a-reunion-para-emitir-dictamen-el-proximo-jueves\/","name":"Ley de Humedales: convocaron a reuni\u00f3n para emitir dictamen el pr\u00f3ximo jueves - Informe Litoral","isPartOf":{"@id":"https:\/\/informelitoral.com.ar\/#website"},"primaryImageOfPage":{"@id":"https:\/\/informelitoral.com.ar\/ley-de-humedales-convocaron-a-reunion-para-emitir-dictamen-el-proximo-jueves\/#primaryimage"},"image":{"@id":"https:\/\/informelitoral.com.ar\/ley-de-humedales-convocaron-a-reunion-para-emitir-dictamen-el-proximo-jueves\/#primaryimage"},"thumbnailUrl":"https:\/\/informelitoral.com.ar\/%77%70%2d%63%6f%6e%74%65%6e%74\/uploads\/2022\/11\/o_1667508776.jpg","datePublished":"2022-11-04T12:02:25+00:00","dateModified":"2022-11-04T12:07:38+00:00","breadcrumb":{"@id":"https:\/\/informelitoral.com.ar\/ley-de-humedales-convocaron-a-reunion-para-emitir-dictamen-el-proximo-jueves\/#breadcrumb"},"inLanguage":"es","potentialAction":[{"@type":"ReadAction","target":["https:\/\/informelitoral.com.ar\/ley-de-humedales-convocaron-a-reunion-para-emitir-dictamen-el-proximo-jueves\/"]}]},{"@type":"ImageObject","inLanguage":"es","@id":"https:\/\/informelitoral.com.ar\/ley-de-humedales-convocaron-a-reunion-para-emitir-dictamen-el-proximo-jueves\/#primaryimage","url":"https:\/\/informelitoral.com.ar\/%77%70%2d%63%6f%6e%74%65%6e%74\/uploads\/2022\/11\/o_1667508776.jpg","contentUrl":"https:\/\/informelitoral.com.ar\/%77%70%2d%63%6f%6e%74%65%6e%74\/uploads\/2022\/11\/o_1667508776.jpg","width":800,"height":450},{"@type":"BreadcrumbList","@id":"https:\/\/informelitoral.com.ar\/ley-de-humedales-convocaron-a-reunion-para-emitir-dictamen-el-proximo-jueves\/#breadcrumb","itemListElement":[{"@type":"ListItem","position":1,"name":"Portada","item":"https:\/\/informelitoral.com.ar\/"},{"@type":"ListItem","position":2,"name":"Ley de Humedales: convocaron a reuni\u00f3n para emitir dictamen el pr\u00f3ximo jueves"}]},{"@type":"WebSite","@id":"https:\/\/informelitoral.com.ar\/#website","url":"https:\/\/informelitoral.com.ar\/","name":"Informe Litoral","description":"&quot;Nos informamos&quot; ","publisher":{"@id":"https:\/\/informelitoral.com.ar\/#organization"},"potentialAction":[{"@type":"SearchAction","target":{"@type":"EntryPoint","urlTemplate":"https:\/\/informelitoral.com.ar\/?s={search_term_string}"},"query-input":{"@type":"PropertyValueSpecification","valueRequired":true,"valueName":"search_term_string"}}],"inLanguage":"es"},{"@type":"Organization","@id":"https:\/\/informelitoral.com.ar\/#organization","name":"Informe Litoral","url":"https:\/\/informelitoral.com.ar\/","logo":{"@type":"ImageObject","inLanguage":"es","@id":"https:\/\/informelitoral.com.ar\/#\/schema\/logo\/image\/","url":"https:\/\/informelitoral.com.ar\/%77%70%2d%63%6f%6e%74%65%6e%74\/uploads\/2021\/01\/circulo.png","contentUrl":"https:\/\/informelitoral.com.ar\/%77%70%2d%63%6f%6e%74%65%6e%74\/uploads\/2021\/01\/circulo.png","width":723,"height":731,"caption":"Informe Litoral"},"image":{"@id":"https:\/\/informelitoral.com.ar\/#\/schema\/logo\/image\/"},"sameAs":["https:\/\/www.facebook.com\/informelitoral\/","https:\/\/x.com\/InformeLitoral","https:\/\/www.instagram.com\/informelitoral\/","https:\/\/www.youtube.com\/channel\/UCua4Qvz8Icb6MYqhoq9xLXw"]},{"@type":"Person","@id":"https:\/\/informelitoral.com.ar\/#\/schema\/person\/f05f9f461677119578717524b127d6d5","name":"Sebastian","image":{"@type":"ImageObject","inLanguage":"es","@id":"https:\/\/secure.gravatar.com\/avatar\/b71bf7481d447dfb9583c7f2798e7cc64de6efb9067b74633ed8c31059a3bd82?s=96&d=mm&r=g","url":"https:\/\/secure.gravatar.com\/avatar\/b71bf7481d447dfb9583c7f2798e7cc64de6efb9067b74633ed8c31059a3bd82?s=96&d=mm&r=g","contentUrl":"https:\/\/secure.gravatar.com\/avatar\/b71bf7481d447dfb9583c7f2798e7cc64de6efb9067b74633ed8c31059a3bd82?s=96&d=mm&r=g","caption":"Sebastian"},"url":"https:\/\/informelitoral.com.ar\/author\/sebastian\/"}]}},"_links":{"self":[{"href":"https:\/\/informelitoral.com.ar\/%77%70%2d%6a%73%6f%6e\/wp\/v2\/posts\/92772","targetHints":{"allow":["GET"]}}],"collection":[{"href":"https:\/\/informelitoral.com.ar\/%77%70%2d%6a%73%6f%6e\/wp\/v2\/posts"}],"about":[{"href":"https:\/\/informelitoral.com.ar\/%77%70%2d%6a%73%6f%6e\/wp\/v2\/types\/post"}],"author":[{"embeddable":true,"href":"https:\/\/informelitoral.com.ar\/%77%70%2d%6a%73%6f%6e\/wp\/v2\/users\/8"}],"replies":[{"embeddable":true,"href":"https:\/\/informelitoral.com.ar\/%77%70%2d%6a%73%6f%6e\/wp\/v2\/comments?post=92772"}],"version-history":[{"count":0,"href":"https:\/\/informelitoral.com.ar\/%77%70%2d%6a%73%6f%6e\/wp\/v2\/posts\/92772\/revisions"}],"wp:featuredmedia":[{"embeddable":true,"href":"https:\/\/informelitoral.com.ar\/%77%70%2d%6a%73%6f%6e\/wp\/v2\/media\/92781"}],"wp:attachment":[{"href":"https:\/\/informelitoral.com.ar\/%77%70%2d%6a%73%6f%6e\/wp\/v2\/media?parent=92772"}],"wp:term":[{"taxonomy":"category","embeddable":true,"href":"https:\/\/informelitoral.com.ar\/%77%70%2d%6a%73%6f%6e\/wp\/v2\/categories?post=92772"},{"taxonomy":"post_tag","embeddable":true,"href":"https:\/\/informelitoral.com.ar\/%77%70%2d%6a%73%6f%6e\/wp\/v2\/tags?post=92772"}],"curies":[{"name":"wp","href":"https:\/\/api.w.org\/{rel}","templated":true}]}}