{"id":92747,"date":"2022-11-04T08:54:52","date_gmt":"2022-11-04T11:54:52","guid":{"rendered":"https:\/\/www.informelitoral.com.ar\/?p=92747"},"modified":"2022-11-04T09:54:30","modified_gmt":"2022-11-04T12:54:30","slug":"no-incorporaran-mas-beneficiarios-a-planes-sociales-que-dice-el-decreto","status":"publish","type":"post","link":"https:\/\/informelitoral.com.ar\/no-incorporaran-mas-beneficiarios-a-planes-sociales-que-dice-el-decreto\/","title":{"rendered":"No incorporar\u00e1n m\u00e1s beneficiarios a planes sociales: qu\u00e9 dice el decreto"},"content":{"rendered":"<p>El presidente Alberto Fern\u00e1ndez firm\u00f3 un decreto para avanzar en el proceso de vinculaci\u00f3n de planes sociales con empleo genuino, por lo cual a partir de la entrada en vigor de esa medida no se otorgar\u00e1n nuevas altas en los programas Potenciar Trabajo, Potenciar Inclusi\u00f3n Joven, Nexo y Plus Esencial, informaron fuentes oficiales.<\/p>\n<p>En su lugar, las transferencias previstas ser\u00e1n destinadas a las unidades de gesti\u00f3n productiva para la adquisici\u00f3n de bienes de capital y la inserci\u00f3n laboral.<\/p>\n<p>Por ese tema, el presidente Alberto Fern\u00e1ndez recibi\u00f3 en su despacho de la Casa Rosada al jefe de Gabinete, Juan Manzur; al ministro de Econom\u00eda, Sergio Massa, y a las ministras de Trabajo, Raquel \u00abKelly\u00bb Olmos, y de Desarrollo Social, Victoria Tolosa Paz, y firm\u00f3 el decreto publicado hoy en el Bolet\u00edn Oficial.<\/p>\n<p>El decreto 728-2022 instruye adem\u00e1s a la Oficina Nacional de Contrataciones a incorporar en los pliegos de bases y condiciones generales, un\u00a0<b>margen de preferencia para los oferentes que acrediten un m\u00ednimo del 5% de trabajadores vinculados o trabajadoras vinculadas al Programa \u00abPuente al Empleo\u00bb.<\/b><\/p>\n<p>Y\u00a0<b>otorga en favor de las Cooperativas de Trabajo de la Econom\u00eda Popular el 30% de la Obra P\u00fablica Nacional con montos de hasta 300 millones de pesos, bajo la modalidad de contrataci\u00f3n que corresponda<\/b>.<\/p>\n<p>Asimismo, instruye a los Ministerios de Desarrollo Social, de Trabajo y de Econom\u00eda a designar a sus representantes en el Consejo de la Econom\u00eda Popular y el Salario Social Complementario (Cepssc), creado por la Ley 27.345 de Emergencia P\u00fablica, en un plazo no mayor a 60 d\u00edas.<\/p>\n","protected":false},"excerpt":{"rendered":"<p>No se otorgar\u00e1n nuevas altas en los programas Potenciar Trabajo, Potenciar Inclusi\u00f3n Joven, Nexo y Plus Esencial. Otorga en favor de las Cooperativas de Trabajo el 30% de la Obra P\u00fablica Nacional con montos de hasta 300 millones de pesos.<\/p>\n","protected":false},"author":8,"featured_media":92752,"comment_status":"open","ping_status":"open","sticky":false,"template":"","format":"standard","meta":{"fifu_image_url":"","fifu_image_alt":"","footnotes":""},"categories":[1594],"tags":[2384],"class_list":{"0":"post-92747","1":"post","2":"type-post","3":"status-publish","4":"format-standard","5":"has-post-thumbnail","7":"category-economia","8":"tag-planes-sociales"},"yoast_head":"<title>No incorporar\u00e1n m\u00e1s beneficiarios a planes sociales: qu\u00e9 dice el decreto - Informe Litoral<\/title>\n<meta name=\"robots\" content=\"index, follow, max-snippet:-1, max-image-preview:large, max-video-preview:-1\" \/>\n<link rel=\"canonical\" href=\"https:\/\/informelitoral.com.ar\/no-incorporaran-mas-beneficiarios-a-planes-sociales-que-dice-el-decreto\/\" \/>\n<meta property=\"og:locale\" content=\"es_ES\" \/>\n<meta property=\"og:type\" content=\"article\" \/>\n<meta property=\"og:title\" content=\"No incorporar\u00e1n m\u00e1s beneficiarios a planes sociales: qu\u00e9 dice el decreto - Informe Litoral\" \/>\n<meta property=\"og:description\" content=\"No se otorgar\u00e1n nuevas altas en los programas Potenciar Trabajo, Potenciar Inclusi\u00f3n Joven, Nexo y Plus Esencial. Otorga en favor de las Cooperativas de Trabajo el 30% de la Obra P\u00fablica Nacional con montos de hasta 300 millones de pesos.\" \/>\n<meta property=\"og:url\" content=\"https:\/\/informelitoral.com.ar\/no-incorporaran-mas-beneficiarios-a-planes-sociales-que-dice-el-decreto\/\" \/>\n<meta property=\"og:site_name\" content=\"Informe Litoral\" \/>\n<meta property=\"article:publisher\" content=\"https:\/\/www.facebook.com\/informelitoral\/\" \/>\n<meta property=\"article:published_time\" content=\"2022-11-04T11:54:52+00:00\" \/>\n<meta property=\"article:modified_time\" content=\"2022-11-04T12:54:30+00:00\" \/>\n<meta property=\"og:image\" content=\"https:\/\/informelitoral.com.ar\/%77%70%2d%63%6f%6e%74%65%6e%74\/uploads\/2022\/11\/o_1664968978.jpg\" \/>\n\t<meta property=\"og:image:width\" content=\"800\" \/>\n\t<meta property=\"og:image:height\" content=\"450\" \/>\n\t<meta property=\"og:image:type\" content=\"image\/jpeg\" \/>\n<meta name=\"author\" content=\"Sebastian\" \/>\n<meta name=\"twitter:card\" content=\"summary_large_image\" \/>\n<meta name=\"twitter:creator\" content=\"@InformeLitoral\" \/>\n<meta name=\"twitter:site\" content=\"@InformeLitoral\" \/>\n<meta name=\"twitter:label1\" content=\"Escrito por\" \/>\n\t<meta name=\"twitter:data1\" content=\"Sebastian\" \/>\n\t<meta name=\"twitter:label2\" content=\"Tiempo de lectura\" \/>\n\t<meta name=\"twitter:data2\" content=\"1 minuto\" \/>\n<script type=\"application\/ld+json\" class=\"yoast-schema-graph\">{\"@context\":\"https:\\\/\\\/schema.org\",\"@graph\":[{\"@type\":\"Article\",\"@id\":\"https:\\\/\\\/informelitoral.com.ar\\\/no-incorporaran-mas-beneficiarios-a-planes-sociales-que-dice-el-decreto\\\/#article\",\"isPartOf\":{\"@id\":\"https:\\\/\\\/informelitoral.com.ar\\\/no-incorporaran-mas-beneficiarios-a-planes-sociales-que-dice-el-decreto\\\/\"},\"author\":{\"name\":\"Sebastian\",\"@id\":\"https:\\\/\\\/informelitoral.com.ar\\\/#\\\/schema\\\/person\\\/f05f9f461677119578717524b127d6d5\"},\"headline\":\"No incorporar\u00e1n m\u00e1s beneficiarios a planes sociales: qu\u00e9 dice el decreto\",\"datePublished\":\"2022-11-04T11:54:52+00:00\",\"dateModified\":\"2022-11-04T12:54:30+00:00\",\"mainEntityOfPage\":{\"@id\":\"https:\\\/\\\/informelitoral.com.ar\\\/no-incorporaran-mas-beneficiarios-a-planes-sociales-que-dice-el-decreto\\\/\"},\"wordCount\":286,\"commentCount\":0,\"publisher\":{\"@id\":\"https:\\\/\\\/informelitoral.com.ar\\\/#organization\"},\"image\":{\"@id\":\"https:\\\/\\\/informelitoral.com.ar\\\/no-incorporaran-mas-beneficiarios-a-planes-sociales-que-dice-el-decreto\\\/#primaryimage\"},\"thumbnailUrl\":\"https:\\\/\\\/informelitoral.com.ar\\\/%77%70%2d%63%6f%6e%74%65%6e%74\\\/uploads\\\/2022\\\/11\\\/o_1664968978.jpg\",\"keywords\":[\"Planes sociales\"],\"articleSection\":[\"Econom\u00eda\"],\"inLanguage\":\"es\",\"potentialAction\":[{\"@type\":\"CommentAction\",\"name\":\"Comment\",\"target\":[\"https:\\\/\\\/informelitoral.com.ar\\\/no-incorporaran-mas-beneficiarios-a-planes-sociales-que-dice-el-decreto\\\/#respond\"]}]},{\"@type\":\"WebPage\",\"@id\":\"https:\\\/\\\/informelitoral.com.ar\\\/no-incorporaran-mas-beneficiarios-a-planes-sociales-que-dice-el-decreto\\\/\",\"url\":\"https:\\\/\\\/informelitoral.com.ar\\\/no-incorporaran-mas-beneficiarios-a-planes-sociales-que-dice-el-decreto\\\/\",\"name\":\"No incorporar\u00e1n m\u00e1s beneficiarios a planes sociales: qu\u00e9 dice el decreto - Informe Litoral\",\"isPartOf\":{\"@id\":\"https:\\\/\\\/informelitoral.com.ar\\\/#website\"},\"primaryImageOfPage\":{\"@id\":\"https:\\\/\\\/informelitoral.com.ar\\\/no-incorporaran-mas-beneficiarios-a-planes-sociales-que-dice-el-decreto\\\/#primaryimage\"},\"image\":{\"@id\":\"https:\\\/\\\/informelitoral.com.ar\\\/no-incorporaran-mas-beneficiarios-a-planes-sociales-que-dice-el-decreto\\\/#primaryimage\"},\"thumbnailUrl\":\"https:\\\/\\\/informelitoral.com.ar\\\/%77%70%2d%63%6f%6e%74%65%6e%74\\\/uploads\\\/2022\\\/11\\\/o_1664968978.jpg\",\"datePublished\":\"2022-11-04T11:54:52+00:00\",\"dateModified\":\"2022-11-04T12:54:30+00:00\",\"breadcrumb\":{\"@id\":\"https:\\\/\\\/informelitoral.com.ar\\\/no-incorporaran-mas-beneficiarios-a-planes-sociales-que-dice-el-decreto\\\/#breadcrumb\"},\"inLanguage\":\"es\",\"potentialAction\":[{\"@type\":\"ReadAction\",\"target\":[\"https:\\\/\\\/informelitoral.com.ar\\\/no-incorporaran-mas-beneficiarios-a-planes-sociales-que-dice-el-decreto\\\/\"]}]},{\"@type\":\"ImageObject\",\"inLanguage\":\"es\",\"@id\":\"https:\\\/\\\/informelitoral.com.ar\\\/no-incorporaran-mas-beneficiarios-a-planes-sociales-que-dice-el-decreto\\\/#primaryimage\",\"url\":\"https:\\\/\\\/informelitoral.com.ar\\\/%77%70%2d%63%6f%6e%74%65%6e%74\\\/uploads\\\/2022\\\/11\\\/o_1664968978.jpg\",\"contentUrl\":\"https:\\\/\\\/informelitoral.com.ar\\\/%77%70%2d%63%6f%6e%74%65%6e%74\\\/uploads\\\/2022\\\/11\\\/o_1664968978.jpg\",\"width\":800,\"height\":450},{\"@type\":\"BreadcrumbList\",\"@id\":\"https:\\\/\\\/informelitoral.com.ar\\\/no-incorporaran-mas-beneficiarios-a-planes-sociales-que-dice-el-decreto\\\/#breadcrumb\",\"itemListElement\":[{\"@type\":\"ListItem\",\"position\":1,\"name\":\"Portada\",\"item\":\"https:\\\/\\\/informelitoral.com.ar\\\/\"},{\"@type\":\"ListItem\",\"position\":2,\"name\":\"No incorporar\u00e1n m\u00e1s beneficiarios a planes sociales: qu\u00e9 dice el decreto\"}]},{\"@type\":\"WebSite\",\"@id\":\"https:\\\/\\\/informelitoral.com.ar\\\/#website\",\"url\":\"https:\\\/\\\/informelitoral.com.ar\\\/\",\"name\":\"Informe Litoral\",\"description\":\"&quot;Nos informamos&quot; \",\"publisher\":{\"@id\":\"https:\\\/\\\/informelitoral.com.ar\\\/#organization\"},\"potentialAction\":[{\"@type\":\"SearchAction\",\"target\":{\"@type\":\"EntryPoint\",\"urlTemplate\":\"https:\\\/\\\/informelitoral.com.ar\\\/?s={search_term_string}\"},\"query-input\":{\"@type\":\"PropertyValueSpecification\",\"valueRequired\":true,\"valueName\":\"search_term_string\"}}],\"inLanguage\":\"es\"},{\"@type\":\"Organization\",\"@id\":\"https:\\\/\\\/informelitoral.com.ar\\\/#organization\",\"name\":\"Informe Litoral\",\"url\":\"https:\\\/\\\/informelitoral.com.ar\\\/\",\"logo\":{\"@type\":\"ImageObject\",\"inLanguage\":\"es\",\"@id\":\"https:\\\/\\\/informelitoral.com.ar\\\/#\\\/schema\\\/logo\\\/image\\\/\",\"url\":\"https:\\\/\\\/informelitoral.com.ar\\\/%77%70%2d%63%6f%6e%74%65%6e%74\\\/uploads\\\/2021\\\/01\\\/circulo.png\",\"contentUrl\":\"https:\\\/\\\/informelitoral.com.ar\\\/%77%70%2d%63%6f%6e%74%65%6e%74\\\/uploads\\\/2021\\\/01\\\/circulo.png\",\"width\":723,\"height\":731,\"caption\":\"Informe Litoral\"},\"image\":{\"@id\":\"https:\\\/\\\/informelitoral.com.ar\\\/#\\\/schema\\\/logo\\\/image\\\/\"},\"sameAs\":[\"https:\\\/\\\/www.facebook.com\\\/informelitoral\\\/\",\"https:\\\/\\\/x.com\\\/InformeLitoral\",\"https:\\\/\\\/www.instagram.com\\\/informelitoral\\\/\",\"https:\\\/\\\/www.youtube.com\\\/channel\\\/UCua4Qvz8Icb6MYqhoq9xLXw\"]},{\"@type\":\"Person\",\"@id\":\"https:\\\/\\\/informelitoral.com.ar\\\/#\\\/schema\\\/person\\\/f05f9f461677119578717524b127d6d5\",\"name\":\"Sebastian\",\"image\":{\"@type\":\"ImageObject\",\"inLanguage\":\"es\",\"@id\":\"https:\\\/\\\/secure.gravatar.com\\\/avatar\\\/b71bf7481d447dfb9583c7f2798e7cc64de6efb9067b74633ed8c31059a3bd82?s=96&d=mm&r=g\",\"url\":\"https:\\\/\\\/secure.gravatar.com\\\/avatar\\\/b71bf7481d447dfb9583c7f2798e7cc64de6efb9067b74633ed8c31059a3bd82?s=96&d=mm&r=g\",\"contentUrl\":\"https:\\\/\\\/secure.gravatar.com\\\/avatar\\\/b71bf7481d447dfb9583c7f2798e7cc64de6efb9067b74633ed8c31059a3bd82?s=96&d=mm&r=g\",\"caption\":\"Sebastian\"},\"url\":\"https:\\\/\\\/informelitoral.com.ar\\\/author\\\/sebastian\\\/\"}]}<\/script>","yoast_head_json":{"title":"No incorporar\u00e1n m\u00e1s beneficiarios a planes sociales: qu\u00e9 dice el decreto - Informe Litoral","robots":{"index":"index","follow":"follow","max-snippet":"max-snippet:-1","max-image-preview":"max-image-preview:large","max-video-preview":"max-video-preview:-1"},"canonical":"https:\/\/informelitoral.com.ar\/no-incorporaran-mas-beneficiarios-a-planes-sociales-que-dice-el-decreto\/","og_locale":"es_ES","og_type":"article","og_title":"No incorporar\u00e1n m\u00e1s beneficiarios a planes sociales: qu\u00e9 dice el decreto - Informe Litoral","og_description":"No se otorgar\u00e1n nuevas altas en los programas Potenciar Trabajo, Potenciar Inclusi\u00f3n Joven, Nexo y Plus Esencial. Otorga en favor de las Cooperativas de Trabajo el 30% de la Obra P\u00fablica Nacional con montos de hasta 300 millones de pesos.","og_url":"https:\/\/informelitoral.com.ar\/no-incorporaran-mas-beneficiarios-a-planes-sociales-que-dice-el-decreto\/","og_site_name":"Informe Litoral","article_publisher":"https:\/\/www.facebook.com\/informelitoral\/","article_published_time":"2022-11-04T11:54:52+00:00","article_modified_time":"2022-11-04T12:54:30+00:00","og_image":[{"width":800,"height":450,"url":"https:\/\/informelitoral.com.ar\/%77%70%2d%63%6f%6e%74%65%6e%74\/uploads\/2022\/11\/o_1664968978.jpg","type":"image\/jpeg"}],"author":"Sebastian","twitter_card":"summary_large_image","twitter_creator":"@InformeLitoral","twitter_site":"@InformeLitoral","twitter_misc":{"Escrito por":"Sebastian","Tiempo de lectura":"1 minuto"},"schema":{"@context":"https:\/\/schema.org","@graph":[{"@type":"Article","@id":"https:\/\/informelitoral.com.ar\/no-incorporaran-mas-beneficiarios-a-planes-sociales-que-dice-el-decreto\/#article","isPartOf":{"@id":"https:\/\/informelitoral.com.ar\/no-incorporaran-mas-beneficiarios-a-planes-sociales-que-dice-el-decreto\/"},"author":{"name":"Sebastian","@id":"https:\/\/informelitoral.com.ar\/#\/schema\/person\/f05f9f461677119578717524b127d6d5"},"headline":"No incorporar\u00e1n m\u00e1s beneficiarios a planes sociales: qu\u00e9 dice el decreto","datePublished":"2022-11-04T11:54:52+00:00","dateModified":"2022-11-04T12:54:30+00:00","mainEntityOfPage":{"@id":"https:\/\/informelitoral.com.ar\/no-incorporaran-mas-beneficiarios-a-planes-sociales-que-dice-el-decreto\/"},"wordCount":286,"commentCount":0,"publisher":{"@id":"https:\/\/informelitoral.com.ar\/#organization"},"image":{"@id":"https:\/\/informelitoral.com.ar\/no-incorporaran-mas-beneficiarios-a-planes-sociales-que-dice-el-decreto\/#primaryimage"},"thumbnailUrl":"https:\/\/informelitoral.com.ar\/%77%70%2d%63%6f%6e%74%65%6e%74\/uploads\/2022\/11\/o_1664968978.jpg","keywords":["Planes sociales"],"articleSection":["Econom\u00eda"],"inLanguage":"es","potentialAction":[{"@type":"CommentAction","name":"Comment","target":["https:\/\/informelitoral.com.ar\/no-incorporaran-mas-beneficiarios-a-planes-sociales-que-dice-el-decreto\/#respond"]}]},{"@type":"WebPage","@id":"https:\/\/informelitoral.com.ar\/no-incorporaran-mas-beneficiarios-a-planes-sociales-que-dice-el-decreto\/","url":"https:\/\/informelitoral.com.ar\/no-incorporaran-mas-beneficiarios-a-planes-sociales-que-dice-el-decreto\/","name":"No incorporar\u00e1n m\u00e1s beneficiarios a planes sociales: qu\u00e9 dice el decreto - Informe Litoral","isPartOf":{"@id":"https:\/\/informelitoral.com.ar\/#website"},"primaryImageOfPage":{"@id":"https:\/\/informelitoral.com.ar\/no-incorporaran-mas-beneficiarios-a-planes-sociales-que-dice-el-decreto\/#primaryimage"},"image":{"@id":"https:\/\/informelitoral.com.ar\/no-incorporaran-mas-beneficiarios-a-planes-sociales-que-dice-el-decreto\/#primaryimage"},"thumbnailUrl":"https:\/\/informelitoral.com.ar\/%77%70%2d%63%6f%6e%74%65%6e%74\/uploads\/2022\/11\/o_1664968978.jpg","datePublished":"2022-11-04T11:54:52+00:00","dateModified":"2022-11-04T12:54:30+00:00","breadcrumb":{"@id":"https:\/\/informelitoral.com.ar\/no-incorporaran-mas-beneficiarios-a-planes-sociales-que-dice-el-decreto\/#breadcrumb"},"inLanguage":"es","potentialAction":[{"@type":"ReadAction","target":["https:\/\/informelitoral.com.ar\/no-incorporaran-mas-beneficiarios-a-planes-sociales-que-dice-el-decreto\/"]}]},{"@type":"ImageObject","inLanguage":"es","@id":"https:\/\/informelitoral.com.ar\/no-incorporaran-mas-beneficiarios-a-planes-sociales-que-dice-el-decreto\/#primaryimage","url":"https:\/\/informelitoral.com.ar\/%77%70%2d%63%6f%6e%74%65%6e%74\/uploads\/2022\/11\/o_1664968978.jpg","contentUrl":"https:\/\/informelitoral.com.ar\/%77%70%2d%63%6f%6e%74%65%6e%74\/uploads\/2022\/11\/o_1664968978.jpg","width":800,"height":450},{"@type":"BreadcrumbList","@id":"https:\/\/informelitoral.com.ar\/no-incorporaran-mas-beneficiarios-a-planes-sociales-que-dice-el-decreto\/#breadcrumb","itemListElement":[{"@type":"ListItem","position":1,"name":"Portada","item":"https:\/\/informelitoral.com.ar\/"},{"@type":"ListItem","position":2,"name":"No incorporar\u00e1n m\u00e1s beneficiarios a planes sociales: qu\u00e9 dice el decreto"}]},{"@type":"WebSite","@id":"https:\/\/informelitoral.com.ar\/#website","url":"https:\/\/informelitoral.com.ar\/","name":"Informe Litoral","description":"&quot;Nos informamos&quot; ","publisher":{"@id":"https:\/\/informelitoral.com.ar\/#organization"},"potentialAction":[{"@type":"SearchAction","target":{"@type":"EntryPoint","urlTemplate":"https:\/\/informelitoral.com.ar\/?s={search_term_string}"},"query-input":{"@type":"PropertyValueSpecification","valueRequired":true,"valueName":"search_term_string"}}],"inLanguage":"es"},{"@type":"Organization","@id":"https:\/\/informelitoral.com.ar\/#organization","name":"Informe Litoral","url":"https:\/\/informelitoral.com.ar\/","logo":{"@type":"ImageObject","inLanguage":"es","@id":"https:\/\/informelitoral.com.ar\/#\/schema\/logo\/image\/","url":"https:\/\/informelitoral.com.ar\/%77%70%2d%63%6f%6e%74%65%6e%74\/uploads\/2021\/01\/circulo.png","contentUrl":"https:\/\/informelitoral.com.ar\/%77%70%2d%63%6f%6e%74%65%6e%74\/uploads\/2021\/01\/circulo.png","width":723,"height":731,"caption":"Informe Litoral"},"image":{"@id":"https:\/\/informelitoral.com.ar\/#\/schema\/logo\/image\/"},"sameAs":["https:\/\/www.facebook.com\/informelitoral\/","https:\/\/x.com\/InformeLitoral","https:\/\/www.instagram.com\/informelitoral\/","https:\/\/www.youtube.com\/channel\/UCua4Qvz8Icb6MYqhoq9xLXw"]},{"@type":"Person","@id":"https:\/\/informelitoral.com.ar\/#\/schema\/person\/f05f9f461677119578717524b127d6d5","name":"Sebastian","image":{"@type":"ImageObject","inLanguage":"es","@id":"https:\/\/secure.gravatar.com\/avatar\/b71bf7481d447dfb9583c7f2798e7cc64de6efb9067b74633ed8c31059a3bd82?s=96&d=mm&r=g","url":"https:\/\/secure.gravatar.com\/avatar\/b71bf7481d447dfb9583c7f2798e7cc64de6efb9067b74633ed8c31059a3bd82?s=96&d=mm&r=g","contentUrl":"https:\/\/secure.gravatar.com\/avatar\/b71bf7481d447dfb9583c7f2798e7cc64de6efb9067b74633ed8c31059a3bd82?s=96&d=mm&r=g","caption":"Sebastian"},"url":"https:\/\/informelitoral.com.ar\/author\/sebastian\/"}]}},"_links":{"self":[{"href":"https:\/\/informelitoral.com.ar\/%77%70%2d%6a%73%6f%6e\/wp\/v2\/posts\/92747","targetHints":{"allow":["GET"]}}],"collection":[{"href":"https:\/\/informelitoral.com.ar\/%77%70%2d%6a%73%6f%6e\/wp\/v2\/posts"}],"about":[{"href":"https:\/\/informelitoral.com.ar\/%77%70%2d%6a%73%6f%6e\/wp\/v2\/types\/post"}],"author":[{"embeddable":true,"href":"https:\/\/informelitoral.com.ar\/%77%70%2d%6a%73%6f%6e\/wp\/v2\/users\/8"}],"replies":[{"embeddable":true,"href":"https:\/\/informelitoral.com.ar\/%77%70%2d%6a%73%6f%6e\/wp\/v2\/comments?post=92747"}],"version-history":[{"count":0,"href":"https:\/\/informelitoral.com.ar\/%77%70%2d%6a%73%6f%6e\/wp\/v2\/posts\/92747\/revisions"}],"wp:featuredmedia":[{"embeddable":true,"href":"https:\/\/informelitoral.com.ar\/%77%70%2d%6a%73%6f%6e\/wp\/v2\/media\/92752"}],"wp:attachment":[{"href":"https:\/\/informelitoral.com.ar\/%77%70%2d%6a%73%6f%6e\/wp\/v2\/media?parent=92747"}],"wp:term":[{"taxonomy":"category","embeddable":true,"href":"https:\/\/informelitoral.com.ar\/%77%70%2d%6a%73%6f%6e\/wp\/v2\/categories?post=92747"},{"taxonomy":"post_tag","embeddable":true,"href":"https:\/\/informelitoral.com.ar\/%77%70%2d%6a%73%6f%6e\/wp\/v2\/tags?post=92747"}],"curies":[{"name":"wp","href":"https:\/\/api.w.org\/{rel}","templated":true}]}}