{"id":92719,"date":"2022-11-04T08:22:32","date_gmt":"2022-11-04T11:22:32","guid":{"rendered":"https:\/\/www.informelitoral.com.ar\/?p=92719"},"modified":"2022-11-04T08:27:20","modified_gmt":"2022-11-04T11:27:20","slug":"fin-de-semana-bueno-y-con-mas-viento-hasta-cuando-seguira-la-escasez-de-lluvias","status":"publish","type":"post","link":"https:\/\/informelitoral.com.ar\/fin-de-semana-bueno-y-con-mas-viento-hasta-cuando-seguira-la-escasez-de-lluvias\/","title":{"rendered":"Fin de semana bueno y con m\u00e1s viento: hasta cu\u00e1ndo seguir\u00e1 la escasez de lluvias"},"content":{"rendered":"<p>El meteor\u00f3logo Alejandro G\u00f3mez inform\u00f3 que hoy \u201caumentar\u00e1 la nubosidad desde la tarde\u201d y subray\u00f3 como una caracter\u00edstica saliente que \u201cel viento el noreste se intensificar\u00e1 y se mantendr\u00e1\u201d durante los pr\u00f3ximos d\u00edas.<\/p>\n<p><b>Durante el fin de semana<\/b>\u00a0el cielo estar\u00e1 con nubosidad variable y el domingo los registros t\u00e9rmicos ascender\u00edan a cerca de 30 grados en Entre R\u00edos. \u201c<b>Estar\u00eda agradable en cuanto a temperaturas, pero el viento podr\u00eda sentirse algo molesto<\/b>\u201d, advirti\u00f3 el especialista durante el programa\u00a0<i>El Despertador<\/i>.<\/p>\n<p>G\u00f3mez pronostic\u00f3 que \u201c<b>el lunes entrar\u00edamos en una etapa calurosa<\/b>\u00a0con temperaturas que superar\u00edan los 30 grados\u201d y \u201cseguir\u00eda ascendiendo hasta mediados de la semana pr\u00f3xima\u201d.<\/p>\n<p><b>Inicio de noviembre con heladas: para cu\u00e1ndo hay m\u00e1s probabilidad de lluvias<\/b><br \/>\n\u201cEste mes comenz\u00f3 de la peor manera para el agro argentino. El fuerte ingreso de aire fr\u00edo provoc\u00f3 el desarrollo de heladas de moderada a fuerte intensidad que alcanz\u00f3 zonas del centro y del norte de Argentina, afectando zonas de Santa Fe, expres\u00f3 por su parte el meteor\u00f3logo, Leonardo De Benedictis<\/p>\n<p>Otras zonas que estuvieron muy golpeadas por las heladas fueron Mendoza, San Luis y todo el valle de R\u00edo Negro. A esta situaci\u00f3n se le suma \u201clas condiciones de tiempo estable que mantienen el cielo mayormente despejado y la ausencia total de lluvias en todo el pa\u00eds.\u201d Pero no ser\u00e1 solo Argentina que se mantendr\u00e1 con tiempo estable, ya que \u201cesta caracter\u00edstica se extender\u00e1 a Brasil, Paraguay, Uruguay e, incluso, Bolivia\u201d.<\/p>\n<p>Se prev\u00e9 que s\u00f3lo la regi\u00f3n de Cuyo pueda presentar inestabilidad a mediados de la pr\u00f3xima semana, y \u201creci\u00e9n llegando al final de la primera quincena del mes, podr\u00edan comenzar a observarse condiciones de tiempo inestable sobre el centro y noreste del pa\u00eds\u201d, sostuvo el especialista.<\/p>\n","protected":false},"excerpt":{"rendered":"<p>Pronostican que desde hoy \u201cel viento el noreste se intensificar\u00e1 y se mantendr\u00e1\u201d durante las pr\u00f3ximas jornadas. Para inicios de la pr\u00f3xima semana el calor ganar\u00e1 terreno, mientras que las lluvias estar\u00e1n ausentes durante varios d\u00edas.<\/p>\n","protected":false},"author":8,"featured_media":91739,"comment_status":"open","ping_status":"open","sticky":false,"template":"","format":"standard","meta":{"fifu_image_url":"","fifu_image_alt":"","footnotes":""},"categories":[6],"tags":[113],"class_list":{"0":"post-92719","1":"post","2":"type-post","3":"status-publish","4":"format-standard","5":"has-post-thumbnail","7":"category-entre-rios","8":"tag-smn"},"yoast_head":"<title>Fin de semana bueno y con m\u00e1s viento: hasta cu\u00e1ndo seguir\u00e1 la escasez de lluvias - Informe Litoral<\/title>\n<meta name=\"robots\" content=\"index, follow, max-snippet:-1, max-image-preview:large, max-video-preview:-1\" \/>\n<link rel=\"canonical\" href=\"https:\/\/informelitoral.com.ar\/fin-de-semana-bueno-y-con-mas-viento-hasta-cuando-seguira-la-escasez-de-lluvias\/\" \/>\n<meta property=\"og:locale\" content=\"es_ES\" \/>\n<meta property=\"og:type\" content=\"article\" \/>\n<meta property=\"og:title\" content=\"Fin de semana bueno y con m\u00e1s viento: hasta cu\u00e1ndo seguir\u00e1 la escasez de lluvias - Informe Litoral\" \/>\n<meta property=\"og:description\" content=\"Pronostican que desde hoy \u201cel viento el noreste se intensificar\u00e1 y se mantendr\u00e1\u201d durante las pr\u00f3ximas jornadas. Para inicios de la pr\u00f3xima semana el calor ganar\u00e1 terreno, mientras que las lluvias estar\u00e1n ausentes durante varios d\u00edas.\" \/>\n<meta property=\"og:url\" content=\"https:\/\/informelitoral.com.ar\/fin-de-semana-bueno-y-con-mas-viento-hasta-cuando-seguira-la-escasez-de-lluvias\/\" \/>\n<meta property=\"og:site_name\" content=\"Informe Litoral\" \/>\n<meta property=\"article:publisher\" content=\"https:\/\/www.facebook.com\/informelitoral\/\" \/>\n<meta property=\"article:published_time\" content=\"2022-11-04T11:22:32+00:00\" \/>\n<meta property=\"article:modified_time\" content=\"2022-11-04T11:27:20+00:00\" \/>\n<meta property=\"og:image\" content=\"https:\/\/informelitoral.com.ar\/%77%70%2d%63%6f%6e%74%65%6e%74\/uploads\/2022\/10\/clima-soleado.jpg\" \/>\n\t<meta property=\"og:image:width\" content=\"800\" \/>\n\t<meta property=\"og:image:height\" content=\"533\" \/>\n\t<meta property=\"og:image:type\" content=\"image\/jpeg\" \/>\n<meta name=\"author\" content=\"Sebastian\" \/>\n<meta name=\"twitter:card\" content=\"summary_large_image\" \/>\n<meta name=\"twitter:creator\" content=\"@InformeLitoral\" \/>\n<meta name=\"twitter:site\" content=\"@InformeLitoral\" \/>\n<meta name=\"twitter:label1\" content=\"Escrito por\" \/>\n\t<meta name=\"twitter:data1\" content=\"Sebastian\" \/>\n\t<meta name=\"twitter:label2\" content=\"Tiempo de lectura\" \/>\n\t<meta name=\"twitter:data2\" content=\"2 minutos\" \/>\n<script type=\"application\/ld+json\" class=\"yoast-schema-graph\">{\"@context\":\"https:\\\/\\\/schema.org\",\"@graph\":[{\"@type\":\"Article\",\"@id\":\"https:\\\/\\\/informelitoral.com.ar\\\/fin-de-semana-bueno-y-con-mas-viento-hasta-cuando-seguira-la-escasez-de-lluvias\\\/#article\",\"isPartOf\":{\"@id\":\"https:\\\/\\\/informelitoral.com.ar\\\/fin-de-semana-bueno-y-con-mas-viento-hasta-cuando-seguira-la-escasez-de-lluvias\\\/\"},\"author\":{\"name\":\"Sebastian\",\"@id\":\"https:\\\/\\\/informelitoral.com.ar\\\/#\\\/schema\\\/person\\\/f05f9f461677119578717524b127d6d5\"},\"headline\":\"Fin de semana bueno y con m\u00e1s viento: hasta cu\u00e1ndo seguir\u00e1 la escasez de lluvias\",\"datePublished\":\"2022-11-04T11:22:32+00:00\",\"dateModified\":\"2022-11-04T11:27:20+00:00\",\"mainEntityOfPage\":{\"@id\":\"https:\\\/\\\/informelitoral.com.ar\\\/fin-de-semana-bueno-y-con-mas-viento-hasta-cuando-seguira-la-escasez-de-lluvias\\\/\"},\"wordCount\":330,\"commentCount\":0,\"publisher\":{\"@id\":\"https:\\\/\\\/informelitoral.com.ar\\\/#organization\"},\"image\":{\"@id\":\"https:\\\/\\\/informelitoral.com.ar\\\/fin-de-semana-bueno-y-con-mas-viento-hasta-cuando-seguira-la-escasez-de-lluvias\\\/#primaryimage\"},\"thumbnailUrl\":\"https:\\\/\\\/informelitoral.com.ar\\\/%77%70%2d%63%6f%6e%74%65%6e%74\\\/uploads\\\/2022\\\/10\\\/clima-soleado.jpg\",\"keywords\":[\"SMN\"],\"articleSection\":[\"Entre R\u00edos\"],\"inLanguage\":\"es\",\"potentialAction\":[{\"@type\":\"CommentAction\",\"name\":\"Comment\",\"target\":[\"https:\\\/\\\/informelitoral.com.ar\\\/fin-de-semana-bueno-y-con-mas-viento-hasta-cuando-seguira-la-escasez-de-lluvias\\\/#respond\"]}]},{\"@type\":\"WebPage\",\"@id\":\"https:\\\/\\\/informelitoral.com.ar\\\/fin-de-semana-bueno-y-con-mas-viento-hasta-cuando-seguira-la-escasez-de-lluvias\\\/\",\"url\":\"https:\\\/\\\/informelitoral.com.ar\\\/fin-de-semana-bueno-y-con-mas-viento-hasta-cuando-seguira-la-escasez-de-lluvias\\\/\",\"name\":\"Fin de semana bueno y con m\u00e1s viento: hasta cu\u00e1ndo seguir\u00e1 la escasez de lluvias - Informe Litoral\",\"isPartOf\":{\"@id\":\"https:\\\/\\\/informelitoral.com.ar\\\/#website\"},\"primaryImageOfPage\":{\"@id\":\"https:\\\/\\\/informelitoral.com.ar\\\/fin-de-semana-bueno-y-con-mas-viento-hasta-cuando-seguira-la-escasez-de-lluvias\\\/#primaryimage\"},\"image\":{\"@id\":\"https:\\\/\\\/informelitoral.com.ar\\\/fin-de-semana-bueno-y-con-mas-viento-hasta-cuando-seguira-la-escasez-de-lluvias\\\/#primaryimage\"},\"thumbnailUrl\":\"https:\\\/\\\/informelitoral.com.ar\\\/%77%70%2d%63%6f%6e%74%65%6e%74\\\/uploads\\\/2022\\\/10\\\/clima-soleado.jpg\",\"datePublished\":\"2022-11-04T11:22:32+00:00\",\"dateModified\":\"2022-11-04T11:27:20+00:00\",\"breadcrumb\":{\"@id\":\"https:\\\/\\\/informelitoral.com.ar\\\/fin-de-semana-bueno-y-con-mas-viento-hasta-cuando-seguira-la-escasez-de-lluvias\\\/#breadcrumb\"},\"inLanguage\":\"es\",\"potentialAction\":[{\"@type\":\"ReadAction\",\"target\":[\"https:\\\/\\\/informelitoral.com.ar\\\/fin-de-semana-bueno-y-con-mas-viento-hasta-cuando-seguira-la-escasez-de-lluvias\\\/\"]}]},{\"@type\":\"ImageObject\",\"inLanguage\":\"es\",\"@id\":\"https:\\\/\\\/informelitoral.com.ar\\\/fin-de-semana-bueno-y-con-mas-viento-hasta-cuando-seguira-la-escasez-de-lluvias\\\/#primaryimage\",\"url\":\"https:\\\/\\\/informelitoral.com.ar\\\/%77%70%2d%63%6f%6e%74%65%6e%74\\\/uploads\\\/2022\\\/10\\\/clima-soleado.jpg\",\"contentUrl\":\"https:\\\/\\\/informelitoral.com.ar\\\/%77%70%2d%63%6f%6e%74%65%6e%74\\\/uploads\\\/2022\\\/10\\\/clima-soleado.jpg\",\"width\":800,\"height\":533},{\"@type\":\"BreadcrumbList\",\"@id\":\"https:\\\/\\\/informelitoral.com.ar\\\/fin-de-semana-bueno-y-con-mas-viento-hasta-cuando-seguira-la-escasez-de-lluvias\\\/#breadcrumb\",\"itemListElement\":[{\"@type\":\"ListItem\",\"position\":1,\"name\":\"Portada\",\"item\":\"https:\\\/\\\/informelitoral.com.ar\\\/\"},{\"@type\":\"ListItem\",\"position\":2,\"name\":\"Fin de semana bueno y con m\u00e1s viento: hasta cu\u00e1ndo seguir\u00e1 la escasez de lluvias\"}]},{\"@type\":\"WebSite\",\"@id\":\"https:\\\/\\\/informelitoral.com.ar\\\/#website\",\"url\":\"https:\\\/\\\/informelitoral.com.ar\\\/\",\"name\":\"Informe Litoral\",\"description\":\"&quot;Nos informamos&quot; \",\"publisher\":{\"@id\":\"https:\\\/\\\/informelitoral.com.ar\\\/#organization\"},\"potentialAction\":[{\"@type\":\"SearchAction\",\"target\":{\"@type\":\"EntryPoint\",\"urlTemplate\":\"https:\\\/\\\/informelitoral.com.ar\\\/?s={search_term_string}\"},\"query-input\":{\"@type\":\"PropertyValueSpecification\",\"valueRequired\":true,\"valueName\":\"search_term_string\"}}],\"inLanguage\":\"es\"},{\"@type\":\"Organization\",\"@id\":\"https:\\\/\\\/informelitoral.com.ar\\\/#organization\",\"name\":\"Informe Litoral\",\"url\":\"https:\\\/\\\/informelitoral.com.ar\\\/\",\"logo\":{\"@type\":\"ImageObject\",\"inLanguage\":\"es\",\"@id\":\"https:\\\/\\\/informelitoral.com.ar\\\/#\\\/schema\\\/logo\\\/image\\\/\",\"url\":\"https:\\\/\\\/informelitoral.com.ar\\\/%77%70%2d%63%6f%6e%74%65%6e%74\\\/uploads\\\/2021\\\/01\\\/circulo.png\",\"contentUrl\":\"https:\\\/\\\/informelitoral.com.ar\\\/%77%70%2d%63%6f%6e%74%65%6e%74\\\/uploads\\\/2021\\\/01\\\/circulo.png\",\"width\":723,\"height\":731,\"caption\":\"Informe Litoral\"},\"image\":{\"@id\":\"https:\\\/\\\/informelitoral.com.ar\\\/#\\\/schema\\\/logo\\\/image\\\/\"},\"sameAs\":[\"https:\\\/\\\/www.facebook.com\\\/informelitoral\\\/\",\"https:\\\/\\\/x.com\\\/InformeLitoral\",\"https:\\\/\\\/www.instagram.com\\\/informelitoral\\\/\",\"https:\\\/\\\/www.youtube.com\\\/channel\\\/UCua4Qvz8Icb6MYqhoq9xLXw\"]},{\"@type\":\"Person\",\"@id\":\"https:\\\/\\\/informelitoral.com.ar\\\/#\\\/schema\\\/person\\\/f05f9f461677119578717524b127d6d5\",\"name\":\"Sebastian\",\"image\":{\"@type\":\"ImageObject\",\"inLanguage\":\"es\",\"@id\":\"https:\\\/\\\/secure.gravatar.com\\\/avatar\\\/b71bf7481d447dfb9583c7f2798e7cc64de6efb9067b74633ed8c31059a3bd82?s=96&d=mm&r=g\",\"url\":\"https:\\\/\\\/secure.gravatar.com\\\/avatar\\\/b71bf7481d447dfb9583c7f2798e7cc64de6efb9067b74633ed8c31059a3bd82?s=96&d=mm&r=g\",\"contentUrl\":\"https:\\\/\\\/secure.gravatar.com\\\/avatar\\\/b71bf7481d447dfb9583c7f2798e7cc64de6efb9067b74633ed8c31059a3bd82?s=96&d=mm&r=g\",\"caption\":\"Sebastian\"},\"url\":\"https:\\\/\\\/informelitoral.com.ar\\\/author\\\/sebastian\\\/\"}]}<\/script>","yoast_head_json":{"title":"Fin de semana bueno y con m\u00e1s viento: hasta cu\u00e1ndo seguir\u00e1 la escasez de lluvias - Informe Litoral","robots":{"index":"index","follow":"follow","max-snippet":"max-snippet:-1","max-image-preview":"max-image-preview:large","max-video-preview":"max-video-preview:-1"},"canonical":"https:\/\/informelitoral.com.ar\/fin-de-semana-bueno-y-con-mas-viento-hasta-cuando-seguira-la-escasez-de-lluvias\/","og_locale":"es_ES","og_type":"article","og_title":"Fin de semana bueno y con m\u00e1s viento: hasta cu\u00e1ndo seguir\u00e1 la escasez de lluvias - Informe Litoral","og_description":"Pronostican que desde hoy \u201cel viento el noreste se intensificar\u00e1 y se mantendr\u00e1\u201d durante las pr\u00f3ximas jornadas. Para inicios de la pr\u00f3xima semana el calor ganar\u00e1 terreno, mientras que las lluvias estar\u00e1n ausentes durante varios d\u00edas.","og_url":"https:\/\/informelitoral.com.ar\/fin-de-semana-bueno-y-con-mas-viento-hasta-cuando-seguira-la-escasez-de-lluvias\/","og_site_name":"Informe Litoral","article_publisher":"https:\/\/www.facebook.com\/informelitoral\/","article_published_time":"2022-11-04T11:22:32+00:00","article_modified_time":"2022-11-04T11:27:20+00:00","og_image":[{"width":800,"height":533,"url":"https:\/\/informelitoral.com.ar\/%77%70%2d%63%6f%6e%74%65%6e%74\/uploads\/2022\/10\/clima-soleado.jpg","type":"image\/jpeg"}],"author":"Sebastian","twitter_card":"summary_large_image","twitter_creator":"@InformeLitoral","twitter_site":"@InformeLitoral","twitter_misc":{"Escrito por":"Sebastian","Tiempo de lectura":"2 minutos"},"schema":{"@context":"https:\/\/schema.org","@graph":[{"@type":"Article","@id":"https:\/\/informelitoral.com.ar\/fin-de-semana-bueno-y-con-mas-viento-hasta-cuando-seguira-la-escasez-de-lluvias\/#article","isPartOf":{"@id":"https:\/\/informelitoral.com.ar\/fin-de-semana-bueno-y-con-mas-viento-hasta-cuando-seguira-la-escasez-de-lluvias\/"},"author":{"name":"Sebastian","@id":"https:\/\/informelitoral.com.ar\/#\/schema\/person\/f05f9f461677119578717524b127d6d5"},"headline":"Fin de semana bueno y con m\u00e1s viento: hasta cu\u00e1ndo seguir\u00e1 la escasez de lluvias","datePublished":"2022-11-04T11:22:32+00:00","dateModified":"2022-11-04T11:27:20+00:00","mainEntityOfPage":{"@id":"https:\/\/informelitoral.com.ar\/fin-de-semana-bueno-y-con-mas-viento-hasta-cuando-seguira-la-escasez-de-lluvias\/"},"wordCount":330,"commentCount":0,"publisher":{"@id":"https:\/\/informelitoral.com.ar\/#organization"},"image":{"@id":"https:\/\/informelitoral.com.ar\/fin-de-semana-bueno-y-con-mas-viento-hasta-cuando-seguira-la-escasez-de-lluvias\/#primaryimage"},"thumbnailUrl":"https:\/\/informelitoral.com.ar\/%77%70%2d%63%6f%6e%74%65%6e%74\/uploads\/2022\/10\/clima-soleado.jpg","keywords":["SMN"],"articleSection":["Entre R\u00edos"],"inLanguage":"es","potentialAction":[{"@type":"CommentAction","name":"Comment","target":["https:\/\/informelitoral.com.ar\/fin-de-semana-bueno-y-con-mas-viento-hasta-cuando-seguira-la-escasez-de-lluvias\/#respond"]}]},{"@type":"WebPage","@id":"https:\/\/informelitoral.com.ar\/fin-de-semana-bueno-y-con-mas-viento-hasta-cuando-seguira-la-escasez-de-lluvias\/","url":"https:\/\/informelitoral.com.ar\/fin-de-semana-bueno-y-con-mas-viento-hasta-cuando-seguira-la-escasez-de-lluvias\/","name":"Fin de semana bueno y con m\u00e1s viento: hasta cu\u00e1ndo seguir\u00e1 la escasez de lluvias - Informe Litoral","isPartOf":{"@id":"https:\/\/informelitoral.com.ar\/#website"},"primaryImageOfPage":{"@id":"https:\/\/informelitoral.com.ar\/fin-de-semana-bueno-y-con-mas-viento-hasta-cuando-seguira-la-escasez-de-lluvias\/#primaryimage"},"image":{"@id":"https:\/\/informelitoral.com.ar\/fin-de-semana-bueno-y-con-mas-viento-hasta-cuando-seguira-la-escasez-de-lluvias\/#primaryimage"},"thumbnailUrl":"https:\/\/informelitoral.com.ar\/%77%70%2d%63%6f%6e%74%65%6e%74\/uploads\/2022\/10\/clima-soleado.jpg","datePublished":"2022-11-04T11:22:32+00:00","dateModified":"2022-11-04T11:27:20+00:00","breadcrumb":{"@id":"https:\/\/informelitoral.com.ar\/fin-de-semana-bueno-y-con-mas-viento-hasta-cuando-seguira-la-escasez-de-lluvias\/#breadcrumb"},"inLanguage":"es","potentialAction":[{"@type":"ReadAction","target":["https:\/\/informelitoral.com.ar\/fin-de-semana-bueno-y-con-mas-viento-hasta-cuando-seguira-la-escasez-de-lluvias\/"]}]},{"@type":"ImageObject","inLanguage":"es","@id":"https:\/\/informelitoral.com.ar\/fin-de-semana-bueno-y-con-mas-viento-hasta-cuando-seguira-la-escasez-de-lluvias\/#primaryimage","url":"https:\/\/informelitoral.com.ar\/%77%70%2d%63%6f%6e%74%65%6e%74\/uploads\/2022\/10\/clima-soleado.jpg","contentUrl":"https:\/\/informelitoral.com.ar\/%77%70%2d%63%6f%6e%74%65%6e%74\/uploads\/2022\/10\/clima-soleado.jpg","width":800,"height":533},{"@type":"BreadcrumbList","@id":"https:\/\/informelitoral.com.ar\/fin-de-semana-bueno-y-con-mas-viento-hasta-cuando-seguira-la-escasez-de-lluvias\/#breadcrumb","itemListElement":[{"@type":"ListItem","position":1,"name":"Portada","item":"https:\/\/informelitoral.com.ar\/"},{"@type":"ListItem","position":2,"name":"Fin de semana bueno y con m\u00e1s viento: hasta cu\u00e1ndo seguir\u00e1 la escasez de lluvias"}]},{"@type":"WebSite","@id":"https:\/\/informelitoral.com.ar\/#website","url":"https:\/\/informelitoral.com.ar\/","name":"Informe Litoral","description":"&quot;Nos informamos&quot; ","publisher":{"@id":"https:\/\/informelitoral.com.ar\/#organization"},"potentialAction":[{"@type":"SearchAction","target":{"@type":"EntryPoint","urlTemplate":"https:\/\/informelitoral.com.ar\/?s={search_term_string}"},"query-input":{"@type":"PropertyValueSpecification","valueRequired":true,"valueName":"search_term_string"}}],"inLanguage":"es"},{"@type":"Organization","@id":"https:\/\/informelitoral.com.ar\/#organization","name":"Informe Litoral","url":"https:\/\/informelitoral.com.ar\/","logo":{"@type":"ImageObject","inLanguage":"es","@id":"https:\/\/informelitoral.com.ar\/#\/schema\/logo\/image\/","url":"https:\/\/informelitoral.com.ar\/%77%70%2d%63%6f%6e%74%65%6e%74\/uploads\/2021\/01\/circulo.png","contentUrl":"https:\/\/informelitoral.com.ar\/%77%70%2d%63%6f%6e%74%65%6e%74\/uploads\/2021\/01\/circulo.png","width":723,"height":731,"caption":"Informe Litoral"},"image":{"@id":"https:\/\/informelitoral.com.ar\/#\/schema\/logo\/image\/"},"sameAs":["https:\/\/www.facebook.com\/informelitoral\/","https:\/\/x.com\/InformeLitoral","https:\/\/www.instagram.com\/informelitoral\/","https:\/\/www.youtube.com\/channel\/UCua4Qvz8Icb6MYqhoq9xLXw"]},{"@type":"Person","@id":"https:\/\/informelitoral.com.ar\/#\/schema\/person\/f05f9f461677119578717524b127d6d5","name":"Sebastian","image":{"@type":"ImageObject","inLanguage":"es","@id":"https:\/\/secure.gravatar.com\/avatar\/b71bf7481d447dfb9583c7f2798e7cc64de6efb9067b74633ed8c31059a3bd82?s=96&d=mm&r=g","url":"https:\/\/secure.gravatar.com\/avatar\/b71bf7481d447dfb9583c7f2798e7cc64de6efb9067b74633ed8c31059a3bd82?s=96&d=mm&r=g","contentUrl":"https:\/\/secure.gravatar.com\/avatar\/b71bf7481d447dfb9583c7f2798e7cc64de6efb9067b74633ed8c31059a3bd82?s=96&d=mm&r=g","caption":"Sebastian"},"url":"https:\/\/informelitoral.com.ar\/author\/sebastian\/"}]}},"_links":{"self":[{"href":"https:\/\/informelitoral.com.ar\/%77%70%2d%6a%73%6f%6e\/wp\/v2\/posts\/92719","targetHints":{"allow":["GET"]}}],"collection":[{"href":"https:\/\/informelitoral.com.ar\/%77%70%2d%6a%73%6f%6e\/wp\/v2\/posts"}],"about":[{"href":"https:\/\/informelitoral.com.ar\/%77%70%2d%6a%73%6f%6e\/wp\/v2\/types\/post"}],"author":[{"embeddable":true,"href":"https:\/\/informelitoral.com.ar\/%77%70%2d%6a%73%6f%6e\/wp\/v2\/users\/8"}],"replies":[{"embeddable":true,"href":"https:\/\/informelitoral.com.ar\/%77%70%2d%6a%73%6f%6e\/wp\/v2\/comments?post=92719"}],"version-history":[{"count":0,"href":"https:\/\/informelitoral.com.ar\/%77%70%2d%6a%73%6f%6e\/wp\/v2\/posts\/92719\/revisions"}],"wp:featuredmedia":[{"embeddable":true,"href":"https:\/\/informelitoral.com.ar\/%77%70%2d%6a%73%6f%6e\/wp\/v2\/media\/91739"}],"wp:attachment":[{"href":"https:\/\/informelitoral.com.ar\/%77%70%2d%6a%73%6f%6e\/wp\/v2\/media?parent=92719"}],"wp:term":[{"taxonomy":"category","embeddable":true,"href":"https:\/\/informelitoral.com.ar\/%77%70%2d%6a%73%6f%6e\/wp\/v2\/categories?post=92719"},{"taxonomy":"post_tag","embeddable":true,"href":"https:\/\/informelitoral.com.ar\/%77%70%2d%6a%73%6f%6e\/wp\/v2\/tags?post=92719"}],"curies":[{"name":"wp","href":"https:\/\/api.w.org\/{rel}","templated":true}]}}