{"id":9262,"date":"2014-12-14T17:12:40","date_gmt":"2014-12-14T20:12:40","guid":{"rendered":"http:\/\/www.isletasnoticias.com.ar\/?p=9262"},"modified":"2014-12-14T18:20:52","modified_gmt":"2014-12-14T21:20:52","slug":"urribarri-se-reunio-con-el-presidente-de-toyota","status":"publish","type":"post","link":"https:\/\/informelitoral.com.ar\/urribarri-se-reunio-con-el-presidente-de-toyota\/","title":{"rendered":"Urribarri se reuni\u00f3 con el presidente de Toyota"},"content":{"rendered":"<p><strong>A ra\u00edz de que la demanda de veh\u00edculos que produce la planta de Toyota Argentina en Campana supera en un 20% la capacidad de producci\u00f3n (hoy est\u00e1n en un promedio de 97.000 unidades anuales), la f\u00e1brica proyecta una ampliaci\u00f3n para llegar a los 140.000. El dato surgi\u00f3 en un encuentro entre el presidente de la firma,<em> Daniel Herrero<\/em>, y el gobernador <em>Sergio Urribarri.<a href=\"http:\/\/www.isletasnoticias.com.ar\/%77%70%2d%63%6f%6e%74%65%6e%74\/uploads\/2014\/12\/b_1418582314.jpg\"><img loading=\"lazy\" decoding=\"async\" class=\"aligncenter size-medium wp-image-9263\" src=\"http:\/\/www.isletasnoticias.com.ar\/%77%70%2d%63%6f%6e%74%65%6e%74\/uploads\/2014\/12\/b_1418582314-300x200.jpg\" alt=\"b_1418582314\" width=\"300\" height=\"200\" srcset=\"https:\/\/informelitoral.com.ar\/%77%70%2d%63%6f%6e%74%65%6e%74\/uploads\/2014\/12\/b_1418582314-300x200.jpg 300w, https:\/\/informelitoral.com.ar\/%77%70%2d%63%6f%6e%74%65%6e%74\/uploads\/2014\/12\/b_1418582314.jpg 492w\" sizes=\"auto, (max-width: 300px) 100vw, 300px\" \/><\/a><\/em><\/strong><\/p>\n<div id=\"contenido\">\n<div class=\"interior-texto\">El gobernador visit\u00f3 la planta de Toyota Argentina que tiene un 10% de su planta de personal proveniente de Entre R\u00edos. Lo acompa\u00f1\u00f3 el titular de la ATER, Marcelo Casaretto.El presidente de la empresa explic\u00f3 que \u201cactualmente trabajan 4.600 personas en esta planta y, tal como se lo transmit\u00ed al gobernador, m\u00e1s del 10 por ciento vienen desde Entre R\u00edos a ayudarnos y a hacer crecer este proyecto\u201d.Tras ello elogi\u00f3 a los trabajadores entrerrianos, al decir: \u201cLos queremos much\u00edsimo, son muy responsables y estamos muy agradecidos por las tareas que prestan\u201d. \u201cSon de los que se ponen la camiseta y defienden muy fuerte este proyecto argentino\u201d, resalt\u00f3.<\/div>\n<div class=\"interior-texto\">\n<p>El responsable de la empresa le coment\u00f3 al gobernador que cada unidad que sale de f\u00e1brica ya tiene su destino. Son 400 los veh\u00edculos que salen por d\u00eda de la planta. Y la demanda nacional e internacional hizo que debieran proyectar la ampliaci\u00f3n de la f\u00e1brica para poder producir 140.000 veh\u00edculos por d\u00eda.<\/p>\n<p><strong>Un pa\u00eds previsible<\/strong><\/p>\n<p>\u201cTen\u00eda informaci\u00f3n sobre lo que esta planta de Toyota hab\u00eda hecho en estos a\u00f1os pero luego de la visita y los datos que nos brind\u00f3 su titular, uno corrobora ese sentimiento de orgullo por una empresa como Toyota Argentina, que es un ejemplo de responsabilidad social y de visi\u00f3n de la econom\u00eda en cooperaci\u00f3n con el Estado\u201d, coment\u00f3 el mandatario.<\/p>\n<p>\u201cLo que m\u00e1s me interesa, me alegra y me ilusiona es el potencial que tiene Toyota Argentina porque lo todo lo que se ha hecho, y porque se desarrolla en un pa\u00eds previsible que permite a empresas como \u00e9sta proyectarse y crecer\u00bb, dijo Urribarri.<\/p>\n<p><strong>Producci\u00f3n<\/strong><\/p>\n<p>La planta es la base de exportaci\u00f3n de Hilux y SW4 para Latinoam\u00e9rica. Arranc\u00f3 en el a\u00f1o 1997 con 10.000 unidades y ahora con un proyecto de inversi\u00f3n se quieren fabricar 140.000 desde Argentina para toda Latinoam\u00e9rica, con la tecnolog\u00eda y la competitividad de cualquier empresa global.<\/p>\n<p>La planta tiene una superficie cubierta de 194.422 metros cuadrado y su producci\u00f3n este a\u00f1o alcanzar\u00e1 a 97.000 unidades que se exportan a Latinoam\u00e9rica, principalmente a Brasil y Colombia.<\/p>\n<p>Toyota Argentina fue fundada en 1994 e inici\u00f3 su producci\u00f3n en Campana en 1997, convirti\u00e9ndose en la primera inversi\u00f3n japonesa del sector automotor en el pa\u00eds. Se trata de la empresa n\u00famero uno del mundo en el sector automotor, que posee un plantel de 300.000 empleados.<\/p>\n<\/div>\n<\/div>\n","protected":false},"excerpt":{"rendered":"<p>A ra&iacute;z de que la demanda de veh&iacute;culos que produce la planta de Toyota Argentina en Campana supera en un 20% la capacidad de producci&oacute;n (hoy est&aacute;n en un promedio de 97.000 unidades anuales), la f&aacute;brica proyecta una ampliaci&oacute;n para llegar a los 140.000. El dato surgi&oacute; en un encuentro entre el presidente de la [&hellip;]<\/p>\n","protected":false},"author":2,"featured_media":0,"comment_status":"open","ping_status":"open","sticky":false,"template":"","format":"standard","meta":{"fifu_image_url":"","fifu_image_alt":"","footnotes":""},"categories":[6,16],"tags":[],"class_list":{"0":"post-9262","1":"post","2":"type-post","3":"status-publish","4":"format-standard","6":"category-entre-rios","7":"category-politi"},"yoast_head":"<title>Urribarri se reuni\u00f3 con el presidente de Toyota - Informe Litoral<\/title>\n<meta name=\"robots\" content=\"index, follow, max-snippet:-1, max-image-preview:large, max-video-preview:-1\" \/>\n<link rel=\"canonical\" href=\"https:\/\/informelitoral.com.ar\/urribarri-se-reunio-con-el-presidente-de-toyota\/\" \/>\n<meta property=\"og:locale\" content=\"es_ES\" \/>\n<meta property=\"og:type\" content=\"article\" \/>\n<meta property=\"og:title\" content=\"Urribarri se reuni\u00f3 con el presidente de Toyota - Informe Litoral\" \/>\n<meta property=\"og:description\" content=\"A ra&iacute;z de que la demanda de veh&iacute;culos que produce la planta de Toyota Argentina en Campana supera en un 20% la capacidad de producci&oacute;n (hoy est&aacute;n en un promedio de 97.000 unidades anuales), la f&aacute;brica proyecta una ampliaci&oacute;n para llegar a los 140.000. El dato surgi&oacute; en un encuentro entre el presidente de la [&hellip;]\" \/>\n<meta property=\"og:url\" content=\"https:\/\/informelitoral.com.ar\/urribarri-se-reunio-con-el-presidente-de-toyota\/\" \/>\n<meta property=\"og:site_name\" content=\"Informe Litoral\" \/>\n<meta property=\"article:publisher\" content=\"https:\/\/www.facebook.com\/informelitoral\/\" \/>\n<meta property=\"article:published_time\" content=\"2014-12-14T20:12:40+00:00\" \/>\n<meta property=\"article:modified_time\" content=\"2014-12-14T21:20:52+00:00\" \/>\n<meta property=\"og:image\" content=\"https:\/\/informelitoral.com.ar\/%77%70%2d%63%6f%6e%74%65%6e%74\/uploads\/2014\/12\/b_1418582314.jpg\" \/>\n\t<meta property=\"og:image:width\" content=\"492\" \/>\n\t<meta property=\"og:image:height\" content=\"328\" \/>\n\t<meta property=\"og:image:type\" content=\"image\/jpeg\" \/>\n<meta name=\"author\" content=\"Gonzalo Schmidt\" \/>\n<meta name=\"twitter:card\" content=\"summary_large_image\" \/>\n<meta name=\"twitter:creator\" content=\"@InformeLitoral\" \/>\n<meta name=\"twitter:site\" content=\"@InformeLitoral\" \/>\n<meta name=\"twitter:label1\" content=\"Escrito por\" \/>\n\t<meta name=\"twitter:data1\" content=\"Gonzalo Schmidt\" \/>\n\t<meta name=\"twitter:label2\" content=\"Tiempo de lectura\" \/>\n\t<meta name=\"twitter:data2\" content=\"2 minutos\" \/>\n<script type=\"application\/ld+json\" class=\"yoast-schema-graph\">{\"@context\":\"https:\\\/\\\/schema.org\",\"@graph\":[{\"@type\":\"Article\",\"@id\":\"https:\\\/\\\/informelitoral.com.ar\\\/urribarri-se-reunio-con-el-presidente-de-toyota\\\/#article\",\"isPartOf\":{\"@id\":\"https:\\\/\\\/informelitoral.com.ar\\\/urribarri-se-reunio-con-el-presidente-de-toyota\\\/\"},\"author\":{\"name\":\"Gonzalo Schmidt\",\"@id\":\"https:\\\/\\\/informelitoral.com.ar\\\/#\\\/schema\\\/person\\\/b9d00407c836482871ef1d57bf8e3180\"},\"headline\":\"Urribarri se reuni\u00f3 con el presidente de Toyota\",\"datePublished\":\"2014-12-14T20:12:40+00:00\",\"dateModified\":\"2014-12-14T21:20:52+00:00\",\"mainEntityOfPage\":{\"@id\":\"https:\\\/\\\/informelitoral.com.ar\\\/urribarri-se-reunio-con-el-presidente-de-toyota\\\/\"},\"wordCount\":489,\"commentCount\":0,\"publisher\":{\"@id\":\"https:\\\/\\\/informelitoral.com.ar\\\/#organization\"},\"image\":{\"@id\":\"https:\\\/\\\/informelitoral.com.ar\\\/urribarri-se-reunio-con-el-presidente-de-toyota\\\/#primaryimage\"},\"thumbnailUrl\":\"http:\\\/\\\/www.isletasnoticias.com.ar\\\/%77%70%2d%63%6f%6e%74%65%6e%74\\\/uploads\\\/2014\\\/12\\\/b_1418582314-300x200.jpg\",\"articleSection\":[\"Entre R\u00edos\",\"Politica\"],\"inLanguage\":\"es\",\"potentialAction\":[{\"@type\":\"CommentAction\",\"name\":\"Comment\",\"target\":[\"https:\\\/\\\/informelitoral.com.ar\\\/urribarri-se-reunio-con-el-presidente-de-toyota\\\/#respond\"]}]},{\"@type\":\"WebPage\",\"@id\":\"https:\\\/\\\/informelitoral.com.ar\\\/urribarri-se-reunio-con-el-presidente-de-toyota\\\/\",\"url\":\"https:\\\/\\\/informelitoral.com.ar\\\/urribarri-se-reunio-con-el-presidente-de-toyota\\\/\",\"name\":\"Urribarri se reuni\u00f3 con el presidente de Toyota - Informe Litoral\",\"isPartOf\":{\"@id\":\"https:\\\/\\\/informelitoral.com.ar\\\/#website\"},\"primaryImageOfPage\":{\"@id\":\"https:\\\/\\\/informelitoral.com.ar\\\/urribarri-se-reunio-con-el-presidente-de-toyota\\\/#primaryimage\"},\"image\":{\"@id\":\"https:\\\/\\\/informelitoral.com.ar\\\/urribarri-se-reunio-con-el-presidente-de-toyota\\\/#primaryimage\"},\"thumbnailUrl\":\"http:\\\/\\\/www.isletasnoticias.com.ar\\\/%77%70%2d%63%6f%6e%74%65%6e%74\\\/uploads\\\/2014\\\/12\\\/b_1418582314-300x200.jpg\",\"datePublished\":\"2014-12-14T20:12:40+00:00\",\"dateModified\":\"2014-12-14T21:20:52+00:00\",\"breadcrumb\":{\"@id\":\"https:\\\/\\\/informelitoral.com.ar\\\/urribarri-se-reunio-con-el-presidente-de-toyota\\\/#breadcrumb\"},\"inLanguage\":\"es\",\"potentialAction\":[{\"@type\":\"ReadAction\",\"target\":[\"https:\\\/\\\/informelitoral.com.ar\\\/urribarri-se-reunio-con-el-presidente-de-toyota\\\/\"]}]},{\"@type\":\"ImageObject\",\"inLanguage\":\"es\",\"@id\":\"https:\\\/\\\/informelitoral.com.ar\\\/urribarri-se-reunio-con-el-presidente-de-toyota\\\/#primaryimage\",\"url\":\"http:\\\/\\\/www.isletasnoticias.com.ar\\\/%77%70%2d%63%6f%6e%74%65%6e%74\\\/uploads\\\/2014\\\/12\\\/b_1418582314-300x200.jpg\",\"contentUrl\":\"http:\\\/\\\/www.isletasnoticias.com.ar\\\/%77%70%2d%63%6f%6e%74%65%6e%74\\\/uploads\\\/2014\\\/12\\\/b_1418582314-300x200.jpg\"},{\"@type\":\"BreadcrumbList\",\"@id\":\"https:\\\/\\\/informelitoral.com.ar\\\/urribarri-se-reunio-con-el-presidente-de-toyota\\\/#breadcrumb\",\"itemListElement\":[{\"@type\":\"ListItem\",\"position\":1,\"name\":\"Portada\",\"item\":\"https:\\\/\\\/informelitoral.com.ar\\\/\"},{\"@type\":\"ListItem\",\"position\":2,\"name\":\"Urribarri se reuni\u00f3 con el presidente de Toyota\"}]},{\"@type\":\"WebSite\",\"@id\":\"https:\\\/\\\/informelitoral.com.ar\\\/#website\",\"url\":\"https:\\\/\\\/informelitoral.com.ar\\\/\",\"name\":\"Informe Litoral\",\"description\":\"&quot;Nos informamos&quot; \",\"publisher\":{\"@id\":\"https:\\\/\\\/informelitoral.com.ar\\\/#organization\"},\"potentialAction\":[{\"@type\":\"SearchAction\",\"target\":{\"@type\":\"EntryPoint\",\"urlTemplate\":\"https:\\\/\\\/informelitoral.com.ar\\\/?s={search_term_string}\"},\"query-input\":{\"@type\":\"PropertyValueSpecification\",\"valueRequired\":true,\"valueName\":\"search_term_string\"}}],\"inLanguage\":\"es\"},{\"@type\":\"Organization\",\"@id\":\"https:\\\/\\\/informelitoral.com.ar\\\/#organization\",\"name\":\"Informe Litoral\",\"url\":\"https:\\\/\\\/informelitoral.com.ar\\\/\",\"logo\":{\"@type\":\"ImageObject\",\"inLanguage\":\"es\",\"@id\":\"https:\\\/\\\/informelitoral.com.ar\\\/#\\\/schema\\\/logo\\\/image\\\/\",\"url\":\"https:\\\/\\\/informelitoral.com.ar\\\/%77%70%2d%63%6f%6e%74%65%6e%74\\\/uploads\\\/2021\\\/01\\\/circulo.png\",\"contentUrl\":\"https:\\\/\\\/informelitoral.com.ar\\\/%77%70%2d%63%6f%6e%74%65%6e%74\\\/uploads\\\/2021\\\/01\\\/circulo.png\",\"width\":723,\"height\":731,\"caption\":\"Informe Litoral\"},\"image\":{\"@id\":\"https:\\\/\\\/informelitoral.com.ar\\\/#\\\/schema\\\/logo\\\/image\\\/\"},\"sameAs\":[\"https:\\\/\\\/www.facebook.com\\\/informelitoral\\\/\",\"https:\\\/\\\/x.com\\\/InformeLitoral\",\"https:\\\/\\\/www.instagram.com\\\/informelitoral\\\/\",\"https:\\\/\\\/www.youtube.com\\\/channel\\\/UCua4Qvz8Icb6MYqhoq9xLXw\"]},{\"@type\":\"Person\",\"@id\":\"https:\\\/\\\/informelitoral.com.ar\\\/#\\\/schema\\\/person\\\/b9d00407c836482871ef1d57bf8e3180\",\"name\":\"Gonzalo Schmidt\",\"image\":{\"@type\":\"ImageObject\",\"inLanguage\":\"es\",\"@id\":\"https:\\\/\\\/secure.gravatar.com\\\/avatar\\\/31a1a7b66ff2de83bd0e9fd79d026630d2d99e55e8bfe501287647b4fd9743de?s=96&d=mm&r=g\",\"url\":\"https:\\\/\\\/secure.gravatar.com\\\/avatar\\\/31a1a7b66ff2de83bd0e9fd79d026630d2d99e55e8bfe501287647b4fd9743de?s=96&d=mm&r=g\",\"contentUrl\":\"https:\\\/\\\/secure.gravatar.com\\\/avatar\\\/31a1a7b66ff2de83bd0e9fd79d026630d2d99e55e8bfe501287647b4fd9743de?s=96&d=mm&r=g\",\"caption\":\"Gonzalo Schmidt\"},\"description\":\"Sitio web de noticias de la provincia de Entre R\u00edos, Argentina. Informaci\u00f3n y entretenimiento. Informe Litoral, nos informamos.\",\"sameAs\":[\"http:\\\/\\\/www.isletasnoticias.com.ar\"],\"url\":\"https:\\\/\\\/informelitoral.com.ar\\\/author\\\/gonzalo\\\/\"}]}<\/script>","yoast_head_json":{"title":"Urribarri se reuni\u00f3 con el presidente de Toyota - Informe Litoral","robots":{"index":"index","follow":"follow","max-snippet":"max-snippet:-1","max-image-preview":"max-image-preview:large","max-video-preview":"max-video-preview:-1"},"canonical":"https:\/\/informelitoral.com.ar\/urribarri-se-reunio-con-el-presidente-de-toyota\/","og_locale":"es_ES","og_type":"article","og_title":"Urribarri se reuni\u00f3 con el presidente de Toyota - Informe Litoral","og_description":"A ra&iacute;z de que la demanda de veh&iacute;culos que produce la planta de Toyota Argentina en Campana supera en un 20% la capacidad de producci&oacute;n (hoy est&aacute;n en un promedio de 97.000 unidades anuales), la f&aacute;brica proyecta una ampliaci&oacute;n para llegar a los 140.000. El dato surgi&oacute; en un encuentro entre el presidente de la [&hellip;]","og_url":"https:\/\/informelitoral.com.ar\/urribarri-se-reunio-con-el-presidente-de-toyota\/","og_site_name":"Informe Litoral","article_publisher":"https:\/\/www.facebook.com\/informelitoral\/","article_published_time":"2014-12-14T20:12:40+00:00","article_modified_time":"2014-12-14T21:20:52+00:00","og_image":[{"width":492,"height":328,"url":"https:\/\/informelitoral.com.ar\/%77%70%2d%63%6f%6e%74%65%6e%74\/uploads\/2014\/12\/b_1418582314.jpg","type":"image\/jpeg"}],"author":"Gonzalo Schmidt","twitter_card":"summary_large_image","twitter_creator":"@InformeLitoral","twitter_site":"@InformeLitoral","twitter_misc":{"Escrito por":"Gonzalo Schmidt","Tiempo de lectura":"2 minutos"},"schema":{"@context":"https:\/\/schema.org","@graph":[{"@type":"Article","@id":"https:\/\/informelitoral.com.ar\/urribarri-se-reunio-con-el-presidente-de-toyota\/#article","isPartOf":{"@id":"https:\/\/informelitoral.com.ar\/urribarri-se-reunio-con-el-presidente-de-toyota\/"},"author":{"name":"Gonzalo Schmidt","@id":"https:\/\/informelitoral.com.ar\/#\/schema\/person\/b9d00407c836482871ef1d57bf8e3180"},"headline":"Urribarri se reuni\u00f3 con el presidente de Toyota","datePublished":"2014-12-14T20:12:40+00:00","dateModified":"2014-12-14T21:20:52+00:00","mainEntityOfPage":{"@id":"https:\/\/informelitoral.com.ar\/urribarri-se-reunio-con-el-presidente-de-toyota\/"},"wordCount":489,"commentCount":0,"publisher":{"@id":"https:\/\/informelitoral.com.ar\/#organization"},"image":{"@id":"https:\/\/informelitoral.com.ar\/urribarri-se-reunio-con-el-presidente-de-toyota\/#primaryimage"},"thumbnailUrl":"http:\/\/www.isletasnoticias.com.ar\/%77%70%2d%63%6f%6e%74%65%6e%74\/uploads\/2014\/12\/b_1418582314-300x200.jpg","articleSection":["Entre R\u00edos","Politica"],"inLanguage":"es","potentialAction":[{"@type":"CommentAction","name":"Comment","target":["https:\/\/informelitoral.com.ar\/urribarri-se-reunio-con-el-presidente-de-toyota\/#respond"]}]},{"@type":"WebPage","@id":"https:\/\/informelitoral.com.ar\/urribarri-se-reunio-con-el-presidente-de-toyota\/","url":"https:\/\/informelitoral.com.ar\/urribarri-se-reunio-con-el-presidente-de-toyota\/","name":"Urribarri se reuni\u00f3 con el presidente de Toyota - Informe Litoral","isPartOf":{"@id":"https:\/\/informelitoral.com.ar\/#website"},"primaryImageOfPage":{"@id":"https:\/\/informelitoral.com.ar\/urribarri-se-reunio-con-el-presidente-de-toyota\/#primaryimage"},"image":{"@id":"https:\/\/informelitoral.com.ar\/urribarri-se-reunio-con-el-presidente-de-toyota\/#primaryimage"},"thumbnailUrl":"http:\/\/www.isletasnoticias.com.ar\/%77%70%2d%63%6f%6e%74%65%6e%74\/uploads\/2014\/12\/b_1418582314-300x200.jpg","datePublished":"2014-12-14T20:12:40+00:00","dateModified":"2014-12-14T21:20:52+00:00","breadcrumb":{"@id":"https:\/\/informelitoral.com.ar\/urribarri-se-reunio-con-el-presidente-de-toyota\/#breadcrumb"},"inLanguage":"es","potentialAction":[{"@type":"ReadAction","target":["https:\/\/informelitoral.com.ar\/urribarri-se-reunio-con-el-presidente-de-toyota\/"]}]},{"@type":"ImageObject","inLanguage":"es","@id":"https:\/\/informelitoral.com.ar\/urribarri-se-reunio-con-el-presidente-de-toyota\/#primaryimage","url":"http:\/\/www.isletasnoticias.com.ar\/%77%70%2d%63%6f%6e%74%65%6e%74\/uploads\/2014\/12\/b_1418582314-300x200.jpg","contentUrl":"http:\/\/www.isletasnoticias.com.ar\/%77%70%2d%63%6f%6e%74%65%6e%74\/uploads\/2014\/12\/b_1418582314-300x200.jpg"},{"@type":"BreadcrumbList","@id":"https:\/\/informelitoral.com.ar\/urribarri-se-reunio-con-el-presidente-de-toyota\/#breadcrumb","itemListElement":[{"@type":"ListItem","position":1,"name":"Portada","item":"https:\/\/informelitoral.com.ar\/"},{"@type":"ListItem","position":2,"name":"Urribarri se reuni\u00f3 con el presidente de Toyota"}]},{"@type":"WebSite","@id":"https:\/\/informelitoral.com.ar\/#website","url":"https:\/\/informelitoral.com.ar\/","name":"Informe Litoral","description":"&quot;Nos informamos&quot; ","publisher":{"@id":"https:\/\/informelitoral.com.ar\/#organization"},"potentialAction":[{"@type":"SearchAction","target":{"@type":"EntryPoint","urlTemplate":"https:\/\/informelitoral.com.ar\/?s={search_term_string}"},"query-input":{"@type":"PropertyValueSpecification","valueRequired":true,"valueName":"search_term_string"}}],"inLanguage":"es"},{"@type":"Organization","@id":"https:\/\/informelitoral.com.ar\/#organization","name":"Informe Litoral","url":"https:\/\/informelitoral.com.ar\/","logo":{"@type":"ImageObject","inLanguage":"es","@id":"https:\/\/informelitoral.com.ar\/#\/schema\/logo\/image\/","url":"https:\/\/informelitoral.com.ar\/%77%70%2d%63%6f%6e%74%65%6e%74\/uploads\/2021\/01\/circulo.png","contentUrl":"https:\/\/informelitoral.com.ar\/%77%70%2d%63%6f%6e%74%65%6e%74\/uploads\/2021\/01\/circulo.png","width":723,"height":731,"caption":"Informe Litoral"},"image":{"@id":"https:\/\/informelitoral.com.ar\/#\/schema\/logo\/image\/"},"sameAs":["https:\/\/www.facebook.com\/informelitoral\/","https:\/\/x.com\/InformeLitoral","https:\/\/www.instagram.com\/informelitoral\/","https:\/\/www.youtube.com\/channel\/UCua4Qvz8Icb6MYqhoq9xLXw"]},{"@type":"Person","@id":"https:\/\/informelitoral.com.ar\/#\/schema\/person\/b9d00407c836482871ef1d57bf8e3180","name":"Gonzalo Schmidt","image":{"@type":"ImageObject","inLanguage":"es","@id":"https:\/\/secure.gravatar.com\/avatar\/31a1a7b66ff2de83bd0e9fd79d026630d2d99e55e8bfe501287647b4fd9743de?s=96&d=mm&r=g","url":"https:\/\/secure.gravatar.com\/avatar\/31a1a7b66ff2de83bd0e9fd79d026630d2d99e55e8bfe501287647b4fd9743de?s=96&d=mm&r=g","contentUrl":"https:\/\/secure.gravatar.com\/avatar\/31a1a7b66ff2de83bd0e9fd79d026630d2d99e55e8bfe501287647b4fd9743de?s=96&d=mm&r=g","caption":"Gonzalo Schmidt"},"description":"Sitio web de noticias de la provincia de Entre R\u00edos, Argentina. Informaci\u00f3n y entretenimiento. Informe Litoral, nos informamos.","sameAs":["http:\/\/www.isletasnoticias.com.ar"],"url":"https:\/\/informelitoral.com.ar\/author\/gonzalo\/"}]}},"_links":{"self":[{"href":"https:\/\/informelitoral.com.ar\/%77%70%2d%6a%73%6f%6e\/wp\/v2\/posts\/9262","targetHints":{"allow":["GET"]}}],"collection":[{"href":"https:\/\/informelitoral.com.ar\/%77%70%2d%6a%73%6f%6e\/wp\/v2\/posts"}],"about":[{"href":"https:\/\/informelitoral.com.ar\/%77%70%2d%6a%73%6f%6e\/wp\/v2\/types\/post"}],"author":[{"embeddable":true,"href":"https:\/\/informelitoral.com.ar\/%77%70%2d%6a%73%6f%6e\/wp\/v2\/users\/2"}],"replies":[{"embeddable":true,"href":"https:\/\/informelitoral.com.ar\/%77%70%2d%6a%73%6f%6e\/wp\/v2\/comments?post=9262"}],"version-history":[{"count":0,"href":"https:\/\/informelitoral.com.ar\/%77%70%2d%6a%73%6f%6e\/wp\/v2\/posts\/9262\/revisions"}],"wp:attachment":[{"href":"https:\/\/informelitoral.com.ar\/%77%70%2d%6a%73%6f%6e\/wp\/v2\/media?parent=9262"}],"wp:term":[{"taxonomy":"category","embeddable":true,"href":"https:\/\/informelitoral.com.ar\/%77%70%2d%6a%73%6f%6e\/wp\/v2\/categories?post=9262"},{"taxonomy":"post_tag","embeddable":true,"href":"https:\/\/informelitoral.com.ar\/%77%70%2d%6a%73%6f%6e\/wp\/v2\/tags?post=9262"}],"curies":[{"name":"wp","href":"https:\/\/api.w.org\/{rel}","templated":true}]}}