{"id":9255,"date":"2014-12-14T18:04:00","date_gmt":"2014-12-14T21:04:00","guid":{"rendered":"http:\/\/www.isletasnoticias.com.ar\/?p=9255"},"modified":"2014-12-14T18:04:00","modified_gmt":"2014-12-14T21:04:00","slug":"cumbre-del-mercosur-la-fiesta-de-los-otros","status":"publish","type":"post","link":"https:\/\/informelitoral.com.ar\/cumbre-del-mercosur-la-fiesta-de-los-otros\/","title":{"rendered":"Cumbre del Mercosur: la fiesta de los otros"},"content":{"rendered":"<p><a href=\"http:\/\/www.isletasnoticias.com.ar\/%77%70%2d%63%6f%6e%74%65%6e%74\/uploads\/2014\/12\/20141213_175509-300x225.jpg\"><img loading=\"lazy\" decoding=\"async\" class=\"alignleft wp-image-9256 size-full\" src=\"http:\/\/www.isletasnoticias.com.ar\/%77%70%2d%63%6f%6e%74%65%6e%74\/uploads\/2014\/12\/20141213_175509-300x225.jpg\" alt=\"20141213_175509-300x225\" width=\"300\" height=\"225\" \/><\/a>Son tres boxes, exactamente iguales, colocados en tres puntos distintos de la ciudad: uno est\u00e1 en la punta de la Cuesta de Izaguirre (com\u00fanmente conocida como Bajada del Rowing); otro, frente al Howard Johnson Maroyazgo; y el tercero, en la denominada Barranca del Bicentenario, frente al Parque Infantil Patito Sirir\u00ed. Los tres boxes, con la leyenda \u201cParan\u00e1\u201d, escrita en rojo, y bien destacada, est\u00e1n puestos de modo que miran al r\u00edo, en la Costanera alta, en el sector que, durante los d\u00edas de la Cumbre del Mercosur, ser\u00e1n de uso exclusivo de los visitantes extranjeros y de vecinos que viven en la zona y que previamente han sido identificados.<\/p>\n<p>Son una especie de miradores, armados a toda prisa, en las horas previas al inicio de la Cumbre, y puestos de modo que balconean al r\u00edo, pero nadie los usa, nadie sabe para qu\u00e9 est\u00e1n, nadie sabe qu\u00e9 destino tendr\u00e1n. \u201cQu\u00e9 l\u00e1stima, pusieron esto ac\u00e1, y arruinan la mejor vista que tiene el r\u00edo\u201d, se quej\u00f3 una mujer, que bajaba hacia la Costanera baja por la Cuesta de Izaguirre. Las estructuras fueron realizadas e instaladas por la empresa Formato Urbano, antes Cinco Tipos, una firma muy ligada al gobernador Sergio Urribarri: est\u00e1 presidida por su cu\u00f1ado, el titular de la Casa de Entre R\u00edos en Buenos Aires, Juan Carlos Aguilera.<\/p>\n<p>Antes de recalar en la Casa de Entre R\u00edos, Aguilera, due\u00f1o de Formato Urbano, la empresa favorita del Gobierno a la hora de la contrataci\u00f3n de servicios publicitarios y de instalaci\u00f3n de carteler\u00edas \u2013como las gigantograf\u00edas que ahora lucen en el frente del edificio de Cinco Esquinas de la Municipalidad\u2014fue secretario coordinador de la Vicegobernaci\u00f3n de Entre R\u00edos \u201cA su vez, es uno de los hombres que en los \u00faltimos tiempos manej\u00f3 buena parte de los fondos de campa\u00f1a del PJ \u2013cont\u00f3 el periodista Daniel Enz en el Semanario An\u00e1lisis en su edici\u00f3n de septiembre \u00faltimo-. El hermano de la esposa del primer mandatario logr\u00f3 una porci\u00f3n de poder en el manejo de fondos p\u00fablicos del Senado, con inserci\u00f3n tambi\u00e9n en Diputados, pero, a su vez, dispone de un importante margen de maniobra para desarrollar otros negocios con el Estado. Por un lado, dispone de una imprenta que antes se denominaba Cinco Tipos, con sede en calle Cura Alvarez, pero hace m\u00e1s de un a\u00f1o que se denominan Formato Urbano y se encuentran en calle Racedo 415, donde disponen de un galp\u00f3n inmenso, de 15 metros de frente y 40 metros de fondo, con importante tecnolog\u00eda para desarrollar productos que otras firmas parecidas de la regi\u00f3n no disponen. Por ejemplo, se puede citar las inmensas gigantograf\u00edas que en diferentes fechas se pusieron en el frente del Consejo General de Educaci\u00f3n u otros organismos p\u00fablicos, para recordar determinadas fechas hist\u00f3ricas o relacionadas a reivindicaciones por los derechos humanos\u201d.<\/p>\n<p>La Cumbre del Mercosur, ese c\u00f3nclave regional que aqu\u00ed se mont\u00f3 con la est\u00e9tica de una puesta en escena para ser disfrutada por otros, por pocos, dej\u00f3 a la mayor parte de la ciudad excluida, detr\u00e1s de un vallado que es imposible de pasar. La ciudad se arm\u00f3 especialmente para ese encuentro, se dise\u00f1\u00f3 un recorrido imaginario, y all\u00ed se trabaj\u00f3, all\u00ed se levantaron obras, se pintaron muros, se cort\u00f3 el c\u00e9sped, se sembraron plantines, se mejoraron los sistemas de comunicaci\u00f3n, el fluido el\u00e9ctrico. Enersa, la distribuidora el\u00e9ctrica provincial, puso un operario en cada subestaci\u00f3n transformadora durante los d\u00edas de la Cumbre ante cualquier eventualidad.<\/p>\n<p>Eso, nada de todo eso, pasa el resto de los d\u00edas.<\/p>\n<p>Es como la ciudad armada ad hoc de The Truman Show, esa delirante comedia dram\u00e1tica que protagoniz\u00f3 Jim Carrey: detr\u00e1s del decorado de la Cumbre est\u00e1n las heridas abiertas de una ciudad maltratada, rota, sin obras clave. En el Volcadero, por ejemplo, la gente sigue todav\u00eda esperando que se ponga a andar la planta de reciclado, una promesa de campa\u00f1a de la intendenta Blanca Osuna que qued\u00f3 entrampada en los tironeos de la interna del PJ. Mientras la Escuela del Bicentenario ahora cuenta con aulas de Finlandia, en los bordes de la ciudad los comedores comunitarios funcionan como pueden, casi sin recursos, siempre al borde de todo.<\/p>\n<p>La Cumbre, en definitiva, es una ficci\u00f3n, relatada como ficci\u00f3n: \u00bfel presidente Evo Morales juega un partido de f\u00fatbol con el gobernador Sergio Urribarri?<\/p>\n<p>Nada, de todo lo dem\u00e1s, importa demasiado.<\/p>\n<p>\u00bfDe qu\u00e9 modo se hacen los gastos organizativos? \u00bfDe d\u00f3nde provienen los fondos? \u00bfCon qu\u00e9 criterios se contratan tales o cuales empresas?<\/p>\n<p>No hay demasiado margen para responder: el Gobierno se encarg\u00f3 de armar una log\u00edstica a su medida para gastar sin control.<\/p>\n<p>El decreto N\u00b0 3.615, del 21 de octubre \u00faltimo, firmado por el gobernador Urribarri, cre\u00f3 una unidad operativa Mercosur y la facult\u00f3 a \u201cutilizar el procedimiento de contrataciones directas para la ejecuci\u00f3n de las obras, contrataci\u00f3n de los servicios, adquisici\u00f3n de suministros y en general para toda compra y\/o todo acto y\/u operaci\u00f3n que resulten necesarios para la realizaci\u00f3n\u201d de los distintos actos que tendr\u00e1 lugar durante el desarrollo del encuentro continental de diciembre en Paran\u00e1.<\/p>\n<p>La Legislatura aval\u00f3 ese procedimiento, y el Concejo Deliberante le sigui\u00f3 los pasos: otorg\u00f3 libertad de acci\u00f3n tambi\u00e9n a la intendenta Blanca Osuna: por eso, al igual que cuando los preparativos previos a la fiesta del Bicentenario de la ciudad, en junio \u00faltimo, las tareas de embellecimiento de paseos p\u00fablicos otra vez estuvo a cargo de una empresa privada, Vivero San Felipe.<\/p>\n<p>La Cumbre, m\u00e1s all\u00e1 del protocolo, los actos, las ferias, y los espect\u00e1culos, es tambi\u00e9n un gran negocio de pocos.<\/p>\n<p>Como siempre. <em>(Fuente: Entre R\u00edos Ahora)<\/em><\/p>\n","protected":false},"excerpt":{"rendered":"<p>Son tres boxes, exactamente iguales, colocados en tres puntos distintos de la ciudad: uno est&aacute; en la punta de la Cuesta de Izaguirre (com&uacute;nmente conocida como Bajada del Rowing); otro, frente al Howard Johnson Maroyazgo; y el tercero, en la denominada Barranca del Bicentenario, frente al Parque Infantil Patito Sirir&iacute;. Los tres boxes, con la [&hellip;]<\/p>\n","protected":false},"author":2,"featured_media":0,"comment_status":"open","ping_status":"open","sticky":false,"template":"","format":"standard","meta":{"fifu_image_url":"","fifu_image_alt":"","footnotes":""},"categories":[6,16],"tags":[],"class_list":{"0":"post-9255","1":"post","2":"type-post","3":"status-publish","4":"format-standard","6":"category-entre-rios","7":"category-politi"},"yoast_head":"<title>Cumbre del Mercosur: la fiesta de los otros - Informe Litoral<\/title>\n<meta name=\"robots\" content=\"index, follow, max-snippet:-1, max-image-preview:large, max-video-preview:-1\" \/>\n<link rel=\"canonical\" href=\"https:\/\/informelitoral.com.ar\/cumbre-del-mercosur-la-fiesta-de-los-otros\/\" \/>\n<meta property=\"og:locale\" content=\"es_ES\" \/>\n<meta property=\"og:type\" content=\"article\" \/>\n<meta property=\"og:title\" content=\"Cumbre del Mercosur: la fiesta de los otros - Informe Litoral\" \/>\n<meta property=\"og:description\" content=\"Son tres boxes, exactamente iguales, colocados en tres puntos distintos de la ciudad: uno est&aacute; en la punta de la Cuesta de Izaguirre (com&uacute;nmente conocida como Bajada del Rowing); otro, frente al Howard Johnson Maroyazgo; y el tercero, en la denominada Barranca del Bicentenario, frente al Parque Infantil Patito Sirir&iacute;. Los tres boxes, con la [&hellip;]\" \/>\n<meta property=\"og:url\" content=\"https:\/\/informelitoral.com.ar\/cumbre-del-mercosur-la-fiesta-de-los-otros\/\" \/>\n<meta property=\"og:site_name\" content=\"Informe Litoral\" \/>\n<meta property=\"article:publisher\" content=\"https:\/\/www.facebook.com\/informelitoral\/\" \/>\n<meta property=\"article:published_time\" content=\"2014-12-14T21:04:00+00:00\" \/>\n<meta property=\"og:image\" content=\"https:\/\/informelitoral.com.ar\/%77%70%2d%63%6f%6e%74%65%6e%74\/uploads\/2014\/12\/20141213_175509-300x225.jpg\" \/>\n\t<meta property=\"og:image:width\" content=\"300\" \/>\n\t<meta property=\"og:image:height\" content=\"225\" \/>\n\t<meta property=\"og:image:type\" content=\"image\/jpeg\" \/>\n<meta name=\"author\" content=\"Gonzalo Schmidt\" \/>\n<meta name=\"twitter:card\" content=\"summary_large_image\" \/>\n<meta name=\"twitter:creator\" content=\"@InformeLitoral\" \/>\n<meta name=\"twitter:site\" content=\"@InformeLitoral\" \/>\n<meta name=\"twitter:label1\" content=\"Escrito por\" \/>\n\t<meta name=\"twitter:data1\" content=\"Gonzalo Schmidt\" \/>\n\t<meta name=\"twitter:label2\" content=\"Tiempo de lectura\" \/>\n\t<meta name=\"twitter:data2\" content=\"5 minutos\" \/>\n<script type=\"application\/ld+json\" class=\"yoast-schema-graph\">{\"@context\":\"https:\\\/\\\/schema.org\",\"@graph\":[{\"@type\":\"Article\",\"@id\":\"https:\\\/\\\/informelitoral.com.ar\\\/cumbre-del-mercosur-la-fiesta-de-los-otros\\\/#article\",\"isPartOf\":{\"@id\":\"https:\\\/\\\/informelitoral.com.ar\\\/cumbre-del-mercosur-la-fiesta-de-los-otros\\\/\"},\"author\":{\"name\":\"Gonzalo Schmidt\",\"@id\":\"https:\\\/\\\/informelitoral.com.ar\\\/#\\\/schema\\\/person\\\/b9d00407c836482871ef1d57bf8e3180\"},\"headline\":\"Cumbre del Mercosur: la fiesta de los otros\",\"datePublished\":\"2014-12-14T21:04:00+00:00\",\"mainEntityOfPage\":{\"@id\":\"https:\\\/\\\/informelitoral.com.ar\\\/cumbre-del-mercosur-la-fiesta-de-los-otros\\\/\"},\"wordCount\":1002,\"commentCount\":0,\"publisher\":{\"@id\":\"https:\\\/\\\/informelitoral.com.ar\\\/#organization\"},\"image\":{\"@id\":\"https:\\\/\\\/informelitoral.com.ar\\\/cumbre-del-mercosur-la-fiesta-de-los-otros\\\/#primaryimage\"},\"thumbnailUrl\":\"http:\\\/\\\/www.isletasnoticias.com.ar\\\/%77%70%2d%63%6f%6e%74%65%6e%74\\\/uploads\\\/2014\\\/12\\\/20141213_175509-300x225.jpg\",\"articleSection\":[\"Entre R\u00edos\",\"Politica\"],\"inLanguage\":\"es\",\"potentialAction\":[{\"@type\":\"CommentAction\",\"name\":\"Comment\",\"target\":[\"https:\\\/\\\/informelitoral.com.ar\\\/cumbre-del-mercosur-la-fiesta-de-los-otros\\\/#respond\"]}]},{\"@type\":\"WebPage\",\"@id\":\"https:\\\/\\\/informelitoral.com.ar\\\/cumbre-del-mercosur-la-fiesta-de-los-otros\\\/\",\"url\":\"https:\\\/\\\/informelitoral.com.ar\\\/cumbre-del-mercosur-la-fiesta-de-los-otros\\\/\",\"name\":\"Cumbre del Mercosur: la fiesta de los otros - Informe Litoral\",\"isPartOf\":{\"@id\":\"https:\\\/\\\/informelitoral.com.ar\\\/#website\"},\"primaryImageOfPage\":{\"@id\":\"https:\\\/\\\/informelitoral.com.ar\\\/cumbre-del-mercosur-la-fiesta-de-los-otros\\\/#primaryimage\"},\"image\":{\"@id\":\"https:\\\/\\\/informelitoral.com.ar\\\/cumbre-del-mercosur-la-fiesta-de-los-otros\\\/#primaryimage\"},\"thumbnailUrl\":\"http:\\\/\\\/www.isletasnoticias.com.ar\\\/%77%70%2d%63%6f%6e%74%65%6e%74\\\/uploads\\\/2014\\\/12\\\/20141213_175509-300x225.jpg\",\"datePublished\":\"2014-12-14T21:04:00+00:00\",\"breadcrumb\":{\"@id\":\"https:\\\/\\\/informelitoral.com.ar\\\/cumbre-del-mercosur-la-fiesta-de-los-otros\\\/#breadcrumb\"},\"inLanguage\":\"es\",\"potentialAction\":[{\"@type\":\"ReadAction\",\"target\":[\"https:\\\/\\\/informelitoral.com.ar\\\/cumbre-del-mercosur-la-fiesta-de-los-otros\\\/\"]}]},{\"@type\":\"ImageObject\",\"inLanguage\":\"es\",\"@id\":\"https:\\\/\\\/informelitoral.com.ar\\\/cumbre-del-mercosur-la-fiesta-de-los-otros\\\/#primaryimage\",\"url\":\"http:\\\/\\\/www.isletasnoticias.com.ar\\\/%77%70%2d%63%6f%6e%74%65%6e%74\\\/uploads\\\/2014\\\/12\\\/20141213_175509-300x225.jpg\",\"contentUrl\":\"http:\\\/\\\/www.isletasnoticias.com.ar\\\/%77%70%2d%63%6f%6e%74%65%6e%74\\\/uploads\\\/2014\\\/12\\\/20141213_175509-300x225.jpg\"},{\"@type\":\"BreadcrumbList\",\"@id\":\"https:\\\/\\\/informelitoral.com.ar\\\/cumbre-del-mercosur-la-fiesta-de-los-otros\\\/#breadcrumb\",\"itemListElement\":[{\"@type\":\"ListItem\",\"position\":1,\"name\":\"Portada\",\"item\":\"https:\\\/\\\/informelitoral.com.ar\\\/\"},{\"@type\":\"ListItem\",\"position\":2,\"name\":\"Cumbre del Mercosur: la fiesta de los otros\"}]},{\"@type\":\"WebSite\",\"@id\":\"https:\\\/\\\/informelitoral.com.ar\\\/#website\",\"url\":\"https:\\\/\\\/informelitoral.com.ar\\\/\",\"name\":\"Informe Litoral\",\"description\":\"&quot;Nos informamos&quot; \",\"publisher\":{\"@id\":\"https:\\\/\\\/informelitoral.com.ar\\\/#organization\"},\"potentialAction\":[{\"@type\":\"SearchAction\",\"target\":{\"@type\":\"EntryPoint\",\"urlTemplate\":\"https:\\\/\\\/informelitoral.com.ar\\\/?s={search_term_string}\"},\"query-input\":{\"@type\":\"PropertyValueSpecification\",\"valueRequired\":true,\"valueName\":\"search_term_string\"}}],\"inLanguage\":\"es\"},{\"@type\":\"Organization\",\"@id\":\"https:\\\/\\\/informelitoral.com.ar\\\/#organization\",\"name\":\"Informe Litoral\",\"url\":\"https:\\\/\\\/informelitoral.com.ar\\\/\",\"logo\":{\"@type\":\"ImageObject\",\"inLanguage\":\"es\",\"@id\":\"https:\\\/\\\/informelitoral.com.ar\\\/#\\\/schema\\\/logo\\\/image\\\/\",\"url\":\"https:\\\/\\\/informelitoral.com.ar\\\/%77%70%2d%63%6f%6e%74%65%6e%74\\\/uploads\\\/2021\\\/01\\\/circulo.png\",\"contentUrl\":\"https:\\\/\\\/informelitoral.com.ar\\\/%77%70%2d%63%6f%6e%74%65%6e%74\\\/uploads\\\/2021\\\/01\\\/circulo.png\",\"width\":723,\"height\":731,\"caption\":\"Informe Litoral\"},\"image\":{\"@id\":\"https:\\\/\\\/informelitoral.com.ar\\\/#\\\/schema\\\/logo\\\/image\\\/\"},\"sameAs\":[\"https:\\\/\\\/www.facebook.com\\\/informelitoral\\\/\",\"https:\\\/\\\/x.com\\\/InformeLitoral\",\"https:\\\/\\\/www.instagram.com\\\/informelitoral\\\/\",\"https:\\\/\\\/www.youtube.com\\\/channel\\\/UCua4Qvz8Icb6MYqhoq9xLXw\"]},{\"@type\":\"Person\",\"@id\":\"https:\\\/\\\/informelitoral.com.ar\\\/#\\\/schema\\\/person\\\/b9d00407c836482871ef1d57bf8e3180\",\"name\":\"Gonzalo Schmidt\",\"image\":{\"@type\":\"ImageObject\",\"inLanguage\":\"es\",\"@id\":\"https:\\\/\\\/secure.gravatar.com\\\/avatar\\\/31a1a7b66ff2de83bd0e9fd79d026630d2d99e55e8bfe501287647b4fd9743de?s=96&d=mm&r=g\",\"url\":\"https:\\\/\\\/secure.gravatar.com\\\/avatar\\\/31a1a7b66ff2de83bd0e9fd79d026630d2d99e55e8bfe501287647b4fd9743de?s=96&d=mm&r=g\",\"contentUrl\":\"https:\\\/\\\/secure.gravatar.com\\\/avatar\\\/31a1a7b66ff2de83bd0e9fd79d026630d2d99e55e8bfe501287647b4fd9743de?s=96&d=mm&r=g\",\"caption\":\"Gonzalo Schmidt\"},\"description\":\"Sitio web de noticias de la provincia de Entre R\u00edos, Argentina. Informaci\u00f3n y entretenimiento. Informe Litoral, nos informamos.\",\"sameAs\":[\"http:\\\/\\\/www.isletasnoticias.com.ar\"],\"url\":\"https:\\\/\\\/informelitoral.com.ar\\\/author\\\/gonzalo\\\/\"}]}<\/script>","yoast_head_json":{"title":"Cumbre del Mercosur: la fiesta de los otros - Informe Litoral","robots":{"index":"index","follow":"follow","max-snippet":"max-snippet:-1","max-image-preview":"max-image-preview:large","max-video-preview":"max-video-preview:-1"},"canonical":"https:\/\/informelitoral.com.ar\/cumbre-del-mercosur-la-fiesta-de-los-otros\/","og_locale":"es_ES","og_type":"article","og_title":"Cumbre del Mercosur: la fiesta de los otros - Informe Litoral","og_description":"Son tres boxes, exactamente iguales, colocados en tres puntos distintos de la ciudad: uno est&aacute; en la punta de la Cuesta de Izaguirre (com&uacute;nmente conocida como Bajada del Rowing); otro, frente al Howard Johnson Maroyazgo; y el tercero, en la denominada Barranca del Bicentenario, frente al Parque Infantil Patito Sirir&iacute;. Los tres boxes, con la [&hellip;]","og_url":"https:\/\/informelitoral.com.ar\/cumbre-del-mercosur-la-fiesta-de-los-otros\/","og_site_name":"Informe Litoral","article_publisher":"https:\/\/www.facebook.com\/informelitoral\/","article_published_time":"2014-12-14T21:04:00+00:00","og_image":[{"width":300,"height":225,"url":"https:\/\/informelitoral.com.ar\/%77%70%2d%63%6f%6e%74%65%6e%74\/uploads\/2014\/12\/20141213_175509-300x225.jpg","type":"image\/jpeg"}],"author":"Gonzalo Schmidt","twitter_card":"summary_large_image","twitter_creator":"@InformeLitoral","twitter_site":"@InformeLitoral","twitter_misc":{"Escrito por":"Gonzalo Schmidt","Tiempo de lectura":"5 minutos"},"schema":{"@context":"https:\/\/schema.org","@graph":[{"@type":"Article","@id":"https:\/\/informelitoral.com.ar\/cumbre-del-mercosur-la-fiesta-de-los-otros\/#article","isPartOf":{"@id":"https:\/\/informelitoral.com.ar\/cumbre-del-mercosur-la-fiesta-de-los-otros\/"},"author":{"name":"Gonzalo Schmidt","@id":"https:\/\/informelitoral.com.ar\/#\/schema\/person\/b9d00407c836482871ef1d57bf8e3180"},"headline":"Cumbre del Mercosur: la fiesta de los otros","datePublished":"2014-12-14T21:04:00+00:00","mainEntityOfPage":{"@id":"https:\/\/informelitoral.com.ar\/cumbre-del-mercosur-la-fiesta-de-los-otros\/"},"wordCount":1002,"commentCount":0,"publisher":{"@id":"https:\/\/informelitoral.com.ar\/#organization"},"image":{"@id":"https:\/\/informelitoral.com.ar\/cumbre-del-mercosur-la-fiesta-de-los-otros\/#primaryimage"},"thumbnailUrl":"http:\/\/www.isletasnoticias.com.ar\/%77%70%2d%63%6f%6e%74%65%6e%74\/uploads\/2014\/12\/20141213_175509-300x225.jpg","articleSection":["Entre R\u00edos","Politica"],"inLanguage":"es","potentialAction":[{"@type":"CommentAction","name":"Comment","target":["https:\/\/informelitoral.com.ar\/cumbre-del-mercosur-la-fiesta-de-los-otros\/#respond"]}]},{"@type":"WebPage","@id":"https:\/\/informelitoral.com.ar\/cumbre-del-mercosur-la-fiesta-de-los-otros\/","url":"https:\/\/informelitoral.com.ar\/cumbre-del-mercosur-la-fiesta-de-los-otros\/","name":"Cumbre del Mercosur: la fiesta de los otros - Informe Litoral","isPartOf":{"@id":"https:\/\/informelitoral.com.ar\/#website"},"primaryImageOfPage":{"@id":"https:\/\/informelitoral.com.ar\/cumbre-del-mercosur-la-fiesta-de-los-otros\/#primaryimage"},"image":{"@id":"https:\/\/informelitoral.com.ar\/cumbre-del-mercosur-la-fiesta-de-los-otros\/#primaryimage"},"thumbnailUrl":"http:\/\/www.isletasnoticias.com.ar\/%77%70%2d%63%6f%6e%74%65%6e%74\/uploads\/2014\/12\/20141213_175509-300x225.jpg","datePublished":"2014-12-14T21:04:00+00:00","breadcrumb":{"@id":"https:\/\/informelitoral.com.ar\/cumbre-del-mercosur-la-fiesta-de-los-otros\/#breadcrumb"},"inLanguage":"es","potentialAction":[{"@type":"ReadAction","target":["https:\/\/informelitoral.com.ar\/cumbre-del-mercosur-la-fiesta-de-los-otros\/"]}]},{"@type":"ImageObject","inLanguage":"es","@id":"https:\/\/informelitoral.com.ar\/cumbre-del-mercosur-la-fiesta-de-los-otros\/#primaryimage","url":"http:\/\/www.isletasnoticias.com.ar\/%77%70%2d%63%6f%6e%74%65%6e%74\/uploads\/2014\/12\/20141213_175509-300x225.jpg","contentUrl":"http:\/\/www.isletasnoticias.com.ar\/%77%70%2d%63%6f%6e%74%65%6e%74\/uploads\/2014\/12\/20141213_175509-300x225.jpg"},{"@type":"BreadcrumbList","@id":"https:\/\/informelitoral.com.ar\/cumbre-del-mercosur-la-fiesta-de-los-otros\/#breadcrumb","itemListElement":[{"@type":"ListItem","position":1,"name":"Portada","item":"https:\/\/informelitoral.com.ar\/"},{"@type":"ListItem","position":2,"name":"Cumbre del Mercosur: la fiesta de los otros"}]},{"@type":"WebSite","@id":"https:\/\/informelitoral.com.ar\/#website","url":"https:\/\/informelitoral.com.ar\/","name":"Informe Litoral","description":"&quot;Nos informamos&quot; ","publisher":{"@id":"https:\/\/informelitoral.com.ar\/#organization"},"potentialAction":[{"@type":"SearchAction","target":{"@type":"EntryPoint","urlTemplate":"https:\/\/informelitoral.com.ar\/?s={search_term_string}"},"query-input":{"@type":"PropertyValueSpecification","valueRequired":true,"valueName":"search_term_string"}}],"inLanguage":"es"},{"@type":"Organization","@id":"https:\/\/informelitoral.com.ar\/#organization","name":"Informe Litoral","url":"https:\/\/informelitoral.com.ar\/","logo":{"@type":"ImageObject","inLanguage":"es","@id":"https:\/\/informelitoral.com.ar\/#\/schema\/logo\/image\/","url":"https:\/\/informelitoral.com.ar\/%77%70%2d%63%6f%6e%74%65%6e%74\/uploads\/2021\/01\/circulo.png","contentUrl":"https:\/\/informelitoral.com.ar\/%77%70%2d%63%6f%6e%74%65%6e%74\/uploads\/2021\/01\/circulo.png","width":723,"height":731,"caption":"Informe Litoral"},"image":{"@id":"https:\/\/informelitoral.com.ar\/#\/schema\/logo\/image\/"},"sameAs":["https:\/\/www.facebook.com\/informelitoral\/","https:\/\/x.com\/InformeLitoral","https:\/\/www.instagram.com\/informelitoral\/","https:\/\/www.youtube.com\/channel\/UCua4Qvz8Icb6MYqhoq9xLXw"]},{"@type":"Person","@id":"https:\/\/informelitoral.com.ar\/#\/schema\/person\/b9d00407c836482871ef1d57bf8e3180","name":"Gonzalo Schmidt","image":{"@type":"ImageObject","inLanguage":"es","@id":"https:\/\/secure.gravatar.com\/avatar\/31a1a7b66ff2de83bd0e9fd79d026630d2d99e55e8bfe501287647b4fd9743de?s=96&d=mm&r=g","url":"https:\/\/secure.gravatar.com\/avatar\/31a1a7b66ff2de83bd0e9fd79d026630d2d99e55e8bfe501287647b4fd9743de?s=96&d=mm&r=g","contentUrl":"https:\/\/secure.gravatar.com\/avatar\/31a1a7b66ff2de83bd0e9fd79d026630d2d99e55e8bfe501287647b4fd9743de?s=96&d=mm&r=g","caption":"Gonzalo Schmidt"},"description":"Sitio web de noticias de la provincia de Entre R\u00edos, Argentina. Informaci\u00f3n y entretenimiento. Informe Litoral, nos informamos.","sameAs":["http:\/\/www.isletasnoticias.com.ar"],"url":"https:\/\/informelitoral.com.ar\/author\/gonzalo\/"}]}},"_links":{"self":[{"href":"https:\/\/informelitoral.com.ar\/%77%70%2d%6a%73%6f%6e\/wp\/v2\/posts\/9255","targetHints":{"allow":["GET"]}}],"collection":[{"href":"https:\/\/informelitoral.com.ar\/%77%70%2d%6a%73%6f%6e\/wp\/v2\/posts"}],"about":[{"href":"https:\/\/informelitoral.com.ar\/%77%70%2d%6a%73%6f%6e\/wp\/v2\/types\/post"}],"author":[{"embeddable":true,"href":"https:\/\/informelitoral.com.ar\/%77%70%2d%6a%73%6f%6e\/wp\/v2\/users\/2"}],"replies":[{"embeddable":true,"href":"https:\/\/informelitoral.com.ar\/%77%70%2d%6a%73%6f%6e\/wp\/v2\/comments?post=9255"}],"version-history":[{"count":0,"href":"https:\/\/informelitoral.com.ar\/%77%70%2d%6a%73%6f%6e\/wp\/v2\/posts\/9255\/revisions"}],"wp:attachment":[{"href":"https:\/\/informelitoral.com.ar\/%77%70%2d%6a%73%6f%6e\/wp\/v2\/media?parent=9255"}],"wp:term":[{"taxonomy":"category","embeddable":true,"href":"https:\/\/informelitoral.com.ar\/%77%70%2d%6a%73%6f%6e\/wp\/v2\/categories?post=9255"},{"taxonomy":"post_tag","embeddable":true,"href":"https:\/\/informelitoral.com.ar\/%77%70%2d%6a%73%6f%6e\/wp\/v2\/tags?post=9255"}],"curies":[{"name":"wp","href":"https:\/\/api.w.org\/{rel}","templated":true}]}}