{"id":925,"date":"2013-04-10T13:17:48","date_gmt":"2013-04-10T16:17:48","guid":{"rendered":"http:\/\/www.isletasnoticias.com.ar\/?p=925"},"modified":"2013-04-10T13:17:48","modified_gmt":"2013-04-10T16:17:48","slug":"el-juez-de-la-causa-por-el-temporal-en-la-plata-admitio-que-hay-37-desaparecidos","status":"publish","type":"post","link":"https:\/\/informelitoral.com.ar\/el-juez-de-la-causa-por-el-temporal-en-la-plata-admitio-que-hay-37-desaparecidos\/","title":{"rendered":"El juez de la causa por el temporal en La Plata admiti\u00f3 que hay 37 desaparecidos"},"content":{"rendered":"<div>\n<p><strong>El magistrado <em>Guillermo Atencio<\/em> adelant\u00f3 adem\u00e1s que pedir\u00e1 la <em>\u00abinhibitoria\u00bb<\/em> de Luis Arias, el otro letrado que est\u00e1 indagando sobre la lista oficial de fallecidos que difundi\u00f3 el Gobierno. En la causa hay 52 v\u00edctimas identificadas.<\/strong><\/p>\n<\/div>\n<p><img decoding=\"async\" alt=\"El juez de la causa por el temporal en La Plata admiti\u00f3 que hay 37 desaparecidos\" src=\"http:\/\/www.infobae.com\/adjuntos\/jpg\/2013\/04\/600x0_650124.jpg\" width=\"600\" \/><\/p>\n<div>\u00a0La cantidad de v\u00edctimas fatales que dej\u00f3 la tormenta que la semana pasadao azot\u00f3 la ciudad de La Plata sigue siendo motivo de incontables rumores y conjeturas. Esa cifra se convirti\u00f3 en eje de un duro debate entre dos jueces, dos fiscales y funcionarios del gobierno provincial, que por ahora, solo genera incertidumbre en la sociedad sobre esta cat\u00e1strofe.<\/div>\n<div>\n<p><em>\u00abEl fiscal que investiga es (Juan Cruz) <strong>Condom\u00ed Alcorta<\/strong>, y yo soy el juez de Garant\u00edas\u00bb <\/em>del caso, afirm\u00f3 <strong>Guillermo Atencio<\/strong>, magistrado de Garant\u00edas de La Plata. Atencio aclar\u00f3 que el juez en lo contencioso administrativo de la Ciudad <strong>Luis Arias<\/strong> y el defensor del fuero de Responsabilidad Juvenil <strong>Juli\u00e1n Axat<\/strong> generaron<em> \u201cuna gran confusi\u00f3n en la opini\u00f3n p\u00fablica\u201d<\/em> en la sociedad.<\/p>\n<p>En este sentido, anticip\u00f3 que pidi\u00f3 \u201cla inhibitoria al doctor Arias, porque estar\u00eda investigando cuestiones para las cuales no est\u00e1 facultado\u201d.<em> <strong>\u201cNosotros somos los competentes y tenemos los datos oficiales; las listas difieren, existen contabilizado 52 fallecidos a consecuencia de la inundaci\u00f3n y 37 desaparecidos\u201d<\/strong><\/em>, que podr\u00edan o no estar vinculados con el hecho.<\/p>\n<p><img decoding=\"async\" alt=\"\" src=\"http:\/\/www.infobae.com\/adjuntos\/jpg\/2013\/04\/650123.jpg\" \/><\/p>\n<p>El juez Arias inici\u00f3 una investigaci\u00f3n en base a la conjetura de que personas que murieron por causas directas de la inundaci\u00f3n hayan sido registradas como fallecidas por enfermedades u otras causas naturales.<\/p>\n<p><em><strong>\u201cEs espantoso, si es que eso existe, que las cifras disminuyan o aumenten con un inter\u00e9s distinto del que tenemos que tener todos con respecto a lo que pas\u00f3\u201d<\/strong>,<\/em> dijo y agreg\u00f3 que hay <em>\u201cotro rubro de personas fallecidas, cuyos familiares no han judicializado la cuesti\u00f3n\u201d.<\/em><\/p>\n<p>En declaraciones a <em>Radio Mitre<\/em>, Atencio consider\u00f3 que eso <em><strong>\u201ces un gran problema\u201d<\/strong><\/em>. <em>\u00abLa gente ha optado por inhumar los restos y ha obtenido certificaciones m\u00e9dicas de paros respiratorios (\u2026) y esto influye en las listas\u201d,<\/em> se\u00f1al\u00f3.<\/p>\n<p><em>\u201cLe he pedido al fiscal, incluso, que haga una causa por anexos, para tener separados uno por uno los casos; hasta ahora no se ha retirado la basura de las calles, imag\u00ednese si no ser\u00e1 posible que aumente el n\u00famero de fallecidos\u201d<\/em>, reflexion\u00f3.<\/p>\n<p>El magistrado se\u00f1al\u00f3 tambi\u00e9n que el tema de los menores no fue corroborado. <em>\u00ab<strong>En la lista no hay menores de edad, \u00bfUsted cree que es posible?\u201d<\/strong><\/em>, se pregunt\u00f3 aunque afirm\u00f3 que le consta<em> <strong>\u201cque ac\u00e1 no existe ninguna intenci\u00f3n de ocultar absolutamente nada\u00bb<\/strong>.<\/em><\/p>\n<p>Sin embrago, el magistrado manifest\u00f3 su<em> <strong>\u201cpreocupaci\u00f3n por que se instale la discusi\u00f3n pol\u00edtica a favor de que haya 10 muertos m\u00e1s o 10 muertos menos; esto es inhumano\u201d<\/strong>,<\/em> sentenci\u00f3.<img decoding=\"async\" alt=\"\" src=\"http:\/\/www.infobae.com\/adjuntos\/jpg\/2013\/04\/650122.jpg\" \/><\/p>\n<p><em>\u00abVamos a tener que tener la paciencia de esperar el resultado de las investigaciones porque ser\u00eda absurdo pensar en tener un n\u00famero final a menos de una semana de las tareas de rescate\u201d.<\/em><\/p>\n<p>Atencio est\u00e1 en estos momentos en la morgue<em> \u201cporque Arias sostiene que hay muertos ocultos\u00bb.<\/em> Juntos al juez est\u00e1n el fiscal Condom\u00ed Alcorta, C\u00e9sar Albarrac\u00edn, subsecretario de Pol\u00edtica Criminal e Investigaciones Judiciales provincial (2\u00b0 de Ricardo Casal) y tres m\u00e9dicos forenses provinciales.<\/p>\n<p>Ayer, las autoridades le negaron el ingreso a Arias en esa sede forense.<em><strong> \u201cDesconozco por qu\u00e9 el juez fue y no lo dejaron entrar, tambi\u00e9n desconozco por qu\u00e9 fue; no es su fuero\u00bb<\/strong><\/em>, agreg\u00f3.<\/p>\n<p>Para concluir, dijo que<em> \u00abser\u00eda lamentable que Arias actuara paralelamente investigando un caso que no es competente\u201d<\/em> porque <em><strong>\u201ceso conspira obviamente contra la investigaci\u00f3n y la certeza de los datos\u00bb<\/strong>.<\/em> Al ser consultado sobre la posibilidad de que exista un inter\u00e9s pol\u00edtico detr\u00e1s de la actuaci\u00f3n de Arias, afirm\u00f3: <em><strong>\u00abEspero que no\u00bb<\/strong>.<\/em><\/p>\n<p>Fuente: Infobae.<\/p>\n<\/div>\n","protected":false},"excerpt":{"rendered":"<p>El magistrado Guillermo Atencio adelant&oacute; adem&aacute;s que pedir&aacute; la &laquo;inhibitoria&raquo; de Luis Arias, el otro letrado que est&aacute; indagando sobre la lista oficial de fallecidos que difundi&oacute; el Gobierno. En la causa hay 52 v&iacute;ctimas identificadas. &nbsp;La cantidad de v&iacute;ctimas fatales que dej&oacute; la tormenta que la semana pasadao azot&oacute; la ciudad de La Plata [&hellip;]<\/p>\n","protected":false},"author":2,"featured_media":0,"comment_status":"open","ping_status":"open","sticky":false,"template":"","format":"standard","meta":{"fifu_image_url":"","fifu_image_alt":"","footnotes":""},"categories":[7],"tags":[],"class_list":{"0":"post-925","1":"post","2":"type-post","3":"status-publish","4":"format-standard","6":"category-nacionales"},"yoast_head":"<title>El juez de la causa por el temporal en La Plata admiti\u00f3 que hay 37 desaparecidos - Informe Litoral<\/title>\n<meta name=\"robots\" content=\"index, follow, max-snippet:-1, max-image-preview:large, max-video-preview:-1\" \/>\n<link rel=\"canonical\" href=\"https:\/\/informelitoral.com.ar\/el-juez-de-la-causa-por-el-temporal-en-la-plata-admitio-que-hay-37-desaparecidos\/\" \/>\n<meta property=\"og:locale\" content=\"es_ES\" \/>\n<meta property=\"og:type\" content=\"article\" \/>\n<meta property=\"og:title\" content=\"El juez de la causa por el temporal en La Plata admiti\u00f3 que hay 37 desaparecidos - Informe Litoral\" \/>\n<meta property=\"og:description\" content=\"El magistrado Guillermo Atencio adelant&oacute; adem&aacute;s que pedir&aacute; la &laquo;inhibitoria&raquo; de Luis Arias, el otro letrado que est&aacute; indagando sobre la lista oficial de fallecidos que difundi&oacute; el Gobierno. En la causa hay 52 v&iacute;ctimas identificadas. &nbsp;La cantidad de v&iacute;ctimas fatales que dej&oacute; la tormenta que la semana pasadao azot&oacute; la ciudad de La Plata [&hellip;]\" \/>\n<meta property=\"og:url\" content=\"https:\/\/informelitoral.com.ar\/el-juez-de-la-causa-por-el-temporal-en-la-plata-admitio-que-hay-37-desaparecidos\/\" \/>\n<meta property=\"og:site_name\" content=\"Informe Litoral\" \/>\n<meta property=\"article:publisher\" content=\"https:\/\/www.facebook.com\/informelitoral\/\" \/>\n<meta property=\"article:published_time\" content=\"2013-04-10T16:17:48+00:00\" \/>\n<meta property=\"og:image\" content=\"http:\/\/www.infobae.com\/adjuntos\/jpg\/2013\/04\/600x0_650124.jpg\" \/>\n<meta name=\"author\" content=\"Gonzalo Schmidt\" \/>\n<meta name=\"twitter:card\" content=\"summary_large_image\" \/>\n<meta name=\"twitter:creator\" content=\"@InformeLitoral\" \/>\n<meta name=\"twitter:site\" content=\"@InformeLitoral\" \/>\n<meta name=\"twitter:label1\" content=\"Escrito por\" \/>\n\t<meta name=\"twitter:data1\" content=\"Gonzalo Schmidt\" \/>\n\t<meta name=\"twitter:label2\" content=\"Tiempo de lectura\" \/>\n\t<meta name=\"twitter:data2\" content=\"3 minutos\" \/>\n<script type=\"application\/ld+json\" class=\"yoast-schema-graph\">{\"@context\":\"https:\\\/\\\/schema.org\",\"@graph\":[{\"@type\":\"Article\",\"@id\":\"https:\\\/\\\/informelitoral.com.ar\\\/el-juez-de-la-causa-por-el-temporal-en-la-plata-admitio-que-hay-37-desaparecidos\\\/#article\",\"isPartOf\":{\"@id\":\"https:\\\/\\\/informelitoral.com.ar\\\/el-juez-de-la-causa-por-el-temporal-en-la-plata-admitio-que-hay-37-desaparecidos\\\/\"},\"author\":{\"name\":\"Gonzalo Schmidt\",\"@id\":\"https:\\\/\\\/informelitoral.com.ar\\\/#\\\/schema\\\/person\\\/b9d00407c836482871ef1d57bf8e3180\"},\"headline\":\"El juez de la causa por el temporal en La Plata admiti\u00f3 que hay 37 desaparecidos\",\"datePublished\":\"2013-04-10T16:17:48+00:00\",\"mainEntityOfPage\":{\"@id\":\"https:\\\/\\\/informelitoral.com.ar\\\/el-juez-de-la-causa-por-el-temporal-en-la-plata-admitio-que-hay-37-desaparecidos\\\/\"},\"wordCount\":656,\"commentCount\":0,\"publisher\":{\"@id\":\"https:\\\/\\\/informelitoral.com.ar\\\/#organization\"},\"image\":{\"@id\":\"https:\\\/\\\/informelitoral.com.ar\\\/el-juez-de-la-causa-por-el-temporal-en-la-plata-admitio-que-hay-37-desaparecidos\\\/#primaryimage\"},\"thumbnailUrl\":\"http:\\\/\\\/www.infobae.com\\\/adjuntos\\\/jpg\\\/2013\\\/04\\\/600x0_650124.jpg\",\"articleSection\":[\"Nacionales\"],\"inLanguage\":\"es\",\"potentialAction\":[{\"@type\":\"CommentAction\",\"name\":\"Comment\",\"target\":[\"https:\\\/\\\/informelitoral.com.ar\\\/el-juez-de-la-causa-por-el-temporal-en-la-plata-admitio-que-hay-37-desaparecidos\\\/#respond\"]}]},{\"@type\":\"WebPage\",\"@id\":\"https:\\\/\\\/informelitoral.com.ar\\\/el-juez-de-la-causa-por-el-temporal-en-la-plata-admitio-que-hay-37-desaparecidos\\\/\",\"url\":\"https:\\\/\\\/informelitoral.com.ar\\\/el-juez-de-la-causa-por-el-temporal-en-la-plata-admitio-que-hay-37-desaparecidos\\\/\",\"name\":\"El juez de la causa por el temporal en La Plata admiti\u00f3 que hay 37 desaparecidos - Informe Litoral\",\"isPartOf\":{\"@id\":\"https:\\\/\\\/informelitoral.com.ar\\\/#website\"},\"primaryImageOfPage\":{\"@id\":\"https:\\\/\\\/informelitoral.com.ar\\\/el-juez-de-la-causa-por-el-temporal-en-la-plata-admitio-que-hay-37-desaparecidos\\\/#primaryimage\"},\"image\":{\"@id\":\"https:\\\/\\\/informelitoral.com.ar\\\/el-juez-de-la-causa-por-el-temporal-en-la-plata-admitio-que-hay-37-desaparecidos\\\/#primaryimage\"},\"thumbnailUrl\":\"http:\\\/\\\/www.infobae.com\\\/adjuntos\\\/jpg\\\/2013\\\/04\\\/600x0_650124.jpg\",\"datePublished\":\"2013-04-10T16:17:48+00:00\",\"breadcrumb\":{\"@id\":\"https:\\\/\\\/informelitoral.com.ar\\\/el-juez-de-la-causa-por-el-temporal-en-la-plata-admitio-que-hay-37-desaparecidos\\\/#breadcrumb\"},\"inLanguage\":\"es\",\"potentialAction\":[{\"@type\":\"ReadAction\",\"target\":[\"https:\\\/\\\/informelitoral.com.ar\\\/el-juez-de-la-causa-por-el-temporal-en-la-plata-admitio-que-hay-37-desaparecidos\\\/\"]}]},{\"@type\":\"ImageObject\",\"inLanguage\":\"es\",\"@id\":\"https:\\\/\\\/informelitoral.com.ar\\\/el-juez-de-la-causa-por-el-temporal-en-la-plata-admitio-que-hay-37-desaparecidos\\\/#primaryimage\",\"url\":\"http:\\\/\\\/www.infobae.com\\\/adjuntos\\\/jpg\\\/2013\\\/04\\\/600x0_650124.jpg\",\"contentUrl\":\"http:\\\/\\\/www.infobae.com\\\/adjuntos\\\/jpg\\\/2013\\\/04\\\/600x0_650124.jpg\"},{\"@type\":\"BreadcrumbList\",\"@id\":\"https:\\\/\\\/informelitoral.com.ar\\\/el-juez-de-la-causa-por-el-temporal-en-la-plata-admitio-que-hay-37-desaparecidos\\\/#breadcrumb\",\"itemListElement\":[{\"@type\":\"ListItem\",\"position\":1,\"name\":\"Portada\",\"item\":\"https:\\\/\\\/informelitoral.com.ar\\\/\"},{\"@type\":\"ListItem\",\"position\":2,\"name\":\"El juez de la causa por el temporal en La Plata admiti\u00f3 que hay 37 desaparecidos\"}]},{\"@type\":\"WebSite\",\"@id\":\"https:\\\/\\\/informelitoral.com.ar\\\/#website\",\"url\":\"https:\\\/\\\/informelitoral.com.ar\\\/\",\"name\":\"Informe Litoral\",\"description\":\"&quot;Nos informamos&quot; \",\"publisher\":{\"@id\":\"https:\\\/\\\/informelitoral.com.ar\\\/#organization\"},\"potentialAction\":[{\"@type\":\"SearchAction\",\"target\":{\"@type\":\"EntryPoint\",\"urlTemplate\":\"https:\\\/\\\/informelitoral.com.ar\\\/?s={search_term_string}\"},\"query-input\":{\"@type\":\"PropertyValueSpecification\",\"valueRequired\":true,\"valueName\":\"search_term_string\"}}],\"inLanguage\":\"es\"},{\"@type\":\"Organization\",\"@id\":\"https:\\\/\\\/informelitoral.com.ar\\\/#organization\",\"name\":\"Informe Litoral\",\"url\":\"https:\\\/\\\/informelitoral.com.ar\\\/\",\"logo\":{\"@type\":\"ImageObject\",\"inLanguage\":\"es\",\"@id\":\"https:\\\/\\\/informelitoral.com.ar\\\/#\\\/schema\\\/logo\\\/image\\\/\",\"url\":\"https:\\\/\\\/informelitoral.com.ar\\\/%77%70%2d%63%6f%6e%74%65%6e%74\\\/uploads\\\/2021\\\/01\\\/circulo.png\",\"contentUrl\":\"https:\\\/\\\/informelitoral.com.ar\\\/%77%70%2d%63%6f%6e%74%65%6e%74\\\/uploads\\\/2021\\\/01\\\/circulo.png\",\"width\":723,\"height\":731,\"caption\":\"Informe Litoral\"},\"image\":{\"@id\":\"https:\\\/\\\/informelitoral.com.ar\\\/#\\\/schema\\\/logo\\\/image\\\/\"},\"sameAs\":[\"https:\\\/\\\/www.facebook.com\\\/informelitoral\\\/\",\"https:\\\/\\\/x.com\\\/InformeLitoral\",\"https:\\\/\\\/www.instagram.com\\\/informelitoral\\\/\",\"https:\\\/\\\/www.youtube.com\\\/channel\\\/UCua4Qvz8Icb6MYqhoq9xLXw\"]},{\"@type\":\"Person\",\"@id\":\"https:\\\/\\\/informelitoral.com.ar\\\/#\\\/schema\\\/person\\\/b9d00407c836482871ef1d57bf8e3180\",\"name\":\"Gonzalo Schmidt\",\"image\":{\"@type\":\"ImageObject\",\"inLanguage\":\"es\",\"@id\":\"https:\\\/\\\/secure.gravatar.com\\\/avatar\\\/31a1a7b66ff2de83bd0e9fd79d026630d2d99e55e8bfe501287647b4fd9743de?s=96&d=mm&r=g\",\"url\":\"https:\\\/\\\/secure.gravatar.com\\\/avatar\\\/31a1a7b66ff2de83bd0e9fd79d026630d2d99e55e8bfe501287647b4fd9743de?s=96&d=mm&r=g\",\"contentUrl\":\"https:\\\/\\\/secure.gravatar.com\\\/avatar\\\/31a1a7b66ff2de83bd0e9fd79d026630d2d99e55e8bfe501287647b4fd9743de?s=96&d=mm&r=g\",\"caption\":\"Gonzalo Schmidt\"},\"description\":\"Sitio web de noticias de la provincia de Entre R\u00edos, Argentina. Informaci\u00f3n y entretenimiento. Informe Litoral, nos informamos.\",\"sameAs\":[\"http:\\\/\\\/www.isletasnoticias.com.ar\"],\"url\":\"https:\\\/\\\/informelitoral.com.ar\\\/author\\\/gonzalo\\\/\"}]}<\/script>","yoast_head_json":{"title":"El juez de la causa por el temporal en La Plata admiti\u00f3 que hay 37 desaparecidos - Informe Litoral","robots":{"index":"index","follow":"follow","max-snippet":"max-snippet:-1","max-image-preview":"max-image-preview:large","max-video-preview":"max-video-preview:-1"},"canonical":"https:\/\/informelitoral.com.ar\/el-juez-de-la-causa-por-el-temporal-en-la-plata-admitio-que-hay-37-desaparecidos\/","og_locale":"es_ES","og_type":"article","og_title":"El juez de la causa por el temporal en La Plata admiti\u00f3 que hay 37 desaparecidos - Informe Litoral","og_description":"El magistrado Guillermo Atencio adelant&oacute; adem&aacute;s que pedir&aacute; la &laquo;inhibitoria&raquo; de Luis Arias, el otro letrado que est&aacute; indagando sobre la lista oficial de fallecidos que difundi&oacute; el Gobierno. En la causa hay 52 v&iacute;ctimas identificadas. &nbsp;La cantidad de v&iacute;ctimas fatales que dej&oacute; la tormenta que la semana pasadao azot&oacute; la ciudad de La Plata [&hellip;]","og_url":"https:\/\/informelitoral.com.ar\/el-juez-de-la-causa-por-el-temporal-en-la-plata-admitio-que-hay-37-desaparecidos\/","og_site_name":"Informe Litoral","article_publisher":"https:\/\/www.facebook.com\/informelitoral\/","article_published_time":"2013-04-10T16:17:48+00:00","og_image":[{"url":"http:\/\/www.infobae.com\/adjuntos\/jpg\/2013\/04\/600x0_650124.jpg","type":"","width":"","height":""}],"author":"Gonzalo Schmidt","twitter_card":"summary_large_image","twitter_creator":"@InformeLitoral","twitter_site":"@InformeLitoral","twitter_misc":{"Escrito por":"Gonzalo Schmidt","Tiempo de lectura":"3 minutos"},"schema":{"@context":"https:\/\/schema.org","@graph":[{"@type":"Article","@id":"https:\/\/informelitoral.com.ar\/el-juez-de-la-causa-por-el-temporal-en-la-plata-admitio-que-hay-37-desaparecidos\/#article","isPartOf":{"@id":"https:\/\/informelitoral.com.ar\/el-juez-de-la-causa-por-el-temporal-en-la-plata-admitio-que-hay-37-desaparecidos\/"},"author":{"name":"Gonzalo Schmidt","@id":"https:\/\/informelitoral.com.ar\/#\/schema\/person\/b9d00407c836482871ef1d57bf8e3180"},"headline":"El juez de la causa por el temporal en La Plata admiti\u00f3 que hay 37 desaparecidos","datePublished":"2013-04-10T16:17:48+00:00","mainEntityOfPage":{"@id":"https:\/\/informelitoral.com.ar\/el-juez-de-la-causa-por-el-temporal-en-la-plata-admitio-que-hay-37-desaparecidos\/"},"wordCount":656,"commentCount":0,"publisher":{"@id":"https:\/\/informelitoral.com.ar\/#organization"},"image":{"@id":"https:\/\/informelitoral.com.ar\/el-juez-de-la-causa-por-el-temporal-en-la-plata-admitio-que-hay-37-desaparecidos\/#primaryimage"},"thumbnailUrl":"http:\/\/www.infobae.com\/adjuntos\/jpg\/2013\/04\/600x0_650124.jpg","articleSection":["Nacionales"],"inLanguage":"es","potentialAction":[{"@type":"CommentAction","name":"Comment","target":["https:\/\/informelitoral.com.ar\/el-juez-de-la-causa-por-el-temporal-en-la-plata-admitio-que-hay-37-desaparecidos\/#respond"]}]},{"@type":"WebPage","@id":"https:\/\/informelitoral.com.ar\/el-juez-de-la-causa-por-el-temporal-en-la-plata-admitio-que-hay-37-desaparecidos\/","url":"https:\/\/informelitoral.com.ar\/el-juez-de-la-causa-por-el-temporal-en-la-plata-admitio-que-hay-37-desaparecidos\/","name":"El juez de la causa por el temporal en La Plata admiti\u00f3 que hay 37 desaparecidos - Informe Litoral","isPartOf":{"@id":"https:\/\/informelitoral.com.ar\/#website"},"primaryImageOfPage":{"@id":"https:\/\/informelitoral.com.ar\/el-juez-de-la-causa-por-el-temporal-en-la-plata-admitio-que-hay-37-desaparecidos\/#primaryimage"},"image":{"@id":"https:\/\/informelitoral.com.ar\/el-juez-de-la-causa-por-el-temporal-en-la-plata-admitio-que-hay-37-desaparecidos\/#primaryimage"},"thumbnailUrl":"http:\/\/www.infobae.com\/adjuntos\/jpg\/2013\/04\/600x0_650124.jpg","datePublished":"2013-04-10T16:17:48+00:00","breadcrumb":{"@id":"https:\/\/informelitoral.com.ar\/el-juez-de-la-causa-por-el-temporal-en-la-plata-admitio-que-hay-37-desaparecidos\/#breadcrumb"},"inLanguage":"es","potentialAction":[{"@type":"ReadAction","target":["https:\/\/informelitoral.com.ar\/el-juez-de-la-causa-por-el-temporal-en-la-plata-admitio-que-hay-37-desaparecidos\/"]}]},{"@type":"ImageObject","inLanguage":"es","@id":"https:\/\/informelitoral.com.ar\/el-juez-de-la-causa-por-el-temporal-en-la-plata-admitio-que-hay-37-desaparecidos\/#primaryimage","url":"http:\/\/www.infobae.com\/adjuntos\/jpg\/2013\/04\/600x0_650124.jpg","contentUrl":"http:\/\/www.infobae.com\/adjuntos\/jpg\/2013\/04\/600x0_650124.jpg"},{"@type":"BreadcrumbList","@id":"https:\/\/informelitoral.com.ar\/el-juez-de-la-causa-por-el-temporal-en-la-plata-admitio-que-hay-37-desaparecidos\/#breadcrumb","itemListElement":[{"@type":"ListItem","position":1,"name":"Portada","item":"https:\/\/informelitoral.com.ar\/"},{"@type":"ListItem","position":2,"name":"El juez de la causa por el temporal en La Plata admiti\u00f3 que hay 37 desaparecidos"}]},{"@type":"WebSite","@id":"https:\/\/informelitoral.com.ar\/#website","url":"https:\/\/informelitoral.com.ar\/","name":"Informe Litoral","description":"&quot;Nos informamos&quot; ","publisher":{"@id":"https:\/\/informelitoral.com.ar\/#organization"},"potentialAction":[{"@type":"SearchAction","target":{"@type":"EntryPoint","urlTemplate":"https:\/\/informelitoral.com.ar\/?s={search_term_string}"},"query-input":{"@type":"PropertyValueSpecification","valueRequired":true,"valueName":"search_term_string"}}],"inLanguage":"es"},{"@type":"Organization","@id":"https:\/\/informelitoral.com.ar\/#organization","name":"Informe Litoral","url":"https:\/\/informelitoral.com.ar\/","logo":{"@type":"ImageObject","inLanguage":"es","@id":"https:\/\/informelitoral.com.ar\/#\/schema\/logo\/image\/","url":"https:\/\/informelitoral.com.ar\/%77%70%2d%63%6f%6e%74%65%6e%74\/uploads\/2021\/01\/circulo.png","contentUrl":"https:\/\/informelitoral.com.ar\/%77%70%2d%63%6f%6e%74%65%6e%74\/uploads\/2021\/01\/circulo.png","width":723,"height":731,"caption":"Informe Litoral"},"image":{"@id":"https:\/\/informelitoral.com.ar\/#\/schema\/logo\/image\/"},"sameAs":["https:\/\/www.facebook.com\/informelitoral\/","https:\/\/x.com\/InformeLitoral","https:\/\/www.instagram.com\/informelitoral\/","https:\/\/www.youtube.com\/channel\/UCua4Qvz8Icb6MYqhoq9xLXw"]},{"@type":"Person","@id":"https:\/\/informelitoral.com.ar\/#\/schema\/person\/b9d00407c836482871ef1d57bf8e3180","name":"Gonzalo Schmidt","image":{"@type":"ImageObject","inLanguage":"es","@id":"https:\/\/secure.gravatar.com\/avatar\/31a1a7b66ff2de83bd0e9fd79d026630d2d99e55e8bfe501287647b4fd9743de?s=96&d=mm&r=g","url":"https:\/\/secure.gravatar.com\/avatar\/31a1a7b66ff2de83bd0e9fd79d026630d2d99e55e8bfe501287647b4fd9743de?s=96&d=mm&r=g","contentUrl":"https:\/\/secure.gravatar.com\/avatar\/31a1a7b66ff2de83bd0e9fd79d026630d2d99e55e8bfe501287647b4fd9743de?s=96&d=mm&r=g","caption":"Gonzalo Schmidt"},"description":"Sitio web de noticias de la provincia de Entre R\u00edos, Argentina. Informaci\u00f3n y entretenimiento. Informe Litoral, nos informamos.","sameAs":["http:\/\/www.isletasnoticias.com.ar"],"url":"https:\/\/informelitoral.com.ar\/author\/gonzalo\/"}]}},"_links":{"self":[{"href":"https:\/\/informelitoral.com.ar\/%77%70%2d%6a%73%6f%6e\/wp\/v2\/posts\/925","targetHints":{"allow":["GET"]}}],"collection":[{"href":"https:\/\/informelitoral.com.ar\/%77%70%2d%6a%73%6f%6e\/wp\/v2\/posts"}],"about":[{"href":"https:\/\/informelitoral.com.ar\/%77%70%2d%6a%73%6f%6e\/wp\/v2\/types\/post"}],"author":[{"embeddable":true,"href":"https:\/\/informelitoral.com.ar\/%77%70%2d%6a%73%6f%6e\/wp\/v2\/users\/2"}],"replies":[{"embeddable":true,"href":"https:\/\/informelitoral.com.ar\/%77%70%2d%6a%73%6f%6e\/wp\/v2\/comments?post=925"}],"version-history":[{"count":0,"href":"https:\/\/informelitoral.com.ar\/%77%70%2d%6a%73%6f%6e\/wp\/v2\/posts\/925\/revisions"}],"wp:attachment":[{"href":"https:\/\/informelitoral.com.ar\/%77%70%2d%6a%73%6f%6e\/wp\/v2\/media?parent=925"}],"wp:term":[{"taxonomy":"category","embeddable":true,"href":"https:\/\/informelitoral.com.ar\/%77%70%2d%6a%73%6f%6e\/wp\/v2\/categories?post=925"},{"taxonomy":"post_tag","embeddable":true,"href":"https:\/\/informelitoral.com.ar\/%77%70%2d%6a%73%6f%6e\/wp\/v2\/tags?post=925"}],"curies":[{"name":"wp","href":"https:\/\/api.w.org\/{rel}","templated":true}]}}