{"id":9248,"date":"2014-12-11T22:45:38","date_gmt":"2014-12-12T01:45:38","guid":{"rendered":"http:\/\/www.isletasnoticias.com.ar\/?p=9248"},"modified":"2014-12-11T22:45:38","modified_gmt":"2014-12-12T01:45:38","slug":"el-papa-francisco-advierte-que-se-esta-agotando-el-tiempo-para-salvar-el-planeta","status":"publish","type":"post","link":"https:\/\/informelitoral.com.ar\/el-papa-francisco-advierte-que-se-esta-agotando-el-tiempo-para-salvar-el-planeta\/","title":{"rendered":"El Papa Francisco advierte que \u00abse est\u00e1 agotando el tiempo\u00bb para salvar el planeta"},"content":{"rendered":"<p><strong>\u00abLas consecuencias de los cambios ambientales, que ya se sienten de modo dram\u00e1tico en muchos Estados, nos recuerdan la gravedad de la incuria y de la inacci\u00f3n. El tiempo para encontrar soluciones globales se est\u00e1 agotando\u00bb, afirm\u00f3.<a href=\"http:\/\/www.isletasnoticias.com.ar\/%77%70%2d%63%6f%6e%74%65%6e%74\/uploads\/2014\/12\/e_1415802565.jpg\"><img loading=\"lazy\" decoding=\"async\" class=\"aligncenter size-medium wp-image-9249\" src=\"http:\/\/www.isletasnoticias.com.ar\/%77%70%2d%63%6f%6e%74%65%6e%74\/uploads\/2014\/12\/e_1415802565-300x225.jpg\" alt=\"e_1415802565\" width=\"300\" height=\"225\" srcset=\"https:\/\/informelitoral.com.ar\/%77%70%2d%63%6f%6e%74%65%6e%74\/uploads\/2014\/12\/e_1415802565-300x225.jpg 300w, https:\/\/informelitoral.com.ar\/%77%70%2d%63%6f%6e%74%65%6e%74\/uploads\/2014\/12\/e_1415802565.jpg 432w\" sizes=\"auto, (max-width: 300px) 100vw, 300px\" \/><\/a><\/strong><\/p>\n<p>El papa Francisco advirti\u00f3 a la comunidad mundial reunida en Per\u00fa para la conferencia de la ONU sobre el clima, que \u00abse est\u00e1 agotando el tiempo\u00bb para salvar el planeta, ante el grave fen\u00f3meno del calentamiento global.<\/p>\n<p>\u00abLas consecuencias de los cambios ambientales, que ya se sienten de modo dram\u00e1tico en muchos Estados, sobre todo los insulares del Pac\u00edfico, nos recuerdan la gravedad de la incuria y de la inacci\u00f3n. El tiempo para encontrar soluciones globales se est\u00e1 agotando\u00bb, escribi\u00f3 el papa en un mensaje enviado al ministro de Ambiente de Per\u00fa, Manuel Pulgar Vidal, con ocasi\u00f3n de la conferencia de la ONU sobre el cambio clim\u00e1tico, que se concluye el 12 de diciembre en Lima.<\/p>\n<p>\u00abSolamente podemos hallar soluciones adecuadas si actuamos juntos\u00bb, estima el papa. \u00abExiste, por tanto, un claro, definitivo e impostergable imperativo \u00e9tico de actuar\u00bb, recalca en su mensaje, divulgado por la oficina de prensa del Vaticano.<\/p>\n<p>La defensa de la Tierra, la protecci\u00f3n del medio ambiente, el respeto de la naturaleza son temas que el argentino Francisco aborda con frecuencia en p\u00fablico ya que est\u00e1 preparando una enc\u00edclica sobre el tema.<\/p>\n<p>\u00abHay que cuidar la tierra para evitar su autodestrucci\u00f3n\u00bb, rog\u00f3 en noviembre pasado a la comunidad internacional que asist\u00eda en Roma a la Segunda Conferencia sobre Nutrici\u00f3n de la FAO.<\/p>\n<p>\u00abLa lucha eficaz contra el calentamiento global ser\u00e1 posible \u00fanicamente con una responsable respuesta colectiva, que supere intereses y comportamientos particulares y se desarrolle libre de presiones pol\u00edticas y econ\u00f3micas\u00bb, agreg\u00f3 en su misiva.<\/p>\n<p>Francisco, el primer papa de la historia que proviene de Am\u00e9rica Latina, pidi\u00f3 \u00abuna respuesta colectiva que sea tambi\u00e9n capaz de superar actitudes de desconfianza\u00bb.<\/p>\n<p>Igualmente inst\u00f3 a \u00abpromover una cultura de la solidaridad, del encuentro y el di\u00e1logo; capaz de mostrar la responsabilidad de proteger el planeta y la familia humana\u00bb, sostiene.<\/p>\n<p>En coincidencia con el mensaje enviado a Lima, el papa lanz\u00f3 un tuit en el que asegura que \u00abla cuesti\u00f3n ecol\u00f3gica es vital para la supervivencia del hombre y tiene una dimensi\u00f3n moral que ata\u00f1e a todos\u00bb.<\/p>\n<p>A los delegados de 195 pa\u00edses reunidos desde hace casi dos semanas, quienes enfrentan una creciente presi\u00f3n para acordar un texto que indique de qu\u00e9 manera disminuir\u00e1n las emisiones de carbono y c\u00f3mo se financiar\u00e1 a las naciones pobres impactadas por el cambio clim\u00e1tico, el pont\u00edfice pide que dialoguen en un clima de justicia y equidad.<\/p>\n<p>\u00abDeseo de coraz\u00f3n que en la Conferencia de Lima, as\u00ed como en los encuentros sucesivos, que ser\u00e1n decisivos para las negociaciones sobre el clima, se d\u00e9 un di\u00e1logo impregnado de esta cultura y de los valores que la sustentan: justicia, respeto y equidad\u00bb, resumi\u00f3.<\/p>\n<p>El pacto mundial debe ser aprobado en diciembre de 2015 en una conferencia en Par\u00eds, para que entre en vigor a partir de 2020.<\/p>\n","protected":false},"excerpt":{"rendered":"<p>&laquo;Las consecuencias de los cambios ambientales, que ya se sienten de modo dram&aacute;tico en muchos Estados, nos recuerdan la gravedad de la incuria y de la inacci&oacute;n. El tiempo para encontrar soluciones globales se est&aacute; agotando&raquo;, afirm&oacute;. El papa Francisco advirti&oacute; a la comunidad mundial reunida en Per&uacute; para la conferencia de la ONU sobre [&hellip;]<\/p>\n","protected":false},"author":2,"featured_media":0,"comment_status":"open","ping_status":"open","sticky":false,"template":"","format":"standard","meta":{"fifu_image_url":"","fifu_image_alt":"","footnotes":""},"categories":[8],"tags":[],"class_list":{"0":"post-9248","1":"post","2":"type-post","3":"status-publish","4":"format-standard","6":"category-internacionales"},"yoast_head":"<title>El Papa Francisco advierte que &quot;se est\u00e1 agotando el tiempo&quot; para salvar el planeta - Informe Litoral<\/title>\n<meta name=\"robots\" content=\"index, follow, max-snippet:-1, max-image-preview:large, max-video-preview:-1\" \/>\n<link rel=\"canonical\" href=\"https:\/\/informelitoral.com.ar\/el-papa-francisco-advierte-que-se-esta-agotando-el-tiempo-para-salvar-el-planeta\/\" \/>\n<meta property=\"og:locale\" content=\"es_ES\" \/>\n<meta property=\"og:type\" content=\"article\" \/>\n<meta property=\"og:title\" content=\"El Papa Francisco advierte que &quot;se est\u00e1 agotando el tiempo&quot; para salvar el planeta - Informe Litoral\" \/>\n<meta property=\"og:description\" content=\"&laquo;Las consecuencias de los cambios ambientales, que ya se sienten de modo dram&aacute;tico en muchos Estados, nos recuerdan la gravedad de la incuria y de la inacci&oacute;n. El tiempo para encontrar soluciones globales se est&aacute; agotando&raquo;, afirm&oacute;. El papa Francisco advirti&oacute; a la comunidad mundial reunida en Per&uacute; para la conferencia de la ONU sobre [&hellip;]\" \/>\n<meta property=\"og:url\" content=\"https:\/\/informelitoral.com.ar\/el-papa-francisco-advierte-que-se-esta-agotando-el-tiempo-para-salvar-el-planeta\/\" \/>\n<meta property=\"og:site_name\" content=\"Informe Litoral\" \/>\n<meta property=\"article:publisher\" content=\"https:\/\/www.facebook.com\/informelitoral\/\" \/>\n<meta property=\"article:published_time\" content=\"2014-12-12T01:45:38+00:00\" \/>\n<meta property=\"og:image\" content=\"https:\/\/informelitoral.com.ar\/%77%70%2d%63%6f%6e%74%65%6e%74\/uploads\/2014\/12\/e_1415802565.jpg\" \/>\n\t<meta property=\"og:image:width\" content=\"432\" \/>\n\t<meta property=\"og:image:height\" content=\"324\" \/>\n\t<meta property=\"og:image:type\" content=\"image\/jpeg\" \/>\n<meta name=\"author\" content=\"Gonzalo Schmidt\" \/>\n<meta name=\"twitter:card\" content=\"summary_large_image\" \/>\n<meta name=\"twitter:creator\" content=\"@InformeLitoral\" \/>\n<meta name=\"twitter:site\" content=\"@InformeLitoral\" \/>\n<meta name=\"twitter:label1\" content=\"Escrito por\" \/>\n\t<meta name=\"twitter:data1\" content=\"Gonzalo Schmidt\" \/>\n\t<meta name=\"twitter:label2\" content=\"Tiempo de lectura\" \/>\n\t<meta name=\"twitter:data2\" content=\"3 minutos\" \/>\n<script type=\"application\/ld+json\" class=\"yoast-schema-graph\">{\"@context\":\"https:\\\/\\\/schema.org\",\"@graph\":[{\"@type\":\"Article\",\"@id\":\"https:\\\/\\\/informelitoral.com.ar\\\/el-papa-francisco-advierte-que-se-esta-agotando-el-tiempo-para-salvar-el-planeta\\\/#article\",\"isPartOf\":{\"@id\":\"https:\\\/\\\/informelitoral.com.ar\\\/el-papa-francisco-advierte-que-se-esta-agotando-el-tiempo-para-salvar-el-planeta\\\/\"},\"author\":{\"name\":\"Gonzalo Schmidt\",\"@id\":\"https:\\\/\\\/informelitoral.com.ar\\\/#\\\/schema\\\/person\\\/b9d00407c836482871ef1d57bf8e3180\"},\"headline\":\"El Papa Francisco advierte que \u00abse est\u00e1 agotando el tiempo\u00bb para salvar el planeta\",\"datePublished\":\"2014-12-12T01:45:38+00:00\",\"mainEntityOfPage\":{\"@id\":\"https:\\\/\\\/informelitoral.com.ar\\\/el-papa-francisco-advierte-que-se-esta-agotando-el-tiempo-para-salvar-el-planeta\\\/\"},\"wordCount\":544,\"commentCount\":0,\"publisher\":{\"@id\":\"https:\\\/\\\/informelitoral.com.ar\\\/#organization\"},\"image\":{\"@id\":\"https:\\\/\\\/informelitoral.com.ar\\\/el-papa-francisco-advierte-que-se-esta-agotando-el-tiempo-para-salvar-el-planeta\\\/#primaryimage\"},\"thumbnailUrl\":\"http:\\\/\\\/www.isletasnoticias.com.ar\\\/%77%70%2d%63%6f%6e%74%65%6e%74\\\/uploads\\\/2014\\\/12\\\/e_1415802565-300x225.jpg\",\"articleSection\":[\"Internacionales\"],\"inLanguage\":\"es\",\"potentialAction\":[{\"@type\":\"CommentAction\",\"name\":\"Comment\",\"target\":[\"https:\\\/\\\/informelitoral.com.ar\\\/el-papa-francisco-advierte-que-se-esta-agotando-el-tiempo-para-salvar-el-planeta\\\/#respond\"]}]},{\"@type\":\"WebPage\",\"@id\":\"https:\\\/\\\/informelitoral.com.ar\\\/el-papa-francisco-advierte-que-se-esta-agotando-el-tiempo-para-salvar-el-planeta\\\/\",\"url\":\"https:\\\/\\\/informelitoral.com.ar\\\/el-papa-francisco-advierte-que-se-esta-agotando-el-tiempo-para-salvar-el-planeta\\\/\",\"name\":\"El Papa Francisco advierte que \\\"se est\u00e1 agotando el tiempo\\\" para salvar el planeta - Informe Litoral\",\"isPartOf\":{\"@id\":\"https:\\\/\\\/informelitoral.com.ar\\\/#website\"},\"primaryImageOfPage\":{\"@id\":\"https:\\\/\\\/informelitoral.com.ar\\\/el-papa-francisco-advierte-que-se-esta-agotando-el-tiempo-para-salvar-el-planeta\\\/#primaryimage\"},\"image\":{\"@id\":\"https:\\\/\\\/informelitoral.com.ar\\\/el-papa-francisco-advierte-que-se-esta-agotando-el-tiempo-para-salvar-el-planeta\\\/#primaryimage\"},\"thumbnailUrl\":\"http:\\\/\\\/www.isletasnoticias.com.ar\\\/%77%70%2d%63%6f%6e%74%65%6e%74\\\/uploads\\\/2014\\\/12\\\/e_1415802565-300x225.jpg\",\"datePublished\":\"2014-12-12T01:45:38+00:00\",\"breadcrumb\":{\"@id\":\"https:\\\/\\\/informelitoral.com.ar\\\/el-papa-francisco-advierte-que-se-esta-agotando-el-tiempo-para-salvar-el-planeta\\\/#breadcrumb\"},\"inLanguage\":\"es\",\"potentialAction\":[{\"@type\":\"ReadAction\",\"target\":[\"https:\\\/\\\/informelitoral.com.ar\\\/el-papa-francisco-advierte-que-se-esta-agotando-el-tiempo-para-salvar-el-planeta\\\/\"]}]},{\"@type\":\"ImageObject\",\"inLanguage\":\"es\",\"@id\":\"https:\\\/\\\/informelitoral.com.ar\\\/el-papa-francisco-advierte-que-se-esta-agotando-el-tiempo-para-salvar-el-planeta\\\/#primaryimage\",\"url\":\"http:\\\/\\\/www.isletasnoticias.com.ar\\\/%77%70%2d%63%6f%6e%74%65%6e%74\\\/uploads\\\/2014\\\/12\\\/e_1415802565-300x225.jpg\",\"contentUrl\":\"http:\\\/\\\/www.isletasnoticias.com.ar\\\/%77%70%2d%63%6f%6e%74%65%6e%74\\\/uploads\\\/2014\\\/12\\\/e_1415802565-300x225.jpg\"},{\"@type\":\"BreadcrumbList\",\"@id\":\"https:\\\/\\\/informelitoral.com.ar\\\/el-papa-francisco-advierte-que-se-esta-agotando-el-tiempo-para-salvar-el-planeta\\\/#breadcrumb\",\"itemListElement\":[{\"@type\":\"ListItem\",\"position\":1,\"name\":\"Portada\",\"item\":\"https:\\\/\\\/informelitoral.com.ar\\\/\"},{\"@type\":\"ListItem\",\"position\":2,\"name\":\"El Papa Francisco advierte que \u00abse est\u00e1 agotando el tiempo\u00bb para salvar el planeta\"}]},{\"@type\":\"WebSite\",\"@id\":\"https:\\\/\\\/informelitoral.com.ar\\\/#website\",\"url\":\"https:\\\/\\\/informelitoral.com.ar\\\/\",\"name\":\"Informe Litoral\",\"description\":\"&quot;Nos informamos&quot; \",\"publisher\":{\"@id\":\"https:\\\/\\\/informelitoral.com.ar\\\/#organization\"},\"potentialAction\":[{\"@type\":\"SearchAction\",\"target\":{\"@type\":\"EntryPoint\",\"urlTemplate\":\"https:\\\/\\\/informelitoral.com.ar\\\/?s={search_term_string}\"},\"query-input\":{\"@type\":\"PropertyValueSpecification\",\"valueRequired\":true,\"valueName\":\"search_term_string\"}}],\"inLanguage\":\"es\"},{\"@type\":\"Organization\",\"@id\":\"https:\\\/\\\/informelitoral.com.ar\\\/#organization\",\"name\":\"Informe Litoral\",\"url\":\"https:\\\/\\\/informelitoral.com.ar\\\/\",\"logo\":{\"@type\":\"ImageObject\",\"inLanguage\":\"es\",\"@id\":\"https:\\\/\\\/informelitoral.com.ar\\\/#\\\/schema\\\/logo\\\/image\\\/\",\"url\":\"https:\\\/\\\/informelitoral.com.ar\\\/%77%70%2d%63%6f%6e%74%65%6e%74\\\/uploads\\\/2021\\\/01\\\/circulo.png\",\"contentUrl\":\"https:\\\/\\\/informelitoral.com.ar\\\/%77%70%2d%63%6f%6e%74%65%6e%74\\\/uploads\\\/2021\\\/01\\\/circulo.png\",\"width\":723,\"height\":731,\"caption\":\"Informe Litoral\"},\"image\":{\"@id\":\"https:\\\/\\\/informelitoral.com.ar\\\/#\\\/schema\\\/logo\\\/image\\\/\"},\"sameAs\":[\"https:\\\/\\\/www.facebook.com\\\/informelitoral\\\/\",\"https:\\\/\\\/x.com\\\/InformeLitoral\",\"https:\\\/\\\/www.instagram.com\\\/informelitoral\\\/\",\"https:\\\/\\\/www.youtube.com\\\/channel\\\/UCua4Qvz8Icb6MYqhoq9xLXw\"]},{\"@type\":\"Person\",\"@id\":\"https:\\\/\\\/informelitoral.com.ar\\\/#\\\/schema\\\/person\\\/b9d00407c836482871ef1d57bf8e3180\",\"name\":\"Gonzalo Schmidt\",\"image\":{\"@type\":\"ImageObject\",\"inLanguage\":\"es\",\"@id\":\"https:\\\/\\\/secure.gravatar.com\\\/avatar\\\/31a1a7b66ff2de83bd0e9fd79d026630d2d99e55e8bfe501287647b4fd9743de?s=96&d=mm&r=g\",\"url\":\"https:\\\/\\\/secure.gravatar.com\\\/avatar\\\/31a1a7b66ff2de83bd0e9fd79d026630d2d99e55e8bfe501287647b4fd9743de?s=96&d=mm&r=g\",\"contentUrl\":\"https:\\\/\\\/secure.gravatar.com\\\/avatar\\\/31a1a7b66ff2de83bd0e9fd79d026630d2d99e55e8bfe501287647b4fd9743de?s=96&d=mm&r=g\",\"caption\":\"Gonzalo Schmidt\"},\"description\":\"Sitio web de noticias de la provincia de Entre R\u00edos, Argentina. Informaci\u00f3n y entretenimiento. Informe Litoral, nos informamos.\",\"sameAs\":[\"http:\\\/\\\/www.isletasnoticias.com.ar\"],\"url\":\"https:\\\/\\\/informelitoral.com.ar\\\/author\\\/gonzalo\\\/\"}]}<\/script>","yoast_head_json":{"title":"El Papa Francisco advierte que \"se est\u00e1 agotando el tiempo\" para salvar el planeta - Informe Litoral","robots":{"index":"index","follow":"follow","max-snippet":"max-snippet:-1","max-image-preview":"max-image-preview:large","max-video-preview":"max-video-preview:-1"},"canonical":"https:\/\/informelitoral.com.ar\/el-papa-francisco-advierte-que-se-esta-agotando-el-tiempo-para-salvar-el-planeta\/","og_locale":"es_ES","og_type":"article","og_title":"El Papa Francisco advierte que \"se est\u00e1 agotando el tiempo\" para salvar el planeta - Informe Litoral","og_description":"&laquo;Las consecuencias de los cambios ambientales, que ya se sienten de modo dram&aacute;tico en muchos Estados, nos recuerdan la gravedad de la incuria y de la inacci&oacute;n. El tiempo para encontrar soluciones globales se est&aacute; agotando&raquo;, afirm&oacute;. El papa Francisco advirti&oacute; a la comunidad mundial reunida en Per&uacute; para la conferencia de la ONU sobre [&hellip;]","og_url":"https:\/\/informelitoral.com.ar\/el-papa-francisco-advierte-que-se-esta-agotando-el-tiempo-para-salvar-el-planeta\/","og_site_name":"Informe Litoral","article_publisher":"https:\/\/www.facebook.com\/informelitoral\/","article_published_time":"2014-12-12T01:45:38+00:00","og_image":[{"width":432,"height":324,"url":"https:\/\/informelitoral.com.ar\/%77%70%2d%63%6f%6e%74%65%6e%74\/uploads\/2014\/12\/e_1415802565.jpg","type":"image\/jpeg"}],"author":"Gonzalo Schmidt","twitter_card":"summary_large_image","twitter_creator":"@InformeLitoral","twitter_site":"@InformeLitoral","twitter_misc":{"Escrito por":"Gonzalo Schmidt","Tiempo de lectura":"3 minutos"},"schema":{"@context":"https:\/\/schema.org","@graph":[{"@type":"Article","@id":"https:\/\/informelitoral.com.ar\/el-papa-francisco-advierte-que-se-esta-agotando-el-tiempo-para-salvar-el-planeta\/#article","isPartOf":{"@id":"https:\/\/informelitoral.com.ar\/el-papa-francisco-advierte-que-se-esta-agotando-el-tiempo-para-salvar-el-planeta\/"},"author":{"name":"Gonzalo Schmidt","@id":"https:\/\/informelitoral.com.ar\/#\/schema\/person\/b9d00407c836482871ef1d57bf8e3180"},"headline":"El Papa Francisco advierte que \u00abse est\u00e1 agotando el tiempo\u00bb para salvar el planeta","datePublished":"2014-12-12T01:45:38+00:00","mainEntityOfPage":{"@id":"https:\/\/informelitoral.com.ar\/el-papa-francisco-advierte-que-se-esta-agotando-el-tiempo-para-salvar-el-planeta\/"},"wordCount":544,"commentCount":0,"publisher":{"@id":"https:\/\/informelitoral.com.ar\/#organization"},"image":{"@id":"https:\/\/informelitoral.com.ar\/el-papa-francisco-advierte-que-se-esta-agotando-el-tiempo-para-salvar-el-planeta\/#primaryimage"},"thumbnailUrl":"http:\/\/www.isletasnoticias.com.ar\/%77%70%2d%63%6f%6e%74%65%6e%74\/uploads\/2014\/12\/e_1415802565-300x225.jpg","articleSection":["Internacionales"],"inLanguage":"es","potentialAction":[{"@type":"CommentAction","name":"Comment","target":["https:\/\/informelitoral.com.ar\/el-papa-francisco-advierte-que-se-esta-agotando-el-tiempo-para-salvar-el-planeta\/#respond"]}]},{"@type":"WebPage","@id":"https:\/\/informelitoral.com.ar\/el-papa-francisco-advierte-que-se-esta-agotando-el-tiempo-para-salvar-el-planeta\/","url":"https:\/\/informelitoral.com.ar\/el-papa-francisco-advierte-que-se-esta-agotando-el-tiempo-para-salvar-el-planeta\/","name":"El Papa Francisco advierte que \"se est\u00e1 agotando el tiempo\" para salvar el planeta - Informe Litoral","isPartOf":{"@id":"https:\/\/informelitoral.com.ar\/#website"},"primaryImageOfPage":{"@id":"https:\/\/informelitoral.com.ar\/el-papa-francisco-advierte-que-se-esta-agotando-el-tiempo-para-salvar-el-planeta\/#primaryimage"},"image":{"@id":"https:\/\/informelitoral.com.ar\/el-papa-francisco-advierte-que-se-esta-agotando-el-tiempo-para-salvar-el-planeta\/#primaryimage"},"thumbnailUrl":"http:\/\/www.isletasnoticias.com.ar\/%77%70%2d%63%6f%6e%74%65%6e%74\/uploads\/2014\/12\/e_1415802565-300x225.jpg","datePublished":"2014-12-12T01:45:38+00:00","breadcrumb":{"@id":"https:\/\/informelitoral.com.ar\/el-papa-francisco-advierte-que-se-esta-agotando-el-tiempo-para-salvar-el-planeta\/#breadcrumb"},"inLanguage":"es","potentialAction":[{"@type":"ReadAction","target":["https:\/\/informelitoral.com.ar\/el-papa-francisco-advierte-que-se-esta-agotando-el-tiempo-para-salvar-el-planeta\/"]}]},{"@type":"ImageObject","inLanguage":"es","@id":"https:\/\/informelitoral.com.ar\/el-papa-francisco-advierte-que-se-esta-agotando-el-tiempo-para-salvar-el-planeta\/#primaryimage","url":"http:\/\/www.isletasnoticias.com.ar\/%77%70%2d%63%6f%6e%74%65%6e%74\/uploads\/2014\/12\/e_1415802565-300x225.jpg","contentUrl":"http:\/\/www.isletasnoticias.com.ar\/%77%70%2d%63%6f%6e%74%65%6e%74\/uploads\/2014\/12\/e_1415802565-300x225.jpg"},{"@type":"BreadcrumbList","@id":"https:\/\/informelitoral.com.ar\/el-papa-francisco-advierte-que-se-esta-agotando-el-tiempo-para-salvar-el-planeta\/#breadcrumb","itemListElement":[{"@type":"ListItem","position":1,"name":"Portada","item":"https:\/\/informelitoral.com.ar\/"},{"@type":"ListItem","position":2,"name":"El Papa Francisco advierte que \u00abse est\u00e1 agotando el tiempo\u00bb para salvar el planeta"}]},{"@type":"WebSite","@id":"https:\/\/informelitoral.com.ar\/#website","url":"https:\/\/informelitoral.com.ar\/","name":"Informe Litoral","description":"&quot;Nos informamos&quot; ","publisher":{"@id":"https:\/\/informelitoral.com.ar\/#organization"},"potentialAction":[{"@type":"SearchAction","target":{"@type":"EntryPoint","urlTemplate":"https:\/\/informelitoral.com.ar\/?s={search_term_string}"},"query-input":{"@type":"PropertyValueSpecification","valueRequired":true,"valueName":"search_term_string"}}],"inLanguage":"es"},{"@type":"Organization","@id":"https:\/\/informelitoral.com.ar\/#organization","name":"Informe Litoral","url":"https:\/\/informelitoral.com.ar\/","logo":{"@type":"ImageObject","inLanguage":"es","@id":"https:\/\/informelitoral.com.ar\/#\/schema\/logo\/image\/","url":"https:\/\/informelitoral.com.ar\/%77%70%2d%63%6f%6e%74%65%6e%74\/uploads\/2021\/01\/circulo.png","contentUrl":"https:\/\/informelitoral.com.ar\/%77%70%2d%63%6f%6e%74%65%6e%74\/uploads\/2021\/01\/circulo.png","width":723,"height":731,"caption":"Informe Litoral"},"image":{"@id":"https:\/\/informelitoral.com.ar\/#\/schema\/logo\/image\/"},"sameAs":["https:\/\/www.facebook.com\/informelitoral\/","https:\/\/x.com\/InformeLitoral","https:\/\/www.instagram.com\/informelitoral\/","https:\/\/www.youtube.com\/channel\/UCua4Qvz8Icb6MYqhoq9xLXw"]},{"@type":"Person","@id":"https:\/\/informelitoral.com.ar\/#\/schema\/person\/b9d00407c836482871ef1d57bf8e3180","name":"Gonzalo Schmidt","image":{"@type":"ImageObject","inLanguage":"es","@id":"https:\/\/secure.gravatar.com\/avatar\/31a1a7b66ff2de83bd0e9fd79d026630d2d99e55e8bfe501287647b4fd9743de?s=96&d=mm&r=g","url":"https:\/\/secure.gravatar.com\/avatar\/31a1a7b66ff2de83bd0e9fd79d026630d2d99e55e8bfe501287647b4fd9743de?s=96&d=mm&r=g","contentUrl":"https:\/\/secure.gravatar.com\/avatar\/31a1a7b66ff2de83bd0e9fd79d026630d2d99e55e8bfe501287647b4fd9743de?s=96&d=mm&r=g","caption":"Gonzalo Schmidt"},"description":"Sitio web de noticias de la provincia de Entre R\u00edos, Argentina. Informaci\u00f3n y entretenimiento. Informe Litoral, nos informamos.","sameAs":["http:\/\/www.isletasnoticias.com.ar"],"url":"https:\/\/informelitoral.com.ar\/author\/gonzalo\/"}]}},"_links":{"self":[{"href":"https:\/\/informelitoral.com.ar\/%77%70%2d%6a%73%6f%6e\/wp\/v2\/posts\/9248","targetHints":{"allow":["GET"]}}],"collection":[{"href":"https:\/\/informelitoral.com.ar\/%77%70%2d%6a%73%6f%6e\/wp\/v2\/posts"}],"about":[{"href":"https:\/\/informelitoral.com.ar\/%77%70%2d%6a%73%6f%6e\/wp\/v2\/types\/post"}],"author":[{"embeddable":true,"href":"https:\/\/informelitoral.com.ar\/%77%70%2d%6a%73%6f%6e\/wp\/v2\/users\/2"}],"replies":[{"embeddable":true,"href":"https:\/\/informelitoral.com.ar\/%77%70%2d%6a%73%6f%6e\/wp\/v2\/comments?post=9248"}],"version-history":[{"count":0,"href":"https:\/\/informelitoral.com.ar\/%77%70%2d%6a%73%6f%6e\/wp\/v2\/posts\/9248\/revisions"}],"wp:attachment":[{"href":"https:\/\/informelitoral.com.ar\/%77%70%2d%6a%73%6f%6e\/wp\/v2\/media?parent=9248"}],"wp:term":[{"taxonomy":"category","embeddable":true,"href":"https:\/\/informelitoral.com.ar\/%77%70%2d%6a%73%6f%6e\/wp\/v2\/categories?post=9248"},{"taxonomy":"post_tag","embeddable":true,"href":"https:\/\/informelitoral.com.ar\/%77%70%2d%6a%73%6f%6e\/wp\/v2\/tags?post=9248"}],"curies":[{"name":"wp","href":"https:\/\/api.w.org\/{rel}","templated":true}]}}