{"id":9235,"date":"2014-12-10T09:21:38","date_gmt":"2014-12-10T12:21:38","guid":{"rendered":"http:\/\/www.isletasnoticias.com.ar\/?p=9235"},"modified":"2014-12-10T09:21:38","modified_gmt":"2014-12-10T12:21:38","slug":"urribarri-entrego-herramientas-y-certificados-del-crecer-a-jovenes-entrerrianos","status":"publish","type":"post","link":"https:\/\/informelitoral.com.ar\/urribarri-entrego-herramientas-y-certificados-del-crecer-a-jovenes-entrerrianos\/","title":{"rendered":"Urribarri entreg\u00f3 herramientas y certificados del Crecer a j\u00f3venes entrerrianos"},"content":{"rendered":"<p><strong>En el marco del programa Crecer, el gobernador Sergio Urribarri entreg\u00f3 este martes herramientas y certificados a j\u00f3venes entrerrianos. En esta oportunidad, se entregaron 2.500 m\u00e1quinas o herramientas, de las cuales 2.200 son para los casi 800 chicos de Paran\u00e1 y 300 para un centenar de capacitados de Concordia. El mandatario entrerriano dijo que \u201cen el primer trimestre del a\u00f1o que viene tenemos que implementar Crecer con 2.000 j\u00f3venes entrerrianos beneficiarios, pasar de 1.000 a 2.000\u201d .<a href=\"http:\/\/www.isletasnoticias.com.ar\/%77%70%2d%63%6f%6e%74%65%6e%74\/uploads\/2014\/12\/b_1418165249.jpg\"><img loading=\"lazy\" decoding=\"async\" class=\"aligncenter size-medium wp-image-9236\" src=\"http:\/\/www.isletasnoticias.com.ar\/%77%70%2d%63%6f%6e%74%65%6e%74\/uploads\/2014\/12\/b_1418165249-300x198.jpg\" alt=\"b_1418165249\" width=\"300\" height=\"198\" srcset=\"https:\/\/informelitoral.com.ar\/%77%70%2d%63%6f%6e%74%65%6e%74\/uploads\/2014\/12\/b_1418165249-300x198.jpg 300w, https:\/\/informelitoral.com.ar\/%77%70%2d%63%6f%6e%74%65%6e%74\/uploads\/2014\/12\/b_1418165249.jpg 492w\" sizes=\"auto, (max-width: 300px) 100vw, 300px\" \/><\/a><\/strong><\/p>\n<p>Al hacer uso de la palabra, el mandatario dijo que \u201cver que cientos de j\u00f3venes con sus ganas de progresar y su empe\u00f1o, que nos han ido contando sus experiencias, muestran que esta Argentina tiene hoy un tejido social distinto\u201d. Destac\u00f3 \u201clo que hicimos estos a\u00f1os en bien de 12 millones de argentinos que estaban en el fondo del pozo\u201d.<\/p>\n<p>\u201cYo no tengo dudas que los cientos de j\u00f3venes que est\u00e1n aqu\u00ed, miles de j\u00f3venes entrerrianos, millones de argentinos nos sentimos orgullosos de vivir en el pa\u00eds que vivimos\u201d, indic\u00f3. \u201cEsta es la Entre R\u00edos que construimos entre todos y es lo que m\u00e1s me enorgullece\u201d, destac\u00f3 para agregar que \u201clos entrerrianos debemos sentirnos orgullosos de lo que hacemos. Ac\u00e1 en Entre R\u00edos, por el trabajo del peronismo, radicales, vecinalistas, hoy tenemos una provincia que nos hace sentir muy orgullosos\u201d, asegur\u00f3.<\/p>\n<p><b>Orgullo<\/b><\/p>\n<p>Por su parte, el ministro de Desarrollo Social, dijo que \u201ccomo gobierno provincial, nos sentimos orgullosos de cada uno de ustedes que dejaron de golpear las puertas pidiendo s\u00f3lo una ayuda, para pedir una oportunidad y que decidieron levantarse todos los d\u00edas para poderse capacitar\u201d.<\/p>\n<p>Adem\u00e1s indic\u00f3 que estos \u201cno son sue\u00f1os vagos sino sue\u00f1os que se cumplen, y hay un gran hacedor de sue\u00f1os que es nuestro gobernador quien hace que se concreten en cada uno de nosotros. Por eso vamos a aprovechar a contarle a todo el pa\u00eds -a pocos d\u00edas donde van a venir presidentes de todos los pa\u00edses- qui\u00e9n es Sergio Urribarri, cu\u00e1les son nuestros sue\u00f1os y de qu\u00e9 manera se pueden cumplir, porque estamos hablando, nada m\u00e1s y nada menos, que del pr\u00f3ximo presidente de los argentinos: Sergio Urribarri\u201d.<\/p>\n<p><b>Testimonios<\/b><\/p>\n<p>Mariela, una de las beneficiadas expres\u00f3: \u201cQuiero dar las gracias al gobernador porque dio una oportunidad a estos paranaenses y concordienses, para tener nuestro propio emprendimiento, y gracias a \u00e9l vamos a dar un gran paso. Es un sue\u00f1o que empez\u00f3 hace cuatro meses, haciendo cola como lo dijo el ministro, y hoy ya nos estamos recibiendo, nos est\u00e1n dando nuestras herramientas y diploma\u201d.<\/p>\n<p>D\u00e9bora, de Concordia, tambi\u00e9n manifest\u00f3 su agradecimiento \u201ca las autoridades que le dieron esta oportunidad, y que les permite salir adelante\u201d. A\u00f1adi\u00f3 que fue una experiencia \u201cmuy linda, pas\u00f3 muy r\u00e1pido y los vamos a extra\u00f1ar\u201d.<\/p>\n<p>De igual manera, Guido coment\u00f3 que es \u201cuna oportunidad para tener las herramientas para que podamos iniciar nuestro emprendimiento, que es un pasito para que podamos salir adelante, por lo que le doy las muchas gracias a nuestros capacitadores y autoridades presentes\u201d.<\/p>\n<p><b>El programa<\/b><\/p>\n<p>Desde el mes de agosto el Ministerio de Desarrollo Social implementa el Programa Crecer en la ciudad de Paran\u00e1 y Concordia. M\u00e1s de 1000 j\u00f3venes fueron seleccionados para formar parte del mismo, de los cuales 900 han cumplimentado con las asistencias a las capacitaciones y el armado del proyecto personal sustentable.<\/p>\n<p>En esta oportunidad, son 800 j\u00f3venes de la ciudad de Paran\u00e1 y 100 de Concordia los que cumplieron con los talleres y capacitaciones obligatorias y los que presentaron proyectos sustentables para el desarrollo laboral.<\/p>\n<p>El programa, destinado a j\u00f3venes de entre 18 y 35 a\u00f1os, en situaci\u00f3n de vulnerabilidad social, que no cuenten con empleo formal, tiene como objetivo desarrollar y capitalizar oficios de j\u00f3venes entrerrianos que les permita emprender proyectos laborales.<\/p>\n<p>Luego de los cuatro meses de capacitaci\u00f3n, los j\u00f3venes que han aprobado con las exigencias del programa recibieron sus herramientas para llevar adelante el emprendimiento propuesto luego de haber aprobado el proyecto productivo planteado en el marco de las capacitaciones. Los proyectos presentados a partir de los emprendimientos personales se enmarcan en los rubros de gastronom\u00eda, refrigerio, construcci\u00f3n, carpinter\u00eda, imprenta, entretenimiento, metal\u00fargica, mec\u00e1nica, peluquer\u00eda, est\u00e9tica, inform\u00e1tica, fotograf\u00eda, textil, jardiner\u00eda y lavadero automotor.<\/p>\n<p>Estuvieron presentes en el acto, los intendentes de Paran\u00e1, Blanca Osuna y de Concordia, Gustavo Bordet, el ministro de Desarrollo Social, Carlos Ramos, legisladores y funcionarios.<\/p>\n","protected":false},"excerpt":{"rendered":"<p>En el marco del programa Crecer, el gobernador Sergio Urribarri entreg&oacute; este martes herramientas y certificados a j&oacute;venes entrerrianos. En esta oportunidad, se entregaron 2.500 m&aacute;quinas o herramientas, de las cuales 2.200 son para los casi 800 chicos de Paran&aacute; y 300 para un centenar de capacitados de Concordia. El mandatario entrerriano dijo que &ldquo;en [&hellip;]<\/p>\n","protected":false},"author":2,"featured_media":0,"comment_status":"open","ping_status":"open","sticky":false,"template":"","format":"standard","meta":{"fifu_image_url":"","fifu_image_alt":"","footnotes":""},"categories":[6,16],"tags":[],"class_list":{"0":"post-9235","1":"post","2":"type-post","3":"status-publish","4":"format-standard","6":"category-entre-rios","7":"category-politi"},"yoast_head":"<title>Urribarri entreg\u00f3 herramientas y certificados del Crecer a j\u00f3venes entrerrianos - Informe Litoral<\/title>\n<meta name=\"robots\" content=\"index, follow, max-snippet:-1, max-image-preview:large, max-video-preview:-1\" \/>\n<link rel=\"canonical\" href=\"https:\/\/informelitoral.com.ar\/urribarri-entrego-herramientas-y-certificados-del-crecer-a-jovenes-entrerrianos\/\" \/>\n<meta property=\"og:locale\" content=\"es_ES\" \/>\n<meta property=\"og:type\" content=\"article\" \/>\n<meta property=\"og:title\" content=\"Urribarri entreg\u00f3 herramientas y certificados del Crecer a j\u00f3venes entrerrianos - Informe Litoral\" \/>\n<meta property=\"og:description\" content=\"En el marco del programa Crecer, el gobernador Sergio Urribarri entreg&oacute; este martes herramientas y certificados a j&oacute;venes entrerrianos. En esta oportunidad, se entregaron 2.500 m&aacute;quinas o herramientas, de las cuales 2.200 son para los casi 800 chicos de Paran&aacute; y 300 para un centenar de capacitados de Concordia. El mandatario entrerriano dijo que &ldquo;en [&hellip;]\" \/>\n<meta property=\"og:url\" content=\"https:\/\/informelitoral.com.ar\/urribarri-entrego-herramientas-y-certificados-del-crecer-a-jovenes-entrerrianos\/\" \/>\n<meta property=\"og:site_name\" content=\"Informe Litoral\" \/>\n<meta property=\"article:publisher\" content=\"https:\/\/www.facebook.com\/informelitoral\/\" \/>\n<meta property=\"article:published_time\" content=\"2014-12-10T12:21:38+00:00\" \/>\n<meta property=\"og:image\" content=\"https:\/\/informelitoral.com.ar\/%77%70%2d%63%6f%6e%74%65%6e%74\/uploads\/2014\/12\/b_1418165249.jpg\" \/>\n\t<meta property=\"og:image:width\" content=\"492\" \/>\n\t<meta property=\"og:image:height\" content=\"326\" \/>\n\t<meta property=\"og:image:type\" content=\"image\/jpeg\" \/>\n<meta name=\"author\" content=\"Gonzalo Schmidt\" \/>\n<meta name=\"twitter:card\" content=\"summary_large_image\" \/>\n<meta name=\"twitter:creator\" content=\"@InformeLitoral\" \/>\n<meta name=\"twitter:site\" content=\"@InformeLitoral\" \/>\n<meta name=\"twitter:label1\" content=\"Escrito por\" \/>\n\t<meta name=\"twitter:data1\" content=\"Gonzalo Schmidt\" \/>\n\t<meta name=\"twitter:label2\" content=\"Tiempo de lectura\" \/>\n\t<meta name=\"twitter:data2\" content=\"4 minutos\" \/>\n<script type=\"application\/ld+json\" class=\"yoast-schema-graph\">{\"@context\":\"https:\\\/\\\/schema.org\",\"@graph\":[{\"@type\":\"Article\",\"@id\":\"https:\\\/\\\/informelitoral.com.ar\\\/urribarri-entrego-herramientas-y-certificados-del-crecer-a-jovenes-entrerrianos\\\/#article\",\"isPartOf\":{\"@id\":\"https:\\\/\\\/informelitoral.com.ar\\\/urribarri-entrego-herramientas-y-certificados-del-crecer-a-jovenes-entrerrianos\\\/\"},\"author\":{\"name\":\"Gonzalo Schmidt\",\"@id\":\"https:\\\/\\\/informelitoral.com.ar\\\/#\\\/schema\\\/person\\\/b9d00407c836482871ef1d57bf8e3180\"},\"headline\":\"Urribarri entreg\u00f3 herramientas y certificados del Crecer a j\u00f3venes entrerrianos\",\"datePublished\":\"2014-12-10T12:21:38+00:00\",\"mainEntityOfPage\":{\"@id\":\"https:\\\/\\\/informelitoral.com.ar\\\/urribarri-entrego-herramientas-y-certificados-del-crecer-a-jovenes-entrerrianos\\\/\"},\"wordCount\":769,\"commentCount\":0,\"publisher\":{\"@id\":\"https:\\\/\\\/informelitoral.com.ar\\\/#organization\"},\"image\":{\"@id\":\"https:\\\/\\\/informelitoral.com.ar\\\/urribarri-entrego-herramientas-y-certificados-del-crecer-a-jovenes-entrerrianos\\\/#primaryimage\"},\"thumbnailUrl\":\"http:\\\/\\\/www.isletasnoticias.com.ar\\\/%77%70%2d%63%6f%6e%74%65%6e%74\\\/uploads\\\/2014\\\/12\\\/b_1418165249-300x198.jpg\",\"articleSection\":[\"Entre R\u00edos\",\"Politica\"],\"inLanguage\":\"es\",\"potentialAction\":[{\"@type\":\"CommentAction\",\"name\":\"Comment\",\"target\":[\"https:\\\/\\\/informelitoral.com.ar\\\/urribarri-entrego-herramientas-y-certificados-del-crecer-a-jovenes-entrerrianos\\\/#respond\"]}]},{\"@type\":\"WebPage\",\"@id\":\"https:\\\/\\\/informelitoral.com.ar\\\/urribarri-entrego-herramientas-y-certificados-del-crecer-a-jovenes-entrerrianos\\\/\",\"url\":\"https:\\\/\\\/informelitoral.com.ar\\\/urribarri-entrego-herramientas-y-certificados-del-crecer-a-jovenes-entrerrianos\\\/\",\"name\":\"Urribarri entreg\u00f3 herramientas y certificados del Crecer a j\u00f3venes entrerrianos - Informe Litoral\",\"isPartOf\":{\"@id\":\"https:\\\/\\\/informelitoral.com.ar\\\/#website\"},\"primaryImageOfPage\":{\"@id\":\"https:\\\/\\\/informelitoral.com.ar\\\/urribarri-entrego-herramientas-y-certificados-del-crecer-a-jovenes-entrerrianos\\\/#primaryimage\"},\"image\":{\"@id\":\"https:\\\/\\\/informelitoral.com.ar\\\/urribarri-entrego-herramientas-y-certificados-del-crecer-a-jovenes-entrerrianos\\\/#primaryimage\"},\"thumbnailUrl\":\"http:\\\/\\\/www.isletasnoticias.com.ar\\\/%77%70%2d%63%6f%6e%74%65%6e%74\\\/uploads\\\/2014\\\/12\\\/b_1418165249-300x198.jpg\",\"datePublished\":\"2014-12-10T12:21:38+00:00\",\"breadcrumb\":{\"@id\":\"https:\\\/\\\/informelitoral.com.ar\\\/urribarri-entrego-herramientas-y-certificados-del-crecer-a-jovenes-entrerrianos\\\/#breadcrumb\"},\"inLanguage\":\"es\",\"potentialAction\":[{\"@type\":\"ReadAction\",\"target\":[\"https:\\\/\\\/informelitoral.com.ar\\\/urribarri-entrego-herramientas-y-certificados-del-crecer-a-jovenes-entrerrianos\\\/\"]}]},{\"@type\":\"ImageObject\",\"inLanguage\":\"es\",\"@id\":\"https:\\\/\\\/informelitoral.com.ar\\\/urribarri-entrego-herramientas-y-certificados-del-crecer-a-jovenes-entrerrianos\\\/#primaryimage\",\"url\":\"http:\\\/\\\/www.isletasnoticias.com.ar\\\/%77%70%2d%63%6f%6e%74%65%6e%74\\\/uploads\\\/2014\\\/12\\\/b_1418165249-300x198.jpg\",\"contentUrl\":\"http:\\\/\\\/www.isletasnoticias.com.ar\\\/%77%70%2d%63%6f%6e%74%65%6e%74\\\/uploads\\\/2014\\\/12\\\/b_1418165249-300x198.jpg\"},{\"@type\":\"BreadcrumbList\",\"@id\":\"https:\\\/\\\/informelitoral.com.ar\\\/urribarri-entrego-herramientas-y-certificados-del-crecer-a-jovenes-entrerrianos\\\/#breadcrumb\",\"itemListElement\":[{\"@type\":\"ListItem\",\"position\":1,\"name\":\"Portada\",\"item\":\"https:\\\/\\\/informelitoral.com.ar\\\/\"},{\"@type\":\"ListItem\",\"position\":2,\"name\":\"Urribarri entreg\u00f3 herramientas y certificados del Crecer a j\u00f3venes entrerrianos\"}]},{\"@type\":\"WebSite\",\"@id\":\"https:\\\/\\\/informelitoral.com.ar\\\/#website\",\"url\":\"https:\\\/\\\/informelitoral.com.ar\\\/\",\"name\":\"Informe Litoral\",\"description\":\"&quot;Nos informamos&quot; \",\"publisher\":{\"@id\":\"https:\\\/\\\/informelitoral.com.ar\\\/#organization\"},\"potentialAction\":[{\"@type\":\"SearchAction\",\"target\":{\"@type\":\"EntryPoint\",\"urlTemplate\":\"https:\\\/\\\/informelitoral.com.ar\\\/?s={search_term_string}\"},\"query-input\":{\"@type\":\"PropertyValueSpecification\",\"valueRequired\":true,\"valueName\":\"search_term_string\"}}],\"inLanguage\":\"es\"},{\"@type\":\"Organization\",\"@id\":\"https:\\\/\\\/informelitoral.com.ar\\\/#organization\",\"name\":\"Informe Litoral\",\"url\":\"https:\\\/\\\/informelitoral.com.ar\\\/\",\"logo\":{\"@type\":\"ImageObject\",\"inLanguage\":\"es\",\"@id\":\"https:\\\/\\\/informelitoral.com.ar\\\/#\\\/schema\\\/logo\\\/image\\\/\",\"url\":\"https:\\\/\\\/informelitoral.com.ar\\\/%77%70%2d%63%6f%6e%74%65%6e%74\\\/uploads\\\/2021\\\/01\\\/circulo.png\",\"contentUrl\":\"https:\\\/\\\/informelitoral.com.ar\\\/%77%70%2d%63%6f%6e%74%65%6e%74\\\/uploads\\\/2021\\\/01\\\/circulo.png\",\"width\":723,\"height\":731,\"caption\":\"Informe Litoral\"},\"image\":{\"@id\":\"https:\\\/\\\/informelitoral.com.ar\\\/#\\\/schema\\\/logo\\\/image\\\/\"},\"sameAs\":[\"https:\\\/\\\/www.facebook.com\\\/informelitoral\\\/\",\"https:\\\/\\\/x.com\\\/InformeLitoral\",\"https:\\\/\\\/www.instagram.com\\\/informelitoral\\\/\",\"https:\\\/\\\/www.youtube.com\\\/channel\\\/UCua4Qvz8Icb6MYqhoq9xLXw\"]},{\"@type\":\"Person\",\"@id\":\"https:\\\/\\\/informelitoral.com.ar\\\/#\\\/schema\\\/person\\\/b9d00407c836482871ef1d57bf8e3180\",\"name\":\"Gonzalo Schmidt\",\"image\":{\"@type\":\"ImageObject\",\"inLanguage\":\"es\",\"@id\":\"https:\\\/\\\/secure.gravatar.com\\\/avatar\\\/31a1a7b66ff2de83bd0e9fd79d026630d2d99e55e8bfe501287647b4fd9743de?s=96&d=mm&r=g\",\"url\":\"https:\\\/\\\/secure.gravatar.com\\\/avatar\\\/31a1a7b66ff2de83bd0e9fd79d026630d2d99e55e8bfe501287647b4fd9743de?s=96&d=mm&r=g\",\"contentUrl\":\"https:\\\/\\\/secure.gravatar.com\\\/avatar\\\/31a1a7b66ff2de83bd0e9fd79d026630d2d99e55e8bfe501287647b4fd9743de?s=96&d=mm&r=g\",\"caption\":\"Gonzalo Schmidt\"},\"description\":\"Sitio web de noticias de la provincia de Entre R\u00edos, Argentina. Informaci\u00f3n y entretenimiento. Informe Litoral, nos informamos.\",\"sameAs\":[\"http:\\\/\\\/www.isletasnoticias.com.ar\"],\"url\":\"https:\\\/\\\/informelitoral.com.ar\\\/author\\\/gonzalo\\\/\"}]}<\/script>","yoast_head_json":{"title":"Urribarri entreg\u00f3 herramientas y certificados del Crecer a j\u00f3venes entrerrianos - Informe Litoral","robots":{"index":"index","follow":"follow","max-snippet":"max-snippet:-1","max-image-preview":"max-image-preview:large","max-video-preview":"max-video-preview:-1"},"canonical":"https:\/\/informelitoral.com.ar\/urribarri-entrego-herramientas-y-certificados-del-crecer-a-jovenes-entrerrianos\/","og_locale":"es_ES","og_type":"article","og_title":"Urribarri entreg\u00f3 herramientas y certificados del Crecer a j\u00f3venes entrerrianos - Informe Litoral","og_description":"En el marco del programa Crecer, el gobernador Sergio Urribarri entreg&oacute; este martes herramientas y certificados a j&oacute;venes entrerrianos. En esta oportunidad, se entregaron 2.500 m&aacute;quinas o herramientas, de las cuales 2.200 son para los casi 800 chicos de Paran&aacute; y 300 para un centenar de capacitados de Concordia. El mandatario entrerriano dijo que &ldquo;en [&hellip;]","og_url":"https:\/\/informelitoral.com.ar\/urribarri-entrego-herramientas-y-certificados-del-crecer-a-jovenes-entrerrianos\/","og_site_name":"Informe Litoral","article_publisher":"https:\/\/www.facebook.com\/informelitoral\/","article_published_time":"2014-12-10T12:21:38+00:00","og_image":[{"width":492,"height":326,"url":"https:\/\/informelitoral.com.ar\/%77%70%2d%63%6f%6e%74%65%6e%74\/uploads\/2014\/12\/b_1418165249.jpg","type":"image\/jpeg"}],"author":"Gonzalo Schmidt","twitter_card":"summary_large_image","twitter_creator":"@InformeLitoral","twitter_site":"@InformeLitoral","twitter_misc":{"Escrito por":"Gonzalo Schmidt","Tiempo de lectura":"4 minutos"},"schema":{"@context":"https:\/\/schema.org","@graph":[{"@type":"Article","@id":"https:\/\/informelitoral.com.ar\/urribarri-entrego-herramientas-y-certificados-del-crecer-a-jovenes-entrerrianos\/#article","isPartOf":{"@id":"https:\/\/informelitoral.com.ar\/urribarri-entrego-herramientas-y-certificados-del-crecer-a-jovenes-entrerrianos\/"},"author":{"name":"Gonzalo Schmidt","@id":"https:\/\/informelitoral.com.ar\/#\/schema\/person\/b9d00407c836482871ef1d57bf8e3180"},"headline":"Urribarri entreg\u00f3 herramientas y certificados del Crecer a j\u00f3venes entrerrianos","datePublished":"2014-12-10T12:21:38+00:00","mainEntityOfPage":{"@id":"https:\/\/informelitoral.com.ar\/urribarri-entrego-herramientas-y-certificados-del-crecer-a-jovenes-entrerrianos\/"},"wordCount":769,"commentCount":0,"publisher":{"@id":"https:\/\/informelitoral.com.ar\/#organization"},"image":{"@id":"https:\/\/informelitoral.com.ar\/urribarri-entrego-herramientas-y-certificados-del-crecer-a-jovenes-entrerrianos\/#primaryimage"},"thumbnailUrl":"http:\/\/www.isletasnoticias.com.ar\/%77%70%2d%63%6f%6e%74%65%6e%74\/uploads\/2014\/12\/b_1418165249-300x198.jpg","articleSection":["Entre R\u00edos","Politica"],"inLanguage":"es","potentialAction":[{"@type":"CommentAction","name":"Comment","target":["https:\/\/informelitoral.com.ar\/urribarri-entrego-herramientas-y-certificados-del-crecer-a-jovenes-entrerrianos\/#respond"]}]},{"@type":"WebPage","@id":"https:\/\/informelitoral.com.ar\/urribarri-entrego-herramientas-y-certificados-del-crecer-a-jovenes-entrerrianos\/","url":"https:\/\/informelitoral.com.ar\/urribarri-entrego-herramientas-y-certificados-del-crecer-a-jovenes-entrerrianos\/","name":"Urribarri entreg\u00f3 herramientas y certificados del Crecer a j\u00f3venes entrerrianos - Informe Litoral","isPartOf":{"@id":"https:\/\/informelitoral.com.ar\/#website"},"primaryImageOfPage":{"@id":"https:\/\/informelitoral.com.ar\/urribarri-entrego-herramientas-y-certificados-del-crecer-a-jovenes-entrerrianos\/#primaryimage"},"image":{"@id":"https:\/\/informelitoral.com.ar\/urribarri-entrego-herramientas-y-certificados-del-crecer-a-jovenes-entrerrianos\/#primaryimage"},"thumbnailUrl":"http:\/\/www.isletasnoticias.com.ar\/%77%70%2d%63%6f%6e%74%65%6e%74\/uploads\/2014\/12\/b_1418165249-300x198.jpg","datePublished":"2014-12-10T12:21:38+00:00","breadcrumb":{"@id":"https:\/\/informelitoral.com.ar\/urribarri-entrego-herramientas-y-certificados-del-crecer-a-jovenes-entrerrianos\/#breadcrumb"},"inLanguage":"es","potentialAction":[{"@type":"ReadAction","target":["https:\/\/informelitoral.com.ar\/urribarri-entrego-herramientas-y-certificados-del-crecer-a-jovenes-entrerrianos\/"]}]},{"@type":"ImageObject","inLanguage":"es","@id":"https:\/\/informelitoral.com.ar\/urribarri-entrego-herramientas-y-certificados-del-crecer-a-jovenes-entrerrianos\/#primaryimage","url":"http:\/\/www.isletasnoticias.com.ar\/%77%70%2d%63%6f%6e%74%65%6e%74\/uploads\/2014\/12\/b_1418165249-300x198.jpg","contentUrl":"http:\/\/www.isletasnoticias.com.ar\/%77%70%2d%63%6f%6e%74%65%6e%74\/uploads\/2014\/12\/b_1418165249-300x198.jpg"},{"@type":"BreadcrumbList","@id":"https:\/\/informelitoral.com.ar\/urribarri-entrego-herramientas-y-certificados-del-crecer-a-jovenes-entrerrianos\/#breadcrumb","itemListElement":[{"@type":"ListItem","position":1,"name":"Portada","item":"https:\/\/informelitoral.com.ar\/"},{"@type":"ListItem","position":2,"name":"Urribarri entreg\u00f3 herramientas y certificados del Crecer a j\u00f3venes entrerrianos"}]},{"@type":"WebSite","@id":"https:\/\/informelitoral.com.ar\/#website","url":"https:\/\/informelitoral.com.ar\/","name":"Informe Litoral","description":"&quot;Nos informamos&quot; ","publisher":{"@id":"https:\/\/informelitoral.com.ar\/#organization"},"potentialAction":[{"@type":"SearchAction","target":{"@type":"EntryPoint","urlTemplate":"https:\/\/informelitoral.com.ar\/?s={search_term_string}"},"query-input":{"@type":"PropertyValueSpecification","valueRequired":true,"valueName":"search_term_string"}}],"inLanguage":"es"},{"@type":"Organization","@id":"https:\/\/informelitoral.com.ar\/#organization","name":"Informe Litoral","url":"https:\/\/informelitoral.com.ar\/","logo":{"@type":"ImageObject","inLanguage":"es","@id":"https:\/\/informelitoral.com.ar\/#\/schema\/logo\/image\/","url":"https:\/\/informelitoral.com.ar\/%77%70%2d%63%6f%6e%74%65%6e%74\/uploads\/2021\/01\/circulo.png","contentUrl":"https:\/\/informelitoral.com.ar\/%77%70%2d%63%6f%6e%74%65%6e%74\/uploads\/2021\/01\/circulo.png","width":723,"height":731,"caption":"Informe Litoral"},"image":{"@id":"https:\/\/informelitoral.com.ar\/#\/schema\/logo\/image\/"},"sameAs":["https:\/\/www.facebook.com\/informelitoral\/","https:\/\/x.com\/InformeLitoral","https:\/\/www.instagram.com\/informelitoral\/","https:\/\/www.youtube.com\/channel\/UCua4Qvz8Icb6MYqhoq9xLXw"]},{"@type":"Person","@id":"https:\/\/informelitoral.com.ar\/#\/schema\/person\/b9d00407c836482871ef1d57bf8e3180","name":"Gonzalo Schmidt","image":{"@type":"ImageObject","inLanguage":"es","@id":"https:\/\/secure.gravatar.com\/avatar\/31a1a7b66ff2de83bd0e9fd79d026630d2d99e55e8bfe501287647b4fd9743de?s=96&d=mm&r=g","url":"https:\/\/secure.gravatar.com\/avatar\/31a1a7b66ff2de83bd0e9fd79d026630d2d99e55e8bfe501287647b4fd9743de?s=96&d=mm&r=g","contentUrl":"https:\/\/secure.gravatar.com\/avatar\/31a1a7b66ff2de83bd0e9fd79d026630d2d99e55e8bfe501287647b4fd9743de?s=96&d=mm&r=g","caption":"Gonzalo Schmidt"},"description":"Sitio web de noticias de la provincia de Entre R\u00edos, Argentina. Informaci\u00f3n y entretenimiento. Informe Litoral, nos informamos.","sameAs":["http:\/\/www.isletasnoticias.com.ar"],"url":"https:\/\/informelitoral.com.ar\/author\/gonzalo\/"}]}},"_links":{"self":[{"href":"https:\/\/informelitoral.com.ar\/%77%70%2d%6a%73%6f%6e\/wp\/v2\/posts\/9235","targetHints":{"allow":["GET"]}}],"collection":[{"href":"https:\/\/informelitoral.com.ar\/%77%70%2d%6a%73%6f%6e\/wp\/v2\/posts"}],"about":[{"href":"https:\/\/informelitoral.com.ar\/%77%70%2d%6a%73%6f%6e\/wp\/v2\/types\/post"}],"author":[{"embeddable":true,"href":"https:\/\/informelitoral.com.ar\/%77%70%2d%6a%73%6f%6e\/wp\/v2\/users\/2"}],"replies":[{"embeddable":true,"href":"https:\/\/informelitoral.com.ar\/%77%70%2d%6a%73%6f%6e\/wp\/v2\/comments?post=9235"}],"version-history":[{"count":0,"href":"https:\/\/informelitoral.com.ar\/%77%70%2d%6a%73%6f%6e\/wp\/v2\/posts\/9235\/revisions"}],"wp:attachment":[{"href":"https:\/\/informelitoral.com.ar\/%77%70%2d%6a%73%6f%6e\/wp\/v2\/media?parent=9235"}],"wp:term":[{"taxonomy":"category","embeddable":true,"href":"https:\/\/informelitoral.com.ar\/%77%70%2d%6a%73%6f%6e\/wp\/v2\/categories?post=9235"},{"taxonomy":"post_tag","embeddable":true,"href":"https:\/\/informelitoral.com.ar\/%77%70%2d%6a%73%6f%6e\/wp\/v2\/tags?post=9235"}],"curies":[{"name":"wp","href":"https:\/\/api.w.org\/{rel}","templated":true}]}}