{"id":9232,"date":"2014-12-10T09:07:17","date_gmt":"2014-12-10T12:07:17","guid":{"rendered":"http:\/\/www.isletasnoticias.com.ar\/?p=9232"},"modified":"2014-12-10T09:07:17","modified_gmt":"2014-12-10T12:07:17","slug":"ven-descontrol-de-recursos-y-lavada-de-cara-a-parana-ante-la-cumbre","status":"publish","type":"post","link":"https:\/\/informelitoral.com.ar\/ven-descontrol-de-recursos-y-lavada-de-cara-a-parana-ante-la-cumbre\/","title":{"rendered":"Ven descontrol de recursos y lavada de cara a Paran\u00e1 ante la Cumbre"},"content":{"rendered":"<p><strong>\u201cLa Paran\u00e1 que no es\u201d se titula el documento que firma la Juventud Radical que preside <em>Luc\u00eda Varisco<\/em>. Se cuestionan \u201clos gastos indiscriminados y carentes de control\u201d que intentar\u00edan \u201ctapar\u201d la realidad de la ciudad tras \u201conce a\u00f1os de abandono\u201d de las tres \u00faltimas gestiones.<a href=\"http:\/\/www.isletasnoticias.com.ar\/%77%70%2d%63%6f%6e%74%65%6e%74\/uploads\/2014\/12\/o_1417488806.jpg\"><img loading=\"lazy\" decoding=\"async\" class=\"aligncenter size-medium wp-image-9233\" src=\"http:\/\/www.isletasnoticias.com.ar\/%77%70%2d%63%6f%6e%74%65%6e%74\/uploads\/2014\/12\/o_1417488806-300x175.jpg\" alt=\"o_1417488806\" width=\"300\" height=\"175\" srcset=\"https:\/\/informelitoral.com.ar\/%77%70%2d%63%6f%6e%74%65%6e%74\/uploads\/2014\/12\/o_1417488806-300x175.jpg 300w, https:\/\/informelitoral.com.ar\/%77%70%2d%63%6f%6e%74%65%6e%74\/uploads\/2014\/12\/o_1417488806.jpg 600w\" sizes=\"auto, (max-width: 300px) 100vw, 300px\" \/><\/a><\/strong><\/p>\n<p>La Juventud Radical de Paran\u00e1, que preside la hija de <strong>Sergio Varisco<\/strong>, Luc\u00eda, manifest\u00f3 \u201cel profundo rechazo a las numerosas acciones que est\u00e1n llevando a cabo el gobierno provincial y municipal con motivo de la pr\u00f3xima cumbre del Mercosur\u201d.<\/p>\n<p>En un documento, la organizaci\u00f3n cuestion\u00f3 que se asuman \u201cgastos indiscriminados y carentes de todo control legal, dinero aportado por todos los ciudadanos\u201d.<\/p>\n<p>\u201cNos preguntamos, de que nos sirve a los paranenses que nuestra ciudad sea la sede de la cumbre del Mercosur cuando nos encontramos frente a niveles extremos de desocupaci\u00f3n y pobreza. En Paran\u00e1 y seg\u00fan Informe elaborado por el Observatorio de la UCA estamos en un porcentaje de m\u00e1s del 25% de desempleo y de pobreza, niveles que se han visto claramente incrementados en estos \u00faltimos 11 a\u00f1os, coincidentes con la supuesta d\u00e9cada ganada\u201d, cuestion\u00f3 la juventud en el texto que tambi\u00e9n firman Karina Llanes (vicepresidente 1\u00ba); Julian Rivera (vicepresidente 2\u00ba); Pablo Gabioud (secretario); Mar\u00eda Villagra (prosecretaria); Lisandro Balbi (tesorero); Alejandro Franco (protesorero).<\/p>\n<p><b>Tres gestiones<br \/>\n<\/b><br \/>\n\u201cEs lamentable que nuestra ciudad venga sufriendo de manera paulatina y continua once a\u00f1os de abandono y dejadez como consecuencia de la absoluta inacci\u00f3n y desastrosa gesti\u00f3n de los \u00faltimos tres gobiernos peronistas\u201d, se\u00f1al\u00f3 la JR de Paran\u00e1 que agreg\u00f3: \u201cM\u00e1s a\u00fan, nos enardece el hecho de que en un mes se pretenda desde la intendencia emparchar y darle una lavada de cara a una peque\u00f1a zona de la ciudad s\u00f3lo por el evento. Mantener la ciudad en buenas condiciones de habitabilidad, tr\u00e1nsito, es deber y obligaci\u00f3n del gobierno en todo momento y a toda hora; la se\u00f1ora intendenta se ha olvidado de Paran\u00e1 descuid\u00e1ndola en su totalidad en \u00e9stos tres a\u00f1os de gobierno, incumpliendo con todas las obras prometidas a los paranaenses\u201d.<\/p>\n<p>Se record\u00f3 luego la sanci\u00f3n de la ordenanza N\u00ba 9251 que habilita al Ejecutivo a celebrar contrataciones directas \u201cde cualquier monto que fuere y tipo a los fines de la ejecuci\u00f3n de obras, contrataci\u00f3n de los servicios, adquisici\u00f3n de suministros, y en general para toda compra y\/u operaci\u00f3n que resulten necesarios para la realizaci\u00f3n de los distintos efectos que se realicen durante la presencia de las delegaciones del Mercosur\u201d. Al respecto, el documento se\u00f1ala que esta norma entra \u201cen flagrante violaci\u00f3n al sistema de contrataci\u00f3n mediante el sistema de licitaciones\u201d y es una \u201cclara afectaci\u00f3n de la transparencia que todo gobierno debe tener para con sus vecinos siendo la \u00fanica finalidad la de beneficiar a los amigos del poder a costa del deterioro de nuestra ciudad\u201d.<\/p>\n<p><b>Parches<\/b><\/p>\n<p>Los j\u00f3venes dijeron no estar \u201cen contra de la cumbre\u201d y destacaron \u201cel hecho pol\u00edtico que los Presidentes del Mercosur se re\u00fanan en nuestra querida ciudad para coordinar acciones pol\u00edticas y econ\u00f3micas en pos del beneficio de los pueblos latinoamericanos\u201d.<\/p>\n<p>\u201cLo que s\u00ed no toleramos rotundamente es que con la Cumbre se intente tapar la realidad que vivimos los paraenses: ciudad con desnutrici\u00f3n infantil, calles totalmente destruidas, Mini basurales en cada esquina, falta de obra p\u00fablica, jardines maternales y centros de salud totalmente desprovistos de herramientas para una adecuada y debida atenci\u00f3n. Es decir, en Paran\u00e1 hay prioridades\u201d, se marc\u00f3.<\/p>\n<p>Agregan, como cr\u00edtica, \u201clos perjuicios que implica la realizaci\u00f3n de la Cumbre en una ciudad que no cuenta con la infraestructura suficiente para llevar a cabo tal encuentro de semejante magnitud, cumbre que ser\u00e1 enfrascada en el pleno centro de nuestra ciudad, afectando la vida cotidiana de los vecinos y el normal desarrollo de las actividades de los comerciantes, profesionales, remises, empresarios, taxistas, y trabajadores en general\u201d.<\/p>\n<p>El texto concluye: \u201cSe pretender tapar una realidad de la que no vivimos los paranaenses, donde basta con salir a la calle para ver el descuido de nuestra Paran\u00e1, azotada por estos \u00faltimos gobiernes que no han hecho otra cosa que preocuparse por enriquecer sus propias arcas a costa del abandono\u201d. <em>(P\u00e1gina Pol\u00edtica)<\/em><\/p>\n","protected":false},"excerpt":{"rendered":"<p>&ldquo;La Paran&aacute; que no es&rdquo; se titula el documento que firma la Juventud Radical que preside Luc&iacute;a Varisco. Se cuestionan &ldquo;los gastos indiscriminados y carentes de control&rdquo; que intentar&iacute;an &ldquo;tapar&rdquo; la realidad de la ciudad tras &ldquo;once a&ntilde;os de abandono&rdquo; de las tres &uacute;ltimas gestiones. La Juventud Radical de Paran&aacute;, que preside la hija de [&hellip;]<\/p>\n","protected":false},"author":2,"featured_media":0,"comment_status":"open","ping_status":"open","sticky":false,"template":"","format":"standard","meta":{"fifu_image_url":"","fifu_image_alt":"","footnotes":""},"categories":[6,16],"tags":[],"class_list":{"0":"post-9232","1":"post","2":"type-post","3":"status-publish","4":"format-standard","6":"category-entre-rios","7":"category-politi"},"yoast_head":"<title>Ven descontrol de recursos y lavada de cara a Paran\u00e1 ante la Cumbre - Informe Litoral<\/title>\n<meta name=\"robots\" content=\"index, follow, max-snippet:-1, max-image-preview:large, max-video-preview:-1\" \/>\n<link rel=\"canonical\" href=\"https:\/\/informelitoral.com.ar\/ven-descontrol-de-recursos-y-lavada-de-cara-a-parana-ante-la-cumbre\/\" \/>\n<meta property=\"og:locale\" content=\"es_ES\" \/>\n<meta property=\"og:type\" content=\"article\" \/>\n<meta property=\"og:title\" content=\"Ven descontrol de recursos y lavada de cara a Paran\u00e1 ante la Cumbre - Informe Litoral\" \/>\n<meta property=\"og:description\" content=\"&ldquo;La Paran&aacute; que no es&rdquo; se titula el documento que firma la Juventud Radical que preside Luc&iacute;a Varisco. Se cuestionan &ldquo;los gastos indiscriminados y carentes de control&rdquo; que intentar&iacute;an &ldquo;tapar&rdquo; la realidad de la ciudad tras &ldquo;once a&ntilde;os de abandono&rdquo; de las tres &uacute;ltimas gestiones. La Juventud Radical de Paran&aacute;, que preside la hija de [&hellip;]\" \/>\n<meta property=\"og:url\" content=\"https:\/\/informelitoral.com.ar\/ven-descontrol-de-recursos-y-lavada-de-cara-a-parana-ante-la-cumbre\/\" \/>\n<meta property=\"og:site_name\" content=\"Informe Litoral\" \/>\n<meta property=\"article:publisher\" content=\"https:\/\/www.facebook.com\/informelitoral\/\" \/>\n<meta property=\"article:published_time\" content=\"2014-12-10T12:07:17+00:00\" \/>\n<meta property=\"og:image\" content=\"https:\/\/informelitoral.com.ar\/%77%70%2d%63%6f%6e%74%65%6e%74\/uploads\/2014\/12\/o_1417488806.jpg\" \/>\n\t<meta property=\"og:image:width\" content=\"600\" \/>\n\t<meta property=\"og:image:height\" content=\"350\" \/>\n\t<meta property=\"og:image:type\" content=\"image\/jpeg\" \/>\n<meta name=\"author\" content=\"Gonzalo Schmidt\" \/>\n<meta name=\"twitter:card\" content=\"summary_large_image\" \/>\n<meta name=\"twitter:creator\" content=\"@InformeLitoral\" \/>\n<meta name=\"twitter:site\" content=\"@InformeLitoral\" \/>\n<meta name=\"twitter:label1\" content=\"Escrito por\" \/>\n\t<meta name=\"twitter:data1\" content=\"Gonzalo Schmidt\" \/>\n\t<meta name=\"twitter:label2\" content=\"Tiempo de lectura\" \/>\n\t<meta name=\"twitter:data2\" content=\"4 minutos\" \/>\n<script type=\"application\/ld+json\" class=\"yoast-schema-graph\">{\"@context\":\"https:\\\/\\\/schema.org\",\"@graph\":[{\"@type\":\"Article\",\"@id\":\"https:\\\/\\\/informelitoral.com.ar\\\/ven-descontrol-de-recursos-y-lavada-de-cara-a-parana-ante-la-cumbre\\\/#article\",\"isPartOf\":{\"@id\":\"https:\\\/\\\/informelitoral.com.ar\\\/ven-descontrol-de-recursos-y-lavada-de-cara-a-parana-ante-la-cumbre\\\/\"},\"author\":{\"name\":\"Gonzalo Schmidt\",\"@id\":\"https:\\\/\\\/informelitoral.com.ar\\\/#\\\/schema\\\/person\\\/b9d00407c836482871ef1d57bf8e3180\"},\"headline\":\"Ven descontrol de recursos y lavada de cara a Paran\u00e1 ante la Cumbre\",\"datePublished\":\"2014-12-10T12:07:17+00:00\",\"mainEntityOfPage\":{\"@id\":\"https:\\\/\\\/informelitoral.com.ar\\\/ven-descontrol-de-recursos-y-lavada-de-cara-a-parana-ante-la-cumbre\\\/\"},\"wordCount\":740,\"commentCount\":0,\"publisher\":{\"@id\":\"https:\\\/\\\/informelitoral.com.ar\\\/#organization\"},\"image\":{\"@id\":\"https:\\\/\\\/informelitoral.com.ar\\\/ven-descontrol-de-recursos-y-lavada-de-cara-a-parana-ante-la-cumbre\\\/#primaryimage\"},\"thumbnailUrl\":\"http:\\\/\\\/www.isletasnoticias.com.ar\\\/%77%70%2d%63%6f%6e%74%65%6e%74\\\/uploads\\\/2014\\\/12\\\/o_1417488806-300x175.jpg\",\"articleSection\":[\"Entre R\u00edos\",\"Politica\"],\"inLanguage\":\"es\",\"potentialAction\":[{\"@type\":\"CommentAction\",\"name\":\"Comment\",\"target\":[\"https:\\\/\\\/informelitoral.com.ar\\\/ven-descontrol-de-recursos-y-lavada-de-cara-a-parana-ante-la-cumbre\\\/#respond\"]}]},{\"@type\":\"WebPage\",\"@id\":\"https:\\\/\\\/informelitoral.com.ar\\\/ven-descontrol-de-recursos-y-lavada-de-cara-a-parana-ante-la-cumbre\\\/\",\"url\":\"https:\\\/\\\/informelitoral.com.ar\\\/ven-descontrol-de-recursos-y-lavada-de-cara-a-parana-ante-la-cumbre\\\/\",\"name\":\"Ven descontrol de recursos y lavada de cara a Paran\u00e1 ante la Cumbre - Informe Litoral\",\"isPartOf\":{\"@id\":\"https:\\\/\\\/informelitoral.com.ar\\\/#website\"},\"primaryImageOfPage\":{\"@id\":\"https:\\\/\\\/informelitoral.com.ar\\\/ven-descontrol-de-recursos-y-lavada-de-cara-a-parana-ante-la-cumbre\\\/#primaryimage\"},\"image\":{\"@id\":\"https:\\\/\\\/informelitoral.com.ar\\\/ven-descontrol-de-recursos-y-lavada-de-cara-a-parana-ante-la-cumbre\\\/#primaryimage\"},\"thumbnailUrl\":\"http:\\\/\\\/www.isletasnoticias.com.ar\\\/%77%70%2d%63%6f%6e%74%65%6e%74\\\/uploads\\\/2014\\\/12\\\/o_1417488806-300x175.jpg\",\"datePublished\":\"2014-12-10T12:07:17+00:00\",\"breadcrumb\":{\"@id\":\"https:\\\/\\\/informelitoral.com.ar\\\/ven-descontrol-de-recursos-y-lavada-de-cara-a-parana-ante-la-cumbre\\\/#breadcrumb\"},\"inLanguage\":\"es\",\"potentialAction\":[{\"@type\":\"ReadAction\",\"target\":[\"https:\\\/\\\/informelitoral.com.ar\\\/ven-descontrol-de-recursos-y-lavada-de-cara-a-parana-ante-la-cumbre\\\/\"]}]},{\"@type\":\"ImageObject\",\"inLanguage\":\"es\",\"@id\":\"https:\\\/\\\/informelitoral.com.ar\\\/ven-descontrol-de-recursos-y-lavada-de-cara-a-parana-ante-la-cumbre\\\/#primaryimage\",\"url\":\"http:\\\/\\\/www.isletasnoticias.com.ar\\\/%77%70%2d%63%6f%6e%74%65%6e%74\\\/uploads\\\/2014\\\/12\\\/o_1417488806-300x175.jpg\",\"contentUrl\":\"http:\\\/\\\/www.isletasnoticias.com.ar\\\/%77%70%2d%63%6f%6e%74%65%6e%74\\\/uploads\\\/2014\\\/12\\\/o_1417488806-300x175.jpg\"},{\"@type\":\"BreadcrumbList\",\"@id\":\"https:\\\/\\\/informelitoral.com.ar\\\/ven-descontrol-de-recursos-y-lavada-de-cara-a-parana-ante-la-cumbre\\\/#breadcrumb\",\"itemListElement\":[{\"@type\":\"ListItem\",\"position\":1,\"name\":\"Portada\",\"item\":\"https:\\\/\\\/informelitoral.com.ar\\\/\"},{\"@type\":\"ListItem\",\"position\":2,\"name\":\"Ven descontrol de recursos y lavada de cara a Paran\u00e1 ante la Cumbre\"}]},{\"@type\":\"WebSite\",\"@id\":\"https:\\\/\\\/informelitoral.com.ar\\\/#website\",\"url\":\"https:\\\/\\\/informelitoral.com.ar\\\/\",\"name\":\"Informe Litoral\",\"description\":\"&quot;Nos informamos&quot; \",\"publisher\":{\"@id\":\"https:\\\/\\\/informelitoral.com.ar\\\/#organization\"},\"potentialAction\":[{\"@type\":\"SearchAction\",\"target\":{\"@type\":\"EntryPoint\",\"urlTemplate\":\"https:\\\/\\\/informelitoral.com.ar\\\/?s={search_term_string}\"},\"query-input\":{\"@type\":\"PropertyValueSpecification\",\"valueRequired\":true,\"valueName\":\"search_term_string\"}}],\"inLanguage\":\"es\"},{\"@type\":\"Organization\",\"@id\":\"https:\\\/\\\/informelitoral.com.ar\\\/#organization\",\"name\":\"Informe Litoral\",\"url\":\"https:\\\/\\\/informelitoral.com.ar\\\/\",\"logo\":{\"@type\":\"ImageObject\",\"inLanguage\":\"es\",\"@id\":\"https:\\\/\\\/informelitoral.com.ar\\\/#\\\/schema\\\/logo\\\/image\\\/\",\"url\":\"https:\\\/\\\/informelitoral.com.ar\\\/%77%70%2d%63%6f%6e%74%65%6e%74\\\/uploads\\\/2021\\\/01\\\/circulo.png\",\"contentUrl\":\"https:\\\/\\\/informelitoral.com.ar\\\/%77%70%2d%63%6f%6e%74%65%6e%74\\\/uploads\\\/2021\\\/01\\\/circulo.png\",\"width\":723,\"height\":731,\"caption\":\"Informe Litoral\"},\"image\":{\"@id\":\"https:\\\/\\\/informelitoral.com.ar\\\/#\\\/schema\\\/logo\\\/image\\\/\"},\"sameAs\":[\"https:\\\/\\\/www.facebook.com\\\/informelitoral\\\/\",\"https:\\\/\\\/x.com\\\/InformeLitoral\",\"https:\\\/\\\/www.instagram.com\\\/informelitoral\\\/\",\"https:\\\/\\\/www.youtube.com\\\/channel\\\/UCua4Qvz8Icb6MYqhoq9xLXw\"]},{\"@type\":\"Person\",\"@id\":\"https:\\\/\\\/informelitoral.com.ar\\\/#\\\/schema\\\/person\\\/b9d00407c836482871ef1d57bf8e3180\",\"name\":\"Gonzalo Schmidt\",\"image\":{\"@type\":\"ImageObject\",\"inLanguage\":\"es\",\"@id\":\"https:\\\/\\\/secure.gravatar.com\\\/avatar\\\/31a1a7b66ff2de83bd0e9fd79d026630d2d99e55e8bfe501287647b4fd9743de?s=96&d=mm&r=g\",\"url\":\"https:\\\/\\\/secure.gravatar.com\\\/avatar\\\/31a1a7b66ff2de83bd0e9fd79d026630d2d99e55e8bfe501287647b4fd9743de?s=96&d=mm&r=g\",\"contentUrl\":\"https:\\\/\\\/secure.gravatar.com\\\/avatar\\\/31a1a7b66ff2de83bd0e9fd79d026630d2d99e55e8bfe501287647b4fd9743de?s=96&d=mm&r=g\",\"caption\":\"Gonzalo Schmidt\"},\"description\":\"Sitio web de noticias de la provincia de Entre R\u00edos, Argentina. Informaci\u00f3n y entretenimiento. Informe Litoral, nos informamos.\",\"sameAs\":[\"http:\\\/\\\/www.isletasnoticias.com.ar\"],\"url\":\"https:\\\/\\\/informelitoral.com.ar\\\/author\\\/gonzalo\\\/\"}]}<\/script>","yoast_head_json":{"title":"Ven descontrol de recursos y lavada de cara a Paran\u00e1 ante la Cumbre - Informe Litoral","robots":{"index":"index","follow":"follow","max-snippet":"max-snippet:-1","max-image-preview":"max-image-preview:large","max-video-preview":"max-video-preview:-1"},"canonical":"https:\/\/informelitoral.com.ar\/ven-descontrol-de-recursos-y-lavada-de-cara-a-parana-ante-la-cumbre\/","og_locale":"es_ES","og_type":"article","og_title":"Ven descontrol de recursos y lavada de cara a Paran\u00e1 ante la Cumbre - Informe Litoral","og_description":"&ldquo;La Paran&aacute; que no es&rdquo; se titula el documento que firma la Juventud Radical que preside Luc&iacute;a Varisco. Se cuestionan &ldquo;los gastos indiscriminados y carentes de control&rdquo; que intentar&iacute;an &ldquo;tapar&rdquo; la realidad de la ciudad tras &ldquo;once a&ntilde;os de abandono&rdquo; de las tres &uacute;ltimas gestiones. La Juventud Radical de Paran&aacute;, que preside la hija de [&hellip;]","og_url":"https:\/\/informelitoral.com.ar\/ven-descontrol-de-recursos-y-lavada-de-cara-a-parana-ante-la-cumbre\/","og_site_name":"Informe Litoral","article_publisher":"https:\/\/www.facebook.com\/informelitoral\/","article_published_time":"2014-12-10T12:07:17+00:00","og_image":[{"width":600,"height":350,"url":"https:\/\/informelitoral.com.ar\/%77%70%2d%63%6f%6e%74%65%6e%74\/uploads\/2014\/12\/o_1417488806.jpg","type":"image\/jpeg"}],"author":"Gonzalo Schmidt","twitter_card":"summary_large_image","twitter_creator":"@InformeLitoral","twitter_site":"@InformeLitoral","twitter_misc":{"Escrito por":"Gonzalo Schmidt","Tiempo de lectura":"4 minutos"},"schema":{"@context":"https:\/\/schema.org","@graph":[{"@type":"Article","@id":"https:\/\/informelitoral.com.ar\/ven-descontrol-de-recursos-y-lavada-de-cara-a-parana-ante-la-cumbre\/#article","isPartOf":{"@id":"https:\/\/informelitoral.com.ar\/ven-descontrol-de-recursos-y-lavada-de-cara-a-parana-ante-la-cumbre\/"},"author":{"name":"Gonzalo Schmidt","@id":"https:\/\/informelitoral.com.ar\/#\/schema\/person\/b9d00407c836482871ef1d57bf8e3180"},"headline":"Ven descontrol de recursos y lavada de cara a Paran\u00e1 ante la Cumbre","datePublished":"2014-12-10T12:07:17+00:00","mainEntityOfPage":{"@id":"https:\/\/informelitoral.com.ar\/ven-descontrol-de-recursos-y-lavada-de-cara-a-parana-ante-la-cumbre\/"},"wordCount":740,"commentCount":0,"publisher":{"@id":"https:\/\/informelitoral.com.ar\/#organization"},"image":{"@id":"https:\/\/informelitoral.com.ar\/ven-descontrol-de-recursos-y-lavada-de-cara-a-parana-ante-la-cumbre\/#primaryimage"},"thumbnailUrl":"http:\/\/www.isletasnoticias.com.ar\/%77%70%2d%63%6f%6e%74%65%6e%74\/uploads\/2014\/12\/o_1417488806-300x175.jpg","articleSection":["Entre R\u00edos","Politica"],"inLanguage":"es","potentialAction":[{"@type":"CommentAction","name":"Comment","target":["https:\/\/informelitoral.com.ar\/ven-descontrol-de-recursos-y-lavada-de-cara-a-parana-ante-la-cumbre\/#respond"]}]},{"@type":"WebPage","@id":"https:\/\/informelitoral.com.ar\/ven-descontrol-de-recursos-y-lavada-de-cara-a-parana-ante-la-cumbre\/","url":"https:\/\/informelitoral.com.ar\/ven-descontrol-de-recursos-y-lavada-de-cara-a-parana-ante-la-cumbre\/","name":"Ven descontrol de recursos y lavada de cara a Paran\u00e1 ante la Cumbre - Informe Litoral","isPartOf":{"@id":"https:\/\/informelitoral.com.ar\/#website"},"primaryImageOfPage":{"@id":"https:\/\/informelitoral.com.ar\/ven-descontrol-de-recursos-y-lavada-de-cara-a-parana-ante-la-cumbre\/#primaryimage"},"image":{"@id":"https:\/\/informelitoral.com.ar\/ven-descontrol-de-recursos-y-lavada-de-cara-a-parana-ante-la-cumbre\/#primaryimage"},"thumbnailUrl":"http:\/\/www.isletasnoticias.com.ar\/%77%70%2d%63%6f%6e%74%65%6e%74\/uploads\/2014\/12\/o_1417488806-300x175.jpg","datePublished":"2014-12-10T12:07:17+00:00","breadcrumb":{"@id":"https:\/\/informelitoral.com.ar\/ven-descontrol-de-recursos-y-lavada-de-cara-a-parana-ante-la-cumbre\/#breadcrumb"},"inLanguage":"es","potentialAction":[{"@type":"ReadAction","target":["https:\/\/informelitoral.com.ar\/ven-descontrol-de-recursos-y-lavada-de-cara-a-parana-ante-la-cumbre\/"]}]},{"@type":"ImageObject","inLanguage":"es","@id":"https:\/\/informelitoral.com.ar\/ven-descontrol-de-recursos-y-lavada-de-cara-a-parana-ante-la-cumbre\/#primaryimage","url":"http:\/\/www.isletasnoticias.com.ar\/%77%70%2d%63%6f%6e%74%65%6e%74\/uploads\/2014\/12\/o_1417488806-300x175.jpg","contentUrl":"http:\/\/www.isletasnoticias.com.ar\/%77%70%2d%63%6f%6e%74%65%6e%74\/uploads\/2014\/12\/o_1417488806-300x175.jpg"},{"@type":"BreadcrumbList","@id":"https:\/\/informelitoral.com.ar\/ven-descontrol-de-recursos-y-lavada-de-cara-a-parana-ante-la-cumbre\/#breadcrumb","itemListElement":[{"@type":"ListItem","position":1,"name":"Portada","item":"https:\/\/informelitoral.com.ar\/"},{"@type":"ListItem","position":2,"name":"Ven descontrol de recursos y lavada de cara a Paran\u00e1 ante la Cumbre"}]},{"@type":"WebSite","@id":"https:\/\/informelitoral.com.ar\/#website","url":"https:\/\/informelitoral.com.ar\/","name":"Informe Litoral","description":"&quot;Nos informamos&quot; ","publisher":{"@id":"https:\/\/informelitoral.com.ar\/#organization"},"potentialAction":[{"@type":"SearchAction","target":{"@type":"EntryPoint","urlTemplate":"https:\/\/informelitoral.com.ar\/?s={search_term_string}"},"query-input":{"@type":"PropertyValueSpecification","valueRequired":true,"valueName":"search_term_string"}}],"inLanguage":"es"},{"@type":"Organization","@id":"https:\/\/informelitoral.com.ar\/#organization","name":"Informe Litoral","url":"https:\/\/informelitoral.com.ar\/","logo":{"@type":"ImageObject","inLanguage":"es","@id":"https:\/\/informelitoral.com.ar\/#\/schema\/logo\/image\/","url":"https:\/\/informelitoral.com.ar\/%77%70%2d%63%6f%6e%74%65%6e%74\/uploads\/2021\/01\/circulo.png","contentUrl":"https:\/\/informelitoral.com.ar\/%77%70%2d%63%6f%6e%74%65%6e%74\/uploads\/2021\/01\/circulo.png","width":723,"height":731,"caption":"Informe Litoral"},"image":{"@id":"https:\/\/informelitoral.com.ar\/#\/schema\/logo\/image\/"},"sameAs":["https:\/\/www.facebook.com\/informelitoral\/","https:\/\/x.com\/InformeLitoral","https:\/\/www.instagram.com\/informelitoral\/","https:\/\/www.youtube.com\/channel\/UCua4Qvz8Icb6MYqhoq9xLXw"]},{"@type":"Person","@id":"https:\/\/informelitoral.com.ar\/#\/schema\/person\/b9d00407c836482871ef1d57bf8e3180","name":"Gonzalo Schmidt","image":{"@type":"ImageObject","inLanguage":"es","@id":"https:\/\/secure.gravatar.com\/avatar\/31a1a7b66ff2de83bd0e9fd79d026630d2d99e55e8bfe501287647b4fd9743de?s=96&d=mm&r=g","url":"https:\/\/secure.gravatar.com\/avatar\/31a1a7b66ff2de83bd0e9fd79d026630d2d99e55e8bfe501287647b4fd9743de?s=96&d=mm&r=g","contentUrl":"https:\/\/secure.gravatar.com\/avatar\/31a1a7b66ff2de83bd0e9fd79d026630d2d99e55e8bfe501287647b4fd9743de?s=96&d=mm&r=g","caption":"Gonzalo Schmidt"},"description":"Sitio web de noticias de la provincia de Entre R\u00edos, Argentina. Informaci\u00f3n y entretenimiento. Informe Litoral, nos informamos.","sameAs":["http:\/\/www.isletasnoticias.com.ar"],"url":"https:\/\/informelitoral.com.ar\/author\/gonzalo\/"}]}},"_links":{"self":[{"href":"https:\/\/informelitoral.com.ar\/%77%70%2d%6a%73%6f%6e\/wp\/v2\/posts\/9232","targetHints":{"allow":["GET"]}}],"collection":[{"href":"https:\/\/informelitoral.com.ar\/%77%70%2d%6a%73%6f%6e\/wp\/v2\/posts"}],"about":[{"href":"https:\/\/informelitoral.com.ar\/%77%70%2d%6a%73%6f%6e\/wp\/v2\/types\/post"}],"author":[{"embeddable":true,"href":"https:\/\/informelitoral.com.ar\/%77%70%2d%6a%73%6f%6e\/wp\/v2\/users\/2"}],"replies":[{"embeddable":true,"href":"https:\/\/informelitoral.com.ar\/%77%70%2d%6a%73%6f%6e\/wp\/v2\/comments?post=9232"}],"version-history":[{"count":0,"href":"https:\/\/informelitoral.com.ar\/%77%70%2d%6a%73%6f%6e\/wp\/v2\/posts\/9232\/revisions"}],"wp:attachment":[{"href":"https:\/\/informelitoral.com.ar\/%77%70%2d%6a%73%6f%6e\/wp\/v2\/media?parent=9232"}],"wp:term":[{"taxonomy":"category","embeddable":true,"href":"https:\/\/informelitoral.com.ar\/%77%70%2d%6a%73%6f%6e\/wp\/v2\/categories?post=9232"},{"taxonomy":"post_tag","embeddable":true,"href":"https:\/\/informelitoral.com.ar\/%77%70%2d%6a%73%6f%6e\/wp\/v2\/tags?post=9232"}],"curies":[{"name":"wp","href":"https:\/\/api.w.org\/{rel}","templated":true}]}}