{"id":920,"date":"2013-04-10T13:06:26","date_gmt":"2013-04-10T16:06:26","guid":{"rendered":"http:\/\/www.isletasnoticias.com.ar\/?p=920"},"modified":"2013-04-10T13:07:36","modified_gmt":"2013-04-10T16:07:36","slug":"pese-a-la-resolucion-ypf-advirtio-que-igual-podria-subir-los-precios","status":"publish","type":"post","link":"https:\/\/informelitoral.com.ar\/pese-a-la-resolucion-ypf-advirtio-que-igual-podria-subir-los-precios\/","title":{"rendered":"Pese a la resoluci\u00f3n YPF advirti\u00f3 que igual podr\u00eda subir los precios"},"content":{"rendered":"<p><strong>La petrolera estatal afirm\u00f3 que la\u00a0<a href=\"http:\/\/www.infobae.com\/notas\/705103-El-Gobierno-ordeno-congelar-el-precio-de-los-combustibles-por-seis-meses.html\" target=\"_blank\">Resoluci\u00f3n<\/a>\u00a0publicada en el Bolet\u00edn Oficial <em>\u00abno altera su pol\u00edtica de precios de combustibles\u00a0y no modifica su plan de negocio para este a\u00f1o\u00bb<\/em>. El a\u00f1o pasado,\u00a0<a href=\"http:\/\/www.infobae.com\/notas\/688842-Galuccio-advirtio-que-YPF-seguira-subiendo-los-precios-de-los-combustibles.html\" target=\"_blank\">hubo aumentos de casi 30%<\/a>.<\/strong><\/p>\n<p><img loading=\"lazy\" decoding=\"async\" class=\"size-medium wp-image-921 alignleft\" title=\"Sede de YPF en Puerto Madero.\" alt=\"ypf_40\" src=\"http:\/\/www.isletasnoticias.com.ar\/%77%70%2d%63%6f%6e%74%65%6e%74\/uploads\/2013\/04\/ypf_40-300x168.jpg\" width=\"300\" height=\"168\" srcset=\"https:\/\/informelitoral.com.ar\/%77%70%2d%63%6f%6e%74%65%6e%74\/uploads\/2013\/04\/ypf_40-300x168.jpg 300w, https:\/\/informelitoral.com.ar\/%77%70%2d%63%6f%6e%74%65%6e%74\/uploads\/2013\/04\/ypf_40.jpg 652w\" sizes=\"auto, (max-width: 300px) 100vw, 300px\" \/><\/p>\n<p>En el comunicado, la\u00a0empresa explica que <em>\u00ab<strong>la resoluci\u00f3n dispone topes m\u00e1ximos para los precios<\/strong>\u00a0de los combustibles l\u00edquidos durante los pr\u00f3ximos seis meses, aunque<strong>no fija los precios que cada petrolera debe disponer<\/strong>\u00ab.<\/em><\/p>\n<p>En ese sentido, YPF destaca que <em>\u00absus precios son los m\u00e1s bajos del mercado en todo el pa\u00eds, con diferencias muy significativas con la competencia\u00bb.<\/em><\/p>\n<p>Cabe destacar que\u00a0la petrolera estatal\u00a0<strong>cuenta con una amplia brecha con los precios de sus competidoras para poder corregir sus precios de ser necesario<\/strong>.<\/p>\n<p>Adem\u00e1s, en algunas ciudades del interior de la provincia de Buenos Aires, la nafta S\u00faper supera ampliamente los 7 pesos, mientras que, por ejemplo, en La Plata, el mismo est\u00e1 en $6,52. Lo que\u00a0<strong>le permitir\u00eda incrementar sus productos en cerca del 20%<\/strong>.<\/p>\n<p>Pese a que a\u00fan no hicieron ninguna declaraci\u00f3n oficial, e<strong>l resto de las petroleras est\u00e1n en una situaci\u00f3n similar a la de YPF<\/strong>, por lo que pese a la resoluci\u00f3n, tambi\u00e9n podr\u00edan retocar los precios de sus combustibles.<\/p>\n<p>Ayer el CEO de la empresa,\u00a0<strong>Miguel Galuccio<\/strong>, desde la sede de la petrolera en Puerto Madero, afirm\u00f3: <em>\u00abTenemos una pol\u00edtica de precios, tenemos un plan que, como contempla costos y vol\u00famenes, tambi\u00e9n contempla precios y vamos a continuar con ese plan de acuerdo a como lo venimos manejando\u00bb.<\/em><\/p>\n<p>Fuente: Infobae.<\/p>\n","protected":false},"excerpt":{"rendered":"<p>La petrolera estatal afirm&oacute; que la&nbsp;Resoluci&oacute;n&nbsp;publicada en el Bolet&iacute;n Oficial &laquo;no altera su pol&iacute;tica de precios de combustibles&nbsp;y no modifica su plan de negocio para este a&ntilde;o&raquo;. El a&ntilde;o pasado,&nbsp;hubo aumentos de casi 30%. En el comunicado, la&nbsp;empresa explica que &laquo;la resoluci&oacute;n dispone topes m&aacute;ximos para los precios&nbsp;de los combustibles l&iacute;quidos durante los pr&oacute;ximos seis [&hellip;]<\/p>\n","protected":false},"author":2,"featured_media":0,"comment_status":"open","ping_status":"open","sticky":false,"template":"","format":"standard","meta":{"fifu_image_url":"","fifu_image_alt":"","footnotes":""},"categories":[7],"tags":[],"class_list":{"0":"post-920","1":"post","2":"type-post","3":"status-publish","4":"format-standard","6":"category-nacionales"},"yoast_head":"<title>Pese a la resoluci\u00f3n YPF advirti\u00f3 que igual podr\u00eda subir los precios - Informe Litoral<\/title>\n<meta name=\"robots\" content=\"index, follow, max-snippet:-1, max-image-preview:large, max-video-preview:-1\" \/>\n<link rel=\"canonical\" href=\"https:\/\/informelitoral.com.ar\/pese-a-la-resolucion-ypf-advirtio-que-igual-podria-subir-los-precios\/\" \/>\n<meta property=\"og:locale\" content=\"es_ES\" \/>\n<meta property=\"og:type\" content=\"article\" \/>\n<meta property=\"og:title\" content=\"Pese a la resoluci\u00f3n YPF advirti\u00f3 que igual podr\u00eda subir los precios - Informe Litoral\" \/>\n<meta property=\"og:description\" content=\"La petrolera estatal afirm&oacute; que la&nbsp;Resoluci&oacute;n&nbsp;publicada en el Bolet&iacute;n Oficial &laquo;no altera su pol&iacute;tica de precios de combustibles&nbsp;y no modifica su plan de negocio para este a&ntilde;o&raquo;. El a&ntilde;o pasado,&nbsp;hubo aumentos de casi 30%. En el comunicado, la&nbsp;empresa explica que &laquo;la resoluci&oacute;n dispone topes m&aacute;ximos para los precios&nbsp;de los combustibles l&iacute;quidos durante los pr&oacute;ximos seis [&hellip;]\" \/>\n<meta property=\"og:url\" content=\"https:\/\/informelitoral.com.ar\/pese-a-la-resolucion-ypf-advirtio-que-igual-podria-subir-los-precios\/\" \/>\n<meta property=\"og:site_name\" content=\"Informe Litoral\" \/>\n<meta property=\"article:publisher\" content=\"https:\/\/www.facebook.com\/informelitoral\/\" \/>\n<meta property=\"article:published_time\" content=\"2013-04-10T16:06:26+00:00\" \/>\n<meta property=\"article:modified_time\" content=\"2013-04-10T16:07:36+00:00\" \/>\n<meta property=\"og:image\" content=\"https:\/\/informelitoral.com.ar\/%77%70%2d%63%6f%6e%74%65%6e%74\/uploads\/2013\/04\/ypf_40.jpg\" \/>\n\t<meta property=\"og:image:width\" content=\"652\" \/>\n\t<meta property=\"og:image:height\" content=\"366\" \/>\n\t<meta property=\"og:image:type\" content=\"image\/jpeg\" \/>\n<meta name=\"author\" content=\"Gonzalo Schmidt\" \/>\n<meta name=\"twitter:card\" content=\"summary_large_image\" \/>\n<meta name=\"twitter:creator\" content=\"@InformeLitoral\" \/>\n<meta name=\"twitter:site\" content=\"@InformeLitoral\" \/>\n<meta name=\"twitter:label1\" content=\"Escrito por\" \/>\n\t<meta name=\"twitter:data1\" content=\"Gonzalo Schmidt\" \/>\n\t<meta name=\"twitter:label2\" content=\"Tiempo de lectura\" \/>\n\t<meta name=\"twitter:data2\" content=\"1 minuto\" \/>\n<script type=\"application\/ld+json\" class=\"yoast-schema-graph\">{\"@context\":\"https:\\\/\\\/schema.org\",\"@graph\":[{\"@type\":\"Article\",\"@id\":\"https:\\\/\\\/informelitoral.com.ar\\\/pese-a-la-resolucion-ypf-advirtio-que-igual-podria-subir-los-precios\\\/#article\",\"isPartOf\":{\"@id\":\"https:\\\/\\\/informelitoral.com.ar\\\/pese-a-la-resolucion-ypf-advirtio-que-igual-podria-subir-los-precios\\\/\"},\"author\":{\"name\":\"Gonzalo Schmidt\",\"@id\":\"https:\\\/\\\/informelitoral.com.ar\\\/#\\\/schema\\\/person\\\/b9d00407c836482871ef1d57bf8e3180\"},\"headline\":\"Pese a la resoluci\u00f3n YPF advirti\u00f3 que igual podr\u00eda subir los precios\",\"datePublished\":\"2013-04-10T16:06:26+00:00\",\"dateModified\":\"2013-04-10T16:07:36+00:00\",\"mainEntityOfPage\":{\"@id\":\"https:\\\/\\\/informelitoral.com.ar\\\/pese-a-la-resolucion-ypf-advirtio-que-igual-podria-subir-los-precios\\\/\"},\"wordCount\":287,\"commentCount\":0,\"publisher\":{\"@id\":\"https:\\\/\\\/informelitoral.com.ar\\\/#organization\"},\"image\":{\"@id\":\"https:\\\/\\\/informelitoral.com.ar\\\/pese-a-la-resolucion-ypf-advirtio-que-igual-podria-subir-los-precios\\\/#primaryimage\"},\"thumbnailUrl\":\"http:\\\/\\\/www.isletasnoticias.com.ar\\\/%77%70%2d%63%6f%6e%74%65%6e%74\\\/uploads\\\/2013\\\/04\\\/ypf_40-300x168.jpg\",\"articleSection\":[\"Nacionales\"],\"inLanguage\":\"es\",\"potentialAction\":[{\"@type\":\"CommentAction\",\"name\":\"Comment\",\"target\":[\"https:\\\/\\\/informelitoral.com.ar\\\/pese-a-la-resolucion-ypf-advirtio-que-igual-podria-subir-los-precios\\\/#respond\"]}]},{\"@type\":\"WebPage\",\"@id\":\"https:\\\/\\\/informelitoral.com.ar\\\/pese-a-la-resolucion-ypf-advirtio-que-igual-podria-subir-los-precios\\\/\",\"url\":\"https:\\\/\\\/informelitoral.com.ar\\\/pese-a-la-resolucion-ypf-advirtio-que-igual-podria-subir-los-precios\\\/\",\"name\":\"Pese a la resoluci\u00f3n YPF advirti\u00f3 que igual podr\u00eda subir los precios - Informe Litoral\",\"isPartOf\":{\"@id\":\"https:\\\/\\\/informelitoral.com.ar\\\/#website\"},\"primaryImageOfPage\":{\"@id\":\"https:\\\/\\\/informelitoral.com.ar\\\/pese-a-la-resolucion-ypf-advirtio-que-igual-podria-subir-los-precios\\\/#primaryimage\"},\"image\":{\"@id\":\"https:\\\/\\\/informelitoral.com.ar\\\/pese-a-la-resolucion-ypf-advirtio-que-igual-podria-subir-los-precios\\\/#primaryimage\"},\"thumbnailUrl\":\"http:\\\/\\\/www.isletasnoticias.com.ar\\\/%77%70%2d%63%6f%6e%74%65%6e%74\\\/uploads\\\/2013\\\/04\\\/ypf_40-300x168.jpg\",\"datePublished\":\"2013-04-10T16:06:26+00:00\",\"dateModified\":\"2013-04-10T16:07:36+00:00\",\"breadcrumb\":{\"@id\":\"https:\\\/\\\/informelitoral.com.ar\\\/pese-a-la-resolucion-ypf-advirtio-que-igual-podria-subir-los-precios\\\/#breadcrumb\"},\"inLanguage\":\"es\",\"potentialAction\":[{\"@type\":\"ReadAction\",\"target\":[\"https:\\\/\\\/informelitoral.com.ar\\\/pese-a-la-resolucion-ypf-advirtio-que-igual-podria-subir-los-precios\\\/\"]}]},{\"@type\":\"ImageObject\",\"inLanguage\":\"es\",\"@id\":\"https:\\\/\\\/informelitoral.com.ar\\\/pese-a-la-resolucion-ypf-advirtio-que-igual-podria-subir-los-precios\\\/#primaryimage\",\"url\":\"http:\\\/\\\/www.isletasnoticias.com.ar\\\/%77%70%2d%63%6f%6e%74%65%6e%74\\\/uploads\\\/2013\\\/04\\\/ypf_40-300x168.jpg\",\"contentUrl\":\"http:\\\/\\\/www.isletasnoticias.com.ar\\\/%77%70%2d%63%6f%6e%74%65%6e%74\\\/uploads\\\/2013\\\/04\\\/ypf_40-300x168.jpg\"},{\"@type\":\"BreadcrumbList\",\"@id\":\"https:\\\/\\\/informelitoral.com.ar\\\/pese-a-la-resolucion-ypf-advirtio-que-igual-podria-subir-los-precios\\\/#breadcrumb\",\"itemListElement\":[{\"@type\":\"ListItem\",\"position\":1,\"name\":\"Portada\",\"item\":\"https:\\\/\\\/informelitoral.com.ar\\\/\"},{\"@type\":\"ListItem\",\"position\":2,\"name\":\"Pese a la resoluci\u00f3n YPF advirti\u00f3 que igual podr\u00eda subir los precios\"}]},{\"@type\":\"WebSite\",\"@id\":\"https:\\\/\\\/informelitoral.com.ar\\\/#website\",\"url\":\"https:\\\/\\\/informelitoral.com.ar\\\/\",\"name\":\"Informe Litoral\",\"description\":\"&quot;Nos informamos&quot; \",\"publisher\":{\"@id\":\"https:\\\/\\\/informelitoral.com.ar\\\/#organization\"},\"potentialAction\":[{\"@type\":\"SearchAction\",\"target\":{\"@type\":\"EntryPoint\",\"urlTemplate\":\"https:\\\/\\\/informelitoral.com.ar\\\/?s={search_term_string}\"},\"query-input\":{\"@type\":\"PropertyValueSpecification\",\"valueRequired\":true,\"valueName\":\"search_term_string\"}}],\"inLanguage\":\"es\"},{\"@type\":\"Organization\",\"@id\":\"https:\\\/\\\/informelitoral.com.ar\\\/#organization\",\"name\":\"Informe Litoral\",\"url\":\"https:\\\/\\\/informelitoral.com.ar\\\/\",\"logo\":{\"@type\":\"ImageObject\",\"inLanguage\":\"es\",\"@id\":\"https:\\\/\\\/informelitoral.com.ar\\\/#\\\/schema\\\/logo\\\/image\\\/\",\"url\":\"https:\\\/\\\/informelitoral.com.ar\\\/%77%70%2d%63%6f%6e%74%65%6e%74\\\/uploads\\\/2021\\\/01\\\/circulo.png\",\"contentUrl\":\"https:\\\/\\\/informelitoral.com.ar\\\/%77%70%2d%63%6f%6e%74%65%6e%74\\\/uploads\\\/2021\\\/01\\\/circulo.png\",\"width\":723,\"height\":731,\"caption\":\"Informe Litoral\"},\"image\":{\"@id\":\"https:\\\/\\\/informelitoral.com.ar\\\/#\\\/schema\\\/logo\\\/image\\\/\"},\"sameAs\":[\"https:\\\/\\\/www.facebook.com\\\/informelitoral\\\/\",\"https:\\\/\\\/x.com\\\/InformeLitoral\",\"https:\\\/\\\/www.instagram.com\\\/informelitoral\\\/\",\"https:\\\/\\\/www.youtube.com\\\/channel\\\/UCua4Qvz8Icb6MYqhoq9xLXw\"]},{\"@type\":\"Person\",\"@id\":\"https:\\\/\\\/informelitoral.com.ar\\\/#\\\/schema\\\/person\\\/b9d00407c836482871ef1d57bf8e3180\",\"name\":\"Gonzalo Schmidt\",\"image\":{\"@type\":\"ImageObject\",\"inLanguage\":\"es\",\"@id\":\"https:\\\/\\\/secure.gravatar.com\\\/avatar\\\/31a1a7b66ff2de83bd0e9fd79d026630d2d99e55e8bfe501287647b4fd9743de?s=96&d=mm&r=g\",\"url\":\"https:\\\/\\\/secure.gravatar.com\\\/avatar\\\/31a1a7b66ff2de83bd0e9fd79d026630d2d99e55e8bfe501287647b4fd9743de?s=96&d=mm&r=g\",\"contentUrl\":\"https:\\\/\\\/secure.gravatar.com\\\/avatar\\\/31a1a7b66ff2de83bd0e9fd79d026630d2d99e55e8bfe501287647b4fd9743de?s=96&d=mm&r=g\",\"caption\":\"Gonzalo Schmidt\"},\"description\":\"Sitio web de noticias de la provincia de Entre R\u00edos, Argentina. Informaci\u00f3n y entretenimiento. Informe Litoral, nos informamos.\",\"sameAs\":[\"http:\\\/\\\/www.isletasnoticias.com.ar\"],\"url\":\"https:\\\/\\\/informelitoral.com.ar\\\/author\\\/gonzalo\\\/\"}]}<\/script>","yoast_head_json":{"title":"Pese a la resoluci\u00f3n YPF advirti\u00f3 que igual podr\u00eda subir los precios - Informe Litoral","robots":{"index":"index","follow":"follow","max-snippet":"max-snippet:-1","max-image-preview":"max-image-preview:large","max-video-preview":"max-video-preview:-1"},"canonical":"https:\/\/informelitoral.com.ar\/pese-a-la-resolucion-ypf-advirtio-que-igual-podria-subir-los-precios\/","og_locale":"es_ES","og_type":"article","og_title":"Pese a la resoluci\u00f3n YPF advirti\u00f3 que igual podr\u00eda subir los precios - Informe Litoral","og_description":"La petrolera estatal afirm&oacute; que la&nbsp;Resoluci&oacute;n&nbsp;publicada en el Bolet&iacute;n Oficial &laquo;no altera su pol&iacute;tica de precios de combustibles&nbsp;y no modifica su plan de negocio para este a&ntilde;o&raquo;. El a&ntilde;o pasado,&nbsp;hubo aumentos de casi 30%. En el comunicado, la&nbsp;empresa explica que &laquo;la resoluci&oacute;n dispone topes m&aacute;ximos para los precios&nbsp;de los combustibles l&iacute;quidos durante los pr&oacute;ximos seis [&hellip;]","og_url":"https:\/\/informelitoral.com.ar\/pese-a-la-resolucion-ypf-advirtio-que-igual-podria-subir-los-precios\/","og_site_name":"Informe Litoral","article_publisher":"https:\/\/www.facebook.com\/informelitoral\/","article_published_time":"2013-04-10T16:06:26+00:00","article_modified_time":"2013-04-10T16:07:36+00:00","og_image":[{"width":652,"height":366,"url":"https:\/\/informelitoral.com.ar\/%77%70%2d%63%6f%6e%74%65%6e%74\/uploads\/2013\/04\/ypf_40.jpg","type":"image\/jpeg"}],"author":"Gonzalo Schmidt","twitter_card":"summary_large_image","twitter_creator":"@InformeLitoral","twitter_site":"@InformeLitoral","twitter_misc":{"Escrito por":"Gonzalo Schmidt","Tiempo de lectura":"1 minuto"},"schema":{"@context":"https:\/\/schema.org","@graph":[{"@type":"Article","@id":"https:\/\/informelitoral.com.ar\/pese-a-la-resolucion-ypf-advirtio-que-igual-podria-subir-los-precios\/#article","isPartOf":{"@id":"https:\/\/informelitoral.com.ar\/pese-a-la-resolucion-ypf-advirtio-que-igual-podria-subir-los-precios\/"},"author":{"name":"Gonzalo Schmidt","@id":"https:\/\/informelitoral.com.ar\/#\/schema\/person\/b9d00407c836482871ef1d57bf8e3180"},"headline":"Pese a la resoluci\u00f3n YPF advirti\u00f3 que igual podr\u00eda subir los precios","datePublished":"2013-04-10T16:06:26+00:00","dateModified":"2013-04-10T16:07:36+00:00","mainEntityOfPage":{"@id":"https:\/\/informelitoral.com.ar\/pese-a-la-resolucion-ypf-advirtio-que-igual-podria-subir-los-precios\/"},"wordCount":287,"commentCount":0,"publisher":{"@id":"https:\/\/informelitoral.com.ar\/#organization"},"image":{"@id":"https:\/\/informelitoral.com.ar\/pese-a-la-resolucion-ypf-advirtio-que-igual-podria-subir-los-precios\/#primaryimage"},"thumbnailUrl":"http:\/\/www.isletasnoticias.com.ar\/%77%70%2d%63%6f%6e%74%65%6e%74\/uploads\/2013\/04\/ypf_40-300x168.jpg","articleSection":["Nacionales"],"inLanguage":"es","potentialAction":[{"@type":"CommentAction","name":"Comment","target":["https:\/\/informelitoral.com.ar\/pese-a-la-resolucion-ypf-advirtio-que-igual-podria-subir-los-precios\/#respond"]}]},{"@type":"WebPage","@id":"https:\/\/informelitoral.com.ar\/pese-a-la-resolucion-ypf-advirtio-que-igual-podria-subir-los-precios\/","url":"https:\/\/informelitoral.com.ar\/pese-a-la-resolucion-ypf-advirtio-que-igual-podria-subir-los-precios\/","name":"Pese a la resoluci\u00f3n YPF advirti\u00f3 que igual podr\u00eda subir los precios - Informe Litoral","isPartOf":{"@id":"https:\/\/informelitoral.com.ar\/#website"},"primaryImageOfPage":{"@id":"https:\/\/informelitoral.com.ar\/pese-a-la-resolucion-ypf-advirtio-que-igual-podria-subir-los-precios\/#primaryimage"},"image":{"@id":"https:\/\/informelitoral.com.ar\/pese-a-la-resolucion-ypf-advirtio-que-igual-podria-subir-los-precios\/#primaryimage"},"thumbnailUrl":"http:\/\/www.isletasnoticias.com.ar\/%77%70%2d%63%6f%6e%74%65%6e%74\/uploads\/2013\/04\/ypf_40-300x168.jpg","datePublished":"2013-04-10T16:06:26+00:00","dateModified":"2013-04-10T16:07:36+00:00","breadcrumb":{"@id":"https:\/\/informelitoral.com.ar\/pese-a-la-resolucion-ypf-advirtio-que-igual-podria-subir-los-precios\/#breadcrumb"},"inLanguage":"es","potentialAction":[{"@type":"ReadAction","target":["https:\/\/informelitoral.com.ar\/pese-a-la-resolucion-ypf-advirtio-que-igual-podria-subir-los-precios\/"]}]},{"@type":"ImageObject","inLanguage":"es","@id":"https:\/\/informelitoral.com.ar\/pese-a-la-resolucion-ypf-advirtio-que-igual-podria-subir-los-precios\/#primaryimage","url":"http:\/\/www.isletasnoticias.com.ar\/%77%70%2d%63%6f%6e%74%65%6e%74\/uploads\/2013\/04\/ypf_40-300x168.jpg","contentUrl":"http:\/\/www.isletasnoticias.com.ar\/%77%70%2d%63%6f%6e%74%65%6e%74\/uploads\/2013\/04\/ypf_40-300x168.jpg"},{"@type":"BreadcrumbList","@id":"https:\/\/informelitoral.com.ar\/pese-a-la-resolucion-ypf-advirtio-que-igual-podria-subir-los-precios\/#breadcrumb","itemListElement":[{"@type":"ListItem","position":1,"name":"Portada","item":"https:\/\/informelitoral.com.ar\/"},{"@type":"ListItem","position":2,"name":"Pese a la resoluci\u00f3n YPF advirti\u00f3 que igual podr\u00eda subir los precios"}]},{"@type":"WebSite","@id":"https:\/\/informelitoral.com.ar\/#website","url":"https:\/\/informelitoral.com.ar\/","name":"Informe Litoral","description":"&quot;Nos informamos&quot; ","publisher":{"@id":"https:\/\/informelitoral.com.ar\/#organization"},"potentialAction":[{"@type":"SearchAction","target":{"@type":"EntryPoint","urlTemplate":"https:\/\/informelitoral.com.ar\/?s={search_term_string}"},"query-input":{"@type":"PropertyValueSpecification","valueRequired":true,"valueName":"search_term_string"}}],"inLanguage":"es"},{"@type":"Organization","@id":"https:\/\/informelitoral.com.ar\/#organization","name":"Informe Litoral","url":"https:\/\/informelitoral.com.ar\/","logo":{"@type":"ImageObject","inLanguage":"es","@id":"https:\/\/informelitoral.com.ar\/#\/schema\/logo\/image\/","url":"https:\/\/informelitoral.com.ar\/%77%70%2d%63%6f%6e%74%65%6e%74\/uploads\/2021\/01\/circulo.png","contentUrl":"https:\/\/informelitoral.com.ar\/%77%70%2d%63%6f%6e%74%65%6e%74\/uploads\/2021\/01\/circulo.png","width":723,"height":731,"caption":"Informe Litoral"},"image":{"@id":"https:\/\/informelitoral.com.ar\/#\/schema\/logo\/image\/"},"sameAs":["https:\/\/www.facebook.com\/informelitoral\/","https:\/\/x.com\/InformeLitoral","https:\/\/www.instagram.com\/informelitoral\/","https:\/\/www.youtube.com\/channel\/UCua4Qvz8Icb6MYqhoq9xLXw"]},{"@type":"Person","@id":"https:\/\/informelitoral.com.ar\/#\/schema\/person\/b9d00407c836482871ef1d57bf8e3180","name":"Gonzalo Schmidt","image":{"@type":"ImageObject","inLanguage":"es","@id":"https:\/\/secure.gravatar.com\/avatar\/31a1a7b66ff2de83bd0e9fd79d026630d2d99e55e8bfe501287647b4fd9743de?s=96&d=mm&r=g","url":"https:\/\/secure.gravatar.com\/avatar\/31a1a7b66ff2de83bd0e9fd79d026630d2d99e55e8bfe501287647b4fd9743de?s=96&d=mm&r=g","contentUrl":"https:\/\/secure.gravatar.com\/avatar\/31a1a7b66ff2de83bd0e9fd79d026630d2d99e55e8bfe501287647b4fd9743de?s=96&d=mm&r=g","caption":"Gonzalo Schmidt"},"description":"Sitio web de noticias de la provincia de Entre R\u00edos, Argentina. Informaci\u00f3n y entretenimiento. Informe Litoral, nos informamos.","sameAs":["http:\/\/www.isletasnoticias.com.ar"],"url":"https:\/\/informelitoral.com.ar\/author\/gonzalo\/"}]}},"_links":{"self":[{"href":"https:\/\/informelitoral.com.ar\/%77%70%2d%6a%73%6f%6e\/wp\/v2\/posts\/920","targetHints":{"allow":["GET"]}}],"collection":[{"href":"https:\/\/informelitoral.com.ar\/%77%70%2d%6a%73%6f%6e\/wp\/v2\/posts"}],"about":[{"href":"https:\/\/informelitoral.com.ar\/%77%70%2d%6a%73%6f%6e\/wp\/v2\/types\/post"}],"author":[{"embeddable":true,"href":"https:\/\/informelitoral.com.ar\/%77%70%2d%6a%73%6f%6e\/wp\/v2\/users\/2"}],"replies":[{"embeddable":true,"href":"https:\/\/informelitoral.com.ar\/%77%70%2d%6a%73%6f%6e\/wp\/v2\/comments?post=920"}],"version-history":[{"count":0,"href":"https:\/\/informelitoral.com.ar\/%77%70%2d%6a%73%6f%6e\/wp\/v2\/posts\/920\/revisions"}],"wp:attachment":[{"href":"https:\/\/informelitoral.com.ar\/%77%70%2d%6a%73%6f%6e\/wp\/v2\/media?parent=920"}],"wp:term":[{"taxonomy":"category","embeddable":true,"href":"https:\/\/informelitoral.com.ar\/%77%70%2d%6a%73%6f%6e\/wp\/v2\/categories?post=920"},{"taxonomy":"post_tag","embeddable":true,"href":"https:\/\/informelitoral.com.ar\/%77%70%2d%6a%73%6f%6e\/wp\/v2\/tags?post=920"}],"curies":[{"name":"wp","href":"https:\/\/api.w.org\/{rel}","templated":true}]}}