{"id":9193,"date":"2014-12-17T15:40:48","date_gmt":"2014-12-17T18:40:48","guid":{"rendered":"http:\/\/www.isletasnoticias.com.ar\/?p=9193"},"modified":"2014-12-21T08:54:41","modified_gmt":"2014-12-21T11:54:41","slug":"isletas-en-dias-egresaran-nueve-tecnicos-en-produccion-agropeacuaria","status":"publish","type":"post","link":"https:\/\/informelitoral.com.ar\/isletas-en-dias-egresaran-nueve-tecnicos-en-produccion-agropeacuaria\/","title":{"rendered":"En horas, Isletas tendr\u00e1 formalmente nueve T\u00e9cnicos en Producci\u00f3n Agropecuaria"},"content":{"rendered":"<div id=\"id_54824fd5b96231b89112937\" class=\"text_exposed_root text_exposed\"><strong>Esta noche egresa la III Promoci\u00f3n de t\u00e9cnicos en Producci\u00f3n Agropecuaria de la Escuela Agrot\u00e9cnica N\u00b0 153. El Acto de Colaci\u00f3n ser\u00e1 este mi\u00e9rcoles a las 20.30. La Recepci\u00f3n se realiz\u00f3 el viernes 12. <em>Los nombres en esta nota.<a href=\"http:\/\/www.isletasnoticias.com.ar\/%77%70%2d%63%6f%6e%74%65%6e%74\/uploads\/2014\/12\/10690159_375554545947909_6124000841820848916_n.jpg\"><img loading=\"lazy\" decoding=\"async\" class=\"aligncenter size-medium wp-image-9194\" src=\"http:\/\/www.isletasnoticias.com.ar\/%77%70%2d%63%6f%6e%74%65%6e%74\/uploads\/2014\/12\/10690159_375554545947909_6124000841820848916_n-300x225.jpg\" alt=\"10690159_375554545947909_6124000841820848916_n\" width=\"300\" height=\"225\" srcset=\"https:\/\/informelitoral.com.ar\/%77%70%2d%63%6f%6e%74%65%6e%74\/uploads\/2014\/12\/10690159_375554545947909_6124000841820848916_n-300x225.jpg 300w, https:\/\/informelitoral.com.ar\/%77%70%2d%63%6f%6e%74%65%6e%74\/uploads\/2014\/12\/10690159_375554545947909_6124000841820848916_n.jpg 960w\" sizes=\"auto, (max-width: 300px) 100vw, 300px\" \/><\/a><\/em><\/strong><\/div>\n<div class=\"text_exposed_root text_exposed\">Faltan apenas horas para que la Escuela de Educaci\u00f3n Agrot\u00e9cnica (EEAT) N\u00b0 153, Horacio Mann de Isletas, despida a la tercera Promoci\u00f3n de t\u00e9cnicos en Producci\u00f3n Agropecuaria.<\/div>\n<div class=\"text_exposed_root text_exposed\"><\/div>\n<div class=\"text_exposed_root text_exposed\">Los nueve j\u00f3venes que en 2015 emprender\u00e1n un nuevo rumbo son: <strong>Carlos Fabi\u00e1n Favorini, Lautaro Augusto Ferrari, Fiorella Evelyn Gadea, Giuliana Ailen Gieco, Karen Estefan\u00eda Gim\u00e9nez, Nazareno Daian Gum\u00e9nez, Andr\u00e9s David Olivero, Anastasio David Sch\u00f6lmann<\/strong> y <strong>Germ\u00e1n Federico Taulada.\u00a0<\/strong><\/div>\n<div class=\"text_exposed_root text_exposed\"><\/div>\n<div class=\"text_exposed_root text_exposed\"><span class=\"text_exposed_show\"> El Acto de Colaci\u00f3n est\u00e1 previsto para este mi\u00e9rcoles 17 a partir de las 20.30 en las instalaciones de la entidad educativa.<\/span><\/div>\n<div class=\"text_exposed_root text_exposed\"><\/div>\n<div class=\"text_exposed_root text_exposed\"><span class=\"text_exposed_show\">Recordemos que la Escuela N\u00b0 153, es la \u00fanica de su tipo en el departamento Diamante, y adem\u00e1s de Isletas, concurren j\u00f3venes de Costa Grande, Chilcas, Distrito Doll, entre otros lugares.<em> (Isletas Noticias)<\/em><\/span><\/div>\n","protected":false},"excerpt":{"rendered":"<p>Esta noche egresa la III Promoci&oacute;n de t&eacute;cnicos en Producci&oacute;n Agropecuaria de la Escuela Agrot&eacute;cnica N&deg; 153. El Acto de Colaci&oacute;n ser&aacute; este mi&eacute;rcoles a las 20.30. La Recepci&oacute;n se realiz&oacute; el viernes 12. Los nombres en esta nota. Faltan apenas horas para que la Escuela de Educaci&oacute;n Agrot&eacute;cnica (EEAT) N&deg; 153, Horacio Mann de [&hellip;]<\/p>\n","protected":false},"author":2,"featured_media":0,"comment_status":"open","ping_status":"open","sticky":false,"template":"","format":"standard","meta":{"fifu_image_url":"","fifu_image_alt":"","footnotes":""},"categories":[4],"tags":[],"class_list":{"0":"post-9193","1":"post","2":"type-post","3":"status-publish","4":"format-standard","6":"category-locales"},"yoast_head":"<title>En horas, Isletas tendr\u00e1 formalmente nueve T\u00e9cnicos en Producci\u00f3n Agropecuaria  - Informe Litoral<\/title>\n<meta name=\"robots\" content=\"index, follow, max-snippet:-1, max-image-preview:large, max-video-preview:-1\" \/>\n<link rel=\"canonical\" href=\"https:\/\/informelitoral.com.ar\/isletas-en-dias-egresaran-nueve-tecnicos-en-produccion-agropeacuaria\/\" \/>\n<meta property=\"og:locale\" content=\"es_ES\" \/>\n<meta property=\"og:type\" content=\"article\" \/>\n<meta property=\"og:title\" content=\"En horas, Isletas tendr\u00e1 formalmente nueve T\u00e9cnicos en Producci\u00f3n Agropecuaria  - Informe Litoral\" \/>\n<meta property=\"og:description\" content=\"Esta noche egresa la III Promoci&oacute;n de t&eacute;cnicos en Producci&oacute;n Agropecuaria de la Escuela Agrot&eacute;cnica N&deg; 153. El Acto de Colaci&oacute;n ser&aacute; este mi&eacute;rcoles a las 20.30. La Recepci&oacute;n se realiz&oacute; el viernes 12. Los nombres en esta nota. Faltan apenas horas para que la Escuela de Educaci&oacute;n Agrot&eacute;cnica (EEAT) N&deg; 153, Horacio Mann de [&hellip;]\" \/>\n<meta property=\"og:url\" content=\"https:\/\/informelitoral.com.ar\/isletas-en-dias-egresaran-nueve-tecnicos-en-produccion-agropeacuaria\/\" \/>\n<meta property=\"og:site_name\" content=\"Informe Litoral\" \/>\n<meta property=\"article:publisher\" content=\"https:\/\/www.facebook.com\/informelitoral\/\" \/>\n<meta property=\"article:published_time\" content=\"2014-12-17T18:40:48+00:00\" \/>\n<meta property=\"article:modified_time\" content=\"2014-12-21T11:54:41+00:00\" \/>\n<meta property=\"og:image\" content=\"https:\/\/informelitoral.com.ar\/%77%70%2d%63%6f%6e%74%65%6e%74\/uploads\/2014\/12\/10690159_375554545947909_6124000841820848916_n.jpg\" \/>\n\t<meta property=\"og:image:width\" content=\"960\" \/>\n\t<meta property=\"og:image:height\" content=\"720\" \/>\n\t<meta property=\"og:image:type\" content=\"image\/jpeg\" \/>\n<meta name=\"author\" content=\"Gonzalo Schmidt\" \/>\n<meta name=\"twitter:card\" content=\"summary_large_image\" \/>\n<meta name=\"twitter:creator\" content=\"@InformeLitoral\" \/>\n<meta name=\"twitter:site\" content=\"@InformeLitoral\" \/>\n<meta name=\"twitter:label1\" content=\"Escrito por\" \/>\n\t<meta name=\"twitter:data1\" content=\"Gonzalo Schmidt\" \/>\n\t<meta name=\"twitter:label2\" content=\"Tiempo de lectura\" \/>\n\t<meta name=\"twitter:data2\" content=\"1 minuto\" \/>\n<script type=\"application\/ld+json\" class=\"yoast-schema-graph\">{\"@context\":\"https:\\\/\\\/schema.org\",\"@graph\":[{\"@type\":\"Article\",\"@id\":\"https:\\\/\\\/informelitoral.com.ar\\\/isletas-en-dias-egresaran-nueve-tecnicos-en-produccion-agropeacuaria\\\/#article\",\"isPartOf\":{\"@id\":\"https:\\\/\\\/informelitoral.com.ar\\\/isletas-en-dias-egresaran-nueve-tecnicos-en-produccion-agropeacuaria\\\/\"},\"author\":{\"name\":\"Gonzalo Schmidt\",\"@id\":\"https:\\\/\\\/informelitoral.com.ar\\\/#\\\/schema\\\/person\\\/b9d00407c836482871ef1d57bf8e3180\"},\"headline\":\"En horas, Isletas tendr\u00e1 formalmente nueve T\u00e9cnicos en Producci\u00f3n Agropecuaria\",\"datePublished\":\"2014-12-17T18:40:48+00:00\",\"dateModified\":\"2014-12-21T11:54:41+00:00\",\"mainEntityOfPage\":{\"@id\":\"https:\\\/\\\/informelitoral.com.ar\\\/isletas-en-dias-egresaran-nueve-tecnicos-en-produccion-agropeacuaria\\\/\"},\"wordCount\":189,\"commentCount\":0,\"publisher\":{\"@id\":\"https:\\\/\\\/informelitoral.com.ar\\\/#organization\"},\"image\":{\"@id\":\"https:\\\/\\\/informelitoral.com.ar\\\/isletas-en-dias-egresaran-nueve-tecnicos-en-produccion-agropeacuaria\\\/#primaryimage\"},\"thumbnailUrl\":\"http:\\\/\\\/www.isletasnoticias.com.ar\\\/%77%70%2d%63%6f%6e%74%65%6e%74\\\/uploads\\\/2014\\\/12\\\/10690159_375554545947909_6124000841820848916_n-300x225.jpg\",\"articleSection\":[\"Isletas\"],\"inLanguage\":\"es\",\"potentialAction\":[{\"@type\":\"CommentAction\",\"name\":\"Comment\",\"target\":[\"https:\\\/\\\/informelitoral.com.ar\\\/isletas-en-dias-egresaran-nueve-tecnicos-en-produccion-agropeacuaria\\\/#respond\"]}]},{\"@type\":\"WebPage\",\"@id\":\"https:\\\/\\\/informelitoral.com.ar\\\/isletas-en-dias-egresaran-nueve-tecnicos-en-produccion-agropeacuaria\\\/\",\"url\":\"https:\\\/\\\/informelitoral.com.ar\\\/isletas-en-dias-egresaran-nueve-tecnicos-en-produccion-agropeacuaria\\\/\",\"name\":\"En horas, Isletas tendr\u00e1 formalmente nueve T\u00e9cnicos en Producci\u00f3n Agropecuaria - Informe Litoral\",\"isPartOf\":{\"@id\":\"https:\\\/\\\/informelitoral.com.ar\\\/#website\"},\"primaryImageOfPage\":{\"@id\":\"https:\\\/\\\/informelitoral.com.ar\\\/isletas-en-dias-egresaran-nueve-tecnicos-en-produccion-agropeacuaria\\\/#primaryimage\"},\"image\":{\"@id\":\"https:\\\/\\\/informelitoral.com.ar\\\/isletas-en-dias-egresaran-nueve-tecnicos-en-produccion-agropeacuaria\\\/#primaryimage\"},\"thumbnailUrl\":\"http:\\\/\\\/www.isletasnoticias.com.ar\\\/%77%70%2d%63%6f%6e%74%65%6e%74\\\/uploads\\\/2014\\\/12\\\/10690159_375554545947909_6124000841820848916_n-300x225.jpg\",\"datePublished\":\"2014-12-17T18:40:48+00:00\",\"dateModified\":\"2014-12-21T11:54:41+00:00\",\"breadcrumb\":{\"@id\":\"https:\\\/\\\/informelitoral.com.ar\\\/isletas-en-dias-egresaran-nueve-tecnicos-en-produccion-agropeacuaria\\\/#breadcrumb\"},\"inLanguage\":\"es\",\"potentialAction\":[{\"@type\":\"ReadAction\",\"target\":[\"https:\\\/\\\/informelitoral.com.ar\\\/isletas-en-dias-egresaran-nueve-tecnicos-en-produccion-agropeacuaria\\\/\"]}]},{\"@type\":\"ImageObject\",\"inLanguage\":\"es\",\"@id\":\"https:\\\/\\\/informelitoral.com.ar\\\/isletas-en-dias-egresaran-nueve-tecnicos-en-produccion-agropeacuaria\\\/#primaryimage\",\"url\":\"http:\\\/\\\/www.isletasnoticias.com.ar\\\/%77%70%2d%63%6f%6e%74%65%6e%74\\\/uploads\\\/2014\\\/12\\\/10690159_375554545947909_6124000841820848916_n-300x225.jpg\",\"contentUrl\":\"http:\\\/\\\/www.isletasnoticias.com.ar\\\/%77%70%2d%63%6f%6e%74%65%6e%74\\\/uploads\\\/2014\\\/12\\\/10690159_375554545947909_6124000841820848916_n-300x225.jpg\"},{\"@type\":\"BreadcrumbList\",\"@id\":\"https:\\\/\\\/informelitoral.com.ar\\\/isletas-en-dias-egresaran-nueve-tecnicos-en-produccion-agropeacuaria\\\/#breadcrumb\",\"itemListElement\":[{\"@type\":\"ListItem\",\"position\":1,\"name\":\"Portada\",\"item\":\"https:\\\/\\\/informelitoral.com.ar\\\/\"},{\"@type\":\"ListItem\",\"position\":2,\"name\":\"En horas, Isletas tendr\u00e1 formalmente nueve T\u00e9cnicos en Producci\u00f3n Agropecuaria\"}]},{\"@type\":\"WebSite\",\"@id\":\"https:\\\/\\\/informelitoral.com.ar\\\/#website\",\"url\":\"https:\\\/\\\/informelitoral.com.ar\\\/\",\"name\":\"Informe Litoral\",\"description\":\"&quot;Nos informamos&quot; \",\"publisher\":{\"@id\":\"https:\\\/\\\/informelitoral.com.ar\\\/#organization\"},\"potentialAction\":[{\"@type\":\"SearchAction\",\"target\":{\"@type\":\"EntryPoint\",\"urlTemplate\":\"https:\\\/\\\/informelitoral.com.ar\\\/?s={search_term_string}\"},\"query-input\":{\"@type\":\"PropertyValueSpecification\",\"valueRequired\":true,\"valueName\":\"search_term_string\"}}],\"inLanguage\":\"es\"},{\"@type\":\"Organization\",\"@id\":\"https:\\\/\\\/informelitoral.com.ar\\\/#organization\",\"name\":\"Informe Litoral\",\"url\":\"https:\\\/\\\/informelitoral.com.ar\\\/\",\"logo\":{\"@type\":\"ImageObject\",\"inLanguage\":\"es\",\"@id\":\"https:\\\/\\\/informelitoral.com.ar\\\/#\\\/schema\\\/logo\\\/image\\\/\",\"url\":\"https:\\\/\\\/informelitoral.com.ar\\\/%77%70%2d%63%6f%6e%74%65%6e%74\\\/uploads\\\/2021\\\/01\\\/circulo.png\",\"contentUrl\":\"https:\\\/\\\/informelitoral.com.ar\\\/%77%70%2d%63%6f%6e%74%65%6e%74\\\/uploads\\\/2021\\\/01\\\/circulo.png\",\"width\":723,\"height\":731,\"caption\":\"Informe Litoral\"},\"image\":{\"@id\":\"https:\\\/\\\/informelitoral.com.ar\\\/#\\\/schema\\\/logo\\\/image\\\/\"},\"sameAs\":[\"https:\\\/\\\/www.facebook.com\\\/informelitoral\\\/\",\"https:\\\/\\\/x.com\\\/InformeLitoral\",\"https:\\\/\\\/www.instagram.com\\\/informelitoral\\\/\",\"https:\\\/\\\/www.youtube.com\\\/channel\\\/UCua4Qvz8Icb6MYqhoq9xLXw\"]},{\"@type\":\"Person\",\"@id\":\"https:\\\/\\\/informelitoral.com.ar\\\/#\\\/schema\\\/person\\\/b9d00407c836482871ef1d57bf8e3180\",\"name\":\"Gonzalo Schmidt\",\"image\":{\"@type\":\"ImageObject\",\"inLanguage\":\"es\",\"@id\":\"https:\\\/\\\/secure.gravatar.com\\\/avatar\\\/31a1a7b66ff2de83bd0e9fd79d026630d2d99e55e8bfe501287647b4fd9743de?s=96&d=mm&r=g\",\"url\":\"https:\\\/\\\/secure.gravatar.com\\\/avatar\\\/31a1a7b66ff2de83bd0e9fd79d026630d2d99e55e8bfe501287647b4fd9743de?s=96&d=mm&r=g\",\"contentUrl\":\"https:\\\/\\\/secure.gravatar.com\\\/avatar\\\/31a1a7b66ff2de83bd0e9fd79d026630d2d99e55e8bfe501287647b4fd9743de?s=96&d=mm&r=g\",\"caption\":\"Gonzalo Schmidt\"},\"description\":\"Sitio web de noticias de la provincia de Entre R\u00edos, Argentina. Informaci\u00f3n y entretenimiento. Informe Litoral, nos informamos.\",\"sameAs\":[\"http:\\\/\\\/www.isletasnoticias.com.ar\"],\"url\":\"https:\\\/\\\/informelitoral.com.ar\\\/author\\\/gonzalo\\\/\"}]}<\/script>","yoast_head_json":{"title":"En horas, Isletas tendr\u00e1 formalmente nueve T\u00e9cnicos en Producci\u00f3n Agropecuaria  - Informe Litoral","robots":{"index":"index","follow":"follow","max-snippet":"max-snippet:-1","max-image-preview":"max-image-preview:large","max-video-preview":"max-video-preview:-1"},"canonical":"https:\/\/informelitoral.com.ar\/isletas-en-dias-egresaran-nueve-tecnicos-en-produccion-agropeacuaria\/","og_locale":"es_ES","og_type":"article","og_title":"En horas, Isletas tendr\u00e1 formalmente nueve T\u00e9cnicos en Producci\u00f3n Agropecuaria  - Informe Litoral","og_description":"Esta noche egresa la III Promoci&oacute;n de t&eacute;cnicos en Producci&oacute;n Agropecuaria de la Escuela Agrot&eacute;cnica N&deg; 153. El Acto de Colaci&oacute;n ser&aacute; este mi&eacute;rcoles a las 20.30. La Recepci&oacute;n se realiz&oacute; el viernes 12. Los nombres en esta nota. Faltan apenas horas para que la Escuela de Educaci&oacute;n Agrot&eacute;cnica (EEAT) N&deg; 153, Horacio Mann de [&hellip;]","og_url":"https:\/\/informelitoral.com.ar\/isletas-en-dias-egresaran-nueve-tecnicos-en-produccion-agropeacuaria\/","og_site_name":"Informe Litoral","article_publisher":"https:\/\/www.facebook.com\/informelitoral\/","article_published_time":"2014-12-17T18:40:48+00:00","article_modified_time":"2014-12-21T11:54:41+00:00","og_image":[{"width":960,"height":720,"url":"https:\/\/informelitoral.com.ar\/%77%70%2d%63%6f%6e%74%65%6e%74\/uploads\/2014\/12\/10690159_375554545947909_6124000841820848916_n.jpg","type":"image\/jpeg"}],"author":"Gonzalo Schmidt","twitter_card":"summary_large_image","twitter_creator":"@InformeLitoral","twitter_site":"@InformeLitoral","twitter_misc":{"Escrito por":"Gonzalo Schmidt","Tiempo de lectura":"1 minuto"},"schema":{"@context":"https:\/\/schema.org","@graph":[{"@type":"Article","@id":"https:\/\/informelitoral.com.ar\/isletas-en-dias-egresaran-nueve-tecnicos-en-produccion-agropeacuaria\/#article","isPartOf":{"@id":"https:\/\/informelitoral.com.ar\/isletas-en-dias-egresaran-nueve-tecnicos-en-produccion-agropeacuaria\/"},"author":{"name":"Gonzalo Schmidt","@id":"https:\/\/informelitoral.com.ar\/#\/schema\/person\/b9d00407c836482871ef1d57bf8e3180"},"headline":"En horas, Isletas tendr\u00e1 formalmente nueve T\u00e9cnicos en Producci\u00f3n Agropecuaria","datePublished":"2014-12-17T18:40:48+00:00","dateModified":"2014-12-21T11:54:41+00:00","mainEntityOfPage":{"@id":"https:\/\/informelitoral.com.ar\/isletas-en-dias-egresaran-nueve-tecnicos-en-produccion-agropeacuaria\/"},"wordCount":189,"commentCount":0,"publisher":{"@id":"https:\/\/informelitoral.com.ar\/#organization"},"image":{"@id":"https:\/\/informelitoral.com.ar\/isletas-en-dias-egresaran-nueve-tecnicos-en-produccion-agropeacuaria\/#primaryimage"},"thumbnailUrl":"http:\/\/www.isletasnoticias.com.ar\/%77%70%2d%63%6f%6e%74%65%6e%74\/uploads\/2014\/12\/10690159_375554545947909_6124000841820848916_n-300x225.jpg","articleSection":["Isletas"],"inLanguage":"es","potentialAction":[{"@type":"CommentAction","name":"Comment","target":["https:\/\/informelitoral.com.ar\/isletas-en-dias-egresaran-nueve-tecnicos-en-produccion-agropeacuaria\/#respond"]}]},{"@type":"WebPage","@id":"https:\/\/informelitoral.com.ar\/isletas-en-dias-egresaran-nueve-tecnicos-en-produccion-agropeacuaria\/","url":"https:\/\/informelitoral.com.ar\/isletas-en-dias-egresaran-nueve-tecnicos-en-produccion-agropeacuaria\/","name":"En horas, Isletas tendr\u00e1 formalmente nueve T\u00e9cnicos en Producci\u00f3n Agropecuaria - Informe Litoral","isPartOf":{"@id":"https:\/\/informelitoral.com.ar\/#website"},"primaryImageOfPage":{"@id":"https:\/\/informelitoral.com.ar\/isletas-en-dias-egresaran-nueve-tecnicos-en-produccion-agropeacuaria\/#primaryimage"},"image":{"@id":"https:\/\/informelitoral.com.ar\/isletas-en-dias-egresaran-nueve-tecnicos-en-produccion-agropeacuaria\/#primaryimage"},"thumbnailUrl":"http:\/\/www.isletasnoticias.com.ar\/%77%70%2d%63%6f%6e%74%65%6e%74\/uploads\/2014\/12\/10690159_375554545947909_6124000841820848916_n-300x225.jpg","datePublished":"2014-12-17T18:40:48+00:00","dateModified":"2014-12-21T11:54:41+00:00","breadcrumb":{"@id":"https:\/\/informelitoral.com.ar\/isletas-en-dias-egresaran-nueve-tecnicos-en-produccion-agropeacuaria\/#breadcrumb"},"inLanguage":"es","potentialAction":[{"@type":"ReadAction","target":["https:\/\/informelitoral.com.ar\/isletas-en-dias-egresaran-nueve-tecnicos-en-produccion-agropeacuaria\/"]}]},{"@type":"ImageObject","inLanguage":"es","@id":"https:\/\/informelitoral.com.ar\/isletas-en-dias-egresaran-nueve-tecnicos-en-produccion-agropeacuaria\/#primaryimage","url":"http:\/\/www.isletasnoticias.com.ar\/%77%70%2d%63%6f%6e%74%65%6e%74\/uploads\/2014\/12\/10690159_375554545947909_6124000841820848916_n-300x225.jpg","contentUrl":"http:\/\/www.isletasnoticias.com.ar\/%77%70%2d%63%6f%6e%74%65%6e%74\/uploads\/2014\/12\/10690159_375554545947909_6124000841820848916_n-300x225.jpg"},{"@type":"BreadcrumbList","@id":"https:\/\/informelitoral.com.ar\/isletas-en-dias-egresaran-nueve-tecnicos-en-produccion-agropeacuaria\/#breadcrumb","itemListElement":[{"@type":"ListItem","position":1,"name":"Portada","item":"https:\/\/informelitoral.com.ar\/"},{"@type":"ListItem","position":2,"name":"En horas, Isletas tendr\u00e1 formalmente nueve T\u00e9cnicos en Producci\u00f3n Agropecuaria"}]},{"@type":"WebSite","@id":"https:\/\/informelitoral.com.ar\/#website","url":"https:\/\/informelitoral.com.ar\/","name":"Informe Litoral","description":"&quot;Nos informamos&quot; ","publisher":{"@id":"https:\/\/informelitoral.com.ar\/#organization"},"potentialAction":[{"@type":"SearchAction","target":{"@type":"EntryPoint","urlTemplate":"https:\/\/informelitoral.com.ar\/?s={search_term_string}"},"query-input":{"@type":"PropertyValueSpecification","valueRequired":true,"valueName":"search_term_string"}}],"inLanguage":"es"},{"@type":"Organization","@id":"https:\/\/informelitoral.com.ar\/#organization","name":"Informe Litoral","url":"https:\/\/informelitoral.com.ar\/","logo":{"@type":"ImageObject","inLanguage":"es","@id":"https:\/\/informelitoral.com.ar\/#\/schema\/logo\/image\/","url":"https:\/\/informelitoral.com.ar\/%77%70%2d%63%6f%6e%74%65%6e%74\/uploads\/2021\/01\/circulo.png","contentUrl":"https:\/\/informelitoral.com.ar\/%77%70%2d%63%6f%6e%74%65%6e%74\/uploads\/2021\/01\/circulo.png","width":723,"height":731,"caption":"Informe Litoral"},"image":{"@id":"https:\/\/informelitoral.com.ar\/#\/schema\/logo\/image\/"},"sameAs":["https:\/\/www.facebook.com\/informelitoral\/","https:\/\/x.com\/InformeLitoral","https:\/\/www.instagram.com\/informelitoral\/","https:\/\/www.youtube.com\/channel\/UCua4Qvz8Icb6MYqhoq9xLXw"]},{"@type":"Person","@id":"https:\/\/informelitoral.com.ar\/#\/schema\/person\/b9d00407c836482871ef1d57bf8e3180","name":"Gonzalo Schmidt","image":{"@type":"ImageObject","inLanguage":"es","@id":"https:\/\/secure.gravatar.com\/avatar\/31a1a7b66ff2de83bd0e9fd79d026630d2d99e55e8bfe501287647b4fd9743de?s=96&d=mm&r=g","url":"https:\/\/secure.gravatar.com\/avatar\/31a1a7b66ff2de83bd0e9fd79d026630d2d99e55e8bfe501287647b4fd9743de?s=96&d=mm&r=g","contentUrl":"https:\/\/secure.gravatar.com\/avatar\/31a1a7b66ff2de83bd0e9fd79d026630d2d99e55e8bfe501287647b4fd9743de?s=96&d=mm&r=g","caption":"Gonzalo Schmidt"},"description":"Sitio web de noticias de la provincia de Entre R\u00edos, Argentina. Informaci\u00f3n y entretenimiento. Informe Litoral, nos informamos.","sameAs":["http:\/\/www.isletasnoticias.com.ar"],"url":"https:\/\/informelitoral.com.ar\/author\/gonzalo\/"}]}},"_links":{"self":[{"href":"https:\/\/informelitoral.com.ar\/%77%70%2d%6a%73%6f%6e\/wp\/v2\/posts\/9193","targetHints":{"allow":["GET"]}}],"collection":[{"href":"https:\/\/informelitoral.com.ar\/%77%70%2d%6a%73%6f%6e\/wp\/v2\/posts"}],"about":[{"href":"https:\/\/informelitoral.com.ar\/%77%70%2d%6a%73%6f%6e\/wp\/v2\/types\/post"}],"author":[{"embeddable":true,"href":"https:\/\/informelitoral.com.ar\/%77%70%2d%6a%73%6f%6e\/wp\/v2\/users\/2"}],"replies":[{"embeddable":true,"href":"https:\/\/informelitoral.com.ar\/%77%70%2d%6a%73%6f%6e\/wp\/v2\/comments?post=9193"}],"version-history":[{"count":0,"href":"https:\/\/informelitoral.com.ar\/%77%70%2d%6a%73%6f%6e\/wp\/v2\/posts\/9193\/revisions"}],"wp:attachment":[{"href":"https:\/\/informelitoral.com.ar\/%77%70%2d%6a%73%6f%6e\/wp\/v2\/media?parent=9193"}],"wp:term":[{"taxonomy":"category","embeddable":true,"href":"https:\/\/informelitoral.com.ar\/%77%70%2d%6a%73%6f%6e\/wp\/v2\/categories?post=9193"},{"taxonomy":"post_tag","embeddable":true,"href":"https:\/\/informelitoral.com.ar\/%77%70%2d%6a%73%6f%6e\/wp\/v2\/tags?post=9193"}],"curies":[{"name":"wp","href":"https:\/\/api.w.org\/{rel}","templated":true}]}}