{"id":91795,"date":"2022-10-27T09:45:09","date_gmt":"2022-10-27T12:45:09","guid":{"rendered":"https:\/\/www.informelitoral.com.ar\/?p=91795"},"modified":"2022-10-27T09:51:48","modified_gmt":"2022-10-27T12:51:48","slug":"ibarra-explico-por-que-no-puso-a-agustin-rossi-en-la-definicion-por-penales-en-la-que-patronato-elimino-a-boca-juniors-de-la-copa-argentina","status":"publish","type":"post","link":"https:\/\/informelitoral.com.ar\/ibarra-explico-por-que-no-puso-a-agustin-rossi-en-la-definicion-por-penales-en-la-que-patronato-elimino-a-boca-juniors-de-la-copa-argentina\/","title":{"rendered":"Ibarra explic\u00f3 por qu\u00e9 no puso a Agust\u00edn Rossi en la definici\u00f3n por penales en la que Patronato elimin\u00f3 a Boca Juniors de la Copa Argentina"},"content":{"rendered":"<div class=\"jwplayer-ctn\">\n<div>\n<div id=\"1ee3e736-e211-49ba-85d2-a1b87c5ee8d7\" class=\"jwplayer jw-reset jw-state-idle jw-stretch-uniform jw-flag-aspect-mode jw-breakpoint-4 jw-floating-dismissible\" tabindex=\"0\" role=\"application\" aria-label=\"Reproductor de Video\" aria-describedby=\"jw-shortcuts-tooltip-explanation\">\n<div class=\"jw-aspect jw-reset\"><b>\u201cDuele porque quer\u00edamos jugar otra final. No se pudo dar y en los penales suelen pasar estas cosas\u201d,<\/b>\u00a0fue el primer an\u00e1lisis que entreg\u00f3\u00a0<b>Hugo Ibarra<\/b>\u00a0luego de la\u00a0eliminaci\u00f3n de Boca Juniors ante Patronato de Paran\u00e1 en las semifinales de la Copa Argentina.<\/div>\n<div class=\"jw-wrapper jw-reset\">\n<div>\n<div>\n<p class=\"paragraph\">La ca\u00edda fue por penales, luego del empate 1-1 en los 90\u2032 reglamentarios, por eso una pregunta recurrente fue por qu\u00e9 no utiliz\u00f3 uno de los cambios en el complemento para hacerlo ingresar desde el banco a\u00a0<b>Agust\u00edn Rossi<\/b>, un especialista en la materia.<\/p>\n<\/div>\n<div class=\"jw-contract-trigger\"><b>\u201cNo, le doy confianza a todos. Los penales es el azar. Si hubi\u00e9semos pasado hubiesen dicho Javi Garc\u00eda ataj\u00f3 un penal\u201d<\/b>, asegur\u00f3. \u201cRescato el esfuerzo de todos los muchachos. Fue un partido complicado donde tuvimos situaciones de gol y no pudimos convertir. Ellos en el primer tiempo llegaron una vez y convirtieron. Los errores se pagan con goles y eso hay que mejorarlo\u201d, continu\u00f3.<\/div>\n<\/div>\n<div class=\"jw-media jw-reset\"><\/div>\n<div class=\"jw-preview jw-reset\"><\/div>\n<div class=\"jw-controls-backdrop jw-reset\">El entrenador xeneize tambi\u00e9n explic\u00f3 qu\u00e9 busc\u00f3 con los 11 cambios para enfrentar al Patr\u00f3n y respald\u00f3 a sus dirigidos:<b>\u00a0\u201cVen\u00edamos con muchos partidos.<\/b>\u00a0El \u00faltimo en La Bombonera donde fuimos campeones (ante Independiente), pero\u00a0<b>con un desgaste an\u00edmico tremendo<\/b>. Eleg\u00ed poner a los mejores que cre\u00eda poner hoy en cancha y as\u00ed fue. Han hecho un trabajo enorme en todo este tiempo y hoy no fue un partido que quiz\u00e1 muchos esperaban porque no jugaron supuestamente los titulares, pero los muchachos que jugaron lo hicieron perfectamente\u201d.<\/div>\n<div class=\"jw-title jw-reset-text\" dir=\"auto\"><\/div>\n<\/div>\n<\/div>\n<\/div>\n<p class=\"paragraph\">A la hora de hacer un an\u00e1lisis m\u00e1s profundo del partido, Ibarra no dud\u00f3: \u201cNo pudimos encontrar el triunfo, pero sali\u00f3 el partido que esper\u00e1bamos y tuvimos situaciones. En el segundo tiempo hubo un equipo que quiso, que fue Boca. Llegamos por los costados, por remates y no se dio.\u00a0<b>Hay que estar tranquillos y felicitar a estos jugadores\u201d.<\/b><\/p>\n<p class=\"paragraph\">Con el dolor por no haber avanzado a una nueva final, el Negro intent\u00f3 minimizar el golpe en la conferencia de prensa: \u201cSiempre queda esa espina cuando qued\u00e1s eliminado por penales cuando tuviste alguna situaci\u00f3n para convertir. Pero en el pasado nos pas\u00f3 eso y esta vez no nos toc\u00f3\u201d.<\/p>\n<\/div>\n","protected":false},"excerpt":{"rendered":"<p>El t\u00e9cnico xeneize apel\u00f3 a un equipo totalmente alternativo con respecto al que ven\u00eda de consagrarse por la Liga Profesional<\/p>\n","protected":false},"author":8,"featured_media":89509,"comment_status":"open","ping_status":"open","sticky":false,"template":"","format":"standard","meta":{"fifu_image_url":"","fifu_image_alt":"","footnotes":""},"categories":[13],"tags":[384],"class_list":{"0":"post-91795","1":"post","2":"type-post","3":"status-publish","4":"format-standard","5":"has-post-thumbnail","7":"category-deportes","8":"tag-boca-juniors"},"yoast_head":"<title>Ibarra explic\u00f3 por qu\u00e9 no puso a Agust\u00edn Rossi en la definici\u00f3n por penales en la que Patronato elimin\u00f3 a Boca Juniors de la Copa Argentina - Informe Litoral<\/title>\n<meta name=\"robots\" content=\"index, follow, max-snippet:-1, max-image-preview:large, max-video-preview:-1\" \/>\n<link rel=\"canonical\" href=\"https:\/\/informelitoral.com.ar\/ibarra-explico-por-que-no-puso-a-agustin-rossi-en-la-definicion-por-penales-en-la-que-patronato-elimino-a-boca-juniors-de-la-copa-argentina\/\" \/>\n<meta property=\"og:locale\" content=\"es_ES\" \/>\n<meta property=\"og:type\" content=\"article\" \/>\n<meta property=\"og:title\" content=\"Ibarra explic\u00f3 por qu\u00e9 no puso a Agust\u00edn Rossi en la definici\u00f3n por penales en la que Patronato elimin\u00f3 a Boca Juniors de la Copa Argentina - Informe Litoral\" \/>\n<meta property=\"og:description\" content=\"El t\u00e9cnico xeneize apel\u00f3 a un equipo totalmente alternativo con respecto al que ven\u00eda de consagrarse por la Liga Profesional\" \/>\n<meta property=\"og:url\" content=\"https:\/\/informelitoral.com.ar\/ibarra-explico-por-que-no-puso-a-agustin-rossi-en-la-definicion-por-penales-en-la-que-patronato-elimino-a-boca-juniors-de-la-copa-argentina\/\" \/>\n<meta property=\"og:site_name\" content=\"Informe Litoral\" \/>\n<meta property=\"article:publisher\" content=\"https:\/\/www.facebook.com\/informelitoral\/\" \/>\n<meta property=\"article:published_time\" content=\"2022-10-27T12:45:09+00:00\" \/>\n<meta property=\"article:modified_time\" content=\"2022-10-27T12:51:48+00:00\" \/>\n<meta property=\"og:image\" content=\"https:\/\/informelitoral.com.ar\/%77%70%2d%63%6f%6e%74%65%6e%74\/uploads\/2022\/10\/P5K5CXQJEBFMJNQRW5F47D2BQQ.webp\" \/>\n\t<meta property=\"og:image:width\" content=\"992\" \/>\n\t<meta property=\"og:image:height\" content=\"1488\" \/>\n\t<meta property=\"og:image:type\" content=\"image\/webp\" \/>\n<meta name=\"author\" content=\"Sebastian\" \/>\n<meta name=\"twitter:card\" content=\"summary_large_image\" \/>\n<meta name=\"twitter:creator\" content=\"@InformeLitoral\" \/>\n<meta name=\"twitter:site\" content=\"@InformeLitoral\" \/>\n<meta name=\"twitter:label1\" content=\"Escrito por\" \/>\n\t<meta name=\"twitter:data1\" content=\"Sebastian\" \/>\n\t<meta name=\"twitter:label2\" content=\"Tiempo de lectura\" \/>\n\t<meta name=\"twitter:data2\" content=\"2 minutos\" \/>\n<script type=\"application\/ld+json\" class=\"yoast-schema-graph\">{\"@context\":\"https:\\\/\\\/schema.org\",\"@graph\":[{\"@type\":\"Article\",\"@id\":\"https:\\\/\\\/informelitoral.com.ar\\\/ibarra-explico-por-que-no-puso-a-agustin-rossi-en-la-definicion-por-penales-en-la-que-patronato-elimino-a-boca-juniors-de-la-copa-argentina\\\/#article\",\"isPartOf\":{\"@id\":\"https:\\\/\\\/informelitoral.com.ar\\\/ibarra-explico-por-que-no-puso-a-agustin-rossi-en-la-definicion-por-penales-en-la-que-patronato-elimino-a-boca-juniors-de-la-copa-argentina\\\/\"},\"author\":{\"name\":\"Sebastian\",\"@id\":\"https:\\\/\\\/informelitoral.com.ar\\\/#\\\/schema\\\/person\\\/f05f9f461677119578717524b127d6d5\"},\"headline\":\"Ibarra explic\u00f3 por qu\u00e9 no puso a Agust\u00edn Rossi en la definici\u00f3n por penales en la que Patronato elimin\u00f3 a Boca Juniors de la Copa Argentina\",\"datePublished\":\"2022-10-27T12:45:09+00:00\",\"dateModified\":\"2022-10-27T12:51:48+00:00\",\"mainEntityOfPage\":{\"@id\":\"https:\\\/\\\/informelitoral.com.ar\\\/ibarra-explico-por-que-no-puso-a-agustin-rossi-en-la-definicion-por-penales-en-la-que-patronato-elimino-a-boca-juniors-de-la-copa-argentina\\\/\"},\"wordCount\":391,\"commentCount\":0,\"publisher\":{\"@id\":\"https:\\\/\\\/informelitoral.com.ar\\\/#organization\"},\"image\":{\"@id\":\"https:\\\/\\\/informelitoral.com.ar\\\/ibarra-explico-por-que-no-puso-a-agustin-rossi-en-la-definicion-por-penales-en-la-que-patronato-elimino-a-boca-juniors-de-la-copa-argentina\\\/#primaryimage\"},\"thumbnailUrl\":\"https:\\\/\\\/informelitoral.com.ar\\\/%77%70%2d%63%6f%6e%74%65%6e%74\\\/uploads\\\/2022\\\/10\\\/P5K5CXQJEBFMJNQRW5F47D2BQQ.webp\",\"keywords\":[\"Boca Juniors\"],\"articleSection\":[\"Deportes\"],\"inLanguage\":\"es\",\"potentialAction\":[{\"@type\":\"CommentAction\",\"name\":\"Comment\",\"target\":[\"https:\\\/\\\/informelitoral.com.ar\\\/ibarra-explico-por-que-no-puso-a-agustin-rossi-en-la-definicion-por-penales-en-la-que-patronato-elimino-a-boca-juniors-de-la-copa-argentina\\\/#respond\"]}]},{\"@type\":\"WebPage\",\"@id\":\"https:\\\/\\\/informelitoral.com.ar\\\/ibarra-explico-por-que-no-puso-a-agustin-rossi-en-la-definicion-por-penales-en-la-que-patronato-elimino-a-boca-juniors-de-la-copa-argentina\\\/\",\"url\":\"https:\\\/\\\/informelitoral.com.ar\\\/ibarra-explico-por-que-no-puso-a-agustin-rossi-en-la-definicion-por-penales-en-la-que-patronato-elimino-a-boca-juniors-de-la-copa-argentina\\\/\",\"name\":\"Ibarra explic\u00f3 por qu\u00e9 no puso a Agust\u00edn Rossi en la definici\u00f3n por penales en la que Patronato elimin\u00f3 a Boca Juniors de la Copa Argentina - Informe Litoral\",\"isPartOf\":{\"@id\":\"https:\\\/\\\/informelitoral.com.ar\\\/#website\"},\"primaryImageOfPage\":{\"@id\":\"https:\\\/\\\/informelitoral.com.ar\\\/ibarra-explico-por-que-no-puso-a-agustin-rossi-en-la-definicion-por-penales-en-la-que-patronato-elimino-a-boca-juniors-de-la-copa-argentina\\\/#primaryimage\"},\"image\":{\"@id\":\"https:\\\/\\\/informelitoral.com.ar\\\/ibarra-explico-por-que-no-puso-a-agustin-rossi-en-la-definicion-por-penales-en-la-que-patronato-elimino-a-boca-juniors-de-la-copa-argentina\\\/#primaryimage\"},\"thumbnailUrl\":\"https:\\\/\\\/informelitoral.com.ar\\\/%77%70%2d%63%6f%6e%74%65%6e%74\\\/uploads\\\/2022\\\/10\\\/P5K5CXQJEBFMJNQRW5F47D2BQQ.webp\",\"datePublished\":\"2022-10-27T12:45:09+00:00\",\"dateModified\":\"2022-10-27T12:51:48+00:00\",\"breadcrumb\":{\"@id\":\"https:\\\/\\\/informelitoral.com.ar\\\/ibarra-explico-por-que-no-puso-a-agustin-rossi-en-la-definicion-por-penales-en-la-que-patronato-elimino-a-boca-juniors-de-la-copa-argentina\\\/#breadcrumb\"},\"inLanguage\":\"es\",\"potentialAction\":[{\"@type\":\"ReadAction\",\"target\":[\"https:\\\/\\\/informelitoral.com.ar\\\/ibarra-explico-por-que-no-puso-a-agustin-rossi-en-la-definicion-por-penales-en-la-que-patronato-elimino-a-boca-juniors-de-la-copa-argentina\\\/\"]}]},{\"@type\":\"ImageObject\",\"inLanguage\":\"es\",\"@id\":\"https:\\\/\\\/informelitoral.com.ar\\\/ibarra-explico-por-que-no-puso-a-agustin-rossi-en-la-definicion-por-penales-en-la-que-patronato-elimino-a-boca-juniors-de-la-copa-argentina\\\/#primaryimage\",\"url\":\"https:\\\/\\\/informelitoral.com.ar\\\/%77%70%2d%63%6f%6e%74%65%6e%74\\\/uploads\\\/2022\\\/10\\\/P5K5CXQJEBFMJNQRW5F47D2BQQ.webp\",\"contentUrl\":\"https:\\\/\\\/informelitoral.com.ar\\\/%77%70%2d%63%6f%6e%74%65%6e%74\\\/uploads\\\/2022\\\/10\\\/P5K5CXQJEBFMJNQRW5F47D2BQQ.webp\",\"width\":992,\"height\":1488},{\"@type\":\"BreadcrumbList\",\"@id\":\"https:\\\/\\\/informelitoral.com.ar\\\/ibarra-explico-por-que-no-puso-a-agustin-rossi-en-la-definicion-por-penales-en-la-que-patronato-elimino-a-boca-juniors-de-la-copa-argentina\\\/#breadcrumb\",\"itemListElement\":[{\"@type\":\"ListItem\",\"position\":1,\"name\":\"Portada\",\"item\":\"https:\\\/\\\/informelitoral.com.ar\\\/\"},{\"@type\":\"ListItem\",\"position\":2,\"name\":\"Ibarra explic\u00f3 por qu\u00e9 no puso a Agust\u00edn Rossi en la definici\u00f3n por penales en la que Patronato elimin\u00f3 a Boca Juniors de la Copa Argentina\"}]},{\"@type\":\"WebSite\",\"@id\":\"https:\\\/\\\/informelitoral.com.ar\\\/#website\",\"url\":\"https:\\\/\\\/informelitoral.com.ar\\\/\",\"name\":\"Informe Litoral\",\"description\":\"&quot;Nos informamos&quot; \",\"publisher\":{\"@id\":\"https:\\\/\\\/informelitoral.com.ar\\\/#organization\"},\"potentialAction\":[{\"@type\":\"SearchAction\",\"target\":{\"@type\":\"EntryPoint\",\"urlTemplate\":\"https:\\\/\\\/informelitoral.com.ar\\\/?s={search_term_string}\"},\"query-input\":{\"@type\":\"PropertyValueSpecification\",\"valueRequired\":true,\"valueName\":\"search_term_string\"}}],\"inLanguage\":\"es\"},{\"@type\":\"Organization\",\"@id\":\"https:\\\/\\\/informelitoral.com.ar\\\/#organization\",\"name\":\"Informe Litoral\",\"url\":\"https:\\\/\\\/informelitoral.com.ar\\\/\",\"logo\":{\"@type\":\"ImageObject\",\"inLanguage\":\"es\",\"@id\":\"https:\\\/\\\/informelitoral.com.ar\\\/#\\\/schema\\\/logo\\\/image\\\/\",\"url\":\"https:\\\/\\\/informelitoral.com.ar\\\/%77%70%2d%63%6f%6e%74%65%6e%74\\\/uploads\\\/2021\\\/01\\\/circulo.png\",\"contentUrl\":\"https:\\\/\\\/informelitoral.com.ar\\\/%77%70%2d%63%6f%6e%74%65%6e%74\\\/uploads\\\/2021\\\/01\\\/circulo.png\",\"width\":723,\"height\":731,\"caption\":\"Informe Litoral\"},\"image\":{\"@id\":\"https:\\\/\\\/informelitoral.com.ar\\\/#\\\/schema\\\/logo\\\/image\\\/\"},\"sameAs\":[\"https:\\\/\\\/www.facebook.com\\\/informelitoral\\\/\",\"https:\\\/\\\/x.com\\\/InformeLitoral\",\"https:\\\/\\\/www.instagram.com\\\/informelitoral\\\/\",\"https:\\\/\\\/www.youtube.com\\\/channel\\\/UCua4Qvz8Icb6MYqhoq9xLXw\"]},{\"@type\":\"Person\",\"@id\":\"https:\\\/\\\/informelitoral.com.ar\\\/#\\\/schema\\\/person\\\/f05f9f461677119578717524b127d6d5\",\"name\":\"Sebastian\",\"image\":{\"@type\":\"ImageObject\",\"inLanguage\":\"es\",\"@id\":\"https:\\\/\\\/secure.gravatar.com\\\/avatar\\\/b71bf7481d447dfb9583c7f2798e7cc64de6efb9067b74633ed8c31059a3bd82?s=96&d=mm&r=g\",\"url\":\"https:\\\/\\\/secure.gravatar.com\\\/avatar\\\/b71bf7481d447dfb9583c7f2798e7cc64de6efb9067b74633ed8c31059a3bd82?s=96&d=mm&r=g\",\"contentUrl\":\"https:\\\/\\\/secure.gravatar.com\\\/avatar\\\/b71bf7481d447dfb9583c7f2798e7cc64de6efb9067b74633ed8c31059a3bd82?s=96&d=mm&r=g\",\"caption\":\"Sebastian\"},\"url\":\"https:\\\/\\\/informelitoral.com.ar\\\/author\\\/sebastian\\\/\"}]}<\/script>","yoast_head_json":{"title":"Ibarra explic\u00f3 por qu\u00e9 no puso a Agust\u00edn Rossi en la definici\u00f3n por penales en la que Patronato elimin\u00f3 a Boca Juniors de la Copa Argentina - Informe Litoral","robots":{"index":"index","follow":"follow","max-snippet":"max-snippet:-1","max-image-preview":"max-image-preview:large","max-video-preview":"max-video-preview:-1"},"canonical":"https:\/\/informelitoral.com.ar\/ibarra-explico-por-que-no-puso-a-agustin-rossi-en-la-definicion-por-penales-en-la-que-patronato-elimino-a-boca-juniors-de-la-copa-argentina\/","og_locale":"es_ES","og_type":"article","og_title":"Ibarra explic\u00f3 por qu\u00e9 no puso a Agust\u00edn Rossi en la definici\u00f3n por penales en la que Patronato elimin\u00f3 a Boca Juniors de la Copa Argentina - Informe Litoral","og_description":"El t\u00e9cnico xeneize apel\u00f3 a un equipo totalmente alternativo con respecto al que ven\u00eda de consagrarse por la Liga Profesional","og_url":"https:\/\/informelitoral.com.ar\/ibarra-explico-por-que-no-puso-a-agustin-rossi-en-la-definicion-por-penales-en-la-que-patronato-elimino-a-boca-juniors-de-la-copa-argentina\/","og_site_name":"Informe Litoral","article_publisher":"https:\/\/www.facebook.com\/informelitoral\/","article_published_time":"2022-10-27T12:45:09+00:00","article_modified_time":"2022-10-27T12:51:48+00:00","og_image":[{"width":992,"height":1488,"url":"https:\/\/informelitoral.com.ar\/%77%70%2d%63%6f%6e%74%65%6e%74\/uploads\/2022\/10\/P5K5CXQJEBFMJNQRW5F47D2BQQ.webp","type":"image\/webp"}],"author":"Sebastian","twitter_card":"summary_large_image","twitter_creator":"@InformeLitoral","twitter_site":"@InformeLitoral","twitter_misc":{"Escrito por":"Sebastian","Tiempo de lectura":"2 minutos"},"schema":{"@context":"https:\/\/schema.org","@graph":[{"@type":"Article","@id":"https:\/\/informelitoral.com.ar\/ibarra-explico-por-que-no-puso-a-agustin-rossi-en-la-definicion-por-penales-en-la-que-patronato-elimino-a-boca-juniors-de-la-copa-argentina\/#article","isPartOf":{"@id":"https:\/\/informelitoral.com.ar\/ibarra-explico-por-que-no-puso-a-agustin-rossi-en-la-definicion-por-penales-en-la-que-patronato-elimino-a-boca-juniors-de-la-copa-argentina\/"},"author":{"name":"Sebastian","@id":"https:\/\/informelitoral.com.ar\/#\/schema\/person\/f05f9f461677119578717524b127d6d5"},"headline":"Ibarra explic\u00f3 por qu\u00e9 no puso a Agust\u00edn Rossi en la definici\u00f3n por penales en la que Patronato elimin\u00f3 a Boca Juniors de la Copa Argentina","datePublished":"2022-10-27T12:45:09+00:00","dateModified":"2022-10-27T12:51:48+00:00","mainEntityOfPage":{"@id":"https:\/\/informelitoral.com.ar\/ibarra-explico-por-que-no-puso-a-agustin-rossi-en-la-definicion-por-penales-en-la-que-patronato-elimino-a-boca-juniors-de-la-copa-argentina\/"},"wordCount":391,"commentCount":0,"publisher":{"@id":"https:\/\/informelitoral.com.ar\/#organization"},"image":{"@id":"https:\/\/informelitoral.com.ar\/ibarra-explico-por-que-no-puso-a-agustin-rossi-en-la-definicion-por-penales-en-la-que-patronato-elimino-a-boca-juniors-de-la-copa-argentina\/#primaryimage"},"thumbnailUrl":"https:\/\/informelitoral.com.ar\/%77%70%2d%63%6f%6e%74%65%6e%74\/uploads\/2022\/10\/P5K5CXQJEBFMJNQRW5F47D2BQQ.webp","keywords":["Boca Juniors"],"articleSection":["Deportes"],"inLanguage":"es","potentialAction":[{"@type":"CommentAction","name":"Comment","target":["https:\/\/informelitoral.com.ar\/ibarra-explico-por-que-no-puso-a-agustin-rossi-en-la-definicion-por-penales-en-la-que-patronato-elimino-a-boca-juniors-de-la-copa-argentina\/#respond"]}]},{"@type":"WebPage","@id":"https:\/\/informelitoral.com.ar\/ibarra-explico-por-que-no-puso-a-agustin-rossi-en-la-definicion-por-penales-en-la-que-patronato-elimino-a-boca-juniors-de-la-copa-argentina\/","url":"https:\/\/informelitoral.com.ar\/ibarra-explico-por-que-no-puso-a-agustin-rossi-en-la-definicion-por-penales-en-la-que-patronato-elimino-a-boca-juniors-de-la-copa-argentina\/","name":"Ibarra explic\u00f3 por qu\u00e9 no puso a Agust\u00edn Rossi en la definici\u00f3n por penales en la que Patronato elimin\u00f3 a Boca Juniors de la Copa Argentina - Informe Litoral","isPartOf":{"@id":"https:\/\/informelitoral.com.ar\/#website"},"primaryImageOfPage":{"@id":"https:\/\/informelitoral.com.ar\/ibarra-explico-por-que-no-puso-a-agustin-rossi-en-la-definicion-por-penales-en-la-que-patronato-elimino-a-boca-juniors-de-la-copa-argentina\/#primaryimage"},"image":{"@id":"https:\/\/informelitoral.com.ar\/ibarra-explico-por-que-no-puso-a-agustin-rossi-en-la-definicion-por-penales-en-la-que-patronato-elimino-a-boca-juniors-de-la-copa-argentina\/#primaryimage"},"thumbnailUrl":"https:\/\/informelitoral.com.ar\/%77%70%2d%63%6f%6e%74%65%6e%74\/uploads\/2022\/10\/P5K5CXQJEBFMJNQRW5F47D2BQQ.webp","datePublished":"2022-10-27T12:45:09+00:00","dateModified":"2022-10-27T12:51:48+00:00","breadcrumb":{"@id":"https:\/\/informelitoral.com.ar\/ibarra-explico-por-que-no-puso-a-agustin-rossi-en-la-definicion-por-penales-en-la-que-patronato-elimino-a-boca-juniors-de-la-copa-argentina\/#breadcrumb"},"inLanguage":"es","potentialAction":[{"@type":"ReadAction","target":["https:\/\/informelitoral.com.ar\/ibarra-explico-por-que-no-puso-a-agustin-rossi-en-la-definicion-por-penales-en-la-que-patronato-elimino-a-boca-juniors-de-la-copa-argentina\/"]}]},{"@type":"ImageObject","inLanguage":"es","@id":"https:\/\/informelitoral.com.ar\/ibarra-explico-por-que-no-puso-a-agustin-rossi-en-la-definicion-por-penales-en-la-que-patronato-elimino-a-boca-juniors-de-la-copa-argentina\/#primaryimage","url":"https:\/\/informelitoral.com.ar\/%77%70%2d%63%6f%6e%74%65%6e%74\/uploads\/2022\/10\/P5K5CXQJEBFMJNQRW5F47D2BQQ.webp","contentUrl":"https:\/\/informelitoral.com.ar\/%77%70%2d%63%6f%6e%74%65%6e%74\/uploads\/2022\/10\/P5K5CXQJEBFMJNQRW5F47D2BQQ.webp","width":992,"height":1488},{"@type":"BreadcrumbList","@id":"https:\/\/informelitoral.com.ar\/ibarra-explico-por-que-no-puso-a-agustin-rossi-en-la-definicion-por-penales-en-la-que-patronato-elimino-a-boca-juniors-de-la-copa-argentina\/#breadcrumb","itemListElement":[{"@type":"ListItem","position":1,"name":"Portada","item":"https:\/\/informelitoral.com.ar\/"},{"@type":"ListItem","position":2,"name":"Ibarra explic\u00f3 por qu\u00e9 no puso a Agust\u00edn Rossi en la definici\u00f3n por penales en la que Patronato elimin\u00f3 a Boca Juniors de la Copa Argentina"}]},{"@type":"WebSite","@id":"https:\/\/informelitoral.com.ar\/#website","url":"https:\/\/informelitoral.com.ar\/","name":"Informe Litoral","description":"&quot;Nos informamos&quot; ","publisher":{"@id":"https:\/\/informelitoral.com.ar\/#organization"},"potentialAction":[{"@type":"SearchAction","target":{"@type":"EntryPoint","urlTemplate":"https:\/\/informelitoral.com.ar\/?s={search_term_string}"},"query-input":{"@type":"PropertyValueSpecification","valueRequired":true,"valueName":"search_term_string"}}],"inLanguage":"es"},{"@type":"Organization","@id":"https:\/\/informelitoral.com.ar\/#organization","name":"Informe Litoral","url":"https:\/\/informelitoral.com.ar\/","logo":{"@type":"ImageObject","inLanguage":"es","@id":"https:\/\/informelitoral.com.ar\/#\/schema\/logo\/image\/","url":"https:\/\/informelitoral.com.ar\/%77%70%2d%63%6f%6e%74%65%6e%74\/uploads\/2021\/01\/circulo.png","contentUrl":"https:\/\/informelitoral.com.ar\/%77%70%2d%63%6f%6e%74%65%6e%74\/uploads\/2021\/01\/circulo.png","width":723,"height":731,"caption":"Informe Litoral"},"image":{"@id":"https:\/\/informelitoral.com.ar\/#\/schema\/logo\/image\/"},"sameAs":["https:\/\/www.facebook.com\/informelitoral\/","https:\/\/x.com\/InformeLitoral","https:\/\/www.instagram.com\/informelitoral\/","https:\/\/www.youtube.com\/channel\/UCua4Qvz8Icb6MYqhoq9xLXw"]},{"@type":"Person","@id":"https:\/\/informelitoral.com.ar\/#\/schema\/person\/f05f9f461677119578717524b127d6d5","name":"Sebastian","image":{"@type":"ImageObject","inLanguage":"es","@id":"https:\/\/secure.gravatar.com\/avatar\/b71bf7481d447dfb9583c7f2798e7cc64de6efb9067b74633ed8c31059a3bd82?s=96&d=mm&r=g","url":"https:\/\/secure.gravatar.com\/avatar\/b71bf7481d447dfb9583c7f2798e7cc64de6efb9067b74633ed8c31059a3bd82?s=96&d=mm&r=g","contentUrl":"https:\/\/secure.gravatar.com\/avatar\/b71bf7481d447dfb9583c7f2798e7cc64de6efb9067b74633ed8c31059a3bd82?s=96&d=mm&r=g","caption":"Sebastian"},"url":"https:\/\/informelitoral.com.ar\/author\/sebastian\/"}]}},"_links":{"self":[{"href":"https:\/\/informelitoral.com.ar\/%77%70%2d%6a%73%6f%6e\/wp\/v2\/posts\/91795","targetHints":{"allow":["GET"]}}],"collection":[{"href":"https:\/\/informelitoral.com.ar\/%77%70%2d%6a%73%6f%6e\/wp\/v2\/posts"}],"about":[{"href":"https:\/\/informelitoral.com.ar\/%77%70%2d%6a%73%6f%6e\/wp\/v2\/types\/post"}],"author":[{"embeddable":true,"href":"https:\/\/informelitoral.com.ar\/%77%70%2d%6a%73%6f%6e\/wp\/v2\/users\/8"}],"replies":[{"embeddable":true,"href":"https:\/\/informelitoral.com.ar\/%77%70%2d%6a%73%6f%6e\/wp\/v2\/comments?post=91795"}],"version-history":[{"count":0,"href":"https:\/\/informelitoral.com.ar\/%77%70%2d%6a%73%6f%6e\/wp\/v2\/posts\/91795\/revisions"}],"wp:featuredmedia":[{"embeddable":true,"href":"https:\/\/informelitoral.com.ar\/%77%70%2d%6a%73%6f%6e\/wp\/v2\/media\/89509"}],"wp:attachment":[{"href":"https:\/\/informelitoral.com.ar\/%77%70%2d%6a%73%6f%6e\/wp\/v2\/media?parent=91795"}],"wp:term":[{"taxonomy":"category","embeddable":true,"href":"https:\/\/informelitoral.com.ar\/%77%70%2d%6a%73%6f%6e\/wp\/v2\/categories?post=91795"},{"taxonomy":"post_tag","embeddable":true,"href":"https:\/\/informelitoral.com.ar\/%77%70%2d%6a%73%6f%6e\/wp\/v2\/tags?post=91795"}],"curies":[{"name":"wp","href":"https:\/\/api.w.org\/{rel}","templated":true}]}}