{"id":91332,"date":"2022-10-24T21:21:07","date_gmt":"2022-10-25T00:21:07","guid":{"rendered":"https:\/\/www.informelitoral.com.ar\/?p=91332"},"modified":"2022-10-24T21:21:07","modified_gmt":"2022-10-25T00:21:07","slug":"uier-realiza-este-viernes-la-jornada-de-la-industria-de-entre-rios-con-destacados-disertantes","status":"publish","type":"post","link":"https:\/\/informelitoral.com.ar\/uier-realiza-este-viernes-la-jornada-de-la-industria-de-entre-rios-con-destacados-disertantes\/","title":{"rendered":"UIER realiza este viernes la Jornada de la Industria de Entre R\u00edos con destacados disertantes"},"content":{"rendered":"<p>En esta oportunidad,\u00a0<strong>el evento se realizar\u00e1 en el Centro Provincial de Convenciones de Paran\u00e1 desde las 9.30<\/strong>. All\u00ed se congregar\u00e1n, una vez m\u00e1s, los referentes industriales, profesionales y actores de todas las actividades industriales de la provincia y la regi\u00f3n, para reflexionar sobre el presente y el futuro de las cadenas de valor.<\/p>\n<p>\u00ab<strong>Liderar para transformar<\/strong>\u00bb, es el lema de la presente edici\u00f3n, en la que destacados disertantes expondr\u00e1n los principales conceptos e ideas en torno a los desaf\u00edos econ\u00f3micos, pol\u00edticos y sociales que resultan necesarios para liderar los cambios estructurales y fortalecer una Entre R\u00edos con agregado valor, generaci\u00f3n de riqueza, creaci\u00f3n de empleo privado registrado y desarrollo de nuestras comunidades.<\/p>\n<p>En esta ocasi\u00f3n, la UIER convoc\u00f3 a\u00a0<strong>Mart\u00edn Redrado<\/strong>, economista y expresidente del Banco Central de la Rep\u00fablica Argentina, quien cerrar\u00e1 la jornada con su exposici\u00f3n sobre los \u201cDesaf\u00edos y oportunidades en la econom\u00eda argentina\u00bb. El disertante estar\u00e1 acompa\u00f1ado por\u00a0<strong>Diego Coatz<\/strong>, director Ejecutivo UIA y economista Jefe CEU UIA, y\u00a0<strong>Gabriel Weidmann<\/strong>, economista UIER.<\/p>\n<p>Adem\u00e1s, estar\u00e1n\u00a0<strong>Jorge Giacobbe<\/strong>, analista y consultor pol\u00edtico, quien brindar\u00e1 su conferencia \u00abUn sesgo en la cabeza\u00bb; y\u00a0<strong>Marcelo Paladino<\/strong>, profesor del IAE Business School, bajo el t\u00edtulo \u201cDe la confrontaci\u00f3n a la cooperaci\u00f3n: una actitud necesaria\u201d. Del mismo modo, habr\u00e1 un panel de j\u00f3venes industriales &#8211;<strong>Josefina Senger, Silvana Roitman, Claudio Lambert, Agust\u00edn Arias y Emanuel Fellay<\/strong>-, que expondr\u00e1n sobre los desaf\u00edos de \u201cLiderar y emprender para transformar\u201d.<\/p>\n<p>Para esta nueva Jornada de la Industria se contar\u00e1 tambi\u00e9n con la participaci\u00f3n del Gobernador de la Provincia,\u00a0<strong>Gustavo Bordet<\/strong>\u00a0y\u00a0<strong>Daniel Funes de Rioja<\/strong>, presidente de UIA, adem\u00e1s de la presencia de autoridades nacionales, provinciales y municipales.<\/p>\n","protected":false},"excerpt":{"rendered":"<p>La Uni\u00f3n Industrial de Entre R\u00edos (UIER) llevar\u00e1 a cabo este\u00a0viernes 28 de octubre la XVIII Jornada de la Industria de Entre R\u00edos. El evento, que se realiza todos los a\u00f1os para celebrar el D\u00eda de la Industria, forma parte de los\u00a0Encuentros Regionales\u00a0que promueve la Uni\u00f3n Industrial Argentina (UIA), Rumbo a la 28\u00b0 Conferencia Industrial.<\/p>\n","protected":false},"author":2,"featured_media":91333,"comment_status":"open","ping_status":"open","sticky":false,"template":"","format":"standard","meta":{"fifu_image_url":"","fifu_image_alt":"","footnotes":""},"categories":[1594,6],"tags":[81,933,120,1598],"class_list":{"0":"post-91332","1":"post","2":"type-post","3":"status-publish","4":"format-standard","5":"has-post-thumbnail","7":"category-economia","8":"category-entre-rios","9":"tag-entre-rios","10":"tag-industria","11":"tag-produccion","12":"tag-uier"},"yoast_head":"<title>UIER realiza este viernes la Jornada de la Industria de Entre R\u00edos con destacados disertantes - Informe Litoral<\/title>\n<meta name=\"robots\" content=\"index, follow, max-snippet:-1, max-image-preview:large, max-video-preview:-1\" \/>\n<link rel=\"canonical\" href=\"https:\/\/informelitoral.com.ar\/uier-realiza-este-viernes-la-jornada-de-la-industria-de-entre-rios-con-destacados-disertantes\/\" \/>\n<meta property=\"og:locale\" content=\"es_ES\" \/>\n<meta property=\"og:type\" content=\"article\" \/>\n<meta property=\"og:title\" content=\"UIER realiza este viernes la Jornada de la Industria de Entre R\u00edos con destacados disertantes - Informe Litoral\" \/>\n<meta property=\"og:description\" content=\"La Uni\u00f3n Industrial de Entre R\u00edos (UIER) llevar\u00e1 a cabo este\u00a0viernes 28 de octubre la XVIII Jornada de la Industria de Entre R\u00edos. El evento, que se realiza todos los a\u00f1os para celebrar el D\u00eda de la Industria, forma parte de los\u00a0Encuentros Regionales\u00a0que promueve la Uni\u00f3n Industrial Argentina (UIA), Rumbo a la 28\u00b0 Conferencia Industrial.\" \/>\n<meta property=\"og:url\" content=\"https:\/\/informelitoral.com.ar\/uier-realiza-este-viernes-la-jornada-de-la-industria-de-entre-rios-con-destacados-disertantes\/\" \/>\n<meta property=\"og:site_name\" content=\"Informe Litoral\" \/>\n<meta property=\"article:publisher\" content=\"https:\/\/www.facebook.com\/informelitoral\/\" \/>\n<meta property=\"article:published_time\" content=\"2022-10-25T00:21:07+00:00\" \/>\n<meta property=\"og:image\" content=\"https:\/\/informelitoral.com.ar\/%77%70%2d%63%6f%6e%74%65%6e%74\/uploads\/2022\/10\/227ad0f0-b4b4-be0d-9a95-4c8b7c362559.jpg\" \/>\n\t<meta property=\"og:image:width\" content=\"975\" \/>\n\t<meta property=\"og:image:height\" content=\"539\" \/>\n\t<meta property=\"og:image:type\" content=\"image\/jpeg\" \/>\n<meta name=\"author\" content=\"Gonzalo Schmidt\" \/>\n<meta name=\"twitter:card\" content=\"summary_large_image\" \/>\n<meta name=\"twitter:creator\" content=\"@InformeLitoral\" \/>\n<meta name=\"twitter:site\" content=\"@InformeLitoral\" \/>\n<meta name=\"twitter:label1\" content=\"Escrito por\" \/>\n\t<meta name=\"twitter:data1\" content=\"Gonzalo Schmidt\" \/>\n\t<meta name=\"twitter:label2\" content=\"Tiempo de lectura\" \/>\n\t<meta name=\"twitter:data2\" content=\"2 minutos\" \/>\n<script type=\"application\/ld+json\" class=\"yoast-schema-graph\">{\"@context\":\"https:\\\/\\\/schema.org\",\"@graph\":[{\"@type\":\"Article\",\"@id\":\"https:\\\/\\\/informelitoral.com.ar\\\/uier-realiza-este-viernes-la-jornada-de-la-industria-de-entre-rios-con-destacados-disertantes\\\/#article\",\"isPartOf\":{\"@id\":\"https:\\\/\\\/informelitoral.com.ar\\\/uier-realiza-este-viernes-la-jornada-de-la-industria-de-entre-rios-con-destacados-disertantes\\\/\"},\"author\":{\"name\":\"Gonzalo Schmidt\",\"@id\":\"https:\\\/\\\/informelitoral.com.ar\\\/#\\\/schema\\\/person\\\/b9d00407c836482871ef1d57bf8e3180\"},\"headline\":\"UIER realiza este viernes la Jornada de la Industria de Entre R\u00edos con destacados disertantes\",\"datePublished\":\"2022-10-25T00:21:07+00:00\",\"mainEntityOfPage\":{\"@id\":\"https:\\\/\\\/informelitoral.com.ar\\\/uier-realiza-este-viernes-la-jornada-de-la-industria-de-entre-rios-con-destacados-disertantes\\\/\"},\"wordCount\":320,\"commentCount\":0,\"publisher\":{\"@id\":\"https:\\\/\\\/informelitoral.com.ar\\\/#organization\"},\"image\":{\"@id\":\"https:\\\/\\\/informelitoral.com.ar\\\/uier-realiza-este-viernes-la-jornada-de-la-industria-de-entre-rios-con-destacados-disertantes\\\/#primaryimage\"},\"thumbnailUrl\":\"https:\\\/\\\/informelitoral.com.ar\\\/%77%70%2d%63%6f%6e%74%65%6e%74\\\/uploads\\\/2022\\\/10\\\/227ad0f0-b4b4-be0d-9a95-4c8b7c362559.jpg\",\"keywords\":[\"Entre R\u00edos\",\"Industria\",\"Producci\u00f3n\",\"Uier\"],\"articleSection\":[\"Econom\u00eda\",\"Entre R\u00edos\"],\"inLanguage\":\"es\",\"potentialAction\":[{\"@type\":\"CommentAction\",\"name\":\"Comment\",\"target\":[\"https:\\\/\\\/informelitoral.com.ar\\\/uier-realiza-este-viernes-la-jornada-de-la-industria-de-entre-rios-con-destacados-disertantes\\\/#respond\"]}]},{\"@type\":\"WebPage\",\"@id\":\"https:\\\/\\\/informelitoral.com.ar\\\/uier-realiza-este-viernes-la-jornada-de-la-industria-de-entre-rios-con-destacados-disertantes\\\/\",\"url\":\"https:\\\/\\\/informelitoral.com.ar\\\/uier-realiza-este-viernes-la-jornada-de-la-industria-de-entre-rios-con-destacados-disertantes\\\/\",\"name\":\"UIER realiza este viernes la Jornada de la Industria de Entre R\u00edos con destacados disertantes - Informe Litoral\",\"isPartOf\":{\"@id\":\"https:\\\/\\\/informelitoral.com.ar\\\/#website\"},\"primaryImageOfPage\":{\"@id\":\"https:\\\/\\\/informelitoral.com.ar\\\/uier-realiza-este-viernes-la-jornada-de-la-industria-de-entre-rios-con-destacados-disertantes\\\/#primaryimage\"},\"image\":{\"@id\":\"https:\\\/\\\/informelitoral.com.ar\\\/uier-realiza-este-viernes-la-jornada-de-la-industria-de-entre-rios-con-destacados-disertantes\\\/#primaryimage\"},\"thumbnailUrl\":\"https:\\\/\\\/informelitoral.com.ar\\\/%77%70%2d%63%6f%6e%74%65%6e%74\\\/uploads\\\/2022\\\/10\\\/227ad0f0-b4b4-be0d-9a95-4c8b7c362559.jpg\",\"datePublished\":\"2022-10-25T00:21:07+00:00\",\"breadcrumb\":{\"@id\":\"https:\\\/\\\/informelitoral.com.ar\\\/uier-realiza-este-viernes-la-jornada-de-la-industria-de-entre-rios-con-destacados-disertantes\\\/#breadcrumb\"},\"inLanguage\":\"es\",\"potentialAction\":[{\"@type\":\"ReadAction\",\"target\":[\"https:\\\/\\\/informelitoral.com.ar\\\/uier-realiza-este-viernes-la-jornada-de-la-industria-de-entre-rios-con-destacados-disertantes\\\/\"]}]},{\"@type\":\"ImageObject\",\"inLanguage\":\"es\",\"@id\":\"https:\\\/\\\/informelitoral.com.ar\\\/uier-realiza-este-viernes-la-jornada-de-la-industria-de-entre-rios-con-destacados-disertantes\\\/#primaryimage\",\"url\":\"https:\\\/\\\/informelitoral.com.ar\\\/%77%70%2d%63%6f%6e%74%65%6e%74\\\/uploads\\\/2022\\\/10\\\/227ad0f0-b4b4-be0d-9a95-4c8b7c362559.jpg\",\"contentUrl\":\"https:\\\/\\\/informelitoral.com.ar\\\/%77%70%2d%63%6f%6e%74%65%6e%74\\\/uploads\\\/2022\\\/10\\\/227ad0f0-b4b4-be0d-9a95-4c8b7c362559.jpg\",\"width\":975,\"height\":539},{\"@type\":\"BreadcrumbList\",\"@id\":\"https:\\\/\\\/informelitoral.com.ar\\\/uier-realiza-este-viernes-la-jornada-de-la-industria-de-entre-rios-con-destacados-disertantes\\\/#breadcrumb\",\"itemListElement\":[{\"@type\":\"ListItem\",\"position\":1,\"name\":\"Portada\",\"item\":\"https:\\\/\\\/informelitoral.com.ar\\\/\"},{\"@type\":\"ListItem\",\"position\":2,\"name\":\"UIER realiza este viernes la Jornada de la Industria de Entre R\u00edos con destacados disertantes\"}]},{\"@type\":\"WebSite\",\"@id\":\"https:\\\/\\\/informelitoral.com.ar\\\/#website\",\"url\":\"https:\\\/\\\/informelitoral.com.ar\\\/\",\"name\":\"Informe Litoral\",\"description\":\"&quot;Nos informamos&quot; \",\"publisher\":{\"@id\":\"https:\\\/\\\/informelitoral.com.ar\\\/#organization\"},\"potentialAction\":[{\"@type\":\"SearchAction\",\"target\":{\"@type\":\"EntryPoint\",\"urlTemplate\":\"https:\\\/\\\/informelitoral.com.ar\\\/?s={search_term_string}\"},\"query-input\":{\"@type\":\"PropertyValueSpecification\",\"valueRequired\":true,\"valueName\":\"search_term_string\"}}],\"inLanguage\":\"es\"},{\"@type\":\"Organization\",\"@id\":\"https:\\\/\\\/informelitoral.com.ar\\\/#organization\",\"name\":\"Informe Litoral\",\"url\":\"https:\\\/\\\/informelitoral.com.ar\\\/\",\"logo\":{\"@type\":\"ImageObject\",\"inLanguage\":\"es\",\"@id\":\"https:\\\/\\\/informelitoral.com.ar\\\/#\\\/schema\\\/logo\\\/image\\\/\",\"url\":\"https:\\\/\\\/informelitoral.com.ar\\\/%77%70%2d%63%6f%6e%74%65%6e%74\\\/uploads\\\/2021\\\/01\\\/circulo.png\",\"contentUrl\":\"https:\\\/\\\/informelitoral.com.ar\\\/%77%70%2d%63%6f%6e%74%65%6e%74\\\/uploads\\\/2021\\\/01\\\/circulo.png\",\"width\":723,\"height\":731,\"caption\":\"Informe Litoral\"},\"image\":{\"@id\":\"https:\\\/\\\/informelitoral.com.ar\\\/#\\\/schema\\\/logo\\\/image\\\/\"},\"sameAs\":[\"https:\\\/\\\/www.facebook.com\\\/informelitoral\\\/\",\"https:\\\/\\\/x.com\\\/InformeLitoral\",\"https:\\\/\\\/www.instagram.com\\\/informelitoral\\\/\",\"https:\\\/\\\/www.youtube.com\\\/channel\\\/UCua4Qvz8Icb6MYqhoq9xLXw\"]},{\"@type\":\"Person\",\"@id\":\"https:\\\/\\\/informelitoral.com.ar\\\/#\\\/schema\\\/person\\\/b9d00407c836482871ef1d57bf8e3180\",\"name\":\"Gonzalo Schmidt\",\"image\":{\"@type\":\"ImageObject\",\"inLanguage\":\"es\",\"@id\":\"https:\\\/\\\/secure.gravatar.com\\\/avatar\\\/31a1a7b66ff2de83bd0e9fd79d026630d2d99e55e8bfe501287647b4fd9743de?s=96&d=mm&r=g\",\"url\":\"https:\\\/\\\/secure.gravatar.com\\\/avatar\\\/31a1a7b66ff2de83bd0e9fd79d026630d2d99e55e8bfe501287647b4fd9743de?s=96&d=mm&r=g\",\"contentUrl\":\"https:\\\/\\\/secure.gravatar.com\\\/avatar\\\/31a1a7b66ff2de83bd0e9fd79d026630d2d99e55e8bfe501287647b4fd9743de?s=96&d=mm&r=g\",\"caption\":\"Gonzalo Schmidt\"},\"description\":\"Sitio web de noticias de la provincia de Entre R\u00edos, Argentina. Informaci\u00f3n y entretenimiento. Informe Litoral, nos informamos.\",\"sameAs\":[\"http:\\\/\\\/www.isletasnoticias.com.ar\"],\"url\":\"https:\\\/\\\/informelitoral.com.ar\\\/author\\\/gonzalo\\\/\"}]}<\/script>","yoast_head_json":{"title":"UIER realiza este viernes la Jornada de la Industria de Entre R\u00edos con destacados disertantes - Informe Litoral","robots":{"index":"index","follow":"follow","max-snippet":"max-snippet:-1","max-image-preview":"max-image-preview:large","max-video-preview":"max-video-preview:-1"},"canonical":"https:\/\/informelitoral.com.ar\/uier-realiza-este-viernes-la-jornada-de-la-industria-de-entre-rios-con-destacados-disertantes\/","og_locale":"es_ES","og_type":"article","og_title":"UIER realiza este viernes la Jornada de la Industria de Entre R\u00edos con destacados disertantes - Informe Litoral","og_description":"La Uni\u00f3n Industrial de Entre R\u00edos (UIER) llevar\u00e1 a cabo este\u00a0viernes 28 de octubre la XVIII Jornada de la Industria de Entre R\u00edos. El evento, que se realiza todos los a\u00f1os para celebrar el D\u00eda de la Industria, forma parte de los\u00a0Encuentros Regionales\u00a0que promueve la Uni\u00f3n Industrial Argentina (UIA), Rumbo a la 28\u00b0 Conferencia Industrial.","og_url":"https:\/\/informelitoral.com.ar\/uier-realiza-este-viernes-la-jornada-de-la-industria-de-entre-rios-con-destacados-disertantes\/","og_site_name":"Informe Litoral","article_publisher":"https:\/\/www.facebook.com\/informelitoral\/","article_published_time":"2022-10-25T00:21:07+00:00","og_image":[{"width":975,"height":539,"url":"https:\/\/informelitoral.com.ar\/%77%70%2d%63%6f%6e%74%65%6e%74\/uploads\/2022\/10\/227ad0f0-b4b4-be0d-9a95-4c8b7c362559.jpg","type":"image\/jpeg"}],"author":"Gonzalo Schmidt","twitter_card":"summary_large_image","twitter_creator":"@InformeLitoral","twitter_site":"@InformeLitoral","twitter_misc":{"Escrito por":"Gonzalo Schmidt","Tiempo de lectura":"2 minutos"},"schema":{"@context":"https:\/\/schema.org","@graph":[{"@type":"Article","@id":"https:\/\/informelitoral.com.ar\/uier-realiza-este-viernes-la-jornada-de-la-industria-de-entre-rios-con-destacados-disertantes\/#article","isPartOf":{"@id":"https:\/\/informelitoral.com.ar\/uier-realiza-este-viernes-la-jornada-de-la-industria-de-entre-rios-con-destacados-disertantes\/"},"author":{"name":"Gonzalo Schmidt","@id":"https:\/\/informelitoral.com.ar\/#\/schema\/person\/b9d00407c836482871ef1d57bf8e3180"},"headline":"UIER realiza este viernes la Jornada de la Industria de Entre R\u00edos con destacados disertantes","datePublished":"2022-10-25T00:21:07+00:00","mainEntityOfPage":{"@id":"https:\/\/informelitoral.com.ar\/uier-realiza-este-viernes-la-jornada-de-la-industria-de-entre-rios-con-destacados-disertantes\/"},"wordCount":320,"commentCount":0,"publisher":{"@id":"https:\/\/informelitoral.com.ar\/#organization"},"image":{"@id":"https:\/\/informelitoral.com.ar\/uier-realiza-este-viernes-la-jornada-de-la-industria-de-entre-rios-con-destacados-disertantes\/#primaryimage"},"thumbnailUrl":"https:\/\/informelitoral.com.ar\/%77%70%2d%63%6f%6e%74%65%6e%74\/uploads\/2022\/10\/227ad0f0-b4b4-be0d-9a95-4c8b7c362559.jpg","keywords":["Entre R\u00edos","Industria","Producci\u00f3n","Uier"],"articleSection":["Econom\u00eda","Entre R\u00edos"],"inLanguage":"es","potentialAction":[{"@type":"CommentAction","name":"Comment","target":["https:\/\/informelitoral.com.ar\/uier-realiza-este-viernes-la-jornada-de-la-industria-de-entre-rios-con-destacados-disertantes\/#respond"]}]},{"@type":"WebPage","@id":"https:\/\/informelitoral.com.ar\/uier-realiza-este-viernes-la-jornada-de-la-industria-de-entre-rios-con-destacados-disertantes\/","url":"https:\/\/informelitoral.com.ar\/uier-realiza-este-viernes-la-jornada-de-la-industria-de-entre-rios-con-destacados-disertantes\/","name":"UIER realiza este viernes la Jornada de la Industria de Entre R\u00edos con destacados disertantes - Informe Litoral","isPartOf":{"@id":"https:\/\/informelitoral.com.ar\/#website"},"primaryImageOfPage":{"@id":"https:\/\/informelitoral.com.ar\/uier-realiza-este-viernes-la-jornada-de-la-industria-de-entre-rios-con-destacados-disertantes\/#primaryimage"},"image":{"@id":"https:\/\/informelitoral.com.ar\/uier-realiza-este-viernes-la-jornada-de-la-industria-de-entre-rios-con-destacados-disertantes\/#primaryimage"},"thumbnailUrl":"https:\/\/informelitoral.com.ar\/%77%70%2d%63%6f%6e%74%65%6e%74\/uploads\/2022\/10\/227ad0f0-b4b4-be0d-9a95-4c8b7c362559.jpg","datePublished":"2022-10-25T00:21:07+00:00","breadcrumb":{"@id":"https:\/\/informelitoral.com.ar\/uier-realiza-este-viernes-la-jornada-de-la-industria-de-entre-rios-con-destacados-disertantes\/#breadcrumb"},"inLanguage":"es","potentialAction":[{"@type":"ReadAction","target":["https:\/\/informelitoral.com.ar\/uier-realiza-este-viernes-la-jornada-de-la-industria-de-entre-rios-con-destacados-disertantes\/"]}]},{"@type":"ImageObject","inLanguage":"es","@id":"https:\/\/informelitoral.com.ar\/uier-realiza-este-viernes-la-jornada-de-la-industria-de-entre-rios-con-destacados-disertantes\/#primaryimage","url":"https:\/\/informelitoral.com.ar\/%77%70%2d%63%6f%6e%74%65%6e%74\/uploads\/2022\/10\/227ad0f0-b4b4-be0d-9a95-4c8b7c362559.jpg","contentUrl":"https:\/\/informelitoral.com.ar\/%77%70%2d%63%6f%6e%74%65%6e%74\/uploads\/2022\/10\/227ad0f0-b4b4-be0d-9a95-4c8b7c362559.jpg","width":975,"height":539},{"@type":"BreadcrumbList","@id":"https:\/\/informelitoral.com.ar\/uier-realiza-este-viernes-la-jornada-de-la-industria-de-entre-rios-con-destacados-disertantes\/#breadcrumb","itemListElement":[{"@type":"ListItem","position":1,"name":"Portada","item":"https:\/\/informelitoral.com.ar\/"},{"@type":"ListItem","position":2,"name":"UIER realiza este viernes la Jornada de la Industria de Entre R\u00edos con destacados disertantes"}]},{"@type":"WebSite","@id":"https:\/\/informelitoral.com.ar\/#website","url":"https:\/\/informelitoral.com.ar\/","name":"Informe Litoral","description":"&quot;Nos informamos&quot; ","publisher":{"@id":"https:\/\/informelitoral.com.ar\/#organization"},"potentialAction":[{"@type":"SearchAction","target":{"@type":"EntryPoint","urlTemplate":"https:\/\/informelitoral.com.ar\/?s={search_term_string}"},"query-input":{"@type":"PropertyValueSpecification","valueRequired":true,"valueName":"search_term_string"}}],"inLanguage":"es"},{"@type":"Organization","@id":"https:\/\/informelitoral.com.ar\/#organization","name":"Informe Litoral","url":"https:\/\/informelitoral.com.ar\/","logo":{"@type":"ImageObject","inLanguage":"es","@id":"https:\/\/informelitoral.com.ar\/#\/schema\/logo\/image\/","url":"https:\/\/informelitoral.com.ar\/%77%70%2d%63%6f%6e%74%65%6e%74\/uploads\/2021\/01\/circulo.png","contentUrl":"https:\/\/informelitoral.com.ar\/%77%70%2d%63%6f%6e%74%65%6e%74\/uploads\/2021\/01\/circulo.png","width":723,"height":731,"caption":"Informe Litoral"},"image":{"@id":"https:\/\/informelitoral.com.ar\/#\/schema\/logo\/image\/"},"sameAs":["https:\/\/www.facebook.com\/informelitoral\/","https:\/\/x.com\/InformeLitoral","https:\/\/www.instagram.com\/informelitoral\/","https:\/\/www.youtube.com\/channel\/UCua4Qvz8Icb6MYqhoq9xLXw"]},{"@type":"Person","@id":"https:\/\/informelitoral.com.ar\/#\/schema\/person\/b9d00407c836482871ef1d57bf8e3180","name":"Gonzalo Schmidt","image":{"@type":"ImageObject","inLanguage":"es","@id":"https:\/\/secure.gravatar.com\/avatar\/31a1a7b66ff2de83bd0e9fd79d026630d2d99e55e8bfe501287647b4fd9743de?s=96&d=mm&r=g","url":"https:\/\/secure.gravatar.com\/avatar\/31a1a7b66ff2de83bd0e9fd79d026630d2d99e55e8bfe501287647b4fd9743de?s=96&d=mm&r=g","contentUrl":"https:\/\/secure.gravatar.com\/avatar\/31a1a7b66ff2de83bd0e9fd79d026630d2d99e55e8bfe501287647b4fd9743de?s=96&d=mm&r=g","caption":"Gonzalo Schmidt"},"description":"Sitio web de noticias de la provincia de Entre R\u00edos, Argentina. Informaci\u00f3n y entretenimiento. Informe Litoral, nos informamos.","sameAs":["http:\/\/www.isletasnoticias.com.ar"],"url":"https:\/\/informelitoral.com.ar\/author\/gonzalo\/"}]}},"_links":{"self":[{"href":"https:\/\/informelitoral.com.ar\/%77%70%2d%6a%73%6f%6e\/wp\/v2\/posts\/91332","targetHints":{"allow":["GET"]}}],"collection":[{"href":"https:\/\/informelitoral.com.ar\/%77%70%2d%6a%73%6f%6e\/wp\/v2\/posts"}],"about":[{"href":"https:\/\/informelitoral.com.ar\/%77%70%2d%6a%73%6f%6e\/wp\/v2\/types\/post"}],"author":[{"embeddable":true,"href":"https:\/\/informelitoral.com.ar\/%77%70%2d%6a%73%6f%6e\/wp\/v2\/users\/2"}],"replies":[{"embeddable":true,"href":"https:\/\/informelitoral.com.ar\/%77%70%2d%6a%73%6f%6e\/wp\/v2\/comments?post=91332"}],"version-history":[{"count":0,"href":"https:\/\/informelitoral.com.ar\/%77%70%2d%6a%73%6f%6e\/wp\/v2\/posts\/91332\/revisions"}],"wp:featuredmedia":[{"embeddable":true,"href":"https:\/\/informelitoral.com.ar\/%77%70%2d%6a%73%6f%6e\/wp\/v2\/media\/91333"}],"wp:attachment":[{"href":"https:\/\/informelitoral.com.ar\/%77%70%2d%6a%73%6f%6e\/wp\/v2\/media?parent=91332"}],"wp:term":[{"taxonomy":"category","embeddable":true,"href":"https:\/\/informelitoral.com.ar\/%77%70%2d%6a%73%6f%6e\/wp\/v2\/categories?post=91332"},{"taxonomy":"post_tag","embeddable":true,"href":"https:\/\/informelitoral.com.ar\/%77%70%2d%6a%73%6f%6e\/wp\/v2\/tags?post=91332"}],"curies":[{"name":"wp","href":"https:\/\/api.w.org\/{rel}","templated":true}]}}