{"id":91139,"date":"2022-10-24T08:09:31","date_gmt":"2022-10-24T11:09:31","guid":{"rendered":"https:\/\/www.informelitoral.com.ar\/?p=91139"},"modified":"2022-10-24T08:18:26","modified_gmt":"2022-10-24T11:18:26","slug":"vuelve-el-calorcito-y-luego-la-inestabilidad-que-dia-de-esta-semana-lloveria","status":"publish","type":"post","link":"https:\/\/informelitoral.com.ar\/vuelve-el-calorcito-y-luego-la-inestabilidad-que-dia-de-esta-semana-lloveria\/","title":{"rendered":"Vuelve el calorcito y luego la inestabilidad: qu\u00e9 d\u00eda de esta semana llover\u00eda"},"content":{"rendered":"<p>Tras el sistema frontal que lleg\u00f3 a Entre R\u00edos e hizo descender notoriamente las temperaturas el s\u00e1bado, los registros t\u00e9rmicos empezaron a incrementarse progresivamente el domingo a la tarde.<\/p>\n<p>Desde entonces, el viento ya se ubica del sector norte y noreste en la mayor parte del pa\u00eds lo que genera que el \u201ccalorcito\u201d primaveral sigan en aumento.<\/p>\n<p>Es as\u00ed que<b>hoy se instalar\u00e1 nuevamente el aire c\u00e1lido en nuestra regi\u00f3n<\/b>. En Entre R\u00edos se prev\u00e9 parcialmente nublado y una m\u00e1xima de 28 grados.<\/p>\n<p>Seg\u00fan el Servicio Meteorol\u00f3gico Nacional,\u00a0<b>la jornada m\u00e1s calurosa de esta semana ser\u00e1 la del martes<\/b>. Se anuncian en nuestra provincia m\u00ednimas superiores a 15 grados y m\u00e1ximas que superar\u00edan los 30.<\/p>\n<p>Luego se observar\u00e1 un importante\u00a0<b>incremento de las condiciones de inestabilidad que generar\u00edan el mi\u00e9rcoles algunas lluvias en Entre R\u00edos<\/b>, aunque las mismas ser\u00edan dispares, como ha ocurrido en las \u00faltimas ocasiones. La temperatura m\u00e1xima rondar\u00eda los 25 grados.<\/p>\n<p>Para el jueves est\u00e1 anunciado soleado e iniciar\u00eda un nuevo periodo con ascenso t\u00e9rmico.<\/p>\n","protected":false},"excerpt":{"rendered":"<p>Hoy se instalar\u00e1 nuevamente el aire c\u00e1lido en nuestra regi\u00f3n. El martes ser\u00e1 la jornada m\u00e1s calurosa: las m\u00e1ximas que superar\u00edan los 30 grados en Entre R\u00edos. Luego habr\u00e1 un importante incremento de las condiciones de inestabilidad.<\/p>\n","protected":false},"author":8,"featured_media":88448,"comment_status":"open","ping_status":"open","sticky":false,"template":"","format":"standard","meta":{"fifu_image_url":"","fifu_image_alt":"","footnotes":""},"categories":[6],"tags":[113],"class_list":{"0":"post-91139","1":"post","2":"type-post","3":"status-publish","4":"format-standard","5":"has-post-thumbnail","7":"category-entre-rios","8":"tag-smn"},"yoast_head":"<title>Vuelve el calorcito y luego la inestabilidad: qu\u00e9 d\u00eda de esta semana llover\u00eda - Informe Litoral<\/title>\n<meta name=\"robots\" content=\"index, follow, max-snippet:-1, max-image-preview:large, max-video-preview:-1\" \/>\n<link rel=\"canonical\" href=\"https:\/\/informelitoral.com.ar\/vuelve-el-calorcito-y-luego-la-inestabilidad-que-dia-de-esta-semana-lloveria\/\" \/>\n<meta property=\"og:locale\" content=\"es_ES\" \/>\n<meta property=\"og:type\" content=\"article\" \/>\n<meta property=\"og:title\" content=\"Vuelve el calorcito y luego la inestabilidad: qu\u00e9 d\u00eda de esta semana llover\u00eda - Informe Litoral\" \/>\n<meta property=\"og:description\" content=\"Hoy se instalar\u00e1 nuevamente el aire c\u00e1lido en nuestra regi\u00f3n. El martes ser\u00e1 la jornada m\u00e1s calurosa: las m\u00e1ximas que superar\u00edan los 30 grados en Entre R\u00edos. Luego habr\u00e1 un importante incremento de las condiciones de inestabilidad.\" \/>\n<meta property=\"og:url\" content=\"https:\/\/informelitoral.com.ar\/vuelve-el-calorcito-y-luego-la-inestabilidad-que-dia-de-esta-semana-lloveria\/\" \/>\n<meta property=\"og:site_name\" content=\"Informe Litoral\" \/>\n<meta property=\"article:publisher\" content=\"https:\/\/www.facebook.com\/informelitoral\/\" \/>\n<meta property=\"article:published_time\" content=\"2022-10-24T11:09:31+00:00\" \/>\n<meta property=\"article:modified_time\" content=\"2022-10-24T11:18:26+00:00\" \/>\n<meta property=\"og:image\" content=\"https:\/\/informelitoral.com.ar\/%77%70%2d%63%6f%6e%74%65%6e%74\/uploads\/2022\/10\/Mayormente-soleado-1140x570-1.jpeg\" \/>\n\t<meta property=\"og:image:width\" content=\"1140\" \/>\n\t<meta property=\"og:image:height\" content=\"570\" \/>\n\t<meta property=\"og:image:type\" content=\"image\/jpeg\" \/>\n<meta name=\"author\" content=\"Sebastian\" \/>\n<meta name=\"twitter:card\" content=\"summary_large_image\" \/>\n<meta name=\"twitter:creator\" content=\"@InformeLitoral\" \/>\n<meta name=\"twitter:site\" content=\"@InformeLitoral\" \/>\n<meta name=\"twitter:label1\" content=\"Escrito por\" \/>\n\t<meta name=\"twitter:data1\" content=\"Sebastian\" \/>\n\t<meta name=\"twitter:label2\" content=\"Tiempo de lectura\" \/>\n\t<meta name=\"twitter:data2\" content=\"1 minuto\" \/>\n<script type=\"application\/ld+json\" class=\"yoast-schema-graph\">{\"@context\":\"https:\\\/\\\/schema.org\",\"@graph\":[{\"@type\":\"Article\",\"@id\":\"https:\\\/\\\/informelitoral.com.ar\\\/vuelve-el-calorcito-y-luego-la-inestabilidad-que-dia-de-esta-semana-lloveria\\\/#article\",\"isPartOf\":{\"@id\":\"https:\\\/\\\/informelitoral.com.ar\\\/vuelve-el-calorcito-y-luego-la-inestabilidad-que-dia-de-esta-semana-lloveria\\\/\"},\"author\":{\"name\":\"Sebastian\",\"@id\":\"https:\\\/\\\/informelitoral.com.ar\\\/#\\\/schema\\\/person\\\/f05f9f461677119578717524b127d6d5\"},\"headline\":\"Vuelve el calorcito y luego la inestabilidad: qu\u00e9 d\u00eda de esta semana llover\u00eda\",\"datePublished\":\"2022-10-24T11:09:31+00:00\",\"dateModified\":\"2022-10-24T11:18:26+00:00\",\"mainEntityOfPage\":{\"@id\":\"https:\\\/\\\/informelitoral.com.ar\\\/vuelve-el-calorcito-y-luego-la-inestabilidad-que-dia-de-esta-semana-lloveria\\\/\"},\"wordCount\":200,\"commentCount\":0,\"publisher\":{\"@id\":\"https:\\\/\\\/informelitoral.com.ar\\\/#organization\"},\"image\":{\"@id\":\"https:\\\/\\\/informelitoral.com.ar\\\/vuelve-el-calorcito-y-luego-la-inestabilidad-que-dia-de-esta-semana-lloveria\\\/#primaryimage\"},\"thumbnailUrl\":\"https:\\\/\\\/informelitoral.com.ar\\\/%77%70%2d%63%6f%6e%74%65%6e%74\\\/uploads\\\/2022\\\/10\\\/Mayormente-soleado-1140x570-1.jpeg\",\"keywords\":[\"SMN\"],\"articleSection\":[\"Entre R\u00edos\"],\"inLanguage\":\"es\",\"potentialAction\":[{\"@type\":\"CommentAction\",\"name\":\"Comment\",\"target\":[\"https:\\\/\\\/informelitoral.com.ar\\\/vuelve-el-calorcito-y-luego-la-inestabilidad-que-dia-de-esta-semana-lloveria\\\/#respond\"]}]},{\"@type\":\"WebPage\",\"@id\":\"https:\\\/\\\/informelitoral.com.ar\\\/vuelve-el-calorcito-y-luego-la-inestabilidad-que-dia-de-esta-semana-lloveria\\\/\",\"url\":\"https:\\\/\\\/informelitoral.com.ar\\\/vuelve-el-calorcito-y-luego-la-inestabilidad-que-dia-de-esta-semana-lloveria\\\/\",\"name\":\"Vuelve el calorcito y luego la inestabilidad: qu\u00e9 d\u00eda de esta semana llover\u00eda - Informe Litoral\",\"isPartOf\":{\"@id\":\"https:\\\/\\\/informelitoral.com.ar\\\/#website\"},\"primaryImageOfPage\":{\"@id\":\"https:\\\/\\\/informelitoral.com.ar\\\/vuelve-el-calorcito-y-luego-la-inestabilidad-que-dia-de-esta-semana-lloveria\\\/#primaryimage\"},\"image\":{\"@id\":\"https:\\\/\\\/informelitoral.com.ar\\\/vuelve-el-calorcito-y-luego-la-inestabilidad-que-dia-de-esta-semana-lloveria\\\/#primaryimage\"},\"thumbnailUrl\":\"https:\\\/\\\/informelitoral.com.ar\\\/%77%70%2d%63%6f%6e%74%65%6e%74\\\/uploads\\\/2022\\\/10\\\/Mayormente-soleado-1140x570-1.jpeg\",\"datePublished\":\"2022-10-24T11:09:31+00:00\",\"dateModified\":\"2022-10-24T11:18:26+00:00\",\"breadcrumb\":{\"@id\":\"https:\\\/\\\/informelitoral.com.ar\\\/vuelve-el-calorcito-y-luego-la-inestabilidad-que-dia-de-esta-semana-lloveria\\\/#breadcrumb\"},\"inLanguage\":\"es\",\"potentialAction\":[{\"@type\":\"ReadAction\",\"target\":[\"https:\\\/\\\/informelitoral.com.ar\\\/vuelve-el-calorcito-y-luego-la-inestabilidad-que-dia-de-esta-semana-lloveria\\\/\"]}]},{\"@type\":\"ImageObject\",\"inLanguage\":\"es\",\"@id\":\"https:\\\/\\\/informelitoral.com.ar\\\/vuelve-el-calorcito-y-luego-la-inestabilidad-que-dia-de-esta-semana-lloveria\\\/#primaryimage\",\"url\":\"https:\\\/\\\/informelitoral.com.ar\\\/%77%70%2d%63%6f%6e%74%65%6e%74\\\/uploads\\\/2022\\\/10\\\/Mayormente-soleado-1140x570-1.jpeg\",\"contentUrl\":\"https:\\\/\\\/informelitoral.com.ar\\\/%77%70%2d%63%6f%6e%74%65%6e%74\\\/uploads\\\/2022\\\/10\\\/Mayormente-soleado-1140x570-1.jpeg\",\"width\":1140,\"height\":570},{\"@type\":\"BreadcrumbList\",\"@id\":\"https:\\\/\\\/informelitoral.com.ar\\\/vuelve-el-calorcito-y-luego-la-inestabilidad-que-dia-de-esta-semana-lloveria\\\/#breadcrumb\",\"itemListElement\":[{\"@type\":\"ListItem\",\"position\":1,\"name\":\"Portada\",\"item\":\"https:\\\/\\\/informelitoral.com.ar\\\/\"},{\"@type\":\"ListItem\",\"position\":2,\"name\":\"Vuelve el calorcito y luego la inestabilidad: qu\u00e9 d\u00eda de esta semana llover\u00eda\"}]},{\"@type\":\"WebSite\",\"@id\":\"https:\\\/\\\/informelitoral.com.ar\\\/#website\",\"url\":\"https:\\\/\\\/informelitoral.com.ar\\\/\",\"name\":\"Informe Litoral\",\"description\":\"&quot;Nos informamos&quot; \",\"publisher\":{\"@id\":\"https:\\\/\\\/informelitoral.com.ar\\\/#organization\"},\"potentialAction\":[{\"@type\":\"SearchAction\",\"target\":{\"@type\":\"EntryPoint\",\"urlTemplate\":\"https:\\\/\\\/informelitoral.com.ar\\\/?s={search_term_string}\"},\"query-input\":{\"@type\":\"PropertyValueSpecification\",\"valueRequired\":true,\"valueName\":\"search_term_string\"}}],\"inLanguage\":\"es\"},{\"@type\":\"Organization\",\"@id\":\"https:\\\/\\\/informelitoral.com.ar\\\/#organization\",\"name\":\"Informe Litoral\",\"url\":\"https:\\\/\\\/informelitoral.com.ar\\\/\",\"logo\":{\"@type\":\"ImageObject\",\"inLanguage\":\"es\",\"@id\":\"https:\\\/\\\/informelitoral.com.ar\\\/#\\\/schema\\\/logo\\\/image\\\/\",\"url\":\"https:\\\/\\\/informelitoral.com.ar\\\/%77%70%2d%63%6f%6e%74%65%6e%74\\\/uploads\\\/2021\\\/01\\\/circulo.png\",\"contentUrl\":\"https:\\\/\\\/informelitoral.com.ar\\\/%77%70%2d%63%6f%6e%74%65%6e%74\\\/uploads\\\/2021\\\/01\\\/circulo.png\",\"width\":723,\"height\":731,\"caption\":\"Informe Litoral\"},\"image\":{\"@id\":\"https:\\\/\\\/informelitoral.com.ar\\\/#\\\/schema\\\/logo\\\/image\\\/\"},\"sameAs\":[\"https:\\\/\\\/www.facebook.com\\\/informelitoral\\\/\",\"https:\\\/\\\/x.com\\\/InformeLitoral\",\"https:\\\/\\\/www.instagram.com\\\/informelitoral\\\/\",\"https:\\\/\\\/www.youtube.com\\\/channel\\\/UCua4Qvz8Icb6MYqhoq9xLXw\"]},{\"@type\":\"Person\",\"@id\":\"https:\\\/\\\/informelitoral.com.ar\\\/#\\\/schema\\\/person\\\/f05f9f461677119578717524b127d6d5\",\"name\":\"Sebastian\",\"image\":{\"@type\":\"ImageObject\",\"inLanguage\":\"es\",\"@id\":\"https:\\\/\\\/secure.gravatar.com\\\/avatar\\\/b71bf7481d447dfb9583c7f2798e7cc64de6efb9067b74633ed8c31059a3bd82?s=96&d=mm&r=g\",\"url\":\"https:\\\/\\\/secure.gravatar.com\\\/avatar\\\/b71bf7481d447dfb9583c7f2798e7cc64de6efb9067b74633ed8c31059a3bd82?s=96&d=mm&r=g\",\"contentUrl\":\"https:\\\/\\\/secure.gravatar.com\\\/avatar\\\/b71bf7481d447dfb9583c7f2798e7cc64de6efb9067b74633ed8c31059a3bd82?s=96&d=mm&r=g\",\"caption\":\"Sebastian\"},\"url\":\"https:\\\/\\\/informelitoral.com.ar\\\/author\\\/sebastian\\\/\"}]}<\/script>","yoast_head_json":{"title":"Vuelve el calorcito y luego la inestabilidad: qu\u00e9 d\u00eda de esta semana llover\u00eda - Informe Litoral","robots":{"index":"index","follow":"follow","max-snippet":"max-snippet:-1","max-image-preview":"max-image-preview:large","max-video-preview":"max-video-preview:-1"},"canonical":"https:\/\/informelitoral.com.ar\/vuelve-el-calorcito-y-luego-la-inestabilidad-que-dia-de-esta-semana-lloveria\/","og_locale":"es_ES","og_type":"article","og_title":"Vuelve el calorcito y luego la inestabilidad: qu\u00e9 d\u00eda de esta semana llover\u00eda - Informe Litoral","og_description":"Hoy se instalar\u00e1 nuevamente el aire c\u00e1lido en nuestra regi\u00f3n. El martes ser\u00e1 la jornada m\u00e1s calurosa: las m\u00e1ximas que superar\u00edan los 30 grados en Entre R\u00edos. Luego habr\u00e1 un importante incremento de las condiciones de inestabilidad.","og_url":"https:\/\/informelitoral.com.ar\/vuelve-el-calorcito-y-luego-la-inestabilidad-que-dia-de-esta-semana-lloveria\/","og_site_name":"Informe Litoral","article_publisher":"https:\/\/www.facebook.com\/informelitoral\/","article_published_time":"2022-10-24T11:09:31+00:00","article_modified_time":"2022-10-24T11:18:26+00:00","og_image":[{"width":1140,"height":570,"url":"https:\/\/informelitoral.com.ar\/%77%70%2d%63%6f%6e%74%65%6e%74\/uploads\/2022\/10\/Mayormente-soleado-1140x570-1.jpeg","type":"image\/jpeg"}],"author":"Sebastian","twitter_card":"summary_large_image","twitter_creator":"@InformeLitoral","twitter_site":"@InformeLitoral","twitter_misc":{"Escrito por":"Sebastian","Tiempo de lectura":"1 minuto"},"schema":{"@context":"https:\/\/schema.org","@graph":[{"@type":"Article","@id":"https:\/\/informelitoral.com.ar\/vuelve-el-calorcito-y-luego-la-inestabilidad-que-dia-de-esta-semana-lloveria\/#article","isPartOf":{"@id":"https:\/\/informelitoral.com.ar\/vuelve-el-calorcito-y-luego-la-inestabilidad-que-dia-de-esta-semana-lloveria\/"},"author":{"name":"Sebastian","@id":"https:\/\/informelitoral.com.ar\/#\/schema\/person\/f05f9f461677119578717524b127d6d5"},"headline":"Vuelve el calorcito y luego la inestabilidad: qu\u00e9 d\u00eda de esta semana llover\u00eda","datePublished":"2022-10-24T11:09:31+00:00","dateModified":"2022-10-24T11:18:26+00:00","mainEntityOfPage":{"@id":"https:\/\/informelitoral.com.ar\/vuelve-el-calorcito-y-luego-la-inestabilidad-que-dia-de-esta-semana-lloveria\/"},"wordCount":200,"commentCount":0,"publisher":{"@id":"https:\/\/informelitoral.com.ar\/#organization"},"image":{"@id":"https:\/\/informelitoral.com.ar\/vuelve-el-calorcito-y-luego-la-inestabilidad-que-dia-de-esta-semana-lloveria\/#primaryimage"},"thumbnailUrl":"https:\/\/informelitoral.com.ar\/%77%70%2d%63%6f%6e%74%65%6e%74\/uploads\/2022\/10\/Mayormente-soleado-1140x570-1.jpeg","keywords":["SMN"],"articleSection":["Entre R\u00edos"],"inLanguage":"es","potentialAction":[{"@type":"CommentAction","name":"Comment","target":["https:\/\/informelitoral.com.ar\/vuelve-el-calorcito-y-luego-la-inestabilidad-que-dia-de-esta-semana-lloveria\/#respond"]}]},{"@type":"WebPage","@id":"https:\/\/informelitoral.com.ar\/vuelve-el-calorcito-y-luego-la-inestabilidad-que-dia-de-esta-semana-lloveria\/","url":"https:\/\/informelitoral.com.ar\/vuelve-el-calorcito-y-luego-la-inestabilidad-que-dia-de-esta-semana-lloveria\/","name":"Vuelve el calorcito y luego la inestabilidad: qu\u00e9 d\u00eda de esta semana llover\u00eda - Informe Litoral","isPartOf":{"@id":"https:\/\/informelitoral.com.ar\/#website"},"primaryImageOfPage":{"@id":"https:\/\/informelitoral.com.ar\/vuelve-el-calorcito-y-luego-la-inestabilidad-que-dia-de-esta-semana-lloveria\/#primaryimage"},"image":{"@id":"https:\/\/informelitoral.com.ar\/vuelve-el-calorcito-y-luego-la-inestabilidad-que-dia-de-esta-semana-lloveria\/#primaryimage"},"thumbnailUrl":"https:\/\/informelitoral.com.ar\/%77%70%2d%63%6f%6e%74%65%6e%74\/uploads\/2022\/10\/Mayormente-soleado-1140x570-1.jpeg","datePublished":"2022-10-24T11:09:31+00:00","dateModified":"2022-10-24T11:18:26+00:00","breadcrumb":{"@id":"https:\/\/informelitoral.com.ar\/vuelve-el-calorcito-y-luego-la-inestabilidad-que-dia-de-esta-semana-lloveria\/#breadcrumb"},"inLanguage":"es","potentialAction":[{"@type":"ReadAction","target":["https:\/\/informelitoral.com.ar\/vuelve-el-calorcito-y-luego-la-inestabilidad-que-dia-de-esta-semana-lloveria\/"]}]},{"@type":"ImageObject","inLanguage":"es","@id":"https:\/\/informelitoral.com.ar\/vuelve-el-calorcito-y-luego-la-inestabilidad-que-dia-de-esta-semana-lloveria\/#primaryimage","url":"https:\/\/informelitoral.com.ar\/%77%70%2d%63%6f%6e%74%65%6e%74\/uploads\/2022\/10\/Mayormente-soleado-1140x570-1.jpeg","contentUrl":"https:\/\/informelitoral.com.ar\/%77%70%2d%63%6f%6e%74%65%6e%74\/uploads\/2022\/10\/Mayormente-soleado-1140x570-1.jpeg","width":1140,"height":570},{"@type":"BreadcrumbList","@id":"https:\/\/informelitoral.com.ar\/vuelve-el-calorcito-y-luego-la-inestabilidad-que-dia-de-esta-semana-lloveria\/#breadcrumb","itemListElement":[{"@type":"ListItem","position":1,"name":"Portada","item":"https:\/\/informelitoral.com.ar\/"},{"@type":"ListItem","position":2,"name":"Vuelve el calorcito y luego la inestabilidad: qu\u00e9 d\u00eda de esta semana llover\u00eda"}]},{"@type":"WebSite","@id":"https:\/\/informelitoral.com.ar\/#website","url":"https:\/\/informelitoral.com.ar\/","name":"Informe Litoral","description":"&quot;Nos informamos&quot; ","publisher":{"@id":"https:\/\/informelitoral.com.ar\/#organization"},"potentialAction":[{"@type":"SearchAction","target":{"@type":"EntryPoint","urlTemplate":"https:\/\/informelitoral.com.ar\/?s={search_term_string}"},"query-input":{"@type":"PropertyValueSpecification","valueRequired":true,"valueName":"search_term_string"}}],"inLanguage":"es"},{"@type":"Organization","@id":"https:\/\/informelitoral.com.ar\/#organization","name":"Informe Litoral","url":"https:\/\/informelitoral.com.ar\/","logo":{"@type":"ImageObject","inLanguage":"es","@id":"https:\/\/informelitoral.com.ar\/#\/schema\/logo\/image\/","url":"https:\/\/informelitoral.com.ar\/%77%70%2d%63%6f%6e%74%65%6e%74\/uploads\/2021\/01\/circulo.png","contentUrl":"https:\/\/informelitoral.com.ar\/%77%70%2d%63%6f%6e%74%65%6e%74\/uploads\/2021\/01\/circulo.png","width":723,"height":731,"caption":"Informe Litoral"},"image":{"@id":"https:\/\/informelitoral.com.ar\/#\/schema\/logo\/image\/"},"sameAs":["https:\/\/www.facebook.com\/informelitoral\/","https:\/\/x.com\/InformeLitoral","https:\/\/www.instagram.com\/informelitoral\/","https:\/\/www.youtube.com\/channel\/UCua4Qvz8Icb6MYqhoq9xLXw"]},{"@type":"Person","@id":"https:\/\/informelitoral.com.ar\/#\/schema\/person\/f05f9f461677119578717524b127d6d5","name":"Sebastian","image":{"@type":"ImageObject","inLanguage":"es","@id":"https:\/\/secure.gravatar.com\/avatar\/b71bf7481d447dfb9583c7f2798e7cc64de6efb9067b74633ed8c31059a3bd82?s=96&d=mm&r=g","url":"https:\/\/secure.gravatar.com\/avatar\/b71bf7481d447dfb9583c7f2798e7cc64de6efb9067b74633ed8c31059a3bd82?s=96&d=mm&r=g","contentUrl":"https:\/\/secure.gravatar.com\/avatar\/b71bf7481d447dfb9583c7f2798e7cc64de6efb9067b74633ed8c31059a3bd82?s=96&d=mm&r=g","caption":"Sebastian"},"url":"https:\/\/informelitoral.com.ar\/author\/sebastian\/"}]}},"_links":{"self":[{"href":"https:\/\/informelitoral.com.ar\/%77%70%2d%6a%73%6f%6e\/wp\/v2\/posts\/91139","targetHints":{"allow":["GET"]}}],"collection":[{"href":"https:\/\/informelitoral.com.ar\/%77%70%2d%6a%73%6f%6e\/wp\/v2\/posts"}],"about":[{"href":"https:\/\/informelitoral.com.ar\/%77%70%2d%6a%73%6f%6e\/wp\/v2\/types\/post"}],"author":[{"embeddable":true,"href":"https:\/\/informelitoral.com.ar\/%77%70%2d%6a%73%6f%6e\/wp\/v2\/users\/8"}],"replies":[{"embeddable":true,"href":"https:\/\/informelitoral.com.ar\/%77%70%2d%6a%73%6f%6e\/wp\/v2\/comments?post=91139"}],"version-history":[{"count":0,"href":"https:\/\/informelitoral.com.ar\/%77%70%2d%6a%73%6f%6e\/wp\/v2\/posts\/91139\/revisions"}],"wp:featuredmedia":[{"embeddable":true,"href":"https:\/\/informelitoral.com.ar\/%77%70%2d%6a%73%6f%6e\/wp\/v2\/media\/88448"}],"wp:attachment":[{"href":"https:\/\/informelitoral.com.ar\/%77%70%2d%6a%73%6f%6e\/wp\/v2\/media?parent=91139"}],"wp:term":[{"taxonomy":"category","embeddable":true,"href":"https:\/\/informelitoral.com.ar\/%77%70%2d%6a%73%6f%6e\/wp\/v2\/categories?post=91139"},{"taxonomy":"post_tag","embeddable":true,"href":"https:\/\/informelitoral.com.ar\/%77%70%2d%6a%73%6f%6e\/wp\/v2\/tags?post=91139"}],"curies":[{"name":"wp","href":"https:\/\/api.w.org\/{rel}","templated":true}]}}