{"id":91133,"date":"2022-10-23T12:42:01","date_gmt":"2022-10-23T15:42:01","guid":{"rendered":"https:\/\/www.informelitoral.com.ar\/?p=91133"},"modified":"2022-10-23T12:42:01","modified_gmt":"2022-10-23T15:42:01","slug":"whirlpool-fabricara-lavarropas-en-la-argentina-para-la-region","status":"publish","type":"post","link":"https:\/\/informelitoral.com.ar\/whirlpool-fabricara-lavarropas-en-la-argentina-para-la-region\/","title":{"rendered":"Whirlpool fabricar\u00e1 lavarropas en la Argentina para la regi\u00f3n"},"content":{"rendered":"<p class=\"com-paragraph  --capital --s\">Con la mira puesta en asegurarse el acceso a los d\u00f3lares que necesita para importar, Whirlpool complet\u00f3 en tiempo r\u00e9cord la puesta en marcha de una planta de lavarropas en Pilar, que<strong>\u00a0demand\u00f3 una inversi\u00f3n de US$52 millones.\u00a0<\/strong>En la filial local del gigante norteamericano sostienen que la decisi\u00f3n de elegir la Argentina se explica porque se trata de su tercer mercado m\u00e1s importante de la regi\u00f3n, detr\u00e1s de Brasil y M\u00e9xico. Pero tambi\u00e9n\u00a0<strong>admiten que fabricar en el pa\u00eds es la mejor manera de asegurar el abastecimiento<\/strong>\u00a0de las otras l\u00edneas -b\u00e1sicamente heladeras- que importan desde el exterior.<\/p>\n<p class=\"com-paragraph   --s\">\u201cLa Argentina es un mercado muy importante para la compa\u00f1\u00eda y tambi\u00e9n influye que, en el mercado local, los lavarropas de carga frontal representan m\u00e1s del 60% de las ventas, mientras que Brasil el 80% del negocio est\u00e1 en los equipos de carga superior, por eso la decisi\u00f3n es que la Argentina se convierta en un centro para abastecer a toda la regi\u00f3n. No hay que perder de vista que la distancia de San Pablo a Buenos Aires es menor a la que separa de la mayor\u00eda de las capitales del nordeste de Brasil\u201d, explic\u00f3 Joao Carlos Brega, VP Global y presidente de Whirlpool Latinoam\u00e9rica en una entrevista con\u00a0<em>La Naci\u00f3n.<\/em><\/p>\n<div class=\"mod-banner --middle_1_dsk\">\n<div id=\"middle_1_dsk\" class=\"com-banner \" data-slot-group=\"nota\" data-device=\"desktop\" data-subscription=\"true\" data-ad-unit-path=\"\/133919216\/la_nacion_desktop\/Nota\/middle_1_dsk\" data-targeting=\"{&quot;sitio&quot;:&quot;lanacion&quot;,&quot;seccion&quot;:&quot;nota&quot;}\" data-without-hide=\"true\" data-size=\"[[1,1],[640,360],[640,480],[728,90]]\" data-sizemap=\"[]\" data-prebid-enabled=\"true\" data-google-query-id=\"CJq71aTX9voCFSg0uQYdZGoBug\"><\/div>\n<\/div>\n<p class=\"com-paragraph   --s\">En Whirlpool destacan que el proyecto en Pilar contempla la producci\u00f3n de 300.000 lavarropas al a\u00f1o, con un alto componente de insumos y partes de producci\u00f3n nacional. \u201cLos lavarropas que vamos a fabricar en la Argentina son productos globales, similares a los que tenemos en Europa o la India y<strong>\u00a0estamos trabajando con los proveedores para que en plazo de entre 18 y 24 meses el 70% de los insumos sean de producci\u00f3n nacional, lo que nos va a permitir asegurar que no se va a romper la cadena de suministros\u201d, explic\u00f3 Brega.<\/strong><\/p>\n<div class=\"content-media\">\n<section class=\"mod-media --zoom  \" role=\"button\">\n<figure class=\"mod-figure \" role=\"button\">\n<div class=\"placeholder \">\n<figure style=\"width: 2000px\" class=\"wp-caption alignnone\"><img loading=\"lazy\" decoding=\"async\" class=\"com-image \" src=\"https:\/\/resizer.glanacion.com\/resizer\/Gfqq5-1kq27wdliitS04WhYMb94=\/310x0\/filters:format(webp):quality(80)\/cloudfront-us-east-1.images.arcpublishing.com\/lanacionar\/NJM26VADHJAK7JJJBI6CVZ4T34.jpg\" srcset=\"https:\/\/resizer.glanacion.com\/resizer\/UyWzUWgtdkb88avxJzHktyP137k=\/879x0\/filters:format(webp):quality(80)\/cloudfront-us-east-1.images.arcpublishing.com\/lanacionar\/NJM26VADHJAK7JJJBI6CVZ4T34.jpg 879w, https:\/\/resizer.glanacion.com\/resizer\/OUOiLJzKo7AYAJ67iAWdowTvMIw=\/690x0\/filters:format(webp):quality(80)\/cloudfront-us-east-1.images.arcpublishing.com\/lanacionar\/NJM26VADHJAK7JJJBI6CVZ4T34.jpg 690w, https:\/\/resizer.glanacion.com\/resizer\/SEwizQq9Ed5fCe6G8Egb8yqdqwg=\/768x0\/filters:format(webp):quality(80)\/cloudfront-us-east-1.images.arcpublishing.com\/lanacionar\/NJM26VADHJAK7JJJBI6CVZ4T34.jpg 768w, https:\/\/resizer.glanacion.com\/resizer\/Gfdxu1368cBz6UDbux1_Uf39xR4=\/350x0\/filters:format(webp):quality(80)\/cloudfront-us-east-1.images.arcpublishing.com\/lanacionar\/NJM26VADHJAK7JJJBI6CVZ4T34.jpg 350w, https:\/\/resizer.glanacion.com\/resizer\/Gfqq5-1kq27wdliitS04WhYMb94=\/310x0\/filters:format(webp):quality(80)\/cloudfront-us-east-1.images.arcpublishing.com\/lanacionar\/NJM26VADHJAK7JJJBI6CVZ4T34.jpg 310w\" alt=\"La planta de Whirlpool en Pilar demand\u00f3 una inversi\u00f3n de US$52 millones\" width=\"2000\" height=\"1333\" \/><figcaption class=\"wp-caption-text\">La planta de Whirlpool en Pilar demand\u00f3 una inversi\u00f3n de US$52 millones<\/figcaption><\/figure>\n<\/div><figcaption class=\"mod-figcaption\"><\/figcaption><\/figure>\n<\/section>\n<\/div>\n<p class=\"com-paragraph   --s\">El n\u00famero uno de Whipool para la regi\u00f3n adem\u00e1s destac\u00f3 que el proyecto en Pilar tambi\u00e9n tiene un foco puesto en la exportaci\u00f3n y aseguran que la planta de Pilar le permitir\u00e1 a <strong>la empresa convertirse en el mayor exportador de electrodom\u00e9sticos del pa\u00eds.\u00a0<\/strong>\u201cCuando decidimos avanzar con el proyecto, nos sentamos con los tres niveles de gobierno, municipal, provincial y nacional, y obviamente recibimos el apoyo, no solo por la inversi\u00f3n que estamos haciendo sino tambi\u00e9n<strong> vamos a exportar lavarropas, principalmente a Brasil, por un valor de US$50 millones anuales en un momento en que el pa\u00eds necesita generar d\u00f3lares\u201d, se\u00f1al\u00f3 Brega.<\/strong><\/p>\n<p class=\"com-paragraph   --s\">El n\u00famero uno de Whirlpool para la regi\u00f3n adem\u00e1s destaca que la coyuntura econ\u00f3mica local, con catorce tipos de cambios y una inflaci\u00f3n acerc\u00e1ndose a los tres d\u00edgitos, no alcanz\u00f3 para disuadir este proyecto.<\/p>\n<p class=\"com-paragraph   --s\">\u201cEstamos en la Argentina hace m\u00e1s de 30 a\u00f1os y\u00a0<strong>estamos acostumbrados a la volatilidad que hay en Latinoam\u00e9rica.\u00a0<\/strong>Para nosotros no es una novedad. Y localmente no estamos viendo ni una retracci\u00f3n del mercado y tampoco un gran\u00a0<em>boom\u00a0<\/em>de ventas, sino un crecimiento que acompa\u00f1e al crecimiento vegetativo de la poblaci\u00f3n\u201d, destac\u00f3 el ejecutivo de origen brasile\u00f1o.<\/p>\n","protected":false},"excerpt":{"rendered":"<p>La empresa multinacional invirti\u00f3 US$52 millones en una planta en Pilar para abastecer a otros mercados latinoamericanos y no tener problemas para importar<\/p>\n","protected":false},"author":2,"featured_media":91134,"comment_status":"open","ping_status":"open","sticky":false,"template":"","format":"standard","meta":{"fifu_image_url":"","fifu_image_alt":"","footnotes":""},"categories":[1594,7],"tags":[486,641],"class_list":{"0":"post-91133","1":"post","2":"type-post","3":"status-publish","4":"format-standard","5":"has-post-thumbnail","7":"category-economia","8":"category-nacionales","9":"tag-empresas","10":"tag-inversion"},"yoast_head":"<title>Whirlpool fabricar\u00e1 lavarropas en la Argentina para la regi\u00f3n - Informe Litoral<\/title>\n<meta name=\"robots\" content=\"index, follow, max-snippet:-1, max-image-preview:large, max-video-preview:-1\" \/>\n<link rel=\"canonical\" href=\"https:\/\/informelitoral.com.ar\/whirlpool-fabricara-lavarropas-en-la-argentina-para-la-region\/\" \/>\n<meta property=\"og:locale\" content=\"es_ES\" \/>\n<meta property=\"og:type\" content=\"article\" \/>\n<meta property=\"og:title\" content=\"Whirlpool fabricar\u00e1 lavarropas en la Argentina para la regi\u00f3n - Informe Litoral\" \/>\n<meta property=\"og:description\" content=\"La empresa multinacional invirti\u00f3 US$52 millones en una planta en Pilar para abastecer a otros mercados latinoamericanos y no tener problemas para importar\" \/>\n<meta property=\"og:url\" content=\"https:\/\/informelitoral.com.ar\/whirlpool-fabricara-lavarropas-en-la-argentina-para-la-region\/\" \/>\n<meta property=\"og:site_name\" content=\"Informe Litoral\" \/>\n<meta property=\"article:publisher\" content=\"https:\/\/www.facebook.com\/informelitoral\/\" \/>\n<meta property=\"article:published_time\" content=\"2022-10-23T15:42:01+00:00\" \/>\n<meta property=\"og:image\" content=\"https:\/\/informelitoral.com.ar\/%77%70%2d%63%6f%6e%74%65%6e%74\/uploads\/2022\/10\/whirpool-lavarropas-argentina.jpg\" \/>\n\t<meta property=\"og:image:width\" content=\"720\" \/>\n\t<meta property=\"og:image:height\" content=\"405\" \/>\n\t<meta property=\"og:image:type\" content=\"image\/jpeg\" \/>\n<meta name=\"author\" content=\"Gonzalo Schmidt\" \/>\n<meta name=\"twitter:card\" content=\"summary_large_image\" \/>\n<meta name=\"twitter:creator\" content=\"@InformeLitoral\" \/>\n<meta name=\"twitter:site\" content=\"@InformeLitoral\" \/>\n<meta name=\"twitter:label1\" content=\"Escrito por\" \/>\n\t<meta name=\"twitter:data1\" content=\"Gonzalo Schmidt\" \/>\n\t<meta name=\"twitter:label2\" content=\"Tiempo de lectura\" \/>\n\t<meta name=\"twitter:data2\" content=\"3 minutos\" \/>\n<script type=\"application\/ld+json\" class=\"yoast-schema-graph\">{\"@context\":\"https:\\\/\\\/schema.org\",\"@graph\":[{\"@type\":\"Article\",\"@id\":\"https:\\\/\\\/informelitoral.com.ar\\\/whirlpool-fabricara-lavarropas-en-la-argentina-para-la-region\\\/#article\",\"isPartOf\":{\"@id\":\"https:\\\/\\\/informelitoral.com.ar\\\/whirlpool-fabricara-lavarropas-en-la-argentina-para-la-region\\\/\"},\"author\":{\"name\":\"Gonzalo Schmidt\",\"@id\":\"https:\\\/\\\/informelitoral.com.ar\\\/#\\\/schema\\\/person\\\/b9d00407c836482871ef1d57bf8e3180\"},\"headline\":\"Whirlpool fabricar\u00e1 lavarropas en la Argentina para la regi\u00f3n\",\"datePublished\":\"2022-10-23T15:42:01+00:00\",\"mainEntityOfPage\":{\"@id\":\"https:\\\/\\\/informelitoral.com.ar\\\/whirlpool-fabricara-lavarropas-en-la-argentina-para-la-region\\\/\"},\"wordCount\":571,\"commentCount\":0,\"publisher\":{\"@id\":\"https:\\\/\\\/informelitoral.com.ar\\\/#organization\"},\"image\":{\"@id\":\"https:\\\/\\\/informelitoral.com.ar\\\/whirlpool-fabricara-lavarropas-en-la-argentina-para-la-region\\\/#primaryimage\"},\"thumbnailUrl\":\"https:\\\/\\\/informelitoral.com.ar\\\/%77%70%2d%63%6f%6e%74%65%6e%74\\\/uploads\\\/2022\\\/10\\\/whirpool-lavarropas-argentina.jpg\",\"keywords\":[\"Empresas\",\"Inversi\u00f3n\"],\"articleSection\":[\"Econom\u00eda\",\"Nacionales\"],\"inLanguage\":\"es\",\"potentialAction\":[{\"@type\":\"CommentAction\",\"name\":\"Comment\",\"target\":[\"https:\\\/\\\/informelitoral.com.ar\\\/whirlpool-fabricara-lavarropas-en-la-argentina-para-la-region\\\/#respond\"]}]},{\"@type\":\"WebPage\",\"@id\":\"https:\\\/\\\/informelitoral.com.ar\\\/whirlpool-fabricara-lavarropas-en-la-argentina-para-la-region\\\/\",\"url\":\"https:\\\/\\\/informelitoral.com.ar\\\/whirlpool-fabricara-lavarropas-en-la-argentina-para-la-region\\\/\",\"name\":\"Whirlpool fabricar\u00e1 lavarropas en la Argentina para la regi\u00f3n - Informe Litoral\",\"isPartOf\":{\"@id\":\"https:\\\/\\\/informelitoral.com.ar\\\/#website\"},\"primaryImageOfPage\":{\"@id\":\"https:\\\/\\\/informelitoral.com.ar\\\/whirlpool-fabricara-lavarropas-en-la-argentina-para-la-region\\\/#primaryimage\"},\"image\":{\"@id\":\"https:\\\/\\\/informelitoral.com.ar\\\/whirlpool-fabricara-lavarropas-en-la-argentina-para-la-region\\\/#primaryimage\"},\"thumbnailUrl\":\"https:\\\/\\\/informelitoral.com.ar\\\/%77%70%2d%63%6f%6e%74%65%6e%74\\\/uploads\\\/2022\\\/10\\\/whirpool-lavarropas-argentina.jpg\",\"datePublished\":\"2022-10-23T15:42:01+00:00\",\"breadcrumb\":{\"@id\":\"https:\\\/\\\/informelitoral.com.ar\\\/whirlpool-fabricara-lavarropas-en-la-argentina-para-la-region\\\/#breadcrumb\"},\"inLanguage\":\"es\",\"potentialAction\":[{\"@type\":\"ReadAction\",\"target\":[\"https:\\\/\\\/informelitoral.com.ar\\\/whirlpool-fabricara-lavarropas-en-la-argentina-para-la-region\\\/\"]}]},{\"@type\":\"ImageObject\",\"inLanguage\":\"es\",\"@id\":\"https:\\\/\\\/informelitoral.com.ar\\\/whirlpool-fabricara-lavarropas-en-la-argentina-para-la-region\\\/#primaryimage\",\"url\":\"https:\\\/\\\/informelitoral.com.ar\\\/%77%70%2d%63%6f%6e%74%65%6e%74\\\/uploads\\\/2022\\\/10\\\/whirpool-lavarropas-argentina.jpg\",\"contentUrl\":\"https:\\\/\\\/informelitoral.com.ar\\\/%77%70%2d%63%6f%6e%74%65%6e%74\\\/uploads\\\/2022\\\/10\\\/whirpool-lavarropas-argentina.jpg\",\"width\":720,\"height\":405},{\"@type\":\"BreadcrumbList\",\"@id\":\"https:\\\/\\\/informelitoral.com.ar\\\/whirlpool-fabricara-lavarropas-en-la-argentina-para-la-region\\\/#breadcrumb\",\"itemListElement\":[{\"@type\":\"ListItem\",\"position\":1,\"name\":\"Portada\",\"item\":\"https:\\\/\\\/informelitoral.com.ar\\\/\"},{\"@type\":\"ListItem\",\"position\":2,\"name\":\"Whirlpool fabricar\u00e1 lavarropas en la Argentina para la regi\u00f3n\"}]},{\"@type\":\"WebSite\",\"@id\":\"https:\\\/\\\/informelitoral.com.ar\\\/#website\",\"url\":\"https:\\\/\\\/informelitoral.com.ar\\\/\",\"name\":\"Informe Litoral\",\"description\":\"&quot;Nos informamos&quot; \",\"publisher\":{\"@id\":\"https:\\\/\\\/informelitoral.com.ar\\\/#organization\"},\"potentialAction\":[{\"@type\":\"SearchAction\",\"target\":{\"@type\":\"EntryPoint\",\"urlTemplate\":\"https:\\\/\\\/informelitoral.com.ar\\\/?s={search_term_string}\"},\"query-input\":{\"@type\":\"PropertyValueSpecification\",\"valueRequired\":true,\"valueName\":\"search_term_string\"}}],\"inLanguage\":\"es\"},{\"@type\":\"Organization\",\"@id\":\"https:\\\/\\\/informelitoral.com.ar\\\/#organization\",\"name\":\"Informe Litoral\",\"url\":\"https:\\\/\\\/informelitoral.com.ar\\\/\",\"logo\":{\"@type\":\"ImageObject\",\"inLanguage\":\"es\",\"@id\":\"https:\\\/\\\/informelitoral.com.ar\\\/#\\\/schema\\\/logo\\\/image\\\/\",\"url\":\"https:\\\/\\\/informelitoral.com.ar\\\/%77%70%2d%63%6f%6e%74%65%6e%74\\\/uploads\\\/2021\\\/01\\\/circulo.png\",\"contentUrl\":\"https:\\\/\\\/informelitoral.com.ar\\\/%77%70%2d%63%6f%6e%74%65%6e%74\\\/uploads\\\/2021\\\/01\\\/circulo.png\",\"width\":723,\"height\":731,\"caption\":\"Informe Litoral\"},\"image\":{\"@id\":\"https:\\\/\\\/informelitoral.com.ar\\\/#\\\/schema\\\/logo\\\/image\\\/\"},\"sameAs\":[\"https:\\\/\\\/www.facebook.com\\\/informelitoral\\\/\",\"https:\\\/\\\/x.com\\\/InformeLitoral\",\"https:\\\/\\\/www.instagram.com\\\/informelitoral\\\/\",\"https:\\\/\\\/www.youtube.com\\\/channel\\\/UCua4Qvz8Icb6MYqhoq9xLXw\"]},{\"@type\":\"Person\",\"@id\":\"https:\\\/\\\/informelitoral.com.ar\\\/#\\\/schema\\\/person\\\/b9d00407c836482871ef1d57bf8e3180\",\"name\":\"Gonzalo Schmidt\",\"image\":{\"@type\":\"ImageObject\",\"inLanguage\":\"es\",\"@id\":\"https:\\\/\\\/secure.gravatar.com\\\/avatar\\\/31a1a7b66ff2de83bd0e9fd79d026630d2d99e55e8bfe501287647b4fd9743de?s=96&d=mm&r=g\",\"url\":\"https:\\\/\\\/secure.gravatar.com\\\/avatar\\\/31a1a7b66ff2de83bd0e9fd79d026630d2d99e55e8bfe501287647b4fd9743de?s=96&d=mm&r=g\",\"contentUrl\":\"https:\\\/\\\/secure.gravatar.com\\\/avatar\\\/31a1a7b66ff2de83bd0e9fd79d026630d2d99e55e8bfe501287647b4fd9743de?s=96&d=mm&r=g\",\"caption\":\"Gonzalo Schmidt\"},\"description\":\"Sitio web de noticias de la provincia de Entre R\u00edos, Argentina. Informaci\u00f3n y entretenimiento. Informe Litoral, nos informamos.\",\"sameAs\":[\"http:\\\/\\\/www.isletasnoticias.com.ar\"],\"url\":\"https:\\\/\\\/informelitoral.com.ar\\\/author\\\/gonzalo\\\/\"}]}<\/script>","yoast_head_json":{"title":"Whirlpool fabricar\u00e1 lavarropas en la Argentina para la regi\u00f3n - Informe Litoral","robots":{"index":"index","follow":"follow","max-snippet":"max-snippet:-1","max-image-preview":"max-image-preview:large","max-video-preview":"max-video-preview:-1"},"canonical":"https:\/\/informelitoral.com.ar\/whirlpool-fabricara-lavarropas-en-la-argentina-para-la-region\/","og_locale":"es_ES","og_type":"article","og_title":"Whirlpool fabricar\u00e1 lavarropas en la Argentina para la regi\u00f3n - Informe Litoral","og_description":"La empresa multinacional invirti\u00f3 US$52 millones en una planta en Pilar para abastecer a otros mercados latinoamericanos y no tener problemas para importar","og_url":"https:\/\/informelitoral.com.ar\/whirlpool-fabricara-lavarropas-en-la-argentina-para-la-region\/","og_site_name":"Informe Litoral","article_publisher":"https:\/\/www.facebook.com\/informelitoral\/","article_published_time":"2022-10-23T15:42:01+00:00","og_image":[{"width":720,"height":405,"url":"https:\/\/informelitoral.com.ar\/%77%70%2d%63%6f%6e%74%65%6e%74\/uploads\/2022\/10\/whirpool-lavarropas-argentina.jpg","type":"image\/jpeg"}],"author":"Gonzalo Schmidt","twitter_card":"summary_large_image","twitter_creator":"@InformeLitoral","twitter_site":"@InformeLitoral","twitter_misc":{"Escrito por":"Gonzalo Schmidt","Tiempo de lectura":"3 minutos"},"schema":{"@context":"https:\/\/schema.org","@graph":[{"@type":"Article","@id":"https:\/\/informelitoral.com.ar\/whirlpool-fabricara-lavarropas-en-la-argentina-para-la-region\/#article","isPartOf":{"@id":"https:\/\/informelitoral.com.ar\/whirlpool-fabricara-lavarropas-en-la-argentina-para-la-region\/"},"author":{"name":"Gonzalo Schmidt","@id":"https:\/\/informelitoral.com.ar\/#\/schema\/person\/b9d00407c836482871ef1d57bf8e3180"},"headline":"Whirlpool fabricar\u00e1 lavarropas en la Argentina para la regi\u00f3n","datePublished":"2022-10-23T15:42:01+00:00","mainEntityOfPage":{"@id":"https:\/\/informelitoral.com.ar\/whirlpool-fabricara-lavarropas-en-la-argentina-para-la-region\/"},"wordCount":571,"commentCount":0,"publisher":{"@id":"https:\/\/informelitoral.com.ar\/#organization"},"image":{"@id":"https:\/\/informelitoral.com.ar\/whirlpool-fabricara-lavarropas-en-la-argentina-para-la-region\/#primaryimage"},"thumbnailUrl":"https:\/\/informelitoral.com.ar\/%77%70%2d%63%6f%6e%74%65%6e%74\/uploads\/2022\/10\/whirpool-lavarropas-argentina.jpg","keywords":["Empresas","Inversi\u00f3n"],"articleSection":["Econom\u00eda","Nacionales"],"inLanguage":"es","potentialAction":[{"@type":"CommentAction","name":"Comment","target":["https:\/\/informelitoral.com.ar\/whirlpool-fabricara-lavarropas-en-la-argentina-para-la-region\/#respond"]}]},{"@type":"WebPage","@id":"https:\/\/informelitoral.com.ar\/whirlpool-fabricara-lavarropas-en-la-argentina-para-la-region\/","url":"https:\/\/informelitoral.com.ar\/whirlpool-fabricara-lavarropas-en-la-argentina-para-la-region\/","name":"Whirlpool fabricar\u00e1 lavarropas en la Argentina para la regi\u00f3n - Informe Litoral","isPartOf":{"@id":"https:\/\/informelitoral.com.ar\/#website"},"primaryImageOfPage":{"@id":"https:\/\/informelitoral.com.ar\/whirlpool-fabricara-lavarropas-en-la-argentina-para-la-region\/#primaryimage"},"image":{"@id":"https:\/\/informelitoral.com.ar\/whirlpool-fabricara-lavarropas-en-la-argentina-para-la-region\/#primaryimage"},"thumbnailUrl":"https:\/\/informelitoral.com.ar\/%77%70%2d%63%6f%6e%74%65%6e%74\/uploads\/2022\/10\/whirpool-lavarropas-argentina.jpg","datePublished":"2022-10-23T15:42:01+00:00","breadcrumb":{"@id":"https:\/\/informelitoral.com.ar\/whirlpool-fabricara-lavarropas-en-la-argentina-para-la-region\/#breadcrumb"},"inLanguage":"es","potentialAction":[{"@type":"ReadAction","target":["https:\/\/informelitoral.com.ar\/whirlpool-fabricara-lavarropas-en-la-argentina-para-la-region\/"]}]},{"@type":"ImageObject","inLanguage":"es","@id":"https:\/\/informelitoral.com.ar\/whirlpool-fabricara-lavarropas-en-la-argentina-para-la-region\/#primaryimage","url":"https:\/\/informelitoral.com.ar\/%77%70%2d%63%6f%6e%74%65%6e%74\/uploads\/2022\/10\/whirpool-lavarropas-argentina.jpg","contentUrl":"https:\/\/informelitoral.com.ar\/%77%70%2d%63%6f%6e%74%65%6e%74\/uploads\/2022\/10\/whirpool-lavarropas-argentina.jpg","width":720,"height":405},{"@type":"BreadcrumbList","@id":"https:\/\/informelitoral.com.ar\/whirlpool-fabricara-lavarropas-en-la-argentina-para-la-region\/#breadcrumb","itemListElement":[{"@type":"ListItem","position":1,"name":"Portada","item":"https:\/\/informelitoral.com.ar\/"},{"@type":"ListItem","position":2,"name":"Whirlpool fabricar\u00e1 lavarropas en la Argentina para la regi\u00f3n"}]},{"@type":"WebSite","@id":"https:\/\/informelitoral.com.ar\/#website","url":"https:\/\/informelitoral.com.ar\/","name":"Informe Litoral","description":"&quot;Nos informamos&quot; ","publisher":{"@id":"https:\/\/informelitoral.com.ar\/#organization"},"potentialAction":[{"@type":"SearchAction","target":{"@type":"EntryPoint","urlTemplate":"https:\/\/informelitoral.com.ar\/?s={search_term_string}"},"query-input":{"@type":"PropertyValueSpecification","valueRequired":true,"valueName":"search_term_string"}}],"inLanguage":"es"},{"@type":"Organization","@id":"https:\/\/informelitoral.com.ar\/#organization","name":"Informe Litoral","url":"https:\/\/informelitoral.com.ar\/","logo":{"@type":"ImageObject","inLanguage":"es","@id":"https:\/\/informelitoral.com.ar\/#\/schema\/logo\/image\/","url":"https:\/\/informelitoral.com.ar\/%77%70%2d%63%6f%6e%74%65%6e%74\/uploads\/2021\/01\/circulo.png","contentUrl":"https:\/\/informelitoral.com.ar\/%77%70%2d%63%6f%6e%74%65%6e%74\/uploads\/2021\/01\/circulo.png","width":723,"height":731,"caption":"Informe Litoral"},"image":{"@id":"https:\/\/informelitoral.com.ar\/#\/schema\/logo\/image\/"},"sameAs":["https:\/\/www.facebook.com\/informelitoral\/","https:\/\/x.com\/InformeLitoral","https:\/\/www.instagram.com\/informelitoral\/","https:\/\/www.youtube.com\/channel\/UCua4Qvz8Icb6MYqhoq9xLXw"]},{"@type":"Person","@id":"https:\/\/informelitoral.com.ar\/#\/schema\/person\/b9d00407c836482871ef1d57bf8e3180","name":"Gonzalo Schmidt","image":{"@type":"ImageObject","inLanguage":"es","@id":"https:\/\/secure.gravatar.com\/avatar\/31a1a7b66ff2de83bd0e9fd79d026630d2d99e55e8bfe501287647b4fd9743de?s=96&d=mm&r=g","url":"https:\/\/secure.gravatar.com\/avatar\/31a1a7b66ff2de83bd0e9fd79d026630d2d99e55e8bfe501287647b4fd9743de?s=96&d=mm&r=g","contentUrl":"https:\/\/secure.gravatar.com\/avatar\/31a1a7b66ff2de83bd0e9fd79d026630d2d99e55e8bfe501287647b4fd9743de?s=96&d=mm&r=g","caption":"Gonzalo Schmidt"},"description":"Sitio web de noticias de la provincia de Entre R\u00edos, Argentina. Informaci\u00f3n y entretenimiento. Informe Litoral, nos informamos.","sameAs":["http:\/\/www.isletasnoticias.com.ar"],"url":"https:\/\/informelitoral.com.ar\/author\/gonzalo\/"}]}},"_links":{"self":[{"href":"https:\/\/informelitoral.com.ar\/%77%70%2d%6a%73%6f%6e\/wp\/v2\/posts\/91133","targetHints":{"allow":["GET"]}}],"collection":[{"href":"https:\/\/informelitoral.com.ar\/%77%70%2d%6a%73%6f%6e\/wp\/v2\/posts"}],"about":[{"href":"https:\/\/informelitoral.com.ar\/%77%70%2d%6a%73%6f%6e\/wp\/v2\/types\/post"}],"author":[{"embeddable":true,"href":"https:\/\/informelitoral.com.ar\/%77%70%2d%6a%73%6f%6e\/wp\/v2\/users\/2"}],"replies":[{"embeddable":true,"href":"https:\/\/informelitoral.com.ar\/%77%70%2d%6a%73%6f%6e\/wp\/v2\/comments?post=91133"}],"version-history":[{"count":0,"href":"https:\/\/informelitoral.com.ar\/%77%70%2d%6a%73%6f%6e\/wp\/v2\/posts\/91133\/revisions"}],"wp:featuredmedia":[{"embeddable":true,"href":"https:\/\/informelitoral.com.ar\/%77%70%2d%6a%73%6f%6e\/wp\/v2\/media\/91134"}],"wp:attachment":[{"href":"https:\/\/informelitoral.com.ar\/%77%70%2d%6a%73%6f%6e\/wp\/v2\/media?parent=91133"}],"wp:term":[{"taxonomy":"category","embeddable":true,"href":"https:\/\/informelitoral.com.ar\/%77%70%2d%6a%73%6f%6e\/wp\/v2\/categories?post=91133"},{"taxonomy":"post_tag","embeddable":true,"href":"https:\/\/informelitoral.com.ar\/%77%70%2d%6a%73%6f%6e\/wp\/v2\/tags?post=91133"}],"curies":[{"name":"wp","href":"https:\/\/api.w.org\/{rel}","templated":true}]}}