{"id":91080,"date":"2022-10-21T11:35:11","date_gmt":"2022-10-21T14:35:11","guid":{"rendered":"https:\/\/www.informelitoral.com.ar\/?p=91080"},"modified":"2022-10-21T11:54:59","modified_gmt":"2022-10-21T14:54:59","slug":"la-seleccion-argentina-entrega-la-lista-preliminar-para-el-mundial-de-qatar-por-que-se-espera-una-nomina-extra-large","status":"publish","type":"post","link":"https:\/\/informelitoral.com.ar\/la-seleccion-argentina-entrega-la-lista-preliminar-para-el-mundial-de-qatar-por-que-se-espera-una-nomina-extra-large\/","title":{"rendered":"La selecci\u00f3n argentina entrega la lista preliminar para el Mundial de Qatar: por qu\u00e9 se espera una n\u00f3mina \u201cextra large\u201d"},"content":{"rendered":"<p class=\"paragraph\">Lleg\u00f3 el d\u00eda del primer paso formal en la recta final hacia el\u00a0<b>Mundial de Qatar<\/b>. Todas las selecciones deben presentar ante la FIFA la lista preliminar para la competencia. Esta n\u00f3mina luego ser\u00e1 reducida al n\u00famero definitivo de 26 nombres antes del 14 de noviembre. En ese contexto,\u00a0<b>Lionel Scaloni\u00a0<\/b>enviar\u00e1 la plantilla de<b>\u00a0Argentina<\/b>\u00a0al ente que rige el f\u00fatbol a nivel global (no es obligatoria su difusi\u00f3n). Y la misma se espera que sea \u201cextra large\u201d.<\/p>\n<p class=\"paragraph\">A pesar de que qued\u00f3 instalado que esta primera lista constar\u00e1 de 35 futbolistas,\u00a0<b>el reglamento habilita a que la misma tenga un l\u00edmite de 55<\/b>. Y frente a la posibilidad de ampliar la base ante las contingencias (que ya empezaron a surgir con las lesiones de\u00a0<b>Paulo Dybala<\/b>,\u00a0<b>\u00c1ngel Di Mar\u00eda<\/b>\u00a0o\u00a0<b>Juan Foyth<\/b>),\u00a0<b>existe la chance concreta de que el cuerpo t\u00e9cnico utilice todos (o al menos la gran mayor\u00eda) de los cupos como prevenci\u00f3n<\/b>.<\/p>\n<p class=\"paragraph\">\u201cA ra\u00edz de la necesidad de conservar una flexibilidad adicional debido a la excepcionalidad de las fechas de la Copa Mundial de la FIFA 2022 en el calendario internacional, as\u00ed como a los efectos de la pandemia en los equipos antes y durante las competiciones, el Bureau ha decidido lo siguiente: el n\u00famero m\u00e1ximo de integrantes de la lista provisional se ampl\u00eda de 35 a 55 futbolistas\u201d, rez\u00f3 la comunicaci\u00f3n emitida el 23 de junio, en la cual se apoyar\u00eda el cuerpo t\u00e9cnico del seleccionado.<\/p>\n<p class=\"paragraph\"><b>\u201cEn Europa quedan tres semanas de competencia. Es mucho tiempo\u201d<\/b>, \u00a0una fuente cercana al cuerpo t\u00e9cnico. En efecto, en el Viejo Continente habr\u00e1 actividad oficial hasta el domingo 13. Ante el calendario ajustado que ofrecieron las competencias a nivel clubes por la fecha inusual del Mundial, los riesgos de lesiones se multiplican. De ah\u00ed el m\u00e1ximo grado de previsi\u00f3n.<\/p>\n<p><b>Polonia<\/b>, por caso, se adelant\u00f3 un d\u00eda a la entrega de la n\u00f3mina, que const\u00f3 de 47 elegidos, encabezados por Robert Lewandowski, la figura del Barcelona. Los europeos cerrar\u00e1n el Grupo C ante Argentina, el 30 de noviembre.\u00a0<b>Arabia Saudita<\/b>, por su parte, apel\u00f3 a un listado menor, con apenas 32 hombres, con los que inici\u00f3 un campamento de preparaci\u00f3n en Abu Dhabi, con cinco partidos amistosos (el primero, este s\u00e1bado frente a Macedonia). Los asi\u00e1ticos (que completan la zona junto a M\u00e9xico) har\u00e1n su debut precisamente contra la Albiceleste el martes 22 de noviembre en el Lusail Iconic Stadium de Doha.<\/p>\n","protected":false},"excerpt":{"rendered":"<p>Lionel Scaloni enviar\u00e1 a la FIFA la preselecci\u00f3n, que podr\u00eda ocupar todas o casi todas las 55 plazas que habilita el reglamento<\/p>\n","protected":false},"author":8,"featured_media":91086,"comment_status":"open","ping_status":"open","sticky":false,"template":"","format":"standard","meta":{"fifu_image_url":"","fifu_image_alt":"","footnotes":""},"categories":[13],"tags":[116],"class_list":{"0":"post-91080","1":"post","2":"type-post","3":"status-publish","4":"format-standard","5":"has-post-thumbnail","7":"category-deportes","8":"tag-seleccion-argentina"},"yoast_head":"<title>La selecci\u00f3n argentina entrega la lista preliminar para el Mundial de Qatar: por qu\u00e9 se espera una n\u00f3mina \u201cextra large\u201d - Informe Litoral<\/title>\n<meta name=\"robots\" content=\"index, follow, max-snippet:-1, max-image-preview:large, max-video-preview:-1\" \/>\n<link rel=\"canonical\" href=\"https:\/\/informelitoral.com.ar\/la-seleccion-argentina-entrega-la-lista-preliminar-para-el-mundial-de-qatar-por-que-se-espera-una-nomina-extra-large\/\" \/>\n<meta property=\"og:locale\" content=\"es_ES\" \/>\n<meta property=\"og:type\" content=\"article\" \/>\n<meta property=\"og:title\" content=\"La selecci\u00f3n argentina entrega la lista preliminar para el Mundial de Qatar: por qu\u00e9 se espera una n\u00f3mina \u201cextra large\u201d - Informe Litoral\" \/>\n<meta property=\"og:description\" content=\"Lionel Scaloni enviar\u00e1 a la FIFA la preselecci\u00f3n, que podr\u00eda ocupar todas o casi todas las 55 plazas que habilita el reglamento\" \/>\n<meta property=\"og:url\" content=\"https:\/\/informelitoral.com.ar\/la-seleccion-argentina-entrega-la-lista-preliminar-para-el-mundial-de-qatar-por-que-se-espera-una-nomina-extra-large\/\" \/>\n<meta property=\"og:site_name\" content=\"Informe Litoral\" \/>\n<meta property=\"article:publisher\" content=\"https:\/\/www.facebook.com\/informelitoral\/\" \/>\n<meta property=\"article:published_time\" content=\"2022-10-21T14:35:11+00:00\" \/>\n<meta property=\"article:modified_time\" content=\"2022-10-21T14:54:59+00:00\" \/>\n<meta property=\"og:image\" content=\"https:\/\/informelitoral.com.ar\/%77%70%2d%63%6f%6e%74%65%6e%74\/uploads\/2022\/10\/E6NNMFMLMRHDXOAHNNUV2N7Z6Y.webp\" \/>\n\t<meta property=\"og:image:width\" content=\"992\" \/>\n\t<meta property=\"og:image:height\" content=\"558\" \/>\n\t<meta property=\"og:image:type\" content=\"image\/webp\" \/>\n<meta name=\"author\" content=\"Sebastian\" \/>\n<meta name=\"twitter:card\" content=\"summary_large_image\" \/>\n<meta name=\"twitter:creator\" content=\"@InformeLitoral\" \/>\n<meta name=\"twitter:site\" content=\"@InformeLitoral\" \/>\n<meta name=\"twitter:label1\" content=\"Escrito por\" \/>\n\t<meta name=\"twitter:data1\" content=\"Sebastian\" \/>\n\t<meta name=\"twitter:label2\" content=\"Tiempo de lectura\" \/>\n\t<meta name=\"twitter:data2\" content=\"2 minutos\" \/>\n<script type=\"application\/ld+json\" class=\"yoast-schema-graph\">{\"@context\":\"https:\\\/\\\/schema.org\",\"@graph\":[{\"@type\":\"Article\",\"@id\":\"https:\\\/\\\/informelitoral.com.ar\\\/la-seleccion-argentina-entrega-la-lista-preliminar-para-el-mundial-de-qatar-por-que-se-espera-una-nomina-extra-large\\\/#article\",\"isPartOf\":{\"@id\":\"https:\\\/\\\/informelitoral.com.ar\\\/la-seleccion-argentina-entrega-la-lista-preliminar-para-el-mundial-de-qatar-por-que-se-espera-una-nomina-extra-large\\\/\"},\"author\":{\"name\":\"Sebastian\",\"@id\":\"https:\\\/\\\/informelitoral.com.ar\\\/#\\\/schema\\\/person\\\/f05f9f461677119578717524b127d6d5\"},\"headline\":\"La selecci\u00f3n argentina entrega la lista preliminar para el Mundial de Qatar: por qu\u00e9 se espera una n\u00f3mina \u201cextra large\u201d\",\"datePublished\":\"2022-10-21T14:35:11+00:00\",\"dateModified\":\"2022-10-21T14:54:59+00:00\",\"mainEntityOfPage\":{\"@id\":\"https:\\\/\\\/informelitoral.com.ar\\\/la-seleccion-argentina-entrega-la-lista-preliminar-para-el-mundial-de-qatar-por-que-se-espera-una-nomina-extra-large\\\/\"},\"wordCount\":439,\"commentCount\":0,\"publisher\":{\"@id\":\"https:\\\/\\\/informelitoral.com.ar\\\/#organization\"},\"image\":{\"@id\":\"https:\\\/\\\/informelitoral.com.ar\\\/la-seleccion-argentina-entrega-la-lista-preliminar-para-el-mundial-de-qatar-por-que-se-espera-una-nomina-extra-large\\\/#primaryimage\"},\"thumbnailUrl\":\"https:\\\/\\\/informelitoral.com.ar\\\/%77%70%2d%63%6f%6e%74%65%6e%74\\\/uploads\\\/2022\\\/10\\\/E6NNMFMLMRHDXOAHNNUV2N7Z6Y.webp\",\"keywords\":[\"Selecci\u00f3n argentina\"],\"articleSection\":[\"Deportes\"],\"inLanguage\":\"es\",\"potentialAction\":[{\"@type\":\"CommentAction\",\"name\":\"Comment\",\"target\":[\"https:\\\/\\\/informelitoral.com.ar\\\/la-seleccion-argentina-entrega-la-lista-preliminar-para-el-mundial-de-qatar-por-que-se-espera-una-nomina-extra-large\\\/#respond\"]}]},{\"@type\":\"WebPage\",\"@id\":\"https:\\\/\\\/informelitoral.com.ar\\\/la-seleccion-argentina-entrega-la-lista-preliminar-para-el-mundial-de-qatar-por-que-se-espera-una-nomina-extra-large\\\/\",\"url\":\"https:\\\/\\\/informelitoral.com.ar\\\/la-seleccion-argentina-entrega-la-lista-preliminar-para-el-mundial-de-qatar-por-que-se-espera-una-nomina-extra-large\\\/\",\"name\":\"La selecci\u00f3n argentina entrega la lista preliminar para el Mundial de Qatar: por qu\u00e9 se espera una n\u00f3mina \u201cextra large\u201d - Informe Litoral\",\"isPartOf\":{\"@id\":\"https:\\\/\\\/informelitoral.com.ar\\\/#website\"},\"primaryImageOfPage\":{\"@id\":\"https:\\\/\\\/informelitoral.com.ar\\\/la-seleccion-argentina-entrega-la-lista-preliminar-para-el-mundial-de-qatar-por-que-se-espera-una-nomina-extra-large\\\/#primaryimage\"},\"image\":{\"@id\":\"https:\\\/\\\/informelitoral.com.ar\\\/la-seleccion-argentina-entrega-la-lista-preliminar-para-el-mundial-de-qatar-por-que-se-espera-una-nomina-extra-large\\\/#primaryimage\"},\"thumbnailUrl\":\"https:\\\/\\\/informelitoral.com.ar\\\/%77%70%2d%63%6f%6e%74%65%6e%74\\\/uploads\\\/2022\\\/10\\\/E6NNMFMLMRHDXOAHNNUV2N7Z6Y.webp\",\"datePublished\":\"2022-10-21T14:35:11+00:00\",\"dateModified\":\"2022-10-21T14:54:59+00:00\",\"breadcrumb\":{\"@id\":\"https:\\\/\\\/informelitoral.com.ar\\\/la-seleccion-argentina-entrega-la-lista-preliminar-para-el-mundial-de-qatar-por-que-se-espera-una-nomina-extra-large\\\/#breadcrumb\"},\"inLanguage\":\"es\",\"potentialAction\":[{\"@type\":\"ReadAction\",\"target\":[\"https:\\\/\\\/informelitoral.com.ar\\\/la-seleccion-argentina-entrega-la-lista-preliminar-para-el-mundial-de-qatar-por-que-se-espera-una-nomina-extra-large\\\/\"]}]},{\"@type\":\"ImageObject\",\"inLanguage\":\"es\",\"@id\":\"https:\\\/\\\/informelitoral.com.ar\\\/la-seleccion-argentina-entrega-la-lista-preliminar-para-el-mundial-de-qatar-por-que-se-espera-una-nomina-extra-large\\\/#primaryimage\",\"url\":\"https:\\\/\\\/informelitoral.com.ar\\\/%77%70%2d%63%6f%6e%74%65%6e%74\\\/uploads\\\/2022\\\/10\\\/E6NNMFMLMRHDXOAHNNUV2N7Z6Y.webp\",\"contentUrl\":\"https:\\\/\\\/informelitoral.com.ar\\\/%77%70%2d%63%6f%6e%74%65%6e%74\\\/uploads\\\/2022\\\/10\\\/E6NNMFMLMRHDXOAHNNUV2N7Z6Y.webp\",\"width\":992,\"height\":558},{\"@type\":\"BreadcrumbList\",\"@id\":\"https:\\\/\\\/informelitoral.com.ar\\\/la-seleccion-argentina-entrega-la-lista-preliminar-para-el-mundial-de-qatar-por-que-se-espera-una-nomina-extra-large\\\/#breadcrumb\",\"itemListElement\":[{\"@type\":\"ListItem\",\"position\":1,\"name\":\"Portada\",\"item\":\"https:\\\/\\\/informelitoral.com.ar\\\/\"},{\"@type\":\"ListItem\",\"position\":2,\"name\":\"La selecci\u00f3n argentina entrega la lista preliminar para el Mundial de Qatar: por qu\u00e9 se espera una n\u00f3mina \u201cextra large\u201d\"}]},{\"@type\":\"WebSite\",\"@id\":\"https:\\\/\\\/informelitoral.com.ar\\\/#website\",\"url\":\"https:\\\/\\\/informelitoral.com.ar\\\/\",\"name\":\"Informe Litoral\",\"description\":\"&quot;Nos informamos&quot; \",\"publisher\":{\"@id\":\"https:\\\/\\\/informelitoral.com.ar\\\/#organization\"},\"potentialAction\":[{\"@type\":\"SearchAction\",\"target\":{\"@type\":\"EntryPoint\",\"urlTemplate\":\"https:\\\/\\\/informelitoral.com.ar\\\/?s={search_term_string}\"},\"query-input\":{\"@type\":\"PropertyValueSpecification\",\"valueRequired\":true,\"valueName\":\"search_term_string\"}}],\"inLanguage\":\"es\"},{\"@type\":\"Organization\",\"@id\":\"https:\\\/\\\/informelitoral.com.ar\\\/#organization\",\"name\":\"Informe Litoral\",\"url\":\"https:\\\/\\\/informelitoral.com.ar\\\/\",\"logo\":{\"@type\":\"ImageObject\",\"inLanguage\":\"es\",\"@id\":\"https:\\\/\\\/informelitoral.com.ar\\\/#\\\/schema\\\/logo\\\/image\\\/\",\"url\":\"https:\\\/\\\/informelitoral.com.ar\\\/%77%70%2d%63%6f%6e%74%65%6e%74\\\/uploads\\\/2021\\\/01\\\/circulo.png\",\"contentUrl\":\"https:\\\/\\\/informelitoral.com.ar\\\/%77%70%2d%63%6f%6e%74%65%6e%74\\\/uploads\\\/2021\\\/01\\\/circulo.png\",\"width\":723,\"height\":731,\"caption\":\"Informe Litoral\"},\"image\":{\"@id\":\"https:\\\/\\\/informelitoral.com.ar\\\/#\\\/schema\\\/logo\\\/image\\\/\"},\"sameAs\":[\"https:\\\/\\\/www.facebook.com\\\/informelitoral\\\/\",\"https:\\\/\\\/x.com\\\/InformeLitoral\",\"https:\\\/\\\/www.instagram.com\\\/informelitoral\\\/\",\"https:\\\/\\\/www.youtube.com\\\/channel\\\/UCua4Qvz8Icb6MYqhoq9xLXw\"]},{\"@type\":\"Person\",\"@id\":\"https:\\\/\\\/informelitoral.com.ar\\\/#\\\/schema\\\/person\\\/f05f9f461677119578717524b127d6d5\",\"name\":\"Sebastian\",\"image\":{\"@type\":\"ImageObject\",\"inLanguage\":\"es\",\"@id\":\"https:\\\/\\\/secure.gravatar.com\\\/avatar\\\/b71bf7481d447dfb9583c7f2798e7cc64de6efb9067b74633ed8c31059a3bd82?s=96&d=mm&r=g\",\"url\":\"https:\\\/\\\/secure.gravatar.com\\\/avatar\\\/b71bf7481d447dfb9583c7f2798e7cc64de6efb9067b74633ed8c31059a3bd82?s=96&d=mm&r=g\",\"contentUrl\":\"https:\\\/\\\/secure.gravatar.com\\\/avatar\\\/b71bf7481d447dfb9583c7f2798e7cc64de6efb9067b74633ed8c31059a3bd82?s=96&d=mm&r=g\",\"caption\":\"Sebastian\"},\"url\":\"https:\\\/\\\/informelitoral.com.ar\\\/author\\\/sebastian\\\/\"}]}<\/script>","yoast_head_json":{"title":"La selecci\u00f3n argentina entrega la lista preliminar para el Mundial de Qatar: por qu\u00e9 se espera una n\u00f3mina \u201cextra large\u201d - Informe Litoral","robots":{"index":"index","follow":"follow","max-snippet":"max-snippet:-1","max-image-preview":"max-image-preview:large","max-video-preview":"max-video-preview:-1"},"canonical":"https:\/\/informelitoral.com.ar\/la-seleccion-argentina-entrega-la-lista-preliminar-para-el-mundial-de-qatar-por-que-se-espera-una-nomina-extra-large\/","og_locale":"es_ES","og_type":"article","og_title":"La selecci\u00f3n argentina entrega la lista preliminar para el Mundial de Qatar: por qu\u00e9 se espera una n\u00f3mina \u201cextra large\u201d - Informe Litoral","og_description":"Lionel Scaloni enviar\u00e1 a la FIFA la preselecci\u00f3n, que podr\u00eda ocupar todas o casi todas las 55 plazas que habilita el reglamento","og_url":"https:\/\/informelitoral.com.ar\/la-seleccion-argentina-entrega-la-lista-preliminar-para-el-mundial-de-qatar-por-que-se-espera-una-nomina-extra-large\/","og_site_name":"Informe Litoral","article_publisher":"https:\/\/www.facebook.com\/informelitoral\/","article_published_time":"2022-10-21T14:35:11+00:00","article_modified_time":"2022-10-21T14:54:59+00:00","og_image":[{"width":992,"height":558,"url":"https:\/\/informelitoral.com.ar\/%77%70%2d%63%6f%6e%74%65%6e%74\/uploads\/2022\/10\/E6NNMFMLMRHDXOAHNNUV2N7Z6Y.webp","type":"image\/webp"}],"author":"Sebastian","twitter_card":"summary_large_image","twitter_creator":"@InformeLitoral","twitter_site":"@InformeLitoral","twitter_misc":{"Escrito por":"Sebastian","Tiempo de lectura":"2 minutos"},"schema":{"@context":"https:\/\/schema.org","@graph":[{"@type":"Article","@id":"https:\/\/informelitoral.com.ar\/la-seleccion-argentina-entrega-la-lista-preliminar-para-el-mundial-de-qatar-por-que-se-espera-una-nomina-extra-large\/#article","isPartOf":{"@id":"https:\/\/informelitoral.com.ar\/la-seleccion-argentina-entrega-la-lista-preliminar-para-el-mundial-de-qatar-por-que-se-espera-una-nomina-extra-large\/"},"author":{"name":"Sebastian","@id":"https:\/\/informelitoral.com.ar\/#\/schema\/person\/f05f9f461677119578717524b127d6d5"},"headline":"La selecci\u00f3n argentina entrega la lista preliminar para el Mundial de Qatar: por qu\u00e9 se espera una n\u00f3mina \u201cextra large\u201d","datePublished":"2022-10-21T14:35:11+00:00","dateModified":"2022-10-21T14:54:59+00:00","mainEntityOfPage":{"@id":"https:\/\/informelitoral.com.ar\/la-seleccion-argentina-entrega-la-lista-preliminar-para-el-mundial-de-qatar-por-que-se-espera-una-nomina-extra-large\/"},"wordCount":439,"commentCount":0,"publisher":{"@id":"https:\/\/informelitoral.com.ar\/#organization"},"image":{"@id":"https:\/\/informelitoral.com.ar\/la-seleccion-argentina-entrega-la-lista-preliminar-para-el-mundial-de-qatar-por-que-se-espera-una-nomina-extra-large\/#primaryimage"},"thumbnailUrl":"https:\/\/informelitoral.com.ar\/%77%70%2d%63%6f%6e%74%65%6e%74\/uploads\/2022\/10\/E6NNMFMLMRHDXOAHNNUV2N7Z6Y.webp","keywords":["Selecci\u00f3n argentina"],"articleSection":["Deportes"],"inLanguage":"es","potentialAction":[{"@type":"CommentAction","name":"Comment","target":["https:\/\/informelitoral.com.ar\/la-seleccion-argentina-entrega-la-lista-preliminar-para-el-mundial-de-qatar-por-que-se-espera-una-nomina-extra-large\/#respond"]}]},{"@type":"WebPage","@id":"https:\/\/informelitoral.com.ar\/la-seleccion-argentina-entrega-la-lista-preliminar-para-el-mundial-de-qatar-por-que-se-espera-una-nomina-extra-large\/","url":"https:\/\/informelitoral.com.ar\/la-seleccion-argentina-entrega-la-lista-preliminar-para-el-mundial-de-qatar-por-que-se-espera-una-nomina-extra-large\/","name":"La selecci\u00f3n argentina entrega la lista preliminar para el Mundial de Qatar: por qu\u00e9 se espera una n\u00f3mina \u201cextra large\u201d - Informe Litoral","isPartOf":{"@id":"https:\/\/informelitoral.com.ar\/#website"},"primaryImageOfPage":{"@id":"https:\/\/informelitoral.com.ar\/la-seleccion-argentina-entrega-la-lista-preliminar-para-el-mundial-de-qatar-por-que-se-espera-una-nomina-extra-large\/#primaryimage"},"image":{"@id":"https:\/\/informelitoral.com.ar\/la-seleccion-argentina-entrega-la-lista-preliminar-para-el-mundial-de-qatar-por-que-se-espera-una-nomina-extra-large\/#primaryimage"},"thumbnailUrl":"https:\/\/informelitoral.com.ar\/%77%70%2d%63%6f%6e%74%65%6e%74\/uploads\/2022\/10\/E6NNMFMLMRHDXOAHNNUV2N7Z6Y.webp","datePublished":"2022-10-21T14:35:11+00:00","dateModified":"2022-10-21T14:54:59+00:00","breadcrumb":{"@id":"https:\/\/informelitoral.com.ar\/la-seleccion-argentina-entrega-la-lista-preliminar-para-el-mundial-de-qatar-por-que-se-espera-una-nomina-extra-large\/#breadcrumb"},"inLanguage":"es","potentialAction":[{"@type":"ReadAction","target":["https:\/\/informelitoral.com.ar\/la-seleccion-argentina-entrega-la-lista-preliminar-para-el-mundial-de-qatar-por-que-se-espera-una-nomina-extra-large\/"]}]},{"@type":"ImageObject","inLanguage":"es","@id":"https:\/\/informelitoral.com.ar\/la-seleccion-argentina-entrega-la-lista-preliminar-para-el-mundial-de-qatar-por-que-se-espera-una-nomina-extra-large\/#primaryimage","url":"https:\/\/informelitoral.com.ar\/%77%70%2d%63%6f%6e%74%65%6e%74\/uploads\/2022\/10\/E6NNMFMLMRHDXOAHNNUV2N7Z6Y.webp","contentUrl":"https:\/\/informelitoral.com.ar\/%77%70%2d%63%6f%6e%74%65%6e%74\/uploads\/2022\/10\/E6NNMFMLMRHDXOAHNNUV2N7Z6Y.webp","width":992,"height":558},{"@type":"BreadcrumbList","@id":"https:\/\/informelitoral.com.ar\/la-seleccion-argentina-entrega-la-lista-preliminar-para-el-mundial-de-qatar-por-que-se-espera-una-nomina-extra-large\/#breadcrumb","itemListElement":[{"@type":"ListItem","position":1,"name":"Portada","item":"https:\/\/informelitoral.com.ar\/"},{"@type":"ListItem","position":2,"name":"La selecci\u00f3n argentina entrega la lista preliminar para el Mundial de Qatar: por qu\u00e9 se espera una n\u00f3mina \u201cextra large\u201d"}]},{"@type":"WebSite","@id":"https:\/\/informelitoral.com.ar\/#website","url":"https:\/\/informelitoral.com.ar\/","name":"Informe Litoral","description":"&quot;Nos informamos&quot; ","publisher":{"@id":"https:\/\/informelitoral.com.ar\/#organization"},"potentialAction":[{"@type":"SearchAction","target":{"@type":"EntryPoint","urlTemplate":"https:\/\/informelitoral.com.ar\/?s={search_term_string}"},"query-input":{"@type":"PropertyValueSpecification","valueRequired":true,"valueName":"search_term_string"}}],"inLanguage":"es"},{"@type":"Organization","@id":"https:\/\/informelitoral.com.ar\/#organization","name":"Informe Litoral","url":"https:\/\/informelitoral.com.ar\/","logo":{"@type":"ImageObject","inLanguage":"es","@id":"https:\/\/informelitoral.com.ar\/#\/schema\/logo\/image\/","url":"https:\/\/informelitoral.com.ar\/%77%70%2d%63%6f%6e%74%65%6e%74\/uploads\/2021\/01\/circulo.png","contentUrl":"https:\/\/informelitoral.com.ar\/%77%70%2d%63%6f%6e%74%65%6e%74\/uploads\/2021\/01\/circulo.png","width":723,"height":731,"caption":"Informe Litoral"},"image":{"@id":"https:\/\/informelitoral.com.ar\/#\/schema\/logo\/image\/"},"sameAs":["https:\/\/www.facebook.com\/informelitoral\/","https:\/\/x.com\/InformeLitoral","https:\/\/www.instagram.com\/informelitoral\/","https:\/\/www.youtube.com\/channel\/UCua4Qvz8Icb6MYqhoq9xLXw"]},{"@type":"Person","@id":"https:\/\/informelitoral.com.ar\/#\/schema\/person\/f05f9f461677119578717524b127d6d5","name":"Sebastian","image":{"@type":"ImageObject","inLanguage":"es","@id":"https:\/\/secure.gravatar.com\/avatar\/b71bf7481d447dfb9583c7f2798e7cc64de6efb9067b74633ed8c31059a3bd82?s=96&d=mm&r=g","url":"https:\/\/secure.gravatar.com\/avatar\/b71bf7481d447dfb9583c7f2798e7cc64de6efb9067b74633ed8c31059a3bd82?s=96&d=mm&r=g","contentUrl":"https:\/\/secure.gravatar.com\/avatar\/b71bf7481d447dfb9583c7f2798e7cc64de6efb9067b74633ed8c31059a3bd82?s=96&d=mm&r=g","caption":"Sebastian"},"url":"https:\/\/informelitoral.com.ar\/author\/sebastian\/"}]}},"_links":{"self":[{"href":"https:\/\/informelitoral.com.ar\/%77%70%2d%6a%73%6f%6e\/wp\/v2\/posts\/91080","targetHints":{"allow":["GET"]}}],"collection":[{"href":"https:\/\/informelitoral.com.ar\/%77%70%2d%6a%73%6f%6e\/wp\/v2\/posts"}],"about":[{"href":"https:\/\/informelitoral.com.ar\/%77%70%2d%6a%73%6f%6e\/wp\/v2\/types\/post"}],"author":[{"embeddable":true,"href":"https:\/\/informelitoral.com.ar\/%77%70%2d%6a%73%6f%6e\/wp\/v2\/users\/8"}],"replies":[{"embeddable":true,"href":"https:\/\/informelitoral.com.ar\/%77%70%2d%6a%73%6f%6e\/wp\/v2\/comments?post=91080"}],"version-history":[{"count":0,"href":"https:\/\/informelitoral.com.ar\/%77%70%2d%6a%73%6f%6e\/wp\/v2\/posts\/91080\/revisions"}],"wp:featuredmedia":[{"embeddable":true,"href":"https:\/\/informelitoral.com.ar\/%77%70%2d%6a%73%6f%6e\/wp\/v2\/media\/91086"}],"wp:attachment":[{"href":"https:\/\/informelitoral.com.ar\/%77%70%2d%6a%73%6f%6e\/wp\/v2\/media?parent=91080"}],"wp:term":[{"taxonomy":"category","embeddable":true,"href":"https:\/\/informelitoral.com.ar\/%77%70%2d%6a%73%6f%6e\/wp\/v2\/categories?post=91080"},{"taxonomy":"post_tag","embeddable":true,"href":"https:\/\/informelitoral.com.ar\/%77%70%2d%6a%73%6f%6e\/wp\/v2\/tags?post=91080"}],"curies":[{"name":"wp","href":"https:\/\/api.w.org\/{rel}","templated":true}]}}