{"id":90568,"date":"2022-10-18T09:56:27","date_gmt":"2022-10-18T12:56:27","guid":{"rendered":"https:\/\/www.informelitoral.com.ar\/?p=90568"},"modified":"2022-10-18T10:02:30","modified_gmt":"2022-10-18T13:02:30","slug":"el-duelo-entre-gimnasia-y-boca-juniors-volvio-a-cambiar-de-dia-y-horario-de-inicio","status":"publish","type":"post","link":"https:\/\/informelitoral.com.ar\/el-duelo-entre-gimnasia-y-boca-juniors-volvio-a-cambiar-de-dia-y-horario-de-inicio\/","title":{"rendered":"El duelo entre Gimnasia y Boca Juniors volvi\u00f3 a cambiar de d\u00eda y horario de inicio"},"content":{"rendered":"<p class=\"paragraph\">Los 81 minutos pendientes del encuentro entre\u00a0<b>Gimnasia<\/b>\u00a0y\u00a0<b>Boca Juniors<\/b>, clave en la definici\u00f3n de la\u00a0<b>Liga Profesional<\/b>, volvieron a cambiar de d\u00eda y horario de inicio. El choque, suspendido por los graves incidentes el 7 de octubre, estaba previsto que se reanudara este mi\u00e9rcoles 19 desde las 17 en el estadio Juan Carmelo Zerillo del Lobo, solo con presencia de los socios del club local. Sin embargo, la Liga Profesional inform\u00f3 esta noche que finalmente el partido se completar\u00e1 este jueves 20 desde las 15 en el mismo escenario.<\/p>\n<p class=\"paragraph\">La modificaci\u00f3n se da despu\u00e9s de los reclamos de Gimnasia, que este lunes igual\u00f3 0-0 ante Argentinos Juniors y apenas 48 horas despu\u00e9s deb\u00eda volver a saltar al campo para enfrentar al Xeneize, en un compromiso trascendente para ambos, dado que el local pelea por un lugar en las Copas internacionales y la visita es el l\u00edder de la Liga e incluso puede consagrarse campe\u00f3n en dicho cotejo.<\/p>\n<p class=\"paragraph\">En consecuencia, fue Boca el que propuso el cambio. \u201cEl pedido del conjunto xeneize se bas\u00f3 en la experiencia vivida en julio del 2021, cuando -en plena pandemia- y apenas llegado al pa\u00eds de un encuentro en Brasil por la Copa Libertadores, deb\u00eda cumplir con el tiempo de reclusi\u00f3n sanitaria estipulado para aquellos tiempos. Ante ese escenario, le solicit\u00f3 a las autoridades de entonces de la Liga que postergase sus compromisos por la segunda y tercera fecha del torneo local, contra Banfied y San Lorenzo, respectivamente. La LPF le neg\u00f3 esa posibilidad. Habi\u00e9ndose identificado con los reclamos de algunos actores de GELP por jugar en un plazo de 48 hs y entendiendo que el actual es un a\u00f1o mundialista y que los calendarios est\u00e1n sumamente apretados, la entidad xeneize igual considera que no se perjudica a nadie si se postergase la reanudaci\u00f3n del encuentro ante Gimnasia para la fecha antes citada\u201d, explic\u00f3 la organizaci\u00f3n en un comunicado.<\/p>\n<p class=\"paragraph\">Aprevide aprob\u00f3 el corrimiento y la nueva fecha qued\u00f3 finalmente fijada.<\/p>\n<p class=\"paragraph\"><b>EL COMUNICADO COMPLETO DE LA ENTIDAD QUE RIGE EL F\u00daTBOL DE PRIMERA<\/b><\/p>\n<p class=\"paragraph\"><i>Ante la iniciativa del Club Atl\u00e9tico Boca Juniors, y luego de que Gimnasia y Esgrima La Plata y los organismos de Seguridad de la Provincia de Buenos Aires aceptaran la propuesta, la reanudaci\u00f3n del partido entre GELP y Boca (correspondiente a la fecha 25 del Torneo Binance 2022) se reprogram\u00f3 para el jueves 20 de octubre a las 15 hs, en el estadio Zerillo.<\/i><\/p>\n<p class=\"paragraph\"><i>El pedido del conjunto xeneize se bas\u00f3 en la experiencia vivida en julio del 2021, cuando -en plena pandemia- y apenas llegado al pa\u00eds de un encuentro en Brasil por la Copa Libertadores, deb\u00eda cumplir con el tiempo de reclusi\u00f3n sanitaria estipulado para aquellos tiempos. Ante ese escenario, le solicit\u00f3 a las autoridades de entonces de la Liga que postergase sus compromisos por la segunda y tercera fecha del torneo local, contra Banfied y San Lorenzo, respectivamente. La LPF le neg\u00f3 esa posibilidad, argumentando que esa requisitoria no se le hab\u00eda aprobado a ning\u00fan conjunto. Por consiguiente, Boca debi\u00f3 afrontar esos compromisos con jugadores de la reserva, quienes ya contaban con muy poco tiempo de descanso, puesto que hab\u00edan jugado sus respectivos partidos por esa categor\u00eda.<\/i><\/p>\n<p class=\"paragraph\"><i>Habi\u00e9ndose identificado con los reclamos de algunos actores de GELP por jugar en un plazo de 48 hs y entendiendo que el actual es un a\u00f1o mundialista y que los calendarios est\u00e1n sumamente apretados, la entidad xeneize igual considera que no se perjudica a nadie si se postergase la reanudaci\u00f3n del encuentro ante Gimnasia para la fecha antes citada. El conjunto platense, -que enfrent\u00f3 este lunes a Argentinos Juniors- agradeci\u00f3 el gesto y acept\u00f3 la sugerencia, aunque la subordin\u00f3 a la aprobaci\u00f3n de la APREVIDE, entidad que resguarda la seguridad de los espect\u00e1culos deportivos en la provincia de Buenos Aires.<\/i><\/p>\n<p class=\"paragraph\"><i>La Liga Profesional de la AFA considera que si todas las partes y &#8211; especialmente- los organismos de seguridad est\u00e1n de acuerdo en esa postergaci\u00f3n, la misma se traslada al jueves 20 de octubre a las 15 horas, en el estadio de Gimnasia.<\/i><\/p>\n<p class=\"paragraph\">\n","protected":false},"excerpt":{"rendered":"<p>A pedido del Xeneize, los 81 minutos del partido que hab\u00eda sido suspendido por incidentes se disputar\u00e1 este jueves 20 de octubre en el Bosque, desde las 15<\/p>\n","protected":false},"author":8,"featured_media":90576,"comment_status":"open","ping_status":"open","sticky":false,"template":"","format":"standard","meta":{"fifu_image_url":"","fifu_image_alt":"","footnotes":""},"categories":[13],"tags":[384],"class_list":{"0":"post-90568","1":"post","2":"type-post","3":"status-publish","4":"format-standard","5":"has-post-thumbnail","7":"category-deportes","8":"tag-boca-juniors"},"yoast_head":"<title>El duelo entre Gimnasia y Boca Juniors volvi\u00f3 a cambiar de d\u00eda y horario de inicio - Informe Litoral<\/title>\n<meta name=\"robots\" content=\"index, follow, max-snippet:-1, max-image-preview:large, max-video-preview:-1\" \/>\n<link rel=\"canonical\" href=\"https:\/\/informelitoral.com.ar\/el-duelo-entre-gimnasia-y-boca-juniors-volvio-a-cambiar-de-dia-y-horario-de-inicio\/\" \/>\n<meta property=\"og:locale\" content=\"es_ES\" \/>\n<meta property=\"og:type\" content=\"article\" \/>\n<meta property=\"og:title\" content=\"El duelo entre Gimnasia y Boca Juniors volvi\u00f3 a cambiar de d\u00eda y horario de inicio - Informe Litoral\" \/>\n<meta property=\"og:description\" content=\"A pedido del Xeneize, los 81 minutos del partido que hab\u00eda sido suspendido por incidentes se disputar\u00e1 este jueves 20 de octubre en el Bosque, desde las 15\" \/>\n<meta property=\"og:url\" content=\"https:\/\/informelitoral.com.ar\/el-duelo-entre-gimnasia-y-boca-juniors-volvio-a-cambiar-de-dia-y-horario-de-inicio\/\" \/>\n<meta property=\"og:site_name\" content=\"Informe Litoral\" \/>\n<meta property=\"article:publisher\" content=\"https:\/\/www.facebook.com\/informelitoral\/\" \/>\n<meta property=\"article:published_time\" content=\"2022-10-18T12:56:27+00:00\" \/>\n<meta property=\"article:modified_time\" content=\"2022-10-18T13:02:30+00:00\" \/>\n<meta property=\"og:image\" content=\"https:\/\/informelitoral.com.ar\/%77%70%2d%63%6f%6e%74%65%6e%74\/uploads\/2022\/10\/W34DYLVHWNFP7ASNN7SNRV6VK4.webp\" \/>\n\t<meta property=\"og:image:width\" content=\"992\" \/>\n\t<meta property=\"og:image:height\" content=\"661\" \/>\n\t<meta property=\"og:image:type\" content=\"image\/webp\" \/>\n<meta name=\"author\" content=\"Sebastian\" \/>\n<meta name=\"twitter:card\" content=\"summary_large_image\" \/>\n<meta name=\"twitter:creator\" content=\"@InformeLitoral\" \/>\n<meta name=\"twitter:site\" content=\"@InformeLitoral\" \/>\n<meta name=\"twitter:label1\" content=\"Escrito por\" \/>\n\t<meta name=\"twitter:data1\" content=\"Sebastian\" \/>\n\t<meta name=\"twitter:label2\" content=\"Tiempo de lectura\" \/>\n\t<meta name=\"twitter:data2\" content=\"3 minutos\" \/>\n<script type=\"application\/ld+json\" class=\"yoast-schema-graph\">{\"@context\":\"https:\\\/\\\/schema.org\",\"@graph\":[{\"@type\":\"Article\",\"@id\":\"https:\\\/\\\/informelitoral.com.ar\\\/el-duelo-entre-gimnasia-y-boca-juniors-volvio-a-cambiar-de-dia-y-horario-de-inicio\\\/#article\",\"isPartOf\":{\"@id\":\"https:\\\/\\\/informelitoral.com.ar\\\/el-duelo-entre-gimnasia-y-boca-juniors-volvio-a-cambiar-de-dia-y-horario-de-inicio\\\/\"},\"author\":{\"name\":\"Sebastian\",\"@id\":\"https:\\\/\\\/informelitoral.com.ar\\\/#\\\/schema\\\/person\\\/f05f9f461677119578717524b127d6d5\"},\"headline\":\"El duelo entre Gimnasia y Boca Juniors volvi\u00f3 a cambiar de d\u00eda y horario de inicio\",\"datePublished\":\"2022-10-18T12:56:27+00:00\",\"dateModified\":\"2022-10-18T13:02:30+00:00\",\"mainEntityOfPage\":{\"@id\":\"https:\\\/\\\/informelitoral.com.ar\\\/el-duelo-entre-gimnasia-y-boca-juniors-volvio-a-cambiar-de-dia-y-horario-de-inicio\\\/\"},\"wordCount\":707,\"commentCount\":0,\"publisher\":{\"@id\":\"https:\\\/\\\/informelitoral.com.ar\\\/#organization\"},\"image\":{\"@id\":\"https:\\\/\\\/informelitoral.com.ar\\\/el-duelo-entre-gimnasia-y-boca-juniors-volvio-a-cambiar-de-dia-y-horario-de-inicio\\\/#primaryimage\"},\"thumbnailUrl\":\"https:\\\/\\\/informelitoral.com.ar\\\/%77%70%2d%63%6f%6e%74%65%6e%74\\\/uploads\\\/2022\\\/10\\\/W34DYLVHWNFP7ASNN7SNRV6VK4.webp\",\"keywords\":[\"Boca Juniors\"],\"articleSection\":[\"Deportes\"],\"inLanguage\":\"es\",\"potentialAction\":[{\"@type\":\"CommentAction\",\"name\":\"Comment\",\"target\":[\"https:\\\/\\\/informelitoral.com.ar\\\/el-duelo-entre-gimnasia-y-boca-juniors-volvio-a-cambiar-de-dia-y-horario-de-inicio\\\/#respond\"]}]},{\"@type\":\"WebPage\",\"@id\":\"https:\\\/\\\/informelitoral.com.ar\\\/el-duelo-entre-gimnasia-y-boca-juniors-volvio-a-cambiar-de-dia-y-horario-de-inicio\\\/\",\"url\":\"https:\\\/\\\/informelitoral.com.ar\\\/el-duelo-entre-gimnasia-y-boca-juniors-volvio-a-cambiar-de-dia-y-horario-de-inicio\\\/\",\"name\":\"El duelo entre Gimnasia y Boca Juniors volvi\u00f3 a cambiar de d\u00eda y horario de inicio - Informe Litoral\",\"isPartOf\":{\"@id\":\"https:\\\/\\\/informelitoral.com.ar\\\/#website\"},\"primaryImageOfPage\":{\"@id\":\"https:\\\/\\\/informelitoral.com.ar\\\/el-duelo-entre-gimnasia-y-boca-juniors-volvio-a-cambiar-de-dia-y-horario-de-inicio\\\/#primaryimage\"},\"image\":{\"@id\":\"https:\\\/\\\/informelitoral.com.ar\\\/el-duelo-entre-gimnasia-y-boca-juniors-volvio-a-cambiar-de-dia-y-horario-de-inicio\\\/#primaryimage\"},\"thumbnailUrl\":\"https:\\\/\\\/informelitoral.com.ar\\\/%77%70%2d%63%6f%6e%74%65%6e%74\\\/uploads\\\/2022\\\/10\\\/W34DYLVHWNFP7ASNN7SNRV6VK4.webp\",\"datePublished\":\"2022-10-18T12:56:27+00:00\",\"dateModified\":\"2022-10-18T13:02:30+00:00\",\"breadcrumb\":{\"@id\":\"https:\\\/\\\/informelitoral.com.ar\\\/el-duelo-entre-gimnasia-y-boca-juniors-volvio-a-cambiar-de-dia-y-horario-de-inicio\\\/#breadcrumb\"},\"inLanguage\":\"es\",\"potentialAction\":[{\"@type\":\"ReadAction\",\"target\":[\"https:\\\/\\\/informelitoral.com.ar\\\/el-duelo-entre-gimnasia-y-boca-juniors-volvio-a-cambiar-de-dia-y-horario-de-inicio\\\/\"]}]},{\"@type\":\"ImageObject\",\"inLanguage\":\"es\",\"@id\":\"https:\\\/\\\/informelitoral.com.ar\\\/el-duelo-entre-gimnasia-y-boca-juniors-volvio-a-cambiar-de-dia-y-horario-de-inicio\\\/#primaryimage\",\"url\":\"https:\\\/\\\/informelitoral.com.ar\\\/%77%70%2d%63%6f%6e%74%65%6e%74\\\/uploads\\\/2022\\\/10\\\/W34DYLVHWNFP7ASNN7SNRV6VK4.webp\",\"contentUrl\":\"https:\\\/\\\/informelitoral.com.ar\\\/%77%70%2d%63%6f%6e%74%65%6e%74\\\/uploads\\\/2022\\\/10\\\/W34DYLVHWNFP7ASNN7SNRV6VK4.webp\",\"width\":992,\"height\":661},{\"@type\":\"BreadcrumbList\",\"@id\":\"https:\\\/\\\/informelitoral.com.ar\\\/el-duelo-entre-gimnasia-y-boca-juniors-volvio-a-cambiar-de-dia-y-horario-de-inicio\\\/#breadcrumb\",\"itemListElement\":[{\"@type\":\"ListItem\",\"position\":1,\"name\":\"Portada\",\"item\":\"https:\\\/\\\/informelitoral.com.ar\\\/\"},{\"@type\":\"ListItem\",\"position\":2,\"name\":\"El duelo entre Gimnasia y Boca Juniors volvi\u00f3 a cambiar de d\u00eda y horario de inicio\"}]},{\"@type\":\"WebSite\",\"@id\":\"https:\\\/\\\/informelitoral.com.ar\\\/#website\",\"url\":\"https:\\\/\\\/informelitoral.com.ar\\\/\",\"name\":\"Informe Litoral\",\"description\":\"&quot;Nos informamos&quot; \",\"publisher\":{\"@id\":\"https:\\\/\\\/informelitoral.com.ar\\\/#organization\"},\"potentialAction\":[{\"@type\":\"SearchAction\",\"target\":{\"@type\":\"EntryPoint\",\"urlTemplate\":\"https:\\\/\\\/informelitoral.com.ar\\\/?s={search_term_string}\"},\"query-input\":{\"@type\":\"PropertyValueSpecification\",\"valueRequired\":true,\"valueName\":\"search_term_string\"}}],\"inLanguage\":\"es\"},{\"@type\":\"Organization\",\"@id\":\"https:\\\/\\\/informelitoral.com.ar\\\/#organization\",\"name\":\"Informe Litoral\",\"url\":\"https:\\\/\\\/informelitoral.com.ar\\\/\",\"logo\":{\"@type\":\"ImageObject\",\"inLanguage\":\"es\",\"@id\":\"https:\\\/\\\/informelitoral.com.ar\\\/#\\\/schema\\\/logo\\\/image\\\/\",\"url\":\"https:\\\/\\\/informelitoral.com.ar\\\/%77%70%2d%63%6f%6e%74%65%6e%74\\\/uploads\\\/2021\\\/01\\\/circulo.png\",\"contentUrl\":\"https:\\\/\\\/informelitoral.com.ar\\\/%77%70%2d%63%6f%6e%74%65%6e%74\\\/uploads\\\/2021\\\/01\\\/circulo.png\",\"width\":723,\"height\":731,\"caption\":\"Informe Litoral\"},\"image\":{\"@id\":\"https:\\\/\\\/informelitoral.com.ar\\\/#\\\/schema\\\/logo\\\/image\\\/\"},\"sameAs\":[\"https:\\\/\\\/www.facebook.com\\\/informelitoral\\\/\",\"https:\\\/\\\/x.com\\\/InformeLitoral\",\"https:\\\/\\\/www.instagram.com\\\/informelitoral\\\/\",\"https:\\\/\\\/www.youtube.com\\\/channel\\\/UCua4Qvz8Icb6MYqhoq9xLXw\"]},{\"@type\":\"Person\",\"@id\":\"https:\\\/\\\/informelitoral.com.ar\\\/#\\\/schema\\\/person\\\/f05f9f461677119578717524b127d6d5\",\"name\":\"Sebastian\",\"image\":{\"@type\":\"ImageObject\",\"inLanguage\":\"es\",\"@id\":\"https:\\\/\\\/secure.gravatar.com\\\/avatar\\\/b71bf7481d447dfb9583c7f2798e7cc64de6efb9067b74633ed8c31059a3bd82?s=96&d=mm&r=g\",\"url\":\"https:\\\/\\\/secure.gravatar.com\\\/avatar\\\/b71bf7481d447dfb9583c7f2798e7cc64de6efb9067b74633ed8c31059a3bd82?s=96&d=mm&r=g\",\"contentUrl\":\"https:\\\/\\\/secure.gravatar.com\\\/avatar\\\/b71bf7481d447dfb9583c7f2798e7cc64de6efb9067b74633ed8c31059a3bd82?s=96&d=mm&r=g\",\"caption\":\"Sebastian\"},\"url\":\"https:\\\/\\\/informelitoral.com.ar\\\/author\\\/sebastian\\\/\"}]}<\/script>","yoast_head_json":{"title":"El duelo entre Gimnasia y Boca Juniors volvi\u00f3 a cambiar de d\u00eda y horario de inicio - Informe Litoral","robots":{"index":"index","follow":"follow","max-snippet":"max-snippet:-1","max-image-preview":"max-image-preview:large","max-video-preview":"max-video-preview:-1"},"canonical":"https:\/\/informelitoral.com.ar\/el-duelo-entre-gimnasia-y-boca-juniors-volvio-a-cambiar-de-dia-y-horario-de-inicio\/","og_locale":"es_ES","og_type":"article","og_title":"El duelo entre Gimnasia y Boca Juniors volvi\u00f3 a cambiar de d\u00eda y horario de inicio - Informe Litoral","og_description":"A pedido del Xeneize, los 81 minutos del partido que hab\u00eda sido suspendido por incidentes se disputar\u00e1 este jueves 20 de octubre en el Bosque, desde las 15","og_url":"https:\/\/informelitoral.com.ar\/el-duelo-entre-gimnasia-y-boca-juniors-volvio-a-cambiar-de-dia-y-horario-de-inicio\/","og_site_name":"Informe Litoral","article_publisher":"https:\/\/www.facebook.com\/informelitoral\/","article_published_time":"2022-10-18T12:56:27+00:00","article_modified_time":"2022-10-18T13:02:30+00:00","og_image":[{"width":992,"height":661,"url":"https:\/\/informelitoral.com.ar\/%77%70%2d%63%6f%6e%74%65%6e%74\/uploads\/2022\/10\/W34DYLVHWNFP7ASNN7SNRV6VK4.webp","type":"image\/webp"}],"author":"Sebastian","twitter_card":"summary_large_image","twitter_creator":"@InformeLitoral","twitter_site":"@InformeLitoral","twitter_misc":{"Escrito por":"Sebastian","Tiempo de lectura":"3 minutos"},"schema":{"@context":"https:\/\/schema.org","@graph":[{"@type":"Article","@id":"https:\/\/informelitoral.com.ar\/el-duelo-entre-gimnasia-y-boca-juniors-volvio-a-cambiar-de-dia-y-horario-de-inicio\/#article","isPartOf":{"@id":"https:\/\/informelitoral.com.ar\/el-duelo-entre-gimnasia-y-boca-juniors-volvio-a-cambiar-de-dia-y-horario-de-inicio\/"},"author":{"name":"Sebastian","@id":"https:\/\/informelitoral.com.ar\/#\/schema\/person\/f05f9f461677119578717524b127d6d5"},"headline":"El duelo entre Gimnasia y Boca Juniors volvi\u00f3 a cambiar de d\u00eda y horario de inicio","datePublished":"2022-10-18T12:56:27+00:00","dateModified":"2022-10-18T13:02:30+00:00","mainEntityOfPage":{"@id":"https:\/\/informelitoral.com.ar\/el-duelo-entre-gimnasia-y-boca-juniors-volvio-a-cambiar-de-dia-y-horario-de-inicio\/"},"wordCount":707,"commentCount":0,"publisher":{"@id":"https:\/\/informelitoral.com.ar\/#organization"},"image":{"@id":"https:\/\/informelitoral.com.ar\/el-duelo-entre-gimnasia-y-boca-juniors-volvio-a-cambiar-de-dia-y-horario-de-inicio\/#primaryimage"},"thumbnailUrl":"https:\/\/informelitoral.com.ar\/%77%70%2d%63%6f%6e%74%65%6e%74\/uploads\/2022\/10\/W34DYLVHWNFP7ASNN7SNRV6VK4.webp","keywords":["Boca Juniors"],"articleSection":["Deportes"],"inLanguage":"es","potentialAction":[{"@type":"CommentAction","name":"Comment","target":["https:\/\/informelitoral.com.ar\/el-duelo-entre-gimnasia-y-boca-juniors-volvio-a-cambiar-de-dia-y-horario-de-inicio\/#respond"]}]},{"@type":"WebPage","@id":"https:\/\/informelitoral.com.ar\/el-duelo-entre-gimnasia-y-boca-juniors-volvio-a-cambiar-de-dia-y-horario-de-inicio\/","url":"https:\/\/informelitoral.com.ar\/el-duelo-entre-gimnasia-y-boca-juniors-volvio-a-cambiar-de-dia-y-horario-de-inicio\/","name":"El duelo entre Gimnasia y Boca Juniors volvi\u00f3 a cambiar de d\u00eda y horario de inicio - Informe Litoral","isPartOf":{"@id":"https:\/\/informelitoral.com.ar\/#website"},"primaryImageOfPage":{"@id":"https:\/\/informelitoral.com.ar\/el-duelo-entre-gimnasia-y-boca-juniors-volvio-a-cambiar-de-dia-y-horario-de-inicio\/#primaryimage"},"image":{"@id":"https:\/\/informelitoral.com.ar\/el-duelo-entre-gimnasia-y-boca-juniors-volvio-a-cambiar-de-dia-y-horario-de-inicio\/#primaryimage"},"thumbnailUrl":"https:\/\/informelitoral.com.ar\/%77%70%2d%63%6f%6e%74%65%6e%74\/uploads\/2022\/10\/W34DYLVHWNFP7ASNN7SNRV6VK4.webp","datePublished":"2022-10-18T12:56:27+00:00","dateModified":"2022-10-18T13:02:30+00:00","breadcrumb":{"@id":"https:\/\/informelitoral.com.ar\/el-duelo-entre-gimnasia-y-boca-juniors-volvio-a-cambiar-de-dia-y-horario-de-inicio\/#breadcrumb"},"inLanguage":"es","potentialAction":[{"@type":"ReadAction","target":["https:\/\/informelitoral.com.ar\/el-duelo-entre-gimnasia-y-boca-juniors-volvio-a-cambiar-de-dia-y-horario-de-inicio\/"]}]},{"@type":"ImageObject","inLanguage":"es","@id":"https:\/\/informelitoral.com.ar\/el-duelo-entre-gimnasia-y-boca-juniors-volvio-a-cambiar-de-dia-y-horario-de-inicio\/#primaryimage","url":"https:\/\/informelitoral.com.ar\/%77%70%2d%63%6f%6e%74%65%6e%74\/uploads\/2022\/10\/W34DYLVHWNFP7ASNN7SNRV6VK4.webp","contentUrl":"https:\/\/informelitoral.com.ar\/%77%70%2d%63%6f%6e%74%65%6e%74\/uploads\/2022\/10\/W34DYLVHWNFP7ASNN7SNRV6VK4.webp","width":992,"height":661},{"@type":"BreadcrumbList","@id":"https:\/\/informelitoral.com.ar\/el-duelo-entre-gimnasia-y-boca-juniors-volvio-a-cambiar-de-dia-y-horario-de-inicio\/#breadcrumb","itemListElement":[{"@type":"ListItem","position":1,"name":"Portada","item":"https:\/\/informelitoral.com.ar\/"},{"@type":"ListItem","position":2,"name":"El duelo entre Gimnasia y Boca Juniors volvi\u00f3 a cambiar de d\u00eda y horario de inicio"}]},{"@type":"WebSite","@id":"https:\/\/informelitoral.com.ar\/#website","url":"https:\/\/informelitoral.com.ar\/","name":"Informe Litoral","description":"&quot;Nos informamos&quot; ","publisher":{"@id":"https:\/\/informelitoral.com.ar\/#organization"},"potentialAction":[{"@type":"SearchAction","target":{"@type":"EntryPoint","urlTemplate":"https:\/\/informelitoral.com.ar\/?s={search_term_string}"},"query-input":{"@type":"PropertyValueSpecification","valueRequired":true,"valueName":"search_term_string"}}],"inLanguage":"es"},{"@type":"Organization","@id":"https:\/\/informelitoral.com.ar\/#organization","name":"Informe Litoral","url":"https:\/\/informelitoral.com.ar\/","logo":{"@type":"ImageObject","inLanguage":"es","@id":"https:\/\/informelitoral.com.ar\/#\/schema\/logo\/image\/","url":"https:\/\/informelitoral.com.ar\/%77%70%2d%63%6f%6e%74%65%6e%74\/uploads\/2021\/01\/circulo.png","contentUrl":"https:\/\/informelitoral.com.ar\/%77%70%2d%63%6f%6e%74%65%6e%74\/uploads\/2021\/01\/circulo.png","width":723,"height":731,"caption":"Informe Litoral"},"image":{"@id":"https:\/\/informelitoral.com.ar\/#\/schema\/logo\/image\/"},"sameAs":["https:\/\/www.facebook.com\/informelitoral\/","https:\/\/x.com\/InformeLitoral","https:\/\/www.instagram.com\/informelitoral\/","https:\/\/www.youtube.com\/channel\/UCua4Qvz8Icb6MYqhoq9xLXw"]},{"@type":"Person","@id":"https:\/\/informelitoral.com.ar\/#\/schema\/person\/f05f9f461677119578717524b127d6d5","name":"Sebastian","image":{"@type":"ImageObject","inLanguage":"es","@id":"https:\/\/secure.gravatar.com\/avatar\/b71bf7481d447dfb9583c7f2798e7cc64de6efb9067b74633ed8c31059a3bd82?s=96&d=mm&r=g","url":"https:\/\/secure.gravatar.com\/avatar\/b71bf7481d447dfb9583c7f2798e7cc64de6efb9067b74633ed8c31059a3bd82?s=96&d=mm&r=g","contentUrl":"https:\/\/secure.gravatar.com\/avatar\/b71bf7481d447dfb9583c7f2798e7cc64de6efb9067b74633ed8c31059a3bd82?s=96&d=mm&r=g","caption":"Sebastian"},"url":"https:\/\/informelitoral.com.ar\/author\/sebastian\/"}]}},"_links":{"self":[{"href":"https:\/\/informelitoral.com.ar\/%77%70%2d%6a%73%6f%6e\/wp\/v2\/posts\/90568","targetHints":{"allow":["GET"]}}],"collection":[{"href":"https:\/\/informelitoral.com.ar\/%77%70%2d%6a%73%6f%6e\/wp\/v2\/posts"}],"about":[{"href":"https:\/\/informelitoral.com.ar\/%77%70%2d%6a%73%6f%6e\/wp\/v2\/types\/post"}],"author":[{"embeddable":true,"href":"https:\/\/informelitoral.com.ar\/%77%70%2d%6a%73%6f%6e\/wp\/v2\/users\/8"}],"replies":[{"embeddable":true,"href":"https:\/\/informelitoral.com.ar\/%77%70%2d%6a%73%6f%6e\/wp\/v2\/comments?post=90568"}],"version-history":[{"count":0,"href":"https:\/\/informelitoral.com.ar\/%77%70%2d%6a%73%6f%6e\/wp\/v2\/posts\/90568\/revisions"}],"wp:featuredmedia":[{"embeddable":true,"href":"https:\/\/informelitoral.com.ar\/%77%70%2d%6a%73%6f%6e\/wp\/v2\/media\/90576"}],"wp:attachment":[{"href":"https:\/\/informelitoral.com.ar\/%77%70%2d%6a%73%6f%6e\/wp\/v2\/media?parent=90568"}],"wp:term":[{"taxonomy":"category","embeddable":true,"href":"https:\/\/informelitoral.com.ar\/%77%70%2d%6a%73%6f%6e\/wp\/v2\/categories?post=90568"},{"taxonomy":"post_tag","embeddable":true,"href":"https:\/\/informelitoral.com.ar\/%77%70%2d%6a%73%6f%6e\/wp\/v2\/tags?post=90568"}],"curies":[{"name":"wp","href":"https:\/\/api.w.org\/{rel}","templated":true}]}}