{"id":90539,"date":"2022-10-18T09:02:33","date_gmt":"2022-10-18T12:02:33","guid":{"rendered":"https:\/\/www.informelitoral.com.ar\/?p=90539"},"modified":"2022-10-18T09:05:47","modified_gmt":"2022-10-18T12:05:47","slug":"el-gran-caudal-dificulta-la-busqueda-de-turista-que-cayo-al-rio-en-las-cataratas","status":"publish","type":"post","link":"https:\/\/informelitoral.com.ar\/el-gran-caudal-dificulta-la-busqueda-de-turista-que-cayo-al-rio-en-las-cataratas\/","title":{"rendered":"El gran caudal dificulta la b\u00fasqueda de turista que cay\u00f3 al r\u00edo en las Cataratas"},"content":{"rendered":"<p>El lunes por la ma\u00f1ana, un hombre cay\u00f3 desde el Salto Bosetti en el Parque Nacional Iguaz\u00fa. Hoy continuar\u00e1 la b\u00fasqueda del turista. Sin embargo, la creciente del r\u00edo dificulta el operativo.<\/p>\n<p>El hecho se registr\u00f3 a las 11 de la ma\u00f1ana. Seg\u00fan informaron, la persona que cay\u00f3 ser\u00eda un turista. En el lugar trabaj\u00f3 Polic\u00eda de Misiones, Prefectura Naval Argentina, Bomberos Voluntarios y guardaparques.<\/p>\n<p>La noticia trascendi\u00f3 porque una gu\u00eda de turismo manifest\u00f3 que un hombre, a\u00fan sin datos concretos de qui\u00e9n es, se quit\u00f3 las zapatillas, subi\u00f3 a la baranda y se cay\u00f3. Hasta el momento no descartan ninguna hip\u00f3tesis aunque se\u00f1alan que quer\u00eda \u201csacarse una selfie\u201d.<\/p>\n<p>De momento, los investigadores tratan de determinar si efectivamente se trat\u00f3 de un accidente. Asimismo, infieren que estaba solo porque luego del tr\u00e1gico episodio nadie pregunt\u00f3 ni reclam\u00f3 por \u00e9l.\u00a0<b>\u201cSe tratar\u00eda de un hombre de 60 a\u00f1os. No tenemos ning\u00fan registro o requerimiento de alguna persona o familiar\u201d<\/b>, sostuvieron.<\/p>\n<p>El circuito superior, del que habr\u00eda ca\u00eddo el hombre, inicia su recorrido a 200 metros de la estaci\u00f3n cataratas y tiene una extensi\u00f3n de 1.750 metros. Seg\u00fan detalla la web del Parque Nacional Iguaz\u00fa, \u201cpermite una vista incre\u00edble y panor\u00e1mica de la herradura de los saltos\u201d. El tiempo estimado de recorrido del circuito es de, aproximadamente, dos horas. En el lugar trabaja un equipo de la Polic\u00eda de Misiones, Prefectura Naval Argentina, Bomberos Voluntarios y Guardaparques.<\/p>\n<p>El caso lo investiga el Juzgado de Instrucci\u00f3n N\u00b0 3 de Puerto Iguaz\u00fa, a cargo deMart\u00edn Luis Br\u00edtez, quien orden\u00f3 el operativo de b\u00fasqueda del desaparecido, como as\u00ed tambi\u00e9n que las actuaciones judiciales sean llevadas a cabo por la Comisar\u00eda 1\u00b0 de la Unidad Regional V de Puerto Iguaz\u00fa de la Polic\u00eda de la provincia de Misiones.<\/p>\n<p><b>El caudal del r\u00edo complica la b\u00fasqueda<\/b><br \/>\n\u201cPor estas horas se realiza el trabajo correspondiente en el lugar, cuyo sector fue cerrado por lo ocurrido, aguardando novedades acerca de la aparici\u00f3n del cuerpo. Debido al caudal del agua, personal de bomberos voluntarios tiene complicaciones para ingresar\u201d, detallaron los voceros durante la tarde noche de este lunes.<\/p>\n<p>Lo cierto es que la crecida del r\u00edo es una situaci\u00f3n que puso en vilo a las autoridades del Parque Nacional Iguaz\u00fa desde hace varios d\u00edas atr\u00e1s. El circuito superior fue uno de los que se abri\u00f3 recientemente tras el cierre temporal por el gran caudal del r\u00edo. Por el momento el acceso a la Garganta del Diablo contin\u00faa cerrado.<\/p>\n<p>Atilio Guzm\u00e1n, intendente del Parque Nacional Iguaz\u00fa, sostuvo que a\u00fan no pueden cuantificar los da\u00f1os que gener\u00f3 esta situaci\u00f3n en las pasarelas y dem\u00e1s infraestructura, pero que esto no impidi\u00f3 que haya alrededor de cuatro mil visitantes durante este fin de semana.<\/p>\n<p>En este marco, Guzm\u00e1n detall\u00f3 que realizaron dos sobrevuelos con drones para saber la situaci\u00f3n de las pasarelas de la Garganta del Diablo, destac\u00f3 que el caudal a\u00fan est\u00e1 por arriba de lo normal. \u201cLa pasarela cuenta con un sistema que est\u00e1 apoyado contra los pilotines de cemento, la misma est\u00e1 pensada para este tipo de situaciones\u201d, se\u00f1al\u00f3.<\/p>\n<p>El intendente del Parque anticip\u00f3 que el agua seguir\u00e1 bajando, y consider\u00f3 que es una buena predicci\u00f3n que les da \u00e1nimos para la recuperaci\u00f3n de las pasarelas que van hacia la Garganta del Diablo.<\/p>\n<p>Actualmente, el caudal de agua rondar\u00eda los 4.800 metros c\u00fabicos por segundo, por lo que asegur\u00f3 nuevamente realizar\u00edan un control con drones para verificar los da\u00f1os, \u201cy esperemos que siga descendiendo para poner en marcha la operatoria, recuperar los paseos y que los visitantes puedan disfrutar de todo el predio\u201d.<\/p>\n<p>En ese sentido, el presidente de la Asociaci\u00f3n de Gu\u00edas de Turismo de Iguaz\u00fa, \u00c1ngel Palma, destac\u00f3 que lo ocurrido debido a las grandes lluvias, es una situaci\u00f3n at\u00edpica, que desde el a\u00f1o 2014 no se daba.<\/p>\n<p>\u201cLa medida de inhabilitar el circuito a Garganta del Diablo surgi\u00f3 como precauci\u00f3n y cuidado con los visitantes y el personal trabajador. Si bien, en un principio, el caudal no era tan elevado, este podr\u00eda aumentar de un momento a otro, adem\u00e1s de que el caudal podr\u00eda traer consigo troncos y gajos\u201d, subray\u00f3.<\/p>\n<p>El referente de los gu\u00edas del Parque Nacional Iguaz\u00fa, tambi\u00e9n agreg\u00f3 que \u201cestos cambios bruscos en los caudales, son resultados del cambio clim\u00e1tico que atraviesa al mundo generado por el hombre\u201d.<\/p>\n","protected":false},"excerpt":{"rendered":"<p>Una gu\u00eda de turismo manifest\u00f3 que un hombre, a\u00fan sin datos concretos de qui\u00e9n es, se quit\u00f3 las zapatillas, subi\u00f3 a la baranda y se cay\u00f3. Hasta el momento no descartan ninguna hip\u00f3tesis.<\/p>\n","protected":false},"author":8,"featured_media":90544,"comment_status":"open","ping_status":"open","sticky":false,"template":"","format":"standard","meta":{"fifu_image_url":"","fifu_image_alt":"","footnotes":""},"categories":[9],"tags":[1495,2479],"class_list":{"0":"post-90539","1":"post","2":"type-post","3":"status-publish","4":"format-standard","5":"has-post-thumbnail","7":"category-sociedad","8":"tag-cataratas-del-iguazu","9":"tag-hombre-desaparecido"},"yoast_head":"<title>El gran caudal dificulta la b\u00fasqueda de turista que cay\u00f3 al r\u00edo en las Cataratas - Informe Litoral<\/title>\n<meta name=\"robots\" content=\"index, follow, max-snippet:-1, max-image-preview:large, max-video-preview:-1\" \/>\n<link rel=\"canonical\" href=\"https:\/\/informelitoral.com.ar\/el-gran-caudal-dificulta-la-busqueda-de-turista-que-cayo-al-rio-en-las-cataratas\/\" \/>\n<meta property=\"og:locale\" content=\"es_ES\" \/>\n<meta property=\"og:type\" content=\"article\" \/>\n<meta property=\"og:title\" content=\"El gran caudal dificulta la b\u00fasqueda de turista que cay\u00f3 al r\u00edo en las Cataratas - Informe Litoral\" \/>\n<meta property=\"og:description\" content=\"Una gu\u00eda de turismo manifest\u00f3 que un hombre, a\u00fan sin datos concretos de qui\u00e9n es, se quit\u00f3 las zapatillas, subi\u00f3 a la baranda y se cay\u00f3. Hasta el momento no descartan ninguna hip\u00f3tesis.\" \/>\n<meta property=\"og:url\" content=\"https:\/\/informelitoral.com.ar\/el-gran-caudal-dificulta-la-busqueda-de-turista-que-cayo-al-rio-en-las-cataratas\/\" \/>\n<meta property=\"og:site_name\" content=\"Informe Litoral\" \/>\n<meta property=\"article:publisher\" content=\"https:\/\/www.facebook.com\/informelitoral\/\" \/>\n<meta property=\"article:published_time\" content=\"2022-10-18T12:02:33+00:00\" \/>\n<meta property=\"article:modified_time\" content=\"2022-10-18T12:05:47+00:00\" \/>\n<meta property=\"og:image\" content=\"https:\/\/informelitoral.com.ar\/%77%70%2d%63%6f%6e%74%65%6e%74\/uploads\/2022\/10\/o_1666078694.jpg\" \/>\n\t<meta property=\"og:image:width\" content=\"800\" \/>\n\t<meta property=\"og:image:height\" content=\"450\" \/>\n\t<meta property=\"og:image:type\" content=\"image\/jpeg\" \/>\n<meta name=\"author\" content=\"Sebastian\" \/>\n<meta name=\"twitter:card\" content=\"summary_large_image\" \/>\n<meta name=\"twitter:creator\" content=\"@InformeLitoral\" \/>\n<meta name=\"twitter:site\" content=\"@InformeLitoral\" \/>\n<meta name=\"twitter:label1\" content=\"Escrito por\" \/>\n\t<meta name=\"twitter:data1\" content=\"Sebastian\" \/>\n\t<meta name=\"twitter:label2\" content=\"Tiempo de lectura\" \/>\n\t<meta name=\"twitter:data2\" content=\"4 minutos\" \/>\n<script type=\"application\/ld+json\" class=\"yoast-schema-graph\">{\"@context\":\"https:\\\/\\\/schema.org\",\"@graph\":[{\"@type\":\"Article\",\"@id\":\"https:\\\/\\\/informelitoral.com.ar\\\/el-gran-caudal-dificulta-la-busqueda-de-turista-que-cayo-al-rio-en-las-cataratas\\\/#article\",\"isPartOf\":{\"@id\":\"https:\\\/\\\/informelitoral.com.ar\\\/el-gran-caudal-dificulta-la-busqueda-de-turista-que-cayo-al-rio-en-las-cataratas\\\/\"},\"author\":{\"name\":\"Sebastian\",\"@id\":\"https:\\\/\\\/informelitoral.com.ar\\\/#\\\/schema\\\/person\\\/f05f9f461677119578717524b127d6d5\"},\"headline\":\"El gran caudal dificulta la b\u00fasqueda de turista que cay\u00f3 al r\u00edo en las Cataratas\",\"datePublished\":\"2022-10-18T12:02:33+00:00\",\"dateModified\":\"2022-10-18T12:05:47+00:00\",\"mainEntityOfPage\":{\"@id\":\"https:\\\/\\\/informelitoral.com.ar\\\/el-gran-caudal-dificulta-la-busqueda-de-turista-que-cayo-al-rio-en-las-cataratas\\\/\"},\"wordCount\":790,\"commentCount\":0,\"publisher\":{\"@id\":\"https:\\\/\\\/informelitoral.com.ar\\\/#organization\"},\"image\":{\"@id\":\"https:\\\/\\\/informelitoral.com.ar\\\/el-gran-caudal-dificulta-la-busqueda-de-turista-que-cayo-al-rio-en-las-cataratas\\\/#primaryimage\"},\"thumbnailUrl\":\"https:\\\/\\\/informelitoral.com.ar\\\/%77%70%2d%63%6f%6e%74%65%6e%74\\\/uploads\\\/2022\\\/10\\\/o_1666078694.jpg\",\"keywords\":[\"Cataratas del Iguaz\u00fa\",\"Hombre desaparecido\"],\"articleSection\":[\"Sociedad\"],\"inLanguage\":\"es\",\"potentialAction\":[{\"@type\":\"CommentAction\",\"name\":\"Comment\",\"target\":[\"https:\\\/\\\/informelitoral.com.ar\\\/el-gran-caudal-dificulta-la-busqueda-de-turista-que-cayo-al-rio-en-las-cataratas\\\/#respond\"]}]},{\"@type\":\"WebPage\",\"@id\":\"https:\\\/\\\/informelitoral.com.ar\\\/el-gran-caudal-dificulta-la-busqueda-de-turista-que-cayo-al-rio-en-las-cataratas\\\/\",\"url\":\"https:\\\/\\\/informelitoral.com.ar\\\/el-gran-caudal-dificulta-la-busqueda-de-turista-que-cayo-al-rio-en-las-cataratas\\\/\",\"name\":\"El gran caudal dificulta la b\u00fasqueda de turista que cay\u00f3 al r\u00edo en las Cataratas - Informe Litoral\",\"isPartOf\":{\"@id\":\"https:\\\/\\\/informelitoral.com.ar\\\/#website\"},\"primaryImageOfPage\":{\"@id\":\"https:\\\/\\\/informelitoral.com.ar\\\/el-gran-caudal-dificulta-la-busqueda-de-turista-que-cayo-al-rio-en-las-cataratas\\\/#primaryimage\"},\"image\":{\"@id\":\"https:\\\/\\\/informelitoral.com.ar\\\/el-gran-caudal-dificulta-la-busqueda-de-turista-que-cayo-al-rio-en-las-cataratas\\\/#primaryimage\"},\"thumbnailUrl\":\"https:\\\/\\\/informelitoral.com.ar\\\/%77%70%2d%63%6f%6e%74%65%6e%74\\\/uploads\\\/2022\\\/10\\\/o_1666078694.jpg\",\"datePublished\":\"2022-10-18T12:02:33+00:00\",\"dateModified\":\"2022-10-18T12:05:47+00:00\",\"breadcrumb\":{\"@id\":\"https:\\\/\\\/informelitoral.com.ar\\\/el-gran-caudal-dificulta-la-busqueda-de-turista-que-cayo-al-rio-en-las-cataratas\\\/#breadcrumb\"},\"inLanguage\":\"es\",\"potentialAction\":[{\"@type\":\"ReadAction\",\"target\":[\"https:\\\/\\\/informelitoral.com.ar\\\/el-gran-caudal-dificulta-la-busqueda-de-turista-que-cayo-al-rio-en-las-cataratas\\\/\"]}]},{\"@type\":\"ImageObject\",\"inLanguage\":\"es\",\"@id\":\"https:\\\/\\\/informelitoral.com.ar\\\/el-gran-caudal-dificulta-la-busqueda-de-turista-que-cayo-al-rio-en-las-cataratas\\\/#primaryimage\",\"url\":\"https:\\\/\\\/informelitoral.com.ar\\\/%77%70%2d%63%6f%6e%74%65%6e%74\\\/uploads\\\/2022\\\/10\\\/o_1666078694.jpg\",\"contentUrl\":\"https:\\\/\\\/informelitoral.com.ar\\\/%77%70%2d%63%6f%6e%74%65%6e%74\\\/uploads\\\/2022\\\/10\\\/o_1666078694.jpg\",\"width\":800,\"height\":450},{\"@type\":\"BreadcrumbList\",\"@id\":\"https:\\\/\\\/informelitoral.com.ar\\\/el-gran-caudal-dificulta-la-busqueda-de-turista-que-cayo-al-rio-en-las-cataratas\\\/#breadcrumb\",\"itemListElement\":[{\"@type\":\"ListItem\",\"position\":1,\"name\":\"Portada\",\"item\":\"https:\\\/\\\/informelitoral.com.ar\\\/\"},{\"@type\":\"ListItem\",\"position\":2,\"name\":\"El gran caudal dificulta la b\u00fasqueda de turista que cay\u00f3 al r\u00edo en las Cataratas\"}]},{\"@type\":\"WebSite\",\"@id\":\"https:\\\/\\\/informelitoral.com.ar\\\/#website\",\"url\":\"https:\\\/\\\/informelitoral.com.ar\\\/\",\"name\":\"Informe Litoral\",\"description\":\"&quot;Nos informamos&quot; \",\"publisher\":{\"@id\":\"https:\\\/\\\/informelitoral.com.ar\\\/#organization\"},\"potentialAction\":[{\"@type\":\"SearchAction\",\"target\":{\"@type\":\"EntryPoint\",\"urlTemplate\":\"https:\\\/\\\/informelitoral.com.ar\\\/?s={search_term_string}\"},\"query-input\":{\"@type\":\"PropertyValueSpecification\",\"valueRequired\":true,\"valueName\":\"search_term_string\"}}],\"inLanguage\":\"es\"},{\"@type\":\"Organization\",\"@id\":\"https:\\\/\\\/informelitoral.com.ar\\\/#organization\",\"name\":\"Informe Litoral\",\"url\":\"https:\\\/\\\/informelitoral.com.ar\\\/\",\"logo\":{\"@type\":\"ImageObject\",\"inLanguage\":\"es\",\"@id\":\"https:\\\/\\\/informelitoral.com.ar\\\/#\\\/schema\\\/logo\\\/image\\\/\",\"url\":\"https:\\\/\\\/informelitoral.com.ar\\\/%77%70%2d%63%6f%6e%74%65%6e%74\\\/uploads\\\/2021\\\/01\\\/circulo.png\",\"contentUrl\":\"https:\\\/\\\/informelitoral.com.ar\\\/%77%70%2d%63%6f%6e%74%65%6e%74\\\/uploads\\\/2021\\\/01\\\/circulo.png\",\"width\":723,\"height\":731,\"caption\":\"Informe Litoral\"},\"image\":{\"@id\":\"https:\\\/\\\/informelitoral.com.ar\\\/#\\\/schema\\\/logo\\\/image\\\/\"},\"sameAs\":[\"https:\\\/\\\/www.facebook.com\\\/informelitoral\\\/\",\"https:\\\/\\\/x.com\\\/InformeLitoral\",\"https:\\\/\\\/www.instagram.com\\\/informelitoral\\\/\",\"https:\\\/\\\/www.youtube.com\\\/channel\\\/UCua4Qvz8Icb6MYqhoq9xLXw\"]},{\"@type\":\"Person\",\"@id\":\"https:\\\/\\\/informelitoral.com.ar\\\/#\\\/schema\\\/person\\\/f05f9f461677119578717524b127d6d5\",\"name\":\"Sebastian\",\"image\":{\"@type\":\"ImageObject\",\"inLanguage\":\"es\",\"@id\":\"https:\\\/\\\/secure.gravatar.com\\\/avatar\\\/b71bf7481d447dfb9583c7f2798e7cc64de6efb9067b74633ed8c31059a3bd82?s=96&d=mm&r=g\",\"url\":\"https:\\\/\\\/secure.gravatar.com\\\/avatar\\\/b71bf7481d447dfb9583c7f2798e7cc64de6efb9067b74633ed8c31059a3bd82?s=96&d=mm&r=g\",\"contentUrl\":\"https:\\\/\\\/secure.gravatar.com\\\/avatar\\\/b71bf7481d447dfb9583c7f2798e7cc64de6efb9067b74633ed8c31059a3bd82?s=96&d=mm&r=g\",\"caption\":\"Sebastian\"},\"url\":\"https:\\\/\\\/informelitoral.com.ar\\\/author\\\/sebastian\\\/\"}]}<\/script>","yoast_head_json":{"title":"El gran caudal dificulta la b\u00fasqueda de turista que cay\u00f3 al r\u00edo en las Cataratas - Informe Litoral","robots":{"index":"index","follow":"follow","max-snippet":"max-snippet:-1","max-image-preview":"max-image-preview:large","max-video-preview":"max-video-preview:-1"},"canonical":"https:\/\/informelitoral.com.ar\/el-gran-caudal-dificulta-la-busqueda-de-turista-que-cayo-al-rio-en-las-cataratas\/","og_locale":"es_ES","og_type":"article","og_title":"El gran caudal dificulta la b\u00fasqueda de turista que cay\u00f3 al r\u00edo en las Cataratas - Informe Litoral","og_description":"Una gu\u00eda de turismo manifest\u00f3 que un hombre, a\u00fan sin datos concretos de qui\u00e9n es, se quit\u00f3 las zapatillas, subi\u00f3 a la baranda y se cay\u00f3. Hasta el momento no descartan ninguna hip\u00f3tesis.","og_url":"https:\/\/informelitoral.com.ar\/el-gran-caudal-dificulta-la-busqueda-de-turista-que-cayo-al-rio-en-las-cataratas\/","og_site_name":"Informe Litoral","article_publisher":"https:\/\/www.facebook.com\/informelitoral\/","article_published_time":"2022-10-18T12:02:33+00:00","article_modified_time":"2022-10-18T12:05:47+00:00","og_image":[{"width":800,"height":450,"url":"https:\/\/informelitoral.com.ar\/%77%70%2d%63%6f%6e%74%65%6e%74\/uploads\/2022\/10\/o_1666078694.jpg","type":"image\/jpeg"}],"author":"Sebastian","twitter_card":"summary_large_image","twitter_creator":"@InformeLitoral","twitter_site":"@InformeLitoral","twitter_misc":{"Escrito por":"Sebastian","Tiempo de lectura":"4 minutos"},"schema":{"@context":"https:\/\/schema.org","@graph":[{"@type":"Article","@id":"https:\/\/informelitoral.com.ar\/el-gran-caudal-dificulta-la-busqueda-de-turista-que-cayo-al-rio-en-las-cataratas\/#article","isPartOf":{"@id":"https:\/\/informelitoral.com.ar\/el-gran-caudal-dificulta-la-busqueda-de-turista-que-cayo-al-rio-en-las-cataratas\/"},"author":{"name":"Sebastian","@id":"https:\/\/informelitoral.com.ar\/#\/schema\/person\/f05f9f461677119578717524b127d6d5"},"headline":"El gran caudal dificulta la b\u00fasqueda de turista que cay\u00f3 al r\u00edo en las Cataratas","datePublished":"2022-10-18T12:02:33+00:00","dateModified":"2022-10-18T12:05:47+00:00","mainEntityOfPage":{"@id":"https:\/\/informelitoral.com.ar\/el-gran-caudal-dificulta-la-busqueda-de-turista-que-cayo-al-rio-en-las-cataratas\/"},"wordCount":790,"commentCount":0,"publisher":{"@id":"https:\/\/informelitoral.com.ar\/#organization"},"image":{"@id":"https:\/\/informelitoral.com.ar\/el-gran-caudal-dificulta-la-busqueda-de-turista-que-cayo-al-rio-en-las-cataratas\/#primaryimage"},"thumbnailUrl":"https:\/\/informelitoral.com.ar\/%77%70%2d%63%6f%6e%74%65%6e%74\/uploads\/2022\/10\/o_1666078694.jpg","keywords":["Cataratas del Iguaz\u00fa","Hombre desaparecido"],"articleSection":["Sociedad"],"inLanguage":"es","potentialAction":[{"@type":"CommentAction","name":"Comment","target":["https:\/\/informelitoral.com.ar\/el-gran-caudal-dificulta-la-busqueda-de-turista-que-cayo-al-rio-en-las-cataratas\/#respond"]}]},{"@type":"WebPage","@id":"https:\/\/informelitoral.com.ar\/el-gran-caudal-dificulta-la-busqueda-de-turista-que-cayo-al-rio-en-las-cataratas\/","url":"https:\/\/informelitoral.com.ar\/el-gran-caudal-dificulta-la-busqueda-de-turista-que-cayo-al-rio-en-las-cataratas\/","name":"El gran caudal dificulta la b\u00fasqueda de turista que cay\u00f3 al r\u00edo en las Cataratas - Informe Litoral","isPartOf":{"@id":"https:\/\/informelitoral.com.ar\/#website"},"primaryImageOfPage":{"@id":"https:\/\/informelitoral.com.ar\/el-gran-caudal-dificulta-la-busqueda-de-turista-que-cayo-al-rio-en-las-cataratas\/#primaryimage"},"image":{"@id":"https:\/\/informelitoral.com.ar\/el-gran-caudal-dificulta-la-busqueda-de-turista-que-cayo-al-rio-en-las-cataratas\/#primaryimage"},"thumbnailUrl":"https:\/\/informelitoral.com.ar\/%77%70%2d%63%6f%6e%74%65%6e%74\/uploads\/2022\/10\/o_1666078694.jpg","datePublished":"2022-10-18T12:02:33+00:00","dateModified":"2022-10-18T12:05:47+00:00","breadcrumb":{"@id":"https:\/\/informelitoral.com.ar\/el-gran-caudal-dificulta-la-busqueda-de-turista-que-cayo-al-rio-en-las-cataratas\/#breadcrumb"},"inLanguage":"es","potentialAction":[{"@type":"ReadAction","target":["https:\/\/informelitoral.com.ar\/el-gran-caudal-dificulta-la-busqueda-de-turista-que-cayo-al-rio-en-las-cataratas\/"]}]},{"@type":"ImageObject","inLanguage":"es","@id":"https:\/\/informelitoral.com.ar\/el-gran-caudal-dificulta-la-busqueda-de-turista-que-cayo-al-rio-en-las-cataratas\/#primaryimage","url":"https:\/\/informelitoral.com.ar\/%77%70%2d%63%6f%6e%74%65%6e%74\/uploads\/2022\/10\/o_1666078694.jpg","contentUrl":"https:\/\/informelitoral.com.ar\/%77%70%2d%63%6f%6e%74%65%6e%74\/uploads\/2022\/10\/o_1666078694.jpg","width":800,"height":450},{"@type":"BreadcrumbList","@id":"https:\/\/informelitoral.com.ar\/el-gran-caudal-dificulta-la-busqueda-de-turista-que-cayo-al-rio-en-las-cataratas\/#breadcrumb","itemListElement":[{"@type":"ListItem","position":1,"name":"Portada","item":"https:\/\/informelitoral.com.ar\/"},{"@type":"ListItem","position":2,"name":"El gran caudal dificulta la b\u00fasqueda de turista que cay\u00f3 al r\u00edo en las Cataratas"}]},{"@type":"WebSite","@id":"https:\/\/informelitoral.com.ar\/#website","url":"https:\/\/informelitoral.com.ar\/","name":"Informe Litoral","description":"&quot;Nos informamos&quot; ","publisher":{"@id":"https:\/\/informelitoral.com.ar\/#organization"},"potentialAction":[{"@type":"SearchAction","target":{"@type":"EntryPoint","urlTemplate":"https:\/\/informelitoral.com.ar\/?s={search_term_string}"},"query-input":{"@type":"PropertyValueSpecification","valueRequired":true,"valueName":"search_term_string"}}],"inLanguage":"es"},{"@type":"Organization","@id":"https:\/\/informelitoral.com.ar\/#organization","name":"Informe Litoral","url":"https:\/\/informelitoral.com.ar\/","logo":{"@type":"ImageObject","inLanguage":"es","@id":"https:\/\/informelitoral.com.ar\/#\/schema\/logo\/image\/","url":"https:\/\/informelitoral.com.ar\/%77%70%2d%63%6f%6e%74%65%6e%74\/uploads\/2021\/01\/circulo.png","contentUrl":"https:\/\/informelitoral.com.ar\/%77%70%2d%63%6f%6e%74%65%6e%74\/uploads\/2021\/01\/circulo.png","width":723,"height":731,"caption":"Informe Litoral"},"image":{"@id":"https:\/\/informelitoral.com.ar\/#\/schema\/logo\/image\/"},"sameAs":["https:\/\/www.facebook.com\/informelitoral\/","https:\/\/x.com\/InformeLitoral","https:\/\/www.instagram.com\/informelitoral\/","https:\/\/www.youtube.com\/channel\/UCua4Qvz8Icb6MYqhoq9xLXw"]},{"@type":"Person","@id":"https:\/\/informelitoral.com.ar\/#\/schema\/person\/f05f9f461677119578717524b127d6d5","name":"Sebastian","image":{"@type":"ImageObject","inLanguage":"es","@id":"https:\/\/secure.gravatar.com\/avatar\/b71bf7481d447dfb9583c7f2798e7cc64de6efb9067b74633ed8c31059a3bd82?s=96&d=mm&r=g","url":"https:\/\/secure.gravatar.com\/avatar\/b71bf7481d447dfb9583c7f2798e7cc64de6efb9067b74633ed8c31059a3bd82?s=96&d=mm&r=g","contentUrl":"https:\/\/secure.gravatar.com\/avatar\/b71bf7481d447dfb9583c7f2798e7cc64de6efb9067b74633ed8c31059a3bd82?s=96&d=mm&r=g","caption":"Sebastian"},"url":"https:\/\/informelitoral.com.ar\/author\/sebastian\/"}]}},"_links":{"self":[{"href":"https:\/\/informelitoral.com.ar\/%77%70%2d%6a%73%6f%6e\/wp\/v2\/posts\/90539","targetHints":{"allow":["GET"]}}],"collection":[{"href":"https:\/\/informelitoral.com.ar\/%77%70%2d%6a%73%6f%6e\/wp\/v2\/posts"}],"about":[{"href":"https:\/\/informelitoral.com.ar\/%77%70%2d%6a%73%6f%6e\/wp\/v2\/types\/post"}],"author":[{"embeddable":true,"href":"https:\/\/informelitoral.com.ar\/%77%70%2d%6a%73%6f%6e\/wp\/v2\/users\/8"}],"replies":[{"embeddable":true,"href":"https:\/\/informelitoral.com.ar\/%77%70%2d%6a%73%6f%6e\/wp\/v2\/comments?post=90539"}],"version-history":[{"count":0,"href":"https:\/\/informelitoral.com.ar\/%77%70%2d%6a%73%6f%6e\/wp\/v2\/posts\/90539\/revisions"}],"wp:featuredmedia":[{"embeddable":true,"href":"https:\/\/informelitoral.com.ar\/%77%70%2d%6a%73%6f%6e\/wp\/v2\/media\/90544"}],"wp:attachment":[{"href":"https:\/\/informelitoral.com.ar\/%77%70%2d%6a%73%6f%6e\/wp\/v2\/media?parent=90539"}],"wp:term":[{"taxonomy":"category","embeddable":true,"href":"https:\/\/informelitoral.com.ar\/%77%70%2d%6a%73%6f%6e\/wp\/v2\/categories?post=90539"},{"taxonomy":"post_tag","embeddable":true,"href":"https:\/\/informelitoral.com.ar\/%77%70%2d%6a%73%6f%6e\/wp\/v2\/tags?post=90539"}],"curies":[{"name":"wp","href":"https:\/\/api.w.org\/{rel}","templated":true}]}}