{"id":90524,"date":"2022-10-18T08:45:35","date_gmt":"2022-10-18T11:45:35","guid":{"rendered":"https:\/\/www.informelitoral.com.ar\/?p=90524"},"modified":"2022-10-18T08:51:24","modified_gmt":"2022-10-18T11:51:24","slug":"robo-reflectores-de-una-carniceria-y-los-abandono-al-ver-un-movil-policial","status":"publish","type":"post","link":"https:\/\/informelitoral.com.ar\/robo-reflectores-de-una-carniceria-y-los-abandono-al-ver-un-movil-policial\/","title":{"rendered":"Paran\u00e1: Rob\u00f3 reflectores de una carnicer\u00eda y los abandon\u00f3 al ver un m\u00f3vil policial"},"content":{"rendered":"<section class=\"texto\">En horas de la madrugada, una carnicer\u00eda ubicada en calle Don Bosco y Amaro Villanueva de la ciudad de Paran\u00e1, sufri\u00f3 el robo de dos reflectores que est\u00e1n ubicados al frente del local.Personal de la Comisar\u00eda Cuarta que se encontraba de recorrida por calles 3 de Febrero y Vicente del Castillo, observan a un sujeto conocido de 22 a\u00f1os, quien al ver el patrullero, arroja un objeto hacia la vereda y sale corriendo hacia calle Vicente del Castillo al final, donde lo pierden de vista.Los polic\u00edas verificaron la zona y constataron que el malviviente hab\u00eda descartado dos reflectores Led, marca CANDIL, color negro, siendo los elementos que hab\u00edan sido sustra\u00eddos de la carnicer\u00eda en horas de la madrugada. Se procedi\u00f3 al secuestro de los mismos acorde al protocolo establecido por la Fiscal\u00eda.<\/section>\n<div class=\"publi-top publi-listado\">\n<div class=\"publi-728\">\n<div id=\"banner-interior-b\" class=\"banner-zone-found banner-step-1 banner-loop-1 banner-is-dfp banner-step-4\" data-google-query-id=\"CLvHxI3a6foCFQozuQYdRZQGOA\"><\/div>\n<\/div>\n<\/div>\n","protected":false},"excerpt":{"rendered":"<p>Al ver la llegada de un patrullero, un joven de 22 a\u00f1os, conocido por la polic\u00eda, se descart\u00f3 de dos reflectores que momentos antes hab\u00eda robado de una carnicer\u00eda ubicada en calle Don Bosco. Sali\u00f3 corriendo y no lograron detenerlo.<\/p>\n","protected":false},"author":8,"featured_media":24888,"comment_status":"open","ping_status":"open","sticky":false,"template":"","format":"standard","meta":{"fifu_image_url":"","fifu_image_alt":"","footnotes":""},"categories":[14],"tags":[308],"class_list":{"0":"post-90524","1":"post","2":"type-post","3":"status-publish","4":"format-standard","5":"has-post-thumbnail","7":"category-policiales","8":"tag-robo"},"yoast_head":"<title>Paran\u00e1: Rob\u00f3 reflectores de una carnicer\u00eda y los abandon\u00f3 al ver un m\u00f3vil policial - Informe Litoral<\/title>\n<meta name=\"robots\" content=\"index, follow, max-snippet:-1, max-image-preview:large, max-video-preview:-1\" \/>\n<link rel=\"canonical\" href=\"https:\/\/informelitoral.com.ar\/robo-reflectores-de-una-carniceria-y-los-abandono-al-ver-un-movil-policial\/\" \/>\n<meta property=\"og:locale\" content=\"es_ES\" \/>\n<meta property=\"og:type\" content=\"article\" \/>\n<meta property=\"og:title\" content=\"Paran\u00e1: Rob\u00f3 reflectores de una carnicer\u00eda y los abandon\u00f3 al ver un m\u00f3vil policial - Informe Litoral\" \/>\n<meta property=\"og:description\" content=\"Al ver la llegada de un patrullero, un joven de 22 a\u00f1os, conocido por la polic\u00eda, se descart\u00f3 de dos reflectores que momentos antes hab\u00eda robado de una carnicer\u00eda ubicada en calle Don Bosco. Sali\u00f3 corriendo y no lograron detenerlo.\" \/>\n<meta property=\"og:url\" content=\"https:\/\/informelitoral.com.ar\/robo-reflectores-de-una-carniceria-y-los-abandono-al-ver-un-movil-policial\/\" \/>\n<meta property=\"og:site_name\" content=\"Informe Litoral\" \/>\n<meta property=\"article:publisher\" content=\"https:\/\/www.facebook.com\/informelitoral\/\" \/>\n<meta property=\"article:published_time\" content=\"2022-10-18T11:45:35+00:00\" \/>\n<meta property=\"article:modified_time\" content=\"2022-10-18T11:51:24+00:00\" \/>\n<meta property=\"og:image\" content=\"https:\/\/informelitoral.com.ar\/%77%70%2d%63%6f%6e%74%65%6e%74\/uploads\/2018\/02\/policia-patrullero-768x506.jpg\" \/>\n\t<meta property=\"og:image:width\" content=\"768\" \/>\n\t<meta property=\"og:image:height\" content=\"506\" \/>\n\t<meta property=\"og:image:type\" content=\"image\/jpeg\" \/>\n<meta name=\"author\" content=\"Sebastian\" \/>\n<meta name=\"twitter:card\" content=\"summary_large_image\" \/>\n<meta name=\"twitter:creator\" content=\"@InformeLitoral\" \/>\n<meta name=\"twitter:site\" content=\"@InformeLitoral\" \/>\n<meta name=\"twitter:label1\" content=\"Escrito por\" \/>\n\t<meta name=\"twitter:data1\" content=\"Sebastian\" \/>\n\t<meta name=\"twitter:label2\" content=\"Tiempo de lectura\" \/>\n\t<meta name=\"twitter:data2\" content=\"1 minuto\" \/>\n<script type=\"application\/ld+json\" class=\"yoast-schema-graph\">{\"@context\":\"https:\\\/\\\/schema.org\",\"@graph\":[{\"@type\":\"Article\",\"@id\":\"https:\\\/\\\/informelitoral.com.ar\\\/robo-reflectores-de-una-carniceria-y-los-abandono-al-ver-un-movil-policial\\\/#article\",\"isPartOf\":{\"@id\":\"https:\\\/\\\/informelitoral.com.ar\\\/robo-reflectores-de-una-carniceria-y-los-abandono-al-ver-un-movil-policial\\\/\"},\"author\":{\"name\":\"Sebastian\",\"@id\":\"https:\\\/\\\/informelitoral.com.ar\\\/#\\\/schema\\\/person\\\/f05f9f461677119578717524b127d6d5\"},\"headline\":\"Paran\u00e1: Rob\u00f3 reflectores de una carnicer\u00eda y los abandon\u00f3 al ver un m\u00f3vil policial\",\"datePublished\":\"2022-10-18T11:45:35+00:00\",\"dateModified\":\"2022-10-18T11:51:24+00:00\",\"mainEntityOfPage\":{\"@id\":\"https:\\\/\\\/informelitoral.com.ar\\\/robo-reflectores-de-una-carniceria-y-los-abandono-al-ver-un-movil-policial\\\/\"},\"wordCount\":158,\"commentCount\":0,\"publisher\":{\"@id\":\"https:\\\/\\\/informelitoral.com.ar\\\/#organization\"},\"image\":{\"@id\":\"https:\\\/\\\/informelitoral.com.ar\\\/robo-reflectores-de-una-carniceria-y-los-abandono-al-ver-un-movil-policial\\\/#primaryimage\"},\"thumbnailUrl\":\"https:\\\/\\\/informelitoral.com.ar\\\/%77%70%2d%63%6f%6e%74%65%6e%74\\\/uploads\\\/2018\\\/02\\\/policia-patrullero-768x506.jpg\",\"keywords\":[\"Robo\"],\"articleSection\":[\"Policiales\"],\"inLanguage\":\"es\",\"potentialAction\":[{\"@type\":\"CommentAction\",\"name\":\"Comment\",\"target\":[\"https:\\\/\\\/informelitoral.com.ar\\\/robo-reflectores-de-una-carniceria-y-los-abandono-al-ver-un-movil-policial\\\/#respond\"]}]},{\"@type\":\"WebPage\",\"@id\":\"https:\\\/\\\/informelitoral.com.ar\\\/robo-reflectores-de-una-carniceria-y-los-abandono-al-ver-un-movil-policial\\\/\",\"url\":\"https:\\\/\\\/informelitoral.com.ar\\\/robo-reflectores-de-una-carniceria-y-los-abandono-al-ver-un-movil-policial\\\/\",\"name\":\"Paran\u00e1: Rob\u00f3 reflectores de una carnicer\u00eda y los abandon\u00f3 al ver un m\u00f3vil policial - Informe Litoral\",\"isPartOf\":{\"@id\":\"https:\\\/\\\/informelitoral.com.ar\\\/#website\"},\"primaryImageOfPage\":{\"@id\":\"https:\\\/\\\/informelitoral.com.ar\\\/robo-reflectores-de-una-carniceria-y-los-abandono-al-ver-un-movil-policial\\\/#primaryimage\"},\"image\":{\"@id\":\"https:\\\/\\\/informelitoral.com.ar\\\/robo-reflectores-de-una-carniceria-y-los-abandono-al-ver-un-movil-policial\\\/#primaryimage\"},\"thumbnailUrl\":\"https:\\\/\\\/informelitoral.com.ar\\\/%77%70%2d%63%6f%6e%74%65%6e%74\\\/uploads\\\/2018\\\/02\\\/policia-patrullero-768x506.jpg\",\"datePublished\":\"2022-10-18T11:45:35+00:00\",\"dateModified\":\"2022-10-18T11:51:24+00:00\",\"breadcrumb\":{\"@id\":\"https:\\\/\\\/informelitoral.com.ar\\\/robo-reflectores-de-una-carniceria-y-los-abandono-al-ver-un-movil-policial\\\/#breadcrumb\"},\"inLanguage\":\"es\",\"potentialAction\":[{\"@type\":\"ReadAction\",\"target\":[\"https:\\\/\\\/informelitoral.com.ar\\\/robo-reflectores-de-una-carniceria-y-los-abandono-al-ver-un-movil-policial\\\/\"]}]},{\"@type\":\"ImageObject\",\"inLanguage\":\"es\",\"@id\":\"https:\\\/\\\/informelitoral.com.ar\\\/robo-reflectores-de-una-carniceria-y-los-abandono-al-ver-un-movil-policial\\\/#primaryimage\",\"url\":\"https:\\\/\\\/informelitoral.com.ar\\\/%77%70%2d%63%6f%6e%74%65%6e%74\\\/uploads\\\/2018\\\/02\\\/policia-patrullero-768x506.jpg\",\"contentUrl\":\"https:\\\/\\\/informelitoral.com.ar\\\/%77%70%2d%63%6f%6e%74%65%6e%74\\\/uploads\\\/2018\\\/02\\\/policia-patrullero-768x506.jpg\",\"width\":768,\"height\":506},{\"@type\":\"BreadcrumbList\",\"@id\":\"https:\\\/\\\/informelitoral.com.ar\\\/robo-reflectores-de-una-carniceria-y-los-abandono-al-ver-un-movil-policial\\\/#breadcrumb\",\"itemListElement\":[{\"@type\":\"ListItem\",\"position\":1,\"name\":\"Portada\",\"item\":\"https:\\\/\\\/informelitoral.com.ar\\\/\"},{\"@type\":\"ListItem\",\"position\":2,\"name\":\"Paran\u00e1: Rob\u00f3 reflectores de una carnicer\u00eda y los abandon\u00f3 al ver un m\u00f3vil policial\"}]},{\"@type\":\"WebSite\",\"@id\":\"https:\\\/\\\/informelitoral.com.ar\\\/#website\",\"url\":\"https:\\\/\\\/informelitoral.com.ar\\\/\",\"name\":\"Informe Litoral\",\"description\":\"&quot;Nos informamos&quot; \",\"publisher\":{\"@id\":\"https:\\\/\\\/informelitoral.com.ar\\\/#organization\"},\"potentialAction\":[{\"@type\":\"SearchAction\",\"target\":{\"@type\":\"EntryPoint\",\"urlTemplate\":\"https:\\\/\\\/informelitoral.com.ar\\\/?s={search_term_string}\"},\"query-input\":{\"@type\":\"PropertyValueSpecification\",\"valueRequired\":true,\"valueName\":\"search_term_string\"}}],\"inLanguage\":\"es\"},{\"@type\":\"Organization\",\"@id\":\"https:\\\/\\\/informelitoral.com.ar\\\/#organization\",\"name\":\"Informe Litoral\",\"url\":\"https:\\\/\\\/informelitoral.com.ar\\\/\",\"logo\":{\"@type\":\"ImageObject\",\"inLanguage\":\"es\",\"@id\":\"https:\\\/\\\/informelitoral.com.ar\\\/#\\\/schema\\\/logo\\\/image\\\/\",\"url\":\"https:\\\/\\\/informelitoral.com.ar\\\/%77%70%2d%63%6f%6e%74%65%6e%74\\\/uploads\\\/2021\\\/01\\\/circulo.png\",\"contentUrl\":\"https:\\\/\\\/informelitoral.com.ar\\\/%77%70%2d%63%6f%6e%74%65%6e%74\\\/uploads\\\/2021\\\/01\\\/circulo.png\",\"width\":723,\"height\":731,\"caption\":\"Informe Litoral\"},\"image\":{\"@id\":\"https:\\\/\\\/informelitoral.com.ar\\\/#\\\/schema\\\/logo\\\/image\\\/\"},\"sameAs\":[\"https:\\\/\\\/www.facebook.com\\\/informelitoral\\\/\",\"https:\\\/\\\/x.com\\\/InformeLitoral\",\"https:\\\/\\\/www.instagram.com\\\/informelitoral\\\/\",\"https:\\\/\\\/www.youtube.com\\\/channel\\\/UCua4Qvz8Icb6MYqhoq9xLXw\"]},{\"@type\":\"Person\",\"@id\":\"https:\\\/\\\/informelitoral.com.ar\\\/#\\\/schema\\\/person\\\/f05f9f461677119578717524b127d6d5\",\"name\":\"Sebastian\",\"image\":{\"@type\":\"ImageObject\",\"inLanguage\":\"es\",\"@id\":\"https:\\\/\\\/secure.gravatar.com\\\/avatar\\\/b71bf7481d447dfb9583c7f2798e7cc64de6efb9067b74633ed8c31059a3bd82?s=96&d=mm&r=g\",\"url\":\"https:\\\/\\\/secure.gravatar.com\\\/avatar\\\/b71bf7481d447dfb9583c7f2798e7cc64de6efb9067b74633ed8c31059a3bd82?s=96&d=mm&r=g\",\"contentUrl\":\"https:\\\/\\\/secure.gravatar.com\\\/avatar\\\/b71bf7481d447dfb9583c7f2798e7cc64de6efb9067b74633ed8c31059a3bd82?s=96&d=mm&r=g\",\"caption\":\"Sebastian\"},\"url\":\"https:\\\/\\\/informelitoral.com.ar\\\/author\\\/sebastian\\\/\"}]}<\/script>","yoast_head_json":{"title":"Paran\u00e1: Rob\u00f3 reflectores de una carnicer\u00eda y los abandon\u00f3 al ver un m\u00f3vil policial - Informe Litoral","robots":{"index":"index","follow":"follow","max-snippet":"max-snippet:-1","max-image-preview":"max-image-preview:large","max-video-preview":"max-video-preview:-1"},"canonical":"https:\/\/informelitoral.com.ar\/robo-reflectores-de-una-carniceria-y-los-abandono-al-ver-un-movil-policial\/","og_locale":"es_ES","og_type":"article","og_title":"Paran\u00e1: Rob\u00f3 reflectores de una carnicer\u00eda y los abandon\u00f3 al ver un m\u00f3vil policial - Informe Litoral","og_description":"Al ver la llegada de un patrullero, un joven de 22 a\u00f1os, conocido por la polic\u00eda, se descart\u00f3 de dos reflectores que momentos antes hab\u00eda robado de una carnicer\u00eda ubicada en calle Don Bosco. Sali\u00f3 corriendo y no lograron detenerlo.","og_url":"https:\/\/informelitoral.com.ar\/robo-reflectores-de-una-carniceria-y-los-abandono-al-ver-un-movil-policial\/","og_site_name":"Informe Litoral","article_publisher":"https:\/\/www.facebook.com\/informelitoral\/","article_published_time":"2022-10-18T11:45:35+00:00","article_modified_time":"2022-10-18T11:51:24+00:00","og_image":[{"width":768,"height":506,"url":"https:\/\/informelitoral.com.ar\/%77%70%2d%63%6f%6e%74%65%6e%74\/uploads\/2018\/02\/policia-patrullero-768x506.jpg","type":"image\/jpeg"}],"author":"Sebastian","twitter_card":"summary_large_image","twitter_creator":"@InformeLitoral","twitter_site":"@InformeLitoral","twitter_misc":{"Escrito por":"Sebastian","Tiempo de lectura":"1 minuto"},"schema":{"@context":"https:\/\/schema.org","@graph":[{"@type":"Article","@id":"https:\/\/informelitoral.com.ar\/robo-reflectores-de-una-carniceria-y-los-abandono-al-ver-un-movil-policial\/#article","isPartOf":{"@id":"https:\/\/informelitoral.com.ar\/robo-reflectores-de-una-carniceria-y-los-abandono-al-ver-un-movil-policial\/"},"author":{"name":"Sebastian","@id":"https:\/\/informelitoral.com.ar\/#\/schema\/person\/f05f9f461677119578717524b127d6d5"},"headline":"Paran\u00e1: Rob\u00f3 reflectores de una carnicer\u00eda y los abandon\u00f3 al ver un m\u00f3vil policial","datePublished":"2022-10-18T11:45:35+00:00","dateModified":"2022-10-18T11:51:24+00:00","mainEntityOfPage":{"@id":"https:\/\/informelitoral.com.ar\/robo-reflectores-de-una-carniceria-y-los-abandono-al-ver-un-movil-policial\/"},"wordCount":158,"commentCount":0,"publisher":{"@id":"https:\/\/informelitoral.com.ar\/#organization"},"image":{"@id":"https:\/\/informelitoral.com.ar\/robo-reflectores-de-una-carniceria-y-los-abandono-al-ver-un-movil-policial\/#primaryimage"},"thumbnailUrl":"https:\/\/informelitoral.com.ar\/%77%70%2d%63%6f%6e%74%65%6e%74\/uploads\/2018\/02\/policia-patrullero-768x506.jpg","keywords":["Robo"],"articleSection":["Policiales"],"inLanguage":"es","potentialAction":[{"@type":"CommentAction","name":"Comment","target":["https:\/\/informelitoral.com.ar\/robo-reflectores-de-una-carniceria-y-los-abandono-al-ver-un-movil-policial\/#respond"]}]},{"@type":"WebPage","@id":"https:\/\/informelitoral.com.ar\/robo-reflectores-de-una-carniceria-y-los-abandono-al-ver-un-movil-policial\/","url":"https:\/\/informelitoral.com.ar\/robo-reflectores-de-una-carniceria-y-los-abandono-al-ver-un-movil-policial\/","name":"Paran\u00e1: Rob\u00f3 reflectores de una carnicer\u00eda y los abandon\u00f3 al ver un m\u00f3vil policial - Informe Litoral","isPartOf":{"@id":"https:\/\/informelitoral.com.ar\/#website"},"primaryImageOfPage":{"@id":"https:\/\/informelitoral.com.ar\/robo-reflectores-de-una-carniceria-y-los-abandono-al-ver-un-movil-policial\/#primaryimage"},"image":{"@id":"https:\/\/informelitoral.com.ar\/robo-reflectores-de-una-carniceria-y-los-abandono-al-ver-un-movil-policial\/#primaryimage"},"thumbnailUrl":"https:\/\/informelitoral.com.ar\/%77%70%2d%63%6f%6e%74%65%6e%74\/uploads\/2018\/02\/policia-patrullero-768x506.jpg","datePublished":"2022-10-18T11:45:35+00:00","dateModified":"2022-10-18T11:51:24+00:00","breadcrumb":{"@id":"https:\/\/informelitoral.com.ar\/robo-reflectores-de-una-carniceria-y-los-abandono-al-ver-un-movil-policial\/#breadcrumb"},"inLanguage":"es","potentialAction":[{"@type":"ReadAction","target":["https:\/\/informelitoral.com.ar\/robo-reflectores-de-una-carniceria-y-los-abandono-al-ver-un-movil-policial\/"]}]},{"@type":"ImageObject","inLanguage":"es","@id":"https:\/\/informelitoral.com.ar\/robo-reflectores-de-una-carniceria-y-los-abandono-al-ver-un-movil-policial\/#primaryimage","url":"https:\/\/informelitoral.com.ar\/%77%70%2d%63%6f%6e%74%65%6e%74\/uploads\/2018\/02\/policia-patrullero-768x506.jpg","contentUrl":"https:\/\/informelitoral.com.ar\/%77%70%2d%63%6f%6e%74%65%6e%74\/uploads\/2018\/02\/policia-patrullero-768x506.jpg","width":768,"height":506},{"@type":"BreadcrumbList","@id":"https:\/\/informelitoral.com.ar\/robo-reflectores-de-una-carniceria-y-los-abandono-al-ver-un-movil-policial\/#breadcrumb","itemListElement":[{"@type":"ListItem","position":1,"name":"Portada","item":"https:\/\/informelitoral.com.ar\/"},{"@type":"ListItem","position":2,"name":"Paran\u00e1: Rob\u00f3 reflectores de una carnicer\u00eda y los abandon\u00f3 al ver un m\u00f3vil policial"}]},{"@type":"WebSite","@id":"https:\/\/informelitoral.com.ar\/#website","url":"https:\/\/informelitoral.com.ar\/","name":"Informe Litoral","description":"&quot;Nos informamos&quot; ","publisher":{"@id":"https:\/\/informelitoral.com.ar\/#organization"},"potentialAction":[{"@type":"SearchAction","target":{"@type":"EntryPoint","urlTemplate":"https:\/\/informelitoral.com.ar\/?s={search_term_string}"},"query-input":{"@type":"PropertyValueSpecification","valueRequired":true,"valueName":"search_term_string"}}],"inLanguage":"es"},{"@type":"Organization","@id":"https:\/\/informelitoral.com.ar\/#organization","name":"Informe Litoral","url":"https:\/\/informelitoral.com.ar\/","logo":{"@type":"ImageObject","inLanguage":"es","@id":"https:\/\/informelitoral.com.ar\/#\/schema\/logo\/image\/","url":"https:\/\/informelitoral.com.ar\/%77%70%2d%63%6f%6e%74%65%6e%74\/uploads\/2021\/01\/circulo.png","contentUrl":"https:\/\/informelitoral.com.ar\/%77%70%2d%63%6f%6e%74%65%6e%74\/uploads\/2021\/01\/circulo.png","width":723,"height":731,"caption":"Informe Litoral"},"image":{"@id":"https:\/\/informelitoral.com.ar\/#\/schema\/logo\/image\/"},"sameAs":["https:\/\/www.facebook.com\/informelitoral\/","https:\/\/x.com\/InformeLitoral","https:\/\/www.instagram.com\/informelitoral\/","https:\/\/www.youtube.com\/channel\/UCua4Qvz8Icb6MYqhoq9xLXw"]},{"@type":"Person","@id":"https:\/\/informelitoral.com.ar\/#\/schema\/person\/f05f9f461677119578717524b127d6d5","name":"Sebastian","image":{"@type":"ImageObject","inLanguage":"es","@id":"https:\/\/secure.gravatar.com\/avatar\/b71bf7481d447dfb9583c7f2798e7cc64de6efb9067b74633ed8c31059a3bd82?s=96&d=mm&r=g","url":"https:\/\/secure.gravatar.com\/avatar\/b71bf7481d447dfb9583c7f2798e7cc64de6efb9067b74633ed8c31059a3bd82?s=96&d=mm&r=g","contentUrl":"https:\/\/secure.gravatar.com\/avatar\/b71bf7481d447dfb9583c7f2798e7cc64de6efb9067b74633ed8c31059a3bd82?s=96&d=mm&r=g","caption":"Sebastian"},"url":"https:\/\/informelitoral.com.ar\/author\/sebastian\/"}]}},"_links":{"self":[{"href":"https:\/\/informelitoral.com.ar\/%77%70%2d%6a%73%6f%6e\/wp\/v2\/posts\/90524","targetHints":{"allow":["GET"]}}],"collection":[{"href":"https:\/\/informelitoral.com.ar\/%77%70%2d%6a%73%6f%6e\/wp\/v2\/posts"}],"about":[{"href":"https:\/\/informelitoral.com.ar\/%77%70%2d%6a%73%6f%6e\/wp\/v2\/types\/post"}],"author":[{"embeddable":true,"href":"https:\/\/informelitoral.com.ar\/%77%70%2d%6a%73%6f%6e\/wp\/v2\/users\/8"}],"replies":[{"embeddable":true,"href":"https:\/\/informelitoral.com.ar\/%77%70%2d%6a%73%6f%6e\/wp\/v2\/comments?post=90524"}],"version-history":[{"count":0,"href":"https:\/\/informelitoral.com.ar\/%77%70%2d%6a%73%6f%6e\/wp\/v2\/posts\/90524\/revisions"}],"wp:featuredmedia":[{"embeddable":true,"href":"https:\/\/informelitoral.com.ar\/%77%70%2d%6a%73%6f%6e\/wp\/v2\/media\/24888"}],"wp:attachment":[{"href":"https:\/\/informelitoral.com.ar\/%77%70%2d%6a%73%6f%6e\/wp\/v2\/media?parent=90524"}],"wp:term":[{"taxonomy":"category","embeddable":true,"href":"https:\/\/informelitoral.com.ar\/%77%70%2d%6a%73%6f%6e\/wp\/v2\/categories?post=90524"},{"taxonomy":"post_tag","embeddable":true,"href":"https:\/\/informelitoral.com.ar\/%77%70%2d%6a%73%6f%6e\/wp\/v2\/tags?post=90524"}],"curies":[{"name":"wp","href":"https:\/\/api.w.org\/{rel}","templated":true}]}}