{"id":9047,"date":"2014-11-20T22:41:46","date_gmt":"2014-11-21T01:41:46","guid":{"rendered":"http:\/\/www.isletasnoticias.com.ar\/?p=9047"},"modified":"2014-11-20T22:41:46","modified_gmt":"2014-11-21T01:41:46","slug":"los-10-primeros-meses-de-2014-son-los-mas-calurosos-registrados-en-el-planeta","status":"publish","type":"post","link":"https:\/\/informelitoral.com.ar\/los-10-primeros-meses-de-2014-son-los-mas-calurosos-registrados-en-el-planeta\/","title":{"rendered":"Los 10 primeros meses de 2014 son los m\u00e1s calurosos registrados en el planeta"},"content":{"rendered":"<p><strong>Un an\u00e1lisis a nivel mundial revela que la cifras en lo que va del a\u00f1o son las m\u00e1s altas desde que se empez\u00f3 a medir la temperatura en 1880.<a href=\"http:\/\/www.isletasnoticias.com.ar\/%77%70%2d%63%6f%6e%74%65%6e%74\/uploads\/2014\/11\/image546e41afb2dc26.89088971.jpg\"><img loading=\"lazy\" decoding=\"async\" class=\"aligncenter size-medium wp-image-9048\" src=\"http:\/\/www.isletasnoticias.com.ar\/%77%70%2d%63%6f%6e%74%65%6e%74\/uploads\/2014\/11\/image546e41afb2dc26.89088971-300x200.jpg\" alt=\"image546e41afb2dc26.89088971\" width=\"300\" height=\"200\" srcset=\"https:\/\/informelitoral.com.ar\/%77%70%2d%63%6f%6e%74%65%6e%74\/uploads\/2014\/11\/image546e41afb2dc26.89088971-300x200.jpg 300w, https:\/\/informelitoral.com.ar\/%77%70%2d%63%6f%6e%74%65%6e%74\/uploads\/2014\/11\/image546e41afb2dc26.89088971.jpg 855w\" sizes=\"auto, (max-width: 300px) 100vw, 300px\" \/><\/a><\/strong><\/p>\n<p>Los diez primeros meses de 2014 fueron los m\u00e1s calurosos en el planeta desde el comienzo de los registros de temperatura en 1880.<\/p>\n<p>Se trata igualmente del 38\u00b0 mes de octubre consecutivo durante el que la temperatura mundial estuvo por encima de la media del siglo XX, anunci\u00f3 hoy la Agencia Oce\u00e1nica y Atmosf\u00e9rica de Estados Unidos (NOAA).<\/p>\n<p>Para el periodo de enero a octubre de 2014, la temperatura media en oc\u00e9anos y tierra fue de 10,3 grados, sobrepasando as\u00ed en 1,05 grados la media del siglo anterior.<\/p>\n<p>\u00abLa temperatura media enero-octubre global en la superficie de tierra y oc\u00e9anos fue la m\u00e1s c\u00e1lida en este periodo, sobrepasando los r\u00e9cords establecidos en 1998 y 2010\u00bb, dijo la NOAA.<\/p>\n<p>La temperatura media en ambas superficies en octubre fue de 14,74 grados, que bati\u00f3 el r\u00e9cord anterior para este mes en tan solo 0,01 grados.<\/p>\n<p>El calentamiento \u00abfue notable a trav\u00e9s de una gran \u00e1rea del sur de Sudam\u00e9rica, las regiones costeras del oeste de Estados Unidos, Extremo Oriente ruso, partes del sur y sureste de Asia, mucho del sur y oeste de Australia y partes de Europa del Sur\u00bb, se\u00f1ala la agencia.<\/p>\n<p>Octubre fue tambi\u00e9n el tercer mes consecutivo y el quinto de los seis \u00faltimos meses con una temperatura r\u00e9cord sobre el globo.<\/p>\n<p>Estas temperaturas m\u00e1s elevadas dieron como resultado un aire m\u00e1s caliente a trav\u00e9s de todo el planeta, distribuido de manera igual entre los hemisferios norte y sur.<\/p>\n<p>La temperatura global en la superficie del mar fue de 16,51 grados Celsius en octubre, la m\u00e1s alta para este mes y la sexta subida consecutiva mensual, inform\u00f3 la NOAA.<\/p>\n<p>\u00abEl calentamiento r\u00e9cord fue observado en partes de las principales cuencas oce\u00e1nicas. Casi todo el oc\u00e9ano \u00cdndico tuvo temperaturas c\u00e1lidas r\u00e9cord o m\u00e1s c\u00e1lidas que la media\u00bb, explic\u00f3.<\/p>\n<p><strong>Hielo ant\u00e1rtico descendi\u00f3 en octubre<\/strong><\/p>\n<p>Por otra parte, el hielo ant\u00e1rtico descendi\u00f3 en octubre, acabando as\u00ed con un semestre de incremento en la regi\u00f3n.<\/p>\n<p>Estos r\u00e9cords de temperatura se produjeron sin tener en cuenta a El Ni\u00f1o, que generalmente aparece cada cinco a siete a\u00f1os y ejerce una fuerte influencia sobre el clima mundial.<\/p>\n<p>Seg\u00fan el NOAA, hay cerca de 60% de posibilidades de que El Ni\u00f1o resurja durante el pr\u00f3ximo invierno boreal.<\/p>\n<p>Expertos de clima de la ONU advirtieron que no hay tiempo que perder en la batalla contra el calentamiento global.<\/p>\n<p>A comienzos de este mes, un informe general de s\u00edntesis mundial del Grupo Intergubernamental de Expertos sobre el Cambio Clim\u00e1tico de la ONU, alert\u00f3 de que la Tierra se dirige actualmente a un incremento de al menos 4\u00baC para 2100 en relaci\u00f3n al nivel de la era preindustrial, lo cual traer\u00e1 grandes sequ\u00edas, inundaciones, incremento del nivel del mar y extinci\u00f3n de muchas especies, adem\u00e1s de hambrunas, gente desplazada y conflictos potenciales.<\/p>\n<p>El pasado 12 de noviembre, las dos mayores econom\u00edas del planeta y adem\u00e1s las m\u00e1s grandes contaminantes, China y Estados Unidos, acordaron reducir sus emisiones de gases de efecto invernadero.<\/p>\n","protected":false},"excerpt":{"rendered":"<p>Un an&aacute;lisis a nivel mundial revela que la cifras en lo que va del a&ntilde;o son las m&aacute;s altas desde que se empez&oacute; a medir la temperatura en 1880. Los diez primeros meses de 2014 fueron los m&aacute;s calurosos en el planeta desde el comienzo de los registros de temperatura en 1880. Se trata igualmente [&hellip;]<\/p>\n","protected":false},"author":2,"featured_media":0,"comment_status":"open","ping_status":"open","sticky":false,"template":"","format":"standard","meta":{"fifu_image_url":"","fifu_image_alt":"","footnotes":""},"categories":[8],"tags":[],"class_list":{"0":"post-9047","1":"post","2":"type-post","3":"status-publish","4":"format-standard","6":"category-internacionales"},"yoast_head":"<title>Los 10 primeros meses de 2014 son los m\u00e1s calurosos registrados en el planeta - Informe Litoral<\/title>\n<meta name=\"robots\" content=\"index, follow, max-snippet:-1, max-image-preview:large, max-video-preview:-1\" \/>\n<link rel=\"canonical\" href=\"https:\/\/informelitoral.com.ar\/los-10-primeros-meses-de-2014-son-los-mas-calurosos-registrados-en-el-planeta\/\" \/>\n<meta property=\"og:locale\" content=\"es_ES\" \/>\n<meta property=\"og:type\" content=\"article\" \/>\n<meta property=\"og:title\" content=\"Los 10 primeros meses de 2014 son los m\u00e1s calurosos registrados en el planeta - Informe Litoral\" \/>\n<meta property=\"og:description\" content=\"Un an&aacute;lisis a nivel mundial revela que la cifras en lo que va del a&ntilde;o son las m&aacute;s altas desde que se empez&oacute; a medir la temperatura en 1880. Los diez primeros meses de 2014 fueron los m&aacute;s calurosos en el planeta desde el comienzo de los registros de temperatura en 1880. Se trata igualmente [&hellip;]\" \/>\n<meta property=\"og:url\" content=\"https:\/\/informelitoral.com.ar\/los-10-primeros-meses-de-2014-son-los-mas-calurosos-registrados-en-el-planeta\/\" \/>\n<meta property=\"og:site_name\" content=\"Informe Litoral\" \/>\n<meta property=\"article:publisher\" content=\"https:\/\/www.facebook.com\/informelitoral\/\" \/>\n<meta property=\"article:published_time\" content=\"2014-11-21T01:41:46+00:00\" \/>\n<meta property=\"og:image\" content=\"https:\/\/informelitoral.com.ar\/%77%70%2d%63%6f%6e%74%65%6e%74\/uploads\/2014\/11\/image546e41afb2dc26.89088971.jpg\" \/>\n\t<meta property=\"og:image:width\" content=\"855\" \/>\n\t<meta property=\"og:image:height\" content=\"571\" \/>\n\t<meta property=\"og:image:type\" content=\"image\/jpeg\" \/>\n<meta name=\"author\" content=\"Gonzalo Schmidt\" \/>\n<meta name=\"twitter:card\" content=\"summary_large_image\" \/>\n<meta name=\"twitter:creator\" content=\"@InformeLitoral\" \/>\n<meta name=\"twitter:site\" content=\"@InformeLitoral\" \/>\n<meta name=\"twitter:label1\" content=\"Escrito por\" \/>\n\t<meta name=\"twitter:data1\" content=\"Gonzalo Schmidt\" \/>\n\t<meta name=\"twitter:label2\" content=\"Tiempo de lectura\" \/>\n\t<meta name=\"twitter:data2\" content=\"3 minutos\" \/>\n<script type=\"application\/ld+json\" class=\"yoast-schema-graph\">{\"@context\":\"https:\\\/\\\/schema.org\",\"@graph\":[{\"@type\":\"Article\",\"@id\":\"https:\\\/\\\/informelitoral.com.ar\\\/los-10-primeros-meses-de-2014-son-los-mas-calurosos-registrados-en-el-planeta\\\/#article\",\"isPartOf\":{\"@id\":\"https:\\\/\\\/informelitoral.com.ar\\\/los-10-primeros-meses-de-2014-son-los-mas-calurosos-registrados-en-el-planeta\\\/\"},\"author\":{\"name\":\"Gonzalo Schmidt\",\"@id\":\"https:\\\/\\\/informelitoral.com.ar\\\/#\\\/schema\\\/person\\\/b9d00407c836482871ef1d57bf8e3180\"},\"headline\":\"Los 10 primeros meses de 2014 son los m\u00e1s calurosos registrados en el planeta\",\"datePublished\":\"2014-11-21T01:41:46+00:00\",\"mainEntityOfPage\":{\"@id\":\"https:\\\/\\\/informelitoral.com.ar\\\/los-10-primeros-meses-de-2014-son-los-mas-calurosos-registrados-en-el-planeta\\\/\"},\"wordCount\":566,\"commentCount\":0,\"publisher\":{\"@id\":\"https:\\\/\\\/informelitoral.com.ar\\\/#organization\"},\"image\":{\"@id\":\"https:\\\/\\\/informelitoral.com.ar\\\/los-10-primeros-meses-de-2014-son-los-mas-calurosos-registrados-en-el-planeta\\\/#primaryimage\"},\"thumbnailUrl\":\"http:\\\/\\\/www.isletasnoticias.com.ar\\\/%77%70%2d%63%6f%6e%74%65%6e%74\\\/uploads\\\/2014\\\/11\\\/image546e41afb2dc26.89088971-300x200.jpg\",\"articleSection\":[\"Internacionales\"],\"inLanguage\":\"es\",\"potentialAction\":[{\"@type\":\"CommentAction\",\"name\":\"Comment\",\"target\":[\"https:\\\/\\\/informelitoral.com.ar\\\/los-10-primeros-meses-de-2014-son-los-mas-calurosos-registrados-en-el-planeta\\\/#respond\"]}]},{\"@type\":\"WebPage\",\"@id\":\"https:\\\/\\\/informelitoral.com.ar\\\/los-10-primeros-meses-de-2014-son-los-mas-calurosos-registrados-en-el-planeta\\\/\",\"url\":\"https:\\\/\\\/informelitoral.com.ar\\\/los-10-primeros-meses-de-2014-son-los-mas-calurosos-registrados-en-el-planeta\\\/\",\"name\":\"Los 10 primeros meses de 2014 son los m\u00e1s calurosos registrados en el planeta - Informe Litoral\",\"isPartOf\":{\"@id\":\"https:\\\/\\\/informelitoral.com.ar\\\/#website\"},\"primaryImageOfPage\":{\"@id\":\"https:\\\/\\\/informelitoral.com.ar\\\/los-10-primeros-meses-de-2014-son-los-mas-calurosos-registrados-en-el-planeta\\\/#primaryimage\"},\"image\":{\"@id\":\"https:\\\/\\\/informelitoral.com.ar\\\/los-10-primeros-meses-de-2014-son-los-mas-calurosos-registrados-en-el-planeta\\\/#primaryimage\"},\"thumbnailUrl\":\"http:\\\/\\\/www.isletasnoticias.com.ar\\\/%77%70%2d%63%6f%6e%74%65%6e%74\\\/uploads\\\/2014\\\/11\\\/image546e41afb2dc26.89088971-300x200.jpg\",\"datePublished\":\"2014-11-21T01:41:46+00:00\",\"breadcrumb\":{\"@id\":\"https:\\\/\\\/informelitoral.com.ar\\\/los-10-primeros-meses-de-2014-son-los-mas-calurosos-registrados-en-el-planeta\\\/#breadcrumb\"},\"inLanguage\":\"es\",\"potentialAction\":[{\"@type\":\"ReadAction\",\"target\":[\"https:\\\/\\\/informelitoral.com.ar\\\/los-10-primeros-meses-de-2014-son-los-mas-calurosos-registrados-en-el-planeta\\\/\"]}]},{\"@type\":\"ImageObject\",\"inLanguage\":\"es\",\"@id\":\"https:\\\/\\\/informelitoral.com.ar\\\/los-10-primeros-meses-de-2014-son-los-mas-calurosos-registrados-en-el-planeta\\\/#primaryimage\",\"url\":\"http:\\\/\\\/www.isletasnoticias.com.ar\\\/%77%70%2d%63%6f%6e%74%65%6e%74\\\/uploads\\\/2014\\\/11\\\/image546e41afb2dc26.89088971-300x200.jpg\",\"contentUrl\":\"http:\\\/\\\/www.isletasnoticias.com.ar\\\/%77%70%2d%63%6f%6e%74%65%6e%74\\\/uploads\\\/2014\\\/11\\\/image546e41afb2dc26.89088971-300x200.jpg\"},{\"@type\":\"BreadcrumbList\",\"@id\":\"https:\\\/\\\/informelitoral.com.ar\\\/los-10-primeros-meses-de-2014-son-los-mas-calurosos-registrados-en-el-planeta\\\/#breadcrumb\",\"itemListElement\":[{\"@type\":\"ListItem\",\"position\":1,\"name\":\"Portada\",\"item\":\"https:\\\/\\\/informelitoral.com.ar\\\/\"},{\"@type\":\"ListItem\",\"position\":2,\"name\":\"Los 10 primeros meses de 2014 son los m\u00e1s calurosos registrados en el planeta\"}]},{\"@type\":\"WebSite\",\"@id\":\"https:\\\/\\\/informelitoral.com.ar\\\/#website\",\"url\":\"https:\\\/\\\/informelitoral.com.ar\\\/\",\"name\":\"Informe Litoral\",\"description\":\"&quot;Nos informamos&quot; \",\"publisher\":{\"@id\":\"https:\\\/\\\/informelitoral.com.ar\\\/#organization\"},\"potentialAction\":[{\"@type\":\"SearchAction\",\"target\":{\"@type\":\"EntryPoint\",\"urlTemplate\":\"https:\\\/\\\/informelitoral.com.ar\\\/?s={search_term_string}\"},\"query-input\":{\"@type\":\"PropertyValueSpecification\",\"valueRequired\":true,\"valueName\":\"search_term_string\"}}],\"inLanguage\":\"es\"},{\"@type\":\"Organization\",\"@id\":\"https:\\\/\\\/informelitoral.com.ar\\\/#organization\",\"name\":\"Informe Litoral\",\"url\":\"https:\\\/\\\/informelitoral.com.ar\\\/\",\"logo\":{\"@type\":\"ImageObject\",\"inLanguage\":\"es\",\"@id\":\"https:\\\/\\\/informelitoral.com.ar\\\/#\\\/schema\\\/logo\\\/image\\\/\",\"url\":\"https:\\\/\\\/informelitoral.com.ar\\\/%77%70%2d%63%6f%6e%74%65%6e%74\\\/uploads\\\/2021\\\/01\\\/circulo.png\",\"contentUrl\":\"https:\\\/\\\/informelitoral.com.ar\\\/%77%70%2d%63%6f%6e%74%65%6e%74\\\/uploads\\\/2021\\\/01\\\/circulo.png\",\"width\":723,\"height\":731,\"caption\":\"Informe Litoral\"},\"image\":{\"@id\":\"https:\\\/\\\/informelitoral.com.ar\\\/#\\\/schema\\\/logo\\\/image\\\/\"},\"sameAs\":[\"https:\\\/\\\/www.facebook.com\\\/informelitoral\\\/\",\"https:\\\/\\\/x.com\\\/InformeLitoral\",\"https:\\\/\\\/www.instagram.com\\\/informelitoral\\\/\",\"https:\\\/\\\/www.youtube.com\\\/channel\\\/UCua4Qvz8Icb6MYqhoq9xLXw\"]},{\"@type\":\"Person\",\"@id\":\"https:\\\/\\\/informelitoral.com.ar\\\/#\\\/schema\\\/person\\\/b9d00407c836482871ef1d57bf8e3180\",\"name\":\"Gonzalo Schmidt\",\"image\":{\"@type\":\"ImageObject\",\"inLanguage\":\"es\",\"@id\":\"https:\\\/\\\/secure.gravatar.com\\\/avatar\\\/31a1a7b66ff2de83bd0e9fd79d026630d2d99e55e8bfe501287647b4fd9743de?s=96&d=mm&r=g\",\"url\":\"https:\\\/\\\/secure.gravatar.com\\\/avatar\\\/31a1a7b66ff2de83bd0e9fd79d026630d2d99e55e8bfe501287647b4fd9743de?s=96&d=mm&r=g\",\"contentUrl\":\"https:\\\/\\\/secure.gravatar.com\\\/avatar\\\/31a1a7b66ff2de83bd0e9fd79d026630d2d99e55e8bfe501287647b4fd9743de?s=96&d=mm&r=g\",\"caption\":\"Gonzalo Schmidt\"},\"description\":\"Sitio web de noticias de la provincia de Entre R\u00edos, Argentina. Informaci\u00f3n y entretenimiento. Informe Litoral, nos informamos.\",\"sameAs\":[\"http:\\\/\\\/www.isletasnoticias.com.ar\"],\"url\":\"https:\\\/\\\/informelitoral.com.ar\\\/author\\\/gonzalo\\\/\"}]}<\/script>","yoast_head_json":{"title":"Los 10 primeros meses de 2014 son los m\u00e1s calurosos registrados en el planeta - Informe Litoral","robots":{"index":"index","follow":"follow","max-snippet":"max-snippet:-1","max-image-preview":"max-image-preview:large","max-video-preview":"max-video-preview:-1"},"canonical":"https:\/\/informelitoral.com.ar\/los-10-primeros-meses-de-2014-son-los-mas-calurosos-registrados-en-el-planeta\/","og_locale":"es_ES","og_type":"article","og_title":"Los 10 primeros meses de 2014 son los m\u00e1s calurosos registrados en el planeta - Informe Litoral","og_description":"Un an&aacute;lisis a nivel mundial revela que la cifras en lo que va del a&ntilde;o son las m&aacute;s altas desde que se empez&oacute; a medir la temperatura en 1880. Los diez primeros meses de 2014 fueron los m&aacute;s calurosos en el planeta desde el comienzo de los registros de temperatura en 1880. Se trata igualmente [&hellip;]","og_url":"https:\/\/informelitoral.com.ar\/los-10-primeros-meses-de-2014-son-los-mas-calurosos-registrados-en-el-planeta\/","og_site_name":"Informe Litoral","article_publisher":"https:\/\/www.facebook.com\/informelitoral\/","article_published_time":"2014-11-21T01:41:46+00:00","og_image":[{"width":855,"height":571,"url":"https:\/\/informelitoral.com.ar\/%77%70%2d%63%6f%6e%74%65%6e%74\/uploads\/2014\/11\/image546e41afb2dc26.89088971.jpg","type":"image\/jpeg"}],"author":"Gonzalo Schmidt","twitter_card":"summary_large_image","twitter_creator":"@InformeLitoral","twitter_site":"@InformeLitoral","twitter_misc":{"Escrito por":"Gonzalo Schmidt","Tiempo de lectura":"3 minutos"},"schema":{"@context":"https:\/\/schema.org","@graph":[{"@type":"Article","@id":"https:\/\/informelitoral.com.ar\/los-10-primeros-meses-de-2014-son-los-mas-calurosos-registrados-en-el-planeta\/#article","isPartOf":{"@id":"https:\/\/informelitoral.com.ar\/los-10-primeros-meses-de-2014-son-los-mas-calurosos-registrados-en-el-planeta\/"},"author":{"name":"Gonzalo Schmidt","@id":"https:\/\/informelitoral.com.ar\/#\/schema\/person\/b9d00407c836482871ef1d57bf8e3180"},"headline":"Los 10 primeros meses de 2014 son los m\u00e1s calurosos registrados en el planeta","datePublished":"2014-11-21T01:41:46+00:00","mainEntityOfPage":{"@id":"https:\/\/informelitoral.com.ar\/los-10-primeros-meses-de-2014-son-los-mas-calurosos-registrados-en-el-planeta\/"},"wordCount":566,"commentCount":0,"publisher":{"@id":"https:\/\/informelitoral.com.ar\/#organization"},"image":{"@id":"https:\/\/informelitoral.com.ar\/los-10-primeros-meses-de-2014-son-los-mas-calurosos-registrados-en-el-planeta\/#primaryimage"},"thumbnailUrl":"http:\/\/www.isletasnoticias.com.ar\/%77%70%2d%63%6f%6e%74%65%6e%74\/uploads\/2014\/11\/image546e41afb2dc26.89088971-300x200.jpg","articleSection":["Internacionales"],"inLanguage":"es","potentialAction":[{"@type":"CommentAction","name":"Comment","target":["https:\/\/informelitoral.com.ar\/los-10-primeros-meses-de-2014-son-los-mas-calurosos-registrados-en-el-planeta\/#respond"]}]},{"@type":"WebPage","@id":"https:\/\/informelitoral.com.ar\/los-10-primeros-meses-de-2014-son-los-mas-calurosos-registrados-en-el-planeta\/","url":"https:\/\/informelitoral.com.ar\/los-10-primeros-meses-de-2014-son-los-mas-calurosos-registrados-en-el-planeta\/","name":"Los 10 primeros meses de 2014 son los m\u00e1s calurosos registrados en el planeta - Informe Litoral","isPartOf":{"@id":"https:\/\/informelitoral.com.ar\/#website"},"primaryImageOfPage":{"@id":"https:\/\/informelitoral.com.ar\/los-10-primeros-meses-de-2014-son-los-mas-calurosos-registrados-en-el-planeta\/#primaryimage"},"image":{"@id":"https:\/\/informelitoral.com.ar\/los-10-primeros-meses-de-2014-son-los-mas-calurosos-registrados-en-el-planeta\/#primaryimage"},"thumbnailUrl":"http:\/\/www.isletasnoticias.com.ar\/%77%70%2d%63%6f%6e%74%65%6e%74\/uploads\/2014\/11\/image546e41afb2dc26.89088971-300x200.jpg","datePublished":"2014-11-21T01:41:46+00:00","breadcrumb":{"@id":"https:\/\/informelitoral.com.ar\/los-10-primeros-meses-de-2014-son-los-mas-calurosos-registrados-en-el-planeta\/#breadcrumb"},"inLanguage":"es","potentialAction":[{"@type":"ReadAction","target":["https:\/\/informelitoral.com.ar\/los-10-primeros-meses-de-2014-son-los-mas-calurosos-registrados-en-el-planeta\/"]}]},{"@type":"ImageObject","inLanguage":"es","@id":"https:\/\/informelitoral.com.ar\/los-10-primeros-meses-de-2014-son-los-mas-calurosos-registrados-en-el-planeta\/#primaryimage","url":"http:\/\/www.isletasnoticias.com.ar\/%77%70%2d%63%6f%6e%74%65%6e%74\/uploads\/2014\/11\/image546e41afb2dc26.89088971-300x200.jpg","contentUrl":"http:\/\/www.isletasnoticias.com.ar\/%77%70%2d%63%6f%6e%74%65%6e%74\/uploads\/2014\/11\/image546e41afb2dc26.89088971-300x200.jpg"},{"@type":"BreadcrumbList","@id":"https:\/\/informelitoral.com.ar\/los-10-primeros-meses-de-2014-son-los-mas-calurosos-registrados-en-el-planeta\/#breadcrumb","itemListElement":[{"@type":"ListItem","position":1,"name":"Portada","item":"https:\/\/informelitoral.com.ar\/"},{"@type":"ListItem","position":2,"name":"Los 10 primeros meses de 2014 son los m\u00e1s calurosos registrados en el planeta"}]},{"@type":"WebSite","@id":"https:\/\/informelitoral.com.ar\/#website","url":"https:\/\/informelitoral.com.ar\/","name":"Informe Litoral","description":"&quot;Nos informamos&quot; ","publisher":{"@id":"https:\/\/informelitoral.com.ar\/#organization"},"potentialAction":[{"@type":"SearchAction","target":{"@type":"EntryPoint","urlTemplate":"https:\/\/informelitoral.com.ar\/?s={search_term_string}"},"query-input":{"@type":"PropertyValueSpecification","valueRequired":true,"valueName":"search_term_string"}}],"inLanguage":"es"},{"@type":"Organization","@id":"https:\/\/informelitoral.com.ar\/#organization","name":"Informe Litoral","url":"https:\/\/informelitoral.com.ar\/","logo":{"@type":"ImageObject","inLanguage":"es","@id":"https:\/\/informelitoral.com.ar\/#\/schema\/logo\/image\/","url":"https:\/\/informelitoral.com.ar\/%77%70%2d%63%6f%6e%74%65%6e%74\/uploads\/2021\/01\/circulo.png","contentUrl":"https:\/\/informelitoral.com.ar\/%77%70%2d%63%6f%6e%74%65%6e%74\/uploads\/2021\/01\/circulo.png","width":723,"height":731,"caption":"Informe Litoral"},"image":{"@id":"https:\/\/informelitoral.com.ar\/#\/schema\/logo\/image\/"},"sameAs":["https:\/\/www.facebook.com\/informelitoral\/","https:\/\/x.com\/InformeLitoral","https:\/\/www.instagram.com\/informelitoral\/","https:\/\/www.youtube.com\/channel\/UCua4Qvz8Icb6MYqhoq9xLXw"]},{"@type":"Person","@id":"https:\/\/informelitoral.com.ar\/#\/schema\/person\/b9d00407c836482871ef1d57bf8e3180","name":"Gonzalo Schmidt","image":{"@type":"ImageObject","inLanguage":"es","@id":"https:\/\/secure.gravatar.com\/avatar\/31a1a7b66ff2de83bd0e9fd79d026630d2d99e55e8bfe501287647b4fd9743de?s=96&d=mm&r=g","url":"https:\/\/secure.gravatar.com\/avatar\/31a1a7b66ff2de83bd0e9fd79d026630d2d99e55e8bfe501287647b4fd9743de?s=96&d=mm&r=g","contentUrl":"https:\/\/secure.gravatar.com\/avatar\/31a1a7b66ff2de83bd0e9fd79d026630d2d99e55e8bfe501287647b4fd9743de?s=96&d=mm&r=g","caption":"Gonzalo Schmidt"},"description":"Sitio web de noticias de la provincia de Entre R\u00edos, Argentina. Informaci\u00f3n y entretenimiento. Informe Litoral, nos informamos.","sameAs":["http:\/\/www.isletasnoticias.com.ar"],"url":"https:\/\/informelitoral.com.ar\/author\/gonzalo\/"}]}},"_links":{"self":[{"href":"https:\/\/informelitoral.com.ar\/%77%70%2d%6a%73%6f%6e\/wp\/v2\/posts\/9047","targetHints":{"allow":["GET"]}}],"collection":[{"href":"https:\/\/informelitoral.com.ar\/%77%70%2d%6a%73%6f%6e\/wp\/v2\/posts"}],"about":[{"href":"https:\/\/informelitoral.com.ar\/%77%70%2d%6a%73%6f%6e\/wp\/v2\/types\/post"}],"author":[{"embeddable":true,"href":"https:\/\/informelitoral.com.ar\/%77%70%2d%6a%73%6f%6e\/wp\/v2\/users\/2"}],"replies":[{"embeddable":true,"href":"https:\/\/informelitoral.com.ar\/%77%70%2d%6a%73%6f%6e\/wp\/v2\/comments?post=9047"}],"version-history":[{"count":0,"href":"https:\/\/informelitoral.com.ar\/%77%70%2d%6a%73%6f%6e\/wp\/v2\/posts\/9047\/revisions"}],"wp:attachment":[{"href":"https:\/\/informelitoral.com.ar\/%77%70%2d%6a%73%6f%6e\/wp\/v2\/media?parent=9047"}],"wp:term":[{"taxonomy":"category","embeddable":true,"href":"https:\/\/informelitoral.com.ar\/%77%70%2d%6a%73%6f%6e\/wp\/v2\/categories?post=9047"},{"taxonomy":"post_tag","embeddable":true,"href":"https:\/\/informelitoral.com.ar\/%77%70%2d%6a%73%6f%6e\/wp\/v2\/tags?post=9047"}],"curies":[{"name":"wp","href":"https:\/\/api.w.org\/{rel}","templated":true}]}}