{"id":89970,"date":"2022-10-13T09:57:58","date_gmt":"2022-10-13T12:57:58","guid":{"rendered":"https:\/\/www.informelitoral.com.ar\/?p=89970"},"modified":"2022-10-13T09:59:29","modified_gmt":"2022-10-13T12:59:29","slug":"el-banco-central-define-si-vuelve-a-subir-las-tasas-de-interes","status":"publish","type":"post","link":"https:\/\/informelitoral.com.ar\/el-banco-central-define-si-vuelve-a-subir-las-tasas-de-interes\/","title":{"rendered":"El Banco Central define si vuelve a subir las tasas de inter\u00e9s"},"content":{"rendered":"<p>El Banco Central podr\u00eda disponer una nueva suba de tasas en torno a los 300 puntos b\u00e1sicos. El \u00cdndice de Precios al Consumidor (IPC) &#8211; que se espera en torno al 7%- y el Relevamiento de Expectativas de Mercado (REM), son claves para la decisi\u00f3n que tomar\u00e1 el Directorio.<\/p>\n<p>\u00abEl dato oficial de inflaci\u00f3n (de septiembre) se conocer\u00e1 el viernes y ese mismo d\u00eda no se puede descartar que nuevamente se aumente la tasa de inter\u00e9s, con la idea de que su remuneraci\u00f3n sea positiva frente al andar de los precios\u00bb, se\u00f1al\u00f3 un asesor de la entidad monetaria a Reuters.<\/p>\n<p>El directorio del banco tiene por costumbre reunirse cada jueves, aunque esto se puede producir en cualquier momento de la semana, respondi\u00f3 un portavoz del BCRA.\u00a0<b>Actualmente la tasa referencial se sit\u00faa en el 75% nominal anual, equivalente al 107% efectivo anual<\/b>, ante una inflaci\u00f3n proyectada del 100,3%, seg\u00fan el \u00faltimo relevamiento de expectativas entre analistas.<\/p>\n<p>En un reciente informe de pol\u00edtica monetaria, el BCRA sostuvo que continuar\u00e1 \u00abajustando las tasas de inter\u00e9s para mantenerlas en terreno positivo en t\u00e9rminos reales, monitoreando la situaci\u00f3n macroecon\u00f3mica y calibrando las tasas de inter\u00e9s de referencia\u00bb. Se busca \u00abpropender hacia un sendero de retornos que permita resguardar el valor de las inversiones realizadas en instrumentos denominados en moneda dom\u00e9stica y de consolidar la estabilidad cambiaria y financiera\u00bb.<\/p>\n<p>El objetivo, que cuenta con el apoyo del Fondo Monetario Internacional (FMI), sigue siendo el mismo:\u00a0<b>incentivar el ahorro en la moneda local, esterilizar los pesos inyectados en la econom\u00eda y acercar la tasa al ritmo de depreciaci\u00f3n del tipo de cambio oficial. Se tratar\u00eda del d\u00e9cimo incremento en lo que va del a\u00f1o<\/b>.<\/p>\n<p>Un motivo por el cual el mercado considera que la decisi\u00f3n es pertinente, es el rendimiento mensual del plazo fijo que sigue por detr\u00e1s de la inflaci\u00f3n. La expectativa que brind\u00f3 el REM, de un IPC por encima del 100% a diciembre dejar\u00eda una vez m\u00e1s la renta en pesos negativa. De todas formas, la tasa efectiva anual (TEA) que es la que se aplica si se renueva cada 30 d\u00edas la colocaci\u00f3n, se ubica en torno al 107,5% en l\u00ednea con lo indicado por los analistas.<\/p>\n","protected":false},"excerpt":{"rendered":"<p>El Banco Central podr\u00eda aumentar su tasa de referencia para acompa\u00f1ar la suba del \u00cdndice de Precios al Consumidor de septiembre que se conocer\u00e1 esta semana. El objetivo es incentivar el ahorro en la moneda local.<\/p>\n","protected":false},"author":8,"featured_media":86679,"comment_status":"open","ping_status":"open","sticky":false,"template":"","format":"standard","meta":{"fifu_image_url":"","fifu_image_alt":"","footnotes":""},"categories":[1594],"tags":[543],"class_list":{"0":"post-89970","1":"post","2":"type-post","3":"status-publish","4":"format-standard","5":"has-post-thumbnail","7":"category-economia","8":"tag-banco-central"},"yoast_head":"<title>El Banco Central define si vuelve a subir las tasas de inter\u00e9s - Informe Litoral<\/title>\n<meta name=\"robots\" content=\"index, follow, max-snippet:-1, max-image-preview:large, max-video-preview:-1\" \/>\n<link rel=\"canonical\" href=\"https:\/\/informelitoral.com.ar\/el-banco-central-define-si-vuelve-a-subir-las-tasas-de-interes\/\" \/>\n<meta property=\"og:locale\" content=\"es_ES\" \/>\n<meta property=\"og:type\" content=\"article\" \/>\n<meta property=\"og:title\" content=\"El Banco Central define si vuelve a subir las tasas de inter\u00e9s - Informe Litoral\" \/>\n<meta property=\"og:description\" content=\"El Banco Central podr\u00eda aumentar su tasa de referencia para acompa\u00f1ar la suba del \u00cdndice de Precios al Consumidor de septiembre que se conocer\u00e1 esta semana. El objetivo es incentivar el ahorro en la moneda local.\" \/>\n<meta property=\"og:url\" content=\"https:\/\/informelitoral.com.ar\/el-banco-central-define-si-vuelve-a-subir-las-tasas-de-interes\/\" \/>\n<meta property=\"og:site_name\" content=\"Informe Litoral\" \/>\n<meta property=\"article:publisher\" content=\"https:\/\/www.facebook.com\/informelitoral\/\" \/>\n<meta property=\"article:published_time\" content=\"2022-10-13T12:57:58+00:00\" \/>\n<meta property=\"article:modified_time\" content=\"2022-10-13T12:59:29+00:00\" \/>\n<meta property=\"og:image\" content=\"https:\/\/informelitoral.com.ar\/%77%70%2d%63%6f%6e%74%65%6e%74\/uploads\/2022\/09\/banco-central-argentina-768x432-1.jpg\" \/>\n\t<meta property=\"og:image:width\" content=\"768\" \/>\n\t<meta property=\"og:image:height\" content=\"432\" \/>\n\t<meta property=\"og:image:type\" content=\"image\/jpeg\" \/>\n<meta name=\"author\" content=\"Sebastian\" \/>\n<meta name=\"twitter:card\" content=\"summary_large_image\" \/>\n<meta name=\"twitter:creator\" content=\"@InformeLitoral\" \/>\n<meta name=\"twitter:site\" content=\"@InformeLitoral\" \/>\n<meta name=\"twitter:label1\" content=\"Escrito por\" \/>\n\t<meta name=\"twitter:data1\" content=\"Sebastian\" \/>\n\t<meta name=\"twitter:label2\" content=\"Tiempo de lectura\" \/>\n\t<meta name=\"twitter:data2\" content=\"2 minutos\" \/>\n<script type=\"application\/ld+json\" class=\"yoast-schema-graph\">{\"@context\":\"https:\\\/\\\/schema.org\",\"@graph\":[{\"@type\":\"Article\",\"@id\":\"https:\\\/\\\/informelitoral.com.ar\\\/el-banco-central-define-si-vuelve-a-subir-las-tasas-de-interes\\\/#article\",\"isPartOf\":{\"@id\":\"https:\\\/\\\/informelitoral.com.ar\\\/el-banco-central-define-si-vuelve-a-subir-las-tasas-de-interes\\\/\"},\"author\":{\"name\":\"Sebastian\",\"@id\":\"https:\\\/\\\/informelitoral.com.ar\\\/#\\\/schema\\\/person\\\/f05f9f461677119578717524b127d6d5\"},\"headline\":\"El Banco Central define si vuelve a subir las tasas de inter\u00e9s\",\"datePublished\":\"2022-10-13T12:57:58+00:00\",\"dateModified\":\"2022-10-13T12:59:29+00:00\",\"mainEntityOfPage\":{\"@id\":\"https:\\\/\\\/informelitoral.com.ar\\\/el-banco-central-define-si-vuelve-a-subir-las-tasas-de-interes\\\/\"},\"wordCount\":402,\"commentCount\":0,\"publisher\":{\"@id\":\"https:\\\/\\\/informelitoral.com.ar\\\/#organization\"},\"image\":{\"@id\":\"https:\\\/\\\/informelitoral.com.ar\\\/el-banco-central-define-si-vuelve-a-subir-las-tasas-de-interes\\\/#primaryimage\"},\"thumbnailUrl\":\"https:\\\/\\\/informelitoral.com.ar\\\/%77%70%2d%63%6f%6e%74%65%6e%74\\\/uploads\\\/2022\\\/09\\\/banco-central-argentina-768x432-1.jpg\",\"keywords\":[\"Banco Central\"],\"articleSection\":[\"Econom\u00eda\"],\"inLanguage\":\"es\",\"potentialAction\":[{\"@type\":\"CommentAction\",\"name\":\"Comment\",\"target\":[\"https:\\\/\\\/informelitoral.com.ar\\\/el-banco-central-define-si-vuelve-a-subir-las-tasas-de-interes\\\/#respond\"]}]},{\"@type\":\"WebPage\",\"@id\":\"https:\\\/\\\/informelitoral.com.ar\\\/el-banco-central-define-si-vuelve-a-subir-las-tasas-de-interes\\\/\",\"url\":\"https:\\\/\\\/informelitoral.com.ar\\\/el-banco-central-define-si-vuelve-a-subir-las-tasas-de-interes\\\/\",\"name\":\"El Banco Central define si vuelve a subir las tasas de inter\u00e9s - Informe Litoral\",\"isPartOf\":{\"@id\":\"https:\\\/\\\/informelitoral.com.ar\\\/#website\"},\"primaryImageOfPage\":{\"@id\":\"https:\\\/\\\/informelitoral.com.ar\\\/el-banco-central-define-si-vuelve-a-subir-las-tasas-de-interes\\\/#primaryimage\"},\"image\":{\"@id\":\"https:\\\/\\\/informelitoral.com.ar\\\/el-banco-central-define-si-vuelve-a-subir-las-tasas-de-interes\\\/#primaryimage\"},\"thumbnailUrl\":\"https:\\\/\\\/informelitoral.com.ar\\\/%77%70%2d%63%6f%6e%74%65%6e%74\\\/uploads\\\/2022\\\/09\\\/banco-central-argentina-768x432-1.jpg\",\"datePublished\":\"2022-10-13T12:57:58+00:00\",\"dateModified\":\"2022-10-13T12:59:29+00:00\",\"breadcrumb\":{\"@id\":\"https:\\\/\\\/informelitoral.com.ar\\\/el-banco-central-define-si-vuelve-a-subir-las-tasas-de-interes\\\/#breadcrumb\"},\"inLanguage\":\"es\",\"potentialAction\":[{\"@type\":\"ReadAction\",\"target\":[\"https:\\\/\\\/informelitoral.com.ar\\\/el-banco-central-define-si-vuelve-a-subir-las-tasas-de-interes\\\/\"]}]},{\"@type\":\"ImageObject\",\"inLanguage\":\"es\",\"@id\":\"https:\\\/\\\/informelitoral.com.ar\\\/el-banco-central-define-si-vuelve-a-subir-las-tasas-de-interes\\\/#primaryimage\",\"url\":\"https:\\\/\\\/informelitoral.com.ar\\\/%77%70%2d%63%6f%6e%74%65%6e%74\\\/uploads\\\/2022\\\/09\\\/banco-central-argentina-768x432-1.jpg\",\"contentUrl\":\"https:\\\/\\\/informelitoral.com.ar\\\/%77%70%2d%63%6f%6e%74%65%6e%74\\\/uploads\\\/2022\\\/09\\\/banco-central-argentina-768x432-1.jpg\",\"width\":768,\"height\":432},{\"@type\":\"BreadcrumbList\",\"@id\":\"https:\\\/\\\/informelitoral.com.ar\\\/el-banco-central-define-si-vuelve-a-subir-las-tasas-de-interes\\\/#breadcrumb\",\"itemListElement\":[{\"@type\":\"ListItem\",\"position\":1,\"name\":\"Portada\",\"item\":\"https:\\\/\\\/informelitoral.com.ar\\\/\"},{\"@type\":\"ListItem\",\"position\":2,\"name\":\"El Banco Central define si vuelve a subir las tasas de inter\u00e9s\"}]},{\"@type\":\"WebSite\",\"@id\":\"https:\\\/\\\/informelitoral.com.ar\\\/#website\",\"url\":\"https:\\\/\\\/informelitoral.com.ar\\\/\",\"name\":\"Informe Litoral\",\"description\":\"&quot;Nos informamos&quot; \",\"publisher\":{\"@id\":\"https:\\\/\\\/informelitoral.com.ar\\\/#organization\"},\"potentialAction\":[{\"@type\":\"SearchAction\",\"target\":{\"@type\":\"EntryPoint\",\"urlTemplate\":\"https:\\\/\\\/informelitoral.com.ar\\\/?s={search_term_string}\"},\"query-input\":{\"@type\":\"PropertyValueSpecification\",\"valueRequired\":true,\"valueName\":\"search_term_string\"}}],\"inLanguage\":\"es\"},{\"@type\":\"Organization\",\"@id\":\"https:\\\/\\\/informelitoral.com.ar\\\/#organization\",\"name\":\"Informe Litoral\",\"url\":\"https:\\\/\\\/informelitoral.com.ar\\\/\",\"logo\":{\"@type\":\"ImageObject\",\"inLanguage\":\"es\",\"@id\":\"https:\\\/\\\/informelitoral.com.ar\\\/#\\\/schema\\\/logo\\\/image\\\/\",\"url\":\"https:\\\/\\\/informelitoral.com.ar\\\/%77%70%2d%63%6f%6e%74%65%6e%74\\\/uploads\\\/2021\\\/01\\\/circulo.png\",\"contentUrl\":\"https:\\\/\\\/informelitoral.com.ar\\\/%77%70%2d%63%6f%6e%74%65%6e%74\\\/uploads\\\/2021\\\/01\\\/circulo.png\",\"width\":723,\"height\":731,\"caption\":\"Informe Litoral\"},\"image\":{\"@id\":\"https:\\\/\\\/informelitoral.com.ar\\\/#\\\/schema\\\/logo\\\/image\\\/\"},\"sameAs\":[\"https:\\\/\\\/www.facebook.com\\\/informelitoral\\\/\",\"https:\\\/\\\/x.com\\\/InformeLitoral\",\"https:\\\/\\\/www.instagram.com\\\/informelitoral\\\/\",\"https:\\\/\\\/www.youtube.com\\\/channel\\\/UCua4Qvz8Icb6MYqhoq9xLXw\"]},{\"@type\":\"Person\",\"@id\":\"https:\\\/\\\/informelitoral.com.ar\\\/#\\\/schema\\\/person\\\/f05f9f461677119578717524b127d6d5\",\"name\":\"Sebastian\",\"image\":{\"@type\":\"ImageObject\",\"inLanguage\":\"es\",\"@id\":\"https:\\\/\\\/secure.gravatar.com\\\/avatar\\\/b71bf7481d447dfb9583c7f2798e7cc64de6efb9067b74633ed8c31059a3bd82?s=96&d=mm&r=g\",\"url\":\"https:\\\/\\\/secure.gravatar.com\\\/avatar\\\/b71bf7481d447dfb9583c7f2798e7cc64de6efb9067b74633ed8c31059a3bd82?s=96&d=mm&r=g\",\"contentUrl\":\"https:\\\/\\\/secure.gravatar.com\\\/avatar\\\/b71bf7481d447dfb9583c7f2798e7cc64de6efb9067b74633ed8c31059a3bd82?s=96&d=mm&r=g\",\"caption\":\"Sebastian\"},\"url\":\"https:\\\/\\\/informelitoral.com.ar\\\/author\\\/sebastian\\\/\"}]}<\/script>","yoast_head_json":{"title":"El Banco Central define si vuelve a subir las tasas de inter\u00e9s - Informe Litoral","robots":{"index":"index","follow":"follow","max-snippet":"max-snippet:-1","max-image-preview":"max-image-preview:large","max-video-preview":"max-video-preview:-1"},"canonical":"https:\/\/informelitoral.com.ar\/el-banco-central-define-si-vuelve-a-subir-las-tasas-de-interes\/","og_locale":"es_ES","og_type":"article","og_title":"El Banco Central define si vuelve a subir las tasas de inter\u00e9s - Informe Litoral","og_description":"El Banco Central podr\u00eda aumentar su tasa de referencia para acompa\u00f1ar la suba del \u00cdndice de Precios al Consumidor de septiembre que se conocer\u00e1 esta semana. El objetivo es incentivar el ahorro en la moneda local.","og_url":"https:\/\/informelitoral.com.ar\/el-banco-central-define-si-vuelve-a-subir-las-tasas-de-interes\/","og_site_name":"Informe Litoral","article_publisher":"https:\/\/www.facebook.com\/informelitoral\/","article_published_time":"2022-10-13T12:57:58+00:00","article_modified_time":"2022-10-13T12:59:29+00:00","og_image":[{"width":768,"height":432,"url":"https:\/\/informelitoral.com.ar\/%77%70%2d%63%6f%6e%74%65%6e%74\/uploads\/2022\/09\/banco-central-argentina-768x432-1.jpg","type":"image\/jpeg"}],"author":"Sebastian","twitter_card":"summary_large_image","twitter_creator":"@InformeLitoral","twitter_site":"@InformeLitoral","twitter_misc":{"Escrito por":"Sebastian","Tiempo de lectura":"2 minutos"},"schema":{"@context":"https:\/\/schema.org","@graph":[{"@type":"Article","@id":"https:\/\/informelitoral.com.ar\/el-banco-central-define-si-vuelve-a-subir-las-tasas-de-interes\/#article","isPartOf":{"@id":"https:\/\/informelitoral.com.ar\/el-banco-central-define-si-vuelve-a-subir-las-tasas-de-interes\/"},"author":{"name":"Sebastian","@id":"https:\/\/informelitoral.com.ar\/#\/schema\/person\/f05f9f461677119578717524b127d6d5"},"headline":"El Banco Central define si vuelve a subir las tasas de inter\u00e9s","datePublished":"2022-10-13T12:57:58+00:00","dateModified":"2022-10-13T12:59:29+00:00","mainEntityOfPage":{"@id":"https:\/\/informelitoral.com.ar\/el-banco-central-define-si-vuelve-a-subir-las-tasas-de-interes\/"},"wordCount":402,"commentCount":0,"publisher":{"@id":"https:\/\/informelitoral.com.ar\/#organization"},"image":{"@id":"https:\/\/informelitoral.com.ar\/el-banco-central-define-si-vuelve-a-subir-las-tasas-de-interes\/#primaryimage"},"thumbnailUrl":"https:\/\/informelitoral.com.ar\/%77%70%2d%63%6f%6e%74%65%6e%74\/uploads\/2022\/09\/banco-central-argentina-768x432-1.jpg","keywords":["Banco Central"],"articleSection":["Econom\u00eda"],"inLanguage":"es","potentialAction":[{"@type":"CommentAction","name":"Comment","target":["https:\/\/informelitoral.com.ar\/el-banco-central-define-si-vuelve-a-subir-las-tasas-de-interes\/#respond"]}]},{"@type":"WebPage","@id":"https:\/\/informelitoral.com.ar\/el-banco-central-define-si-vuelve-a-subir-las-tasas-de-interes\/","url":"https:\/\/informelitoral.com.ar\/el-banco-central-define-si-vuelve-a-subir-las-tasas-de-interes\/","name":"El Banco Central define si vuelve a subir las tasas de inter\u00e9s - Informe Litoral","isPartOf":{"@id":"https:\/\/informelitoral.com.ar\/#website"},"primaryImageOfPage":{"@id":"https:\/\/informelitoral.com.ar\/el-banco-central-define-si-vuelve-a-subir-las-tasas-de-interes\/#primaryimage"},"image":{"@id":"https:\/\/informelitoral.com.ar\/el-banco-central-define-si-vuelve-a-subir-las-tasas-de-interes\/#primaryimage"},"thumbnailUrl":"https:\/\/informelitoral.com.ar\/%77%70%2d%63%6f%6e%74%65%6e%74\/uploads\/2022\/09\/banco-central-argentina-768x432-1.jpg","datePublished":"2022-10-13T12:57:58+00:00","dateModified":"2022-10-13T12:59:29+00:00","breadcrumb":{"@id":"https:\/\/informelitoral.com.ar\/el-banco-central-define-si-vuelve-a-subir-las-tasas-de-interes\/#breadcrumb"},"inLanguage":"es","potentialAction":[{"@type":"ReadAction","target":["https:\/\/informelitoral.com.ar\/el-banco-central-define-si-vuelve-a-subir-las-tasas-de-interes\/"]}]},{"@type":"ImageObject","inLanguage":"es","@id":"https:\/\/informelitoral.com.ar\/el-banco-central-define-si-vuelve-a-subir-las-tasas-de-interes\/#primaryimage","url":"https:\/\/informelitoral.com.ar\/%77%70%2d%63%6f%6e%74%65%6e%74\/uploads\/2022\/09\/banco-central-argentina-768x432-1.jpg","contentUrl":"https:\/\/informelitoral.com.ar\/%77%70%2d%63%6f%6e%74%65%6e%74\/uploads\/2022\/09\/banco-central-argentina-768x432-1.jpg","width":768,"height":432},{"@type":"BreadcrumbList","@id":"https:\/\/informelitoral.com.ar\/el-banco-central-define-si-vuelve-a-subir-las-tasas-de-interes\/#breadcrumb","itemListElement":[{"@type":"ListItem","position":1,"name":"Portada","item":"https:\/\/informelitoral.com.ar\/"},{"@type":"ListItem","position":2,"name":"El Banco Central define si vuelve a subir las tasas de inter\u00e9s"}]},{"@type":"WebSite","@id":"https:\/\/informelitoral.com.ar\/#website","url":"https:\/\/informelitoral.com.ar\/","name":"Informe Litoral","description":"&quot;Nos informamos&quot; ","publisher":{"@id":"https:\/\/informelitoral.com.ar\/#organization"},"potentialAction":[{"@type":"SearchAction","target":{"@type":"EntryPoint","urlTemplate":"https:\/\/informelitoral.com.ar\/?s={search_term_string}"},"query-input":{"@type":"PropertyValueSpecification","valueRequired":true,"valueName":"search_term_string"}}],"inLanguage":"es"},{"@type":"Organization","@id":"https:\/\/informelitoral.com.ar\/#organization","name":"Informe Litoral","url":"https:\/\/informelitoral.com.ar\/","logo":{"@type":"ImageObject","inLanguage":"es","@id":"https:\/\/informelitoral.com.ar\/#\/schema\/logo\/image\/","url":"https:\/\/informelitoral.com.ar\/%77%70%2d%63%6f%6e%74%65%6e%74\/uploads\/2021\/01\/circulo.png","contentUrl":"https:\/\/informelitoral.com.ar\/%77%70%2d%63%6f%6e%74%65%6e%74\/uploads\/2021\/01\/circulo.png","width":723,"height":731,"caption":"Informe Litoral"},"image":{"@id":"https:\/\/informelitoral.com.ar\/#\/schema\/logo\/image\/"},"sameAs":["https:\/\/www.facebook.com\/informelitoral\/","https:\/\/x.com\/InformeLitoral","https:\/\/www.instagram.com\/informelitoral\/","https:\/\/www.youtube.com\/channel\/UCua4Qvz8Icb6MYqhoq9xLXw"]},{"@type":"Person","@id":"https:\/\/informelitoral.com.ar\/#\/schema\/person\/f05f9f461677119578717524b127d6d5","name":"Sebastian","image":{"@type":"ImageObject","inLanguage":"es","@id":"https:\/\/secure.gravatar.com\/avatar\/b71bf7481d447dfb9583c7f2798e7cc64de6efb9067b74633ed8c31059a3bd82?s=96&d=mm&r=g","url":"https:\/\/secure.gravatar.com\/avatar\/b71bf7481d447dfb9583c7f2798e7cc64de6efb9067b74633ed8c31059a3bd82?s=96&d=mm&r=g","contentUrl":"https:\/\/secure.gravatar.com\/avatar\/b71bf7481d447dfb9583c7f2798e7cc64de6efb9067b74633ed8c31059a3bd82?s=96&d=mm&r=g","caption":"Sebastian"},"url":"https:\/\/informelitoral.com.ar\/author\/sebastian\/"}]}},"_links":{"self":[{"href":"https:\/\/informelitoral.com.ar\/%77%70%2d%6a%73%6f%6e\/wp\/v2\/posts\/89970","targetHints":{"allow":["GET"]}}],"collection":[{"href":"https:\/\/informelitoral.com.ar\/%77%70%2d%6a%73%6f%6e\/wp\/v2\/posts"}],"about":[{"href":"https:\/\/informelitoral.com.ar\/%77%70%2d%6a%73%6f%6e\/wp\/v2\/types\/post"}],"author":[{"embeddable":true,"href":"https:\/\/informelitoral.com.ar\/%77%70%2d%6a%73%6f%6e\/wp\/v2\/users\/8"}],"replies":[{"embeddable":true,"href":"https:\/\/informelitoral.com.ar\/%77%70%2d%6a%73%6f%6e\/wp\/v2\/comments?post=89970"}],"version-history":[{"count":0,"href":"https:\/\/informelitoral.com.ar\/%77%70%2d%6a%73%6f%6e\/wp\/v2\/posts\/89970\/revisions"}],"wp:featuredmedia":[{"embeddable":true,"href":"https:\/\/informelitoral.com.ar\/%77%70%2d%6a%73%6f%6e\/wp\/v2\/media\/86679"}],"wp:attachment":[{"href":"https:\/\/informelitoral.com.ar\/%77%70%2d%6a%73%6f%6e\/wp\/v2\/media?parent=89970"}],"wp:term":[{"taxonomy":"category","embeddable":true,"href":"https:\/\/informelitoral.com.ar\/%77%70%2d%6a%73%6f%6e\/wp\/v2\/categories?post=89970"},{"taxonomy":"post_tag","embeddable":true,"href":"https:\/\/informelitoral.com.ar\/%77%70%2d%6a%73%6f%6e\/wp\/v2\/tags?post=89970"}],"curies":[{"name":"wp","href":"https:\/\/api.w.org\/{rel}","templated":true}]}}