{"id":89462,"date":"2022-10-10T16:47:56","date_gmt":"2022-10-10T19:47:56","guid":{"rendered":"https:\/\/www.informelitoral.com.ar\/?p=89462"},"modified":"2022-10-10T16:50:42","modified_gmt":"2022-10-10T19:50:42","slug":"los-jugadores-que-podrian-ingresar-en-la-lista-de-la-seleccion-argentina-si-paulo-dybala-no-llega-al-mundial-de-qatar","status":"publish","type":"post","link":"https:\/\/informelitoral.com.ar\/los-jugadores-que-podrian-ingresar-en-la-lista-de-la-seleccion-argentina-si-paulo-dybala-no-llega-al-mundial-de-qatar\/","title":{"rendered":"Los jugadores que podr\u00edan ingresar en la lista de la selecci\u00f3n argentina si Paulo Dybala no llega al Mundial de Qatar"},"content":{"rendered":"<p class=\"paragraph\">En las \u00faltimas horas se instal\u00f3 la incertidumbre en el cuerpo t\u00e9cnico de la selecci\u00f3n argentina. Es que\u00a0<b>Lionel Scaloni\u00a0<\/b>podr\u00eda perder a una de sus figuras para el\u00a0<b>Mundial de Qatar,<\/b>\u00a0luego de que se confirmara la lesi\u00f3n muscular del delantero de la\u00a0<b>Roma<\/b>. Seg\u00fan indic\u00f3 la cadena\u00a0<i>Sky Sport\u00a0<\/i>en Italia, los estudios m\u00e9dicos confirmaron la dolencia en el cu\u00e1driceps femoral del cordob\u00e9s, por lo que\u00a0<i>La Joya\u00a0<\/i><b>podr\u00eda estar fuera de las canchas entre 4 y 8 semanas<\/b>. La duraci\u00f3n exacta de su recuperaci\u00f3n la establecer\u00e1 la resonancia magn\u00e9tica que se le realizar\u00e1 en en el futuro inmediato (pr\u00f3ximas 24 o 36 horas), en cuanto se se reduzca el hematoma que tiene en la zona.<\/p>\n<p class=\"paragraph\">Ante este panorama podr\u00edan aparecer otros futbolistas que a\u00fan no tienen garantizado su lugar en la n\u00f3mina definitiva de los que viajar\u00e1n al pa\u00eds del Golfo. El atacante, que est\u00e1 dentro de los usualmente convocados en\u00a0<i>La Scaloneta<\/i>, ya no hab\u00eda podido sumar minutos en en los amistosos ante<b>\u00a0Honduras<\/b>\u00a0y\u00a0<b>Jamaica<\/b>, porque arrastraba molestias. De todas formas, acompa\u00f1\u00f3 al plantel y acumul\u00f3 entrenamientos, m\u00e1s all\u00e1 de que no fue arriesgado.<\/p>\n<p class=\"paragraph\">En un sector con mucha competencia (a los fijos\u00a0<b>Messi<\/b>,\u00a0<b>Di Mar\u00eda<\/b>\u00a0y\u00a0<b>Lautaro Mart\u00ednez<\/b>, se les suman los casos de\u00a0<b>Nicol\u00e1s Gonz\u00e1lez y Juli\u00e1n \u00c1lvarez<\/b>), estar al 100% probablemente sea un factor clave en la decisi\u00f3n del entrenador al momento de confeccionar la lista. De ah\u00ed la ra\u00edz de la preocupaci\u00f3n por\u00a0<b>Dybala<\/b>. De este modo, el estratega podr\u00eda darle prioridad a delanteros que todav\u00eda luchan por un lugar.<\/p>\n<p class=\"paragraph\">Una de las variantes es que\u00a0<b>Scaloni\u00a0<\/b>se incline por llevar a los<b>\u00a0dos Correa<\/b>\u00a0(<b>\u00c1ngel\u00a0<\/b>y\u00a0<b>Joaqu\u00edn<\/b>), dado que en un principio el\u00a0<i>Tucu\u00a0<\/i>tendr\u00eda una leve ventaja por estar consideraci\u00f3n como primera opci\u00f3n de\u00a0<b>Lautaro Mart\u00ednez<\/b>. Sin embargo, el presente de<b>\u00a0Gio Simeone\u00a0<\/b>en\u00a0<b>Italia\u00a0<\/b>podr\u00eda presionar al cuerpo t\u00e9cnico, dado que el goleador del\u00a0<b>Napoli\u00a0<\/b>atraviesa un presente brillante y su convocatoria podr\u00eda garantizar la presencia de un atacante natural en la posici\u00f3n del\u00a0<i>Toro<\/i>. Con menor posibilidades por su inestable actualidad,\u00a0<b>Lucas Alario\u00a0<\/b>tambi\u00e9n tendr\u00eda alguna chance. En tanto, tambi\u00e9n es para destacar el caso de\u00a0<b>Thiago Almada<\/b>, quien fue citado para la \u00faltima gira por Estados Unidos y dej\u00f3 una gran impresi\u00f3n en\u00a0<b>Lionel Scaloni.<\/b><\/p>\n<p class=\"paragraph\">Por su parte, algunos que fueron piezas habituales del proyecto<i>\u00a0<\/i>como\u00a0<b>Nicol\u00e1s Dom\u00ednguez, Facundo Medina, Nehu\u00e9n P\u00e9rez, Emiliano Buend\u00eda y Lucas Ocampos<\/b>\u00a0estar\u00e1n siguiendo las novedades m\u00e1s alejados del foco principal. Un golpe de tim\u00f3n o una eventualidad podr\u00eda acercarlos al sue\u00f1o mundialista.<\/p>\n<p class=\"paragraph\">La\u00a0<i>Scaloneta\u00a0<\/i>tendr\u00e1 un amistoso antes del comienzo de la gran cita internacional en el pa\u00eds del Golfo ante los\u00a0<b>Emiratos \u00c1rabes Unidos<\/b>, que dirige el argentino<b>\u00a0Rodolfo Arruabarrena.<\/b>\u00a0Dicho compromiso se disputar\u00e1 en\u00a0<b>Abu Dabhi\u00a0<\/b>el\u00a0<b>16 de noviembre<\/b>, seis d\u00edas antes del debut albiceleste frente a\u00a0<b>Arabia Saudita<\/b>\u00a0en la\u00a0<b>Copa del Mundo de Qatar<\/b>. Luego, el\u00a0<b>s\u00e1bado 26<\/b>\u00a0el representativo nacional afrontar\u00e1 su segundo encuentro del\u00a0<b>Grupo C<\/b>\u00a0contra\u00a0<b>M\u00e9xico<\/b>, a cargo de\u00a0<b>Gerardo Martino<\/b>, y cerrar\u00e1 la fase inicial frente a\u00a0<b>Polonia\u00a0<\/b>el\u00a0<b>mi\u00e9rcoles 30.<\/b>(<em>Infobae<\/em>)<\/p>\n","protected":false},"excerpt":{"rendered":"<p>En Italia confirmaron la lesi\u00f3n del cordob\u00e9s y su presencia en la cita internacional es una inc\u00f3gnita. Qui\u00e9nes son los que podr\u00edan acceder en lugar de la figura de la Roma<\/p>\n","protected":false},"author":8,"featured_media":89466,"comment_status":"open","ping_status":"open","sticky":false,"template":"","format":"standard","meta":{"fifu_image_url":"","fifu_image_alt":"","footnotes":""},"categories":[13],"tags":[116],"class_list":{"0":"post-89462","1":"post","2":"type-post","3":"status-publish","4":"format-standard","5":"has-post-thumbnail","7":"category-deportes","8":"tag-seleccion-argentina"},"yoast_head":"<title>Los jugadores que podr\u00edan ingresar en la lista de la selecci\u00f3n argentina si Paulo Dybala no llega al Mundial de Qatar - Informe Litoral<\/title>\n<meta name=\"robots\" content=\"index, follow, max-snippet:-1, max-image-preview:large, max-video-preview:-1\" \/>\n<link rel=\"canonical\" href=\"https:\/\/informelitoral.com.ar\/los-jugadores-que-podrian-ingresar-en-la-lista-de-la-seleccion-argentina-si-paulo-dybala-no-llega-al-mundial-de-qatar\/\" \/>\n<meta property=\"og:locale\" content=\"es_ES\" \/>\n<meta property=\"og:type\" content=\"article\" \/>\n<meta property=\"og:title\" content=\"Los jugadores que podr\u00edan ingresar en la lista de la selecci\u00f3n argentina si Paulo Dybala no llega al Mundial de Qatar - Informe Litoral\" \/>\n<meta property=\"og:description\" content=\"En Italia confirmaron la lesi\u00f3n del cordob\u00e9s y su presencia en la cita internacional es una inc\u00f3gnita. Qui\u00e9nes son los que podr\u00edan acceder en lugar de la figura de la Roma\" \/>\n<meta property=\"og:url\" content=\"https:\/\/informelitoral.com.ar\/los-jugadores-que-podrian-ingresar-en-la-lista-de-la-seleccion-argentina-si-paulo-dybala-no-llega-al-mundial-de-qatar\/\" \/>\n<meta property=\"og:site_name\" content=\"Informe Litoral\" \/>\n<meta property=\"article:publisher\" content=\"https:\/\/www.facebook.com\/informelitoral\/\" \/>\n<meta property=\"article:published_time\" content=\"2022-10-10T19:47:56+00:00\" \/>\n<meta property=\"article:modified_time\" content=\"2022-10-10T19:50:42+00:00\" \/>\n<meta property=\"og:image\" content=\"https:\/\/informelitoral.com.ar\/%77%70%2d%63%6f%6e%74%65%6e%74\/uploads\/2022\/10\/W75V4YCNKX34USLA3W4AC2XNPY.webp\" \/>\n\t<meta property=\"og:image:width\" content=\"992\" \/>\n\t<meta property=\"og:image:height\" content=\"661\" \/>\n\t<meta property=\"og:image:type\" content=\"image\/webp\" \/>\n<meta name=\"author\" content=\"Sebastian\" \/>\n<meta name=\"twitter:card\" content=\"summary_large_image\" \/>\n<meta name=\"twitter:creator\" content=\"@InformeLitoral\" \/>\n<meta name=\"twitter:site\" content=\"@InformeLitoral\" \/>\n<meta name=\"twitter:label1\" content=\"Escrito por\" \/>\n\t<meta name=\"twitter:data1\" content=\"Sebastian\" \/>\n\t<meta name=\"twitter:label2\" content=\"Tiempo de lectura\" \/>\n\t<meta name=\"twitter:data2\" content=\"3 minutos\" \/>\n<script type=\"application\/ld+json\" class=\"yoast-schema-graph\">{\"@context\":\"https:\\\/\\\/schema.org\",\"@graph\":[{\"@type\":\"Article\",\"@id\":\"https:\\\/\\\/informelitoral.com.ar\\\/los-jugadores-que-podrian-ingresar-en-la-lista-de-la-seleccion-argentina-si-paulo-dybala-no-llega-al-mundial-de-qatar\\\/#article\",\"isPartOf\":{\"@id\":\"https:\\\/\\\/informelitoral.com.ar\\\/los-jugadores-que-podrian-ingresar-en-la-lista-de-la-seleccion-argentina-si-paulo-dybala-no-llega-al-mundial-de-qatar\\\/\"},\"author\":{\"name\":\"Sebastian\",\"@id\":\"https:\\\/\\\/informelitoral.com.ar\\\/#\\\/schema\\\/person\\\/f05f9f461677119578717524b127d6d5\"},\"headline\":\"Los jugadores que podr\u00edan ingresar en la lista de la selecci\u00f3n argentina si Paulo Dybala no llega al Mundial de Qatar\",\"datePublished\":\"2022-10-10T19:47:56+00:00\",\"dateModified\":\"2022-10-10T19:50:42+00:00\",\"mainEntityOfPage\":{\"@id\":\"https:\\\/\\\/informelitoral.com.ar\\\/los-jugadores-que-podrian-ingresar-en-la-lista-de-la-seleccion-argentina-si-paulo-dybala-no-llega-al-mundial-de-qatar\\\/\"},\"wordCount\":585,\"commentCount\":0,\"publisher\":{\"@id\":\"https:\\\/\\\/informelitoral.com.ar\\\/#organization\"},\"image\":{\"@id\":\"https:\\\/\\\/informelitoral.com.ar\\\/los-jugadores-que-podrian-ingresar-en-la-lista-de-la-seleccion-argentina-si-paulo-dybala-no-llega-al-mundial-de-qatar\\\/#primaryimage\"},\"thumbnailUrl\":\"https:\\\/\\\/informelitoral.com.ar\\\/%77%70%2d%63%6f%6e%74%65%6e%74\\\/uploads\\\/2022\\\/10\\\/W75V4YCNKX34USLA3W4AC2XNPY.webp\",\"keywords\":[\"Selecci\u00f3n argentina\"],\"articleSection\":[\"Deportes\"],\"inLanguage\":\"es\",\"potentialAction\":[{\"@type\":\"CommentAction\",\"name\":\"Comment\",\"target\":[\"https:\\\/\\\/informelitoral.com.ar\\\/los-jugadores-que-podrian-ingresar-en-la-lista-de-la-seleccion-argentina-si-paulo-dybala-no-llega-al-mundial-de-qatar\\\/#respond\"]}]},{\"@type\":\"WebPage\",\"@id\":\"https:\\\/\\\/informelitoral.com.ar\\\/los-jugadores-que-podrian-ingresar-en-la-lista-de-la-seleccion-argentina-si-paulo-dybala-no-llega-al-mundial-de-qatar\\\/\",\"url\":\"https:\\\/\\\/informelitoral.com.ar\\\/los-jugadores-que-podrian-ingresar-en-la-lista-de-la-seleccion-argentina-si-paulo-dybala-no-llega-al-mundial-de-qatar\\\/\",\"name\":\"Los jugadores que podr\u00edan ingresar en la lista de la selecci\u00f3n argentina si Paulo Dybala no llega al Mundial de Qatar - Informe Litoral\",\"isPartOf\":{\"@id\":\"https:\\\/\\\/informelitoral.com.ar\\\/#website\"},\"primaryImageOfPage\":{\"@id\":\"https:\\\/\\\/informelitoral.com.ar\\\/los-jugadores-que-podrian-ingresar-en-la-lista-de-la-seleccion-argentina-si-paulo-dybala-no-llega-al-mundial-de-qatar\\\/#primaryimage\"},\"image\":{\"@id\":\"https:\\\/\\\/informelitoral.com.ar\\\/los-jugadores-que-podrian-ingresar-en-la-lista-de-la-seleccion-argentina-si-paulo-dybala-no-llega-al-mundial-de-qatar\\\/#primaryimage\"},\"thumbnailUrl\":\"https:\\\/\\\/informelitoral.com.ar\\\/%77%70%2d%63%6f%6e%74%65%6e%74\\\/uploads\\\/2022\\\/10\\\/W75V4YCNKX34USLA3W4AC2XNPY.webp\",\"datePublished\":\"2022-10-10T19:47:56+00:00\",\"dateModified\":\"2022-10-10T19:50:42+00:00\",\"breadcrumb\":{\"@id\":\"https:\\\/\\\/informelitoral.com.ar\\\/los-jugadores-que-podrian-ingresar-en-la-lista-de-la-seleccion-argentina-si-paulo-dybala-no-llega-al-mundial-de-qatar\\\/#breadcrumb\"},\"inLanguage\":\"es\",\"potentialAction\":[{\"@type\":\"ReadAction\",\"target\":[\"https:\\\/\\\/informelitoral.com.ar\\\/los-jugadores-que-podrian-ingresar-en-la-lista-de-la-seleccion-argentina-si-paulo-dybala-no-llega-al-mundial-de-qatar\\\/\"]}]},{\"@type\":\"ImageObject\",\"inLanguage\":\"es\",\"@id\":\"https:\\\/\\\/informelitoral.com.ar\\\/los-jugadores-que-podrian-ingresar-en-la-lista-de-la-seleccion-argentina-si-paulo-dybala-no-llega-al-mundial-de-qatar\\\/#primaryimage\",\"url\":\"https:\\\/\\\/informelitoral.com.ar\\\/%77%70%2d%63%6f%6e%74%65%6e%74\\\/uploads\\\/2022\\\/10\\\/W75V4YCNKX34USLA3W4AC2XNPY.webp\",\"contentUrl\":\"https:\\\/\\\/informelitoral.com.ar\\\/%77%70%2d%63%6f%6e%74%65%6e%74\\\/uploads\\\/2022\\\/10\\\/W75V4YCNKX34USLA3W4AC2XNPY.webp\",\"width\":992,\"height\":661},{\"@type\":\"BreadcrumbList\",\"@id\":\"https:\\\/\\\/informelitoral.com.ar\\\/los-jugadores-que-podrian-ingresar-en-la-lista-de-la-seleccion-argentina-si-paulo-dybala-no-llega-al-mundial-de-qatar\\\/#breadcrumb\",\"itemListElement\":[{\"@type\":\"ListItem\",\"position\":1,\"name\":\"Portada\",\"item\":\"https:\\\/\\\/informelitoral.com.ar\\\/\"},{\"@type\":\"ListItem\",\"position\":2,\"name\":\"Los jugadores que podr\u00edan ingresar en la lista de la selecci\u00f3n argentina si Paulo Dybala no llega al Mundial de Qatar\"}]},{\"@type\":\"WebSite\",\"@id\":\"https:\\\/\\\/informelitoral.com.ar\\\/#website\",\"url\":\"https:\\\/\\\/informelitoral.com.ar\\\/\",\"name\":\"Informe Litoral\",\"description\":\"&quot;Nos informamos&quot; \",\"publisher\":{\"@id\":\"https:\\\/\\\/informelitoral.com.ar\\\/#organization\"},\"potentialAction\":[{\"@type\":\"SearchAction\",\"target\":{\"@type\":\"EntryPoint\",\"urlTemplate\":\"https:\\\/\\\/informelitoral.com.ar\\\/?s={search_term_string}\"},\"query-input\":{\"@type\":\"PropertyValueSpecification\",\"valueRequired\":true,\"valueName\":\"search_term_string\"}}],\"inLanguage\":\"es\"},{\"@type\":\"Organization\",\"@id\":\"https:\\\/\\\/informelitoral.com.ar\\\/#organization\",\"name\":\"Informe Litoral\",\"url\":\"https:\\\/\\\/informelitoral.com.ar\\\/\",\"logo\":{\"@type\":\"ImageObject\",\"inLanguage\":\"es\",\"@id\":\"https:\\\/\\\/informelitoral.com.ar\\\/#\\\/schema\\\/logo\\\/image\\\/\",\"url\":\"https:\\\/\\\/informelitoral.com.ar\\\/%77%70%2d%63%6f%6e%74%65%6e%74\\\/uploads\\\/2021\\\/01\\\/circulo.png\",\"contentUrl\":\"https:\\\/\\\/informelitoral.com.ar\\\/%77%70%2d%63%6f%6e%74%65%6e%74\\\/uploads\\\/2021\\\/01\\\/circulo.png\",\"width\":723,\"height\":731,\"caption\":\"Informe Litoral\"},\"image\":{\"@id\":\"https:\\\/\\\/informelitoral.com.ar\\\/#\\\/schema\\\/logo\\\/image\\\/\"},\"sameAs\":[\"https:\\\/\\\/www.facebook.com\\\/informelitoral\\\/\",\"https:\\\/\\\/x.com\\\/InformeLitoral\",\"https:\\\/\\\/www.instagram.com\\\/informelitoral\\\/\",\"https:\\\/\\\/www.youtube.com\\\/channel\\\/UCua4Qvz8Icb6MYqhoq9xLXw\"]},{\"@type\":\"Person\",\"@id\":\"https:\\\/\\\/informelitoral.com.ar\\\/#\\\/schema\\\/person\\\/f05f9f461677119578717524b127d6d5\",\"name\":\"Sebastian\",\"image\":{\"@type\":\"ImageObject\",\"inLanguage\":\"es\",\"@id\":\"https:\\\/\\\/secure.gravatar.com\\\/avatar\\\/b71bf7481d447dfb9583c7f2798e7cc64de6efb9067b74633ed8c31059a3bd82?s=96&d=mm&r=g\",\"url\":\"https:\\\/\\\/secure.gravatar.com\\\/avatar\\\/b71bf7481d447dfb9583c7f2798e7cc64de6efb9067b74633ed8c31059a3bd82?s=96&d=mm&r=g\",\"contentUrl\":\"https:\\\/\\\/secure.gravatar.com\\\/avatar\\\/b71bf7481d447dfb9583c7f2798e7cc64de6efb9067b74633ed8c31059a3bd82?s=96&d=mm&r=g\",\"caption\":\"Sebastian\"},\"url\":\"https:\\\/\\\/informelitoral.com.ar\\\/author\\\/sebastian\\\/\"}]}<\/script>","yoast_head_json":{"title":"Los jugadores que podr\u00edan ingresar en la lista de la selecci\u00f3n argentina si Paulo Dybala no llega al Mundial de Qatar - Informe Litoral","robots":{"index":"index","follow":"follow","max-snippet":"max-snippet:-1","max-image-preview":"max-image-preview:large","max-video-preview":"max-video-preview:-1"},"canonical":"https:\/\/informelitoral.com.ar\/los-jugadores-que-podrian-ingresar-en-la-lista-de-la-seleccion-argentina-si-paulo-dybala-no-llega-al-mundial-de-qatar\/","og_locale":"es_ES","og_type":"article","og_title":"Los jugadores que podr\u00edan ingresar en la lista de la selecci\u00f3n argentina si Paulo Dybala no llega al Mundial de Qatar - Informe Litoral","og_description":"En Italia confirmaron la lesi\u00f3n del cordob\u00e9s y su presencia en la cita internacional es una inc\u00f3gnita. Qui\u00e9nes son los que podr\u00edan acceder en lugar de la figura de la Roma","og_url":"https:\/\/informelitoral.com.ar\/los-jugadores-que-podrian-ingresar-en-la-lista-de-la-seleccion-argentina-si-paulo-dybala-no-llega-al-mundial-de-qatar\/","og_site_name":"Informe Litoral","article_publisher":"https:\/\/www.facebook.com\/informelitoral\/","article_published_time":"2022-10-10T19:47:56+00:00","article_modified_time":"2022-10-10T19:50:42+00:00","og_image":[{"width":992,"height":661,"url":"https:\/\/informelitoral.com.ar\/%77%70%2d%63%6f%6e%74%65%6e%74\/uploads\/2022\/10\/W75V4YCNKX34USLA3W4AC2XNPY.webp","type":"image\/webp"}],"author":"Sebastian","twitter_card":"summary_large_image","twitter_creator":"@InformeLitoral","twitter_site":"@InformeLitoral","twitter_misc":{"Escrito por":"Sebastian","Tiempo de lectura":"3 minutos"},"schema":{"@context":"https:\/\/schema.org","@graph":[{"@type":"Article","@id":"https:\/\/informelitoral.com.ar\/los-jugadores-que-podrian-ingresar-en-la-lista-de-la-seleccion-argentina-si-paulo-dybala-no-llega-al-mundial-de-qatar\/#article","isPartOf":{"@id":"https:\/\/informelitoral.com.ar\/los-jugadores-que-podrian-ingresar-en-la-lista-de-la-seleccion-argentina-si-paulo-dybala-no-llega-al-mundial-de-qatar\/"},"author":{"name":"Sebastian","@id":"https:\/\/informelitoral.com.ar\/#\/schema\/person\/f05f9f461677119578717524b127d6d5"},"headline":"Los jugadores que podr\u00edan ingresar en la lista de la selecci\u00f3n argentina si Paulo Dybala no llega al Mundial de Qatar","datePublished":"2022-10-10T19:47:56+00:00","dateModified":"2022-10-10T19:50:42+00:00","mainEntityOfPage":{"@id":"https:\/\/informelitoral.com.ar\/los-jugadores-que-podrian-ingresar-en-la-lista-de-la-seleccion-argentina-si-paulo-dybala-no-llega-al-mundial-de-qatar\/"},"wordCount":585,"commentCount":0,"publisher":{"@id":"https:\/\/informelitoral.com.ar\/#organization"},"image":{"@id":"https:\/\/informelitoral.com.ar\/los-jugadores-que-podrian-ingresar-en-la-lista-de-la-seleccion-argentina-si-paulo-dybala-no-llega-al-mundial-de-qatar\/#primaryimage"},"thumbnailUrl":"https:\/\/informelitoral.com.ar\/%77%70%2d%63%6f%6e%74%65%6e%74\/uploads\/2022\/10\/W75V4YCNKX34USLA3W4AC2XNPY.webp","keywords":["Selecci\u00f3n argentina"],"articleSection":["Deportes"],"inLanguage":"es","potentialAction":[{"@type":"CommentAction","name":"Comment","target":["https:\/\/informelitoral.com.ar\/los-jugadores-que-podrian-ingresar-en-la-lista-de-la-seleccion-argentina-si-paulo-dybala-no-llega-al-mundial-de-qatar\/#respond"]}]},{"@type":"WebPage","@id":"https:\/\/informelitoral.com.ar\/los-jugadores-que-podrian-ingresar-en-la-lista-de-la-seleccion-argentina-si-paulo-dybala-no-llega-al-mundial-de-qatar\/","url":"https:\/\/informelitoral.com.ar\/los-jugadores-que-podrian-ingresar-en-la-lista-de-la-seleccion-argentina-si-paulo-dybala-no-llega-al-mundial-de-qatar\/","name":"Los jugadores que podr\u00edan ingresar en la lista de la selecci\u00f3n argentina si Paulo Dybala no llega al Mundial de Qatar - Informe Litoral","isPartOf":{"@id":"https:\/\/informelitoral.com.ar\/#website"},"primaryImageOfPage":{"@id":"https:\/\/informelitoral.com.ar\/los-jugadores-que-podrian-ingresar-en-la-lista-de-la-seleccion-argentina-si-paulo-dybala-no-llega-al-mundial-de-qatar\/#primaryimage"},"image":{"@id":"https:\/\/informelitoral.com.ar\/los-jugadores-que-podrian-ingresar-en-la-lista-de-la-seleccion-argentina-si-paulo-dybala-no-llega-al-mundial-de-qatar\/#primaryimage"},"thumbnailUrl":"https:\/\/informelitoral.com.ar\/%77%70%2d%63%6f%6e%74%65%6e%74\/uploads\/2022\/10\/W75V4YCNKX34USLA3W4AC2XNPY.webp","datePublished":"2022-10-10T19:47:56+00:00","dateModified":"2022-10-10T19:50:42+00:00","breadcrumb":{"@id":"https:\/\/informelitoral.com.ar\/los-jugadores-que-podrian-ingresar-en-la-lista-de-la-seleccion-argentina-si-paulo-dybala-no-llega-al-mundial-de-qatar\/#breadcrumb"},"inLanguage":"es","potentialAction":[{"@type":"ReadAction","target":["https:\/\/informelitoral.com.ar\/los-jugadores-que-podrian-ingresar-en-la-lista-de-la-seleccion-argentina-si-paulo-dybala-no-llega-al-mundial-de-qatar\/"]}]},{"@type":"ImageObject","inLanguage":"es","@id":"https:\/\/informelitoral.com.ar\/los-jugadores-que-podrian-ingresar-en-la-lista-de-la-seleccion-argentina-si-paulo-dybala-no-llega-al-mundial-de-qatar\/#primaryimage","url":"https:\/\/informelitoral.com.ar\/%77%70%2d%63%6f%6e%74%65%6e%74\/uploads\/2022\/10\/W75V4YCNKX34USLA3W4AC2XNPY.webp","contentUrl":"https:\/\/informelitoral.com.ar\/%77%70%2d%63%6f%6e%74%65%6e%74\/uploads\/2022\/10\/W75V4YCNKX34USLA3W4AC2XNPY.webp","width":992,"height":661},{"@type":"BreadcrumbList","@id":"https:\/\/informelitoral.com.ar\/los-jugadores-que-podrian-ingresar-en-la-lista-de-la-seleccion-argentina-si-paulo-dybala-no-llega-al-mundial-de-qatar\/#breadcrumb","itemListElement":[{"@type":"ListItem","position":1,"name":"Portada","item":"https:\/\/informelitoral.com.ar\/"},{"@type":"ListItem","position":2,"name":"Los jugadores que podr\u00edan ingresar en la lista de la selecci\u00f3n argentina si Paulo Dybala no llega al Mundial de Qatar"}]},{"@type":"WebSite","@id":"https:\/\/informelitoral.com.ar\/#website","url":"https:\/\/informelitoral.com.ar\/","name":"Informe Litoral","description":"&quot;Nos informamos&quot; ","publisher":{"@id":"https:\/\/informelitoral.com.ar\/#organization"},"potentialAction":[{"@type":"SearchAction","target":{"@type":"EntryPoint","urlTemplate":"https:\/\/informelitoral.com.ar\/?s={search_term_string}"},"query-input":{"@type":"PropertyValueSpecification","valueRequired":true,"valueName":"search_term_string"}}],"inLanguage":"es"},{"@type":"Organization","@id":"https:\/\/informelitoral.com.ar\/#organization","name":"Informe Litoral","url":"https:\/\/informelitoral.com.ar\/","logo":{"@type":"ImageObject","inLanguage":"es","@id":"https:\/\/informelitoral.com.ar\/#\/schema\/logo\/image\/","url":"https:\/\/informelitoral.com.ar\/%77%70%2d%63%6f%6e%74%65%6e%74\/uploads\/2021\/01\/circulo.png","contentUrl":"https:\/\/informelitoral.com.ar\/%77%70%2d%63%6f%6e%74%65%6e%74\/uploads\/2021\/01\/circulo.png","width":723,"height":731,"caption":"Informe Litoral"},"image":{"@id":"https:\/\/informelitoral.com.ar\/#\/schema\/logo\/image\/"},"sameAs":["https:\/\/www.facebook.com\/informelitoral\/","https:\/\/x.com\/InformeLitoral","https:\/\/www.instagram.com\/informelitoral\/","https:\/\/www.youtube.com\/channel\/UCua4Qvz8Icb6MYqhoq9xLXw"]},{"@type":"Person","@id":"https:\/\/informelitoral.com.ar\/#\/schema\/person\/f05f9f461677119578717524b127d6d5","name":"Sebastian","image":{"@type":"ImageObject","inLanguage":"es","@id":"https:\/\/secure.gravatar.com\/avatar\/b71bf7481d447dfb9583c7f2798e7cc64de6efb9067b74633ed8c31059a3bd82?s=96&d=mm&r=g","url":"https:\/\/secure.gravatar.com\/avatar\/b71bf7481d447dfb9583c7f2798e7cc64de6efb9067b74633ed8c31059a3bd82?s=96&d=mm&r=g","contentUrl":"https:\/\/secure.gravatar.com\/avatar\/b71bf7481d447dfb9583c7f2798e7cc64de6efb9067b74633ed8c31059a3bd82?s=96&d=mm&r=g","caption":"Sebastian"},"url":"https:\/\/informelitoral.com.ar\/author\/sebastian\/"}]}},"_links":{"self":[{"href":"https:\/\/informelitoral.com.ar\/%77%70%2d%6a%73%6f%6e\/wp\/v2\/posts\/89462","targetHints":{"allow":["GET"]}}],"collection":[{"href":"https:\/\/informelitoral.com.ar\/%77%70%2d%6a%73%6f%6e\/wp\/v2\/posts"}],"about":[{"href":"https:\/\/informelitoral.com.ar\/%77%70%2d%6a%73%6f%6e\/wp\/v2\/types\/post"}],"author":[{"embeddable":true,"href":"https:\/\/informelitoral.com.ar\/%77%70%2d%6a%73%6f%6e\/wp\/v2\/users\/8"}],"replies":[{"embeddable":true,"href":"https:\/\/informelitoral.com.ar\/%77%70%2d%6a%73%6f%6e\/wp\/v2\/comments?post=89462"}],"version-history":[{"count":0,"href":"https:\/\/informelitoral.com.ar\/%77%70%2d%6a%73%6f%6e\/wp\/v2\/posts\/89462\/revisions"}],"wp:featuredmedia":[{"embeddable":true,"href":"https:\/\/informelitoral.com.ar\/%77%70%2d%6a%73%6f%6e\/wp\/v2\/media\/89466"}],"wp:attachment":[{"href":"https:\/\/informelitoral.com.ar\/%77%70%2d%6a%73%6f%6e\/wp\/v2\/media?parent=89462"}],"wp:term":[{"taxonomy":"category","embeddable":true,"href":"https:\/\/informelitoral.com.ar\/%77%70%2d%6a%73%6f%6e\/wp\/v2\/categories?post=89462"},{"taxonomy":"post_tag","embeddable":true,"href":"https:\/\/informelitoral.com.ar\/%77%70%2d%6a%73%6f%6e\/wp\/v2\/tags?post=89462"}],"curies":[{"name":"wp","href":"https:\/\/api.w.org\/{rel}","templated":true}]}}