{"id":8945,"date":"2014-11-13T09:32:24","date_gmt":"2014-11-13T12:32:24","guid":{"rendered":"http:\/\/www.isletasnoticias.com.ar\/?p=8945"},"modified":"2014-11-13T09:32:24","modified_gmt":"2014-11-13T12:32:24","slug":"es-entrerriano-el-laboratorio-que-autorizara-inhaladores-genericos-a-menor-precio-e-igual-calidad","status":"publish","type":"post","link":"https:\/\/informelitoral.com.ar\/es-entrerriano-el-laboratorio-que-autorizara-inhaladores-genericos-a-menor-precio-e-igual-calidad\/","title":{"rendered":"Es entrerriano el laboratorio que autorizar\u00e1 inhaladores gen\u00e9ricos a menor precio e igual calidad"},"content":{"rendered":"<p><strong>El gobernador Sergio Urribarri y el Jefe de Gabinete de la Naci\u00f3n, Jorge Capitanich, dejaron inaugurada este martes en Paran\u00e1 la primera unidad en Latinoam\u00e9rica que autorizar\u00e1 la comercializaci\u00f3n de inhaladores gen\u00e9ricos (conocidos como PAF) para enfermedades respiratorias. Fue en el laboratorio entrerriano DominguezLab que ampli\u00f3 sus instalaciones con financiamiento estatal.<a href=\"http:\/\/www.isletasnoticias.com.ar\/%77%70%2d%63%6f%6e%74%65%6e%74\/uploads\/2014\/11\/b_1415748482.jpg\"><img loading=\"lazy\" decoding=\"async\" class=\"aligncenter size-medium wp-image-8946\" src=\"http:\/\/www.isletasnoticias.com.ar\/%77%70%2d%63%6f%6e%74%65%6e%74\/uploads\/2014\/11\/b_1415748482-300x200.jpg\" alt=\"b_1415748482\" width=\"300\" height=\"200\" srcset=\"https:\/\/informelitoral.com.ar\/%77%70%2d%63%6f%6e%74%65%6e%74\/uploads\/2014\/11\/b_1415748482-300x200.jpg 300w, https:\/\/informelitoral.com.ar\/%77%70%2d%63%6f%6e%74%65%6e%74\/uploads\/2014\/11\/b_1415748482.jpg 492w\" sizes=\"auto, (max-width: 300px) 100vw, 300px\" \/><\/a><\/strong><\/p>\n<p>Este nuevo servicio permitir\u00e1 producir medicamentosa menor costo con igual calidad a las marcas que est\u00e1n en el mercado farmac\u00e9utico. De la recorrida por las nuevas instalaciones participaron adem\u00e1s los ministros de Salud, Juan Manzur y el de Ciencia y Tecnolog\u00eda, Lino Bara\u00f1ao. En el laboratorio trabajan cient\u00edficos repatriados por el gobierno nacional y profesionales del Conicet.<\/p>\n<p><b>Proyecto estrat\u00e9gico<\/b><br \/>\nEl Jefe de Gabinete de la Naci\u00f3n, Jorge Capitanich, expres\u00f3 \u201cla c\u00e1lida salutaci\u00f3n de la presidenta Cristina Fern\u00e1ndez de Kirchner para todos los entrerrianos y una especial menci\u00f3n para acompa\u00f1ar la inauguraci\u00f3n de este proyecto que nosotros consideramos estrat\u00e9gico en el \u00e1mbito del desarrollo cient\u00edfico tecnol\u00f3gico de Argentina\u201d.<\/p>\n<p>Capitacnich dijo que \u201cla verdad que es una excelente experiencia la que hemos tenido hoy. Hoy es un d\u00eda muy especial no solamente para Entre R\u00edos, sino para la Rep\u00fablica Argentina porque estamos inaugurando la primera unidad de equivalencias terap\u00e9utica para inhaladores orales de Sudam\u00e9rica y esto implica una contribuci\u00f3n extraordinaria porque en virtud de lo cual el desarrollo de los medicamentos gen\u00e9ricos requiere estudios de bioequivalencias para garantizar la eficacia y seguridad de los mismos para lo que se necesita de recursos, equipamiento y tecnolog\u00eda de alta sofisticaci\u00f3n, de gran inversi\u00f3n y recursos humanos muy calificados\u201d.<\/p>\n<p>Luego se\u00f1al\u00f3 que \u201ces importante remarcar lo que fue la reconstrucci\u00f3n del pa\u00eds a partir de la llegada de N\u00e9stor Kirchner el 25 de mayo de 2003 y tambi\u00e9n la impronta de Cristina Fern\u00e1ndez de Kirchner a partir del 10 de diciembre de 2007, que toma la decisi\u00f3n estrat\u00e9gica de la creaci\u00f3n del ministerio de Ciencia, Tecnolog\u00eda, e Innovaci\u00f3n Productiva y otra decisi\u00f3n estrat\u00e9gica fue poner como ministro a Lino Bara\u00f1ao, un persona que tiene la calificaci\u00f3n t\u00e9cnica y un compromiso muy claro con el pa\u00eds, pero tambi\u00e9n una pasi\u00f3n por el desarrollo de la ciencia y la tecnolog\u00eda\u00bb.<\/p>\n<p>El Jefe de Gabinete destac\u00f3 que Argentina tiene \u00abla dicha de tener 1.116 cient\u00edficos repatriados y a u vez es importante remarcar que el mejoramiento en la asignaci\u00f3n presupuestaria de ciencia y tecnolog\u00eda ha ido experimentando una evoluci\u00f3n positiva en el transcurso del tiempo\u00bb.<\/p>\n<p>El Jefe de Gabinete remarc\u00f3 \u201cque nuestro pa\u00eds pueda proveer a toda Latinoam\u00e9rica y el mundo inhaladores gen\u00e9ricos intercambiables asegurando eficacia y seguridad a los medicamentos es motivo de orgullo. El mismo orgullo que tuvimos hoy en la Universidad de Rosario, el mismo orgullo que sentimos y sentiremos siempre los argentinos cuando podemos observar que emprendedores, t\u00e9cnicos, cient\u00edficos apuesten por su provincia y que existan gobernadores que lo llamen a Mario y le digan \u201cvamos a Venezuela, a Chile a vender nuestra producci\u00f3n\u201d, porque eso tambi\u00e9n significa vender no solamente la experiencia, la calidad y el desarrollo cient\u00edfico tecnol\u00f3gico, sino tambi\u00e9n vender esto que yo ten\u00eda ac\u00e1 que era el nuevo desaf\u00edo\u201d.<\/p>\n<p><b>\u201cCon cosas como las de hoy uno siente ese orgullo\u201d<\/b><br \/>\nEn la ceremonia, el gobernador resalt\u00f3 que \u201cesta es la Entre R\u00edos de hoy, que a la par de las decisiones pol\u00edticas de nuestro gobierno Nacional, de N\u00e9stor y Cristina, y con ejecutores excelentes como Jorge Capitanich, llegamos a este momento en el que nos ilusionamos en profundizar todo lo hecho en materia de ciencia y tecnolog\u00eda en estos a\u00f1os\u201d.<\/p>\n<p>Asegur\u00f3 que \u201clo hago con pasi\u00f3n y lo que m\u00e1s me motiva es seguir apoyando a la ciencia, a la tecnolog\u00eda, a la innovaci\u00f3n, pero con gesti\u00f3n porque si no hay gesti\u00f3n ser\u00eda voluntarismo y eso es el peor enemigo del desarrollo\u201d.<\/p>\n<p>\u201cNada en ciencia y tecnolog\u00eda es tan sencillo, espont\u00e1neo, todo es un camino cr\u00edtico\u201d dijo el gobernador y record\u00f3 que \u201ccuando nosotros iniciamos en el 2007 nos encontramos que ciencia y tecnolog\u00eda era una oficina muy perdida en el Ministerio de Econom\u00eda. Multiplicamos su presupuesto 600 veces m\u00e1s, est\u00e1 al frente la primera licenciada en Bioinform\u00e1tica y tambi\u00e9n provocamos esa sinergia que es imprescindible y la misma dio resultados\u201d.<\/p>\n<p>Y, en ese sentido ejemplific\u00f3 que en Entre R\u00edos naci\u00f3 el primer aglomerado en tecnolog\u00eda m\u00e9dica donde participan 11 pymes entrerrianas, el INTI, UNER, Uader y los gobiernos Nacional y Provincial. Inform\u00f3 que antes de fin de a\u00f1o se inaugurar\u00e1 el primer Centro Tecnol\u00f3gico que va a permitir brindar servicios en simulaci\u00f3n y producci\u00f3n de prototipos para la industria m\u00e9dica, en dispositivos.<\/p>\n<p><b>Rol de la ciencia y la tecnolog\u00eda<\/b><br \/>\nEn la oportunidad, el ministro Bara\u00f1ao destac\u00f3 que \u201cesta provincia tiene una larga tradici\u00f3n de apuesta a la educaci\u00f3n. Una vuelta, en el Colegio de Concepci\u00f3n del Uruguay, un embajador de estados unidos trajo a su hijo, y decidi\u00f3 dejarlo ac\u00e1, porque hab\u00eda m\u00e1s educaci\u00f3n que en Estados Unidos. Tambi\u00e9n en Entre R\u00edos se hizo la primera vacunaci\u00f3n. La hizo el padre de Urquiza\u201d.<\/p>\n<p>Subray\u00f3 que \u201cel Pato, es el gobernador por excelencia que ha destacado el rol de la ciencia y la tecnolog\u00eda. Uno no ve esto frecuentemente, menos en los candidatos, en el resto de los candidatos presidenciales. Y tambi\u00e9n, esto tiene resultados coherentes. El n\u00famero de becarios, el apoyo que han recibido distintas instituciones de Entre R\u00edos\u201d.<\/p>\n<p>El ministro enfatiz\u00f3 que \u201cel caso concreto de DominguezLab nos ha puesto ante algo importante: los cient\u00edficos podemos tener ideas, pero si no hacemos el intento, no podemos hablar de algo verdadero. Hay muchas cosas que se han dicho, muchos discursos huecos que no se concretan. Hoy, DominguezLab es un caso exitoso, con el que podemos reafirmar la teor\u00eda. DominguezLab ubica al pa\u00eds en un contexto diferente. Eramos un pa\u00eds como mero productor de comodities, y ahora, produce sat\u00e9lites y exporta este tipo de elementos para la salud. Creo que tenemos que ser conscientes de este punto de inflexi\u00f3n en el pa\u00eds\u201d.<\/p>\n<p><b>Empresa que nos enorgullece<\/b><br \/>\nLa intendenta Osuna dijo que \u201cDomiguez Lab es una empresa que nos enorgullece a la ciudad. Simplemente, quiero decir que lo que acabamos de ver, y que hemos visto crecer estos a\u00f1os, es la expresi\u00f3n m\u00e1s clara y contundente, de las activas pol\u00edticas del gobierno nacional y provincial, junto a nosotros, desde el municipio, poniendo lo nuestro\u201d.<\/p>\n<p>Resalt\u00f3 que \u201cen estos momentos, en el Congreso de la Naci\u00f3n, protagonizado por legisladores entrerrianos, se debate la producci\u00f3n estatal de medicamentos. Por eso, la importancia desde este emprendimiento local de bioequivalencias\u201d.<\/p>\n<p>Por \u00faltimo, asegur\u00f3 que \u201cesto es una muestra concreta y clara de las pol\u00edticas nacionales y provinciales. Esto nos enorgullece. Gracias gobernador, gracias por esta coherencia de sostener estas pol\u00edticas que hacen grande a la naci\u00f3n, a la provincia, y a la ciudad de Paran\u00e1\u201d.<\/p>\n<p><b>\u201cSomos un caso viviente y real de lo que se puede hacer\u201d<\/b><br \/>\nPor su parte, en representaci\u00f3n de la empresa, Mario C\u00e9sar Dom\u00ednguez, dijo que \u201cen principio, quiero agradecer a todos mis colaboradores de DominguezLab. Hay un equipo altamente calificado, de doctores, de becarios, en todos los campos de la medicina, la qu\u00edmica y la anal\u00edtica\u201d.<\/p>\n<p>Dom\u00ednguez, agradeci\u00f3 al gobernador, \u201ca trav\u00e9s de su equipo. Dom\u00ednguezLab, sin el acompa\u00f1amiento del Estado, de las Universidades, nada de esto ser\u00eda posible. Mi \u00fanico pedido a todos los que nos acompa\u00f1an hoy, es este: As\u00ed el mundo avanza. Todos juntos, mirando los objetivos, no importa si sos del estado, privado, o de la universidad. Por eso los aliento a que colaboren con esta Argentina. Somos un caso viviente y real de lo que se puede hacer\u201d.<\/p>\n<p>Asegur\u00f3 que \u201cla presencia de dos ministros, del Jefe de Gabinete, para nosotros es una caricia al alma. Ustedes son incansables luchadores, representantes del federalismo, y es un honor que nos visiten, nos distingan, para seguir apostando a la Argentina\u201d.<\/p>\n<p>Por \u00faltimo, hizo una menci\u00f3n especial a \u201cdon Lino Bara\u00f1ao, un se\u00f1or ministro de la Naci\u00f3n Argentina. A lo largo de su gesti\u00f3n, usted ha logrado poner a la ciencia y tecnolog\u00eda, en el lugar que nuestro pa\u00eds lo necesita. S\u00e9 que vamos por el buen camino, y vamos por m\u00e1s. Usted dej\u00f3 una marca, un camino indiscutible en el contexto nacional, hacia d\u00f3nde tenemos que ir, y hacia d\u00f3nde est\u00e1 el futuro. As\u00ed que Ministro de la Naci\u00f3n, muchas gracias\u201d.<\/p>\n","protected":false},"excerpt":{"rendered":"<p>El gobernador Sergio Urribarri y el Jefe de Gabinete de la Naci&oacute;n, Jorge Capitanich, dejaron inaugurada este martes en Paran&aacute; la primera unidad en Latinoam&eacute;rica que autorizar&aacute; la comercializaci&oacute;n de inhaladores gen&eacute;ricos (conocidos como PAF) para enfermedades respiratorias. Fue en el laboratorio entrerriano DominguezLab que ampli&oacute; sus instalaciones con financiamiento estatal. Este nuevo servicio permitir&aacute; [&hellip;]<\/p>\n","protected":false},"author":2,"featured_media":0,"comment_status":"open","ping_status":"open","sticky":false,"template":"","format":"standard","meta":{"fifu_image_url":"","fifu_image_alt":"","footnotes":""},"categories":[6],"tags":[],"class_list":{"0":"post-8945","1":"post","2":"type-post","3":"status-publish","4":"format-standard","6":"category-entre-rios"},"yoast_head":"<title>Es entrerriano el laboratorio que autorizar\u00e1 inhaladores gen\u00e9ricos a menor precio e igual calidad - Informe Litoral<\/title>\n<meta name=\"robots\" content=\"index, follow, max-snippet:-1, max-image-preview:large, max-video-preview:-1\" \/>\n<link rel=\"canonical\" href=\"https:\/\/informelitoral.com.ar\/es-entrerriano-el-laboratorio-que-autorizara-inhaladores-genericos-a-menor-precio-e-igual-calidad\/\" \/>\n<meta property=\"og:locale\" content=\"es_ES\" \/>\n<meta property=\"og:type\" content=\"article\" \/>\n<meta property=\"og:title\" content=\"Es entrerriano el laboratorio que autorizar\u00e1 inhaladores gen\u00e9ricos a menor precio e igual calidad - Informe Litoral\" \/>\n<meta property=\"og:description\" content=\"El gobernador Sergio Urribarri y el Jefe de Gabinete de la Naci&oacute;n, Jorge Capitanich, dejaron inaugurada este martes en Paran&aacute; la primera unidad en Latinoam&eacute;rica que autorizar&aacute; la comercializaci&oacute;n de inhaladores gen&eacute;ricos (conocidos como PAF) para enfermedades respiratorias. Fue en el laboratorio entrerriano DominguezLab que ampli&oacute; sus instalaciones con financiamiento estatal. Este nuevo servicio permitir&aacute; [&hellip;]\" \/>\n<meta property=\"og:url\" content=\"https:\/\/informelitoral.com.ar\/es-entrerriano-el-laboratorio-que-autorizara-inhaladores-genericos-a-menor-precio-e-igual-calidad\/\" \/>\n<meta property=\"og:site_name\" content=\"Informe Litoral\" \/>\n<meta property=\"article:publisher\" content=\"https:\/\/www.facebook.com\/informelitoral\/\" \/>\n<meta property=\"article:published_time\" content=\"2014-11-13T12:32:24+00:00\" \/>\n<meta property=\"og:image\" content=\"https:\/\/informelitoral.com.ar\/%77%70%2d%63%6f%6e%74%65%6e%74\/uploads\/2014\/11\/b_1415748482.jpg\" \/>\n\t<meta property=\"og:image:width\" content=\"492\" \/>\n\t<meta property=\"og:image:height\" content=\"328\" \/>\n\t<meta property=\"og:image:type\" content=\"image\/jpeg\" \/>\n<meta name=\"author\" content=\"Gonzalo Schmidt\" \/>\n<meta name=\"twitter:card\" content=\"summary_large_image\" \/>\n<meta name=\"twitter:creator\" content=\"@InformeLitoral\" \/>\n<meta name=\"twitter:site\" content=\"@InformeLitoral\" \/>\n<meta name=\"twitter:label1\" content=\"Escrito por\" \/>\n\t<meta name=\"twitter:data1\" content=\"Gonzalo Schmidt\" \/>\n\t<meta name=\"twitter:label2\" content=\"Tiempo de lectura\" \/>\n\t<meta name=\"twitter:data2\" content=\"8 minutos\" \/>\n<script type=\"application\/ld+json\" class=\"yoast-schema-graph\">{\"@context\":\"https:\\\/\\\/schema.org\",\"@graph\":[{\"@type\":\"Article\",\"@id\":\"https:\\\/\\\/informelitoral.com.ar\\\/es-entrerriano-el-laboratorio-que-autorizara-inhaladores-genericos-a-menor-precio-e-igual-calidad\\\/#article\",\"isPartOf\":{\"@id\":\"https:\\\/\\\/informelitoral.com.ar\\\/es-entrerriano-el-laboratorio-que-autorizara-inhaladores-genericos-a-menor-precio-e-igual-calidad\\\/\"},\"author\":{\"name\":\"Gonzalo Schmidt\",\"@id\":\"https:\\\/\\\/informelitoral.com.ar\\\/#\\\/schema\\\/person\\\/b9d00407c836482871ef1d57bf8e3180\"},\"headline\":\"Es entrerriano el laboratorio que autorizar\u00e1 inhaladores gen\u00e9ricos a menor precio e igual calidad\",\"datePublished\":\"2014-11-13T12:32:24+00:00\",\"mainEntityOfPage\":{\"@id\":\"https:\\\/\\\/informelitoral.com.ar\\\/es-entrerriano-el-laboratorio-que-autorizara-inhaladores-genericos-a-menor-precio-e-igual-calidad\\\/\"},\"wordCount\":1529,\"commentCount\":0,\"publisher\":{\"@id\":\"https:\\\/\\\/informelitoral.com.ar\\\/#organization\"},\"image\":{\"@id\":\"https:\\\/\\\/informelitoral.com.ar\\\/es-entrerriano-el-laboratorio-que-autorizara-inhaladores-genericos-a-menor-precio-e-igual-calidad\\\/#primaryimage\"},\"thumbnailUrl\":\"http:\\\/\\\/www.isletasnoticias.com.ar\\\/%77%70%2d%63%6f%6e%74%65%6e%74\\\/uploads\\\/2014\\\/11\\\/b_1415748482-300x200.jpg\",\"articleSection\":[\"Entre R\u00edos\"],\"inLanguage\":\"es\",\"potentialAction\":[{\"@type\":\"CommentAction\",\"name\":\"Comment\",\"target\":[\"https:\\\/\\\/informelitoral.com.ar\\\/es-entrerriano-el-laboratorio-que-autorizara-inhaladores-genericos-a-menor-precio-e-igual-calidad\\\/#respond\"]}]},{\"@type\":\"WebPage\",\"@id\":\"https:\\\/\\\/informelitoral.com.ar\\\/es-entrerriano-el-laboratorio-que-autorizara-inhaladores-genericos-a-menor-precio-e-igual-calidad\\\/\",\"url\":\"https:\\\/\\\/informelitoral.com.ar\\\/es-entrerriano-el-laboratorio-que-autorizara-inhaladores-genericos-a-menor-precio-e-igual-calidad\\\/\",\"name\":\"Es entrerriano el laboratorio que autorizar\u00e1 inhaladores gen\u00e9ricos a menor precio e igual calidad - Informe Litoral\",\"isPartOf\":{\"@id\":\"https:\\\/\\\/informelitoral.com.ar\\\/#website\"},\"primaryImageOfPage\":{\"@id\":\"https:\\\/\\\/informelitoral.com.ar\\\/es-entrerriano-el-laboratorio-que-autorizara-inhaladores-genericos-a-menor-precio-e-igual-calidad\\\/#primaryimage\"},\"image\":{\"@id\":\"https:\\\/\\\/informelitoral.com.ar\\\/es-entrerriano-el-laboratorio-que-autorizara-inhaladores-genericos-a-menor-precio-e-igual-calidad\\\/#primaryimage\"},\"thumbnailUrl\":\"http:\\\/\\\/www.isletasnoticias.com.ar\\\/%77%70%2d%63%6f%6e%74%65%6e%74\\\/uploads\\\/2014\\\/11\\\/b_1415748482-300x200.jpg\",\"datePublished\":\"2014-11-13T12:32:24+00:00\",\"breadcrumb\":{\"@id\":\"https:\\\/\\\/informelitoral.com.ar\\\/es-entrerriano-el-laboratorio-que-autorizara-inhaladores-genericos-a-menor-precio-e-igual-calidad\\\/#breadcrumb\"},\"inLanguage\":\"es\",\"potentialAction\":[{\"@type\":\"ReadAction\",\"target\":[\"https:\\\/\\\/informelitoral.com.ar\\\/es-entrerriano-el-laboratorio-que-autorizara-inhaladores-genericos-a-menor-precio-e-igual-calidad\\\/\"]}]},{\"@type\":\"ImageObject\",\"inLanguage\":\"es\",\"@id\":\"https:\\\/\\\/informelitoral.com.ar\\\/es-entrerriano-el-laboratorio-que-autorizara-inhaladores-genericos-a-menor-precio-e-igual-calidad\\\/#primaryimage\",\"url\":\"http:\\\/\\\/www.isletasnoticias.com.ar\\\/%77%70%2d%63%6f%6e%74%65%6e%74\\\/uploads\\\/2014\\\/11\\\/b_1415748482-300x200.jpg\",\"contentUrl\":\"http:\\\/\\\/www.isletasnoticias.com.ar\\\/%77%70%2d%63%6f%6e%74%65%6e%74\\\/uploads\\\/2014\\\/11\\\/b_1415748482-300x200.jpg\"},{\"@type\":\"BreadcrumbList\",\"@id\":\"https:\\\/\\\/informelitoral.com.ar\\\/es-entrerriano-el-laboratorio-que-autorizara-inhaladores-genericos-a-menor-precio-e-igual-calidad\\\/#breadcrumb\",\"itemListElement\":[{\"@type\":\"ListItem\",\"position\":1,\"name\":\"Portada\",\"item\":\"https:\\\/\\\/informelitoral.com.ar\\\/\"},{\"@type\":\"ListItem\",\"position\":2,\"name\":\"Es entrerriano el laboratorio que autorizar\u00e1 inhaladores gen\u00e9ricos a menor precio e igual calidad\"}]},{\"@type\":\"WebSite\",\"@id\":\"https:\\\/\\\/informelitoral.com.ar\\\/#website\",\"url\":\"https:\\\/\\\/informelitoral.com.ar\\\/\",\"name\":\"Informe Litoral\",\"description\":\"&quot;Nos informamos&quot; \",\"publisher\":{\"@id\":\"https:\\\/\\\/informelitoral.com.ar\\\/#organization\"},\"potentialAction\":[{\"@type\":\"SearchAction\",\"target\":{\"@type\":\"EntryPoint\",\"urlTemplate\":\"https:\\\/\\\/informelitoral.com.ar\\\/?s={search_term_string}\"},\"query-input\":{\"@type\":\"PropertyValueSpecification\",\"valueRequired\":true,\"valueName\":\"search_term_string\"}}],\"inLanguage\":\"es\"},{\"@type\":\"Organization\",\"@id\":\"https:\\\/\\\/informelitoral.com.ar\\\/#organization\",\"name\":\"Informe Litoral\",\"url\":\"https:\\\/\\\/informelitoral.com.ar\\\/\",\"logo\":{\"@type\":\"ImageObject\",\"inLanguage\":\"es\",\"@id\":\"https:\\\/\\\/informelitoral.com.ar\\\/#\\\/schema\\\/logo\\\/image\\\/\",\"url\":\"https:\\\/\\\/informelitoral.com.ar\\\/%77%70%2d%63%6f%6e%74%65%6e%74\\\/uploads\\\/2021\\\/01\\\/circulo.png\",\"contentUrl\":\"https:\\\/\\\/informelitoral.com.ar\\\/%77%70%2d%63%6f%6e%74%65%6e%74\\\/uploads\\\/2021\\\/01\\\/circulo.png\",\"width\":723,\"height\":731,\"caption\":\"Informe Litoral\"},\"image\":{\"@id\":\"https:\\\/\\\/informelitoral.com.ar\\\/#\\\/schema\\\/logo\\\/image\\\/\"},\"sameAs\":[\"https:\\\/\\\/www.facebook.com\\\/informelitoral\\\/\",\"https:\\\/\\\/x.com\\\/InformeLitoral\",\"https:\\\/\\\/www.instagram.com\\\/informelitoral\\\/\",\"https:\\\/\\\/www.youtube.com\\\/channel\\\/UCua4Qvz8Icb6MYqhoq9xLXw\"]},{\"@type\":\"Person\",\"@id\":\"https:\\\/\\\/informelitoral.com.ar\\\/#\\\/schema\\\/person\\\/b9d00407c836482871ef1d57bf8e3180\",\"name\":\"Gonzalo Schmidt\",\"image\":{\"@type\":\"ImageObject\",\"inLanguage\":\"es\",\"@id\":\"https:\\\/\\\/secure.gravatar.com\\\/avatar\\\/31a1a7b66ff2de83bd0e9fd79d026630d2d99e55e8bfe501287647b4fd9743de?s=96&d=mm&r=g\",\"url\":\"https:\\\/\\\/secure.gravatar.com\\\/avatar\\\/31a1a7b66ff2de83bd0e9fd79d026630d2d99e55e8bfe501287647b4fd9743de?s=96&d=mm&r=g\",\"contentUrl\":\"https:\\\/\\\/secure.gravatar.com\\\/avatar\\\/31a1a7b66ff2de83bd0e9fd79d026630d2d99e55e8bfe501287647b4fd9743de?s=96&d=mm&r=g\",\"caption\":\"Gonzalo Schmidt\"},\"description\":\"Sitio web de noticias de la provincia de Entre R\u00edos, Argentina. Informaci\u00f3n y entretenimiento. Informe Litoral, nos informamos.\",\"sameAs\":[\"http:\\\/\\\/www.isletasnoticias.com.ar\"],\"url\":\"https:\\\/\\\/informelitoral.com.ar\\\/author\\\/gonzalo\\\/\"}]}<\/script>","yoast_head_json":{"title":"Es entrerriano el laboratorio que autorizar\u00e1 inhaladores gen\u00e9ricos a menor precio e igual calidad - Informe Litoral","robots":{"index":"index","follow":"follow","max-snippet":"max-snippet:-1","max-image-preview":"max-image-preview:large","max-video-preview":"max-video-preview:-1"},"canonical":"https:\/\/informelitoral.com.ar\/es-entrerriano-el-laboratorio-que-autorizara-inhaladores-genericos-a-menor-precio-e-igual-calidad\/","og_locale":"es_ES","og_type":"article","og_title":"Es entrerriano el laboratorio que autorizar\u00e1 inhaladores gen\u00e9ricos a menor precio e igual calidad - Informe Litoral","og_description":"El gobernador Sergio Urribarri y el Jefe de Gabinete de la Naci&oacute;n, Jorge Capitanich, dejaron inaugurada este martes en Paran&aacute; la primera unidad en Latinoam&eacute;rica que autorizar&aacute; la comercializaci&oacute;n de inhaladores gen&eacute;ricos (conocidos como PAF) para enfermedades respiratorias. Fue en el laboratorio entrerriano DominguezLab que ampli&oacute; sus instalaciones con financiamiento estatal. Este nuevo servicio permitir&aacute; [&hellip;]","og_url":"https:\/\/informelitoral.com.ar\/es-entrerriano-el-laboratorio-que-autorizara-inhaladores-genericos-a-menor-precio-e-igual-calidad\/","og_site_name":"Informe Litoral","article_publisher":"https:\/\/www.facebook.com\/informelitoral\/","article_published_time":"2014-11-13T12:32:24+00:00","og_image":[{"width":492,"height":328,"url":"https:\/\/informelitoral.com.ar\/%77%70%2d%63%6f%6e%74%65%6e%74\/uploads\/2014\/11\/b_1415748482.jpg","type":"image\/jpeg"}],"author":"Gonzalo Schmidt","twitter_card":"summary_large_image","twitter_creator":"@InformeLitoral","twitter_site":"@InformeLitoral","twitter_misc":{"Escrito por":"Gonzalo Schmidt","Tiempo de lectura":"8 minutos"},"schema":{"@context":"https:\/\/schema.org","@graph":[{"@type":"Article","@id":"https:\/\/informelitoral.com.ar\/es-entrerriano-el-laboratorio-que-autorizara-inhaladores-genericos-a-menor-precio-e-igual-calidad\/#article","isPartOf":{"@id":"https:\/\/informelitoral.com.ar\/es-entrerriano-el-laboratorio-que-autorizara-inhaladores-genericos-a-menor-precio-e-igual-calidad\/"},"author":{"name":"Gonzalo Schmidt","@id":"https:\/\/informelitoral.com.ar\/#\/schema\/person\/b9d00407c836482871ef1d57bf8e3180"},"headline":"Es entrerriano el laboratorio que autorizar\u00e1 inhaladores gen\u00e9ricos a menor precio e igual calidad","datePublished":"2014-11-13T12:32:24+00:00","mainEntityOfPage":{"@id":"https:\/\/informelitoral.com.ar\/es-entrerriano-el-laboratorio-que-autorizara-inhaladores-genericos-a-menor-precio-e-igual-calidad\/"},"wordCount":1529,"commentCount":0,"publisher":{"@id":"https:\/\/informelitoral.com.ar\/#organization"},"image":{"@id":"https:\/\/informelitoral.com.ar\/es-entrerriano-el-laboratorio-que-autorizara-inhaladores-genericos-a-menor-precio-e-igual-calidad\/#primaryimage"},"thumbnailUrl":"http:\/\/www.isletasnoticias.com.ar\/%77%70%2d%63%6f%6e%74%65%6e%74\/uploads\/2014\/11\/b_1415748482-300x200.jpg","articleSection":["Entre R\u00edos"],"inLanguage":"es","potentialAction":[{"@type":"CommentAction","name":"Comment","target":["https:\/\/informelitoral.com.ar\/es-entrerriano-el-laboratorio-que-autorizara-inhaladores-genericos-a-menor-precio-e-igual-calidad\/#respond"]}]},{"@type":"WebPage","@id":"https:\/\/informelitoral.com.ar\/es-entrerriano-el-laboratorio-que-autorizara-inhaladores-genericos-a-menor-precio-e-igual-calidad\/","url":"https:\/\/informelitoral.com.ar\/es-entrerriano-el-laboratorio-que-autorizara-inhaladores-genericos-a-menor-precio-e-igual-calidad\/","name":"Es entrerriano el laboratorio que autorizar\u00e1 inhaladores gen\u00e9ricos a menor precio e igual calidad - Informe Litoral","isPartOf":{"@id":"https:\/\/informelitoral.com.ar\/#website"},"primaryImageOfPage":{"@id":"https:\/\/informelitoral.com.ar\/es-entrerriano-el-laboratorio-que-autorizara-inhaladores-genericos-a-menor-precio-e-igual-calidad\/#primaryimage"},"image":{"@id":"https:\/\/informelitoral.com.ar\/es-entrerriano-el-laboratorio-que-autorizara-inhaladores-genericos-a-menor-precio-e-igual-calidad\/#primaryimage"},"thumbnailUrl":"http:\/\/www.isletasnoticias.com.ar\/%77%70%2d%63%6f%6e%74%65%6e%74\/uploads\/2014\/11\/b_1415748482-300x200.jpg","datePublished":"2014-11-13T12:32:24+00:00","breadcrumb":{"@id":"https:\/\/informelitoral.com.ar\/es-entrerriano-el-laboratorio-que-autorizara-inhaladores-genericos-a-menor-precio-e-igual-calidad\/#breadcrumb"},"inLanguage":"es","potentialAction":[{"@type":"ReadAction","target":["https:\/\/informelitoral.com.ar\/es-entrerriano-el-laboratorio-que-autorizara-inhaladores-genericos-a-menor-precio-e-igual-calidad\/"]}]},{"@type":"ImageObject","inLanguage":"es","@id":"https:\/\/informelitoral.com.ar\/es-entrerriano-el-laboratorio-que-autorizara-inhaladores-genericos-a-menor-precio-e-igual-calidad\/#primaryimage","url":"http:\/\/www.isletasnoticias.com.ar\/%77%70%2d%63%6f%6e%74%65%6e%74\/uploads\/2014\/11\/b_1415748482-300x200.jpg","contentUrl":"http:\/\/www.isletasnoticias.com.ar\/%77%70%2d%63%6f%6e%74%65%6e%74\/uploads\/2014\/11\/b_1415748482-300x200.jpg"},{"@type":"BreadcrumbList","@id":"https:\/\/informelitoral.com.ar\/es-entrerriano-el-laboratorio-que-autorizara-inhaladores-genericos-a-menor-precio-e-igual-calidad\/#breadcrumb","itemListElement":[{"@type":"ListItem","position":1,"name":"Portada","item":"https:\/\/informelitoral.com.ar\/"},{"@type":"ListItem","position":2,"name":"Es entrerriano el laboratorio que autorizar\u00e1 inhaladores gen\u00e9ricos a menor precio e igual calidad"}]},{"@type":"WebSite","@id":"https:\/\/informelitoral.com.ar\/#website","url":"https:\/\/informelitoral.com.ar\/","name":"Informe Litoral","description":"&quot;Nos informamos&quot; ","publisher":{"@id":"https:\/\/informelitoral.com.ar\/#organization"},"potentialAction":[{"@type":"SearchAction","target":{"@type":"EntryPoint","urlTemplate":"https:\/\/informelitoral.com.ar\/?s={search_term_string}"},"query-input":{"@type":"PropertyValueSpecification","valueRequired":true,"valueName":"search_term_string"}}],"inLanguage":"es"},{"@type":"Organization","@id":"https:\/\/informelitoral.com.ar\/#organization","name":"Informe Litoral","url":"https:\/\/informelitoral.com.ar\/","logo":{"@type":"ImageObject","inLanguage":"es","@id":"https:\/\/informelitoral.com.ar\/#\/schema\/logo\/image\/","url":"https:\/\/informelitoral.com.ar\/%77%70%2d%63%6f%6e%74%65%6e%74\/uploads\/2021\/01\/circulo.png","contentUrl":"https:\/\/informelitoral.com.ar\/%77%70%2d%63%6f%6e%74%65%6e%74\/uploads\/2021\/01\/circulo.png","width":723,"height":731,"caption":"Informe Litoral"},"image":{"@id":"https:\/\/informelitoral.com.ar\/#\/schema\/logo\/image\/"},"sameAs":["https:\/\/www.facebook.com\/informelitoral\/","https:\/\/x.com\/InformeLitoral","https:\/\/www.instagram.com\/informelitoral\/","https:\/\/www.youtube.com\/channel\/UCua4Qvz8Icb6MYqhoq9xLXw"]},{"@type":"Person","@id":"https:\/\/informelitoral.com.ar\/#\/schema\/person\/b9d00407c836482871ef1d57bf8e3180","name":"Gonzalo Schmidt","image":{"@type":"ImageObject","inLanguage":"es","@id":"https:\/\/secure.gravatar.com\/avatar\/31a1a7b66ff2de83bd0e9fd79d026630d2d99e55e8bfe501287647b4fd9743de?s=96&d=mm&r=g","url":"https:\/\/secure.gravatar.com\/avatar\/31a1a7b66ff2de83bd0e9fd79d026630d2d99e55e8bfe501287647b4fd9743de?s=96&d=mm&r=g","contentUrl":"https:\/\/secure.gravatar.com\/avatar\/31a1a7b66ff2de83bd0e9fd79d026630d2d99e55e8bfe501287647b4fd9743de?s=96&d=mm&r=g","caption":"Gonzalo Schmidt"},"description":"Sitio web de noticias de la provincia de Entre R\u00edos, Argentina. Informaci\u00f3n y entretenimiento. Informe Litoral, nos informamos.","sameAs":["http:\/\/www.isletasnoticias.com.ar"],"url":"https:\/\/informelitoral.com.ar\/author\/gonzalo\/"}]}},"_links":{"self":[{"href":"https:\/\/informelitoral.com.ar\/%77%70%2d%6a%73%6f%6e\/wp\/v2\/posts\/8945","targetHints":{"allow":["GET"]}}],"collection":[{"href":"https:\/\/informelitoral.com.ar\/%77%70%2d%6a%73%6f%6e\/wp\/v2\/posts"}],"about":[{"href":"https:\/\/informelitoral.com.ar\/%77%70%2d%6a%73%6f%6e\/wp\/v2\/types\/post"}],"author":[{"embeddable":true,"href":"https:\/\/informelitoral.com.ar\/%77%70%2d%6a%73%6f%6e\/wp\/v2\/users\/2"}],"replies":[{"embeddable":true,"href":"https:\/\/informelitoral.com.ar\/%77%70%2d%6a%73%6f%6e\/wp\/v2\/comments?post=8945"}],"version-history":[{"count":0,"href":"https:\/\/informelitoral.com.ar\/%77%70%2d%6a%73%6f%6e\/wp\/v2\/posts\/8945\/revisions"}],"wp:attachment":[{"href":"https:\/\/informelitoral.com.ar\/%77%70%2d%6a%73%6f%6e\/wp\/v2\/media?parent=8945"}],"wp:term":[{"taxonomy":"category","embeddable":true,"href":"https:\/\/informelitoral.com.ar\/%77%70%2d%6a%73%6f%6e\/wp\/v2\/categories?post=8945"},{"taxonomy":"post_tag","embeddable":true,"href":"https:\/\/informelitoral.com.ar\/%77%70%2d%6a%73%6f%6e\/wp\/v2\/tags?post=8945"}],"curies":[{"name":"wp","href":"https:\/\/api.w.org\/{rel}","templated":true}]}}