{"id":89421,"date":"2022-10-10T10:56:18","date_gmt":"2022-10-10T13:56:18","guid":{"rendered":"https:\/\/www.informelitoral.com.ar\/?p=89421"},"modified":"2022-10-10T10:59:50","modified_gmt":"2022-10-10T13:59:50","slug":"conductor-ebrio-choco-al-grupo-kapanga-nos-podriamos-haber-matado","status":"publish","type":"post","link":"https:\/\/informelitoral.com.ar\/conductor-ebrio-choco-al-grupo-kapanga-nos-podriamos-haber-matado\/","title":{"rendered":"Conductor ebrio choc\u00f3 al grupo Kapanga: \u201cNos podr\u00edamos haber matado\u201d"},"content":{"rendered":"<p>Los integrantes del grupo de rock Kapanga sufrieron un fuerte choque cuando volv\u00edan de un recital en C\u00f3rdoba. El accidente ocurri\u00f3 en la ruta 7 y la provincial 51, a la altura de Carmen de Areco. Afortunadamente, no hubo heridos.<\/p>\n<p>\u201cEst\u00e1bamos volviendo de C\u00f3rdoba a Escobar de un show y un auto nos choc\u00f3. Es la primera vez que tenemos un accidente de este tipo. El Mono y todos estamos muy nerviosos por lo que pas\u00f3. Es un fin de semana lleno de turismo y nosotros somos laburantes de las rutas\u201d, describiendo Leandro, manager de la banda oriunda de Quilmes.<\/p>\n<p>\u201cSobre la ruta 51, un Chevrolet Cruise cort\u00f3 la ruta y nos peg\u00f3 a nosotros. Los que manejaban eran dos personas de 55 a\u00f1os aproximadamente. Nos pod\u00edamos haber matado o nosotros a ellos. Es una locura. Es la primera vez que nos pasa algo as\u00ed en 27 a\u00f1os de carrera\u201d, agreg\u00f3.<\/p>\n<p>En una entrevista con TN, el cantante de la banda, que todav\u00eda est\u00e1 en el lugar del accidente, dijo que las dos personas que conduc\u00edan el auto con el que chocaron \u201cno pod\u00edan hablar de la borrachera\u201d. \u201cNos podr\u00edamos haber matado. Si sirve el mensaje, no m\u00e1s alcohol al volante. Si no vas a manejar, hac\u00e9 lo que quieras de tu vida\u201d, lanz\u00f3.<\/p>\n<p>El Mono, adem\u00e1s, dijo que los conductores del veh\u00edculo que impact\u00f3 de frente no ten\u00edan puesto el cintur\u00f3n de seguridad. \u201cEs la primera vez en tantos a\u00f1os de estar en la ruta que nos pasa algo as\u00ed\u201d, remarc\u00f3.<br \/>\nKapanga, un grupo que se caracteriza por sus giras por todo el pa\u00eds, llevando sus cl\u00e1sicos por distintos escenarios, se hab\u00edan presentado ayer en un evento por el \u201c136 aniversario de Labulaye\u201d y su pr\u00f3ximo compromiso era en Escobar, en \u201cLa Fiesta Nacional de la Flor\u201d.<\/p>\n","protected":false},"excerpt":{"rendered":"<p>La banda volv\u00eda de un show en C\u00f3rdoba y su veh\u00edculo fue chocado a la altura de Carmen de Areco. Afortunadamente, no hubo heridos. \u201cSi sirve el mensaje, no m\u00e1s alcohol al volante\u201d, afirm\u00f3 el Mono.<\/p>\n","protected":false},"author":8,"featured_media":89426,"comment_status":"open","ping_status":"open","sticky":false,"template":"","format":"standard","meta":{"fifu_image_url":"","fifu_image_alt":"","footnotes":""},"categories":[12],"tags":[304,3348],"class_list":{"0":"post-89421","1":"post","2":"type-post","3":"status-publish","4":"format-standard","5":"has-post-thumbnail","7":"category-espectaculos","8":"tag-accidente-vial","9":"tag-kapanga"},"yoast_head":"<title>Conductor ebrio choc\u00f3 al grupo Kapanga: \u201cNos podr\u00edamos haber matado\u201d - Informe Litoral<\/title>\n<meta name=\"robots\" content=\"index, follow, max-snippet:-1, max-image-preview:large, max-video-preview:-1\" \/>\n<link rel=\"canonical\" href=\"https:\/\/informelitoral.com.ar\/conductor-ebrio-choco-al-grupo-kapanga-nos-podriamos-haber-matado\/\" \/>\n<meta property=\"og:locale\" content=\"es_ES\" \/>\n<meta property=\"og:type\" content=\"article\" \/>\n<meta property=\"og:title\" content=\"Conductor ebrio choc\u00f3 al grupo Kapanga: \u201cNos podr\u00edamos haber matado\u201d - Informe Litoral\" \/>\n<meta property=\"og:description\" content=\"La banda volv\u00eda de un show en C\u00f3rdoba y su veh\u00edculo fue chocado a la altura de Carmen de Areco. Afortunadamente, no hubo heridos. \u201cSi sirve el mensaje, no m\u00e1s alcohol al volante\u201d, afirm\u00f3 el Mono.\" \/>\n<meta property=\"og:url\" content=\"https:\/\/informelitoral.com.ar\/conductor-ebrio-choco-al-grupo-kapanga-nos-podriamos-haber-matado\/\" \/>\n<meta property=\"og:site_name\" content=\"Informe Litoral\" \/>\n<meta property=\"article:publisher\" content=\"https:\/\/www.facebook.com\/informelitoral\/\" \/>\n<meta property=\"article:published_time\" content=\"2022-10-10T13:56:18+00:00\" \/>\n<meta property=\"article:modified_time\" content=\"2022-10-10T13:59:50+00:00\" \/>\n<meta property=\"og:image\" content=\"https:\/\/informelitoral.com.ar\/%77%70%2d%63%6f%6e%74%65%6e%74\/uploads\/2022\/10\/o_1665405427-1.jpg\" \/>\n\t<meta property=\"og:image:width\" content=\"800\" \/>\n\t<meta property=\"og:image:height\" content=\"450\" \/>\n\t<meta property=\"og:image:type\" content=\"image\/jpeg\" \/>\n<meta name=\"author\" content=\"Sebastian\" \/>\n<meta name=\"twitter:card\" content=\"summary_large_image\" \/>\n<meta name=\"twitter:creator\" content=\"@InformeLitoral\" \/>\n<meta name=\"twitter:site\" content=\"@InformeLitoral\" \/>\n<meta name=\"twitter:label1\" content=\"Escrito por\" \/>\n\t<meta name=\"twitter:data1\" content=\"Sebastian\" \/>\n\t<meta name=\"twitter:label2\" content=\"Tiempo de lectura\" \/>\n\t<meta name=\"twitter:data2\" content=\"2 minutos\" \/>\n<script type=\"application\/ld+json\" class=\"yoast-schema-graph\">{\"@context\":\"https:\\\/\\\/schema.org\",\"@graph\":[{\"@type\":\"Article\",\"@id\":\"https:\\\/\\\/informelitoral.com.ar\\\/conductor-ebrio-choco-al-grupo-kapanga-nos-podriamos-haber-matado\\\/#article\",\"isPartOf\":{\"@id\":\"https:\\\/\\\/informelitoral.com.ar\\\/conductor-ebrio-choco-al-grupo-kapanga-nos-podriamos-haber-matado\\\/\"},\"author\":{\"name\":\"Sebastian\",\"@id\":\"https:\\\/\\\/informelitoral.com.ar\\\/#\\\/schema\\\/person\\\/f05f9f461677119578717524b127d6d5\"},\"headline\":\"Conductor ebrio choc\u00f3 al grupo Kapanga: \u201cNos podr\u00edamos haber matado\u201d\",\"datePublished\":\"2022-10-10T13:56:18+00:00\",\"dateModified\":\"2022-10-10T13:59:50+00:00\",\"mainEntityOfPage\":{\"@id\":\"https:\\\/\\\/informelitoral.com.ar\\\/conductor-ebrio-choco-al-grupo-kapanga-nos-podriamos-haber-matado\\\/\"},\"wordCount\":324,\"commentCount\":0,\"publisher\":{\"@id\":\"https:\\\/\\\/informelitoral.com.ar\\\/#organization\"},\"image\":{\"@id\":\"https:\\\/\\\/informelitoral.com.ar\\\/conductor-ebrio-choco-al-grupo-kapanga-nos-podriamos-haber-matado\\\/#primaryimage\"},\"thumbnailUrl\":\"https:\\\/\\\/informelitoral.com.ar\\\/%77%70%2d%63%6f%6e%74%65%6e%74\\\/uploads\\\/2022\\\/10\\\/o_1665405427-1.jpg\",\"keywords\":[\"Accidente vial\",\"Kapanga\"],\"articleSection\":[\"Espect\u00e1culos\"],\"inLanguage\":\"es\",\"potentialAction\":[{\"@type\":\"CommentAction\",\"name\":\"Comment\",\"target\":[\"https:\\\/\\\/informelitoral.com.ar\\\/conductor-ebrio-choco-al-grupo-kapanga-nos-podriamos-haber-matado\\\/#respond\"]}]},{\"@type\":\"WebPage\",\"@id\":\"https:\\\/\\\/informelitoral.com.ar\\\/conductor-ebrio-choco-al-grupo-kapanga-nos-podriamos-haber-matado\\\/\",\"url\":\"https:\\\/\\\/informelitoral.com.ar\\\/conductor-ebrio-choco-al-grupo-kapanga-nos-podriamos-haber-matado\\\/\",\"name\":\"Conductor ebrio choc\u00f3 al grupo Kapanga: \u201cNos podr\u00edamos haber matado\u201d - Informe Litoral\",\"isPartOf\":{\"@id\":\"https:\\\/\\\/informelitoral.com.ar\\\/#website\"},\"primaryImageOfPage\":{\"@id\":\"https:\\\/\\\/informelitoral.com.ar\\\/conductor-ebrio-choco-al-grupo-kapanga-nos-podriamos-haber-matado\\\/#primaryimage\"},\"image\":{\"@id\":\"https:\\\/\\\/informelitoral.com.ar\\\/conductor-ebrio-choco-al-grupo-kapanga-nos-podriamos-haber-matado\\\/#primaryimage\"},\"thumbnailUrl\":\"https:\\\/\\\/informelitoral.com.ar\\\/%77%70%2d%63%6f%6e%74%65%6e%74\\\/uploads\\\/2022\\\/10\\\/o_1665405427-1.jpg\",\"datePublished\":\"2022-10-10T13:56:18+00:00\",\"dateModified\":\"2022-10-10T13:59:50+00:00\",\"breadcrumb\":{\"@id\":\"https:\\\/\\\/informelitoral.com.ar\\\/conductor-ebrio-choco-al-grupo-kapanga-nos-podriamos-haber-matado\\\/#breadcrumb\"},\"inLanguage\":\"es\",\"potentialAction\":[{\"@type\":\"ReadAction\",\"target\":[\"https:\\\/\\\/informelitoral.com.ar\\\/conductor-ebrio-choco-al-grupo-kapanga-nos-podriamos-haber-matado\\\/\"]}]},{\"@type\":\"ImageObject\",\"inLanguage\":\"es\",\"@id\":\"https:\\\/\\\/informelitoral.com.ar\\\/conductor-ebrio-choco-al-grupo-kapanga-nos-podriamos-haber-matado\\\/#primaryimage\",\"url\":\"https:\\\/\\\/informelitoral.com.ar\\\/%77%70%2d%63%6f%6e%74%65%6e%74\\\/uploads\\\/2022\\\/10\\\/o_1665405427-1.jpg\",\"contentUrl\":\"https:\\\/\\\/informelitoral.com.ar\\\/%77%70%2d%63%6f%6e%74%65%6e%74\\\/uploads\\\/2022\\\/10\\\/o_1665405427-1.jpg\",\"width\":800,\"height\":450},{\"@type\":\"BreadcrumbList\",\"@id\":\"https:\\\/\\\/informelitoral.com.ar\\\/conductor-ebrio-choco-al-grupo-kapanga-nos-podriamos-haber-matado\\\/#breadcrumb\",\"itemListElement\":[{\"@type\":\"ListItem\",\"position\":1,\"name\":\"Portada\",\"item\":\"https:\\\/\\\/informelitoral.com.ar\\\/\"},{\"@type\":\"ListItem\",\"position\":2,\"name\":\"Conductor ebrio choc\u00f3 al grupo Kapanga: \u201cNos podr\u00edamos haber matado\u201d\"}]},{\"@type\":\"WebSite\",\"@id\":\"https:\\\/\\\/informelitoral.com.ar\\\/#website\",\"url\":\"https:\\\/\\\/informelitoral.com.ar\\\/\",\"name\":\"Informe Litoral\",\"description\":\"&quot;Nos informamos&quot; \",\"publisher\":{\"@id\":\"https:\\\/\\\/informelitoral.com.ar\\\/#organization\"},\"potentialAction\":[{\"@type\":\"SearchAction\",\"target\":{\"@type\":\"EntryPoint\",\"urlTemplate\":\"https:\\\/\\\/informelitoral.com.ar\\\/?s={search_term_string}\"},\"query-input\":{\"@type\":\"PropertyValueSpecification\",\"valueRequired\":true,\"valueName\":\"search_term_string\"}}],\"inLanguage\":\"es\"},{\"@type\":\"Organization\",\"@id\":\"https:\\\/\\\/informelitoral.com.ar\\\/#organization\",\"name\":\"Informe Litoral\",\"url\":\"https:\\\/\\\/informelitoral.com.ar\\\/\",\"logo\":{\"@type\":\"ImageObject\",\"inLanguage\":\"es\",\"@id\":\"https:\\\/\\\/informelitoral.com.ar\\\/#\\\/schema\\\/logo\\\/image\\\/\",\"url\":\"https:\\\/\\\/informelitoral.com.ar\\\/%77%70%2d%63%6f%6e%74%65%6e%74\\\/uploads\\\/2021\\\/01\\\/circulo.png\",\"contentUrl\":\"https:\\\/\\\/informelitoral.com.ar\\\/%77%70%2d%63%6f%6e%74%65%6e%74\\\/uploads\\\/2021\\\/01\\\/circulo.png\",\"width\":723,\"height\":731,\"caption\":\"Informe Litoral\"},\"image\":{\"@id\":\"https:\\\/\\\/informelitoral.com.ar\\\/#\\\/schema\\\/logo\\\/image\\\/\"},\"sameAs\":[\"https:\\\/\\\/www.facebook.com\\\/informelitoral\\\/\",\"https:\\\/\\\/x.com\\\/InformeLitoral\",\"https:\\\/\\\/www.instagram.com\\\/informelitoral\\\/\",\"https:\\\/\\\/www.youtube.com\\\/channel\\\/UCua4Qvz8Icb6MYqhoq9xLXw\"]},{\"@type\":\"Person\",\"@id\":\"https:\\\/\\\/informelitoral.com.ar\\\/#\\\/schema\\\/person\\\/f05f9f461677119578717524b127d6d5\",\"name\":\"Sebastian\",\"image\":{\"@type\":\"ImageObject\",\"inLanguage\":\"es\",\"@id\":\"https:\\\/\\\/secure.gravatar.com\\\/avatar\\\/b71bf7481d447dfb9583c7f2798e7cc64de6efb9067b74633ed8c31059a3bd82?s=96&d=mm&r=g\",\"url\":\"https:\\\/\\\/secure.gravatar.com\\\/avatar\\\/b71bf7481d447dfb9583c7f2798e7cc64de6efb9067b74633ed8c31059a3bd82?s=96&d=mm&r=g\",\"contentUrl\":\"https:\\\/\\\/secure.gravatar.com\\\/avatar\\\/b71bf7481d447dfb9583c7f2798e7cc64de6efb9067b74633ed8c31059a3bd82?s=96&d=mm&r=g\",\"caption\":\"Sebastian\"},\"url\":\"https:\\\/\\\/informelitoral.com.ar\\\/author\\\/sebastian\\\/\"}]}<\/script>","yoast_head_json":{"title":"Conductor ebrio choc\u00f3 al grupo Kapanga: \u201cNos podr\u00edamos haber matado\u201d - Informe Litoral","robots":{"index":"index","follow":"follow","max-snippet":"max-snippet:-1","max-image-preview":"max-image-preview:large","max-video-preview":"max-video-preview:-1"},"canonical":"https:\/\/informelitoral.com.ar\/conductor-ebrio-choco-al-grupo-kapanga-nos-podriamos-haber-matado\/","og_locale":"es_ES","og_type":"article","og_title":"Conductor ebrio choc\u00f3 al grupo Kapanga: \u201cNos podr\u00edamos haber matado\u201d - Informe Litoral","og_description":"La banda volv\u00eda de un show en C\u00f3rdoba y su veh\u00edculo fue chocado a la altura de Carmen de Areco. Afortunadamente, no hubo heridos. \u201cSi sirve el mensaje, no m\u00e1s alcohol al volante\u201d, afirm\u00f3 el Mono.","og_url":"https:\/\/informelitoral.com.ar\/conductor-ebrio-choco-al-grupo-kapanga-nos-podriamos-haber-matado\/","og_site_name":"Informe Litoral","article_publisher":"https:\/\/www.facebook.com\/informelitoral\/","article_published_time":"2022-10-10T13:56:18+00:00","article_modified_time":"2022-10-10T13:59:50+00:00","og_image":[{"width":800,"height":450,"url":"https:\/\/informelitoral.com.ar\/%77%70%2d%63%6f%6e%74%65%6e%74\/uploads\/2022\/10\/o_1665405427-1.jpg","type":"image\/jpeg"}],"author":"Sebastian","twitter_card":"summary_large_image","twitter_creator":"@InformeLitoral","twitter_site":"@InformeLitoral","twitter_misc":{"Escrito por":"Sebastian","Tiempo de lectura":"2 minutos"},"schema":{"@context":"https:\/\/schema.org","@graph":[{"@type":"Article","@id":"https:\/\/informelitoral.com.ar\/conductor-ebrio-choco-al-grupo-kapanga-nos-podriamos-haber-matado\/#article","isPartOf":{"@id":"https:\/\/informelitoral.com.ar\/conductor-ebrio-choco-al-grupo-kapanga-nos-podriamos-haber-matado\/"},"author":{"name":"Sebastian","@id":"https:\/\/informelitoral.com.ar\/#\/schema\/person\/f05f9f461677119578717524b127d6d5"},"headline":"Conductor ebrio choc\u00f3 al grupo Kapanga: \u201cNos podr\u00edamos haber matado\u201d","datePublished":"2022-10-10T13:56:18+00:00","dateModified":"2022-10-10T13:59:50+00:00","mainEntityOfPage":{"@id":"https:\/\/informelitoral.com.ar\/conductor-ebrio-choco-al-grupo-kapanga-nos-podriamos-haber-matado\/"},"wordCount":324,"commentCount":0,"publisher":{"@id":"https:\/\/informelitoral.com.ar\/#organization"},"image":{"@id":"https:\/\/informelitoral.com.ar\/conductor-ebrio-choco-al-grupo-kapanga-nos-podriamos-haber-matado\/#primaryimage"},"thumbnailUrl":"https:\/\/informelitoral.com.ar\/%77%70%2d%63%6f%6e%74%65%6e%74\/uploads\/2022\/10\/o_1665405427-1.jpg","keywords":["Accidente vial","Kapanga"],"articleSection":["Espect\u00e1culos"],"inLanguage":"es","potentialAction":[{"@type":"CommentAction","name":"Comment","target":["https:\/\/informelitoral.com.ar\/conductor-ebrio-choco-al-grupo-kapanga-nos-podriamos-haber-matado\/#respond"]}]},{"@type":"WebPage","@id":"https:\/\/informelitoral.com.ar\/conductor-ebrio-choco-al-grupo-kapanga-nos-podriamos-haber-matado\/","url":"https:\/\/informelitoral.com.ar\/conductor-ebrio-choco-al-grupo-kapanga-nos-podriamos-haber-matado\/","name":"Conductor ebrio choc\u00f3 al grupo Kapanga: \u201cNos podr\u00edamos haber matado\u201d - Informe Litoral","isPartOf":{"@id":"https:\/\/informelitoral.com.ar\/#website"},"primaryImageOfPage":{"@id":"https:\/\/informelitoral.com.ar\/conductor-ebrio-choco-al-grupo-kapanga-nos-podriamos-haber-matado\/#primaryimage"},"image":{"@id":"https:\/\/informelitoral.com.ar\/conductor-ebrio-choco-al-grupo-kapanga-nos-podriamos-haber-matado\/#primaryimage"},"thumbnailUrl":"https:\/\/informelitoral.com.ar\/%77%70%2d%63%6f%6e%74%65%6e%74\/uploads\/2022\/10\/o_1665405427-1.jpg","datePublished":"2022-10-10T13:56:18+00:00","dateModified":"2022-10-10T13:59:50+00:00","breadcrumb":{"@id":"https:\/\/informelitoral.com.ar\/conductor-ebrio-choco-al-grupo-kapanga-nos-podriamos-haber-matado\/#breadcrumb"},"inLanguage":"es","potentialAction":[{"@type":"ReadAction","target":["https:\/\/informelitoral.com.ar\/conductor-ebrio-choco-al-grupo-kapanga-nos-podriamos-haber-matado\/"]}]},{"@type":"ImageObject","inLanguage":"es","@id":"https:\/\/informelitoral.com.ar\/conductor-ebrio-choco-al-grupo-kapanga-nos-podriamos-haber-matado\/#primaryimage","url":"https:\/\/informelitoral.com.ar\/%77%70%2d%63%6f%6e%74%65%6e%74\/uploads\/2022\/10\/o_1665405427-1.jpg","contentUrl":"https:\/\/informelitoral.com.ar\/%77%70%2d%63%6f%6e%74%65%6e%74\/uploads\/2022\/10\/o_1665405427-1.jpg","width":800,"height":450},{"@type":"BreadcrumbList","@id":"https:\/\/informelitoral.com.ar\/conductor-ebrio-choco-al-grupo-kapanga-nos-podriamos-haber-matado\/#breadcrumb","itemListElement":[{"@type":"ListItem","position":1,"name":"Portada","item":"https:\/\/informelitoral.com.ar\/"},{"@type":"ListItem","position":2,"name":"Conductor ebrio choc\u00f3 al grupo Kapanga: \u201cNos podr\u00edamos haber matado\u201d"}]},{"@type":"WebSite","@id":"https:\/\/informelitoral.com.ar\/#website","url":"https:\/\/informelitoral.com.ar\/","name":"Informe Litoral","description":"&quot;Nos informamos&quot; ","publisher":{"@id":"https:\/\/informelitoral.com.ar\/#organization"},"potentialAction":[{"@type":"SearchAction","target":{"@type":"EntryPoint","urlTemplate":"https:\/\/informelitoral.com.ar\/?s={search_term_string}"},"query-input":{"@type":"PropertyValueSpecification","valueRequired":true,"valueName":"search_term_string"}}],"inLanguage":"es"},{"@type":"Organization","@id":"https:\/\/informelitoral.com.ar\/#organization","name":"Informe Litoral","url":"https:\/\/informelitoral.com.ar\/","logo":{"@type":"ImageObject","inLanguage":"es","@id":"https:\/\/informelitoral.com.ar\/#\/schema\/logo\/image\/","url":"https:\/\/informelitoral.com.ar\/%77%70%2d%63%6f%6e%74%65%6e%74\/uploads\/2021\/01\/circulo.png","contentUrl":"https:\/\/informelitoral.com.ar\/%77%70%2d%63%6f%6e%74%65%6e%74\/uploads\/2021\/01\/circulo.png","width":723,"height":731,"caption":"Informe Litoral"},"image":{"@id":"https:\/\/informelitoral.com.ar\/#\/schema\/logo\/image\/"},"sameAs":["https:\/\/www.facebook.com\/informelitoral\/","https:\/\/x.com\/InformeLitoral","https:\/\/www.instagram.com\/informelitoral\/","https:\/\/www.youtube.com\/channel\/UCua4Qvz8Icb6MYqhoq9xLXw"]},{"@type":"Person","@id":"https:\/\/informelitoral.com.ar\/#\/schema\/person\/f05f9f461677119578717524b127d6d5","name":"Sebastian","image":{"@type":"ImageObject","inLanguage":"es","@id":"https:\/\/secure.gravatar.com\/avatar\/b71bf7481d447dfb9583c7f2798e7cc64de6efb9067b74633ed8c31059a3bd82?s=96&d=mm&r=g","url":"https:\/\/secure.gravatar.com\/avatar\/b71bf7481d447dfb9583c7f2798e7cc64de6efb9067b74633ed8c31059a3bd82?s=96&d=mm&r=g","contentUrl":"https:\/\/secure.gravatar.com\/avatar\/b71bf7481d447dfb9583c7f2798e7cc64de6efb9067b74633ed8c31059a3bd82?s=96&d=mm&r=g","caption":"Sebastian"},"url":"https:\/\/informelitoral.com.ar\/author\/sebastian\/"}]}},"_links":{"self":[{"href":"https:\/\/informelitoral.com.ar\/%77%70%2d%6a%73%6f%6e\/wp\/v2\/posts\/89421","targetHints":{"allow":["GET"]}}],"collection":[{"href":"https:\/\/informelitoral.com.ar\/%77%70%2d%6a%73%6f%6e\/wp\/v2\/posts"}],"about":[{"href":"https:\/\/informelitoral.com.ar\/%77%70%2d%6a%73%6f%6e\/wp\/v2\/types\/post"}],"author":[{"embeddable":true,"href":"https:\/\/informelitoral.com.ar\/%77%70%2d%6a%73%6f%6e\/wp\/v2\/users\/8"}],"replies":[{"embeddable":true,"href":"https:\/\/informelitoral.com.ar\/%77%70%2d%6a%73%6f%6e\/wp\/v2\/comments?post=89421"}],"version-history":[{"count":0,"href":"https:\/\/informelitoral.com.ar\/%77%70%2d%6a%73%6f%6e\/wp\/v2\/posts\/89421\/revisions"}],"wp:featuredmedia":[{"embeddable":true,"href":"https:\/\/informelitoral.com.ar\/%77%70%2d%6a%73%6f%6e\/wp\/v2\/media\/89426"}],"wp:attachment":[{"href":"https:\/\/informelitoral.com.ar\/%77%70%2d%6a%73%6f%6e\/wp\/v2\/media?parent=89421"}],"wp:term":[{"taxonomy":"category","embeddable":true,"href":"https:\/\/informelitoral.com.ar\/%77%70%2d%6a%73%6f%6e\/wp\/v2\/categories?post=89421"},{"taxonomy":"post_tag","embeddable":true,"href":"https:\/\/informelitoral.com.ar\/%77%70%2d%6a%73%6f%6e\/wp\/v2\/tags?post=89421"}],"curies":[{"name":"wp","href":"https:\/\/api.w.org\/{rel}","templated":true}]}}