{"id":8942,"date":"2014-11-12T12:03:42","date_gmt":"2014-11-12T15:03:42","guid":{"rendered":"http:\/\/www.isletasnoticias.com.ar\/?p=8942"},"modified":"2014-11-12T12:18:26","modified_gmt":"2014-11-12T15:18:26","slug":"cada-vez-mas-caro-viajar-desde-el-interior-de-la-provincia-otro-aumento-en-el-transporte-interurbano","status":"publish","type":"post","link":"https:\/\/informelitoral.com.ar\/cada-vez-mas-caro-viajar-desde-el-interior-de-la-provincia-otro-aumento-en-el-transporte-interurbano\/","title":{"rendered":"Cada vez m\u00e1s caro viajar desde el interior de la provincia: otro aumento en el transporte interurbano"},"content":{"rendered":"<p><strong><span class=\"copete\">Estudiantes y trabajadores de distintos departamentos de la provincia se encontraron con que a partir de la jornada del s\u00e1bado se dispuso por parte de la empresa Flecha Bus un aumento indiscriminado y sin consulta popular de las tarifas por los viajes que comunican el interior de la provincia con la capital entrerriana.<a href=\"http:\/\/www.isletasnoticias.com.ar\/%77%70%2d%63%6f%6e%74%65%6e%74\/uploads\/2014\/07\/terminal.jpg\"><img loading=\"lazy\" decoding=\"async\" class=\"aligncenter size-medium wp-image-7461\" src=\"http:\/\/www.isletasnoticias.com.ar\/%77%70%2d%63%6f%6e%74%65%6e%74\/uploads\/2014\/07\/terminal-300x144.jpg\" alt=\"terminal\" width=\"300\" height=\"144\" srcset=\"https:\/\/informelitoral.com.ar\/%77%70%2d%63%6f%6e%74%65%6e%74\/uploads\/2014\/07\/terminal-300x144.jpg 300w, https:\/\/informelitoral.com.ar\/%77%70%2d%63%6f%6e%74%65%6e%74\/uploads\/2014\/07\/terminal.jpg 520w\" sizes=\"auto, (max-width: 300px) 100vw, 300px\" \/><\/a> <\/span><\/strong><\/p>\n<p><span class=\"copete\">Uno de los casos m\u00e1s significativos fue el aumento de 30 pesos en el pasaje que comunica Chajar\u00ed con Paran\u00e1, con los cuales los usuarios que viajaron el viernes a su ciudad de origen y retornaron con el comienzo de la semana laboral se encontraron con el incremento. Adem\u00e1s, la pol\u00edtica de las empresas, como fue con Etacer-Fluviales, es aumentar en los d\u00edas de menos circulaci\u00f3n, para evitar el reclamo generalizado.<\/span><\/p>\n<p>Durante el reclamo que se inici\u00f3 a principios del 2014 provocado por el aumento indiscriminado, exagerado y sin explicaciones por parte de las empresas Etacer (Flecha Bus) y Fluviales (Ersa), en las asambleas donde se discut\u00edan las decisiones ciudadanas, un sector opositor al gobierno pretendi\u00f3 incluir la problem\u00e1tica del aumento a los transportes interurbanos que comunican el interior de la provincia con la capital entrerriana.<\/p>\n<p>Los usuarios de dicho servicio, a diferencia de los de Etacer-Fluviales, sufren aumentos con mayor frecuencia y con menor difusi\u00f3n de la problem\u00e1tica. Distintos estudiantes de la Universidad Nacional de Entre R\u00edos, denunciaron que Flecha Bus (empresa que monopoliza el mercado, teniendo bajo su propiedad las dem\u00e1s firmas), subi\u00f3 este s\u00e1bado sin aviso a los usuarios y de manera indiscriminada el boleto.<\/p>\n<p>El caso m\u00e1s emblem\u00e1tico es el del transporte que comunica Chajar\u00ed con la capital entrerriana (adem\u00e1s de todas las ciudades que est\u00e1n de camino). Los estudiantes y trabajadores que retornaron a su casa durante la jornada de este viernes pagando un pasaje de 120 pesos y al volver se encontraron con un aumento de 30. De esa manera se dificulta la posibilidad concreta, sobre todo para los estudiantes y trabajadores de poco salario, de viajar a su lugar de origen o incluso por motivos laborales.<\/p>\n<p>Otro caso significativo es el de la ciudad de Crespo, que al estar a 44 kms. de distancia, muchos estudiantes y trabajadores deciden viajar a diario para cumplir con sus actividades en Paran\u00e1. El aumento que se remarc\u00f3 el s\u00e1bado es de tres pesos, pero dejando la tarifa total en 21. Cabe reflexionar que, de tener la necesidad de viajar a diario a Paran\u00e1 desde la ciudad crespense, el costo total es de 42 pesos por d\u00eda, 210 pesos a la semana y 880 al mes. El problema de la accesibilidad al transporte p\u00fablico &#8211; bajo \u00f3rbita privada &#8211; que garantiza el derecho de circular libremente, pero que sobre todas las cosas, garantiza el derecho a trabajar y a la educaci\u00f3n.<\/p>\n<p>La problem\u00e1tica se ver\u00eda atenuada, al menos, si las empresas cumplir\u00edan la normativa vigente que establece que en caso de ser estudiante, trabajador, jubilado, se debe aplicar un descuento a la tarifa. El mismo gira alrededor del 20 por ciento, pero son s\u00f3lo algunas de las empresas, en momentos particulares, que aplican el descuento que les obliga la ley.<\/p>\n<p><b>\u00bfD\u00f3nde est\u00e1 el Estado?<\/b><\/p>\n<p>Toda la problem\u00e1tica expresada por los trabajadores y estudiantes, publicada en este art\u00edculo, son consecuencia de una ausencia total de quienes deben garantizar que los derechos del ciudadano se cumplan. Como herencia del menemismo \u2013 y continuidad durante el kirchnerismo-, la poblaci\u00f3n debe afrontar con un transporte p\u00fablico precario, que brinda un servicio ineficaz e inseguro, mientras las empresas llenan sus arcas con altos subsidios otorgados por el Gobierno.<\/p>\n<p>Flecha Bus se vi\u00f3 beneficiada en este sentido y fue construyendo un imperio que monopoliz\u00f3 el mercado a trav\u00e9s de la presi\u00f3n a las empresas locales que se vieron forzadas a vender o entrar en quiebra. Pero esta empresa no podr\u00eda haberse realizado sin la garant\u00eda que le ofrecieron los Estados nacional y provincial, por acci\u00f3n negligente y\/u omisi\u00f3n del mismo car\u00e1cter.<\/p>\n<p>Cabe mencionar que el mecanismo de reclamo que ofrece la Secretar\u00eda de Transporte, a trav\u00e9s de la CNRT, trunca las posibilidades de obtener resultados, puesto que es un reclamo que el usuario debe hacer de forma voluntaria e individual en cada una de las oficinas del organismo. A su vez, es necesario recordar, que en la Terminal de \u00d3mnibus de Paran\u00e1, hasta el conflicto Etacer-Fluviales, no hab\u00eda una oficina instalada de la CNRT, ya que los usuarios deb\u00edan entreg\u00e1rselos a un empleado de la misma que circulaba a partir del conflicto o viajar a Santa Fe, para hacer dicha presentaci\u00f3n.<\/p>\n<p>Mientras tanto la ciudadan\u00eda sigue presa de esta puja, pagando los altos niveles de tarifas, recordando lo sustentable y econ\u00f3mico que era el viaje en tren, mientras las empresas se llevan el dinero recaudado por el servicio m\u00e1s los subsidios a sus arcas, \u00bfd\u00f3nde est\u00e1 el Estado? <em>(An\u00e1lisis Digital)<\/em><\/p>\n","protected":false},"excerpt":{"rendered":"<p>Estudiantes y trabajadores de distintos departamentos de la provincia se encontraron con que a partir de la jornada del s&aacute;bado se dispuso por parte de la empresa Flecha Bus un aumento indiscriminado y sin consulta popular de las tarifas por los viajes que comunican el interior de la provincia con la capital entrerriana. Uno de [&hellip;]<\/p>\n","protected":false},"author":2,"featured_media":0,"comment_status":"open","ping_status":"open","sticky":false,"template":"","format":"standard","meta":{"fifu_image_url":"","fifu_image_alt":"","footnotes":""},"categories":[6],"tags":[],"class_list":{"0":"post-8942","1":"post","2":"type-post","3":"status-publish","4":"format-standard","6":"category-entre-rios"},"yoast_head":"<title>Cada vez m\u00e1s caro viajar desde el interior de la provincia: otro aumento en el transporte interurbano - Informe Litoral<\/title>\n<meta name=\"robots\" content=\"index, follow, max-snippet:-1, max-image-preview:large, max-video-preview:-1\" \/>\n<link rel=\"canonical\" href=\"https:\/\/informelitoral.com.ar\/cada-vez-mas-caro-viajar-desde-el-interior-de-la-provincia-otro-aumento-en-el-transporte-interurbano\/\" \/>\n<meta property=\"og:locale\" content=\"es_ES\" \/>\n<meta property=\"og:type\" content=\"article\" \/>\n<meta property=\"og:title\" content=\"Cada vez m\u00e1s caro viajar desde el interior de la provincia: otro aumento en el transporte interurbano - Informe Litoral\" \/>\n<meta property=\"og:description\" content=\"Estudiantes y trabajadores de distintos departamentos de la provincia se encontraron con que a partir de la jornada del s&aacute;bado se dispuso por parte de la empresa Flecha Bus un aumento indiscriminado y sin consulta popular de las tarifas por los viajes que comunican el interior de la provincia con la capital entrerriana. Uno de [&hellip;]\" \/>\n<meta property=\"og:url\" content=\"https:\/\/informelitoral.com.ar\/cada-vez-mas-caro-viajar-desde-el-interior-de-la-provincia-otro-aumento-en-el-transporte-interurbano\/\" \/>\n<meta property=\"og:site_name\" content=\"Informe Litoral\" \/>\n<meta property=\"article:publisher\" content=\"https:\/\/www.facebook.com\/informelitoral\/\" \/>\n<meta property=\"article:published_time\" content=\"2014-11-12T15:03:42+00:00\" \/>\n<meta property=\"article:modified_time\" content=\"2014-11-12T15:18:26+00:00\" \/>\n<meta property=\"og:image\" content=\"https:\/\/informelitoral.com.ar\/%77%70%2d%63%6f%6e%74%65%6e%74\/uploads\/2014\/07\/terminal.jpg\" \/>\n\t<meta property=\"og:image:width\" content=\"520\" \/>\n\t<meta property=\"og:image:height\" content=\"250\" \/>\n\t<meta property=\"og:image:type\" content=\"image\/jpeg\" \/>\n<meta name=\"author\" content=\"Gonzalo Schmidt\" \/>\n<meta name=\"twitter:card\" content=\"summary_large_image\" \/>\n<meta name=\"twitter:creator\" content=\"@InformeLitoral\" \/>\n<meta name=\"twitter:site\" content=\"@InformeLitoral\" \/>\n<meta name=\"twitter:label1\" content=\"Escrito por\" \/>\n\t<meta name=\"twitter:data1\" content=\"Gonzalo Schmidt\" \/>\n\t<meta name=\"twitter:label2\" content=\"Tiempo de lectura\" \/>\n\t<meta name=\"twitter:data2\" content=\"4 minutos\" \/>\n<script type=\"application\/ld+json\" class=\"yoast-schema-graph\">{\"@context\":\"https:\\\/\\\/schema.org\",\"@graph\":[{\"@type\":\"Article\",\"@id\":\"https:\\\/\\\/informelitoral.com.ar\\\/cada-vez-mas-caro-viajar-desde-el-interior-de-la-provincia-otro-aumento-en-el-transporte-interurbano\\\/#article\",\"isPartOf\":{\"@id\":\"https:\\\/\\\/informelitoral.com.ar\\\/cada-vez-mas-caro-viajar-desde-el-interior-de-la-provincia-otro-aumento-en-el-transporte-interurbano\\\/\"},\"author\":{\"name\":\"Gonzalo Schmidt\",\"@id\":\"https:\\\/\\\/informelitoral.com.ar\\\/#\\\/schema\\\/person\\\/b9d00407c836482871ef1d57bf8e3180\"},\"headline\":\"Cada vez m\u00e1s caro viajar desde el interior de la provincia: otro aumento en el transporte interurbano\",\"datePublished\":\"2014-11-12T15:03:42+00:00\",\"dateModified\":\"2014-11-12T15:18:26+00:00\",\"mainEntityOfPage\":{\"@id\":\"https:\\\/\\\/informelitoral.com.ar\\\/cada-vez-mas-caro-viajar-desde-el-interior-de-la-provincia-otro-aumento-en-el-transporte-interurbano\\\/\"},\"wordCount\":856,\"commentCount\":0,\"publisher\":{\"@id\":\"https:\\\/\\\/informelitoral.com.ar\\\/#organization\"},\"image\":{\"@id\":\"https:\\\/\\\/informelitoral.com.ar\\\/cada-vez-mas-caro-viajar-desde-el-interior-de-la-provincia-otro-aumento-en-el-transporte-interurbano\\\/#primaryimage\"},\"thumbnailUrl\":\"http:\\\/\\\/www.isletasnoticias.com.ar\\\/%77%70%2d%63%6f%6e%74%65%6e%74\\\/uploads\\\/2014\\\/07\\\/terminal-300x144.jpg\",\"articleSection\":[\"Entre R\u00edos\"],\"inLanguage\":\"es\",\"potentialAction\":[{\"@type\":\"CommentAction\",\"name\":\"Comment\",\"target\":[\"https:\\\/\\\/informelitoral.com.ar\\\/cada-vez-mas-caro-viajar-desde-el-interior-de-la-provincia-otro-aumento-en-el-transporte-interurbano\\\/#respond\"]}]},{\"@type\":\"WebPage\",\"@id\":\"https:\\\/\\\/informelitoral.com.ar\\\/cada-vez-mas-caro-viajar-desde-el-interior-de-la-provincia-otro-aumento-en-el-transporte-interurbano\\\/\",\"url\":\"https:\\\/\\\/informelitoral.com.ar\\\/cada-vez-mas-caro-viajar-desde-el-interior-de-la-provincia-otro-aumento-en-el-transporte-interurbano\\\/\",\"name\":\"Cada vez m\u00e1s caro viajar desde el interior de la provincia: otro aumento en el transporte interurbano - Informe Litoral\",\"isPartOf\":{\"@id\":\"https:\\\/\\\/informelitoral.com.ar\\\/#website\"},\"primaryImageOfPage\":{\"@id\":\"https:\\\/\\\/informelitoral.com.ar\\\/cada-vez-mas-caro-viajar-desde-el-interior-de-la-provincia-otro-aumento-en-el-transporte-interurbano\\\/#primaryimage\"},\"image\":{\"@id\":\"https:\\\/\\\/informelitoral.com.ar\\\/cada-vez-mas-caro-viajar-desde-el-interior-de-la-provincia-otro-aumento-en-el-transporte-interurbano\\\/#primaryimage\"},\"thumbnailUrl\":\"http:\\\/\\\/www.isletasnoticias.com.ar\\\/%77%70%2d%63%6f%6e%74%65%6e%74\\\/uploads\\\/2014\\\/07\\\/terminal-300x144.jpg\",\"datePublished\":\"2014-11-12T15:03:42+00:00\",\"dateModified\":\"2014-11-12T15:18:26+00:00\",\"breadcrumb\":{\"@id\":\"https:\\\/\\\/informelitoral.com.ar\\\/cada-vez-mas-caro-viajar-desde-el-interior-de-la-provincia-otro-aumento-en-el-transporte-interurbano\\\/#breadcrumb\"},\"inLanguage\":\"es\",\"potentialAction\":[{\"@type\":\"ReadAction\",\"target\":[\"https:\\\/\\\/informelitoral.com.ar\\\/cada-vez-mas-caro-viajar-desde-el-interior-de-la-provincia-otro-aumento-en-el-transporte-interurbano\\\/\"]}]},{\"@type\":\"ImageObject\",\"inLanguage\":\"es\",\"@id\":\"https:\\\/\\\/informelitoral.com.ar\\\/cada-vez-mas-caro-viajar-desde-el-interior-de-la-provincia-otro-aumento-en-el-transporte-interurbano\\\/#primaryimage\",\"url\":\"http:\\\/\\\/www.isletasnoticias.com.ar\\\/%77%70%2d%63%6f%6e%74%65%6e%74\\\/uploads\\\/2014\\\/07\\\/terminal-300x144.jpg\",\"contentUrl\":\"http:\\\/\\\/www.isletasnoticias.com.ar\\\/%77%70%2d%63%6f%6e%74%65%6e%74\\\/uploads\\\/2014\\\/07\\\/terminal-300x144.jpg\"},{\"@type\":\"BreadcrumbList\",\"@id\":\"https:\\\/\\\/informelitoral.com.ar\\\/cada-vez-mas-caro-viajar-desde-el-interior-de-la-provincia-otro-aumento-en-el-transporte-interurbano\\\/#breadcrumb\",\"itemListElement\":[{\"@type\":\"ListItem\",\"position\":1,\"name\":\"Portada\",\"item\":\"https:\\\/\\\/informelitoral.com.ar\\\/\"},{\"@type\":\"ListItem\",\"position\":2,\"name\":\"Cada vez m\u00e1s caro viajar desde el interior de la provincia: otro aumento en el transporte interurbano\"}]},{\"@type\":\"WebSite\",\"@id\":\"https:\\\/\\\/informelitoral.com.ar\\\/#website\",\"url\":\"https:\\\/\\\/informelitoral.com.ar\\\/\",\"name\":\"Informe Litoral\",\"description\":\"&quot;Nos informamos&quot; \",\"publisher\":{\"@id\":\"https:\\\/\\\/informelitoral.com.ar\\\/#organization\"},\"potentialAction\":[{\"@type\":\"SearchAction\",\"target\":{\"@type\":\"EntryPoint\",\"urlTemplate\":\"https:\\\/\\\/informelitoral.com.ar\\\/?s={search_term_string}\"},\"query-input\":{\"@type\":\"PropertyValueSpecification\",\"valueRequired\":true,\"valueName\":\"search_term_string\"}}],\"inLanguage\":\"es\"},{\"@type\":\"Organization\",\"@id\":\"https:\\\/\\\/informelitoral.com.ar\\\/#organization\",\"name\":\"Informe Litoral\",\"url\":\"https:\\\/\\\/informelitoral.com.ar\\\/\",\"logo\":{\"@type\":\"ImageObject\",\"inLanguage\":\"es\",\"@id\":\"https:\\\/\\\/informelitoral.com.ar\\\/#\\\/schema\\\/logo\\\/image\\\/\",\"url\":\"https:\\\/\\\/informelitoral.com.ar\\\/%77%70%2d%63%6f%6e%74%65%6e%74\\\/uploads\\\/2021\\\/01\\\/circulo.png\",\"contentUrl\":\"https:\\\/\\\/informelitoral.com.ar\\\/%77%70%2d%63%6f%6e%74%65%6e%74\\\/uploads\\\/2021\\\/01\\\/circulo.png\",\"width\":723,\"height\":731,\"caption\":\"Informe Litoral\"},\"image\":{\"@id\":\"https:\\\/\\\/informelitoral.com.ar\\\/#\\\/schema\\\/logo\\\/image\\\/\"},\"sameAs\":[\"https:\\\/\\\/www.facebook.com\\\/informelitoral\\\/\",\"https:\\\/\\\/x.com\\\/InformeLitoral\",\"https:\\\/\\\/www.instagram.com\\\/informelitoral\\\/\",\"https:\\\/\\\/www.youtube.com\\\/channel\\\/UCua4Qvz8Icb6MYqhoq9xLXw\"]},{\"@type\":\"Person\",\"@id\":\"https:\\\/\\\/informelitoral.com.ar\\\/#\\\/schema\\\/person\\\/b9d00407c836482871ef1d57bf8e3180\",\"name\":\"Gonzalo Schmidt\",\"image\":{\"@type\":\"ImageObject\",\"inLanguage\":\"es\",\"@id\":\"https:\\\/\\\/secure.gravatar.com\\\/avatar\\\/31a1a7b66ff2de83bd0e9fd79d026630d2d99e55e8bfe501287647b4fd9743de?s=96&d=mm&r=g\",\"url\":\"https:\\\/\\\/secure.gravatar.com\\\/avatar\\\/31a1a7b66ff2de83bd0e9fd79d026630d2d99e55e8bfe501287647b4fd9743de?s=96&d=mm&r=g\",\"contentUrl\":\"https:\\\/\\\/secure.gravatar.com\\\/avatar\\\/31a1a7b66ff2de83bd0e9fd79d026630d2d99e55e8bfe501287647b4fd9743de?s=96&d=mm&r=g\",\"caption\":\"Gonzalo Schmidt\"},\"description\":\"Sitio web de noticias de la provincia de Entre R\u00edos, Argentina. Informaci\u00f3n y entretenimiento. Informe Litoral, nos informamos.\",\"sameAs\":[\"http:\\\/\\\/www.isletasnoticias.com.ar\"],\"url\":\"https:\\\/\\\/informelitoral.com.ar\\\/author\\\/gonzalo\\\/\"}]}<\/script>","yoast_head_json":{"title":"Cada vez m\u00e1s caro viajar desde el interior de la provincia: otro aumento en el transporte interurbano - Informe Litoral","robots":{"index":"index","follow":"follow","max-snippet":"max-snippet:-1","max-image-preview":"max-image-preview:large","max-video-preview":"max-video-preview:-1"},"canonical":"https:\/\/informelitoral.com.ar\/cada-vez-mas-caro-viajar-desde-el-interior-de-la-provincia-otro-aumento-en-el-transporte-interurbano\/","og_locale":"es_ES","og_type":"article","og_title":"Cada vez m\u00e1s caro viajar desde el interior de la provincia: otro aumento en el transporte interurbano - Informe Litoral","og_description":"Estudiantes y trabajadores de distintos departamentos de la provincia se encontraron con que a partir de la jornada del s&aacute;bado se dispuso por parte de la empresa Flecha Bus un aumento indiscriminado y sin consulta popular de las tarifas por los viajes que comunican el interior de la provincia con la capital entrerriana. Uno de [&hellip;]","og_url":"https:\/\/informelitoral.com.ar\/cada-vez-mas-caro-viajar-desde-el-interior-de-la-provincia-otro-aumento-en-el-transporte-interurbano\/","og_site_name":"Informe Litoral","article_publisher":"https:\/\/www.facebook.com\/informelitoral\/","article_published_time":"2014-11-12T15:03:42+00:00","article_modified_time":"2014-11-12T15:18:26+00:00","og_image":[{"width":520,"height":250,"url":"https:\/\/informelitoral.com.ar\/%77%70%2d%63%6f%6e%74%65%6e%74\/uploads\/2014\/07\/terminal.jpg","type":"image\/jpeg"}],"author":"Gonzalo Schmidt","twitter_card":"summary_large_image","twitter_creator":"@InformeLitoral","twitter_site":"@InformeLitoral","twitter_misc":{"Escrito por":"Gonzalo Schmidt","Tiempo de lectura":"4 minutos"},"schema":{"@context":"https:\/\/schema.org","@graph":[{"@type":"Article","@id":"https:\/\/informelitoral.com.ar\/cada-vez-mas-caro-viajar-desde-el-interior-de-la-provincia-otro-aumento-en-el-transporte-interurbano\/#article","isPartOf":{"@id":"https:\/\/informelitoral.com.ar\/cada-vez-mas-caro-viajar-desde-el-interior-de-la-provincia-otro-aumento-en-el-transporte-interurbano\/"},"author":{"name":"Gonzalo Schmidt","@id":"https:\/\/informelitoral.com.ar\/#\/schema\/person\/b9d00407c836482871ef1d57bf8e3180"},"headline":"Cada vez m\u00e1s caro viajar desde el interior de la provincia: otro aumento en el transporte interurbano","datePublished":"2014-11-12T15:03:42+00:00","dateModified":"2014-11-12T15:18:26+00:00","mainEntityOfPage":{"@id":"https:\/\/informelitoral.com.ar\/cada-vez-mas-caro-viajar-desde-el-interior-de-la-provincia-otro-aumento-en-el-transporte-interurbano\/"},"wordCount":856,"commentCount":0,"publisher":{"@id":"https:\/\/informelitoral.com.ar\/#organization"},"image":{"@id":"https:\/\/informelitoral.com.ar\/cada-vez-mas-caro-viajar-desde-el-interior-de-la-provincia-otro-aumento-en-el-transporte-interurbano\/#primaryimage"},"thumbnailUrl":"http:\/\/www.isletasnoticias.com.ar\/%77%70%2d%63%6f%6e%74%65%6e%74\/uploads\/2014\/07\/terminal-300x144.jpg","articleSection":["Entre R\u00edos"],"inLanguage":"es","potentialAction":[{"@type":"CommentAction","name":"Comment","target":["https:\/\/informelitoral.com.ar\/cada-vez-mas-caro-viajar-desde-el-interior-de-la-provincia-otro-aumento-en-el-transporte-interurbano\/#respond"]}]},{"@type":"WebPage","@id":"https:\/\/informelitoral.com.ar\/cada-vez-mas-caro-viajar-desde-el-interior-de-la-provincia-otro-aumento-en-el-transporte-interurbano\/","url":"https:\/\/informelitoral.com.ar\/cada-vez-mas-caro-viajar-desde-el-interior-de-la-provincia-otro-aumento-en-el-transporte-interurbano\/","name":"Cada vez m\u00e1s caro viajar desde el interior de la provincia: otro aumento en el transporte interurbano - Informe Litoral","isPartOf":{"@id":"https:\/\/informelitoral.com.ar\/#website"},"primaryImageOfPage":{"@id":"https:\/\/informelitoral.com.ar\/cada-vez-mas-caro-viajar-desde-el-interior-de-la-provincia-otro-aumento-en-el-transporte-interurbano\/#primaryimage"},"image":{"@id":"https:\/\/informelitoral.com.ar\/cada-vez-mas-caro-viajar-desde-el-interior-de-la-provincia-otro-aumento-en-el-transporte-interurbano\/#primaryimage"},"thumbnailUrl":"http:\/\/www.isletasnoticias.com.ar\/%77%70%2d%63%6f%6e%74%65%6e%74\/uploads\/2014\/07\/terminal-300x144.jpg","datePublished":"2014-11-12T15:03:42+00:00","dateModified":"2014-11-12T15:18:26+00:00","breadcrumb":{"@id":"https:\/\/informelitoral.com.ar\/cada-vez-mas-caro-viajar-desde-el-interior-de-la-provincia-otro-aumento-en-el-transporte-interurbano\/#breadcrumb"},"inLanguage":"es","potentialAction":[{"@type":"ReadAction","target":["https:\/\/informelitoral.com.ar\/cada-vez-mas-caro-viajar-desde-el-interior-de-la-provincia-otro-aumento-en-el-transporte-interurbano\/"]}]},{"@type":"ImageObject","inLanguage":"es","@id":"https:\/\/informelitoral.com.ar\/cada-vez-mas-caro-viajar-desde-el-interior-de-la-provincia-otro-aumento-en-el-transporte-interurbano\/#primaryimage","url":"http:\/\/www.isletasnoticias.com.ar\/%77%70%2d%63%6f%6e%74%65%6e%74\/uploads\/2014\/07\/terminal-300x144.jpg","contentUrl":"http:\/\/www.isletasnoticias.com.ar\/%77%70%2d%63%6f%6e%74%65%6e%74\/uploads\/2014\/07\/terminal-300x144.jpg"},{"@type":"BreadcrumbList","@id":"https:\/\/informelitoral.com.ar\/cada-vez-mas-caro-viajar-desde-el-interior-de-la-provincia-otro-aumento-en-el-transporte-interurbano\/#breadcrumb","itemListElement":[{"@type":"ListItem","position":1,"name":"Portada","item":"https:\/\/informelitoral.com.ar\/"},{"@type":"ListItem","position":2,"name":"Cada vez m\u00e1s caro viajar desde el interior de la provincia: otro aumento en el transporte interurbano"}]},{"@type":"WebSite","@id":"https:\/\/informelitoral.com.ar\/#website","url":"https:\/\/informelitoral.com.ar\/","name":"Informe Litoral","description":"&quot;Nos informamos&quot; ","publisher":{"@id":"https:\/\/informelitoral.com.ar\/#organization"},"potentialAction":[{"@type":"SearchAction","target":{"@type":"EntryPoint","urlTemplate":"https:\/\/informelitoral.com.ar\/?s={search_term_string}"},"query-input":{"@type":"PropertyValueSpecification","valueRequired":true,"valueName":"search_term_string"}}],"inLanguage":"es"},{"@type":"Organization","@id":"https:\/\/informelitoral.com.ar\/#organization","name":"Informe Litoral","url":"https:\/\/informelitoral.com.ar\/","logo":{"@type":"ImageObject","inLanguage":"es","@id":"https:\/\/informelitoral.com.ar\/#\/schema\/logo\/image\/","url":"https:\/\/informelitoral.com.ar\/%77%70%2d%63%6f%6e%74%65%6e%74\/uploads\/2021\/01\/circulo.png","contentUrl":"https:\/\/informelitoral.com.ar\/%77%70%2d%63%6f%6e%74%65%6e%74\/uploads\/2021\/01\/circulo.png","width":723,"height":731,"caption":"Informe Litoral"},"image":{"@id":"https:\/\/informelitoral.com.ar\/#\/schema\/logo\/image\/"},"sameAs":["https:\/\/www.facebook.com\/informelitoral\/","https:\/\/x.com\/InformeLitoral","https:\/\/www.instagram.com\/informelitoral\/","https:\/\/www.youtube.com\/channel\/UCua4Qvz8Icb6MYqhoq9xLXw"]},{"@type":"Person","@id":"https:\/\/informelitoral.com.ar\/#\/schema\/person\/b9d00407c836482871ef1d57bf8e3180","name":"Gonzalo Schmidt","image":{"@type":"ImageObject","inLanguage":"es","@id":"https:\/\/secure.gravatar.com\/avatar\/31a1a7b66ff2de83bd0e9fd79d026630d2d99e55e8bfe501287647b4fd9743de?s=96&d=mm&r=g","url":"https:\/\/secure.gravatar.com\/avatar\/31a1a7b66ff2de83bd0e9fd79d026630d2d99e55e8bfe501287647b4fd9743de?s=96&d=mm&r=g","contentUrl":"https:\/\/secure.gravatar.com\/avatar\/31a1a7b66ff2de83bd0e9fd79d026630d2d99e55e8bfe501287647b4fd9743de?s=96&d=mm&r=g","caption":"Gonzalo Schmidt"},"description":"Sitio web de noticias de la provincia de Entre R\u00edos, Argentina. Informaci\u00f3n y entretenimiento. Informe Litoral, nos informamos.","sameAs":["http:\/\/www.isletasnoticias.com.ar"],"url":"https:\/\/informelitoral.com.ar\/author\/gonzalo\/"}]}},"_links":{"self":[{"href":"https:\/\/informelitoral.com.ar\/%77%70%2d%6a%73%6f%6e\/wp\/v2\/posts\/8942","targetHints":{"allow":["GET"]}}],"collection":[{"href":"https:\/\/informelitoral.com.ar\/%77%70%2d%6a%73%6f%6e\/wp\/v2\/posts"}],"about":[{"href":"https:\/\/informelitoral.com.ar\/%77%70%2d%6a%73%6f%6e\/wp\/v2\/types\/post"}],"author":[{"embeddable":true,"href":"https:\/\/informelitoral.com.ar\/%77%70%2d%6a%73%6f%6e\/wp\/v2\/users\/2"}],"replies":[{"embeddable":true,"href":"https:\/\/informelitoral.com.ar\/%77%70%2d%6a%73%6f%6e\/wp\/v2\/comments?post=8942"}],"version-history":[{"count":0,"href":"https:\/\/informelitoral.com.ar\/%77%70%2d%6a%73%6f%6e\/wp\/v2\/posts\/8942\/revisions"}],"wp:attachment":[{"href":"https:\/\/informelitoral.com.ar\/%77%70%2d%6a%73%6f%6e\/wp\/v2\/media?parent=8942"}],"wp:term":[{"taxonomy":"category","embeddable":true,"href":"https:\/\/informelitoral.com.ar\/%77%70%2d%6a%73%6f%6e\/wp\/v2\/categories?post=8942"},{"taxonomy":"post_tag","embeddable":true,"href":"https:\/\/informelitoral.com.ar\/%77%70%2d%6a%73%6f%6e\/wp\/v2\/tags?post=8942"}],"curies":[{"name":"wp","href":"https:\/\/api.w.org\/{rel}","templated":true}]}}