{"id":8937,"date":"2014-11-10T11:53:34","date_gmt":"2014-11-10T14:53:34","guid":{"rendered":"http:\/\/www.isletasnoticias.com.ar\/?p=8937"},"modified":"2014-11-11T11:57:15","modified_gmt":"2014-11-11T14:57:15","slug":"aseguran-que-no-se-cumple-con-la-ley-de-creacion-de-la-editorial-de-entre-rios","status":"publish","type":"post","link":"https:\/\/informelitoral.com.ar\/aseguran-que-no-se-cumple-con-la-ley-de-creacion-de-la-editorial-de-entre-rios\/","title":{"rendered":"Aseguran que no se cumple con la ley de creaci\u00f3n de la Editorial de Entre R\u00edos"},"content":{"rendered":"<p><b><strong>Mediante un proyecto de Resoluci\u00f3n se solicita al <\/strong><\/b>\u00a0<b><strong>Poder Ejecutivo provincial el cumplimiento de la ley provincial N\u00b0 7818 en cuanto a la integraci\u00f3n del Consejo Asesor de la Editorial de Entre R\u00edos y su convocatoria a los fines de \u201celaborar el programa anual de publicaciones\u201d,\u00a0 \u201cdisponer las publicaciones especiales\u201d y \u201cllamar a concurso de autores u obras in\u00e9ditas\u201d.<i><em> \u00a0\u00a0\u00a0\u00a0\u00a0\u00a0\u00a0\u00a0<a href=\"http:\/\/www.isletasnoticias.com.ar\/%77%70%2d%63%6f%6e%74%65%6e%74\/uploads\/2013\/10\/diputado-jorge-monge.jpg\"><img loading=\"lazy\" decoding=\"async\" class=\"aligncenter size-medium wp-image-3791\" src=\"http:\/\/www.isletasnoticias.com.ar\/%77%70%2d%63%6f%6e%74%65%6e%74\/uploads\/2013\/10\/diputado-jorge-monge-300x195.jpg\" alt=\"diputado-jorge-monge\" width=\"300\" height=\"195\" srcset=\"https:\/\/informelitoral.com.ar\/%77%70%2d%63%6f%6e%74%65%6e%74\/uploads\/2013\/10\/diputado-jorge-monge-300x195.jpg 300w, https:\/\/informelitoral.com.ar\/%77%70%2d%63%6f%6e%74%65%6e%74\/uploads\/2013\/10\/diputado-jorge-monge.jpg 722w\" sizes=\"auto, (max-width: 300px) 100vw, 300px\" \/><\/a>\u00a0\u00a0<\/em><\/i><\/strong><\/b>Fue presentado por el diputado Provincial <strong>Dr. Jorge Monge (UCR-Diamante),<\/strong> acompa\u00f1ado de los diputados Sosa y Ull\u00faa, \u00a0y menciona en sus fundamentos que la \u00abEditorial de Entre R\u00edos fue creada el 10 de diciembre de 1984 por decreto N\u00ba 4.922 y ratificada por \u00a0ley N\u00ba 7.818, la que fuera sancionada el\u00a0 29 de diciembre de 1986, durante la primera gesti\u00f3n como gobernador del Dr. Sergio Montiel.\u201d<\/p>\n<p>\u201cSin hesitaci\u00f3n alguna, podemos afirmar que dicha creaci\u00f3n fue un gran acierto en tanto pol\u00edtica de estado en materia \u00a0cultural.\u00a0 En efecto, en el pa\u00eds pr\u00e1cticamente es nuestra provincia la \u00fanica que cuenta con una editorial de este tipo, destinada a garantizar el acceso a la publicaci\u00f3n de obras de \u00a0entrerrianos. Las publicaciones han llegado a bibliotecas escolares y populares de cerca de m\u00e1s de trescientas localidades entrerrianas\u201d, manifiesta el legislador, para tambi\u00e9n sostener que \u201cpodemos predicar, sin ambages, que la intenci\u00f3n -al crearse la Editorial de Entre R\u00edos- no tuvo sino en cuenta aquello\u00a0 de que \u00a0\u201cel derecho a la cultura es tener derecho en un doble aspecto: un papel pasivo de acceder y gozar y un papel activo de participar y contribuir\u201d (Robertson A. \u00abLos derechos humanos y la cultura\u00bb, en Culturas, volumen V, n\u00fam. 1, 1978, p.27).<\/p>\n<p>La ley que se solicita cumplir tiene por objeto la edici\u00f3n y distribuci\u00f3n de las obras cient\u00edficas, culturales, educativas y de inter\u00e9s provincial, y en particular el material destinado a apoyar la labor docente que se desarrolla en la provincia, promover y difundir las realizaciones culturales entrerrianas en el \u00e1mbito de las artes, las ciencias y la literatura y afirmar y difundir los principios democr\u00e1ticos, seg\u00fan reza su art\u00edculo 2\u00b0.<\/p>\n<p>\u201cEn esa inteligencia, corresponde \u00a0resaltar que \u00a0el m\u00e1ximo galard\u00f3n literario que otorga el Estado entrerriano en los g\u00e9neros teatro, novela, cuento, poes\u00eda y ensayo, el premio Fray Mocho, implica adem\u00e1s la publicaci\u00f3n de la obra laureada por parte de la Editorial de Entre R\u00edos\u201d y que\u00a0\u201cmuchos han sido los t\u00edtulos publicados desde su g\u00e9nesis hasta el presente, la mayor\u00eda de ese lapso, con la democr\u00e1tica participaci\u00f3n honoraria\u00a0 de personalidades representativas de las ciencias, las artes y la literatura, conforme la expresa manda legal\u201d resalta en los fundamentos de proyecto el diputado, para finalizar sosteniendo que \u201ddesde diciembre del a\u00f1o 2011 hasta el presente, se ha omitido cumplir con la ley de creaci\u00f3n, la que en su art\u00edculo\u00a0 5\u00b0 contempla un \u201c<i><em>Consejo Asesor de la Editorial de Entre R\u00edos como \u00f3rgano honorarios de asesoramiento de la Direcci\u00f3n, el que estar\u00e1 integrado por personalidades representativas de cada sector de las ciencias, las artes y la literatura\u201d. <\/em><\/i>\u00a0\u00a0Dicho Consejo debe intervenir necesariamente en la elaboraci\u00f3n del programa anual de publicaciones; en las publicaciones especiales que se hagan y en el llamado a concurso de autores u obras in\u00e9ditas. Desde fines de 2011, se incumple la ley. La participaci\u00f3n y la convocatoria prevista en la norma de creaci\u00f3n, lucen ausentes\u201d.<\/p>\n","protected":false},"excerpt":{"rendered":"<p>Mediante un proyecto de Resoluci&oacute;n se solicita al &nbsp;Poder Ejecutivo provincial el cumplimiento de la ley provincial N&deg; 7818 en cuanto a la integraci&oacute;n del Consejo Asesor de la Editorial de Entre R&iacute;os y su convocatoria a los fines de &ldquo;elaborar el programa anual de publicaciones&rdquo;,&nbsp; &ldquo;disponer las publicaciones especiales&rdquo; y &ldquo;llamar a concurso de [&hellip;]<\/p>\n","protected":false},"author":2,"featured_media":0,"comment_status":"open","ping_status":"open","sticky":false,"template":"","format":"standard","meta":{"fifu_image_url":"","fifu_image_alt":"","footnotes":""},"categories":[6,16],"tags":[],"class_list":{"0":"post-8937","1":"post","2":"type-post","3":"status-publish","4":"format-standard","6":"category-entre-rios","7":"category-politi"},"yoast_head":"<title>Aseguran que no se cumple con la ley de creaci\u00f3n de la Editorial de Entre R\u00edos - Informe Litoral<\/title>\n<meta name=\"robots\" content=\"index, follow, max-snippet:-1, max-image-preview:large, max-video-preview:-1\" \/>\n<link rel=\"canonical\" href=\"https:\/\/informelitoral.com.ar\/aseguran-que-no-se-cumple-con-la-ley-de-creacion-de-la-editorial-de-entre-rios\/\" \/>\n<meta property=\"og:locale\" content=\"es_ES\" \/>\n<meta property=\"og:type\" content=\"article\" \/>\n<meta property=\"og:title\" content=\"Aseguran que no se cumple con la ley de creaci\u00f3n de la Editorial de Entre R\u00edos - Informe Litoral\" \/>\n<meta property=\"og:description\" content=\"Mediante un proyecto de Resoluci&oacute;n se solicita al &nbsp;Poder Ejecutivo provincial el cumplimiento de la ley provincial N&deg; 7818 en cuanto a la integraci&oacute;n del Consejo Asesor de la Editorial de Entre R&iacute;os y su convocatoria a los fines de &ldquo;elaborar el programa anual de publicaciones&rdquo;,&nbsp; &ldquo;disponer las publicaciones especiales&rdquo; y &ldquo;llamar a concurso de [&hellip;]\" \/>\n<meta property=\"og:url\" content=\"https:\/\/informelitoral.com.ar\/aseguran-que-no-se-cumple-con-la-ley-de-creacion-de-la-editorial-de-entre-rios\/\" \/>\n<meta property=\"og:site_name\" content=\"Informe Litoral\" \/>\n<meta property=\"article:publisher\" content=\"https:\/\/www.facebook.com\/informelitoral\/\" \/>\n<meta property=\"article:published_time\" content=\"2014-11-10T14:53:34+00:00\" \/>\n<meta property=\"article:modified_time\" content=\"2014-11-11T14:57:15+00:00\" \/>\n<meta property=\"og:image\" content=\"https:\/\/informelitoral.com.ar\/%77%70%2d%63%6f%6e%74%65%6e%74\/uploads\/2013\/10\/diputado-jorge-monge.jpg\" \/>\n\t<meta property=\"og:image:width\" content=\"722\" \/>\n\t<meta property=\"og:image:height\" content=\"470\" \/>\n\t<meta property=\"og:image:type\" content=\"image\/jpeg\" \/>\n<meta name=\"author\" content=\"Gonzalo Schmidt\" \/>\n<meta name=\"twitter:card\" content=\"summary_large_image\" \/>\n<meta name=\"twitter:creator\" content=\"@InformeLitoral\" \/>\n<meta name=\"twitter:site\" content=\"@InformeLitoral\" \/>\n<meta name=\"twitter:label1\" content=\"Escrito por\" \/>\n\t<meta name=\"twitter:data1\" content=\"Gonzalo Schmidt\" \/>\n\t<meta name=\"twitter:label2\" content=\"Tiempo de lectura\" \/>\n\t<meta name=\"twitter:data2\" content=\"3 minutos\" \/>\n<script type=\"application\/ld+json\" class=\"yoast-schema-graph\">{\"@context\":\"https:\\\/\\\/schema.org\",\"@graph\":[{\"@type\":\"Article\",\"@id\":\"https:\\\/\\\/informelitoral.com.ar\\\/aseguran-que-no-se-cumple-con-la-ley-de-creacion-de-la-editorial-de-entre-rios\\\/#article\",\"isPartOf\":{\"@id\":\"https:\\\/\\\/informelitoral.com.ar\\\/aseguran-que-no-se-cumple-con-la-ley-de-creacion-de-la-editorial-de-entre-rios\\\/\"},\"author\":{\"name\":\"Gonzalo Schmidt\",\"@id\":\"https:\\\/\\\/informelitoral.com.ar\\\/#\\\/schema\\\/person\\\/b9d00407c836482871ef1d57bf8e3180\"},\"headline\":\"Aseguran que no se cumple con la ley de creaci\u00f3n de la Editorial de Entre R\u00edos\",\"datePublished\":\"2014-11-10T14:53:34+00:00\",\"dateModified\":\"2014-11-11T14:57:15+00:00\",\"mainEntityOfPage\":{\"@id\":\"https:\\\/\\\/informelitoral.com.ar\\\/aseguran-que-no-se-cumple-con-la-ley-de-creacion-de-la-editorial-de-entre-rios\\\/\"},\"wordCount\":594,\"commentCount\":0,\"publisher\":{\"@id\":\"https:\\\/\\\/informelitoral.com.ar\\\/#organization\"},\"image\":{\"@id\":\"https:\\\/\\\/informelitoral.com.ar\\\/aseguran-que-no-se-cumple-con-la-ley-de-creacion-de-la-editorial-de-entre-rios\\\/#primaryimage\"},\"thumbnailUrl\":\"http:\\\/\\\/www.isletasnoticias.com.ar\\\/%77%70%2d%63%6f%6e%74%65%6e%74\\\/uploads\\\/2013\\\/10\\\/diputado-jorge-monge-300x195.jpg\",\"articleSection\":[\"Entre R\u00edos\",\"Politica\"],\"inLanguage\":\"es\",\"potentialAction\":[{\"@type\":\"CommentAction\",\"name\":\"Comment\",\"target\":[\"https:\\\/\\\/informelitoral.com.ar\\\/aseguran-que-no-se-cumple-con-la-ley-de-creacion-de-la-editorial-de-entre-rios\\\/#respond\"]}]},{\"@type\":\"WebPage\",\"@id\":\"https:\\\/\\\/informelitoral.com.ar\\\/aseguran-que-no-se-cumple-con-la-ley-de-creacion-de-la-editorial-de-entre-rios\\\/\",\"url\":\"https:\\\/\\\/informelitoral.com.ar\\\/aseguran-que-no-se-cumple-con-la-ley-de-creacion-de-la-editorial-de-entre-rios\\\/\",\"name\":\"Aseguran que no se cumple con la ley de creaci\u00f3n de la Editorial de Entre R\u00edos - Informe Litoral\",\"isPartOf\":{\"@id\":\"https:\\\/\\\/informelitoral.com.ar\\\/#website\"},\"primaryImageOfPage\":{\"@id\":\"https:\\\/\\\/informelitoral.com.ar\\\/aseguran-que-no-se-cumple-con-la-ley-de-creacion-de-la-editorial-de-entre-rios\\\/#primaryimage\"},\"image\":{\"@id\":\"https:\\\/\\\/informelitoral.com.ar\\\/aseguran-que-no-se-cumple-con-la-ley-de-creacion-de-la-editorial-de-entre-rios\\\/#primaryimage\"},\"thumbnailUrl\":\"http:\\\/\\\/www.isletasnoticias.com.ar\\\/%77%70%2d%63%6f%6e%74%65%6e%74\\\/uploads\\\/2013\\\/10\\\/diputado-jorge-monge-300x195.jpg\",\"datePublished\":\"2014-11-10T14:53:34+00:00\",\"dateModified\":\"2014-11-11T14:57:15+00:00\",\"breadcrumb\":{\"@id\":\"https:\\\/\\\/informelitoral.com.ar\\\/aseguran-que-no-se-cumple-con-la-ley-de-creacion-de-la-editorial-de-entre-rios\\\/#breadcrumb\"},\"inLanguage\":\"es\",\"potentialAction\":[{\"@type\":\"ReadAction\",\"target\":[\"https:\\\/\\\/informelitoral.com.ar\\\/aseguran-que-no-se-cumple-con-la-ley-de-creacion-de-la-editorial-de-entre-rios\\\/\"]}]},{\"@type\":\"ImageObject\",\"inLanguage\":\"es\",\"@id\":\"https:\\\/\\\/informelitoral.com.ar\\\/aseguran-que-no-se-cumple-con-la-ley-de-creacion-de-la-editorial-de-entre-rios\\\/#primaryimage\",\"url\":\"http:\\\/\\\/www.isletasnoticias.com.ar\\\/%77%70%2d%63%6f%6e%74%65%6e%74\\\/uploads\\\/2013\\\/10\\\/diputado-jorge-monge-300x195.jpg\",\"contentUrl\":\"http:\\\/\\\/www.isletasnoticias.com.ar\\\/%77%70%2d%63%6f%6e%74%65%6e%74\\\/uploads\\\/2013\\\/10\\\/diputado-jorge-monge-300x195.jpg\"},{\"@type\":\"BreadcrumbList\",\"@id\":\"https:\\\/\\\/informelitoral.com.ar\\\/aseguran-que-no-se-cumple-con-la-ley-de-creacion-de-la-editorial-de-entre-rios\\\/#breadcrumb\",\"itemListElement\":[{\"@type\":\"ListItem\",\"position\":1,\"name\":\"Portada\",\"item\":\"https:\\\/\\\/informelitoral.com.ar\\\/\"},{\"@type\":\"ListItem\",\"position\":2,\"name\":\"Aseguran que no se cumple con la ley de creaci\u00f3n de la Editorial de Entre R\u00edos\"}]},{\"@type\":\"WebSite\",\"@id\":\"https:\\\/\\\/informelitoral.com.ar\\\/#website\",\"url\":\"https:\\\/\\\/informelitoral.com.ar\\\/\",\"name\":\"Informe Litoral\",\"description\":\"&quot;Nos informamos&quot; \",\"publisher\":{\"@id\":\"https:\\\/\\\/informelitoral.com.ar\\\/#organization\"},\"potentialAction\":[{\"@type\":\"SearchAction\",\"target\":{\"@type\":\"EntryPoint\",\"urlTemplate\":\"https:\\\/\\\/informelitoral.com.ar\\\/?s={search_term_string}\"},\"query-input\":{\"@type\":\"PropertyValueSpecification\",\"valueRequired\":true,\"valueName\":\"search_term_string\"}}],\"inLanguage\":\"es\"},{\"@type\":\"Organization\",\"@id\":\"https:\\\/\\\/informelitoral.com.ar\\\/#organization\",\"name\":\"Informe Litoral\",\"url\":\"https:\\\/\\\/informelitoral.com.ar\\\/\",\"logo\":{\"@type\":\"ImageObject\",\"inLanguage\":\"es\",\"@id\":\"https:\\\/\\\/informelitoral.com.ar\\\/#\\\/schema\\\/logo\\\/image\\\/\",\"url\":\"https:\\\/\\\/informelitoral.com.ar\\\/%77%70%2d%63%6f%6e%74%65%6e%74\\\/uploads\\\/2021\\\/01\\\/circulo.png\",\"contentUrl\":\"https:\\\/\\\/informelitoral.com.ar\\\/%77%70%2d%63%6f%6e%74%65%6e%74\\\/uploads\\\/2021\\\/01\\\/circulo.png\",\"width\":723,\"height\":731,\"caption\":\"Informe Litoral\"},\"image\":{\"@id\":\"https:\\\/\\\/informelitoral.com.ar\\\/#\\\/schema\\\/logo\\\/image\\\/\"},\"sameAs\":[\"https:\\\/\\\/www.facebook.com\\\/informelitoral\\\/\",\"https:\\\/\\\/x.com\\\/InformeLitoral\",\"https:\\\/\\\/www.instagram.com\\\/informelitoral\\\/\",\"https:\\\/\\\/www.youtube.com\\\/channel\\\/UCua4Qvz8Icb6MYqhoq9xLXw\"]},{\"@type\":\"Person\",\"@id\":\"https:\\\/\\\/informelitoral.com.ar\\\/#\\\/schema\\\/person\\\/b9d00407c836482871ef1d57bf8e3180\",\"name\":\"Gonzalo Schmidt\",\"image\":{\"@type\":\"ImageObject\",\"inLanguage\":\"es\",\"@id\":\"https:\\\/\\\/secure.gravatar.com\\\/avatar\\\/31a1a7b66ff2de83bd0e9fd79d026630d2d99e55e8bfe501287647b4fd9743de?s=96&d=mm&r=g\",\"url\":\"https:\\\/\\\/secure.gravatar.com\\\/avatar\\\/31a1a7b66ff2de83bd0e9fd79d026630d2d99e55e8bfe501287647b4fd9743de?s=96&d=mm&r=g\",\"contentUrl\":\"https:\\\/\\\/secure.gravatar.com\\\/avatar\\\/31a1a7b66ff2de83bd0e9fd79d026630d2d99e55e8bfe501287647b4fd9743de?s=96&d=mm&r=g\",\"caption\":\"Gonzalo Schmidt\"},\"description\":\"Sitio web de noticias de la provincia de Entre R\u00edos, Argentina. Informaci\u00f3n y entretenimiento. Informe Litoral, nos informamos.\",\"sameAs\":[\"http:\\\/\\\/www.isletasnoticias.com.ar\"],\"url\":\"https:\\\/\\\/informelitoral.com.ar\\\/author\\\/gonzalo\\\/\"}]}<\/script>","yoast_head_json":{"title":"Aseguran que no se cumple con la ley de creaci\u00f3n de la Editorial de Entre R\u00edos - Informe Litoral","robots":{"index":"index","follow":"follow","max-snippet":"max-snippet:-1","max-image-preview":"max-image-preview:large","max-video-preview":"max-video-preview:-1"},"canonical":"https:\/\/informelitoral.com.ar\/aseguran-que-no-se-cumple-con-la-ley-de-creacion-de-la-editorial-de-entre-rios\/","og_locale":"es_ES","og_type":"article","og_title":"Aseguran que no se cumple con la ley de creaci\u00f3n de la Editorial de Entre R\u00edos - Informe Litoral","og_description":"Mediante un proyecto de Resoluci&oacute;n se solicita al &nbsp;Poder Ejecutivo provincial el cumplimiento de la ley provincial N&deg; 7818 en cuanto a la integraci&oacute;n del Consejo Asesor de la Editorial de Entre R&iacute;os y su convocatoria a los fines de &ldquo;elaborar el programa anual de publicaciones&rdquo;,&nbsp; &ldquo;disponer las publicaciones especiales&rdquo; y &ldquo;llamar a concurso de [&hellip;]","og_url":"https:\/\/informelitoral.com.ar\/aseguran-que-no-se-cumple-con-la-ley-de-creacion-de-la-editorial-de-entre-rios\/","og_site_name":"Informe Litoral","article_publisher":"https:\/\/www.facebook.com\/informelitoral\/","article_published_time":"2014-11-10T14:53:34+00:00","article_modified_time":"2014-11-11T14:57:15+00:00","og_image":[{"width":722,"height":470,"url":"https:\/\/informelitoral.com.ar\/%77%70%2d%63%6f%6e%74%65%6e%74\/uploads\/2013\/10\/diputado-jorge-monge.jpg","type":"image\/jpeg"}],"author":"Gonzalo Schmidt","twitter_card":"summary_large_image","twitter_creator":"@InformeLitoral","twitter_site":"@InformeLitoral","twitter_misc":{"Escrito por":"Gonzalo Schmidt","Tiempo de lectura":"3 minutos"},"schema":{"@context":"https:\/\/schema.org","@graph":[{"@type":"Article","@id":"https:\/\/informelitoral.com.ar\/aseguran-que-no-se-cumple-con-la-ley-de-creacion-de-la-editorial-de-entre-rios\/#article","isPartOf":{"@id":"https:\/\/informelitoral.com.ar\/aseguran-que-no-se-cumple-con-la-ley-de-creacion-de-la-editorial-de-entre-rios\/"},"author":{"name":"Gonzalo Schmidt","@id":"https:\/\/informelitoral.com.ar\/#\/schema\/person\/b9d00407c836482871ef1d57bf8e3180"},"headline":"Aseguran que no se cumple con la ley de creaci\u00f3n de la Editorial de Entre R\u00edos","datePublished":"2014-11-10T14:53:34+00:00","dateModified":"2014-11-11T14:57:15+00:00","mainEntityOfPage":{"@id":"https:\/\/informelitoral.com.ar\/aseguran-que-no-se-cumple-con-la-ley-de-creacion-de-la-editorial-de-entre-rios\/"},"wordCount":594,"commentCount":0,"publisher":{"@id":"https:\/\/informelitoral.com.ar\/#organization"},"image":{"@id":"https:\/\/informelitoral.com.ar\/aseguran-que-no-se-cumple-con-la-ley-de-creacion-de-la-editorial-de-entre-rios\/#primaryimage"},"thumbnailUrl":"http:\/\/www.isletasnoticias.com.ar\/%77%70%2d%63%6f%6e%74%65%6e%74\/uploads\/2013\/10\/diputado-jorge-monge-300x195.jpg","articleSection":["Entre R\u00edos","Politica"],"inLanguage":"es","potentialAction":[{"@type":"CommentAction","name":"Comment","target":["https:\/\/informelitoral.com.ar\/aseguran-que-no-se-cumple-con-la-ley-de-creacion-de-la-editorial-de-entre-rios\/#respond"]}]},{"@type":"WebPage","@id":"https:\/\/informelitoral.com.ar\/aseguran-que-no-se-cumple-con-la-ley-de-creacion-de-la-editorial-de-entre-rios\/","url":"https:\/\/informelitoral.com.ar\/aseguran-que-no-se-cumple-con-la-ley-de-creacion-de-la-editorial-de-entre-rios\/","name":"Aseguran que no se cumple con la ley de creaci\u00f3n de la Editorial de Entre R\u00edos - Informe Litoral","isPartOf":{"@id":"https:\/\/informelitoral.com.ar\/#website"},"primaryImageOfPage":{"@id":"https:\/\/informelitoral.com.ar\/aseguran-que-no-se-cumple-con-la-ley-de-creacion-de-la-editorial-de-entre-rios\/#primaryimage"},"image":{"@id":"https:\/\/informelitoral.com.ar\/aseguran-que-no-se-cumple-con-la-ley-de-creacion-de-la-editorial-de-entre-rios\/#primaryimage"},"thumbnailUrl":"http:\/\/www.isletasnoticias.com.ar\/%77%70%2d%63%6f%6e%74%65%6e%74\/uploads\/2013\/10\/diputado-jorge-monge-300x195.jpg","datePublished":"2014-11-10T14:53:34+00:00","dateModified":"2014-11-11T14:57:15+00:00","breadcrumb":{"@id":"https:\/\/informelitoral.com.ar\/aseguran-que-no-se-cumple-con-la-ley-de-creacion-de-la-editorial-de-entre-rios\/#breadcrumb"},"inLanguage":"es","potentialAction":[{"@type":"ReadAction","target":["https:\/\/informelitoral.com.ar\/aseguran-que-no-se-cumple-con-la-ley-de-creacion-de-la-editorial-de-entre-rios\/"]}]},{"@type":"ImageObject","inLanguage":"es","@id":"https:\/\/informelitoral.com.ar\/aseguran-que-no-se-cumple-con-la-ley-de-creacion-de-la-editorial-de-entre-rios\/#primaryimage","url":"http:\/\/www.isletasnoticias.com.ar\/%77%70%2d%63%6f%6e%74%65%6e%74\/uploads\/2013\/10\/diputado-jorge-monge-300x195.jpg","contentUrl":"http:\/\/www.isletasnoticias.com.ar\/%77%70%2d%63%6f%6e%74%65%6e%74\/uploads\/2013\/10\/diputado-jorge-monge-300x195.jpg"},{"@type":"BreadcrumbList","@id":"https:\/\/informelitoral.com.ar\/aseguran-que-no-se-cumple-con-la-ley-de-creacion-de-la-editorial-de-entre-rios\/#breadcrumb","itemListElement":[{"@type":"ListItem","position":1,"name":"Portada","item":"https:\/\/informelitoral.com.ar\/"},{"@type":"ListItem","position":2,"name":"Aseguran que no se cumple con la ley de creaci\u00f3n de la Editorial de Entre R\u00edos"}]},{"@type":"WebSite","@id":"https:\/\/informelitoral.com.ar\/#website","url":"https:\/\/informelitoral.com.ar\/","name":"Informe Litoral","description":"&quot;Nos informamos&quot; ","publisher":{"@id":"https:\/\/informelitoral.com.ar\/#organization"},"potentialAction":[{"@type":"SearchAction","target":{"@type":"EntryPoint","urlTemplate":"https:\/\/informelitoral.com.ar\/?s={search_term_string}"},"query-input":{"@type":"PropertyValueSpecification","valueRequired":true,"valueName":"search_term_string"}}],"inLanguage":"es"},{"@type":"Organization","@id":"https:\/\/informelitoral.com.ar\/#organization","name":"Informe Litoral","url":"https:\/\/informelitoral.com.ar\/","logo":{"@type":"ImageObject","inLanguage":"es","@id":"https:\/\/informelitoral.com.ar\/#\/schema\/logo\/image\/","url":"https:\/\/informelitoral.com.ar\/%77%70%2d%63%6f%6e%74%65%6e%74\/uploads\/2021\/01\/circulo.png","contentUrl":"https:\/\/informelitoral.com.ar\/%77%70%2d%63%6f%6e%74%65%6e%74\/uploads\/2021\/01\/circulo.png","width":723,"height":731,"caption":"Informe Litoral"},"image":{"@id":"https:\/\/informelitoral.com.ar\/#\/schema\/logo\/image\/"},"sameAs":["https:\/\/www.facebook.com\/informelitoral\/","https:\/\/x.com\/InformeLitoral","https:\/\/www.instagram.com\/informelitoral\/","https:\/\/www.youtube.com\/channel\/UCua4Qvz8Icb6MYqhoq9xLXw"]},{"@type":"Person","@id":"https:\/\/informelitoral.com.ar\/#\/schema\/person\/b9d00407c836482871ef1d57bf8e3180","name":"Gonzalo Schmidt","image":{"@type":"ImageObject","inLanguage":"es","@id":"https:\/\/secure.gravatar.com\/avatar\/31a1a7b66ff2de83bd0e9fd79d026630d2d99e55e8bfe501287647b4fd9743de?s=96&d=mm&r=g","url":"https:\/\/secure.gravatar.com\/avatar\/31a1a7b66ff2de83bd0e9fd79d026630d2d99e55e8bfe501287647b4fd9743de?s=96&d=mm&r=g","contentUrl":"https:\/\/secure.gravatar.com\/avatar\/31a1a7b66ff2de83bd0e9fd79d026630d2d99e55e8bfe501287647b4fd9743de?s=96&d=mm&r=g","caption":"Gonzalo Schmidt"},"description":"Sitio web de noticias de la provincia de Entre R\u00edos, Argentina. Informaci\u00f3n y entretenimiento. Informe Litoral, nos informamos.","sameAs":["http:\/\/www.isletasnoticias.com.ar"],"url":"https:\/\/informelitoral.com.ar\/author\/gonzalo\/"}]}},"_links":{"self":[{"href":"https:\/\/informelitoral.com.ar\/%77%70%2d%6a%73%6f%6e\/wp\/v2\/posts\/8937","targetHints":{"allow":["GET"]}}],"collection":[{"href":"https:\/\/informelitoral.com.ar\/%77%70%2d%6a%73%6f%6e\/wp\/v2\/posts"}],"about":[{"href":"https:\/\/informelitoral.com.ar\/%77%70%2d%6a%73%6f%6e\/wp\/v2\/types\/post"}],"author":[{"embeddable":true,"href":"https:\/\/informelitoral.com.ar\/%77%70%2d%6a%73%6f%6e\/wp\/v2\/users\/2"}],"replies":[{"embeddable":true,"href":"https:\/\/informelitoral.com.ar\/%77%70%2d%6a%73%6f%6e\/wp\/v2\/comments?post=8937"}],"version-history":[{"count":0,"href":"https:\/\/informelitoral.com.ar\/%77%70%2d%6a%73%6f%6e\/wp\/v2\/posts\/8937\/revisions"}],"wp:attachment":[{"href":"https:\/\/informelitoral.com.ar\/%77%70%2d%6a%73%6f%6e\/wp\/v2\/media?parent=8937"}],"wp:term":[{"taxonomy":"category","embeddable":true,"href":"https:\/\/informelitoral.com.ar\/%77%70%2d%6a%73%6f%6e\/wp\/v2\/categories?post=8937"},{"taxonomy":"post_tag","embeddable":true,"href":"https:\/\/informelitoral.com.ar\/%77%70%2d%6a%73%6f%6e\/wp\/v2\/tags?post=8937"}],"curies":[{"name":"wp","href":"https:\/\/api.w.org\/{rel}","templated":true}]}}