{"id":89349,"date":"2022-10-10T10:08:46","date_gmt":"2022-10-10T13:08:46","guid":{"rendered":"https:\/\/www.informelitoral.com.ar\/?p=89349"},"modified":"2022-10-10T10:12:23","modified_gmt":"2022-10-10T13:12:23","slug":"otra-polemica-con-el-arbitraje-y-el-var-en-un-partido-de-river-plate-por-que-no-debio-sancionarse-el-penal-de-paulo-diaz-a-medina","status":"publish","type":"post","link":"https:\/\/informelitoral.com.ar\/otra-polemica-con-el-arbitraje-y-el-var-en-un-partido-de-river-plate-por-que-no-debio-sancionarse-el-penal-de-paulo-diaz-a-medina\/","title":{"rendered":"Otra pol\u00e9mica con el arbitraje y el VAR en un partido de River Plate: por qu\u00e9 no debi\u00f3 sancionarse el penal de Paulo D\u00edaz a Medina"},"content":{"rendered":"<p class=\"paragraph\"><b>Patronato de Paran\u00e1<\/b>\u00a0cont\u00f3 con un pol\u00e9mico penal a favor ante\u00a0<b>River Plate.<\/b>\u00a0<b>Patricio Loustau<\/b>\u00a0cobr\u00f3 infracci\u00f3n en la puerta del \u00e1rea de\u00a0<b>Paulo D\u00edaz\u00a0<\/b>sobre\u00a0<b>Sebasti\u00e1n Medina<\/b>, pero el\u00a0<b>VAR\u00a0<\/b>lo corrigi\u00f3 y como hab\u00eda sido sobre la l\u00ednea, sancion\u00f3 pena m\u00e1xima.<\/p>\n<p class=\"paragraph\">Sin embargo, al analizar la acci\u00f3n que ocurri\u00f3 a los\u00a0<b>44 minutos<\/b>\u00a0no se percibe que el empuj\u00f3n del defensor chileno haya sido falta. No hay dudas que fue adentro, pero\u00a0<b>el contacto de Paulo D\u00edaz<\/b>, quien le\u00a0<b>apoy\u00f3 el brazo derecho en la espalda<\/b>\u00a0a su rival,\u00a0<b>no tiene la fuerza suficiente<\/b>\u00a0<b>para\u00a0<\/b>encasillarlo como una\u00a0<b>falta\u00a0<\/b>f\u00edsica.<\/p>\n<p class=\"paragraph\">Afortunadamante para River Plate,\u00a0<b>Franco Armani se visti\u00f3 de h\u00e9roe y despej\u00f3 el penal muy bien pateado por Justo Giani<\/b>. El arquero millonario se arroj\u00f3 a su derecha y manote\u00f3 el potente remate del futbolista de Patronato de Paran\u00e1.<\/p>\n<p class=\"paragraph\">Esta pol\u00e9mica decisi\u00f3n del \u00e1rbitro Patricio Loustau y del VAR, a cargo de Mauro Vigliano junto con su asistente Pablo D\u00f3valo, ocurre tras una semana en la que el presidente de River Plate, Jorge Brito, manifest\u00f3 en una entrevista su\u00a0preocupaci\u00f3n por los pol\u00e9micos fallos arbitrales en contra en los \u00faltimos partidos, con un claro destinatario: el director nacional de \u00e1rbitros Federico Beligoy.<\/p>\n<p class=\"paragraph\">\u201cMe parece bien que defienda a los \u00e1rbitros como secretario General de la Asociaci\u00f3n Argentina de \u00c1rbitros, pero hoy claramente tiene una incompatibilidad de funciones teniendo ese cargo y al mismo tiempo siendo el que selecciona a los \u00e1rbitros\u201d, declar\u00f3 Brito en di\u00e1logo con Mariano Closs en ESPN.<\/p>\n<p class=\"paragraph\">Brito hizo hincapi\u00e9 en la falta de \u201ctransparencia\u201d de algunas decisiones vinculadas al f\u00fatbol argentino, entre ellas la designaci\u00f3n de los refer\u00eds de los partidos. Y tambi\u00e9n se mostr\u00f3 en contra de la medida con la que amenazaron los jueces de judicializar las cr\u00edticas, tanto por parte de los protagonistas como del periodismo.<\/p>\n<p class=\"paragraph\">\u201cNo quiero calificar a los arbitrajes y por eso no quise hablar despu\u00e9s del partido con Patronato (por Copa Argentina, no le sancionaron un claro penal con el encuentro 1-0 y luego la Banda perdi\u00f3 por penales). No lo hicimos nunca y no tiene nada que ver con la firma de Beligoy. Si alguien piensa que la dirigencia de Brito fue un desastre lo puede decir, del mismo modo que debe haber libertad si uno cree que un arbitraje fue un desastre\u201d, plante\u00f3.<\/p>\n<p class=\"paragraph\">\u201cSiempre cre\u00edmos en tener un proceso transparente en las elecciones de los \u00e1rbitros como el azar o el azar selectivo, dependiendo de las actuaciones de los \u00e1rbitros. Ellos se pueden equivocar, pero todos tenemos la tranquilidad de que si eso pasa no es m\u00e1s que un error y no que haya algo raro atr\u00e1s. Nunca es claro cu\u00e1ndo paran a un \u00e1rbitro por errores o darle descanso. Nosotros le pedimos a la AFA m\u00e1s claridad en las elecciones de los \u00e1rbitros y sus sanciones\u201d, hizo p\u00fablico su reclamo a la conducci\u00f3n de la Asociaci\u00f3n del F\u00fatbol Argentino.<\/p>\n","protected":false},"excerpt":{"rendered":"<p>El juez Patricio Loustau y la tecnolog\u00eda cometieron un error porque el contacto no tuvo la fuerza suficiente para que fuera considerado como infracci\u00f3n. Los detalles<\/p>\n","protected":false},"author":8,"featured_media":89357,"comment_status":"open","ping_status":"open","sticky":false,"template":"","format":"standard","meta":{"fifu_image_url":"","fifu_image_alt":"","footnotes":""},"categories":[13],"tags":[3528],"class_list":{"0":"post-89349","1":"post","2":"type-post","3":"status-publish","4":"format-standard","5":"has-post-thumbnail","7":"category-deportes","8":"tag-river-plate"},"yoast_head":"<title>Otra pol\u00e9mica con el arbitraje y el VAR en un partido de River Plate: por qu\u00e9 no debi\u00f3 sancionarse el penal de Paulo D\u00edaz a Medina - Informe Litoral<\/title>\n<meta name=\"robots\" content=\"index, follow, max-snippet:-1, max-image-preview:large, max-video-preview:-1\" \/>\n<link rel=\"canonical\" href=\"https:\/\/informelitoral.com.ar\/otra-polemica-con-el-arbitraje-y-el-var-en-un-partido-de-river-plate-por-que-no-debio-sancionarse-el-penal-de-paulo-diaz-a-medina\/\" \/>\n<meta property=\"og:locale\" content=\"es_ES\" \/>\n<meta property=\"og:type\" content=\"article\" \/>\n<meta property=\"og:title\" content=\"Otra pol\u00e9mica con el arbitraje y el VAR en un partido de River Plate: por qu\u00e9 no debi\u00f3 sancionarse el penal de Paulo D\u00edaz a Medina - Informe Litoral\" \/>\n<meta property=\"og:description\" content=\"El juez Patricio Loustau y la tecnolog\u00eda cometieron un error porque el contacto no tuvo la fuerza suficiente para que fuera considerado como infracci\u00f3n. Los detalles\" \/>\n<meta property=\"og:url\" content=\"https:\/\/informelitoral.com.ar\/otra-polemica-con-el-arbitraje-y-el-var-en-un-partido-de-river-plate-por-que-no-debio-sancionarse-el-penal-de-paulo-diaz-a-medina\/\" \/>\n<meta property=\"og:site_name\" content=\"Informe Litoral\" \/>\n<meta property=\"article:publisher\" content=\"https:\/\/www.facebook.com\/informelitoral\/\" \/>\n<meta property=\"article:published_time\" content=\"2022-10-10T13:08:46+00:00\" \/>\n<meta property=\"article:modified_time\" content=\"2022-10-10T13:12:23+00:00\" \/>\n<meta property=\"og:image\" content=\"https:\/\/informelitoral.com.ar\/%77%70%2d%63%6f%6e%74%65%6e%74\/uploads\/2022\/10\/LSRGCTHXCJEM7HSQ24VN24UVQM.webp\" \/>\n\t<meta property=\"og:image:width\" content=\"992\" \/>\n\t<meta property=\"og:image:height\" content=\"558\" \/>\n\t<meta property=\"og:image:type\" content=\"image\/webp\" \/>\n<meta name=\"author\" content=\"Sebastian\" \/>\n<meta name=\"twitter:card\" content=\"summary_large_image\" \/>\n<meta name=\"twitter:creator\" content=\"@InformeLitoral\" \/>\n<meta name=\"twitter:site\" content=\"@InformeLitoral\" \/>\n<meta name=\"twitter:label1\" content=\"Escrito por\" \/>\n\t<meta name=\"twitter:data1\" content=\"Sebastian\" \/>\n\t<meta name=\"twitter:label2\" content=\"Tiempo de lectura\" \/>\n\t<meta name=\"twitter:data2\" content=\"3 minutos\" \/>\n<script type=\"application\/ld+json\" class=\"yoast-schema-graph\">{\"@context\":\"https:\\\/\\\/schema.org\",\"@graph\":[{\"@type\":\"Article\",\"@id\":\"https:\\\/\\\/informelitoral.com.ar\\\/otra-polemica-con-el-arbitraje-y-el-var-en-un-partido-de-river-plate-por-que-no-debio-sancionarse-el-penal-de-paulo-diaz-a-medina\\\/#article\",\"isPartOf\":{\"@id\":\"https:\\\/\\\/informelitoral.com.ar\\\/otra-polemica-con-el-arbitraje-y-el-var-en-un-partido-de-river-plate-por-que-no-debio-sancionarse-el-penal-de-paulo-diaz-a-medina\\\/\"},\"author\":{\"name\":\"Sebastian\",\"@id\":\"https:\\\/\\\/informelitoral.com.ar\\\/#\\\/schema\\\/person\\\/f05f9f461677119578717524b127d6d5\"},\"headline\":\"Otra pol\u00e9mica con el arbitraje y el VAR en un partido de River Plate: por qu\u00e9 no debi\u00f3 sancionarse el penal de Paulo D\u00edaz a Medina\",\"datePublished\":\"2022-10-10T13:08:46+00:00\",\"dateModified\":\"2022-10-10T13:12:23+00:00\",\"mainEntityOfPage\":{\"@id\":\"https:\\\/\\\/informelitoral.com.ar\\\/otra-polemica-con-el-arbitraje-y-el-var-en-un-partido-de-river-plate-por-que-no-debio-sancionarse-el-penal-de-paulo-diaz-a-medina\\\/\"},\"wordCount\":546,\"commentCount\":0,\"publisher\":{\"@id\":\"https:\\\/\\\/informelitoral.com.ar\\\/#organization\"},\"image\":{\"@id\":\"https:\\\/\\\/informelitoral.com.ar\\\/otra-polemica-con-el-arbitraje-y-el-var-en-un-partido-de-river-plate-por-que-no-debio-sancionarse-el-penal-de-paulo-diaz-a-medina\\\/#primaryimage\"},\"thumbnailUrl\":\"https:\\\/\\\/informelitoral.com.ar\\\/%77%70%2d%63%6f%6e%74%65%6e%74\\\/uploads\\\/2022\\\/10\\\/LSRGCTHXCJEM7HSQ24VN24UVQM.webp\",\"keywords\":[\"River Plate\"],\"articleSection\":[\"Deportes\"],\"inLanguage\":\"es\",\"potentialAction\":[{\"@type\":\"CommentAction\",\"name\":\"Comment\",\"target\":[\"https:\\\/\\\/informelitoral.com.ar\\\/otra-polemica-con-el-arbitraje-y-el-var-en-un-partido-de-river-plate-por-que-no-debio-sancionarse-el-penal-de-paulo-diaz-a-medina\\\/#respond\"]}]},{\"@type\":\"WebPage\",\"@id\":\"https:\\\/\\\/informelitoral.com.ar\\\/otra-polemica-con-el-arbitraje-y-el-var-en-un-partido-de-river-plate-por-que-no-debio-sancionarse-el-penal-de-paulo-diaz-a-medina\\\/\",\"url\":\"https:\\\/\\\/informelitoral.com.ar\\\/otra-polemica-con-el-arbitraje-y-el-var-en-un-partido-de-river-plate-por-que-no-debio-sancionarse-el-penal-de-paulo-diaz-a-medina\\\/\",\"name\":\"Otra pol\u00e9mica con el arbitraje y el VAR en un partido de River Plate: por qu\u00e9 no debi\u00f3 sancionarse el penal de Paulo D\u00edaz a Medina - Informe Litoral\",\"isPartOf\":{\"@id\":\"https:\\\/\\\/informelitoral.com.ar\\\/#website\"},\"primaryImageOfPage\":{\"@id\":\"https:\\\/\\\/informelitoral.com.ar\\\/otra-polemica-con-el-arbitraje-y-el-var-en-un-partido-de-river-plate-por-que-no-debio-sancionarse-el-penal-de-paulo-diaz-a-medina\\\/#primaryimage\"},\"image\":{\"@id\":\"https:\\\/\\\/informelitoral.com.ar\\\/otra-polemica-con-el-arbitraje-y-el-var-en-un-partido-de-river-plate-por-que-no-debio-sancionarse-el-penal-de-paulo-diaz-a-medina\\\/#primaryimage\"},\"thumbnailUrl\":\"https:\\\/\\\/informelitoral.com.ar\\\/%77%70%2d%63%6f%6e%74%65%6e%74\\\/uploads\\\/2022\\\/10\\\/LSRGCTHXCJEM7HSQ24VN24UVQM.webp\",\"datePublished\":\"2022-10-10T13:08:46+00:00\",\"dateModified\":\"2022-10-10T13:12:23+00:00\",\"breadcrumb\":{\"@id\":\"https:\\\/\\\/informelitoral.com.ar\\\/otra-polemica-con-el-arbitraje-y-el-var-en-un-partido-de-river-plate-por-que-no-debio-sancionarse-el-penal-de-paulo-diaz-a-medina\\\/#breadcrumb\"},\"inLanguage\":\"es\",\"potentialAction\":[{\"@type\":\"ReadAction\",\"target\":[\"https:\\\/\\\/informelitoral.com.ar\\\/otra-polemica-con-el-arbitraje-y-el-var-en-un-partido-de-river-plate-por-que-no-debio-sancionarse-el-penal-de-paulo-diaz-a-medina\\\/\"]}]},{\"@type\":\"ImageObject\",\"inLanguage\":\"es\",\"@id\":\"https:\\\/\\\/informelitoral.com.ar\\\/otra-polemica-con-el-arbitraje-y-el-var-en-un-partido-de-river-plate-por-que-no-debio-sancionarse-el-penal-de-paulo-diaz-a-medina\\\/#primaryimage\",\"url\":\"https:\\\/\\\/informelitoral.com.ar\\\/%77%70%2d%63%6f%6e%74%65%6e%74\\\/uploads\\\/2022\\\/10\\\/LSRGCTHXCJEM7HSQ24VN24UVQM.webp\",\"contentUrl\":\"https:\\\/\\\/informelitoral.com.ar\\\/%77%70%2d%63%6f%6e%74%65%6e%74\\\/uploads\\\/2022\\\/10\\\/LSRGCTHXCJEM7HSQ24VN24UVQM.webp\",\"width\":992,\"height\":558},{\"@type\":\"BreadcrumbList\",\"@id\":\"https:\\\/\\\/informelitoral.com.ar\\\/otra-polemica-con-el-arbitraje-y-el-var-en-un-partido-de-river-plate-por-que-no-debio-sancionarse-el-penal-de-paulo-diaz-a-medina\\\/#breadcrumb\",\"itemListElement\":[{\"@type\":\"ListItem\",\"position\":1,\"name\":\"Portada\",\"item\":\"https:\\\/\\\/informelitoral.com.ar\\\/\"},{\"@type\":\"ListItem\",\"position\":2,\"name\":\"Otra pol\u00e9mica con el arbitraje y el VAR en un partido de River Plate: por qu\u00e9 no debi\u00f3 sancionarse el penal de Paulo D\u00edaz a Medina\"}]},{\"@type\":\"WebSite\",\"@id\":\"https:\\\/\\\/informelitoral.com.ar\\\/#website\",\"url\":\"https:\\\/\\\/informelitoral.com.ar\\\/\",\"name\":\"Informe Litoral\",\"description\":\"&quot;Nos informamos&quot; \",\"publisher\":{\"@id\":\"https:\\\/\\\/informelitoral.com.ar\\\/#organization\"},\"potentialAction\":[{\"@type\":\"SearchAction\",\"target\":{\"@type\":\"EntryPoint\",\"urlTemplate\":\"https:\\\/\\\/informelitoral.com.ar\\\/?s={search_term_string}\"},\"query-input\":{\"@type\":\"PropertyValueSpecification\",\"valueRequired\":true,\"valueName\":\"search_term_string\"}}],\"inLanguage\":\"es\"},{\"@type\":\"Organization\",\"@id\":\"https:\\\/\\\/informelitoral.com.ar\\\/#organization\",\"name\":\"Informe Litoral\",\"url\":\"https:\\\/\\\/informelitoral.com.ar\\\/\",\"logo\":{\"@type\":\"ImageObject\",\"inLanguage\":\"es\",\"@id\":\"https:\\\/\\\/informelitoral.com.ar\\\/#\\\/schema\\\/logo\\\/image\\\/\",\"url\":\"https:\\\/\\\/informelitoral.com.ar\\\/%77%70%2d%63%6f%6e%74%65%6e%74\\\/uploads\\\/2021\\\/01\\\/circulo.png\",\"contentUrl\":\"https:\\\/\\\/informelitoral.com.ar\\\/%77%70%2d%63%6f%6e%74%65%6e%74\\\/uploads\\\/2021\\\/01\\\/circulo.png\",\"width\":723,\"height\":731,\"caption\":\"Informe Litoral\"},\"image\":{\"@id\":\"https:\\\/\\\/informelitoral.com.ar\\\/#\\\/schema\\\/logo\\\/image\\\/\"},\"sameAs\":[\"https:\\\/\\\/www.facebook.com\\\/informelitoral\\\/\",\"https:\\\/\\\/x.com\\\/InformeLitoral\",\"https:\\\/\\\/www.instagram.com\\\/informelitoral\\\/\",\"https:\\\/\\\/www.youtube.com\\\/channel\\\/UCua4Qvz8Icb6MYqhoq9xLXw\"]},{\"@type\":\"Person\",\"@id\":\"https:\\\/\\\/informelitoral.com.ar\\\/#\\\/schema\\\/person\\\/f05f9f461677119578717524b127d6d5\",\"name\":\"Sebastian\",\"image\":{\"@type\":\"ImageObject\",\"inLanguage\":\"es\",\"@id\":\"https:\\\/\\\/secure.gravatar.com\\\/avatar\\\/b71bf7481d447dfb9583c7f2798e7cc64de6efb9067b74633ed8c31059a3bd82?s=96&d=mm&r=g\",\"url\":\"https:\\\/\\\/secure.gravatar.com\\\/avatar\\\/b71bf7481d447dfb9583c7f2798e7cc64de6efb9067b74633ed8c31059a3bd82?s=96&d=mm&r=g\",\"contentUrl\":\"https:\\\/\\\/secure.gravatar.com\\\/avatar\\\/b71bf7481d447dfb9583c7f2798e7cc64de6efb9067b74633ed8c31059a3bd82?s=96&d=mm&r=g\",\"caption\":\"Sebastian\"},\"url\":\"https:\\\/\\\/informelitoral.com.ar\\\/author\\\/sebastian\\\/\"}]}<\/script>","yoast_head_json":{"title":"Otra pol\u00e9mica con el arbitraje y el VAR en un partido de River Plate: por qu\u00e9 no debi\u00f3 sancionarse el penal de Paulo D\u00edaz a Medina - Informe Litoral","robots":{"index":"index","follow":"follow","max-snippet":"max-snippet:-1","max-image-preview":"max-image-preview:large","max-video-preview":"max-video-preview:-1"},"canonical":"https:\/\/informelitoral.com.ar\/otra-polemica-con-el-arbitraje-y-el-var-en-un-partido-de-river-plate-por-que-no-debio-sancionarse-el-penal-de-paulo-diaz-a-medina\/","og_locale":"es_ES","og_type":"article","og_title":"Otra pol\u00e9mica con el arbitraje y el VAR en un partido de River Plate: por qu\u00e9 no debi\u00f3 sancionarse el penal de Paulo D\u00edaz a Medina - Informe Litoral","og_description":"El juez Patricio Loustau y la tecnolog\u00eda cometieron un error porque el contacto no tuvo la fuerza suficiente para que fuera considerado como infracci\u00f3n. Los detalles","og_url":"https:\/\/informelitoral.com.ar\/otra-polemica-con-el-arbitraje-y-el-var-en-un-partido-de-river-plate-por-que-no-debio-sancionarse-el-penal-de-paulo-diaz-a-medina\/","og_site_name":"Informe Litoral","article_publisher":"https:\/\/www.facebook.com\/informelitoral\/","article_published_time":"2022-10-10T13:08:46+00:00","article_modified_time":"2022-10-10T13:12:23+00:00","og_image":[{"width":992,"height":558,"url":"https:\/\/informelitoral.com.ar\/%77%70%2d%63%6f%6e%74%65%6e%74\/uploads\/2022\/10\/LSRGCTHXCJEM7HSQ24VN24UVQM.webp","type":"image\/webp"}],"author":"Sebastian","twitter_card":"summary_large_image","twitter_creator":"@InformeLitoral","twitter_site":"@InformeLitoral","twitter_misc":{"Escrito por":"Sebastian","Tiempo de lectura":"3 minutos"},"schema":{"@context":"https:\/\/schema.org","@graph":[{"@type":"Article","@id":"https:\/\/informelitoral.com.ar\/otra-polemica-con-el-arbitraje-y-el-var-en-un-partido-de-river-plate-por-que-no-debio-sancionarse-el-penal-de-paulo-diaz-a-medina\/#article","isPartOf":{"@id":"https:\/\/informelitoral.com.ar\/otra-polemica-con-el-arbitraje-y-el-var-en-un-partido-de-river-plate-por-que-no-debio-sancionarse-el-penal-de-paulo-diaz-a-medina\/"},"author":{"name":"Sebastian","@id":"https:\/\/informelitoral.com.ar\/#\/schema\/person\/f05f9f461677119578717524b127d6d5"},"headline":"Otra pol\u00e9mica con el arbitraje y el VAR en un partido de River Plate: por qu\u00e9 no debi\u00f3 sancionarse el penal de Paulo D\u00edaz a Medina","datePublished":"2022-10-10T13:08:46+00:00","dateModified":"2022-10-10T13:12:23+00:00","mainEntityOfPage":{"@id":"https:\/\/informelitoral.com.ar\/otra-polemica-con-el-arbitraje-y-el-var-en-un-partido-de-river-plate-por-que-no-debio-sancionarse-el-penal-de-paulo-diaz-a-medina\/"},"wordCount":546,"commentCount":0,"publisher":{"@id":"https:\/\/informelitoral.com.ar\/#organization"},"image":{"@id":"https:\/\/informelitoral.com.ar\/otra-polemica-con-el-arbitraje-y-el-var-en-un-partido-de-river-plate-por-que-no-debio-sancionarse-el-penal-de-paulo-diaz-a-medina\/#primaryimage"},"thumbnailUrl":"https:\/\/informelitoral.com.ar\/%77%70%2d%63%6f%6e%74%65%6e%74\/uploads\/2022\/10\/LSRGCTHXCJEM7HSQ24VN24UVQM.webp","keywords":["River Plate"],"articleSection":["Deportes"],"inLanguage":"es","potentialAction":[{"@type":"CommentAction","name":"Comment","target":["https:\/\/informelitoral.com.ar\/otra-polemica-con-el-arbitraje-y-el-var-en-un-partido-de-river-plate-por-que-no-debio-sancionarse-el-penal-de-paulo-diaz-a-medina\/#respond"]}]},{"@type":"WebPage","@id":"https:\/\/informelitoral.com.ar\/otra-polemica-con-el-arbitraje-y-el-var-en-un-partido-de-river-plate-por-que-no-debio-sancionarse-el-penal-de-paulo-diaz-a-medina\/","url":"https:\/\/informelitoral.com.ar\/otra-polemica-con-el-arbitraje-y-el-var-en-un-partido-de-river-plate-por-que-no-debio-sancionarse-el-penal-de-paulo-diaz-a-medina\/","name":"Otra pol\u00e9mica con el arbitraje y el VAR en un partido de River Plate: por qu\u00e9 no debi\u00f3 sancionarse el penal de Paulo D\u00edaz a Medina - Informe Litoral","isPartOf":{"@id":"https:\/\/informelitoral.com.ar\/#website"},"primaryImageOfPage":{"@id":"https:\/\/informelitoral.com.ar\/otra-polemica-con-el-arbitraje-y-el-var-en-un-partido-de-river-plate-por-que-no-debio-sancionarse-el-penal-de-paulo-diaz-a-medina\/#primaryimage"},"image":{"@id":"https:\/\/informelitoral.com.ar\/otra-polemica-con-el-arbitraje-y-el-var-en-un-partido-de-river-plate-por-que-no-debio-sancionarse-el-penal-de-paulo-diaz-a-medina\/#primaryimage"},"thumbnailUrl":"https:\/\/informelitoral.com.ar\/%77%70%2d%63%6f%6e%74%65%6e%74\/uploads\/2022\/10\/LSRGCTHXCJEM7HSQ24VN24UVQM.webp","datePublished":"2022-10-10T13:08:46+00:00","dateModified":"2022-10-10T13:12:23+00:00","breadcrumb":{"@id":"https:\/\/informelitoral.com.ar\/otra-polemica-con-el-arbitraje-y-el-var-en-un-partido-de-river-plate-por-que-no-debio-sancionarse-el-penal-de-paulo-diaz-a-medina\/#breadcrumb"},"inLanguage":"es","potentialAction":[{"@type":"ReadAction","target":["https:\/\/informelitoral.com.ar\/otra-polemica-con-el-arbitraje-y-el-var-en-un-partido-de-river-plate-por-que-no-debio-sancionarse-el-penal-de-paulo-diaz-a-medina\/"]}]},{"@type":"ImageObject","inLanguage":"es","@id":"https:\/\/informelitoral.com.ar\/otra-polemica-con-el-arbitraje-y-el-var-en-un-partido-de-river-plate-por-que-no-debio-sancionarse-el-penal-de-paulo-diaz-a-medina\/#primaryimage","url":"https:\/\/informelitoral.com.ar\/%77%70%2d%63%6f%6e%74%65%6e%74\/uploads\/2022\/10\/LSRGCTHXCJEM7HSQ24VN24UVQM.webp","contentUrl":"https:\/\/informelitoral.com.ar\/%77%70%2d%63%6f%6e%74%65%6e%74\/uploads\/2022\/10\/LSRGCTHXCJEM7HSQ24VN24UVQM.webp","width":992,"height":558},{"@type":"BreadcrumbList","@id":"https:\/\/informelitoral.com.ar\/otra-polemica-con-el-arbitraje-y-el-var-en-un-partido-de-river-plate-por-que-no-debio-sancionarse-el-penal-de-paulo-diaz-a-medina\/#breadcrumb","itemListElement":[{"@type":"ListItem","position":1,"name":"Portada","item":"https:\/\/informelitoral.com.ar\/"},{"@type":"ListItem","position":2,"name":"Otra pol\u00e9mica con el arbitraje y el VAR en un partido de River Plate: por qu\u00e9 no debi\u00f3 sancionarse el penal de Paulo D\u00edaz a Medina"}]},{"@type":"WebSite","@id":"https:\/\/informelitoral.com.ar\/#website","url":"https:\/\/informelitoral.com.ar\/","name":"Informe Litoral","description":"&quot;Nos informamos&quot; ","publisher":{"@id":"https:\/\/informelitoral.com.ar\/#organization"},"potentialAction":[{"@type":"SearchAction","target":{"@type":"EntryPoint","urlTemplate":"https:\/\/informelitoral.com.ar\/?s={search_term_string}"},"query-input":{"@type":"PropertyValueSpecification","valueRequired":true,"valueName":"search_term_string"}}],"inLanguage":"es"},{"@type":"Organization","@id":"https:\/\/informelitoral.com.ar\/#organization","name":"Informe Litoral","url":"https:\/\/informelitoral.com.ar\/","logo":{"@type":"ImageObject","inLanguage":"es","@id":"https:\/\/informelitoral.com.ar\/#\/schema\/logo\/image\/","url":"https:\/\/informelitoral.com.ar\/%77%70%2d%63%6f%6e%74%65%6e%74\/uploads\/2021\/01\/circulo.png","contentUrl":"https:\/\/informelitoral.com.ar\/%77%70%2d%63%6f%6e%74%65%6e%74\/uploads\/2021\/01\/circulo.png","width":723,"height":731,"caption":"Informe Litoral"},"image":{"@id":"https:\/\/informelitoral.com.ar\/#\/schema\/logo\/image\/"},"sameAs":["https:\/\/www.facebook.com\/informelitoral\/","https:\/\/x.com\/InformeLitoral","https:\/\/www.instagram.com\/informelitoral\/","https:\/\/www.youtube.com\/channel\/UCua4Qvz8Icb6MYqhoq9xLXw"]},{"@type":"Person","@id":"https:\/\/informelitoral.com.ar\/#\/schema\/person\/f05f9f461677119578717524b127d6d5","name":"Sebastian","image":{"@type":"ImageObject","inLanguage":"es","@id":"https:\/\/secure.gravatar.com\/avatar\/b71bf7481d447dfb9583c7f2798e7cc64de6efb9067b74633ed8c31059a3bd82?s=96&d=mm&r=g","url":"https:\/\/secure.gravatar.com\/avatar\/b71bf7481d447dfb9583c7f2798e7cc64de6efb9067b74633ed8c31059a3bd82?s=96&d=mm&r=g","contentUrl":"https:\/\/secure.gravatar.com\/avatar\/b71bf7481d447dfb9583c7f2798e7cc64de6efb9067b74633ed8c31059a3bd82?s=96&d=mm&r=g","caption":"Sebastian"},"url":"https:\/\/informelitoral.com.ar\/author\/sebastian\/"}]}},"_links":{"self":[{"href":"https:\/\/informelitoral.com.ar\/%77%70%2d%6a%73%6f%6e\/wp\/v2\/posts\/89349","targetHints":{"allow":["GET"]}}],"collection":[{"href":"https:\/\/informelitoral.com.ar\/%77%70%2d%6a%73%6f%6e\/wp\/v2\/posts"}],"about":[{"href":"https:\/\/informelitoral.com.ar\/%77%70%2d%6a%73%6f%6e\/wp\/v2\/types\/post"}],"author":[{"embeddable":true,"href":"https:\/\/informelitoral.com.ar\/%77%70%2d%6a%73%6f%6e\/wp\/v2\/users\/8"}],"replies":[{"embeddable":true,"href":"https:\/\/informelitoral.com.ar\/%77%70%2d%6a%73%6f%6e\/wp\/v2\/comments?post=89349"}],"version-history":[{"count":0,"href":"https:\/\/informelitoral.com.ar\/%77%70%2d%6a%73%6f%6e\/wp\/v2\/posts\/89349\/revisions"}],"wp:featuredmedia":[{"embeddable":true,"href":"https:\/\/informelitoral.com.ar\/%77%70%2d%6a%73%6f%6e\/wp\/v2\/media\/89357"}],"wp:attachment":[{"href":"https:\/\/informelitoral.com.ar\/%77%70%2d%6a%73%6f%6e\/wp\/v2\/media?parent=89349"}],"wp:term":[{"taxonomy":"category","embeddable":true,"href":"https:\/\/informelitoral.com.ar\/%77%70%2d%6a%73%6f%6e\/wp\/v2\/categories?post=89349"},{"taxonomy":"post_tag","embeddable":true,"href":"https:\/\/informelitoral.com.ar\/%77%70%2d%6a%73%6f%6e\/wp\/v2\/tags?post=89349"}],"curies":[{"name":"wp","href":"https:\/\/api.w.org\/{rel}","templated":true}]}}