{"id":8934,"date":"2014-11-11T11:44:44","date_gmt":"2014-11-11T14:44:44","guid":{"rendered":"http:\/\/www.isletasnoticias.com.ar\/?p=8934"},"modified":"2014-11-11T11:44:44","modified_gmt":"2014-11-11T14:44:44","slug":"la-cumbre-del-mercosur-costaria-unos-120-millones","status":"publish","type":"post","link":"https:\/\/informelitoral.com.ar\/la-cumbre-del-mercosur-costaria-unos-120-millones\/","title":{"rendered":"La Cumbre del Mercosur costar\u00eda unos $120 millones"},"content":{"rendered":"<p><strong>Paran\u00e1 se prepara a acoger a un encuentro peculiar: una reuni\u00f3n continental de presidentes del Mercosur, entre el 14 y el 18 de diciembre pr\u00f3ximos, c\u00f3nclave en cuya log\u00edstica la Provincia ya est\u00e1 trabajando, en coordinaci\u00f3n con la Canciller\u00eda, y para lo cual se gastar\u00edan aproximadamente unos $ 120 millones de pesos, seg\u00fan una fuente calificada del Gobierno.<a href=\"http:\/\/www.isletasnoticias.com.ar\/%77%70%2d%63%6f%6e%74%65%6e%74\/uploads\/2014\/11\/o_1414905574.jpg\"><img loading=\"lazy\" decoding=\"async\" class=\"aligncenter size-medium wp-image-8935\" src=\"http:\/\/www.isletasnoticias.com.ar\/%77%70%2d%63%6f%6e%74%65%6e%74\/uploads\/2014\/11\/o_1414905574-300x168.jpg\" alt=\"o_1414905574\" width=\"300\" height=\"168\" srcset=\"https:\/\/informelitoral.com.ar\/%77%70%2d%63%6f%6e%74%65%6e%74\/uploads\/2014\/11\/o_1414905574-300x168.jpg 300w, https:\/\/informelitoral.com.ar\/%77%70%2d%63%6f%6e%74%65%6e%74\/uploads\/2014\/11\/o_1414905574.jpg 640w\" sizes=\"auto, (max-width: 300px) 100vw, 300px\" \/><\/a><\/strong><\/p>\n<p>\u201cLa Provincia est\u00e1 trabajando intensamente, junto a Presidencia y Canciller\u00eda, para que esta Cumbre sea \u00e9xito \u2013ha dicho el gobernador Sergio Urribarri, como anunciando un festival de rock\u2013. Los entrerrianos vamos a ser protagonistas, una vez m\u00e1s, de un hecho hist\u00f3rico\u201d.<\/p>\n<p>Los dos sitios adonde se congregar\u00e1n las comitivas del Mercosur ser\u00e1n el Centro de Convenciones La Vieja Usina y la Escuela Del Centenario, por lo que se prev\u00e9 que habr\u00e1 un operativo especial, zonas vedadas al paso de peatones y veh\u00edculos y un despliegue de seguridad hasta ahora nunca visto en la ciudad.<\/p>\n<p>Pero a pesar de la envergadura del encuentro, la intendenta Blanca Osuna, de momento, poco y nada sabe del asunto. En realidad, Urribarri parece querer atrapar todas las miradas por un eventual \u00e9xito de la convocatoria, y ha relegado a la jefa comunal a un segundo plano. La propia Osuna ha dicho que \u201ca nosotros nos ha ocupado la interacci\u00f3n con actores no gubernamentales y del sector privado que han manifestado su inter\u00e9s y compromiso para que todo salga como corresponde. En materia de hoteler\u00eda hicimos una reuni\u00f3n en la Asociaci\u00f3n Hotelera Gastron\u00f3mica y se hizo un relevamiento exhaustivo de lo que son las habitaciones, las camas y los servicios que se van a prestar. Hay un compromiso de adecuar algunos hoteles para poder disponer de suites y de espacios amplios para las habitaciones presidenciales\u201d.<\/p>\n<p>Se sabe que los presidentes del Mecosur \u2013Evo Morales, de Bolivia; Dilma Rouseff, de Brasil; Jos\u00e9 Mugica, de Uruguay, entre otros\u2014estar\u00e1n 48 horas en la ciudad, y ya se est\u00e1 preparando en el hotel preferido del urribarrismo: el Maran. En el Hotel de Alameda de la Federaci\u00f3n y Mitre, que balconea al Rosedal, ya se habr\u00edan reservado tres pisos para alojar a las delegaciones.<\/p>\n<p>Aunque tambi\u00e9n el otro hotel de categor\u00eda, el Howard Johnson Mayorazgo est\u00e1 poni\u00e9ndose a punto: no s\u00f3lo remodel\u00f3 su acceso, sino que alambr\u00f3 todo el sector que da a calles Mitre y Etchevehere.<\/p>\n<p>En los gastos de organizaci\u00f3n de la Cumbre Mercosur, el Gobierno de Urribarri tiene las manos libres.<\/p>\n<p>La Legislatura aprob\u00f3 la Ley N\u00b0 10.327 que le dio luz verde a Urribarri para efectuar gastos en relaci\u00f3n a la organizaci\u00f3n de la Cumbre sin necesidad de atravesar los sistemas de control y las licitaciones p\u00fablicas antes de contratar un servicio o adquirir un bien.<\/p>\n<p>Esa ley faculta al Poder Ejecutivo a \u201cutilizar el procedimiento de contrataci\u00f3n directa para la ejecuci\u00f3n de obras, contrataci\u00f3n de los servicios, adquisici\u00f3n de suministros, y en general para toda compra y\/u operaci\u00f3n que resulten necesarios para la realizaci\u00f3n de los distintos efectos que se realicen\u201d durante la presencia de las delegaciones del Mercosur en Entre R\u00edos.<\/p>\n<p>Una conocida empresa de metalurgia de la ciudad ya fue contratada para armar 2.000 vallas de contenci\u00f3n que se colocar\u00e1n en todo el sector donde se desarrollen las deliberaciones de los presidentes del Mercosur.<\/p>\n<p>Habr\u00e1 contrataci\u00f3n directa en todo. La ley establece que cuando \u201crazones de conveniencia as\u00ed lo justifiquen, la autoridad competente podr\u00e1 autorizar anticipos o adelantos financieros al contratista y\/o proveedor, los que se amortizar\u00e1n por las respectivas facturaciones que se emitan\u201d.<\/p>\n<p>Despu\u00e9s, s\u00f3lo despu\u00e9s, el Gobierno deber\u00e1 informar a la Legislatura, pero cuando todo haya concluido. <em>(EntreR\u00edosAhora)<\/em><\/p>\n","protected":false},"excerpt":{"rendered":"<p>Paran&aacute; se prepara a acoger a un encuentro peculiar: una reuni&oacute;n continental de presidentes del Mercosur, entre el 14 y el 18 de diciembre pr&oacute;ximos, c&oacute;nclave en cuya log&iacute;stica la Provincia ya est&aacute; trabajando, en coordinaci&oacute;n con la Canciller&iacute;a, y para lo cual se gastar&iacute;an aproximadamente unos $ 120 millones de pesos, seg&uacute;n una fuente [&hellip;]<\/p>\n","protected":false},"author":2,"featured_media":0,"comment_status":"open","ping_status":"open","sticky":false,"template":"","format":"standard","meta":{"fifu_image_url":"","fifu_image_alt":"","footnotes":""},"categories":[6,16],"tags":[],"class_list":{"0":"post-8934","1":"post","2":"type-post","3":"status-publish","4":"format-standard","6":"category-entre-rios","7":"category-politi"},"yoast_head":"<title>La Cumbre del Mercosur costar\u00eda unos $120 millones - Informe Litoral<\/title>\n<meta name=\"robots\" content=\"index, follow, max-snippet:-1, max-image-preview:large, max-video-preview:-1\" \/>\n<link rel=\"canonical\" href=\"https:\/\/informelitoral.com.ar\/la-cumbre-del-mercosur-costaria-unos-120-millones\/\" \/>\n<meta property=\"og:locale\" content=\"es_ES\" \/>\n<meta property=\"og:type\" content=\"article\" \/>\n<meta property=\"og:title\" content=\"La Cumbre del Mercosur costar\u00eda unos $120 millones - Informe Litoral\" \/>\n<meta property=\"og:description\" content=\"Paran&aacute; se prepara a acoger a un encuentro peculiar: una reuni&oacute;n continental de presidentes del Mercosur, entre el 14 y el 18 de diciembre pr&oacute;ximos, c&oacute;nclave en cuya log&iacute;stica la Provincia ya est&aacute; trabajando, en coordinaci&oacute;n con la Canciller&iacute;a, y para lo cual se gastar&iacute;an aproximadamente unos $ 120 millones de pesos, seg&uacute;n una fuente [&hellip;]\" \/>\n<meta property=\"og:url\" content=\"https:\/\/informelitoral.com.ar\/la-cumbre-del-mercosur-costaria-unos-120-millones\/\" \/>\n<meta property=\"og:site_name\" content=\"Informe Litoral\" \/>\n<meta property=\"article:publisher\" content=\"https:\/\/www.facebook.com\/informelitoral\/\" \/>\n<meta property=\"article:published_time\" content=\"2014-11-11T14:44:44+00:00\" \/>\n<meta property=\"og:image\" content=\"https:\/\/informelitoral.com.ar\/%77%70%2d%63%6f%6e%74%65%6e%74\/uploads\/2014\/11\/o_1414905574.jpg\" \/>\n\t<meta property=\"og:image:width\" content=\"640\" \/>\n\t<meta property=\"og:image:height\" content=\"360\" \/>\n\t<meta property=\"og:image:type\" content=\"image\/jpeg\" \/>\n<meta name=\"author\" content=\"Gonzalo Schmidt\" \/>\n<meta name=\"twitter:card\" content=\"summary_large_image\" \/>\n<meta name=\"twitter:creator\" content=\"@InformeLitoral\" \/>\n<meta name=\"twitter:site\" content=\"@InformeLitoral\" \/>\n<meta name=\"twitter:label1\" content=\"Escrito por\" \/>\n\t<meta name=\"twitter:data1\" content=\"Gonzalo Schmidt\" \/>\n\t<meta name=\"twitter:label2\" content=\"Tiempo de lectura\" \/>\n\t<meta name=\"twitter:data2\" content=\"3 minutos\" \/>\n<script type=\"application\/ld+json\" class=\"yoast-schema-graph\">{\"@context\":\"https:\\\/\\\/schema.org\",\"@graph\":[{\"@type\":\"Article\",\"@id\":\"https:\\\/\\\/informelitoral.com.ar\\\/la-cumbre-del-mercosur-costaria-unos-120-millones\\\/#article\",\"isPartOf\":{\"@id\":\"https:\\\/\\\/informelitoral.com.ar\\\/la-cumbre-del-mercosur-costaria-unos-120-millones\\\/\"},\"author\":{\"name\":\"Gonzalo Schmidt\",\"@id\":\"https:\\\/\\\/informelitoral.com.ar\\\/#\\\/schema\\\/person\\\/b9d00407c836482871ef1d57bf8e3180\"},\"headline\":\"La Cumbre del Mercosur costar\u00eda unos $120 millones\",\"datePublished\":\"2014-11-11T14:44:44+00:00\",\"mainEntityOfPage\":{\"@id\":\"https:\\\/\\\/informelitoral.com.ar\\\/la-cumbre-del-mercosur-costaria-unos-120-millones\\\/\"},\"wordCount\":644,\"commentCount\":0,\"publisher\":{\"@id\":\"https:\\\/\\\/informelitoral.com.ar\\\/#organization\"},\"image\":{\"@id\":\"https:\\\/\\\/informelitoral.com.ar\\\/la-cumbre-del-mercosur-costaria-unos-120-millones\\\/#primaryimage\"},\"thumbnailUrl\":\"http:\\\/\\\/www.isletasnoticias.com.ar\\\/%77%70%2d%63%6f%6e%74%65%6e%74\\\/uploads\\\/2014\\\/11\\\/o_1414905574-300x168.jpg\",\"articleSection\":[\"Entre R\u00edos\",\"Politica\"],\"inLanguage\":\"es\",\"potentialAction\":[{\"@type\":\"CommentAction\",\"name\":\"Comment\",\"target\":[\"https:\\\/\\\/informelitoral.com.ar\\\/la-cumbre-del-mercosur-costaria-unos-120-millones\\\/#respond\"]}]},{\"@type\":\"WebPage\",\"@id\":\"https:\\\/\\\/informelitoral.com.ar\\\/la-cumbre-del-mercosur-costaria-unos-120-millones\\\/\",\"url\":\"https:\\\/\\\/informelitoral.com.ar\\\/la-cumbre-del-mercosur-costaria-unos-120-millones\\\/\",\"name\":\"La Cumbre del Mercosur costar\u00eda unos $120 millones - Informe Litoral\",\"isPartOf\":{\"@id\":\"https:\\\/\\\/informelitoral.com.ar\\\/#website\"},\"primaryImageOfPage\":{\"@id\":\"https:\\\/\\\/informelitoral.com.ar\\\/la-cumbre-del-mercosur-costaria-unos-120-millones\\\/#primaryimage\"},\"image\":{\"@id\":\"https:\\\/\\\/informelitoral.com.ar\\\/la-cumbre-del-mercosur-costaria-unos-120-millones\\\/#primaryimage\"},\"thumbnailUrl\":\"http:\\\/\\\/www.isletasnoticias.com.ar\\\/%77%70%2d%63%6f%6e%74%65%6e%74\\\/uploads\\\/2014\\\/11\\\/o_1414905574-300x168.jpg\",\"datePublished\":\"2014-11-11T14:44:44+00:00\",\"breadcrumb\":{\"@id\":\"https:\\\/\\\/informelitoral.com.ar\\\/la-cumbre-del-mercosur-costaria-unos-120-millones\\\/#breadcrumb\"},\"inLanguage\":\"es\",\"potentialAction\":[{\"@type\":\"ReadAction\",\"target\":[\"https:\\\/\\\/informelitoral.com.ar\\\/la-cumbre-del-mercosur-costaria-unos-120-millones\\\/\"]}]},{\"@type\":\"ImageObject\",\"inLanguage\":\"es\",\"@id\":\"https:\\\/\\\/informelitoral.com.ar\\\/la-cumbre-del-mercosur-costaria-unos-120-millones\\\/#primaryimage\",\"url\":\"http:\\\/\\\/www.isletasnoticias.com.ar\\\/%77%70%2d%63%6f%6e%74%65%6e%74\\\/uploads\\\/2014\\\/11\\\/o_1414905574-300x168.jpg\",\"contentUrl\":\"http:\\\/\\\/www.isletasnoticias.com.ar\\\/%77%70%2d%63%6f%6e%74%65%6e%74\\\/uploads\\\/2014\\\/11\\\/o_1414905574-300x168.jpg\"},{\"@type\":\"BreadcrumbList\",\"@id\":\"https:\\\/\\\/informelitoral.com.ar\\\/la-cumbre-del-mercosur-costaria-unos-120-millones\\\/#breadcrumb\",\"itemListElement\":[{\"@type\":\"ListItem\",\"position\":1,\"name\":\"Portada\",\"item\":\"https:\\\/\\\/informelitoral.com.ar\\\/\"},{\"@type\":\"ListItem\",\"position\":2,\"name\":\"La Cumbre del Mercosur costar\u00eda unos $120 millones\"}]},{\"@type\":\"WebSite\",\"@id\":\"https:\\\/\\\/informelitoral.com.ar\\\/#website\",\"url\":\"https:\\\/\\\/informelitoral.com.ar\\\/\",\"name\":\"Informe Litoral\",\"description\":\"&quot;Nos informamos&quot; \",\"publisher\":{\"@id\":\"https:\\\/\\\/informelitoral.com.ar\\\/#organization\"},\"potentialAction\":[{\"@type\":\"SearchAction\",\"target\":{\"@type\":\"EntryPoint\",\"urlTemplate\":\"https:\\\/\\\/informelitoral.com.ar\\\/?s={search_term_string}\"},\"query-input\":{\"@type\":\"PropertyValueSpecification\",\"valueRequired\":true,\"valueName\":\"search_term_string\"}}],\"inLanguage\":\"es\"},{\"@type\":\"Organization\",\"@id\":\"https:\\\/\\\/informelitoral.com.ar\\\/#organization\",\"name\":\"Informe Litoral\",\"url\":\"https:\\\/\\\/informelitoral.com.ar\\\/\",\"logo\":{\"@type\":\"ImageObject\",\"inLanguage\":\"es\",\"@id\":\"https:\\\/\\\/informelitoral.com.ar\\\/#\\\/schema\\\/logo\\\/image\\\/\",\"url\":\"https:\\\/\\\/informelitoral.com.ar\\\/%77%70%2d%63%6f%6e%74%65%6e%74\\\/uploads\\\/2021\\\/01\\\/circulo.png\",\"contentUrl\":\"https:\\\/\\\/informelitoral.com.ar\\\/%77%70%2d%63%6f%6e%74%65%6e%74\\\/uploads\\\/2021\\\/01\\\/circulo.png\",\"width\":723,\"height\":731,\"caption\":\"Informe Litoral\"},\"image\":{\"@id\":\"https:\\\/\\\/informelitoral.com.ar\\\/#\\\/schema\\\/logo\\\/image\\\/\"},\"sameAs\":[\"https:\\\/\\\/www.facebook.com\\\/informelitoral\\\/\",\"https:\\\/\\\/x.com\\\/InformeLitoral\",\"https:\\\/\\\/www.instagram.com\\\/informelitoral\\\/\",\"https:\\\/\\\/www.youtube.com\\\/channel\\\/UCua4Qvz8Icb6MYqhoq9xLXw\"]},{\"@type\":\"Person\",\"@id\":\"https:\\\/\\\/informelitoral.com.ar\\\/#\\\/schema\\\/person\\\/b9d00407c836482871ef1d57bf8e3180\",\"name\":\"Gonzalo Schmidt\",\"image\":{\"@type\":\"ImageObject\",\"inLanguage\":\"es\",\"@id\":\"https:\\\/\\\/secure.gravatar.com\\\/avatar\\\/31a1a7b66ff2de83bd0e9fd79d026630d2d99e55e8bfe501287647b4fd9743de?s=96&d=mm&r=g\",\"url\":\"https:\\\/\\\/secure.gravatar.com\\\/avatar\\\/31a1a7b66ff2de83bd0e9fd79d026630d2d99e55e8bfe501287647b4fd9743de?s=96&d=mm&r=g\",\"contentUrl\":\"https:\\\/\\\/secure.gravatar.com\\\/avatar\\\/31a1a7b66ff2de83bd0e9fd79d026630d2d99e55e8bfe501287647b4fd9743de?s=96&d=mm&r=g\",\"caption\":\"Gonzalo Schmidt\"},\"description\":\"Sitio web de noticias de la provincia de Entre R\u00edos, Argentina. Informaci\u00f3n y entretenimiento. Informe Litoral, nos informamos.\",\"sameAs\":[\"http:\\\/\\\/www.isletasnoticias.com.ar\"],\"url\":\"https:\\\/\\\/informelitoral.com.ar\\\/author\\\/gonzalo\\\/\"}]}<\/script>","yoast_head_json":{"title":"La Cumbre del Mercosur costar\u00eda unos $120 millones - Informe Litoral","robots":{"index":"index","follow":"follow","max-snippet":"max-snippet:-1","max-image-preview":"max-image-preview:large","max-video-preview":"max-video-preview:-1"},"canonical":"https:\/\/informelitoral.com.ar\/la-cumbre-del-mercosur-costaria-unos-120-millones\/","og_locale":"es_ES","og_type":"article","og_title":"La Cumbre del Mercosur costar\u00eda unos $120 millones - Informe Litoral","og_description":"Paran&aacute; se prepara a acoger a un encuentro peculiar: una reuni&oacute;n continental de presidentes del Mercosur, entre el 14 y el 18 de diciembre pr&oacute;ximos, c&oacute;nclave en cuya log&iacute;stica la Provincia ya est&aacute; trabajando, en coordinaci&oacute;n con la Canciller&iacute;a, y para lo cual se gastar&iacute;an aproximadamente unos $ 120 millones de pesos, seg&uacute;n una fuente [&hellip;]","og_url":"https:\/\/informelitoral.com.ar\/la-cumbre-del-mercosur-costaria-unos-120-millones\/","og_site_name":"Informe Litoral","article_publisher":"https:\/\/www.facebook.com\/informelitoral\/","article_published_time":"2014-11-11T14:44:44+00:00","og_image":[{"width":640,"height":360,"url":"https:\/\/informelitoral.com.ar\/%77%70%2d%63%6f%6e%74%65%6e%74\/uploads\/2014\/11\/o_1414905574.jpg","type":"image\/jpeg"}],"author":"Gonzalo Schmidt","twitter_card":"summary_large_image","twitter_creator":"@InformeLitoral","twitter_site":"@InformeLitoral","twitter_misc":{"Escrito por":"Gonzalo Schmidt","Tiempo de lectura":"3 minutos"},"schema":{"@context":"https:\/\/schema.org","@graph":[{"@type":"Article","@id":"https:\/\/informelitoral.com.ar\/la-cumbre-del-mercosur-costaria-unos-120-millones\/#article","isPartOf":{"@id":"https:\/\/informelitoral.com.ar\/la-cumbre-del-mercosur-costaria-unos-120-millones\/"},"author":{"name":"Gonzalo Schmidt","@id":"https:\/\/informelitoral.com.ar\/#\/schema\/person\/b9d00407c836482871ef1d57bf8e3180"},"headline":"La Cumbre del Mercosur costar\u00eda unos $120 millones","datePublished":"2014-11-11T14:44:44+00:00","mainEntityOfPage":{"@id":"https:\/\/informelitoral.com.ar\/la-cumbre-del-mercosur-costaria-unos-120-millones\/"},"wordCount":644,"commentCount":0,"publisher":{"@id":"https:\/\/informelitoral.com.ar\/#organization"},"image":{"@id":"https:\/\/informelitoral.com.ar\/la-cumbre-del-mercosur-costaria-unos-120-millones\/#primaryimage"},"thumbnailUrl":"http:\/\/www.isletasnoticias.com.ar\/%77%70%2d%63%6f%6e%74%65%6e%74\/uploads\/2014\/11\/o_1414905574-300x168.jpg","articleSection":["Entre R\u00edos","Politica"],"inLanguage":"es","potentialAction":[{"@type":"CommentAction","name":"Comment","target":["https:\/\/informelitoral.com.ar\/la-cumbre-del-mercosur-costaria-unos-120-millones\/#respond"]}]},{"@type":"WebPage","@id":"https:\/\/informelitoral.com.ar\/la-cumbre-del-mercosur-costaria-unos-120-millones\/","url":"https:\/\/informelitoral.com.ar\/la-cumbre-del-mercosur-costaria-unos-120-millones\/","name":"La Cumbre del Mercosur costar\u00eda unos $120 millones - Informe Litoral","isPartOf":{"@id":"https:\/\/informelitoral.com.ar\/#website"},"primaryImageOfPage":{"@id":"https:\/\/informelitoral.com.ar\/la-cumbre-del-mercosur-costaria-unos-120-millones\/#primaryimage"},"image":{"@id":"https:\/\/informelitoral.com.ar\/la-cumbre-del-mercosur-costaria-unos-120-millones\/#primaryimage"},"thumbnailUrl":"http:\/\/www.isletasnoticias.com.ar\/%77%70%2d%63%6f%6e%74%65%6e%74\/uploads\/2014\/11\/o_1414905574-300x168.jpg","datePublished":"2014-11-11T14:44:44+00:00","breadcrumb":{"@id":"https:\/\/informelitoral.com.ar\/la-cumbre-del-mercosur-costaria-unos-120-millones\/#breadcrumb"},"inLanguage":"es","potentialAction":[{"@type":"ReadAction","target":["https:\/\/informelitoral.com.ar\/la-cumbre-del-mercosur-costaria-unos-120-millones\/"]}]},{"@type":"ImageObject","inLanguage":"es","@id":"https:\/\/informelitoral.com.ar\/la-cumbre-del-mercosur-costaria-unos-120-millones\/#primaryimage","url":"http:\/\/www.isletasnoticias.com.ar\/%77%70%2d%63%6f%6e%74%65%6e%74\/uploads\/2014\/11\/o_1414905574-300x168.jpg","contentUrl":"http:\/\/www.isletasnoticias.com.ar\/%77%70%2d%63%6f%6e%74%65%6e%74\/uploads\/2014\/11\/o_1414905574-300x168.jpg"},{"@type":"BreadcrumbList","@id":"https:\/\/informelitoral.com.ar\/la-cumbre-del-mercosur-costaria-unos-120-millones\/#breadcrumb","itemListElement":[{"@type":"ListItem","position":1,"name":"Portada","item":"https:\/\/informelitoral.com.ar\/"},{"@type":"ListItem","position":2,"name":"La Cumbre del Mercosur costar\u00eda unos $120 millones"}]},{"@type":"WebSite","@id":"https:\/\/informelitoral.com.ar\/#website","url":"https:\/\/informelitoral.com.ar\/","name":"Informe Litoral","description":"&quot;Nos informamos&quot; ","publisher":{"@id":"https:\/\/informelitoral.com.ar\/#organization"},"potentialAction":[{"@type":"SearchAction","target":{"@type":"EntryPoint","urlTemplate":"https:\/\/informelitoral.com.ar\/?s={search_term_string}"},"query-input":{"@type":"PropertyValueSpecification","valueRequired":true,"valueName":"search_term_string"}}],"inLanguage":"es"},{"@type":"Organization","@id":"https:\/\/informelitoral.com.ar\/#organization","name":"Informe Litoral","url":"https:\/\/informelitoral.com.ar\/","logo":{"@type":"ImageObject","inLanguage":"es","@id":"https:\/\/informelitoral.com.ar\/#\/schema\/logo\/image\/","url":"https:\/\/informelitoral.com.ar\/%77%70%2d%63%6f%6e%74%65%6e%74\/uploads\/2021\/01\/circulo.png","contentUrl":"https:\/\/informelitoral.com.ar\/%77%70%2d%63%6f%6e%74%65%6e%74\/uploads\/2021\/01\/circulo.png","width":723,"height":731,"caption":"Informe Litoral"},"image":{"@id":"https:\/\/informelitoral.com.ar\/#\/schema\/logo\/image\/"},"sameAs":["https:\/\/www.facebook.com\/informelitoral\/","https:\/\/x.com\/InformeLitoral","https:\/\/www.instagram.com\/informelitoral\/","https:\/\/www.youtube.com\/channel\/UCua4Qvz8Icb6MYqhoq9xLXw"]},{"@type":"Person","@id":"https:\/\/informelitoral.com.ar\/#\/schema\/person\/b9d00407c836482871ef1d57bf8e3180","name":"Gonzalo Schmidt","image":{"@type":"ImageObject","inLanguage":"es","@id":"https:\/\/secure.gravatar.com\/avatar\/31a1a7b66ff2de83bd0e9fd79d026630d2d99e55e8bfe501287647b4fd9743de?s=96&d=mm&r=g","url":"https:\/\/secure.gravatar.com\/avatar\/31a1a7b66ff2de83bd0e9fd79d026630d2d99e55e8bfe501287647b4fd9743de?s=96&d=mm&r=g","contentUrl":"https:\/\/secure.gravatar.com\/avatar\/31a1a7b66ff2de83bd0e9fd79d026630d2d99e55e8bfe501287647b4fd9743de?s=96&d=mm&r=g","caption":"Gonzalo Schmidt"},"description":"Sitio web de noticias de la provincia de Entre R\u00edos, Argentina. Informaci\u00f3n y entretenimiento. Informe Litoral, nos informamos.","sameAs":["http:\/\/www.isletasnoticias.com.ar"],"url":"https:\/\/informelitoral.com.ar\/author\/gonzalo\/"}]}},"_links":{"self":[{"href":"https:\/\/informelitoral.com.ar\/%77%70%2d%6a%73%6f%6e\/wp\/v2\/posts\/8934","targetHints":{"allow":["GET"]}}],"collection":[{"href":"https:\/\/informelitoral.com.ar\/%77%70%2d%6a%73%6f%6e\/wp\/v2\/posts"}],"about":[{"href":"https:\/\/informelitoral.com.ar\/%77%70%2d%6a%73%6f%6e\/wp\/v2\/types\/post"}],"author":[{"embeddable":true,"href":"https:\/\/informelitoral.com.ar\/%77%70%2d%6a%73%6f%6e\/wp\/v2\/users\/2"}],"replies":[{"embeddable":true,"href":"https:\/\/informelitoral.com.ar\/%77%70%2d%6a%73%6f%6e\/wp\/v2\/comments?post=8934"}],"version-history":[{"count":0,"href":"https:\/\/informelitoral.com.ar\/%77%70%2d%6a%73%6f%6e\/wp\/v2\/posts\/8934\/revisions"}],"wp:attachment":[{"href":"https:\/\/informelitoral.com.ar\/%77%70%2d%6a%73%6f%6e\/wp\/v2\/media?parent=8934"}],"wp:term":[{"taxonomy":"category","embeddable":true,"href":"https:\/\/informelitoral.com.ar\/%77%70%2d%6a%73%6f%6e\/wp\/v2\/categories?post=8934"},{"taxonomy":"post_tag","embeddable":true,"href":"https:\/\/informelitoral.com.ar\/%77%70%2d%6a%73%6f%6e\/wp\/v2\/tags?post=8934"}],"curies":[{"name":"wp","href":"https:\/\/api.w.org\/{rel}","templated":true}]}}